{"id":11306,"date":"2025-11-14T09:16:59","date_gmt":"2025-11-14T08:16:59","guid":{"rendered":"https:\/\/vieassociative.be\/actualites\/luc-frank-le-telescope-einstein-une-opportunite-unique\/"},"modified":"2025-11-14T09:16:59","modified_gmt":"2025-11-14T08:16:59","slug":"luc-frank-le-telescope-einstein-une-opportunite-unique","status":"publish","type":"post","link":"https:\/\/vieassociative.be\/actualites\/luc-frank-le-telescope-einstein-une-opportunite-unique\/","title":{"rendered":"Luc Frank : \u00ab Le t\u00e9lescope Einstein, une opportunit\u00e9 unique \u00bb"},"content":{"rendered":"<p><strong>La chambre a adopt\u00e9 jeudi \u00e0 l&rsquo;unanimit\u00e9 une r\u00e9solution appelant le gouvernement f\u00e9d\u00e9ral \u00e0 soutenir financi\u00e8rement le projet du t\u00e9lescope Einstein. <\/strong><\/p>\n<p><span id=\"more-429637\"><\/span>Le d\u00e9put\u00e9 de l&rsquo;Est de la Belgique Luc Frank (Les Engag\u00e9s-CSP) y voit une opportunit\u00e9 unique pour la Belgique et l&rsquo;ensemble de l&rsquo;Euregio. Les pr\u00e9paratifs pour la construction d\u2019un t\u00e9lescope Einstein battent actuellement leur plein.<\/p>\n<p>Le t\u00e9lescope Einstein est un observatoire souterrain d&rsquo;ondes gravitationnelles qui explorera une partie de l&rsquo;univers. Cela permet de mieux comprendre l\u2019origine de notre univers.<\/p>\n<div id=\"attachment_373970\" class=\"wp-caption alignleft\" style=\"max-width: 225px\"><img fetchpriority=\"high\" decoding=\"async\" class=\"wp-image-373970 size-medium\" src=\"https:\/\/vieassociative.be\/actualites\/wp-content\/uploads\/2025\/11\/Luc-Frank-Le-telescope-Einstein-une-opportunite-unique.jpeg\" alt=\"\" width=\"225\" height=\"300\"  ><\/div>\n<p>Le projet est d\u00e9velopp\u00e9 dans la r\u00e9gion transfrontali\u00e8re des Pays-Bas, de la Belgique et de l&rsquo;Allemagne, car les effets de sol y semblent particuli\u00e8rement bons.<\/p>\n<p>Une r\u00e9solution a \u00e9t\u00e9 adopt\u00e9e \u00e0 la Chambre appelant le gouvernement \u00e0 soutenir le projet.<\/p>\n<p>Luc Frank, fervent partisan du T\u00e9lescope Einstein, reconna\u00eet que la Belgique &#8211; et notamment la R\u00e9gion wallonne &#8211; est fortement impliqu\u00e9e dans le projet, avec plus de 70 partenaires scientifiques et industriels. La Wallonie estime que jusqu&rsquo;\u00e0 80 pour cent des infrastructures pourraient \u00eatre construites sur son territoire.<\/p>\n<p>Il existe actuellement trois candidatures dites s\u00e9rieuses pour la localisation du projet : l&rsquo;Euregio Meuse-Rhin (Belgique-Pays-Bas-Allemagne), la Saxe (Allemagne) et l&rsquo;Italie (Sardaigne).<\/p>\n<p>Frank : \u00ab\u00a0L&rsquo;objectif de la r\u00e9solution est d&rsquo;inciter le gouvernement f\u00e9d\u00e9ral \u00e0 soutenir financi\u00e8rement ce projet. Pour la Belgique et l&rsquo;Euregio Meuse-Rhin, le projet repr\u00e9sente un moteur de d\u00e9veloppement strat\u00e9gique : il favorise l&rsquo;innovation technologique, renforce la coop\u00e9ration entre les universit\u00e9s, les centres de recherche et les PME et soutient la cr\u00e9ation d&#8217;emplois.\u00a0\u00bb<\/p>\n<div id=\"attachment_363393\" class=\"wp-caption alignleft\" style=\"max-width: 300px\"><img decoding=\"async\" class=\"wp-image-363393 size-medium\" src=\"https:\/\/vieassociative.be\/actualites\/wp-content\/uploads\/2024\/11\/1731961059_785_La-DG-multiplie-ses-efforts-pour-localiser-le-telescope-Einstein.jpg\" alt=\"\" width=\"300\" height=\"200\"><\/div>\n<p>La d\u00e9cision finale sur le site devrait \u00eatre prise d&rsquo;ici fin 2026 ou 2027. L&rsquo;Allemagne, les Pays-Bas, la Wallonie et la Flandre ont d\u00e9j\u00e0 annonc\u00e9 leur contribution financi\u00e8re.<\/p>\n<p>Le t\u00e9lescope Einstein sera le premier d\u00e9tecteur d&rsquo;ondes gravitationnelles de troisi\u00e8me g\u00e9n\u00e9ration au monde. Ce t\u00e9lescope est con\u00e7u pour fournir \u00e0 l\u2019humanit\u00e9 une multitude de nouvelles connaissances sur l\u2019\u00e9volution et la structure de l\u2019univers, avec des observations qui les rapprocheront toujours plus du Big Bang.<\/p>\n<p>Le t\u00e9lescope n&rsquo;a pas seulement une grande valeur scientifique, il repr\u00e9sente \u00e9galement un formidable \u00e9lan pour les entreprises innovantes de haute technologie dans les pays concern\u00e9s et dans la r\u00e9gion o\u00f9 il est construit.<\/p>\n<p>Un groupe de travail de Belgique, des Pays-Bas et de Rh\u00e9nanie du Nord-Westphalie pr\u00e9pare une demande pour localiser le t\u00e9lescope dans leur r\u00e9gion frontali\u00e8re commune. Il est pr\u00e9vu ici de construire le t\u00e9lescope \u00e0 250 m\u00e8tres sous terre en forme de triangle dont les extr\u00e9mit\u00e9s sont reli\u00e9es par des bras d\u00e9tecteurs mesurant chacun 10 kilom\u00e8tres de long. (cr\u00e9er)<\/p>\n","protected":false},"excerpt":{"rendered":"<p>La chambre a adopt\u00e9 jeudi \u00e0 l&rsquo;unanimit\u00e9 une r\u00e9solution appelant le gouvernement f\u00e9d\u00e9ral \u00e0 soutenir financi\u00e8rement le projet du t\u00e9lescope Einstein. Le d\u00e9put\u00e9 de l&rsquo;Est<\/p>\n","protected":false},"author":1,"featured_media":2560,"comment_status":"","ping_status":"","sticky":false,"template":"","format":"standard","meta":{"footnotes":""},"categories":[298],"tags":[3290,3671,7036,9240,3289,110,9241],"class_list":["post-11306","post","type-post","status-publish","format-standard","has-post-thumbnail","hentry","category-belgique","tag-einstein","tag-frank","tag-luc","tag-opportunite","tag-telescope","tag-une","tag-unique","generate-columns","tablet-grid-50","mobile-grid-100","grid-parent","grid-33"],"yoast_head":"<!-- This site is optimized with the Yoast SEO plugin v24.0 - https:\/\/yoast.com\/wordpress\/plugins\/seo\/ -->\n<title>Luc Frank : \u00ab Le t\u00e9lescope Einstein, une opportunit\u00e9 unique \u00bb | Vie Associative<\/title>\n<meta name=\"robots\" content=\"index, follow, max-snippet:-1, max-image-preview:large, max-video-preview:-1\" \/>\n<link rel=\"canonical\" href=\"https:\/\/vieassociative.be\/actualites\/luc-frank-le-telescope-einstein-une-opportunite-unique\/\" \/>\n<meta property=\"og:locale\" content=\"fr_FR\" \/>\n<meta property=\"og:type\" content=\"article\" \/>\n<meta property=\"og:title\" content=\"Luc Frank : \u00ab Le t\u00e9lescope Einstein, une opportunit\u00e9 unique \u00bb | Vie Associative\" \/>\n<meta property=\"og:description\" content=\"La chambre a adopt\u00e9 jeudi \u00e0 l&rsquo;unanimit\u00e9 une r\u00e9solution appelant le gouvernement f\u00e9d\u00e9ral \u00e0 soutenir financi\u00e8rement le projet du t\u00e9lescope Einstein. Le d\u00e9put\u00e9 de l&rsquo;Est\" \/>\n<meta property=\"og:url\" content=\"https:\/\/vieassociative.be\/actualites\/luc-frank-le-telescope-einstein-une-opportunite-unique\/\" \/>\n<meta property=\"og:site_name\" content=\"Vie Associative\" \/>\n<meta property=\"article:published_time\" content=\"2025-11-14T08:16:59+00:00\" \/>\n<meta property=\"og:image\" content=\"https:\/\/vieassociative.be\/actualites\/wp-content\/uploads\/2024\/09\/header_backgroundk-01-e1726694325946.png\" \/>\n\t<meta property=\"og:image:width\" content=\"279\" \/>\n\t<meta property=\"og:image:height\" content=\"92\" \/>\n\t<meta property=\"og:image:type\" content=\"image\/png\" \/>\n<meta name=\"author\" content=\"Julien\" \/>\n<meta name=\"twitter:card\" content=\"summary_large_image\" \/>\n<meta name=\"twitter:label1\" content=\"\u00c9crit par\" \/>\n\t<meta name=\"twitter:data1\" content=\"Julien\" \/>\n\t<meta name=\"twitter:label2\" content=\"Dur\u00e9e de lecture est.\" \/>\n\t<meta name=\"twitter:data2\" content=\"2 minutes\" \/>\n<script type=\"application\/ld+json\" class=\"yoast-schema-graph\">{\"@context\":\"https:\/\/schema.org\",\"@graph\":[{\"@type\":\"Article\",\"@id\":\"https:\/\/vieassociative.be\/actualites\/luc-frank-le-telescope-einstein-une-opportunite-unique\/#article\",\"isPartOf\":{\"@id\":\"https:\/\/vieassociative.be\/actualites\/luc-frank-le-telescope-einstein-une-opportunite-unique\/\"},\"author\":{\"name\":\"Julien\",\"@id\":\"https:\/\/vieassociative.be\/actualites\/#\/schema\/person\/b87ac4f82f9d4e7b7cec7395b679edc4\"},\"headline\":\"Luc Frank : \u00ab Le t\u00e9lescope Einstein, une opportunit\u00e9 unique \u00bb\",\"datePublished\":\"2025-11-14T08:16:59+00:00\",\"dateModified\":\"2025-11-14T08:16:59+00:00\",\"mainEntityOfPage\":{\"@id\":\"https:\/\/vieassociative.be\/actualites\/luc-frank-le-telescope-einstein-une-opportunite-unique\/\"},\"wordCount\":483,\"publisher\":{\"@id\":\"https:\/\/vieassociative.be\/actualites\/#organization\"},\"image\":{\"@id\":\"https:\/\/vieassociative.be\/actualites\/luc-frank-le-telescope-einstein-une-opportunite-unique\/#primaryimage\"},\"thumbnailUrl\":\"https:\/\/vieassociative.be\/actualites\/wp-content\/uploads\/2024\/11\/1731961059_La-DG-multiplie-ses-efforts-pour-localiser-le-telescope-Einstein.jpg\",\"keywords\":[\"Einstein\",\"Frank\",\"Luc\",\"opportunit\u00e9\",\"t\u00e9lescope\",\"une\",\"unique\"],\"articleSection\":[\"Belgique\"],\"inLanguage\":\"fr-BE\"},{\"@type\":\"WebPage\",\"@id\":\"https:\/\/vieassociative.be\/actualites\/luc-frank-le-telescope-einstein-une-opportunite-unique\/\",\"url\":\"https:\/\/vieassociative.be\/actualites\/luc-frank-le-telescope-einstein-une-opportunite-unique\/\",\"name\":\"Luc Frank : \u00ab Le t\u00e9lescope Einstein, une opportunit\u00e9 unique \u00bb | Vie Associative\",\"isPartOf\":{\"@id\":\"https:\/\/vieassociative.be\/actualites\/#website\"},\"primaryImageOfPage\":{\"@id\":\"https:\/\/vieassociative.be\/actualites\/luc-frank-le-telescope-einstein-une-opportunite-unique\/#primaryimage\"},\"image\":{\"@id\":\"https:\/\/vieassociative.be\/actualites\/luc-frank-le-telescope-einstein-une-opportunite-unique\/#primaryimage\"},\"thumbnailUrl\":\"https:\/\/vieassociative.be\/actualites\/wp-content\/uploads\/2024\/11\/1731961059_La-DG-multiplie-ses-efforts-pour-localiser-le-telescope-Einstein.jpg\",\"datePublished\":\"2025-11-14T08:16:59+00:00\",\"dateModified\":\"2025-11-14T08:16:59+00:00\",\"breadcrumb\":{\"@id\":\"https:\/\/vieassociative.be\/actualites\/luc-frank-le-telescope-einstein-une-opportunite-unique\/#breadcrumb\"},\"inLanguage\":\"fr-BE\",\"potentialAction\":[{\"@type\":\"ReadAction\",\"target\":[\"https:\/\/vieassociative.be\/actualites\/luc-frank-le-telescope-einstein-une-opportunite-unique\/\"]}]},{\"@type\":\"ImageObject\",\"inLanguage\":\"fr-BE\",\"@id\":\"https:\/\/vieassociative.be\/actualites\/luc-frank-le-telescope-einstein-une-opportunite-unique\/#primaryimage\",\"url\":\"https:\/\/vieassociative.be\/actualites\/wp-content\/uploads\/2024\/11\/1731961059_La-DG-multiplie-ses-efforts-pour-localiser-le-telescope-Einstein.jpg\",\"contentUrl\":\"https:\/\/vieassociative.be\/actualites\/wp-content\/uploads\/2024\/11\/1731961059_La-DG-multiplie-ses-efforts-pour-localiser-le-telescope-Einstein.jpg\",\"width\":1200,\"height\":800,\"caption\":\"La DG multiplie ses efforts pour localiser le t\u00e9lescope Einstein dans l'Euregio Meuse-Rhin\"},{\"@type\":\"BreadcrumbList\",\"@id\":\"https:\/\/vieassociative.be\/actualites\/luc-frank-le-telescope-einstein-une-opportunite-unique\/#breadcrumb\",\"itemListElement\":[{\"@type\":\"ListItem\",\"position\":1,\"name\":\"Accueil\",\"item\":\"https:\/\/vieassociative.be\/actualites\/\"},{\"@type\":\"ListItem\",\"position\":2,\"name\":\"Luc Frank : \u00ab Le t\u00e9lescope Einstein, une opportunit\u00e9 unique \u00bb\"}]},{\"@type\":\"WebSite\",\"@id\":\"https:\/\/vieassociative.be\/actualites\/#website\",\"url\":\"https:\/\/vieassociative.be\/actualites\/\",\"name\":\"Vie Associative\",\"description\":\"\",\"publisher\":{\"@id\":\"https:\/\/vieassociative.be\/actualites\/#organization\"},\"potentialAction\":[{\"@type\":\"SearchAction\",\"target\":{\"@type\":\"EntryPoint\",\"urlTemplate\":\"https:\/\/vieassociative.be\/actualites\/?s={search_term_string}\"},\"query-input\":{\"@type\":\"PropertyValueSpecification\",\"valueRequired\":true,\"valueName\":\"search_term_string\"}}],\"inLanguage\":\"fr-BE\"},{\"@type\":\"Organization\",\"@id\":\"https:\/\/vieassociative.be\/actualites\/#organization\",\"name\":\"Vie Associative\",\"url\":\"https:\/\/vieassociative.be\/actualites\/\",\"logo\":{\"@type\":\"ImageObject\",\"inLanguage\":\"fr-BE\",\"@id\":\"https:\/\/vieassociative.be\/actualites\/#\/schema\/logo\/image\/\",\"url\":\"https:\/\/vieassociative.be\/actualites\/wp-content\/uploads\/2024\/09\/cropped-vieassociative_favicon.ico.png\",\"contentUrl\":\"https:\/\/vieassociative.be\/actualites\/wp-content\/uploads\/2024\/09\/cropped-vieassociative_favicon.ico.png\",\"width\":512,\"height\":512,\"caption\":\"Vie Associative\"},\"image\":{\"@id\":\"https:\/\/vieassociative.be\/actualites\/#\/schema\/logo\/image\/\"}},{\"@type\":\"Person\",\"@id\":\"https:\/\/vieassociative.be\/actualites\/#\/schema\/person\/b87ac4f82f9d4e7b7cec7395b679edc4\",\"name\":\"Julien\",\"image\":{\"@type\":\"ImageObject\",\"inLanguage\":\"fr-BE\",\"@id\":\"https:\/\/vieassociative.be\/actualites\/#\/schema\/person\/image\/\",\"url\":\"https:\/\/vieassociative.be\/actualites\/wp-content\/uploads\/2024\/09\/vie-associative-1-150x150.jpg\",\"contentUrl\":\"https:\/\/vieassociative.be\/actualites\/wp-content\/uploads\/2024\/09\/vie-associative-1-150x150.jpg\",\"caption\":\"Julien\"},\"description\":\"Je suis Julien, r\u00e9dacteur pour Vie Associative. Passionn\u00e9 par le monde associatif depuis plus de 10 ans, j'ai \u00e0 c\u0153ur de partager des histoires inspirantes et de mettre en lumi\u00e8re les initiatives locales. Mon objectif est de sensibiliser et d'encourager l'engagement communautaire \u00e0 travers mes articles.\",\"sameAs\":[\"https:\/\/vieassociative.be\/\"]}]}<\/script>\n<!-- \/ Yoast SEO plugin. -->","yoast_head_json":{"title":"Luc Frank : \u00ab Le t\u00e9lescope Einstein, une opportunit\u00e9 unique \u00bb | Vie Associative","robots":{"index":"index","follow":"follow","max-snippet":"max-snippet:-1","max-image-preview":"max-image-preview:large","max-video-preview":"max-video-preview:-1"},"canonical":"https:\/\/vieassociative.be\/actualites\/luc-frank-le-telescope-einstein-une-opportunite-unique\/","og_locale":"fr_FR","og_type":"article","og_title":"Luc Frank : \u00ab Le t\u00e9lescope Einstein, une opportunit\u00e9 unique \u00bb | Vie Associative","og_description":"La chambre a adopt\u00e9 jeudi \u00e0 l&rsquo;unanimit\u00e9 une r\u00e9solution appelant le gouvernement f\u00e9d\u00e9ral \u00e0 soutenir financi\u00e8rement le projet du t\u00e9lescope Einstein. Le d\u00e9put\u00e9 de l&rsquo;Est","og_url":"https:\/\/vieassociative.be\/actualites\/luc-frank-le-telescope-einstein-une-opportunite-unique\/","og_site_name":"Vie Associative","article_published_time":"2025-11-14T08:16:59+00:00","og_image":[{"width":279,"height":92,"url":"https:\/\/vieassociative.be\/actualites\/wp-content\/uploads\/2024\/09\/header_backgroundk-01-e1726694325946.png","type":"image\/png"}],"author":"Julien","twitter_card":"summary_large_image","twitter_misc":{"\u00c9crit par":"Julien","Dur\u00e9e de lecture est.":"2 minutes"},"schema":{"@context":"https:\/\/schema.org","@graph":[{"@type":"Article","@id":"https:\/\/vieassociative.be\/actualites\/luc-frank-le-telescope-einstein-une-opportunite-unique\/#article","isPartOf":{"@id":"https:\/\/vieassociative.be\/actualites\/luc-frank-le-telescope-einstein-une-opportunite-unique\/"},"author":{"name":"Julien","@id":"https:\/\/vieassociative.be\/actualites\/#\/schema\/person\/b87ac4f82f9d4e7b7cec7395b679edc4"},"headline":"Luc Frank : \u00ab Le t\u00e9lescope Einstein, une opportunit\u00e9 unique \u00bb","datePublished":"2025-11-14T08:16:59+00:00","dateModified":"2025-11-14T08:16:59+00:00","mainEntityOfPage":{"@id":"https:\/\/vieassociative.be\/actualites\/luc-frank-le-telescope-einstein-une-opportunite-unique\/"},"wordCount":483,"publisher":{"@id":"https:\/\/vieassociative.be\/actualites\/#organization"},"image":{"@id":"https:\/\/vieassociative.be\/actualites\/luc-frank-le-telescope-einstein-une-opportunite-unique\/#primaryimage"},"thumbnailUrl":"https:\/\/vieassociative.be\/actualites\/wp-content\/uploads\/2024\/11\/1731961059_La-DG-multiplie-ses-efforts-pour-localiser-le-telescope-Einstein.jpg","keywords":["Einstein","Frank","Luc","opportunit\u00e9","t\u00e9lescope","une","unique"],"articleSection":["Belgique"],"inLanguage":"fr-BE"},{"@type":"WebPage","@id":"https:\/\/vieassociative.be\/actualites\/luc-frank-le-telescope-einstein-une-opportunite-unique\/","url":"https:\/\/vieassociative.be\/actualites\/luc-frank-le-telescope-einstein-une-opportunite-unique\/","name":"Luc Frank : \u00ab Le t\u00e9lescope Einstein, une opportunit\u00e9 unique \u00bb | Vie Associative","isPartOf":{"@id":"https:\/\/vieassociative.be\/actualites\/#website"},"primaryImageOfPage":{"@id":"https:\/\/vieassociative.be\/actualites\/luc-frank-le-telescope-einstein-une-opportunite-unique\/#primaryimage"},"image":{"@id":"https:\/\/vieassociative.be\/actualites\/luc-frank-le-telescope-einstein-une-opportunite-unique\/#primaryimage"},"thumbnailUrl":"https:\/\/vieassociative.be\/actualites\/wp-content\/uploads\/2024\/11\/1731961059_La-DG-multiplie-ses-efforts-pour-localiser-le-telescope-Einstein.jpg","datePublished":"2025-11-14T08:16:59+00:00","dateModified":"2025-11-14T08:16:59+00:00","breadcrumb":{"@id":"https:\/\/vieassociative.be\/actualites\/luc-frank-le-telescope-einstein-une-opportunite-unique\/#breadcrumb"},"inLanguage":"fr-BE","potentialAction":[{"@type":"ReadAction","target":["https:\/\/vieassociative.be\/actualites\/luc-frank-le-telescope-einstein-une-opportunite-unique\/"]}]},{"@type":"ImageObject","inLanguage":"fr-BE","@id":"https:\/\/vieassociative.be\/actualites\/luc-frank-le-telescope-einstein-une-opportunite-unique\/#primaryimage","url":"https:\/\/vieassociative.be\/actualites\/wp-content\/uploads\/2024\/11\/1731961059_La-DG-multiplie-ses-efforts-pour-localiser-le-telescope-Einstein.jpg","contentUrl":"https:\/\/vieassociative.be\/actualites\/wp-content\/uploads\/2024\/11\/1731961059_La-DG-multiplie-ses-efforts-pour-localiser-le-telescope-Einstein.jpg","width":1200,"height":800,"caption":"La DG multiplie ses efforts pour localiser le t\u00e9lescope Einstein dans l'Euregio Meuse-Rhin"},{"@type":"BreadcrumbList","@id":"https:\/\/vieassociative.be\/actualites\/luc-frank-le-telescope-einstein-une-opportunite-unique\/#breadcrumb","itemListElement":[{"@type":"ListItem","position":1,"name":"Accueil","item":"https:\/\/vieassociative.be\/actualites\/"},{"@type":"ListItem","position":2,"name":"Luc Frank : \u00ab Le t\u00e9lescope Einstein, une opportunit\u00e9 unique \u00bb"}]},{"@type":"WebSite","@id":"https:\/\/vieassociative.be\/actualites\/#website","url":"https:\/\/vieassociative.be\/actualites\/","name":"Vie Associative","description":"","publisher":{"@id":"https:\/\/vieassociative.be\/actualites\/#organization"},"potentialAction":[{"@type":"SearchAction","target":{"@type":"EntryPoint","urlTemplate":"https:\/\/vieassociative.be\/actualites\/?s={search_term_string}"},"query-input":{"@type":"PropertyValueSpecification","valueRequired":true,"valueName":"search_term_string"}}],"inLanguage":"fr-BE"},{"@type":"Organization","@id":"https:\/\/vieassociative.be\/actualites\/#organization","name":"Vie Associative","url":"https:\/\/vieassociative.be\/actualites\/","logo":{"@type":"ImageObject","inLanguage":"fr-BE","@id":"https:\/\/vieassociative.be\/actualites\/#\/schema\/logo\/image\/","url":"https:\/\/vieassociative.be\/actualites\/wp-content\/uploads\/2024\/09\/cropped-vieassociative_favicon.ico.png","contentUrl":"https:\/\/vieassociative.be\/actualites\/wp-content\/uploads\/2024\/09\/cropped-vieassociative_favicon.ico.png","width":512,"height":512,"caption":"Vie Associative"},"image":{"@id":"https:\/\/vieassociative.be\/actualites\/#\/schema\/logo\/image\/"}},{"@type":"Person","@id":"https:\/\/vieassociative.be\/actualites\/#\/schema\/person\/b87ac4f82f9d4e7b7cec7395b679edc4","name":"Julien","image":{"@type":"ImageObject","inLanguage":"fr-BE","@id":"https:\/\/vieassociative.be\/actualites\/#\/schema\/person\/image\/","url":"https:\/\/vieassociative.be\/actualites\/wp-content\/uploads\/2024\/09\/vie-associative-1-150x150.jpg","contentUrl":"https:\/\/vieassociative.be\/actualites\/wp-content\/uploads\/2024\/09\/vie-associative-1-150x150.jpg","caption":"Julien"},"description":"Je suis Julien, r\u00e9dacteur pour Vie Associative. Passionn\u00e9 par le monde associatif depuis plus de 10 ans, j'ai \u00e0 c\u0153ur de partager des histoires inspirantes et de mettre en lumi\u00e8re les initiatives locales. Mon objectif est de sensibiliser et d'encourager l'engagement communautaire \u00e0 travers mes articles.","sameAs":["https:\/\/vieassociative.be\/"]}]}},"_links":{"self":[{"href":"https:\/\/vieassociative.be\/actualites\/wp-json\/wp\/v2\/posts\/11306"}],"collection":[{"href":"https:\/\/vieassociative.be\/actualites\/wp-json\/wp\/v2\/posts"}],"about":[{"href":"https:\/\/vieassociative.be\/actualites\/wp-json\/wp\/v2\/types\/post"}],"author":[{"embeddable":true,"href":"https:\/\/vieassociative.be\/actualites\/wp-json\/wp\/v2\/users\/1"}],"replies":[{"embeddable":true,"href":"https:\/\/vieassociative.be\/actualites\/wp-json\/wp\/v2\/comments?post=11306"}],"version-history":[{"count":0,"href":"https:\/\/vieassociative.be\/actualites\/wp-json\/wp\/v2\/posts\/11306\/revisions"}],"wp:featuredmedia":[{"embeddable":true,"href":"https:\/\/vieassociative.be\/actualites\/wp-json\/wp\/v2\/media\/2560"}],"wp:attachment":[{"href":"https:\/\/vieassociative.be\/actualites\/wp-json\/wp\/v2\/media?parent=11306"}],"wp:term":[{"taxonomy":"category","embeddable":true,"href":"https:\/\/vieassociative.be\/actualites\/wp-json\/wp\/v2\/categories?post=11306"},{"taxonomy":"post_tag","embeddable":true,"href":"https:\/\/vieassociative.be\/actualites\/wp-json\/wp\/v2\/tags?post=11306"}],"curies":[{"name":"wp","href":"https:\/\/api.w.org\/{rel}","templated":true}]}}