{"id":113,"date":"2024-09-19T16:27:10","date_gmt":"2024-09-19T14:27:10","guid":{"rendered":"https:\/\/vieassociative.be\/actualites\/votre-ordinateur-portable-ou-pc-windows-peut-egalement-servir-de-point-dacces-wi-fi\/"},"modified":"2024-09-19T16:27:10","modified_gmt":"2024-09-19T14:27:10","slug":"votre-ordinateur-portable-ou-pc-windows-peut-egalement-servir-de-point-dacces-wi-fi","status":"publish","type":"post","link":"https:\/\/vieassociative.be\/actualites\/votre-ordinateur-portable-ou-pc-windows-peut-egalement-servir-de-point-dacces-wi-fi\/","title":{"rendered":"Votre ordinateur portable ou PC Windows peut \u00e9galement servir de point d&rsquo;acc\u00e8s Wi-Fi"},"content":{"rendered":"<div class=\"mt-4 leading-6 md:mb-8\">Windows 11 peut vous aider \u00e0 connecter vos autres appareils \u00e0 Internet.<\/div>\n<p><\/p>\n<p>Il vous faudra passer beaucoup de temps \u00e0 explorer Windows avant d&rsquo;atteindre la fin de toutes les fonctionnalit\u00e9s et fonctions qu&rsquo;il a \u00e0 offrir. L&rsquo;une des capacit\u00e9s les moins connues du syst\u00e8me d&rsquo;exploitation est sa capacit\u00e9 \u00e0 agir comme un point d&rsquo;acc\u00e8s Wi-Fi, afin que d&rsquo;autres appareils puissent s&rsquo;y connecter et se connecter en ligne via la m\u00eame connexion r\u00e9seau.<\/p>\n<p>Il existe de nombreuses situations dans lesquelles cela peut s&rsquo;av\u00e9rer utile. Vous voyagez peut-\u00eatre et votre ordinateur portable est connect\u00e9 \u00e0 un r\u00e9seau cellulaire. Dans ce cas, vous pouvez cr\u00e9er un point d&rsquo;acc\u00e8s et connecter \u00e9galement votre tablette et votre Kindle, qui ne disposent pas de connectivit\u00e9 cellulaire.<\/p>\n<p>Ou peut-\u00eatre avez-vous du mal \u00e0 int\u00e9grer le Wi-Fi dans tous les coins de votre maison : votre ordinateur portable ou de bureau peut servir d&rsquo;extension, partageant une connexion Wi-Fi ou Ethernet avec tout ce qui l&rsquo;entoure et allant au-del\u00e0 de la port\u00e9e du routeur que vous avez install\u00e9.<\/p>\n<p>Il y a un petit probl\u00e8me en ce qui concerne le sc\u00e9nario d&rsquo;extension Wi-Fi, car le r\u00e9seau de points d&rsquo;acc\u00e8s cr\u00e9\u00e9 par Windows sera distinct de celui cr\u00e9\u00e9 par votre routeur (vous aurez donc deux r\u00e9seaux Wi-Fi \u00e0 la maison, pas un seul), mais ce n&rsquo;est pas trop g\u00eanant et cela ne nuit certainement pas aux avantages de cette op\u00e9ration.<\/p>\n<h2 id=\"how-to-create-a-hotspot-on-windows\">Comment cr\u00e9er un point d&rsquo;acc\u00e8s sous Windows<\/h2>\n<div class=\"eloquent-imagery-image\">\n<div class=\"flex justify-center\">\n<img decoding=\"async\" class=\"border border-gray-100\" src=\"https:\/\/vieassociative.be\/actualites\/wp-content\/uploads\/2024\/09\/Votre-ordinateur-portable-ou-PC-Windows-peut-egalement-servir-de.jpg\" alt=\"Point d'acc\u00e8s Windows 11\" width=\"2000\" height=\"1125\" loading=\"lazy\"  >\n<\/div>\n<\/div>\n<p>Ouvrez Param\u00e8tres depuis le menu D\u00e9marrer, puis choisissez <strong>R\u00e9seau et internet<\/strong> et <strong>Point d&rsquo;acc\u00e8s mobile<\/strong>. De la <strong>Partager ma connexion Internet depuis<\/strong> Dans le menu d\u00e9roulant, vous pouvez choisir laquelle des connexions Internet de votre ordinateur vous souhaitez utiliser comme base du point d&rsquo;acc\u00e8s : vous n&rsquo;en avez peut-\u00eatre qu&rsquo;une seule, mais il est possible que votre ordinateur portable ou de bureau soit connect\u00e9 \u00e0 la fois au Wi-Fi et \u00e0 Ethernet, par exemple.<\/p>\n<p>Cliquez <strong>Partager sur<\/strong> pour d\u00e9finir la mani\u00e8re dont la connexion Internet est partag\u00e9e\u00a0: le Wi-Fi sera le meilleur choix dans la plupart des sc\u00e9narios, mais vous pouvez \u00e9galement partager l&rsquo;acc\u00e8s en ligne via Bluetooth si vous en avez besoin. Juste en dessous, il y a un interrupteur \u00e0 bascule pour activer ou d\u00e9sactiver l&rsquo;\u00e9conomie d&rsquo;\u00e9nergie. S&rsquo;il est activ\u00e9, le point d&rsquo;acc\u00e8s s&rsquo;\u00e9teint automatiquement apr\u00e8s un certain temps si aucun appareil n&rsquo;est connect\u00e9.<\/p>\n<p>Sous le <strong>Propri\u00e9t\u00e9s<\/strong> en haut, vous verrez les d\u00e9tails du point d&rsquo;acc\u00e8s Wi-Fi que vous cr\u00e9ez (cliquez sur la petite fl\u00e8che \u00e0 droite s&rsquo;ils ne sont pas d\u00e9j\u00e0 visibles). Cliquez sur <strong>Modifier<\/strong> pour d\u00e9finir votre propre nom de r\u00e9seau et mot de passe, ou vous pouvez laisser les valeurs par d\u00e9faut en place. Vous aurez besoin de ces informations pour connecter d&rsquo;autres appareils. Sur certains PC, en fonction de votre mat\u00e9riel, vous aurez \u00e9galement le choix de diffuser le r\u00e9seau sur la bande 2,4 GHz, plus lente et \u00e0 plus longue port\u00e9e, ou sur la bande 5 GHz, plus rapide et \u00e0 plus courte port\u00e9e.<\/p>\n<p>Il ne reste plus qu&rsquo;\u00e0 allumer le <strong>Point d&rsquo;acc\u00e8s mobile<\/strong> Basculez le commutateur en haut de la fen\u00eatre et votre point d&rsquo;acc\u00e8s Wi-Fi est activ\u00e9. Vous pouvez alors connecter d&rsquo;autres appareils \u00e0 l&rsquo;aide des informations de connexion que vous avez d\u00e9j\u00e0 sp\u00e9cifi\u00e9es. Que vous souhaitiez connecter davantage d&rsquo;appareils dans une chambre d&rsquo;h\u00f4tel sans avoir \u00e0 les enregistrer individuellement ou que vous souhaitiez \u00e9tendre la couverture Wi-Fi jusqu&rsquo;au grenier fini, cette fonctionnalit\u00e9 Windows pourrait vous \u00eatre plus utile que vous ne le pensiez \u00e0 l&rsquo;origine.<\/p>\n","protected":false},"excerpt":{"rendered":"<p>Windows 11 peut vous aider \u00e0 connecter vos autres appareils \u00e0 Internet. Il vous faudra passer beaucoup de temps \u00e0 explorer Windows avant d&rsquo;atteindre la<\/p>\n","protected":false},"author":1,"featured_media":114,"comment_status":"","ping_status":"","sticky":false,"template":"","format":"standard","meta":{"footnotes":""},"categories":[13],"tags":[175,172,169,22,174,170,173,8,176,171],"class_list":["post-113","post","type-post","status-publish","format-standard","has-post-thumbnail","hentry","category-technologie","tag-dacces","tag-egalement","tag-ordinateur","tag-peut","tag-point","tag-portable","tag-servir","tag-votre","tag-wifi","tag-windows","generate-columns","tablet-grid-50","mobile-grid-100","grid-parent","grid-33"],"yoast_head":"<!-- This site is optimized with the Yoast SEO plugin v24.0 - https:\/\/yoast.com\/wordpress\/plugins\/seo\/ -->\n<title>Votre ordinateur portable ou PC Windows peut \u00e9galement servir de point d&#039;acc\u00e8s Wi-Fi | Vie Associative<\/title>\n<meta name=\"robots\" content=\"index, follow, max-snippet:-1, max-image-preview:large, max-video-preview:-1\" \/>\n<link rel=\"canonical\" href=\"https:\/\/vieassociative.be\/actualites\/votre-ordinateur-portable-ou-pc-windows-peut-egalement-servir-de-point-dacces-wi-fi\/\" \/>\n<meta property=\"og:locale\" content=\"fr_FR\" \/>\n<meta property=\"og:type\" content=\"article\" \/>\n<meta property=\"og:title\" content=\"Votre ordinateur portable ou PC Windows peut \u00e9galement servir de point d&#039;acc\u00e8s Wi-Fi | Vie Associative\" \/>\n<meta property=\"og:description\" content=\"Windows 11 peut vous aider \u00e0 connecter vos autres appareils \u00e0 Internet. Il vous faudra passer beaucoup de temps \u00e0 explorer Windows avant d&rsquo;atteindre la\" \/>\n<meta property=\"og:url\" content=\"https:\/\/vieassociative.be\/actualites\/votre-ordinateur-portable-ou-pc-windows-peut-egalement-servir-de-point-dacces-wi-fi\/\" \/>\n<meta property=\"og:site_name\" content=\"Vie Associative\" \/>\n<meta property=\"article:published_time\" content=\"2024-09-19T14:27:10+00:00\" \/>\n<meta property=\"og:image\" content=\"https:\/\/vieassociative.be\/actualites\/wp-content\/uploads\/2024\/09\/Votre-ordinateur-portable-ou-PC-Windows-peut-egalement-servir-de.jpg\" \/>\n<meta name=\"author\" content=\"Julien\" \/>\n<meta name=\"twitter:card\" content=\"summary_large_image\" \/>\n<meta name=\"twitter:label1\" content=\"\u00c9crit par\" \/>\n\t<meta name=\"twitter:data1\" content=\"Julien\" \/>\n\t<meta name=\"twitter:label2\" content=\"Dur\u00e9e de lecture est.\" \/>\n\t<meta name=\"twitter:data2\" content=\"3 minutes\" \/>\n<script type=\"application\/ld+json\" class=\"yoast-schema-graph\">{\"@context\":\"https:\/\/schema.org\",\"@graph\":[{\"@type\":\"Article\",\"@id\":\"https:\/\/vieassociative.be\/actualites\/votre-ordinateur-portable-ou-pc-windows-peut-egalement-servir-de-point-dacces-wi-fi\/#article\",\"isPartOf\":{\"@id\":\"https:\/\/vieassociative.be\/actualites\/votre-ordinateur-portable-ou-pc-windows-peut-egalement-servir-de-point-dacces-wi-fi\/\"},\"author\":{\"name\":\"Julien\",\"@id\":\"https:\/\/vieassociative.be\/actualites\/#\/schema\/person\/b87ac4f82f9d4e7b7cec7395b679edc4\"},\"headline\":\"Votre ordinateur portable ou PC Windows peut \u00e9galement servir de point d&rsquo;acc\u00e8s Wi-Fi\",\"datePublished\":\"2024-09-19T14:27:10+00:00\",\"dateModified\":\"2024-09-19T14:27:10+00:00\",\"mainEntityOfPage\":{\"@id\":\"https:\/\/vieassociative.be\/actualites\/votre-ordinateur-portable-ou-pc-windows-peut-egalement-servir-de-point-dacces-wi-fi\/\"},\"wordCount\":660,\"publisher\":{\"@id\":\"https:\/\/vieassociative.be\/actualites\/#organization\"},\"image\":{\"@id\":\"https:\/\/vieassociative.be\/actualites\/votre-ordinateur-portable-ou-pc-windows-peut-egalement-servir-de-point-dacces-wi-fi\/#primaryimage\"},\"thumbnailUrl\":\"https:\/\/vieassociative.be\/actualites\/wp-content\/uploads\/2024\/09\/Votre-ordinateur-portable-ou-PC-Windows-peut-egalement-servir-de.png\",\"keywords\":[\"dacc\u00e8s\",\"\u00e9galement\",\"ordinateur\",\"peut\",\"point\",\"portable\",\"servir\",\"votre\",\"WiFi\",\"Windows\"],\"articleSection\":[\"Technologie\"],\"inLanguage\":\"fr-BE\"},{\"@type\":\"WebPage\",\"@id\":\"https:\/\/vieassociative.be\/actualites\/votre-ordinateur-portable-ou-pc-windows-peut-egalement-servir-de-point-dacces-wi-fi\/\",\"url\":\"https:\/\/vieassociative.be\/actualites\/votre-ordinateur-portable-ou-pc-windows-peut-egalement-servir-de-point-dacces-wi-fi\/\",\"name\":\"Votre ordinateur portable ou PC Windows peut \u00e9galement servir de point d'acc\u00e8s Wi-Fi | Vie Associative\",\"isPartOf\":{\"@id\":\"https:\/\/vieassociative.be\/actualites\/#website\"},\"primaryImageOfPage\":{\"@id\":\"https:\/\/vieassociative.be\/actualites\/votre-ordinateur-portable-ou-pc-windows-peut-egalement-servir-de-point-dacces-wi-fi\/#primaryimage\"},\"image\":{\"@id\":\"https:\/\/vieassociative.be\/actualites\/votre-ordinateur-portable-ou-pc-windows-peut-egalement-servir-de-point-dacces-wi-fi\/#primaryimage\"},\"thumbnailUrl\":\"https:\/\/vieassociative.be\/actualites\/wp-content\/uploads\/2024\/09\/Votre-ordinateur-portable-ou-PC-Windows-peut-egalement-servir-de.png\",\"datePublished\":\"2024-09-19T14:27:10+00:00\",\"dateModified\":\"2024-09-19T14:27:10+00:00\",\"breadcrumb\":{\"@id\":\"https:\/\/vieassociative.be\/actualites\/votre-ordinateur-portable-ou-pc-windows-peut-egalement-servir-de-point-dacces-wi-fi\/#breadcrumb\"},\"inLanguage\":\"fr-BE\",\"potentialAction\":[{\"@type\":\"ReadAction\",\"target\":[\"https:\/\/vieassociative.be\/actualites\/votre-ordinateur-portable-ou-pc-windows-peut-egalement-servir-de-point-dacces-wi-fi\/\"]}]},{\"@type\":\"ImageObject\",\"inLanguage\":\"fr-BE\",\"@id\":\"https:\/\/vieassociative.be\/actualites\/votre-ordinateur-portable-ou-pc-windows-peut-egalement-servir-de-point-dacces-wi-fi\/#primaryimage\",\"url\":\"https:\/\/vieassociative.be\/actualites\/wp-content\/uploads\/2024\/09\/Votre-ordinateur-portable-ou-PC-Windows-peut-egalement-servir-de.png\",\"contentUrl\":\"https:\/\/vieassociative.be\/actualites\/wp-content\/uploads\/2024\/09\/Votre-ordinateur-portable-ou-PC-Windows-peut-egalement-servir-de.png\",\"width\":1200,\"height\":675,\"caption\":\"Votre ordinateur portable ou PC Windows peut \u00e9galement servir de point d'acc\u00e8s Wi-Fi\"},{\"@type\":\"BreadcrumbList\",\"@id\":\"https:\/\/vieassociative.be\/actualites\/votre-ordinateur-portable-ou-pc-windows-peut-egalement-servir-de-point-dacces-wi-fi\/#breadcrumb\",\"itemListElement\":[{\"@type\":\"ListItem\",\"position\":1,\"name\":\"Accueil\",\"item\":\"https:\/\/vieassociative.be\/actualites\/\"},{\"@type\":\"ListItem\",\"position\":2,\"name\":\"Votre ordinateur portable ou PC Windows peut \u00e9galement servir de point d&rsquo;acc\u00e8s Wi-Fi\"}]},{\"@type\":\"WebSite\",\"@id\":\"https:\/\/vieassociative.be\/actualites\/#website\",\"url\":\"https:\/\/vieassociative.be\/actualites\/\",\"name\":\"Vie Associative\",\"description\":\"\",\"publisher\":{\"@id\":\"https:\/\/vieassociative.be\/actualites\/#organization\"},\"potentialAction\":[{\"@type\":\"SearchAction\",\"target\":{\"@type\":\"EntryPoint\",\"urlTemplate\":\"https:\/\/vieassociative.be\/actualites\/?s={search_term_string}\"},\"query-input\":{\"@type\":\"PropertyValueSpecification\",\"valueRequired\":true,\"valueName\":\"search_term_string\"}}],\"inLanguage\":\"fr-BE\"},{\"@type\":\"Organization\",\"@id\":\"https:\/\/vieassociative.be\/actualites\/#organization\",\"name\":\"Vie Associative\",\"url\":\"https:\/\/vieassociative.be\/actualites\/\",\"logo\":{\"@type\":\"ImageObject\",\"inLanguage\":\"fr-BE\",\"@id\":\"https:\/\/vieassociative.be\/actualites\/#\/schema\/logo\/image\/\",\"url\":\"https:\/\/vieassociative.be\/actualites\/wp-content\/uploads\/2024\/09\/cropped-vieassociative_favicon.ico.png\",\"contentUrl\":\"https:\/\/vieassociative.be\/actualites\/wp-content\/uploads\/2024\/09\/cropped-vieassociative_favicon.ico.png\",\"width\":512,\"height\":512,\"caption\":\"Vie Associative\"},\"image\":{\"@id\":\"https:\/\/vieassociative.be\/actualites\/#\/schema\/logo\/image\/\"}},{\"@type\":\"Person\",\"@id\":\"https:\/\/vieassociative.be\/actualites\/#\/schema\/person\/b87ac4f82f9d4e7b7cec7395b679edc4\",\"name\":\"Julien\",\"image\":{\"@type\":\"ImageObject\",\"inLanguage\":\"fr-BE\",\"@id\":\"https:\/\/vieassociative.be\/actualites\/#\/schema\/person\/image\/\",\"url\":\"https:\/\/vieassociative.be\/actualites\/wp-content\/uploads\/2024\/09\/vie-associative-1-150x150.jpg\",\"contentUrl\":\"https:\/\/vieassociative.be\/actualites\/wp-content\/uploads\/2024\/09\/vie-associative-1-150x150.jpg\",\"caption\":\"Julien\"},\"description\":\"Je suis Julien, r\u00e9dacteur pour Vie Associative. Passionn\u00e9 par le monde associatif depuis plus de 10 ans, j'ai \u00e0 c\u0153ur de partager des histoires inspirantes et de mettre en lumi\u00e8re les initiatives locales. Mon objectif est de sensibiliser et d'encourager l'engagement communautaire \u00e0 travers mes articles.\",\"sameAs\":[\"https:\/\/vieassociative.be\/\"]}]}<\/script>\n<!-- \/ Yoast SEO plugin. -->","yoast_head_json":{"title":"Votre ordinateur portable ou PC Windows peut \u00e9galement servir de point d'acc\u00e8s Wi-Fi | Vie Associative","robots":{"index":"index","follow":"follow","max-snippet":"max-snippet:-1","max-image-preview":"max-image-preview:large","max-video-preview":"max-video-preview:-1"},"canonical":"https:\/\/vieassociative.be\/actualites\/votre-ordinateur-portable-ou-pc-windows-peut-egalement-servir-de-point-dacces-wi-fi\/","og_locale":"fr_FR","og_type":"article","og_title":"Votre ordinateur portable ou PC Windows peut \u00e9galement servir de point d'acc\u00e8s Wi-Fi | Vie Associative","og_description":"Windows 11 peut vous aider \u00e0 connecter vos autres appareils \u00e0 Internet. Il vous faudra passer beaucoup de temps \u00e0 explorer Windows avant d&rsquo;atteindre la","og_url":"https:\/\/vieassociative.be\/actualites\/votre-ordinateur-portable-ou-pc-windows-peut-egalement-servir-de-point-dacces-wi-fi\/","og_site_name":"Vie Associative","article_published_time":"2024-09-19T14:27:10+00:00","og_image":[{"url":"https:\/\/vieassociative.be\/actualites\/wp-content\/uploads\/2024\/09\/Votre-ordinateur-portable-ou-PC-Windows-peut-egalement-servir-de.jpg","type":"","width":"","height":""}],"author":"Julien","twitter_card":"summary_large_image","twitter_misc":{"\u00c9crit par":"Julien","Dur\u00e9e de lecture est.":"3 minutes"},"schema":{"@context":"https:\/\/schema.org","@graph":[{"@type":"Article","@id":"https:\/\/vieassociative.be\/actualites\/votre-ordinateur-portable-ou-pc-windows-peut-egalement-servir-de-point-dacces-wi-fi\/#article","isPartOf":{"@id":"https:\/\/vieassociative.be\/actualites\/votre-ordinateur-portable-ou-pc-windows-peut-egalement-servir-de-point-dacces-wi-fi\/"},"author":{"name":"Julien","@id":"https:\/\/vieassociative.be\/actualites\/#\/schema\/person\/b87ac4f82f9d4e7b7cec7395b679edc4"},"headline":"Votre ordinateur portable ou PC Windows peut \u00e9galement servir de point d&rsquo;acc\u00e8s Wi-Fi","datePublished":"2024-09-19T14:27:10+00:00","dateModified":"2024-09-19T14:27:10+00:00","mainEntityOfPage":{"@id":"https:\/\/vieassociative.be\/actualites\/votre-ordinateur-portable-ou-pc-windows-peut-egalement-servir-de-point-dacces-wi-fi\/"},"wordCount":660,"publisher":{"@id":"https:\/\/vieassociative.be\/actualites\/#organization"},"image":{"@id":"https:\/\/vieassociative.be\/actualites\/votre-ordinateur-portable-ou-pc-windows-peut-egalement-servir-de-point-dacces-wi-fi\/#primaryimage"},"thumbnailUrl":"https:\/\/vieassociative.be\/actualites\/wp-content\/uploads\/2024\/09\/Votre-ordinateur-portable-ou-PC-Windows-peut-egalement-servir-de.png","keywords":["dacc\u00e8s","\u00e9galement","ordinateur","peut","point","portable","servir","votre","WiFi","Windows"],"articleSection":["Technologie"],"inLanguage":"fr-BE"},{"@type":"WebPage","@id":"https:\/\/vieassociative.be\/actualites\/votre-ordinateur-portable-ou-pc-windows-peut-egalement-servir-de-point-dacces-wi-fi\/","url":"https:\/\/vieassociative.be\/actualites\/votre-ordinateur-portable-ou-pc-windows-peut-egalement-servir-de-point-dacces-wi-fi\/","name":"Votre ordinateur portable ou PC Windows peut \u00e9galement servir de point d'acc\u00e8s Wi-Fi | Vie Associative","isPartOf":{"@id":"https:\/\/vieassociative.be\/actualites\/#website"},"primaryImageOfPage":{"@id":"https:\/\/vieassociative.be\/actualites\/votre-ordinateur-portable-ou-pc-windows-peut-egalement-servir-de-point-dacces-wi-fi\/#primaryimage"},"image":{"@id":"https:\/\/vieassociative.be\/actualites\/votre-ordinateur-portable-ou-pc-windows-peut-egalement-servir-de-point-dacces-wi-fi\/#primaryimage"},"thumbnailUrl":"https:\/\/vieassociative.be\/actualites\/wp-content\/uploads\/2024\/09\/Votre-ordinateur-portable-ou-PC-Windows-peut-egalement-servir-de.png","datePublished":"2024-09-19T14:27:10+00:00","dateModified":"2024-09-19T14:27:10+00:00","breadcrumb":{"@id":"https:\/\/vieassociative.be\/actualites\/votre-ordinateur-portable-ou-pc-windows-peut-egalement-servir-de-point-dacces-wi-fi\/#breadcrumb"},"inLanguage":"fr-BE","potentialAction":[{"@type":"ReadAction","target":["https:\/\/vieassociative.be\/actualites\/votre-ordinateur-portable-ou-pc-windows-peut-egalement-servir-de-point-dacces-wi-fi\/"]}]},{"@type":"ImageObject","inLanguage":"fr-BE","@id":"https:\/\/vieassociative.be\/actualites\/votre-ordinateur-portable-ou-pc-windows-peut-egalement-servir-de-point-dacces-wi-fi\/#primaryimage","url":"https:\/\/vieassociative.be\/actualites\/wp-content\/uploads\/2024\/09\/Votre-ordinateur-portable-ou-PC-Windows-peut-egalement-servir-de.png","contentUrl":"https:\/\/vieassociative.be\/actualites\/wp-content\/uploads\/2024\/09\/Votre-ordinateur-portable-ou-PC-Windows-peut-egalement-servir-de.png","width":1200,"height":675,"caption":"Votre ordinateur portable ou PC Windows peut \u00e9galement servir de point d'acc\u00e8s Wi-Fi"},{"@type":"BreadcrumbList","@id":"https:\/\/vieassociative.be\/actualites\/votre-ordinateur-portable-ou-pc-windows-peut-egalement-servir-de-point-dacces-wi-fi\/#breadcrumb","itemListElement":[{"@type":"ListItem","position":1,"name":"Accueil","item":"https:\/\/vieassociative.be\/actualites\/"},{"@type":"ListItem","position":2,"name":"Votre ordinateur portable ou PC Windows peut \u00e9galement servir de point d&rsquo;acc\u00e8s Wi-Fi"}]},{"@type":"WebSite","@id":"https:\/\/vieassociative.be\/actualites\/#website","url":"https:\/\/vieassociative.be\/actualites\/","name":"Vie Associative","description":"","publisher":{"@id":"https:\/\/vieassociative.be\/actualites\/#organization"},"potentialAction":[{"@type":"SearchAction","target":{"@type":"EntryPoint","urlTemplate":"https:\/\/vieassociative.be\/actualites\/?s={search_term_string}"},"query-input":{"@type":"PropertyValueSpecification","valueRequired":true,"valueName":"search_term_string"}}],"inLanguage":"fr-BE"},{"@type":"Organization","@id":"https:\/\/vieassociative.be\/actualites\/#organization","name":"Vie Associative","url":"https:\/\/vieassociative.be\/actualites\/","logo":{"@type":"ImageObject","inLanguage":"fr-BE","@id":"https:\/\/vieassociative.be\/actualites\/#\/schema\/logo\/image\/","url":"https:\/\/vieassociative.be\/actualites\/wp-content\/uploads\/2024\/09\/cropped-vieassociative_favicon.ico.png","contentUrl":"https:\/\/vieassociative.be\/actualites\/wp-content\/uploads\/2024\/09\/cropped-vieassociative_favicon.ico.png","width":512,"height":512,"caption":"Vie Associative"},"image":{"@id":"https:\/\/vieassociative.be\/actualites\/#\/schema\/logo\/image\/"}},{"@type":"Person","@id":"https:\/\/vieassociative.be\/actualites\/#\/schema\/person\/b87ac4f82f9d4e7b7cec7395b679edc4","name":"Julien","image":{"@type":"ImageObject","inLanguage":"fr-BE","@id":"https:\/\/vieassociative.be\/actualites\/#\/schema\/person\/image\/","url":"https:\/\/vieassociative.be\/actualites\/wp-content\/uploads\/2024\/09\/vie-associative-1-150x150.jpg","contentUrl":"https:\/\/vieassociative.be\/actualites\/wp-content\/uploads\/2024\/09\/vie-associative-1-150x150.jpg","caption":"Julien"},"description":"Je suis Julien, r\u00e9dacteur pour Vie Associative. Passionn\u00e9 par le monde associatif depuis plus de 10 ans, j'ai \u00e0 c\u0153ur de partager des histoires inspirantes et de mettre en lumi\u00e8re les initiatives locales. Mon objectif est de sensibiliser et d'encourager l'engagement communautaire \u00e0 travers mes articles.","sameAs":["https:\/\/vieassociative.be\/"]}]}},"_links":{"self":[{"href":"https:\/\/vieassociative.be\/actualites\/wp-json\/wp\/v2\/posts\/113"}],"collection":[{"href":"https:\/\/vieassociative.be\/actualites\/wp-json\/wp\/v2\/posts"}],"about":[{"href":"https:\/\/vieassociative.be\/actualites\/wp-json\/wp\/v2\/types\/post"}],"author":[{"embeddable":true,"href":"https:\/\/vieassociative.be\/actualites\/wp-json\/wp\/v2\/users\/1"}],"replies":[{"embeddable":true,"href":"https:\/\/vieassociative.be\/actualites\/wp-json\/wp\/v2\/comments?post=113"}],"version-history":[{"count":0,"href":"https:\/\/vieassociative.be\/actualites\/wp-json\/wp\/v2\/posts\/113\/revisions"}],"wp:featuredmedia":[{"embeddable":true,"href":"https:\/\/vieassociative.be\/actualites\/wp-json\/wp\/v2\/media\/114"}],"wp:attachment":[{"href":"https:\/\/vieassociative.be\/actualites\/wp-json\/wp\/v2\/media?parent=113"}],"wp:term":[{"taxonomy":"category","embeddable":true,"href":"https:\/\/vieassociative.be\/actualites\/wp-json\/wp\/v2\/categories?post=113"},{"taxonomy":"post_tag","embeddable":true,"href":"https:\/\/vieassociative.be\/actualites\/wp-json\/wp\/v2\/tags?post=113"}],"curies":[{"name":"wp","href":"https:\/\/api.w.org\/{rel}","templated":true}]}}