{"id":11298,"date":"2025-11-14T03:17:35","date_gmt":"2025-11-14T02:17:35","guid":{"rendered":"https:\/\/vieassociative.be\/actualites\/tournage-au-barrage-deupen-weser-jusqua-samedi-meme-les-coups-de-feu-peuvent-etre-entendus\/"},"modified":"2025-11-14T03:17:35","modified_gmt":"2025-11-14T02:17:35","slug":"tournage-au-barrage-deupen-weser-jusqua-samedi-meme-les-coups-de-feu-peuvent-etre-entendus","status":"publish","type":"post","link":"https:\/\/vieassociative.be\/actualites\/tournage-au-barrage-deupen-weser-jusqua-samedi-meme-les-coups-de-feu-peuvent-etre-entendus\/","title":{"rendered":"Tournage au barrage d&rsquo;Eupen Weser jusqu&rsquo;\u00e0 samedi \u2013 m\u00eame les coups de feu peuvent \u00eatre entendus"},"content":{"rendered":"<p><strong>Le tournage du film aura lieu du 13 au 15 novembre 2025 au barrage d&rsquo;Eupen Weser. La production est r\u00e9alis\u00e9e par la soci\u00e9t\u00e9 CZAR Film &#038; TV.<\/strong><\/p>\n<p><span id=\"more-429614\"><\/span>Les premiers pr\u00e9paratifs ont \u00e9t\u00e9 effectu\u00e9s jeudi 13 novembre. Le vendredi 14 novembre, la route de Langesthaln au niveau du barrage sera ferm\u00e9e. Une d\u00e9viation sera mise en place via la route en aval du barrage. Il peut \u00e9galement y avoir des restrictions sur l&rsquo;utilisation du parking du centre d&rsquo;accueil pendant cette p\u00e9riode.<\/p>\n<p>Le public est \u00e9galement inform\u00e9 que des coups de feu seront entendus pendant le tournage.<\/p>\n<p>Le coll\u00e8ge communautaire tient \u00e0 remercier tous les citoyens pour leur compr\u00e9hension et leur consid\u00e9ration \u00e0 l&rsquo;\u00e9gard de la signalisation.<\/p>\n<p><em><strong>Vous trouverez ci-dessous quelques photos du photographe Patrick von Staufenberg des pr\u00e9paratifs effectu\u00e9s jeudi sur la barri\u00e8re :<\/strong><\/em><\/p>\n<p><img fetchpriority=\"high\" decoding=\"async\" class=\"alignnone size-medium wp-image-429622\" src=\"https:\/\/vieassociative.be\/actualites\/wp-content\/uploads\/2025\/11\/Tournage-au-barrage-dEupen-Weser-jusqua-samedi-\u2013-meme-les.jpg\" alt=\"\" width=\"300\" height=\"200\"  ><\/p>\n<p><img decoding=\"async\" class=\"alignnone size-medium wp-image-429623\" src=\"https:\/\/vieassociative.be\/actualites\/wp-content\/uploads\/2025\/11\/1763086655_832_Tournage-au-barrage-dEupen-Weser-jusqua-samedi-\u2013-meme-les.jpg\" alt=\"\" width=\"300\" height=\"200\"  ><\/p>\n<p><img decoding=\"async\" class=\"alignnone size-medium wp-image-429624\" src=\"https:\/\/vieassociative.be\/actualites\/wp-content\/uploads\/2025\/11\/1763086655_706_Tournage-au-barrage-dEupen-Weser-jusqua-samedi-\u2013-meme-les.jpg\" alt=\"\" width=\"300\" height=\"200\"  ><\/p>\n<p><img loading=\"lazy\" decoding=\"async\" class=\"alignnone size-medium wp-image-429625\" src=\"https:\/\/vieassociative.be\/actualites\/wp-content\/uploads\/2025\/11\/1763086655_514_Tournage-au-barrage-dEupen-Weser-jusqua-samedi-\u2013-meme-les.jpg\" alt=\"\" width=\"300\" height=\"200\"  ><\/p>\n","protected":false},"excerpt":{"rendered":"<p>Le tournage du film aura lieu du 13 au 15 novembre 2025 au barrage d&rsquo;Eupen Weser. La production est r\u00e9alis\u00e9e par la soci\u00e9t\u00e9 CZAR Film<\/p>\n","protected":false},"author":1,"featured_media":11299,"comment_status":"","ping_status":"","sticky":false,"template":"","format":"standard","meta":{"footnotes":""},"categories":[298],"tags":[3129,5179,2403,9238,23,2114,1269,14,891,293,355,9237,3130],"class_list":["post-11298","post","type-post","status-publish","format-standard","has-post-thumbnail","hentry","category-belgique","tag-barrage","tag-coups","tag-deupen","tag-entendus","tag-etre","tag-feu","tag-jusqua","tag-les","tag-meme","tag-peuvent","tag-samedi","tag-tournage","tag-weser","generate-columns","tablet-grid-50","mobile-grid-100","grid-parent","grid-33"],"yoast_head":"<!-- This site is optimized with the Yoast SEO plugin v24.0 - https:\/\/yoast.com\/wordpress\/plugins\/seo\/ -->\n<title>Tournage au barrage d&#039;Eupen Weser jusqu&#039;\u00e0 samedi \u2013 m\u00eame les coups de feu peuvent \u00eatre entendus | Vie Associative<\/title>\n<meta name=\"robots\" content=\"index, follow, max-snippet:-1, max-image-preview:large, max-video-preview:-1\" \/>\n<link rel=\"canonical\" href=\"https:\/\/vieassociative.be\/actualites\/tournage-au-barrage-deupen-weser-jusqua-samedi-meme-les-coups-de-feu-peuvent-etre-entendus\/\" \/>\n<meta property=\"og:locale\" content=\"fr_FR\" \/>\n<meta property=\"og:type\" content=\"article\" \/>\n<meta property=\"og:title\" content=\"Tournage au barrage d&#039;Eupen Weser jusqu&#039;\u00e0 samedi \u2013 m\u00eame les coups de feu peuvent \u00eatre entendus | Vie Associative\" \/>\n<meta property=\"og:description\" content=\"Le tournage du film aura lieu du 13 au 15 novembre 2025 au barrage d&rsquo;Eupen Weser. La production est r\u00e9alis\u00e9e par la soci\u00e9t\u00e9 CZAR Film\" \/>\n<meta property=\"og:url\" content=\"https:\/\/vieassociative.be\/actualites\/tournage-au-barrage-deupen-weser-jusqua-samedi-meme-les-coups-de-feu-peuvent-etre-entendus\/\" \/>\n<meta property=\"og:site_name\" content=\"Vie Associative\" \/>\n<meta property=\"article:published_time\" content=\"2025-11-14T02:17:35+00:00\" \/>\n<meta property=\"og:image\" content=\"https:\/\/vieassociative.be\/actualites\/wp-content\/uploads\/2024\/09\/header_backgroundk-01-e1726694325946.png\" \/>\n\t<meta property=\"og:image:width\" content=\"279\" \/>\n\t<meta property=\"og:image:height\" content=\"92\" \/>\n\t<meta property=\"og:image:type\" content=\"image\/png\" \/>\n<meta name=\"author\" content=\"Julien\" \/>\n<meta name=\"twitter:card\" content=\"summary_large_image\" \/>\n<meta name=\"twitter:label1\" content=\"\u00c9crit par\" \/>\n\t<meta name=\"twitter:data1\" content=\"Julien\" \/>\n\t<meta name=\"twitter:label2\" content=\"Dur\u00e9e de lecture est.\" \/>\n\t<meta name=\"twitter:data2\" content=\"1 minute\" \/>\n<script type=\"application\/ld+json\" class=\"yoast-schema-graph\">{\"@context\":\"https:\/\/schema.org\",\"@graph\":[{\"@type\":\"Article\",\"@id\":\"https:\/\/vieassociative.be\/actualites\/tournage-au-barrage-deupen-weser-jusqua-samedi-meme-les-coups-de-feu-peuvent-etre-entendus\/#article\",\"isPartOf\":{\"@id\":\"https:\/\/vieassociative.be\/actualites\/tournage-au-barrage-deupen-weser-jusqua-samedi-meme-les-coups-de-feu-peuvent-etre-entendus\/\"},\"author\":{\"name\":\"Julien\",\"@id\":\"https:\/\/vieassociative.be\/actualites\/#\/schema\/person\/b87ac4f82f9d4e7b7cec7395b679edc4\"},\"headline\":\"Tournage au barrage d&rsquo;Eupen Weser jusqu&rsquo;\u00e0 samedi \u2013 m\u00eame les coups de feu peuvent \u00eatre entendus\",\"datePublished\":\"2025-11-14T02:17:35+00:00\",\"dateModified\":\"2025-11-14T02:17:35+00:00\",\"mainEntityOfPage\":{\"@id\":\"https:\/\/vieassociative.be\/actualites\/tournage-au-barrage-deupen-weser-jusqua-samedi-meme-les-coups-de-feu-peuvent-etre-entendus\/\"},\"wordCount\":159,\"publisher\":{\"@id\":\"https:\/\/vieassociative.be\/actualites\/#organization\"},\"image\":{\"@id\":\"https:\/\/vieassociative.be\/actualites\/tournage-au-barrage-deupen-weser-jusqua-samedi-meme-les-coups-de-feu-peuvent-etre-entendus\/#primaryimage\"},\"thumbnailUrl\":\"https:\/\/vieassociative.be\/actualites\/wp-content\/uploads\/2025\/11\/1763086655_Tournage-au-barrage-dEupen-Weser-jusqua-samedi-\u2013-meme-les.jpg\",\"keywords\":[\"barrage\",\"coups\",\"dEupen\",\"entendus\",\"\u00eatre\",\"feu\",\"jusqu\u00e0\",\"Les\",\"m\u00eame\",\"peuvent\",\"samedi\",\"Tournage\",\"Weser\"],\"articleSection\":[\"Belgique\"],\"inLanguage\":\"fr-BE\"},{\"@type\":\"WebPage\",\"@id\":\"https:\/\/vieassociative.be\/actualites\/tournage-au-barrage-deupen-weser-jusqua-samedi-meme-les-coups-de-feu-peuvent-etre-entendus\/\",\"url\":\"https:\/\/vieassociative.be\/actualites\/tournage-au-barrage-deupen-weser-jusqua-samedi-meme-les-coups-de-feu-peuvent-etre-entendus\/\",\"name\":\"Tournage au barrage d'Eupen Weser jusqu'\u00e0 samedi \u2013 m\u00eame les coups de feu peuvent \u00eatre entendus | Vie Associative\",\"isPartOf\":{\"@id\":\"https:\/\/vieassociative.be\/actualites\/#website\"},\"primaryImageOfPage\":{\"@id\":\"https:\/\/vieassociative.be\/actualites\/tournage-au-barrage-deupen-weser-jusqua-samedi-meme-les-coups-de-feu-peuvent-etre-entendus\/#primaryimage\"},\"image\":{\"@id\":\"https:\/\/vieassociative.be\/actualites\/tournage-au-barrage-deupen-weser-jusqua-samedi-meme-les-coups-de-feu-peuvent-etre-entendus\/#primaryimage\"},\"thumbnailUrl\":\"https:\/\/vieassociative.be\/actualites\/wp-content\/uploads\/2025\/11\/1763086655_Tournage-au-barrage-dEupen-Weser-jusqua-samedi-\u2013-meme-les.jpg\",\"datePublished\":\"2025-11-14T02:17:35+00:00\",\"dateModified\":\"2025-11-14T02:17:35+00:00\",\"breadcrumb\":{\"@id\":\"https:\/\/vieassociative.be\/actualites\/tournage-au-barrage-deupen-weser-jusqua-samedi-meme-les-coups-de-feu-peuvent-etre-entendus\/#breadcrumb\"},\"inLanguage\":\"fr-BE\",\"potentialAction\":[{\"@type\":\"ReadAction\",\"target\":[\"https:\/\/vieassociative.be\/actualites\/tournage-au-barrage-deupen-weser-jusqua-samedi-meme-les-coups-de-feu-peuvent-etre-entendus\/\"]}]},{\"@type\":\"ImageObject\",\"inLanguage\":\"fr-BE\",\"@id\":\"https:\/\/vieassociative.be\/actualites\/tournage-au-barrage-deupen-weser-jusqua-samedi-meme-les-coups-de-feu-peuvent-etre-entendus\/#primaryimage\",\"url\":\"https:\/\/vieassociative.be\/actualites\/wp-content\/uploads\/2025\/11\/1763086655_Tournage-au-barrage-dEupen-Weser-jusqua-samedi-\u2013-meme-les.jpg\",\"contentUrl\":\"https:\/\/vieassociative.be\/actualites\/wp-content\/uploads\/2025\/11\/1763086655_Tournage-au-barrage-dEupen-Weser-jusqua-samedi-\u2013-meme-les.jpg\",\"width\":1200,\"height\":800,\"caption\":\"Tournage au barrage d'Eupen Weser jusqu'\u00e0 samedi \u2013 m\u00eame les coups de feu peuvent \u00eatre entendus\"},{\"@type\":\"BreadcrumbList\",\"@id\":\"https:\/\/vieassociative.be\/actualites\/tournage-au-barrage-deupen-weser-jusqua-samedi-meme-les-coups-de-feu-peuvent-etre-entendus\/#breadcrumb\",\"itemListElement\":[{\"@type\":\"ListItem\",\"position\":1,\"name\":\"Accueil\",\"item\":\"https:\/\/vieassociative.be\/actualites\/\"},{\"@type\":\"ListItem\",\"position\":2,\"name\":\"Tournage au barrage d&rsquo;Eupen Weser jusqu&rsquo;\u00e0 samedi \u2013 m\u00eame les coups de feu peuvent \u00eatre entendus\"}]},{\"@type\":\"WebSite\",\"@id\":\"https:\/\/vieassociative.be\/actualites\/#website\",\"url\":\"https:\/\/vieassociative.be\/actualites\/\",\"name\":\"Vie Associative\",\"description\":\"\",\"publisher\":{\"@id\":\"https:\/\/vieassociative.be\/actualites\/#organization\"},\"potentialAction\":[{\"@type\":\"SearchAction\",\"target\":{\"@type\":\"EntryPoint\",\"urlTemplate\":\"https:\/\/vieassociative.be\/actualites\/?s={search_term_string}\"},\"query-input\":{\"@type\":\"PropertyValueSpecification\",\"valueRequired\":true,\"valueName\":\"search_term_string\"}}],\"inLanguage\":\"fr-BE\"},{\"@type\":\"Organization\",\"@id\":\"https:\/\/vieassociative.be\/actualites\/#organization\",\"name\":\"Vie Associative\",\"url\":\"https:\/\/vieassociative.be\/actualites\/\",\"logo\":{\"@type\":\"ImageObject\",\"inLanguage\":\"fr-BE\",\"@id\":\"https:\/\/vieassociative.be\/actualites\/#\/schema\/logo\/image\/\",\"url\":\"https:\/\/vieassociative.be\/actualites\/wp-content\/uploads\/2024\/09\/cropped-vieassociative_favicon.ico.png\",\"contentUrl\":\"https:\/\/vieassociative.be\/actualites\/wp-content\/uploads\/2024\/09\/cropped-vieassociative_favicon.ico.png\",\"width\":512,\"height\":512,\"caption\":\"Vie Associative\"},\"image\":{\"@id\":\"https:\/\/vieassociative.be\/actualites\/#\/schema\/logo\/image\/\"}},{\"@type\":\"Person\",\"@id\":\"https:\/\/vieassociative.be\/actualites\/#\/schema\/person\/b87ac4f82f9d4e7b7cec7395b679edc4\",\"name\":\"Julien\",\"image\":{\"@type\":\"ImageObject\",\"inLanguage\":\"fr-BE\",\"@id\":\"https:\/\/vieassociative.be\/actualites\/#\/schema\/person\/image\/\",\"url\":\"https:\/\/vieassociative.be\/actualites\/wp-content\/uploads\/2024\/09\/vie-associative-1-150x150.jpg\",\"contentUrl\":\"https:\/\/vieassociative.be\/actualites\/wp-content\/uploads\/2024\/09\/vie-associative-1-150x150.jpg\",\"caption\":\"Julien\"},\"description\":\"Je suis Julien, r\u00e9dacteur pour Vie Associative. Passionn\u00e9 par le monde associatif depuis plus de 10 ans, j'ai \u00e0 c\u0153ur de partager des histoires inspirantes et de mettre en lumi\u00e8re les initiatives locales. Mon objectif est de sensibiliser et d'encourager l'engagement communautaire \u00e0 travers mes articles.\",\"sameAs\":[\"https:\/\/vieassociative.be\/\"]}]}<\/script>\n<!-- \/ Yoast SEO plugin. -->","yoast_head_json":{"title":"Tournage au barrage d'Eupen Weser jusqu'\u00e0 samedi \u2013 m\u00eame les coups de feu peuvent \u00eatre entendus | Vie Associative","robots":{"index":"index","follow":"follow","max-snippet":"max-snippet:-1","max-image-preview":"max-image-preview:large","max-video-preview":"max-video-preview:-1"},"canonical":"https:\/\/vieassociative.be\/actualites\/tournage-au-barrage-deupen-weser-jusqua-samedi-meme-les-coups-de-feu-peuvent-etre-entendus\/","og_locale":"fr_FR","og_type":"article","og_title":"Tournage au barrage d'Eupen Weser jusqu'\u00e0 samedi \u2013 m\u00eame les coups de feu peuvent \u00eatre entendus | Vie Associative","og_description":"Le tournage du film aura lieu du 13 au 15 novembre 2025 au barrage d&rsquo;Eupen Weser. La production est r\u00e9alis\u00e9e par la soci\u00e9t\u00e9 CZAR Film","og_url":"https:\/\/vieassociative.be\/actualites\/tournage-au-barrage-deupen-weser-jusqua-samedi-meme-les-coups-de-feu-peuvent-etre-entendus\/","og_site_name":"Vie Associative","article_published_time":"2025-11-14T02:17:35+00:00","og_image":[{"width":279,"height":92,"url":"https:\/\/vieassociative.be\/actualites\/wp-content\/uploads\/2024\/09\/header_backgroundk-01-e1726694325946.png","type":"image\/png"}],"author":"Julien","twitter_card":"summary_large_image","twitter_misc":{"\u00c9crit par":"Julien","Dur\u00e9e de lecture est.":"1 minute"},"schema":{"@context":"https:\/\/schema.org","@graph":[{"@type":"Article","@id":"https:\/\/vieassociative.be\/actualites\/tournage-au-barrage-deupen-weser-jusqua-samedi-meme-les-coups-de-feu-peuvent-etre-entendus\/#article","isPartOf":{"@id":"https:\/\/vieassociative.be\/actualites\/tournage-au-barrage-deupen-weser-jusqua-samedi-meme-les-coups-de-feu-peuvent-etre-entendus\/"},"author":{"name":"Julien","@id":"https:\/\/vieassociative.be\/actualites\/#\/schema\/person\/b87ac4f82f9d4e7b7cec7395b679edc4"},"headline":"Tournage au barrage d&rsquo;Eupen Weser jusqu&rsquo;\u00e0 samedi \u2013 m\u00eame les coups de feu peuvent \u00eatre entendus","datePublished":"2025-11-14T02:17:35+00:00","dateModified":"2025-11-14T02:17:35+00:00","mainEntityOfPage":{"@id":"https:\/\/vieassociative.be\/actualites\/tournage-au-barrage-deupen-weser-jusqua-samedi-meme-les-coups-de-feu-peuvent-etre-entendus\/"},"wordCount":159,"publisher":{"@id":"https:\/\/vieassociative.be\/actualites\/#organization"},"image":{"@id":"https:\/\/vieassociative.be\/actualites\/tournage-au-barrage-deupen-weser-jusqua-samedi-meme-les-coups-de-feu-peuvent-etre-entendus\/#primaryimage"},"thumbnailUrl":"https:\/\/vieassociative.be\/actualites\/wp-content\/uploads\/2025\/11\/1763086655_Tournage-au-barrage-dEupen-Weser-jusqua-samedi-\u2013-meme-les.jpg","keywords":["barrage","coups","dEupen","entendus","\u00eatre","feu","jusqu\u00e0","Les","m\u00eame","peuvent","samedi","Tournage","Weser"],"articleSection":["Belgique"],"inLanguage":"fr-BE"},{"@type":"WebPage","@id":"https:\/\/vieassociative.be\/actualites\/tournage-au-barrage-deupen-weser-jusqua-samedi-meme-les-coups-de-feu-peuvent-etre-entendus\/","url":"https:\/\/vieassociative.be\/actualites\/tournage-au-barrage-deupen-weser-jusqua-samedi-meme-les-coups-de-feu-peuvent-etre-entendus\/","name":"Tournage au barrage d'Eupen Weser jusqu'\u00e0 samedi \u2013 m\u00eame les coups de feu peuvent \u00eatre entendus | Vie Associative","isPartOf":{"@id":"https:\/\/vieassociative.be\/actualites\/#website"},"primaryImageOfPage":{"@id":"https:\/\/vieassociative.be\/actualites\/tournage-au-barrage-deupen-weser-jusqua-samedi-meme-les-coups-de-feu-peuvent-etre-entendus\/#primaryimage"},"image":{"@id":"https:\/\/vieassociative.be\/actualites\/tournage-au-barrage-deupen-weser-jusqua-samedi-meme-les-coups-de-feu-peuvent-etre-entendus\/#primaryimage"},"thumbnailUrl":"https:\/\/vieassociative.be\/actualites\/wp-content\/uploads\/2025\/11\/1763086655_Tournage-au-barrage-dEupen-Weser-jusqua-samedi-\u2013-meme-les.jpg","datePublished":"2025-11-14T02:17:35+00:00","dateModified":"2025-11-14T02:17:35+00:00","breadcrumb":{"@id":"https:\/\/vieassociative.be\/actualites\/tournage-au-barrage-deupen-weser-jusqua-samedi-meme-les-coups-de-feu-peuvent-etre-entendus\/#breadcrumb"},"inLanguage":"fr-BE","potentialAction":[{"@type":"ReadAction","target":["https:\/\/vieassociative.be\/actualites\/tournage-au-barrage-deupen-weser-jusqua-samedi-meme-les-coups-de-feu-peuvent-etre-entendus\/"]}]},{"@type":"ImageObject","inLanguage":"fr-BE","@id":"https:\/\/vieassociative.be\/actualites\/tournage-au-barrage-deupen-weser-jusqua-samedi-meme-les-coups-de-feu-peuvent-etre-entendus\/#primaryimage","url":"https:\/\/vieassociative.be\/actualites\/wp-content\/uploads\/2025\/11\/1763086655_Tournage-au-barrage-dEupen-Weser-jusqua-samedi-\u2013-meme-les.jpg","contentUrl":"https:\/\/vieassociative.be\/actualites\/wp-content\/uploads\/2025\/11\/1763086655_Tournage-au-barrage-dEupen-Weser-jusqua-samedi-\u2013-meme-les.jpg","width":1200,"height":800,"caption":"Tournage au barrage d'Eupen Weser jusqu'\u00e0 samedi \u2013 m\u00eame les coups de feu peuvent \u00eatre entendus"},{"@type":"BreadcrumbList","@id":"https:\/\/vieassociative.be\/actualites\/tournage-au-barrage-deupen-weser-jusqua-samedi-meme-les-coups-de-feu-peuvent-etre-entendus\/#breadcrumb","itemListElement":[{"@type":"ListItem","position":1,"name":"Accueil","item":"https:\/\/vieassociative.be\/actualites\/"},{"@type":"ListItem","position":2,"name":"Tournage au barrage d&rsquo;Eupen Weser jusqu&rsquo;\u00e0 samedi \u2013 m\u00eame les coups de feu peuvent \u00eatre entendus"}]},{"@type":"WebSite","@id":"https:\/\/vieassociative.be\/actualites\/#website","url":"https:\/\/vieassociative.be\/actualites\/","name":"Vie Associative","description":"","publisher":{"@id":"https:\/\/vieassociative.be\/actualites\/#organization"},"potentialAction":[{"@type":"SearchAction","target":{"@type":"EntryPoint","urlTemplate":"https:\/\/vieassociative.be\/actualites\/?s={search_term_string}"},"query-input":{"@type":"PropertyValueSpecification","valueRequired":true,"valueName":"search_term_string"}}],"inLanguage":"fr-BE"},{"@type":"Organization","@id":"https:\/\/vieassociative.be\/actualites\/#organization","name":"Vie Associative","url":"https:\/\/vieassociative.be\/actualites\/","logo":{"@type":"ImageObject","inLanguage":"fr-BE","@id":"https:\/\/vieassociative.be\/actualites\/#\/schema\/logo\/image\/","url":"https:\/\/vieassociative.be\/actualites\/wp-content\/uploads\/2024\/09\/cropped-vieassociative_favicon.ico.png","contentUrl":"https:\/\/vieassociative.be\/actualites\/wp-content\/uploads\/2024\/09\/cropped-vieassociative_favicon.ico.png","width":512,"height":512,"caption":"Vie Associative"},"image":{"@id":"https:\/\/vieassociative.be\/actualites\/#\/schema\/logo\/image\/"}},{"@type":"Person","@id":"https:\/\/vieassociative.be\/actualites\/#\/schema\/person\/b87ac4f82f9d4e7b7cec7395b679edc4","name":"Julien","image":{"@type":"ImageObject","inLanguage":"fr-BE","@id":"https:\/\/vieassociative.be\/actualites\/#\/schema\/person\/image\/","url":"https:\/\/vieassociative.be\/actualites\/wp-content\/uploads\/2024\/09\/vie-associative-1-150x150.jpg","contentUrl":"https:\/\/vieassociative.be\/actualites\/wp-content\/uploads\/2024\/09\/vie-associative-1-150x150.jpg","caption":"Julien"},"description":"Je suis Julien, r\u00e9dacteur pour Vie Associative. Passionn\u00e9 par le monde associatif depuis plus de 10 ans, j'ai \u00e0 c\u0153ur de partager des histoires inspirantes et de mettre en lumi\u00e8re les initiatives locales. Mon objectif est de sensibiliser et d'encourager l'engagement communautaire \u00e0 travers mes articles.","sameAs":["https:\/\/vieassociative.be\/"]}]}},"_links":{"self":[{"href":"https:\/\/vieassociative.be\/actualites\/wp-json\/wp\/v2\/posts\/11298"}],"collection":[{"href":"https:\/\/vieassociative.be\/actualites\/wp-json\/wp\/v2\/posts"}],"about":[{"href":"https:\/\/vieassociative.be\/actualites\/wp-json\/wp\/v2\/types\/post"}],"author":[{"embeddable":true,"href":"https:\/\/vieassociative.be\/actualites\/wp-json\/wp\/v2\/users\/1"}],"replies":[{"embeddable":true,"href":"https:\/\/vieassociative.be\/actualites\/wp-json\/wp\/v2\/comments?post=11298"}],"version-history":[{"count":0,"href":"https:\/\/vieassociative.be\/actualites\/wp-json\/wp\/v2\/posts\/11298\/revisions"}],"wp:featuredmedia":[{"embeddable":true,"href":"https:\/\/vieassociative.be\/actualites\/wp-json\/wp\/v2\/media\/11299"}],"wp:attachment":[{"href":"https:\/\/vieassociative.be\/actualites\/wp-json\/wp\/v2\/media?parent=11298"}],"wp:term":[{"taxonomy":"category","embeddable":true,"href":"https:\/\/vieassociative.be\/actualites\/wp-json\/wp\/v2\/categories?post=11298"},{"taxonomy":"post_tag","embeddable":true,"href":"https:\/\/vieassociative.be\/actualites\/wp-json\/wp\/v2\/tags?post=11298"}],"curies":[{"name":"wp","href":"https:\/\/api.w.org\/{rel}","templated":true}]}}