{"id":11294,"date":"2025-11-13T20:17:50","date_gmt":"2025-11-13T19:17:50","guid":{"rendered":"https:\/\/vieassociative.be\/actualites\/je-teste-des-montres-intelligentes-et-des-trackers-de-fitness-et-ce-sont-les-prix-que-vous-devriez-surveiller-lors-du-black-friday\/"},"modified":"2025-11-13T20:17:50","modified_gmt":"2025-11-13T19:17:50","slug":"je-teste-des-montres-intelligentes-et-des-trackers-de-fitness-et-ce-sont-les-prix-que-vous-devriez-surveiller-lors-du-black-friday","status":"publish","type":"post","link":"https:\/\/vieassociative.be\/actualites\/je-teste-des-montres-intelligentes-et-des-trackers-de-fitness-et-ce-sont-les-prix-que-vous-devriez-surveiller-lors-du-black-friday\/","title":{"rendered":"Je teste des montres intelligentes et des trackers de fitness, et ce sont les prix que vous devriez surveiller lors du Black Friday"},"content":{"rendered":"<div class=\"mt-4 leading-6 md:mb-8\">Voici les chiffres que chaque marque doit battre pour que je puisse la d\u00e9clarer comme une bonne affaire.<\/div>\n<p><\/p>\n<p>Les grands magasins se pr\u00e9parent pour une nouvelle saison de soldes Black Friday, et nous serons au courant de toutes ces offres. Google et Coros ont maintenant confirm\u00e9 des r\u00e9ductions sur certains de leurs appareils portables. Dans le cas de Google, il s&rsquo;agit d&rsquo;une vente sur les appareils Pixel Watch 4 et Fitbit, et Coros a annonc\u00e9 une baisse permanente des prix des montres de sa populaire gamme Pace. \u00c0 l&rsquo;approche du Black Friday, je continuerai \u00e0 rechercher des offres sur les \u00e9quipements de fitness, notamment les trackers de fitness et les montres intelligentes, alors laissez-moi vous donner un aper\u00e7u de ce que j&rsquo;attends \u2013 et esp\u00e8re \u2013 voir.  <\/p>\n<p>La plupart de mes pr\u00e9dictions ici sont bas\u00e9es sur les ventes de ces mod\u00e8les que nous avons constat\u00e9es dans le pass\u00e9. Pour les appareils neufs cette ann\u00e9e, je regarde les prix de l&rsquo;ann\u00e9e derni\u00e8re sur les mod\u00e8les qui \u00e9taient neufs \u00e0 l&rsquo;\u00e9poque. La plupart des entreprises de ma liste proposent des mod\u00e8les plus r\u00e9cents et plus anciens. Voici les prix que je rechercherai pour savoir quand j&rsquo;aurai trouv\u00e9 une bonne affaire.<\/p>\n<h2 id=\"fitbit-charge-6-99-or-lower\">Fitbit Charge 6\u00a0: 99\u00a0$ ou moins <\/h2>\n<p>Google a confirm\u00e9 que le Fitbit Charge 6 sera disponible au prix de 99,95 $ \u00e0 partir du 20 novembre. Cet appareil a un prix autocollant de 159,95 $, mais se vend souvent un peu moins cher et descend parfois pr\u00e8s de 100 $. Lorsque j&rsquo;ai r\u00e9dig\u00e9 mes pr\u00e9dictions pour la premi\u00e8re fois plus t\u00f4t ce mois-ci, le Charge 6 \u00e9tait <em>d\u00e9j\u00e0<\/em> jusqu&rsquo;\u00e0 99,95 $, mais cela semble avoir \u00e9t\u00e9 une baisse temporaire, puisqu&rsquo;il est remont\u00e9 \u00e0 128,95 $ au moment o\u00f9 j&rsquo;\u00e9cris ces lignes.<\/p>\n<div class=\"mx-auto mb-12 mt-5 w-full max-w-3xl rounded-md border-2 border-gray-100 p-3 shadow-md md:px-7 md:pb-7 md:pt-5\" id=\"related-video\">\n<div class=\"mb-3 flex items-center md:mb-5\">\n        <img decoding=\"async\" class=\"mr-4 mt-0 h-10 w-10 md:mr-5 md:h-12 md:w-12\" src=\"https:\/\/vieassociative.be\/actualites\/wp-content\/uploads\/2025\/09\/1757726237_608_Meta-pourrait-devoiler-une-montre-intelligente-pour-controler-ses-lunettes.jpg\" alt=\"Logo du pirate de la vie\"><\/p><\/div>\n<div class=\"aspect-video w-full overflow-hidden rounded-md\">\n<div id=\"video-container-01K9ZACVFY0VQ7GJMZAZPBP8ZC\"><\/div>\n<\/p><\/div>\n<\/div>\n<p>Avec ce prix bas arrivant si t\u00f4t en novembre, je me demandais si une offre du Black Friday pourrait le faire baisser encore plus, mais il semble que Google laisse entendre que 99,95 $ est aussi bas que possible. Le Charge 6 n\u2019est pas le meilleur du march\u00e9, mais il correspond \u00e0 la facture d\u2019un tracker de base \u00ab Je ne veux pas y penser \u00bb. Si vous souhaitez simplement suivre vos pas sans trop r\u00e9fl\u00e9chir au mod\u00e8le \u00e0 acheter, c&rsquo;est un bon choix. <\/p>\n<h2 id=\"coros-pace-3-199\">Coros Pace 3\u00a0:\u00a0199\u00a0$<\/h2>\n<p>Coros ne participe g\u00e9n\u00e9ralement pas aux grandes ventes, mais la soci\u00e9t\u00e9 vient de lancer un Pace 4, qui co\u00fbte 249 $ et qui a obtenu d&rsquo;excellentes performances selon mon \u00e9valuation. Cela signifie que le prix du Pace 3 devrait baisser, et Coros a confirm\u00e9 qu&rsquo;\u00e0 partir du 14 novembre, le Pace 3 co\u00fbtera 199 $ au lieu de 229 $. <\/p>\n<p>J&rsquo;aime beaucoup la Pace 3 en tant que montre de course simple mais puissante. Une autre montre \u00e0 laquelle il faut pr\u00eater attention est la Pace Pro, une grande s\u0153ur des 3 et 4 avec un \u00e9cran plus grand et des cartes int\u00e9gr\u00e9es. Aucune autre montre de grande renomm\u00e9e ne vous propose des cartes sur une montre \u00e0 ce prix, et la Pace Pro est <em>aussi<\/em> baisse de prix. Coros indique qu&rsquo;il co\u00fbtera 299 $ \u00e0 partir du 14 novembre, au lieu du prix pr\u00e9c\u00e9dent de 349 $. A noter que Coros semble baisser ces prix <em>en permanence<\/em>il ne s&rsquo;agit donc pas seulement d&rsquo;une offre du Black Friday.<\/p>\n<h2 id=\"garmin-forerunner-165-199-or-lower\">Garmin Forerunner 165\u00a0:\u00a0199\u00a0$ ou moins<\/h2>\n<p>La 165 est la montre d&rsquo;entr\u00e9e de gamme moderne de Garmin. N&rsquo;en d\u00e9plaise au 55, mais il semble \u00eatre un vestige du pass\u00e9, comme en t\u00e9moigne le fait qu&rsquo;il a quatre ans et qu&rsquo;il a d\u00fb abandonner deux g\u00e9n\u00e9rations de mod\u00e8les plus r\u00e9cents de l&rsquo;entreprise. Cependant, le 165 ne semble pas encore d\u00e9mod\u00e9 et notre marathonienne r\u00e9sidente Meredith Dietz a ador\u00e9 le 165 Music. Son fr\u00e8re, le 165 (m\u00eame chose, mais pas de stockage de musique hors ligne), fait partie de ma liste des meilleures montres de course abordables.<\/p>\n<p>Parce qu\u2019il existe dans ces deux versions, vous devrez faire attention \u00e0 la diff\u00e9rence. L&rsquo;\u00e9dition musicale co\u00fbte g\u00e9n\u00e9ralement 50 $ de plus. Ainsi, en regardant le Forerunner 165 vanille, sans stockage de musique, il co\u00fbte actuellement 249 $. Il est tomb\u00e9 \u00e0 199,99 $ \u00e0 deux reprises ces derniers temps : une fois pour le Prime Day cet \u00e9t\u00e9 et une fois pour le Black Friday de l&rsquo;ann\u00e9e derni\u00e8re. Je garderais un \u0153il sur une autre baisse \u00e0 199,99 $. <\/p>\n<h2 id=\"apple-watch-series-11-329-or-lower\">Apple Watch Series 11\u00a0: 329\u00a0$ ou moins<\/h2>\n<p>La montre Series 10 de l&rsquo;ann\u00e9e derni\u00e8re est tomb\u00e9e \u00e0 329 $ pour le Black Friday. Cette ann\u00e9e, la s\u00e9rie 11 est le mod\u00e8le le plus r\u00e9cent (voir le point de vue de notre r\u00e9dactrice technique associ\u00e9e Michelle Ehrhardt ici). Le mod\u00e8le de base a le m\u00eame prix de d\u00e9tail r\u00e9gulier de 399 $ que la s\u00e9rie 10 l&rsquo;ann\u00e9e derni\u00e8re, donc une r\u00e9p\u00e9tition de cette remise semble probable. Les montres \u00ab\u00a0s\u00e9rie\u00a0\u00bb d&rsquo;Apple sont disponibles en deux tailles et deux options de connectivit\u00e9, je me concentre donc sur le mod\u00e8le plus petit sans cellulaire. Attendez-vous \u00e0 ce que les tailles plus grandes co\u00fbtent 20\u00a0$ de plus et que les t\u00e9l\u00e9phones cellulaires co\u00fbtent 100\u00a0$ de plus.<\/p>\n<p>Donc, si tout est \u00e9gal, le Black Friday de cette ann\u00e9e devrait proposer des offres de la s\u00e9rie 11 d&rsquo;environ 329 $. Plus bas, ce serait g\u00e9nial ! Il est plus difficile de savoir \u00e0 quoi s&rsquo;attendre de la S\u00e9rie 10, car elle est plus ancienne. Mais l&rsquo;ann\u00e9e derni\u00e8re, l&rsquo;ancien mod\u00e8le (la s\u00e9rie 9) \u00e9tait disponible au prix de 219 $ dans le cadre d&rsquo;une offre Black Friday, je garderais donc un \u0153il sur les remises tout aussi importantes sur le 10 cette ann\u00e9e. <\/p>\n<h2 id=\"pixel-watch-4-279-or-lower\">Pixel Watch 4\u00a0:\u00a0279\u00a0$ ou moins<\/h2>\n<p>La derni\u00e8re version de la Pixel Watch de Google est la 4, que j&rsquo;ai examin\u00e9e ici. Google a confirm\u00e9 qu&rsquo;une vente d\u00e9buterait le 20 novembre et permettrait aux acheteurs \u00ab\u00a0d&rsquo;\u00e9conomiser jusqu&rsquo;\u00e0 100 $ sur la Pixel Watch 4\u00a0\u00bb. Cette montre se vend \u00e0 des prix allant de 349,99 $ \u00e0 499,99 $, ce qui sugg\u00e8re des prix de vente de 249,99 $ \u00e0 399,99 $ selon que vous optez pour la taille plus grande ou plus petite, avec ou sans connectivit\u00e9 cellulaire.<\/p>\n<p>En attendant les prix exacts, je vais vous dire ce que j&rsquo;attends en fonction des ventes pass\u00e9es. En 2024, la Pixel Watch 3 est tomb\u00e9e \u00e0 279 $ pour le Black Friday, contre un prix r\u00e9gulier de 349 $, je m&rsquo;attendrais donc \u00e0 quelque chose de similaire pour la 4 cette ann\u00e9e. La Pixel Watch 4 est actuellement au m\u00eame point de d\u00e9part de 349 $ et plus. Comme pour l\u2019Apple Watch, je cite des chiffres pour le mod\u00e8le plus petit et non cellulaire. La plus grande taille co\u00fbte 50 $ de plus et les capacit\u00e9s cellulaires co\u00fbtent 100 $ de plus.<\/p>\n<p>Si vous souhaitez acheter l\u2019ancien mod\u00e8le, vous avez d\u00e9j\u00e0 de la chance. Au moment o\u00f9 j&rsquo;\u00e9cris ces lignes, certaines couleurs de la Pixel Watch 3 sont en vente au prix de 199,99 $, soit 100 $ de moins que leur prix habituel. Si les ventes de la Pixel Watch 2 de l\u2019ann\u00e9e derni\u00e8re sont une indication, la 3 pourrait chuter jusqu\u2019\u00e0 145 $.<\/p>\n<h2 id=\"garmin-forerunner-970-699-or-lower\">Garmin Forerunner 970\u00a0: 699\u00a0$ ou moins<\/h2>\n<p>Les 970 et 570 de Garmin n&rsquo;ont encore jamais \u00e9t\u00e9 r\u00e9ellement vendus ; les deux ont \u00e9t\u00e9 lanc\u00e9s plus t\u00f4t cette ann\u00e9e. Le 970, avec cartes et lampe de poche LED, a un prix de d\u00e9tail de 749 $. La 570, qui ne dispose pas de ces deux fonctionnalit\u00e9s mais reste une excellente montre de course haut de gamme, co\u00fbte 549 $. Le Black Friday apportera-t-il les premi\u00e8res ventes de ces montres ? Je pense qu&rsquo;il y a de fortes chances que cela se produise, mais je ne m&rsquo;attends pas \u00e0 une r\u00e9duction \u00e9norme. L&rsquo;ann\u00e9e derni\u00e8re, les mod\u00e8les pr\u00e9c\u00e9dents, les 265 et 965, b\u00e9n\u00e9ficiaient tous deux d&rsquo;une r\u00e9duction de 100 $, mais ils avaient alors un an et demi. Retourner <em>deux<\/em> ann\u00e9es, jusqu&rsquo;\u00e0 l&rsquo;\u00e9poque o\u00f9 ils \u00e9taient plus r\u00e9cents, et la remise \u00e9tait plut\u00f4t de 50 $. <\/p>\n<p>Si je vous confond avec tous ces num\u00e9ros de mod\u00e8le, j&rsquo;ai ici une explication qui vous aidera \u00e0 suivre. Quoi qu&rsquo;il en soit, les 265 et 965 restent de bonnes montres, et je pense que cette ann\u00e9e, nous pourrons peut-\u00eatre nous attendre \u00e0 plus de 100 $ de r\u00e9duction pour ces deux-l\u00e0. Recherchez le 265 \u00e0 un prix inf\u00e9rieur \u00e0 349,99 $, ou le 965 \u00e0 un prix inf\u00e9rieur \u00e0 499,99 $. <\/p>\n<h2 id=\"garmin-forerunner-55-149-or-lower\">Garmin Forerunner 55\u00a0:\u00a0149\u00a0$ ou moins<\/h2>\n<p>La Forerunner 55 de Garmin est sa montre de course la plus basique, sur laquelle j&rsquo;ai des sentiments mitig\u00e9s. Il manque de nombreuses fonctionnalit\u00e9s que d&rsquo;autres Garmin Forerunners d&rsquo;entr\u00e9e de gamme, comme le 165, poss\u00e8dent naturellement. Mais il fait tr\u00e8s bien le travail de base de suivi de vos courses, et j&rsquo;ai toujours pens\u00e9 que si Garmin pouvait le rapprocher de 99 $, je chanterais ses louanges sur les toits. Cependant, il n\u2019est jamais tomb\u00e9 aussi bas. <\/p>\n<p>Le prix initial de l&rsquo;autocollant \u00e9tait de 199,99 $, et il se situe souvent autour de 169 $, c&rsquo;est l\u00e0 que je le vois actuellement. Le plus bas que j&rsquo;ai vu est de 149,99 $. Cette montre ne rajeunit pas, et je pense que si Garmin est intelligent, ils envisageront une baisse de prix plus importante ce Black Friday. Voyons.<\/p>\n","protected":false},"excerpt":{"rendered":"<p>Voici les chiffres que chaque marque doit battre pour que je puisse la d\u00e9clarer comme une bonne affaire. Les grands magasins se pr\u00e9parent pour une<\/p>\n","protected":false},"author":1,"featured_media":11295,"comment_status":"","ping_status":"","sticky":false,"template":"","format":"standard","meta":{"footnotes":""},"categories":[38],"tags":[73,29,636,2703,1255,2170,14,353,3684,1399,18,7205,824,5247,4],"class_list":["post-11294","post","type-post","status-publish","format-standard","has-post-thumbnail","hentry","category-sante","tag-black","tag-des","tag-devriez","tag-fitness","tag-friday","tag-intelligentes","tag-les","tag-lors","tag-montres","tag-prix","tag-sont","tag-surveiller","tag-teste","tag-trackers","tag-vous","generate-columns","tablet-grid-50","mobile-grid-100","grid-parent","grid-33"],"yoast_head":"<!-- This site is optimized with the Yoast SEO plugin v24.0 - https:\/\/yoast.com\/wordpress\/plugins\/seo\/ -->\n<title>Je teste des montres intelligentes et des trackers de fitness, et ce sont les prix que vous devriez surveiller lors du Black Friday | Vie Associative<\/title>\n<meta name=\"robots\" content=\"index, follow, max-snippet:-1, max-image-preview:large, max-video-preview:-1\" \/>\n<link rel=\"canonical\" href=\"https:\/\/vieassociative.be\/actualites\/je-teste-des-montres-intelligentes-et-des-trackers-de-fitness-et-ce-sont-les-prix-que-vous-devriez-surveiller-lors-du-black-friday\/\" \/>\n<meta property=\"og:locale\" content=\"fr_FR\" \/>\n<meta property=\"og:type\" content=\"article\" \/>\n<meta property=\"og:title\" content=\"Je teste des montres intelligentes et des trackers de fitness, et ce sont les prix que vous devriez surveiller lors du Black Friday | Vie Associative\" \/>\n<meta property=\"og:description\" content=\"Voici les chiffres que chaque marque doit battre pour que je puisse la d\u00e9clarer comme une bonne affaire. Les grands magasins se pr\u00e9parent pour une\" \/>\n<meta property=\"og:url\" content=\"https:\/\/vieassociative.be\/actualites\/je-teste-des-montres-intelligentes-et-des-trackers-de-fitness-et-ce-sont-les-prix-que-vous-devriez-surveiller-lors-du-black-friday\/\" \/>\n<meta property=\"og:site_name\" content=\"Vie Associative\" \/>\n<meta property=\"article:published_time\" content=\"2025-11-13T19:17:50+00:00\" \/>\n<meta property=\"og:image\" content=\"https:\/\/vieassociative.be\/actualites\/wp-content\/uploads\/2025\/09\/1757726237_608_Meta-pourrait-devoiler-une-montre-intelligente-pour-controler-ses-lunettes.jpg\" \/>\n<meta name=\"author\" content=\"Julien\" \/>\n<meta name=\"twitter:card\" content=\"summary_large_image\" \/>\n<meta name=\"twitter:label1\" content=\"\u00c9crit par\" \/>\n\t<meta name=\"twitter:data1\" content=\"Julien\" \/>\n\t<meta name=\"twitter:label2\" content=\"Dur\u00e9e de lecture est.\" \/>\n\t<meta name=\"twitter:data2\" content=\"8 minutes\" \/>\n<script type=\"application\/ld+json\" class=\"yoast-schema-graph\">{\"@context\":\"https:\/\/schema.org\",\"@graph\":[{\"@type\":\"Article\",\"@id\":\"https:\/\/vieassociative.be\/actualites\/je-teste-des-montres-intelligentes-et-des-trackers-de-fitness-et-ce-sont-les-prix-que-vous-devriez-surveiller-lors-du-black-friday\/#article\",\"isPartOf\":{\"@id\":\"https:\/\/vieassociative.be\/actualites\/je-teste-des-montres-intelligentes-et-des-trackers-de-fitness-et-ce-sont-les-prix-que-vous-devriez-surveiller-lors-du-black-friday\/\"},\"author\":{\"name\":\"Julien\",\"@id\":\"https:\/\/vieassociative.be\/actualites\/#\/schema\/person\/b87ac4f82f9d4e7b7cec7395b679edc4\"},\"headline\":\"Je teste des montres intelligentes et des trackers de fitness, et ce sont les prix que vous devriez surveiller lors du Black Friday\",\"datePublished\":\"2025-11-13T19:17:50+00:00\",\"dateModified\":\"2025-11-13T19:17:50+00:00\",\"mainEntityOfPage\":{\"@id\":\"https:\/\/vieassociative.be\/actualites\/je-teste-des-montres-intelligentes-et-des-trackers-de-fitness-et-ce-sont-les-prix-que-vous-devriez-surveiller-lors-du-black-friday\/\"},\"wordCount\":1570,\"publisher\":{\"@id\":\"https:\/\/vieassociative.be\/actualites\/#organization\"},\"image\":{\"@id\":\"https:\/\/vieassociative.be\/actualites\/je-teste-des-montres-intelligentes-et-des-trackers-de-fitness-et-ce-sont-les-prix-que-vous-devriez-surveiller-lors-du-black-friday\/#primaryimage\"},\"thumbnailUrl\":\"https:\/\/vieassociative.be\/actualites\/wp-content\/uploads\/2025\/11\/Je-teste-des-montres-intelligentes-et-des-trackers-de-fitness.jpg\",\"keywords\":[\"Black\",\"Des\",\"devriez\",\"fitness\",\"Friday\",\"intelligentes\",\"Les\",\"lors\",\"montres\",\"prix\",\"sont\",\"surveiller\",\"test\u00e9\",\"trackers\",\"Vous\"],\"articleSection\":[\"Sant\u00e9\"],\"inLanguage\":\"fr-BE\"},{\"@type\":\"WebPage\",\"@id\":\"https:\/\/vieassociative.be\/actualites\/je-teste-des-montres-intelligentes-et-des-trackers-de-fitness-et-ce-sont-les-prix-que-vous-devriez-surveiller-lors-du-black-friday\/\",\"url\":\"https:\/\/vieassociative.be\/actualites\/je-teste-des-montres-intelligentes-et-des-trackers-de-fitness-et-ce-sont-les-prix-que-vous-devriez-surveiller-lors-du-black-friday\/\",\"name\":\"Je teste des montres intelligentes et des trackers de fitness, et ce sont les prix que vous devriez surveiller lors du Black Friday | Vie Associative\",\"isPartOf\":{\"@id\":\"https:\/\/vieassociative.be\/actualites\/#website\"},\"primaryImageOfPage\":{\"@id\":\"https:\/\/vieassociative.be\/actualites\/je-teste-des-montres-intelligentes-et-des-trackers-de-fitness-et-ce-sont-les-prix-que-vous-devriez-surveiller-lors-du-black-friday\/#primaryimage\"},\"image\":{\"@id\":\"https:\/\/vieassociative.be\/actualites\/je-teste-des-montres-intelligentes-et-des-trackers-de-fitness-et-ce-sont-les-prix-que-vous-devriez-surveiller-lors-du-black-friday\/#primaryimage\"},\"thumbnailUrl\":\"https:\/\/vieassociative.be\/actualites\/wp-content\/uploads\/2025\/11\/Je-teste-des-montres-intelligentes-et-des-trackers-de-fitness.jpg\",\"datePublished\":\"2025-11-13T19:17:50+00:00\",\"dateModified\":\"2025-11-13T19:17:50+00:00\",\"breadcrumb\":{\"@id\":\"https:\/\/vieassociative.be\/actualites\/je-teste-des-montres-intelligentes-et-des-trackers-de-fitness-et-ce-sont-les-prix-que-vous-devriez-surveiller-lors-du-black-friday\/#breadcrumb\"},\"inLanguage\":\"fr-BE\",\"potentialAction\":[{\"@type\":\"ReadAction\",\"target\":[\"https:\/\/vieassociative.be\/actualites\/je-teste-des-montres-intelligentes-et-des-trackers-de-fitness-et-ce-sont-les-prix-que-vous-devriez-surveiller-lors-du-black-friday\/\"]}]},{\"@type\":\"ImageObject\",\"inLanguage\":\"fr-BE\",\"@id\":\"https:\/\/vieassociative.be\/actualites\/je-teste-des-montres-intelligentes-et-des-trackers-de-fitness-et-ce-sont-les-prix-que-vous-devriez-surveiller-lors-du-black-friday\/#primaryimage\",\"url\":\"https:\/\/vieassociative.be\/actualites\/wp-content\/uploads\/2025\/11\/Je-teste-des-montres-intelligentes-et-des-trackers-de-fitness.jpg\",\"contentUrl\":\"https:\/\/vieassociative.be\/actualites\/wp-content\/uploads\/2025\/11\/Je-teste-des-montres-intelligentes-et-des-trackers-de-fitness.jpg\",\"width\":1200,\"height\":675,\"caption\":\"Je teste des montres intelligentes et des trackers de fitness, et ce sont les prix que vous devriez surveiller lors du Black Friday\"},{\"@type\":\"BreadcrumbList\",\"@id\":\"https:\/\/vieassociative.be\/actualites\/je-teste-des-montres-intelligentes-et-des-trackers-de-fitness-et-ce-sont-les-prix-que-vous-devriez-surveiller-lors-du-black-friday\/#breadcrumb\",\"itemListElement\":[{\"@type\":\"ListItem\",\"position\":1,\"name\":\"Accueil\",\"item\":\"https:\/\/vieassociative.be\/actualites\/\"},{\"@type\":\"ListItem\",\"position\":2,\"name\":\"Je teste des montres intelligentes et des trackers de fitness, et ce sont les prix que vous devriez surveiller lors du Black Friday\"}]},{\"@type\":\"WebSite\",\"@id\":\"https:\/\/vieassociative.be\/actualites\/#website\",\"url\":\"https:\/\/vieassociative.be\/actualites\/\",\"name\":\"Vie Associative\",\"description\":\"\",\"publisher\":{\"@id\":\"https:\/\/vieassociative.be\/actualites\/#organization\"},\"potentialAction\":[{\"@type\":\"SearchAction\",\"target\":{\"@type\":\"EntryPoint\",\"urlTemplate\":\"https:\/\/vieassociative.be\/actualites\/?s={search_term_string}\"},\"query-input\":{\"@type\":\"PropertyValueSpecification\",\"valueRequired\":true,\"valueName\":\"search_term_string\"}}],\"inLanguage\":\"fr-BE\"},{\"@type\":\"Organization\",\"@id\":\"https:\/\/vieassociative.be\/actualites\/#organization\",\"name\":\"Vie Associative\",\"url\":\"https:\/\/vieassociative.be\/actualites\/\",\"logo\":{\"@type\":\"ImageObject\",\"inLanguage\":\"fr-BE\",\"@id\":\"https:\/\/vieassociative.be\/actualites\/#\/schema\/logo\/image\/\",\"url\":\"https:\/\/vieassociative.be\/actualites\/wp-content\/uploads\/2024\/09\/cropped-vieassociative_favicon.ico.png\",\"contentUrl\":\"https:\/\/vieassociative.be\/actualites\/wp-content\/uploads\/2024\/09\/cropped-vieassociative_favicon.ico.png\",\"width\":512,\"height\":512,\"caption\":\"Vie Associative\"},\"image\":{\"@id\":\"https:\/\/vieassociative.be\/actualites\/#\/schema\/logo\/image\/\"}},{\"@type\":\"Person\",\"@id\":\"https:\/\/vieassociative.be\/actualites\/#\/schema\/person\/b87ac4f82f9d4e7b7cec7395b679edc4\",\"name\":\"Julien\",\"image\":{\"@type\":\"ImageObject\",\"inLanguage\":\"fr-BE\",\"@id\":\"https:\/\/vieassociative.be\/actualites\/#\/schema\/person\/image\/\",\"url\":\"https:\/\/vieassociative.be\/actualites\/wp-content\/uploads\/2024\/09\/vie-associative-1-150x150.jpg\",\"contentUrl\":\"https:\/\/vieassociative.be\/actualites\/wp-content\/uploads\/2024\/09\/vie-associative-1-150x150.jpg\",\"caption\":\"Julien\"},\"description\":\"Je suis Julien, r\u00e9dacteur pour Vie Associative. Passionn\u00e9 par le monde associatif depuis plus de 10 ans, j'ai \u00e0 c\u0153ur de partager des histoires inspirantes et de mettre en lumi\u00e8re les initiatives locales. Mon objectif est de sensibiliser et d'encourager l'engagement communautaire \u00e0 travers mes articles.\",\"sameAs\":[\"https:\/\/vieassociative.be\/\"]}]}<\/script>\n<!-- \/ Yoast SEO plugin. -->","yoast_head_json":{"title":"Je teste des montres intelligentes et des trackers de fitness, et ce sont les prix que vous devriez surveiller lors du Black Friday | Vie Associative","robots":{"index":"index","follow":"follow","max-snippet":"max-snippet:-1","max-image-preview":"max-image-preview:large","max-video-preview":"max-video-preview:-1"},"canonical":"https:\/\/vieassociative.be\/actualites\/je-teste-des-montres-intelligentes-et-des-trackers-de-fitness-et-ce-sont-les-prix-que-vous-devriez-surveiller-lors-du-black-friday\/","og_locale":"fr_FR","og_type":"article","og_title":"Je teste des montres intelligentes et des trackers de fitness, et ce sont les prix que vous devriez surveiller lors du Black Friday | Vie Associative","og_description":"Voici les chiffres que chaque marque doit battre pour que je puisse la d\u00e9clarer comme une bonne affaire. Les grands magasins se pr\u00e9parent pour une","og_url":"https:\/\/vieassociative.be\/actualites\/je-teste-des-montres-intelligentes-et-des-trackers-de-fitness-et-ce-sont-les-prix-que-vous-devriez-surveiller-lors-du-black-friday\/","og_site_name":"Vie Associative","article_published_time":"2025-11-13T19:17:50+00:00","og_image":[{"url":"https:\/\/vieassociative.be\/actualites\/wp-content\/uploads\/2025\/09\/1757726237_608_Meta-pourrait-devoiler-une-montre-intelligente-pour-controler-ses-lunettes.jpg","type":"","width":"","height":""}],"author":"Julien","twitter_card":"summary_large_image","twitter_misc":{"\u00c9crit par":"Julien","Dur\u00e9e de lecture est.":"8 minutes"},"schema":{"@context":"https:\/\/schema.org","@graph":[{"@type":"Article","@id":"https:\/\/vieassociative.be\/actualites\/je-teste-des-montres-intelligentes-et-des-trackers-de-fitness-et-ce-sont-les-prix-que-vous-devriez-surveiller-lors-du-black-friday\/#article","isPartOf":{"@id":"https:\/\/vieassociative.be\/actualites\/je-teste-des-montres-intelligentes-et-des-trackers-de-fitness-et-ce-sont-les-prix-que-vous-devriez-surveiller-lors-du-black-friday\/"},"author":{"name":"Julien","@id":"https:\/\/vieassociative.be\/actualites\/#\/schema\/person\/b87ac4f82f9d4e7b7cec7395b679edc4"},"headline":"Je teste des montres intelligentes et des trackers de fitness, et ce sont les prix que vous devriez surveiller lors du Black Friday","datePublished":"2025-11-13T19:17:50+00:00","dateModified":"2025-11-13T19:17:50+00:00","mainEntityOfPage":{"@id":"https:\/\/vieassociative.be\/actualites\/je-teste-des-montres-intelligentes-et-des-trackers-de-fitness-et-ce-sont-les-prix-que-vous-devriez-surveiller-lors-du-black-friday\/"},"wordCount":1570,"publisher":{"@id":"https:\/\/vieassociative.be\/actualites\/#organization"},"image":{"@id":"https:\/\/vieassociative.be\/actualites\/je-teste-des-montres-intelligentes-et-des-trackers-de-fitness-et-ce-sont-les-prix-que-vous-devriez-surveiller-lors-du-black-friday\/#primaryimage"},"thumbnailUrl":"https:\/\/vieassociative.be\/actualites\/wp-content\/uploads\/2025\/11\/Je-teste-des-montres-intelligentes-et-des-trackers-de-fitness.jpg","keywords":["Black","Des","devriez","fitness","Friday","intelligentes","Les","lors","montres","prix","sont","surveiller","test\u00e9","trackers","Vous"],"articleSection":["Sant\u00e9"],"inLanguage":"fr-BE"},{"@type":"WebPage","@id":"https:\/\/vieassociative.be\/actualites\/je-teste-des-montres-intelligentes-et-des-trackers-de-fitness-et-ce-sont-les-prix-que-vous-devriez-surveiller-lors-du-black-friday\/","url":"https:\/\/vieassociative.be\/actualites\/je-teste-des-montres-intelligentes-et-des-trackers-de-fitness-et-ce-sont-les-prix-que-vous-devriez-surveiller-lors-du-black-friday\/","name":"Je teste des montres intelligentes et des trackers de fitness, et ce sont les prix que vous devriez surveiller lors du Black Friday | Vie Associative","isPartOf":{"@id":"https:\/\/vieassociative.be\/actualites\/#website"},"primaryImageOfPage":{"@id":"https:\/\/vieassociative.be\/actualites\/je-teste-des-montres-intelligentes-et-des-trackers-de-fitness-et-ce-sont-les-prix-que-vous-devriez-surveiller-lors-du-black-friday\/#primaryimage"},"image":{"@id":"https:\/\/vieassociative.be\/actualites\/je-teste-des-montres-intelligentes-et-des-trackers-de-fitness-et-ce-sont-les-prix-que-vous-devriez-surveiller-lors-du-black-friday\/#primaryimage"},"thumbnailUrl":"https:\/\/vieassociative.be\/actualites\/wp-content\/uploads\/2025\/11\/Je-teste-des-montres-intelligentes-et-des-trackers-de-fitness.jpg","datePublished":"2025-11-13T19:17:50+00:00","dateModified":"2025-11-13T19:17:50+00:00","breadcrumb":{"@id":"https:\/\/vieassociative.be\/actualites\/je-teste-des-montres-intelligentes-et-des-trackers-de-fitness-et-ce-sont-les-prix-que-vous-devriez-surveiller-lors-du-black-friday\/#breadcrumb"},"inLanguage":"fr-BE","potentialAction":[{"@type":"ReadAction","target":["https:\/\/vieassociative.be\/actualites\/je-teste-des-montres-intelligentes-et-des-trackers-de-fitness-et-ce-sont-les-prix-que-vous-devriez-surveiller-lors-du-black-friday\/"]}]},{"@type":"ImageObject","inLanguage":"fr-BE","@id":"https:\/\/vieassociative.be\/actualites\/je-teste-des-montres-intelligentes-et-des-trackers-de-fitness-et-ce-sont-les-prix-que-vous-devriez-surveiller-lors-du-black-friday\/#primaryimage","url":"https:\/\/vieassociative.be\/actualites\/wp-content\/uploads\/2025\/11\/Je-teste-des-montres-intelligentes-et-des-trackers-de-fitness.jpg","contentUrl":"https:\/\/vieassociative.be\/actualites\/wp-content\/uploads\/2025\/11\/Je-teste-des-montres-intelligentes-et-des-trackers-de-fitness.jpg","width":1200,"height":675,"caption":"Je teste des montres intelligentes et des trackers de fitness, et ce sont les prix que vous devriez surveiller lors du Black Friday"},{"@type":"BreadcrumbList","@id":"https:\/\/vieassociative.be\/actualites\/je-teste-des-montres-intelligentes-et-des-trackers-de-fitness-et-ce-sont-les-prix-que-vous-devriez-surveiller-lors-du-black-friday\/#breadcrumb","itemListElement":[{"@type":"ListItem","position":1,"name":"Accueil","item":"https:\/\/vieassociative.be\/actualites\/"},{"@type":"ListItem","position":2,"name":"Je teste des montres intelligentes et des trackers de fitness, et ce sont les prix que vous devriez surveiller lors du Black Friday"}]},{"@type":"WebSite","@id":"https:\/\/vieassociative.be\/actualites\/#website","url":"https:\/\/vieassociative.be\/actualites\/","name":"Vie Associative","description":"","publisher":{"@id":"https:\/\/vieassociative.be\/actualites\/#organization"},"potentialAction":[{"@type":"SearchAction","target":{"@type":"EntryPoint","urlTemplate":"https:\/\/vieassociative.be\/actualites\/?s={search_term_string}"},"query-input":{"@type":"PropertyValueSpecification","valueRequired":true,"valueName":"search_term_string"}}],"inLanguage":"fr-BE"},{"@type":"Organization","@id":"https:\/\/vieassociative.be\/actualites\/#organization","name":"Vie Associative","url":"https:\/\/vieassociative.be\/actualites\/","logo":{"@type":"ImageObject","inLanguage":"fr-BE","@id":"https:\/\/vieassociative.be\/actualites\/#\/schema\/logo\/image\/","url":"https:\/\/vieassociative.be\/actualites\/wp-content\/uploads\/2024\/09\/cropped-vieassociative_favicon.ico.png","contentUrl":"https:\/\/vieassociative.be\/actualites\/wp-content\/uploads\/2024\/09\/cropped-vieassociative_favicon.ico.png","width":512,"height":512,"caption":"Vie Associative"},"image":{"@id":"https:\/\/vieassociative.be\/actualites\/#\/schema\/logo\/image\/"}},{"@type":"Person","@id":"https:\/\/vieassociative.be\/actualites\/#\/schema\/person\/b87ac4f82f9d4e7b7cec7395b679edc4","name":"Julien","image":{"@type":"ImageObject","inLanguage":"fr-BE","@id":"https:\/\/vieassociative.be\/actualites\/#\/schema\/person\/image\/","url":"https:\/\/vieassociative.be\/actualites\/wp-content\/uploads\/2024\/09\/vie-associative-1-150x150.jpg","contentUrl":"https:\/\/vieassociative.be\/actualites\/wp-content\/uploads\/2024\/09\/vie-associative-1-150x150.jpg","caption":"Julien"},"description":"Je suis Julien, r\u00e9dacteur pour Vie Associative. Passionn\u00e9 par le monde associatif depuis plus de 10 ans, j'ai \u00e0 c\u0153ur de partager des histoires inspirantes et de mettre en lumi\u00e8re les initiatives locales. Mon objectif est de sensibiliser et d'encourager l'engagement communautaire \u00e0 travers mes articles.","sameAs":["https:\/\/vieassociative.be\/"]}]}},"_links":{"self":[{"href":"https:\/\/vieassociative.be\/actualites\/wp-json\/wp\/v2\/posts\/11294"}],"collection":[{"href":"https:\/\/vieassociative.be\/actualites\/wp-json\/wp\/v2\/posts"}],"about":[{"href":"https:\/\/vieassociative.be\/actualites\/wp-json\/wp\/v2\/types\/post"}],"author":[{"embeddable":true,"href":"https:\/\/vieassociative.be\/actualites\/wp-json\/wp\/v2\/users\/1"}],"replies":[{"embeddable":true,"href":"https:\/\/vieassociative.be\/actualites\/wp-json\/wp\/v2\/comments?post=11294"}],"version-history":[{"count":0,"href":"https:\/\/vieassociative.be\/actualites\/wp-json\/wp\/v2\/posts\/11294\/revisions"}],"wp:featuredmedia":[{"embeddable":true,"href":"https:\/\/vieassociative.be\/actualites\/wp-json\/wp\/v2\/media\/11295"}],"wp:attachment":[{"href":"https:\/\/vieassociative.be\/actualites\/wp-json\/wp\/v2\/media?parent=11294"}],"wp:term":[{"taxonomy":"category","embeddable":true,"href":"https:\/\/vieassociative.be\/actualites\/wp-json\/wp\/v2\/categories?post=11294"},{"taxonomy":"post_tag","embeddable":true,"href":"https:\/\/vieassociative.be\/actualites\/wp-json\/wp\/v2\/tags?post=11294"}],"curies":[{"name":"wp","href":"https:\/\/api.w.org\/{rel}","templated":true}]}}