{"id":11290,"date":"2025-11-13T15:17:29","date_gmt":"2025-11-13T14:17:29","guid":{"rendered":"https:\/\/vieassociative.be\/actualites\/il-y-a-dix-ans-les-attentats-de-paris-faisaient-130-morts-comment-la-terreur-en-europe-a-change-depuis-le-bataclan\/"},"modified":"2025-11-13T15:17:29","modified_gmt":"2025-11-13T14:17:29","slug":"il-y-a-dix-ans-les-attentats-de-paris-faisaient-130-morts-comment-la-terreur-en-europe-a-change-depuis-le-bataclan","status":"publish","type":"post","link":"https:\/\/vieassociative.be\/actualites\/il-y-a-dix-ans-les-attentats-de-paris-faisaient-130-morts-comment-la-terreur-en-europe-a-change-depuis-le-bataclan\/","title":{"rendered":"Il y a dix ans, les attentats de Paris faisaient 130 morts : Comment la terreur en Europe a chang\u00e9 depuis le Bataclan"},"content":{"rendered":"<p><strong>C&rsquo;est un choc pour la France et l&rsquo;Europe enti\u00e8re : le 13 novembre 2015, des islamistes tuent 130 personnes en r\u00e9gion parisienne et en blessent 350 autres en quelques heures.<\/strong><\/p>\n<p><span id=\"more-429595\"><\/span>Ils ont provoqu\u00e9 un bain de sang dans la salle de concert du Bataclan et sem\u00e9 la peur et la terreur dans les bars et restaurants. Trois kamikazes se sont fait exploser lors d&rsquo;un match international de football entre l&rsquo;Allemagne et la France au Stade de France.<\/p>\n<p>L&rsquo;organisation terroriste \u00c9tat islamique (EI) a ensuite revendiqu\u00e9 la responsabilit\u00e9 de ces attentats. Les actes terroristes ont frapp\u00e9 la France en plein c\u0153ur et provoqu\u00e9 l\u2019horreur en Europe.<\/p>\n<div id=\"attachment_429606\" class=\"wp-caption alignleft\" style=\"max-width: 300px\"><img fetchpriority=\"high\" decoding=\"async\" class=\"wp-image-429606 size-medium\" src=\"https:\/\/vieassociative.be\/actualites\/wp-content\/uploads\/2025\/11\/Il-y-a-dix-ans-les-attentats-de-Paris-faisaient.jpg\" alt=\"\" width=\"300\" height=\"200\"><\/div>\n<p>Dix ans plus tard, les attentats revendiqu\u00e9s par l&rsquo;organisation terroriste \u00c9tat islamique (EI) hantent toujours la France ; la menace terroriste reste pr\u00e9sente. Mais le visage du terrorisme islamiste en Europe occidentale et centrale a consid\u00e9rablement chang\u00e9 depuis.<\/p>\n<p><strong>\u2013 Plus d\u2019auteurs individuels plut\u00f4t que de groupes\u00a0:<\/strong> Selon le dernier rapport de situation d&rsquo;Europol sur le terrorisme dans l&rsquo;Union europ\u00e9enne, la grande majorit\u00e9 des attaques islamistes de l&rsquo;ann\u00e9e derni\u00e8re ont \u00e9t\u00e9 perp\u00e9tr\u00e9es par des auteurs isol\u00e9s.<\/p>\n<p>L&rsquo;expert en terrorisme Peter Neumann observe \u00e9galement cette tendance : \u00ab\u00a0Il y a dix ans, nous avions de vrais r\u00e9seaux qui s&rsquo;organisaient pendant des mois, qui communiquaient entre eux, dont certains partaient bien s\u00fbr en Syrie, y \u00e9taient form\u00e9s, puis \u00e9taient renvoy\u00e9s. Tout cela \u00e9tait assez professionnel.\u00a0\u00bb<\/p>\n<p>Mais aujourd\u2019hui, il existe presque exclusivement des r\u00e9seaux tr\u00e8s l\u00e2ches et, dans la plupart des cas, des auteurs individuels qui se radicalisent sur Internet. Certains d\u2019entre eux ont \u00e9galement frapp\u00e9 de leur propre initiative et esp\u00e9raient que les r\u00e9seaux terroristes s\u2019attribueraient plus tard le m\u00e9rite de leurs crimes. \u00ab\u00a0Le changement de strat\u00e9gie s&rsquo;est produit parce que l&rsquo;EI n&rsquo;est plus en mesure d&rsquo;organiser de tels r\u00e9seaux en Europe\u00a0\u00bb, explique le professeur d&rsquo;\u00e9tudes de s\u00e9curit\u00e9 au King&rsquo;s College de Londres.<\/p>\n<p><strong>\u2013 Couteau au lieu de bombe :<\/strong> Les armes du crime sont d\u00e9sormais souvent plus simples. Selon Neumann, les couteaux sont probablement d\u00e9sormais les plus utilis\u00e9s. Il y a \u00e9galement des tentatives r\u00e9p\u00e9t\u00e9es de conduire des v\u00e9hicules dans la foule. Cependant, l&rsquo;expert en islamisme Petter Nesser de la BI Norwegian Business School souligne que les djihadistes ont continu\u00e9 \u00e0 planifier des attaques \u00e0 la bombe, mais qu&rsquo;entre 2019 et 2024, celles-ci ont \u00e9t\u00e9 contrecarr\u00e9es beaucoup plus souvent que les plans d&rsquo;attaques au couteau ou au pistolet.<\/p>\n<\/p>\n<div id=\"attachment_429612\" class=\"wp-caption alignnone\" style=\"max-width: 300px\"><img decoding=\"async\" class=\"size-medium wp-image-429612\" src=\"https:\/\/vieassociative.be\/actualites\/wp-content\/uploads\/2025\/11\/1763043449_796_Il-y-a-dix-ans-les-attentats-de-Paris-faisaient.jpg\" alt=\"\" width=\"300\" height=\"200\"><\/div>\n<p><strong>\u2013 Des attaques plus petites au lieu de frappes massives\u00a0:<\/strong><br \/>\n \u00ab\u00a0On voit que l&rsquo;ambition est toujours l\u00e0 pour mener des attentats majeurs\u00a0\u00bb, estime Nesser. Mais gr\u00e2ce \u00e0 des autorit\u00e9s de s\u00e9curit\u00e9 plus efficaces, ces plans sont souvent contrecarr\u00e9s et des attaques de moindre envergure sont effectivement perp\u00e9tr\u00e9es \u2013 avec moins de victimes. \u00ab Il s\u2019agit essentiellement d\u2019un ajustement tactique et non de la strat\u00e9gie privil\u00e9gi\u00e9e des jihadistes. \u00bb<\/p>\n<p>Selon les donn\u00e9es sur les attaques que Nesser a analys\u00e9es pour l&rsquo;Europe occidentale pour la p\u00e9riode 1994 \u00e0 juin 2024, seulement cinq pour cent des victimes sont mortes dans des attaques terroristes apr\u00e8s 2018. La France reste la cible principale : la France reste la cible principale, l&rsquo;Allemagne est pass\u00e9e \u00e0 la deuxi\u00e8me place en Europe en termes de niveau de menace, la Grande-Bretagne est \u00e0 la troisi\u00e8me place, a d\u00e9clar\u00e9 Nesser.<\/p>\n<p><strong>\u2013 Les attentats de Paris (2015) et de Bruxelles (2016) sont directement li\u00e9s :<\/strong> Ils ont \u00e9t\u00e9 planifi\u00e9s et ex\u00e9cut\u00e9s par les m\u00eames r\u00e9seaux djihadistes du soi-disant \u00ab \u00c9tat islamique \u00bb (EI). Les deux s\u00e9ries d\u2019attentats ont \u00e9t\u00e9 organis\u00e9es par une cellule de l\u2019EI originaire de Bruxelles, notamment de la commune de Molenbeek.<\/p>\n<p>Ce groupe \u00e9tait compos\u00e9 de jihadistes belges et fran\u00e7ais, dont beaucoup \u00e9taient rapatri\u00e9s de Syrie. Abdelhamid Abaaoud, le cerveau pr\u00e9sum\u00e9 des attentats de Paris, \u00e9tait le chef central de cette cellule. Apr\u00e8s sa mort, d&rsquo;autres membres ont repris les m\u00eames structures pour les attentats de Bruxelles.<\/p>\n<p><strong>\u2013 Les suspects rajeunissent :<\/strong> Depuis le d\u00e9but de l&rsquo;ann\u00e9e, des enqu\u00eates ont d\u00e9j\u00e0 \u00e9t\u00e9 ouvertes contre 17 mineurs pr\u00e9sum\u00e9s terroristes en France. Avant 2023, il n\u2019y en avait que deux \u00e0 trois par an, pr\u00e9cise le procureur antiterroriste Olivier Christen sur France Inter. La propagande diffus\u00e9e par l\u2019EI et Al-Qa\u00efda correspond aux codes des r\u00e9seaux sociaux, est tr\u00e8s r\u00e9duite dans son contenu et tr\u00e8s visuelle.<\/p>\n<div id=\"attachment_310347\" class=\"wp-caption alignleft\" style=\"max-width: 300px\"><img decoding=\"async\" class=\"wp-image-310347 size-medium\" src=\"https:\/\/vieassociative.be\/actualites\/wp-content\/uploads\/2025\/11\/Il-y-a-dix-ans-les-attentats-de-Paris-faisaient.jpeg\" alt=\"\" width=\"300\" height=\"224\"><\/div>\n<p>Neumann observe \u00e9galement : \u00ab\u00a0Nous avons aujourd&rsquo;hui beaucoup d&rsquo;assassins ou de tentatives d&rsquo;assassinat qui sont des adolescents. Il y a dix ans, c&rsquo;\u00e9tait l&rsquo;exception.\u00a0\u00bb Selon Europol, le nombre de mineurs et de jeunes impliqu\u00e9s dans des actes extr\u00e9mistes a encore augment\u00e9 en 2024. \u00ab Les probl\u00e8mes de sant\u00e9 mentale, l\u2019isolement social et la d\u00e9pendance au num\u00e9rique ont \u00e9t\u00e9 des facteurs importants dans la radicalisation de ces jeunes. \u00bb<\/p>\n<p><strong>\u2013 Moins motiv\u00e9 par l\u2019id\u00e9ologie ?<\/strong> Pour Neumann, le plus jeune \u00e2ge des suspects soul\u00e8ve \u00e9galement la question de savoir si les jeunes de 13 ans subissent encore une radicalisation islamiste classique. \u00ab Dans quelle mesure s\u2019agit-il r\u00e9ellement d\u2019un contenu politique et dans quelle mesure s\u2019agit-il simplement d\u2019une sorte de fantasme violent ? \u00bb Le ministre fran\u00e7ais de l&rsquo;Int\u00e9rieur, Laurent Nu\u00f1ez, affirme m\u00eame que les fronti\u00e8res entre les diff\u00e9rentes id\u00e9ologies extr\u00e9mistes sont d\u00e9sormais poreuses. \u00ab\u00a0Je parle de l&rsquo;extr\u00e9misme de droite et de l&rsquo;islamisme radical et des jeunes qui s&rsquo;identifient \u00e0 l&rsquo;un ou \u00e0 l&rsquo;autre, moins par id\u00e9ologie que par fascination pour l&rsquo;acte de violence.\u00a0\u00bb<\/p>\n<p>M\u00eame si l&rsquo;expert en islamisme Nesser estime que ces jeunes suspects ne peuvent pas vraiment s&rsquo;identifier \u00e0 l&rsquo;id\u00e9ologie, le noyau id\u00e9ologique joue toujours, selon lui, un r\u00f4le crucial. Les jeunes sont exploit\u00e9s par les plus \u00e2g\u00e9s. Et eux, \u00e0 leur tour, sont plus \u00e9troitement int\u00e9gr\u00e9s dans les r\u00e9seaux id\u00e9ologiques. Il souligne \u00e9galement : \u00ab Les terroristes continuent d\u2019attaquer des cibles pour envoyer un message politique \u00bb. (dpa\/cr\u00e9)<\/p>\n","protected":false},"excerpt":{"rendered":"<p>C&rsquo;est un choc pour la France et l&rsquo;Europe enti\u00e8re : le 13 novembre 2015, des islamistes tuent 130 personnes en r\u00e9gion parisienne et en blessent<\/p>\n","protected":false},"author":1,"featured_media":11291,"comment_status":"","ping_status":"","sticky":false,"template":"","format":"standard","meta":{"footnotes":""},"categories":[298],"tags":[584,9232,9234,5363,44,1824,117,5351,9233,14,439,2447,454],"class_list":["post-11290","post","type-post","status-publish","format-standard","has-post-thumbnail","hentry","category-belgique","tag-ans","tag-attentats","tag-bataclan","tag-change","tag-comment","tag-depuis","tag-dix","tag-europe","tag-faisaient","tag-les","tag-morts","tag-paris","tag-terreur","generate-columns","tablet-grid-50","mobile-grid-100","grid-parent","grid-33"],"yoast_head":"<!-- This site is optimized with the Yoast SEO plugin v24.0 - https:\/\/yoast.com\/wordpress\/plugins\/seo\/ -->\n<title>Il y a dix ans, les attentats de Paris faisaient 130 morts : Comment la terreur en Europe a chang\u00e9 depuis le Bataclan | Vie Associative<\/title>\n<meta name=\"robots\" content=\"index, follow, max-snippet:-1, max-image-preview:large, max-video-preview:-1\" \/>\n<link rel=\"canonical\" href=\"https:\/\/vieassociative.be\/actualites\/il-y-a-dix-ans-les-attentats-de-paris-faisaient-130-morts-comment-la-terreur-en-europe-a-change-depuis-le-bataclan\/\" \/>\n<meta property=\"og:locale\" content=\"fr_FR\" \/>\n<meta property=\"og:type\" content=\"article\" \/>\n<meta property=\"og:title\" content=\"Il y a dix ans, les attentats de Paris faisaient 130 morts : Comment la terreur en Europe a chang\u00e9 depuis le Bataclan | Vie Associative\" \/>\n<meta property=\"og:description\" content=\"C&rsquo;est un choc pour la France et l&rsquo;Europe enti\u00e8re : le 13 novembre 2015, des islamistes tuent 130 personnes en r\u00e9gion parisienne et en blessent\" \/>\n<meta property=\"og:url\" content=\"https:\/\/vieassociative.be\/actualites\/il-y-a-dix-ans-les-attentats-de-paris-faisaient-130-morts-comment-la-terreur-en-europe-a-change-depuis-le-bataclan\/\" \/>\n<meta property=\"og:site_name\" content=\"Vie Associative\" \/>\n<meta property=\"article:published_time\" content=\"2025-11-13T14:17:29+00:00\" \/>\n<meta property=\"og:image\" content=\"https:\/\/vieassociative.be\/actualites\/wp-content\/uploads\/2024\/09\/header_backgroundk-01-e1726694325946.png\" \/>\n\t<meta property=\"og:image:width\" content=\"279\" \/>\n\t<meta property=\"og:image:height\" content=\"92\" \/>\n\t<meta property=\"og:image:type\" content=\"image\/png\" \/>\n<meta name=\"author\" content=\"Julien\" \/>\n<meta name=\"twitter:card\" content=\"summary_large_image\" \/>\n<meta name=\"twitter:label1\" content=\"\u00c9crit par\" \/>\n\t<meta name=\"twitter:data1\" content=\"Julien\" \/>\n\t<meta name=\"twitter:label2\" content=\"Dur\u00e9e de lecture est.\" \/>\n\t<meta name=\"twitter:data2\" content=\"5 minutes\" \/>\n<script type=\"application\/ld+json\" class=\"yoast-schema-graph\">{\"@context\":\"https:\/\/schema.org\",\"@graph\":[{\"@type\":\"Article\",\"@id\":\"https:\/\/vieassociative.be\/actualites\/il-y-a-dix-ans-les-attentats-de-paris-faisaient-130-morts-comment-la-terreur-en-europe-a-change-depuis-le-bataclan\/#article\",\"isPartOf\":{\"@id\":\"https:\/\/vieassociative.be\/actualites\/il-y-a-dix-ans-les-attentats-de-paris-faisaient-130-morts-comment-la-terreur-en-europe-a-change-depuis-le-bataclan\/\"},\"author\":{\"name\":\"Julien\",\"@id\":\"https:\/\/vieassociative.be\/actualites\/#\/schema\/person\/b87ac4f82f9d4e7b7cec7395b679edc4\"},\"headline\":\"Il y a dix ans, les attentats de Paris faisaient 130 morts : Comment la terreur en Europe a chang\u00e9 depuis le Bataclan\",\"datePublished\":\"2025-11-13T14:17:29+00:00\",\"dateModified\":\"2025-11-13T14:17:29+00:00\",\"mainEntityOfPage\":{\"@id\":\"https:\/\/vieassociative.be\/actualites\/il-y-a-dix-ans-les-attentats-de-paris-faisaient-130-morts-comment-la-terreur-en-europe-a-change-depuis-le-bataclan\/\"},\"wordCount\":1067,\"publisher\":{\"@id\":\"https:\/\/vieassociative.be\/actualites\/#organization\"},\"image\":{\"@id\":\"https:\/\/vieassociative.be\/actualites\/il-y-a-dix-ans-les-attentats-de-paris-faisaient-130-morts-comment-la-terreur-en-europe-a-change-depuis-le-bataclan\/#primaryimage\"},\"thumbnailUrl\":\"https:\/\/vieassociative.be\/actualites\/wp-content\/uploads\/2025\/11\/1763043450_Il-y-a-dix-ans-les-attentats-de-Paris-faisaient.jpg\",\"keywords\":[\"ans\",\"attentats\",\"Bataclan\",\"chang\u00e9\",\"Comment\",\"depuis\",\"Dix\",\"Europe\",\"faisaient\",\"Les\",\"morts\",\"Paris\",\"Terreur\"],\"articleSection\":[\"Belgique\"],\"inLanguage\":\"fr-BE\"},{\"@type\":\"WebPage\",\"@id\":\"https:\/\/vieassociative.be\/actualites\/il-y-a-dix-ans-les-attentats-de-paris-faisaient-130-morts-comment-la-terreur-en-europe-a-change-depuis-le-bataclan\/\",\"url\":\"https:\/\/vieassociative.be\/actualites\/il-y-a-dix-ans-les-attentats-de-paris-faisaient-130-morts-comment-la-terreur-en-europe-a-change-depuis-le-bataclan\/\",\"name\":\"Il y a dix ans, les attentats de Paris faisaient 130 morts : Comment la terreur en Europe a chang\u00e9 depuis le Bataclan | Vie Associative\",\"isPartOf\":{\"@id\":\"https:\/\/vieassociative.be\/actualites\/#website\"},\"primaryImageOfPage\":{\"@id\":\"https:\/\/vieassociative.be\/actualites\/il-y-a-dix-ans-les-attentats-de-paris-faisaient-130-morts-comment-la-terreur-en-europe-a-change-depuis-le-bataclan\/#primaryimage\"},\"image\":{\"@id\":\"https:\/\/vieassociative.be\/actualites\/il-y-a-dix-ans-les-attentats-de-paris-faisaient-130-morts-comment-la-terreur-en-europe-a-change-depuis-le-bataclan\/#primaryimage\"},\"thumbnailUrl\":\"https:\/\/vieassociative.be\/actualites\/wp-content\/uploads\/2025\/11\/1763043450_Il-y-a-dix-ans-les-attentats-de-Paris-faisaient.jpg\",\"datePublished\":\"2025-11-13T14:17:29+00:00\",\"dateModified\":\"2025-11-13T14:17:29+00:00\",\"breadcrumb\":{\"@id\":\"https:\/\/vieassociative.be\/actualites\/il-y-a-dix-ans-les-attentats-de-paris-faisaient-130-morts-comment-la-terreur-en-europe-a-change-depuis-le-bataclan\/#breadcrumb\"},\"inLanguage\":\"fr-BE\",\"potentialAction\":[{\"@type\":\"ReadAction\",\"target\":[\"https:\/\/vieassociative.be\/actualites\/il-y-a-dix-ans-les-attentats-de-paris-faisaient-130-morts-comment-la-terreur-en-europe-a-change-depuis-le-bataclan\/\"]}]},{\"@type\":\"ImageObject\",\"inLanguage\":\"fr-BE\",\"@id\":\"https:\/\/vieassociative.be\/actualites\/il-y-a-dix-ans-les-attentats-de-paris-faisaient-130-morts-comment-la-terreur-en-europe-a-change-depuis-le-bataclan\/#primaryimage\",\"url\":\"https:\/\/vieassociative.be\/actualites\/wp-content\/uploads\/2025\/11\/1763043450_Il-y-a-dix-ans-les-attentats-de-Paris-faisaient.jpg\",\"contentUrl\":\"https:\/\/vieassociative.be\/actualites\/wp-content\/uploads\/2025\/11\/1763043450_Il-y-a-dix-ans-les-attentats-de-Paris-faisaient.jpg\",\"width\":1200,\"height\":800,\"caption\":\"Il y a dix ans, les attentats de Paris faisaient 130 morts : Comment la terreur en Europe a chang\u00e9 depuis le Bataclan\"},{\"@type\":\"BreadcrumbList\",\"@id\":\"https:\/\/vieassociative.be\/actualites\/il-y-a-dix-ans-les-attentats-de-paris-faisaient-130-morts-comment-la-terreur-en-europe-a-change-depuis-le-bataclan\/#breadcrumb\",\"itemListElement\":[{\"@type\":\"ListItem\",\"position\":1,\"name\":\"Accueil\",\"item\":\"https:\/\/vieassociative.be\/actualites\/\"},{\"@type\":\"ListItem\",\"position\":2,\"name\":\"Il y a dix ans, les attentats de Paris faisaient 130 morts : Comment la terreur en Europe a chang\u00e9 depuis le Bataclan\"}]},{\"@type\":\"WebSite\",\"@id\":\"https:\/\/vieassociative.be\/actualites\/#website\",\"url\":\"https:\/\/vieassociative.be\/actualites\/\",\"name\":\"Vie Associative\",\"description\":\"\",\"publisher\":{\"@id\":\"https:\/\/vieassociative.be\/actualites\/#organization\"},\"potentialAction\":[{\"@type\":\"SearchAction\",\"target\":{\"@type\":\"EntryPoint\",\"urlTemplate\":\"https:\/\/vieassociative.be\/actualites\/?s={search_term_string}\"},\"query-input\":{\"@type\":\"PropertyValueSpecification\",\"valueRequired\":true,\"valueName\":\"search_term_string\"}}],\"inLanguage\":\"fr-BE\"},{\"@type\":\"Organization\",\"@id\":\"https:\/\/vieassociative.be\/actualites\/#organization\",\"name\":\"Vie Associative\",\"url\":\"https:\/\/vieassociative.be\/actualites\/\",\"logo\":{\"@type\":\"ImageObject\",\"inLanguage\":\"fr-BE\",\"@id\":\"https:\/\/vieassociative.be\/actualites\/#\/schema\/logo\/image\/\",\"url\":\"https:\/\/vieassociative.be\/actualites\/wp-content\/uploads\/2024\/09\/cropped-vieassociative_favicon.ico.png\",\"contentUrl\":\"https:\/\/vieassociative.be\/actualites\/wp-content\/uploads\/2024\/09\/cropped-vieassociative_favicon.ico.png\",\"width\":512,\"height\":512,\"caption\":\"Vie Associative\"},\"image\":{\"@id\":\"https:\/\/vieassociative.be\/actualites\/#\/schema\/logo\/image\/\"}},{\"@type\":\"Person\",\"@id\":\"https:\/\/vieassociative.be\/actualites\/#\/schema\/person\/b87ac4f82f9d4e7b7cec7395b679edc4\",\"name\":\"Julien\",\"image\":{\"@type\":\"ImageObject\",\"inLanguage\":\"fr-BE\",\"@id\":\"https:\/\/vieassociative.be\/actualites\/#\/schema\/person\/image\/\",\"url\":\"https:\/\/vieassociative.be\/actualites\/wp-content\/uploads\/2024\/09\/vie-associative-1-150x150.jpg\",\"contentUrl\":\"https:\/\/vieassociative.be\/actualites\/wp-content\/uploads\/2024\/09\/vie-associative-1-150x150.jpg\",\"caption\":\"Julien\"},\"description\":\"Je suis Julien, r\u00e9dacteur pour Vie Associative. Passionn\u00e9 par le monde associatif depuis plus de 10 ans, j'ai \u00e0 c\u0153ur de partager des histoires inspirantes et de mettre en lumi\u00e8re les initiatives locales. Mon objectif est de sensibiliser et d'encourager l'engagement communautaire \u00e0 travers mes articles.\",\"sameAs\":[\"https:\/\/vieassociative.be\/\"]}]}<\/script>\n<!-- \/ Yoast SEO plugin. -->","yoast_head_json":{"title":"Il y a dix ans, les attentats de Paris faisaient 130 morts : Comment la terreur en Europe a chang\u00e9 depuis le Bataclan | Vie Associative","robots":{"index":"index","follow":"follow","max-snippet":"max-snippet:-1","max-image-preview":"max-image-preview:large","max-video-preview":"max-video-preview:-1"},"canonical":"https:\/\/vieassociative.be\/actualites\/il-y-a-dix-ans-les-attentats-de-paris-faisaient-130-morts-comment-la-terreur-en-europe-a-change-depuis-le-bataclan\/","og_locale":"fr_FR","og_type":"article","og_title":"Il y a dix ans, les attentats de Paris faisaient 130 morts : Comment la terreur en Europe a chang\u00e9 depuis le Bataclan | Vie Associative","og_description":"C&rsquo;est un choc pour la France et l&rsquo;Europe enti\u00e8re : le 13 novembre 2015, des islamistes tuent 130 personnes en r\u00e9gion parisienne et en blessent","og_url":"https:\/\/vieassociative.be\/actualites\/il-y-a-dix-ans-les-attentats-de-paris-faisaient-130-morts-comment-la-terreur-en-europe-a-change-depuis-le-bataclan\/","og_site_name":"Vie Associative","article_published_time":"2025-11-13T14:17:29+00:00","og_image":[{"width":279,"height":92,"url":"https:\/\/vieassociative.be\/actualites\/wp-content\/uploads\/2024\/09\/header_backgroundk-01-e1726694325946.png","type":"image\/png"}],"author":"Julien","twitter_card":"summary_large_image","twitter_misc":{"\u00c9crit par":"Julien","Dur\u00e9e de lecture est.":"5 minutes"},"schema":{"@context":"https:\/\/schema.org","@graph":[{"@type":"Article","@id":"https:\/\/vieassociative.be\/actualites\/il-y-a-dix-ans-les-attentats-de-paris-faisaient-130-morts-comment-la-terreur-en-europe-a-change-depuis-le-bataclan\/#article","isPartOf":{"@id":"https:\/\/vieassociative.be\/actualites\/il-y-a-dix-ans-les-attentats-de-paris-faisaient-130-morts-comment-la-terreur-en-europe-a-change-depuis-le-bataclan\/"},"author":{"name":"Julien","@id":"https:\/\/vieassociative.be\/actualites\/#\/schema\/person\/b87ac4f82f9d4e7b7cec7395b679edc4"},"headline":"Il y a dix ans, les attentats de Paris faisaient 130 morts : Comment la terreur en Europe a chang\u00e9 depuis le Bataclan","datePublished":"2025-11-13T14:17:29+00:00","dateModified":"2025-11-13T14:17:29+00:00","mainEntityOfPage":{"@id":"https:\/\/vieassociative.be\/actualites\/il-y-a-dix-ans-les-attentats-de-paris-faisaient-130-morts-comment-la-terreur-en-europe-a-change-depuis-le-bataclan\/"},"wordCount":1067,"publisher":{"@id":"https:\/\/vieassociative.be\/actualites\/#organization"},"image":{"@id":"https:\/\/vieassociative.be\/actualites\/il-y-a-dix-ans-les-attentats-de-paris-faisaient-130-morts-comment-la-terreur-en-europe-a-change-depuis-le-bataclan\/#primaryimage"},"thumbnailUrl":"https:\/\/vieassociative.be\/actualites\/wp-content\/uploads\/2025\/11\/1763043450_Il-y-a-dix-ans-les-attentats-de-Paris-faisaient.jpg","keywords":["ans","attentats","Bataclan","chang\u00e9","Comment","depuis","Dix","Europe","faisaient","Les","morts","Paris","Terreur"],"articleSection":["Belgique"],"inLanguage":"fr-BE"},{"@type":"WebPage","@id":"https:\/\/vieassociative.be\/actualites\/il-y-a-dix-ans-les-attentats-de-paris-faisaient-130-morts-comment-la-terreur-en-europe-a-change-depuis-le-bataclan\/","url":"https:\/\/vieassociative.be\/actualites\/il-y-a-dix-ans-les-attentats-de-paris-faisaient-130-morts-comment-la-terreur-en-europe-a-change-depuis-le-bataclan\/","name":"Il y a dix ans, les attentats de Paris faisaient 130 morts : Comment la terreur en Europe a chang\u00e9 depuis le Bataclan | Vie Associative","isPartOf":{"@id":"https:\/\/vieassociative.be\/actualites\/#website"},"primaryImageOfPage":{"@id":"https:\/\/vieassociative.be\/actualites\/il-y-a-dix-ans-les-attentats-de-paris-faisaient-130-morts-comment-la-terreur-en-europe-a-change-depuis-le-bataclan\/#primaryimage"},"image":{"@id":"https:\/\/vieassociative.be\/actualites\/il-y-a-dix-ans-les-attentats-de-paris-faisaient-130-morts-comment-la-terreur-en-europe-a-change-depuis-le-bataclan\/#primaryimage"},"thumbnailUrl":"https:\/\/vieassociative.be\/actualites\/wp-content\/uploads\/2025\/11\/1763043450_Il-y-a-dix-ans-les-attentats-de-Paris-faisaient.jpg","datePublished":"2025-11-13T14:17:29+00:00","dateModified":"2025-11-13T14:17:29+00:00","breadcrumb":{"@id":"https:\/\/vieassociative.be\/actualites\/il-y-a-dix-ans-les-attentats-de-paris-faisaient-130-morts-comment-la-terreur-en-europe-a-change-depuis-le-bataclan\/#breadcrumb"},"inLanguage":"fr-BE","potentialAction":[{"@type":"ReadAction","target":["https:\/\/vieassociative.be\/actualites\/il-y-a-dix-ans-les-attentats-de-paris-faisaient-130-morts-comment-la-terreur-en-europe-a-change-depuis-le-bataclan\/"]}]},{"@type":"ImageObject","inLanguage":"fr-BE","@id":"https:\/\/vieassociative.be\/actualites\/il-y-a-dix-ans-les-attentats-de-paris-faisaient-130-morts-comment-la-terreur-en-europe-a-change-depuis-le-bataclan\/#primaryimage","url":"https:\/\/vieassociative.be\/actualites\/wp-content\/uploads\/2025\/11\/1763043450_Il-y-a-dix-ans-les-attentats-de-Paris-faisaient.jpg","contentUrl":"https:\/\/vieassociative.be\/actualites\/wp-content\/uploads\/2025\/11\/1763043450_Il-y-a-dix-ans-les-attentats-de-Paris-faisaient.jpg","width":1200,"height":800,"caption":"Il y a dix ans, les attentats de Paris faisaient 130 morts : Comment la terreur en Europe a chang\u00e9 depuis le Bataclan"},{"@type":"BreadcrumbList","@id":"https:\/\/vieassociative.be\/actualites\/il-y-a-dix-ans-les-attentats-de-paris-faisaient-130-morts-comment-la-terreur-en-europe-a-change-depuis-le-bataclan\/#breadcrumb","itemListElement":[{"@type":"ListItem","position":1,"name":"Accueil","item":"https:\/\/vieassociative.be\/actualites\/"},{"@type":"ListItem","position":2,"name":"Il y a dix ans, les attentats de Paris faisaient 130 morts : Comment la terreur en Europe a chang\u00e9 depuis le Bataclan"}]},{"@type":"WebSite","@id":"https:\/\/vieassociative.be\/actualites\/#website","url":"https:\/\/vieassociative.be\/actualites\/","name":"Vie Associative","description":"","publisher":{"@id":"https:\/\/vieassociative.be\/actualites\/#organization"},"potentialAction":[{"@type":"SearchAction","target":{"@type":"EntryPoint","urlTemplate":"https:\/\/vieassociative.be\/actualites\/?s={search_term_string}"},"query-input":{"@type":"PropertyValueSpecification","valueRequired":true,"valueName":"search_term_string"}}],"inLanguage":"fr-BE"},{"@type":"Organization","@id":"https:\/\/vieassociative.be\/actualites\/#organization","name":"Vie Associative","url":"https:\/\/vieassociative.be\/actualites\/","logo":{"@type":"ImageObject","inLanguage":"fr-BE","@id":"https:\/\/vieassociative.be\/actualites\/#\/schema\/logo\/image\/","url":"https:\/\/vieassociative.be\/actualites\/wp-content\/uploads\/2024\/09\/cropped-vieassociative_favicon.ico.png","contentUrl":"https:\/\/vieassociative.be\/actualites\/wp-content\/uploads\/2024\/09\/cropped-vieassociative_favicon.ico.png","width":512,"height":512,"caption":"Vie Associative"},"image":{"@id":"https:\/\/vieassociative.be\/actualites\/#\/schema\/logo\/image\/"}},{"@type":"Person","@id":"https:\/\/vieassociative.be\/actualites\/#\/schema\/person\/b87ac4f82f9d4e7b7cec7395b679edc4","name":"Julien","image":{"@type":"ImageObject","inLanguage":"fr-BE","@id":"https:\/\/vieassociative.be\/actualites\/#\/schema\/person\/image\/","url":"https:\/\/vieassociative.be\/actualites\/wp-content\/uploads\/2024\/09\/vie-associative-1-150x150.jpg","contentUrl":"https:\/\/vieassociative.be\/actualites\/wp-content\/uploads\/2024\/09\/vie-associative-1-150x150.jpg","caption":"Julien"},"description":"Je suis Julien, r\u00e9dacteur pour Vie Associative. Passionn\u00e9 par le monde associatif depuis plus de 10 ans, j'ai \u00e0 c\u0153ur de partager des histoires inspirantes et de mettre en lumi\u00e8re les initiatives locales. Mon objectif est de sensibiliser et d'encourager l'engagement communautaire \u00e0 travers mes articles.","sameAs":["https:\/\/vieassociative.be\/"]}]}},"_links":{"self":[{"href":"https:\/\/vieassociative.be\/actualites\/wp-json\/wp\/v2\/posts\/11290"}],"collection":[{"href":"https:\/\/vieassociative.be\/actualites\/wp-json\/wp\/v2\/posts"}],"about":[{"href":"https:\/\/vieassociative.be\/actualites\/wp-json\/wp\/v2\/types\/post"}],"author":[{"embeddable":true,"href":"https:\/\/vieassociative.be\/actualites\/wp-json\/wp\/v2\/users\/1"}],"replies":[{"embeddable":true,"href":"https:\/\/vieassociative.be\/actualites\/wp-json\/wp\/v2\/comments?post=11290"}],"version-history":[{"count":0,"href":"https:\/\/vieassociative.be\/actualites\/wp-json\/wp\/v2\/posts\/11290\/revisions"}],"wp:featuredmedia":[{"embeddable":true,"href":"https:\/\/vieassociative.be\/actualites\/wp-json\/wp\/v2\/media\/11291"}],"wp:attachment":[{"href":"https:\/\/vieassociative.be\/actualites\/wp-json\/wp\/v2\/media?parent=11290"}],"wp:term":[{"taxonomy":"category","embeddable":true,"href":"https:\/\/vieassociative.be\/actualites\/wp-json\/wp\/v2\/categories?post=11290"},{"taxonomy":"post_tag","embeddable":true,"href":"https:\/\/vieassociative.be\/actualites\/wp-json\/wp\/v2\/tags?post=11290"}],"curies":[{"name":"wp","href":"https:\/\/api.w.org\/{rel}","templated":true}]}}