{"id":11287,"date":"2025-11-13T13:18:17","date_gmt":"2025-11-13T12:18:17","guid":{"rendered":"https:\/\/vieassociative.be\/actualites\/vous-pouvez-maintenant-ajouter-votre-passeport-a-votre-iphone\/"},"modified":"2025-11-13T13:18:17","modified_gmt":"2025-11-13T12:18:17","slug":"vous-pouvez-maintenant-ajouter-votre-passeport-a-votre-iphone","status":"publish","type":"post","link":"https:\/\/vieassociative.be\/actualites\/vous-pouvez-maintenant-ajouter-votre-passeport-a-votre-iphone\/","title":{"rendered":"Vous pouvez maintenant ajouter votre passeport \u00e0 votre iPhone"},"content":{"rendered":"<div class=\"mt-4 leading-6 md:mb-8\">Ne vous attendez cependant pas \u00e0 voyager dans un autre pays avec.<\/div>\n<p><\/p>\n<p>En 2021, Apple a annonc\u00e9 une nouvelle fonctionnalit\u00e9 pour l&rsquo;application Wallet, qui permettait aux utilisateurs d&rsquo;ajouter leur permis de conduire ou leur carte d&rsquo;identit\u00e9 d&rsquo;\u00c9tat \u00e0 leur iPhone. Pour moi, cela sonnait comme le d\u00e9but de la fin des portefeuilles physiques. En r\u00e9alit\u00e9, c\u2019\u00e9tait tout le contraire : non seulement les applications sont limit\u00e9es, mais m\u00eame apr\u00e8s tout ce temps, seuls 12 \u00c9tats et Porto Rico prennent r\u00e9ellement en charge cette fonctionnalit\u00e9. <\/p>\n<p>Pendant que le reste d\u2019entre nous attend que nos \u00c9tats respectifs se joignent \u00e0 nous, beaucoup pourraient avoir une autre option pour ces documents virtuels. Mercredi, Apple a annonc\u00e9 \u00ab\u00a0Digital ID\u00a0\u00bb, une nouvelle initiative qui vous permet de cr\u00e9er un identifiant dans l&rsquo;application Wallet \u00e0 l&rsquo;aide de votre <em>passeport<\/em>. Cela contourne la p\u00e9riode d&rsquo;attente pour les 38 \u00c9tats qui ne prennent pas encore en charge ces fonctionnalit\u00e9s d&rsquo;identification : si vous avez un passeport, vous pouvez essayer cette fonctionnalit\u00e9 d\u00e8s aujourd&rsquo;hui. M\u00eame si votre \u00c9tat prend en charge les t\u00e9l\u00e9chargements de permis de conduire et d&rsquo;identit\u00e9 d&rsquo;\u00c9tat vers l&rsquo;application Wallet, vous manquerez de fonctionnalit\u00e9s si vous n&rsquo;avez pas de VRAIE pi\u00e8ce d&rsquo;identit\u00e9. Toutefois, si vous poss\u00e9dez un passeport, vous pouvez l&rsquo;utiliser \u00e0 la place, ce qui ouvre la fonction d&rsquo;identification du portefeuille \u00e0 encore plus d&rsquo;utilisateurs qu&rsquo;auparavant. <\/p>\n<p>Cependant, comme les tentatives pr\u00e9c\u00e9dentes d&rsquo;identification virtuelle, ne vous attendez pas \u00e0 pouvoir utiliser cette identification num\u00e9rique partout o\u00f9 vous montreriez normalement de la documentation. \u00c0 l&rsquo;heure actuelle, l&rsquo;identification num\u00e9rique est principalement utilis\u00e9e pour voler : selon Apple, l&rsquo;identification num\u00e9rique est lanc\u00e9e en version b\u00eata dans plus de 250 a\u00e9roports pour \u00eatre utilis\u00e9e aux points de contr\u00f4le de la TSA. Il est important de noter que cette fonctionnalit\u00e9 ne prend en charge que les vols int\u00e9rieurs, m\u00eame si elle utilise votre passeport. En tant que tel, ne vous fiez pas \u00e0 votre identification num\u00e9rique lorsque vous voyagez en dehors des \u00c9tats-Unis. Vous aurez toujours besoin de votre passeport physique pour valider votre identit\u00e9. Cependant, \u00e0 l&rsquo;avenir, Apple affirme que vous pourrez utiliser cette identification num\u00e9rique \u00e0 d&rsquo;autres fins, telles que la r\u00e9servation de vols et d&rsquo;h\u00f4tels, ainsi que l&rsquo;ouverture de nouveaux comptes.  <\/p>\n<div class=\"mx-auto mb-12 mt-5 w-full max-w-3xl rounded-md border-2 border-gray-100 p-3 shadow-md md:px-7 md:pb-7 md:pt-5\" id=\"related-video\">\n<div class=\"mb-3 flex items-center md:mb-5\">\n        <img decoding=\"async\" class=\"mr-4 mt-0 h-10 w-10 md:mr-5 md:h-12 md:w-12\" src=\"https:\/\/vieassociative.be\/actualites\/wp-content\/uploads\/2025\/09\/1757726237_608_Meta-pourrait-devoiler-une-montre-intelligente-pour-controler-ses-lunettes.jpg\" alt=\"Logo du pirate de la vie\"><\/p><\/div>\n<div class=\"aspect-video w-full overflow-hidden rounded-md\">\n<div id=\"video-container-01K9YGT215TZK3JGTWFK7YPZX5\"><\/div>\n<\/p><\/div>\n<\/div>\n<h2 id=\"how-to-add-your-passport-to-your-iphone\">Comment ajouter votre passeport \u00e0 votre iPhone<\/h2>\n<p>Pour commencer, vous aurez besoin d&rsquo;un passeport am\u00e9ricain valide, d&rsquo;un iPhone 11 ou version ult\u00e9rieure avec iOS 26.1 ou version ult\u00e9rieure, ou d&rsquo;une Apple Watch Series 6 ou version ult\u00e9rieure avec WatchOS 26.1. Tout d\u2019abord, ouvrez l\u2019application Wallet sur votre iPhone, puis appuyez sur le bouton <strong>(+) <\/strong>en haut de l&rsquo;\u00e9cran. Ici, appuyez sur \u00ab ID num\u00e9rique \u00bb sous \u00ab \u00c9tats-Unis \u00bb. Ici, vous verrez une fen\u00eatre contextuelle qui vous informe sur l&rsquo;identification num\u00e9rique. Appuyez sur \u00ab\u00a0Continuer\u00a0\u00bb, puis suivez les instructions \u00e0 l&rsquo;\u00e9cran pour num\u00e9riser diff\u00e9rentes parties de votre passeport \u00e0 l&rsquo;aide de l&rsquo;appareil photo de votre iPhone. Vous devrez ensuite vous authentifier en prenant une photo en direct de votre visage. Une fois confirm\u00e9, vous devrez capturer davantage d&rsquo;angles de votre visage et de votre t\u00eate, vers lesquels l&rsquo;application Wallet vous guide. <\/p>\n<p>Une fois valid\u00e9, l&rsquo;identifiant vivra dans votre application Wallet. Vous pouvez ouvrir l&rsquo;application Wallet ou double-cliquer sur le bouton Lat\u00e9ral ou Accueil, puis choisir l&rsquo;identifiant chaque fois que vous devez le pr\u00e9senter. Lorsque vous faites la queue \u00e0 la TSA, par exemple, vous pouvez tenir votre iPhone avec votre pi\u00e8ce d&rsquo;identit\u00e9 activ\u00e9e pr\u00e8s du lecteur\u00a0: une fois les deux connect\u00e9s, le lecteur prendra votre photo, tandis que votre iPhone vous montrera toutes les informations que vous fournirez \u00e0 la TSA, qui peuvent inclure des \u00e9l\u00e9ments comme votre nom l\u00e9gal, votre date de naissance, votre sexe, votre nationalit\u00e9, votre num\u00e9ro d&rsquo;identification, votre photo d&rsquo;identit\u00e9, la date d&rsquo;expiration, la date d&rsquo;ajout de la pi\u00e8ce d&rsquo;identit\u00e9 et qui a v\u00e9rifi\u00e9 l&rsquo;identit\u00e9. Vous devrez double-cliquer sur le bouton Lat\u00e9ral ou Accueil pour confirmer que vous souhaitez partager ces donn\u00e9es.<\/p>\n<div class=\"eloquent-imagery-image\">\n<div class=\"flex justify-center\">\n                    <img decoding=\"async\" class=\"border border-gray-100\" src=\"https:\/\/vieassociative.be\/actualites\/wp-content\/uploads\/2025\/11\/Vous-pouvez-maintenant-ajouter-votre-passeport-a-votre-iPhone.jpg\" alt=\"identifiant num\u00e9rique du portefeuille Apple\" width=\"536\" height=\"750\" loading=\"lazy\"  >\n            <\/div>\n<\/p><\/div>\n<h2 id=\"is-digital-id-secure\">L&rsquo;identification num\u00e9rique est-elle s\u00e9curis\u00e9e\u00a0?<\/h2>\n<p>Oui, du moins selon Apple. La soci\u00e9t\u00e9 affirme que toutes les donn\u00e9es d&rsquo;identification que vous ajoutez \u00e0 l&rsquo;application Wallet, qu&rsquo;il s&rsquo;agisse d&rsquo;un passeport, d&rsquo;un permis de conduire ou d&rsquo;une pi\u00e8ce d&rsquo;identit\u00e9 d&rsquo;\u00c9tat, sont crypt\u00e9es et stock\u00e9es sur l&rsquo;appareil. Cela signifie que vous seul avez acc\u00e8s \u00e0 ces donn\u00e9es, m\u00eame Apple ne peut pas les voir. De plus, Apple ne peut pas voir quand vous utilisez votre identifiant, ni quelles donn\u00e9es vous avez partag\u00e9es au moment de l&rsquo;identification. Vous devez \u00e9galement utiliser Face ID ou Touch ID pour vous authentifier via ce processus. Ainsi, m\u00eame si quelqu&rsquo;un vole votre iPhone, il ne pourra pas obtenir ces donn\u00e9es d&rsquo;identification. <\/p>\n<p>Comme indiqu\u00e9 ci-dessus, vous verrez une liste de donn\u00e9es qui seront partag\u00e9es lors de l&rsquo;authentification avec Digital ID. Si vous n&rsquo;\u00eates pas \u00e0 l&rsquo;aise de partager ces donn\u00e9es avec, par exemple, la TSA, vous n&rsquo;avez pas besoin de double-cliquer sur le bouton Lat\u00e9ral ou Accueil et pouvez plut\u00f4t choisir une autre forme d&rsquo;authentification. De plus, de la fa\u00e7on dont cette fonctionnalit\u00e9 est configur\u00e9e, vous n&rsquo;avez pas besoin de d\u00e9verrouiller votre iPhone ou de le remettre physiquement pour confirmer votre iPhone. En double-cliquant sur le bouton lat\u00e9ral ou le bouton Accueil, vous pouvez acc\u00e9der aux donn\u00e9es d&rsquo;identification sans compromettre votre iPhone. <\/p>\n<p>Je suis assez soucieux de ma vie priv\u00e9e, mais c&rsquo;est une fonctionnalit\u00e9 que je serais pr\u00eat \u00e0 essayer, en supposant que je quitte un a\u00e9roport qui la prend en charge. Je pouvais voir \u00e0 quel point cela pourrait \u00eatre un pont trop loin pour certaines personnes, en particulier compte tenu de la quantit\u00e9 de num\u00e9risation du visage que vous devez effectuer pour valider l&rsquo;identit\u00e9. Mais Apple indique dans son application Wallet que ces donn\u00e9es sont utilis\u00e9es pour valider votre identit\u00e9 et pr\u00e9venir la fraude, et ne sont conserv\u00e9es que jusqu&rsquo;\u00e0 ce que l&rsquo;autorit\u00e9 \u00e9mettrice approuve ou refuse votre pi\u00e8ce d&rsquo;identit\u00e9. En d\u2019autres termes, que la configuration r\u00e9ussisse ou non, Apple supprimera vos analyses faciales une fois le processus termin\u00e9. \u00c9tant donn\u00e9 que le reste des donn\u00e9es est crypt\u00e9, cela pourrait suffire pour que je sois \u00e0 l&rsquo;aise pour tester cela. <\/p>\n","protected":false},"excerpt":{"rendered":"<p>Ne vous attendez cependant pas \u00e0 voyager dans un autre pays avec. En 2021, Apple a annonc\u00e9 une nouvelle fonctionnalit\u00e9 pour l&rsquo;application Wallet, qui permettait<\/p>\n","protected":false},"author":1,"featured_media":11288,"comment_status":"","ping_status":"","sticky":false,"template":"","format":"standard","meta":{"footnotes":""},"categories":[13],"tags":[670,652,233,9,5,8,4],"class_list":["post-11287","post","type-post","status-publish","format-standard","has-post-thumbnail","hentry","category-technologie","tag-ajouter","tag-iphone","tag-maintenant","tag-passeport","tag-pouvez","tag-votre","tag-vous","generate-columns","tablet-grid-50","mobile-grid-100","grid-parent","grid-33"],"yoast_head":"<!-- This site is optimized with the Yoast SEO plugin v24.0 - https:\/\/yoast.com\/wordpress\/plugins\/seo\/ -->\n<title>Vous pouvez maintenant ajouter votre passeport \u00e0 votre iPhone | Vie Associative<\/title>\n<meta name=\"robots\" content=\"index, follow, max-snippet:-1, max-image-preview:large, max-video-preview:-1\" \/>\n<link rel=\"canonical\" href=\"https:\/\/vieassociative.be\/actualites\/vous-pouvez-maintenant-ajouter-votre-passeport-a-votre-iphone\/\" \/>\n<meta property=\"og:locale\" content=\"fr_FR\" \/>\n<meta property=\"og:type\" content=\"article\" \/>\n<meta property=\"og:title\" content=\"Vous pouvez maintenant ajouter votre passeport \u00e0 votre iPhone | Vie Associative\" \/>\n<meta property=\"og:description\" content=\"Ne vous attendez cependant pas \u00e0 voyager dans un autre pays avec. En 2021, Apple a annonc\u00e9 une nouvelle fonctionnalit\u00e9 pour l&rsquo;application Wallet, qui permettait\" \/>\n<meta property=\"og:url\" content=\"https:\/\/vieassociative.be\/actualites\/vous-pouvez-maintenant-ajouter-votre-passeport-a-votre-iphone\/\" \/>\n<meta property=\"og:site_name\" content=\"Vie Associative\" \/>\n<meta property=\"article:published_time\" content=\"2025-11-13T12:18:17+00:00\" \/>\n<meta property=\"og:image\" content=\"https:\/\/vieassociative.be\/actualites\/wp-content\/uploads\/2025\/09\/1757726237_608_Meta-pourrait-devoiler-une-montre-intelligente-pour-controler-ses-lunettes.jpg\" \/>\n<meta name=\"author\" content=\"Julien\" \/>\n<meta name=\"twitter:card\" content=\"summary_large_image\" \/>\n<meta name=\"twitter:label1\" content=\"\u00c9crit par\" \/>\n\t<meta name=\"twitter:data1\" content=\"Julien\" \/>\n\t<meta name=\"twitter:label2\" content=\"Dur\u00e9e de lecture est.\" \/>\n\t<meta name=\"twitter:data2\" content=\"5 minutes\" \/>\n<script type=\"application\/ld+json\" class=\"yoast-schema-graph\">{\"@context\":\"https:\/\/schema.org\",\"@graph\":[{\"@type\":\"Article\",\"@id\":\"https:\/\/vieassociative.be\/actualites\/vous-pouvez-maintenant-ajouter-votre-passeport-a-votre-iphone\/#article\",\"isPartOf\":{\"@id\":\"https:\/\/vieassociative.be\/actualites\/vous-pouvez-maintenant-ajouter-votre-passeport-a-votre-iphone\/\"},\"author\":{\"name\":\"Julien\",\"@id\":\"https:\/\/vieassociative.be\/actualites\/#\/schema\/person\/b87ac4f82f9d4e7b7cec7395b679edc4\"},\"headline\":\"Vous pouvez maintenant ajouter votre passeport \u00e0 votre iPhone\",\"datePublished\":\"2025-11-13T12:18:17+00:00\",\"dateModified\":\"2025-11-13T12:18:17+00:00\",\"mainEntityOfPage\":{\"@id\":\"https:\/\/vieassociative.be\/actualites\/vous-pouvez-maintenant-ajouter-votre-passeport-a-votre-iphone\/\"},\"wordCount\":1129,\"publisher\":{\"@id\":\"https:\/\/vieassociative.be\/actualites\/#organization\"},\"image\":{\"@id\":\"https:\/\/vieassociative.be\/actualites\/vous-pouvez-maintenant-ajouter-votre-passeport-a-votre-iphone\/#primaryimage\"},\"thumbnailUrl\":\"https:\/\/vieassociative.be\/actualites\/wp-content\/uploads\/2025\/11\/1763036298_Vous-pouvez-maintenant-ajouter-votre-passeport-a-votre-iPhone.jpg\",\"keywords\":[\"ajouter\",\"iPhone\",\"maintenant\",\"passeport\",\"pouvez\",\"votre\",\"Vous\"],\"articleSection\":[\"Technologie\"],\"inLanguage\":\"fr-BE\"},{\"@type\":\"WebPage\",\"@id\":\"https:\/\/vieassociative.be\/actualites\/vous-pouvez-maintenant-ajouter-votre-passeport-a-votre-iphone\/\",\"url\":\"https:\/\/vieassociative.be\/actualites\/vous-pouvez-maintenant-ajouter-votre-passeport-a-votre-iphone\/\",\"name\":\"Vous pouvez maintenant ajouter votre passeport \u00e0 votre iPhone | Vie Associative\",\"isPartOf\":{\"@id\":\"https:\/\/vieassociative.be\/actualites\/#website\"},\"primaryImageOfPage\":{\"@id\":\"https:\/\/vieassociative.be\/actualites\/vous-pouvez-maintenant-ajouter-votre-passeport-a-votre-iphone\/#primaryimage\"},\"image\":{\"@id\":\"https:\/\/vieassociative.be\/actualites\/vous-pouvez-maintenant-ajouter-votre-passeport-a-votre-iphone\/#primaryimage\"},\"thumbnailUrl\":\"https:\/\/vieassociative.be\/actualites\/wp-content\/uploads\/2025\/11\/1763036298_Vous-pouvez-maintenant-ajouter-votre-passeport-a-votre-iPhone.jpg\",\"datePublished\":\"2025-11-13T12:18:17+00:00\",\"dateModified\":\"2025-11-13T12:18:17+00:00\",\"breadcrumb\":{\"@id\":\"https:\/\/vieassociative.be\/actualites\/vous-pouvez-maintenant-ajouter-votre-passeport-a-votre-iphone\/#breadcrumb\"},\"inLanguage\":\"fr-BE\",\"potentialAction\":[{\"@type\":\"ReadAction\",\"target\":[\"https:\/\/vieassociative.be\/actualites\/vous-pouvez-maintenant-ajouter-votre-passeport-a-votre-iphone\/\"]}]},{\"@type\":\"ImageObject\",\"inLanguage\":\"fr-BE\",\"@id\":\"https:\/\/vieassociative.be\/actualites\/vous-pouvez-maintenant-ajouter-votre-passeport-a-votre-iphone\/#primaryimage\",\"url\":\"https:\/\/vieassociative.be\/actualites\/wp-content\/uploads\/2025\/11\/1763036298_Vous-pouvez-maintenant-ajouter-votre-passeport-a-votre-iPhone.jpg\",\"contentUrl\":\"https:\/\/vieassociative.be\/actualites\/wp-content\/uploads\/2025\/11\/1763036298_Vous-pouvez-maintenant-ajouter-votre-passeport-a-votre-iPhone.jpg\",\"width\":1200,\"height\":675,\"caption\":\"Vous pouvez maintenant ajouter votre passeport \u00e0 votre iPhone\"},{\"@type\":\"BreadcrumbList\",\"@id\":\"https:\/\/vieassociative.be\/actualites\/vous-pouvez-maintenant-ajouter-votre-passeport-a-votre-iphone\/#breadcrumb\",\"itemListElement\":[{\"@type\":\"ListItem\",\"position\":1,\"name\":\"Accueil\",\"item\":\"https:\/\/vieassociative.be\/actualites\/\"},{\"@type\":\"ListItem\",\"position\":2,\"name\":\"Vous pouvez maintenant ajouter votre passeport \u00e0 votre iPhone\"}]},{\"@type\":\"WebSite\",\"@id\":\"https:\/\/vieassociative.be\/actualites\/#website\",\"url\":\"https:\/\/vieassociative.be\/actualites\/\",\"name\":\"Vie Associative\",\"description\":\"\",\"publisher\":{\"@id\":\"https:\/\/vieassociative.be\/actualites\/#organization\"},\"potentialAction\":[{\"@type\":\"SearchAction\",\"target\":{\"@type\":\"EntryPoint\",\"urlTemplate\":\"https:\/\/vieassociative.be\/actualites\/?s={search_term_string}\"},\"query-input\":{\"@type\":\"PropertyValueSpecification\",\"valueRequired\":true,\"valueName\":\"search_term_string\"}}],\"inLanguage\":\"fr-BE\"},{\"@type\":\"Organization\",\"@id\":\"https:\/\/vieassociative.be\/actualites\/#organization\",\"name\":\"Vie Associative\",\"url\":\"https:\/\/vieassociative.be\/actualites\/\",\"logo\":{\"@type\":\"ImageObject\",\"inLanguage\":\"fr-BE\",\"@id\":\"https:\/\/vieassociative.be\/actualites\/#\/schema\/logo\/image\/\",\"url\":\"https:\/\/vieassociative.be\/actualites\/wp-content\/uploads\/2024\/09\/cropped-vieassociative_favicon.ico.png\",\"contentUrl\":\"https:\/\/vieassociative.be\/actualites\/wp-content\/uploads\/2024\/09\/cropped-vieassociative_favicon.ico.png\",\"width\":512,\"height\":512,\"caption\":\"Vie Associative\"},\"image\":{\"@id\":\"https:\/\/vieassociative.be\/actualites\/#\/schema\/logo\/image\/\"}},{\"@type\":\"Person\",\"@id\":\"https:\/\/vieassociative.be\/actualites\/#\/schema\/person\/b87ac4f82f9d4e7b7cec7395b679edc4\",\"name\":\"Julien\",\"image\":{\"@type\":\"ImageObject\",\"inLanguage\":\"fr-BE\",\"@id\":\"https:\/\/vieassociative.be\/actualites\/#\/schema\/person\/image\/\",\"url\":\"https:\/\/vieassociative.be\/actualites\/wp-content\/uploads\/2024\/09\/vie-associative-1-150x150.jpg\",\"contentUrl\":\"https:\/\/vieassociative.be\/actualites\/wp-content\/uploads\/2024\/09\/vie-associative-1-150x150.jpg\",\"caption\":\"Julien\"},\"description\":\"Je suis Julien, r\u00e9dacteur pour Vie Associative. Passionn\u00e9 par le monde associatif depuis plus de 10 ans, j'ai \u00e0 c\u0153ur de partager des histoires inspirantes et de mettre en lumi\u00e8re les initiatives locales. Mon objectif est de sensibiliser et d'encourager l'engagement communautaire \u00e0 travers mes articles.\",\"sameAs\":[\"https:\/\/vieassociative.be\/\"]}]}<\/script>\n<!-- \/ Yoast SEO plugin. -->","yoast_head_json":{"title":"Vous pouvez maintenant ajouter votre passeport \u00e0 votre iPhone | Vie Associative","robots":{"index":"index","follow":"follow","max-snippet":"max-snippet:-1","max-image-preview":"max-image-preview:large","max-video-preview":"max-video-preview:-1"},"canonical":"https:\/\/vieassociative.be\/actualites\/vous-pouvez-maintenant-ajouter-votre-passeport-a-votre-iphone\/","og_locale":"fr_FR","og_type":"article","og_title":"Vous pouvez maintenant ajouter votre passeport \u00e0 votre iPhone | Vie Associative","og_description":"Ne vous attendez cependant pas \u00e0 voyager dans un autre pays avec. En 2021, Apple a annonc\u00e9 une nouvelle fonctionnalit\u00e9 pour l&rsquo;application Wallet, qui permettait","og_url":"https:\/\/vieassociative.be\/actualites\/vous-pouvez-maintenant-ajouter-votre-passeport-a-votre-iphone\/","og_site_name":"Vie Associative","article_published_time":"2025-11-13T12:18:17+00:00","og_image":[{"url":"https:\/\/vieassociative.be\/actualites\/wp-content\/uploads\/2025\/09\/1757726237_608_Meta-pourrait-devoiler-une-montre-intelligente-pour-controler-ses-lunettes.jpg","type":"","width":"","height":""}],"author":"Julien","twitter_card":"summary_large_image","twitter_misc":{"\u00c9crit par":"Julien","Dur\u00e9e de lecture est.":"5 minutes"},"schema":{"@context":"https:\/\/schema.org","@graph":[{"@type":"Article","@id":"https:\/\/vieassociative.be\/actualites\/vous-pouvez-maintenant-ajouter-votre-passeport-a-votre-iphone\/#article","isPartOf":{"@id":"https:\/\/vieassociative.be\/actualites\/vous-pouvez-maintenant-ajouter-votre-passeport-a-votre-iphone\/"},"author":{"name":"Julien","@id":"https:\/\/vieassociative.be\/actualites\/#\/schema\/person\/b87ac4f82f9d4e7b7cec7395b679edc4"},"headline":"Vous pouvez maintenant ajouter votre passeport \u00e0 votre iPhone","datePublished":"2025-11-13T12:18:17+00:00","dateModified":"2025-11-13T12:18:17+00:00","mainEntityOfPage":{"@id":"https:\/\/vieassociative.be\/actualites\/vous-pouvez-maintenant-ajouter-votre-passeport-a-votre-iphone\/"},"wordCount":1129,"publisher":{"@id":"https:\/\/vieassociative.be\/actualites\/#organization"},"image":{"@id":"https:\/\/vieassociative.be\/actualites\/vous-pouvez-maintenant-ajouter-votre-passeport-a-votre-iphone\/#primaryimage"},"thumbnailUrl":"https:\/\/vieassociative.be\/actualites\/wp-content\/uploads\/2025\/11\/1763036298_Vous-pouvez-maintenant-ajouter-votre-passeport-a-votre-iPhone.jpg","keywords":["ajouter","iPhone","maintenant","passeport","pouvez","votre","Vous"],"articleSection":["Technologie"],"inLanguage":"fr-BE"},{"@type":"WebPage","@id":"https:\/\/vieassociative.be\/actualites\/vous-pouvez-maintenant-ajouter-votre-passeport-a-votre-iphone\/","url":"https:\/\/vieassociative.be\/actualites\/vous-pouvez-maintenant-ajouter-votre-passeport-a-votre-iphone\/","name":"Vous pouvez maintenant ajouter votre passeport \u00e0 votre iPhone | Vie Associative","isPartOf":{"@id":"https:\/\/vieassociative.be\/actualites\/#website"},"primaryImageOfPage":{"@id":"https:\/\/vieassociative.be\/actualites\/vous-pouvez-maintenant-ajouter-votre-passeport-a-votre-iphone\/#primaryimage"},"image":{"@id":"https:\/\/vieassociative.be\/actualites\/vous-pouvez-maintenant-ajouter-votre-passeport-a-votre-iphone\/#primaryimage"},"thumbnailUrl":"https:\/\/vieassociative.be\/actualites\/wp-content\/uploads\/2025\/11\/1763036298_Vous-pouvez-maintenant-ajouter-votre-passeport-a-votre-iPhone.jpg","datePublished":"2025-11-13T12:18:17+00:00","dateModified":"2025-11-13T12:18:17+00:00","breadcrumb":{"@id":"https:\/\/vieassociative.be\/actualites\/vous-pouvez-maintenant-ajouter-votre-passeport-a-votre-iphone\/#breadcrumb"},"inLanguage":"fr-BE","potentialAction":[{"@type":"ReadAction","target":["https:\/\/vieassociative.be\/actualites\/vous-pouvez-maintenant-ajouter-votre-passeport-a-votre-iphone\/"]}]},{"@type":"ImageObject","inLanguage":"fr-BE","@id":"https:\/\/vieassociative.be\/actualites\/vous-pouvez-maintenant-ajouter-votre-passeport-a-votre-iphone\/#primaryimage","url":"https:\/\/vieassociative.be\/actualites\/wp-content\/uploads\/2025\/11\/1763036298_Vous-pouvez-maintenant-ajouter-votre-passeport-a-votre-iPhone.jpg","contentUrl":"https:\/\/vieassociative.be\/actualites\/wp-content\/uploads\/2025\/11\/1763036298_Vous-pouvez-maintenant-ajouter-votre-passeport-a-votre-iPhone.jpg","width":1200,"height":675,"caption":"Vous pouvez maintenant ajouter votre passeport \u00e0 votre iPhone"},{"@type":"BreadcrumbList","@id":"https:\/\/vieassociative.be\/actualites\/vous-pouvez-maintenant-ajouter-votre-passeport-a-votre-iphone\/#breadcrumb","itemListElement":[{"@type":"ListItem","position":1,"name":"Accueil","item":"https:\/\/vieassociative.be\/actualites\/"},{"@type":"ListItem","position":2,"name":"Vous pouvez maintenant ajouter votre passeport \u00e0 votre iPhone"}]},{"@type":"WebSite","@id":"https:\/\/vieassociative.be\/actualites\/#website","url":"https:\/\/vieassociative.be\/actualites\/","name":"Vie Associative","description":"","publisher":{"@id":"https:\/\/vieassociative.be\/actualites\/#organization"},"potentialAction":[{"@type":"SearchAction","target":{"@type":"EntryPoint","urlTemplate":"https:\/\/vieassociative.be\/actualites\/?s={search_term_string}"},"query-input":{"@type":"PropertyValueSpecification","valueRequired":true,"valueName":"search_term_string"}}],"inLanguage":"fr-BE"},{"@type":"Organization","@id":"https:\/\/vieassociative.be\/actualites\/#organization","name":"Vie Associative","url":"https:\/\/vieassociative.be\/actualites\/","logo":{"@type":"ImageObject","inLanguage":"fr-BE","@id":"https:\/\/vieassociative.be\/actualites\/#\/schema\/logo\/image\/","url":"https:\/\/vieassociative.be\/actualites\/wp-content\/uploads\/2024\/09\/cropped-vieassociative_favicon.ico.png","contentUrl":"https:\/\/vieassociative.be\/actualites\/wp-content\/uploads\/2024\/09\/cropped-vieassociative_favicon.ico.png","width":512,"height":512,"caption":"Vie Associative"},"image":{"@id":"https:\/\/vieassociative.be\/actualites\/#\/schema\/logo\/image\/"}},{"@type":"Person","@id":"https:\/\/vieassociative.be\/actualites\/#\/schema\/person\/b87ac4f82f9d4e7b7cec7395b679edc4","name":"Julien","image":{"@type":"ImageObject","inLanguage":"fr-BE","@id":"https:\/\/vieassociative.be\/actualites\/#\/schema\/person\/image\/","url":"https:\/\/vieassociative.be\/actualites\/wp-content\/uploads\/2024\/09\/vie-associative-1-150x150.jpg","contentUrl":"https:\/\/vieassociative.be\/actualites\/wp-content\/uploads\/2024\/09\/vie-associative-1-150x150.jpg","caption":"Julien"},"description":"Je suis Julien, r\u00e9dacteur pour Vie Associative. Passionn\u00e9 par le monde associatif depuis plus de 10 ans, j'ai \u00e0 c\u0153ur de partager des histoires inspirantes et de mettre en lumi\u00e8re les initiatives locales. Mon objectif est de sensibiliser et d'encourager l'engagement communautaire \u00e0 travers mes articles.","sameAs":["https:\/\/vieassociative.be\/"]}]}},"_links":{"self":[{"href":"https:\/\/vieassociative.be\/actualites\/wp-json\/wp\/v2\/posts\/11287"}],"collection":[{"href":"https:\/\/vieassociative.be\/actualites\/wp-json\/wp\/v2\/posts"}],"about":[{"href":"https:\/\/vieassociative.be\/actualites\/wp-json\/wp\/v2\/types\/post"}],"author":[{"embeddable":true,"href":"https:\/\/vieassociative.be\/actualites\/wp-json\/wp\/v2\/users\/1"}],"replies":[{"embeddable":true,"href":"https:\/\/vieassociative.be\/actualites\/wp-json\/wp\/v2\/comments?post=11287"}],"version-history":[{"count":0,"href":"https:\/\/vieassociative.be\/actualites\/wp-json\/wp\/v2\/posts\/11287\/revisions"}],"wp:featuredmedia":[{"embeddable":true,"href":"https:\/\/vieassociative.be\/actualites\/wp-json\/wp\/v2\/media\/11288"}],"wp:attachment":[{"href":"https:\/\/vieassociative.be\/actualites\/wp-json\/wp\/v2\/media?parent=11287"}],"wp:term":[{"taxonomy":"category","embeddable":true,"href":"https:\/\/vieassociative.be\/actualites\/wp-json\/wp\/v2\/categories?post=11287"},{"taxonomy":"post_tag","embeddable":true,"href":"https:\/\/vieassociative.be\/actualites\/wp-json\/wp\/v2\/tags?post=11287"}],"curies":[{"name":"wp","href":"https:\/\/api.w.org\/{rel}","templated":true}]}}