{"id":11282,"date":"2025-11-13T02:19:28","date_gmt":"2025-11-13T01:19:28","guid":{"rendered":"https:\/\/vieassociative.be\/actualites\/ce-haut-parleur-jbl-portable-robuste-et-percutant-est-a-70-de-reduction-en-ce-moment\/"},"modified":"2025-11-13T02:19:28","modified_gmt":"2025-11-13T01:19:28","slug":"ce-haut-parleur-jbl-portable-robuste-et-percutant-est-a-70-de-reduction-en-ce-moment","status":"publish","type":"post","link":"https:\/\/vieassociative.be\/actualites\/ce-haut-parleur-jbl-portable-robuste-et-percutant-est-a-70-de-reduction-en-ce-moment\/","title":{"rendered":"Ce haut-parleur JBL portable robuste et percutant est \u00e0 70 $ de r\u00e9duction en ce moment"},"content":{"rendered":"<div class=\"mt-4 leading-6 md:mb-8\">Le Charge 6 peut \u00e9galement recharger votre t\u00e9l\u00e9phone en un clin d\u2019\u0153il.<\/div>\n<p><\/p>\n<p>L&rsquo;\u00e9t\u00e9 est peut-\u00eatre pass\u00e9, mais si vous recherchez un haut-parleur portable toute l&rsquo;ann\u00e9e, suffisamment durable et robuste pour survivre \u00e0 l&rsquo;ext\u00e9rieur (et \u00e0 plusieurs chutes), le JBL Charge 6 est tomb\u00e9 \u00e0 129,95 $ (\u00e0 l&rsquo;origine 199,95 $) sur Amazon, marquant son prix le plus bas. Si vous n&rsquo;en avez pas besoin pour vous-m\u00eame, cette enceinte fera \u00e9galement un excellent cadeau. <\/p>\n<div class=\"pogoClear mb-12 mt-10 rounded-md border-2 border-gray-100 py-7 shadow-xl md:py-6\">\n<div class=\"flex flex-wrap justify-between px-7 text-black no-underline md:flex-nowrap md:px-8\">\n<div class=\"order-1 mx-auto flex flex-col justify-center md:order-2 md:ml-4 md:w-full md:grow\">\n<div class=\"block cursor-pointer text-center font-akshar text-2xl font-medium leading-7 text-brand-green duration-200 ease-in-out hover:text-brand-green-700 md:text-left md:text-xl md:leading-6\">  JBL Charge 6\n                <\/div>\n<div class=\"mt-4 hidden md:flex md:justify-between\">\n<div class=\"self-end\">\n<div class=\"mb-0 h-11 md:flex md:flex-col md:justify-center\">\n<div class=\" font-sans leading-4 text-black\">\n<div class=\"flex flex-wrap items-center justify-center gap-1 md:justify-start\">\n        <span class=\"font-bold\"><\/p>\n<p>            129,95\u00a0$<br \/>\n                            <span class=\"font-medium\">chez Amazon<\/span><br \/>\n                    <\/span>\n            <\/div>\n<div class=\"flex items-center justify-center gap-x-1 font-bold md:justify-start\">\n            <span class=\"text-sm line-through\">199,95\u00a0$<\/span><br \/>\n            <span class=\"text-sm text-brand-green\">\u00c9conomisez 70,00\u00a0$<\/span>\n        <\/div>\n<\/p><\/div>\n<\/p><\/div>\n<\/p><\/div>\n<div class=\"w-44 self-end\">\n                            <button class=\"flex justify-center items-center w-full bg-brand-green text-white text-base font-sans font-medium rounded-md hover:bg-brand-green-700 hover:cursor-pointer md:text-sm h-11\"><\/p>\n<p>    Obtenez une offre<br \/>\n<\/button>\n                        <\/div>\n<\/p><\/div>\n<\/p><\/div>\n<div class=\"order-2 mt-5 h-auto w-full md:order-1 md:mt-0 md:hidden\">\n<div class=\"flex aspect-video items-center justify-center\">\n                                            <img decoding=\"async\" class=\"m-0 max-h-full max-w-full rounded-md\" src=\"https:\/\/vieassociative.be\/actualites\/wp-content\/uploads\/2025\/11\/Ce-haut-parleur-JBL-portable-robuste-et-percutant-est-a-70.jpg\" alt=\"JBL Charge 6\" width=\"auto\" height=\"auto\" loading=\"lazy\">\n                                    <\/div>\n<\/p><\/div>\n<div class=\"order-2 ml-2 hidden w-32 shrink-0 items-center md:order-1 md:ml-0 md:flex\">\n<div class=\"flex aspect-video items-center justify-center\">\n                                            <img decoding=\"async\" class=\"m-0 max-h-full max-w-full rounded-md\" src=\"https:\/\/vieassociative.be\/actualites\/wp-content\/uploads\/2025\/11\/Ce-haut-parleur-JBL-portable-robuste-et-percutant-est-a-70.jpg\" alt=\"JBL Charge 6\" width=\"auto\" height=\"auto\" loading=\"lazy\">\n                                    <\/div>\n<\/p><\/div>\n<div class=\"order-3 flex grow flex-wrap md:hidden md:grow-0\">\n<div class=\"mt-4 w-full\">\n                        <button class=\"flex justify-center items-center w-full bg-brand-green text-white text-base font-sans font-medium rounded-md hover:bg-brand-green-700 hover:cursor-pointer md:text-sm h-11\"><\/p>\n<p>    Obtenez une offre<br \/>\n<\/button>\n                    <\/div>\n<div class=\"mx-2 mt-4 w-full\">\n<div class=\" font-sans leading-4 text-black\">\n<div class=\"flex flex-wrap items-center justify-center gap-1 md:justify-start\">\n        <span class=\"font-bold\"><\/p>\n<p>            129,95\u00a0$<br \/>\n                            <span class=\"font-medium\">chez Amazon<\/span><br \/>\n                    <\/span>\n            <\/div>\n<div class=\"flex items-center justify-center gap-x-1 font-bold md:justify-start\">\n            <span class=\"text-sm line-through\">199,95\u00a0$<\/span><br \/>\n            <span class=\"text-sm text-brand-green\">\u00c9conomisez 70,00\u00a0$<\/span>\n        <\/div>\n<\/p><\/div>\n<\/p><\/div>\n<\/p><\/div>\n<\/p><\/div>\n<\/div>\n<p>Bien que la hausse des prix du Charge 5 soit modeste, le nombre de mises \u00e0 niveau est impressionnant. Ce mod\u00e8le est enti\u00e8rement \u00e9tanche, poss\u00e8de une dur\u00e9e de vie de batterie prolong\u00e9e et un woofer encore plus grand. Bien que le Charge 6 soit l\u00e9g\u00e8rement plus grand que son pr\u00e9d\u00e9cesseur, il est livr\u00e9 avec une nouvelle poign\u00e9e de transport ergonomique qui le rend ultra-portable. <\/p>\n<p>Il peut survivre \u00e0 des chutes jusqu&rsquo;\u00e0 trois pieds et poss\u00e8de un indice IP68 (une mise \u00e0 niveau par rapport \u00e0 son indice IP67 pr\u00e9c\u00e9dent), ce qui signifie qu&rsquo;il peut \u00eatre immerg\u00e9 sous cinq pieds d&rsquo;eau pendant 30 minutes maximum. Sa connexion USB-C unique \u00e0 l\u2019arri\u00e8re g\u00e8re le chargement, les connexions audio filaires sans perte et la puissance de sortie pour charger d\u2019autres appareils. La batterie de 34 watts-heure fonctionne jusqu&rsquo;\u00e0 24 heures et sert \u00e9galement de banque d&rsquo;alimentation pour les appareils tels que les t\u00e9l\u00e9phones ou les tablettes ayant besoin d&rsquo;\u00eatre recharg\u00e9s. Il peut se recharger en seulement trois heures, mais il convient de noter que vous aurez besoin de votre propre brique de chargement et de votre propre c\u00e2ble USB car ils ne sont pas inclus dans le package.  <\/p>\n<p>La personnalisation de l&rsquo;application se limite \u00e0 des commandes simples, mais elle comporte un \u00e9galiseur \u00e0 sept bandes personnalisable, et cette revue PCMag qualifie le son de \u00ab \u00e9tonnamment percutant \u00bb avec une r\u00e9ponse audio plus robuste que des haut-parleurs tout aussi compacts. Il fournit un son fort, clair et \u00e9quilibr\u00e9 (m\u00eame \u00e0 l\u2019ext\u00e9rieur). Bien que le param\u00e8tre PlayTime Boost augmente le volume tout en \u00e9conomisant la batterie, cela se fait au d\u00e9triment des basses, ce qui signifie que cela peut \u00eatre utile pour les podcasts ou les livres audio, mais cela pourrait avoir un impact sur le son de votre musique.<\/p>\n<p>En fin de compte, si vous recherchez un haut-parleur petit mais puissant, performant et con\u00e7u pour durer, le JBL Charge 6 est un excellent choix riche en fonctionnalit\u00e9s, et \u00e0 129,95 $, c&rsquo;est une bonne affaire pour un nouveau mod\u00e8le. Cependant, si vous \u00eates un audiophile \u00e0 la recherche d\u2019une qualit\u00e9 de haut-parleur st\u00e9r\u00e9o ou de basses comparables \u00e0 celles d\u2019un caisson de basses, ce n\u2019est peut-\u00eatre pas la bonne solution. <\/p>\n","protected":false},"excerpt":{"rendered":"<p>Le Charge 6 peut \u00e9galement recharger votre t\u00e9l\u00e9phone en un clin d\u2019\u0153il. L&rsquo;\u00e9t\u00e9 est peut-\u00eatre pass\u00e9, mais si vous recherchez un haut-parleur portable toute l&rsquo;ann\u00e9e,<\/p>\n","protected":false},"author":1,"featured_media":11283,"comment_status":"","ping_status":"","sticky":false,"template":"","format":"standard","meta":{"footnotes":""},"categories":[13],"tags":[76,3545,6985,1429,7891,170,308,7111],"class_list":["post-11282","post","type-post","status-publish","format-standard","has-post-thumbnail","hentry","category-technologie","tag-est","tag-hautparleur","tag-jbl","tag-moment","tag-percutant","tag-portable","tag-reduction","tag-robuste","generate-columns","tablet-grid-50","mobile-grid-100","grid-parent","grid-33"],"yoast_head":"<!-- This site is optimized with the Yoast SEO plugin v24.0 - https:\/\/yoast.com\/wordpress\/plugins\/seo\/ -->\n<title>Ce haut-parleur JBL portable robuste et percutant est \u00e0 70 $ de r\u00e9duction en ce moment | Vie Associative<\/title>\n<meta name=\"robots\" content=\"index, follow, max-snippet:-1, max-image-preview:large, max-video-preview:-1\" \/>\n<link rel=\"canonical\" href=\"https:\/\/vieassociative.be\/actualites\/ce-haut-parleur-jbl-portable-robuste-et-percutant-est-a-70-de-reduction-en-ce-moment\/\" \/>\n<meta property=\"og:locale\" content=\"fr_FR\" \/>\n<meta property=\"og:type\" content=\"article\" \/>\n<meta property=\"og:title\" content=\"Ce haut-parleur JBL portable robuste et percutant est \u00e0 70 $ de r\u00e9duction en ce moment | Vie Associative\" \/>\n<meta property=\"og:description\" content=\"Le Charge 6 peut \u00e9galement recharger votre t\u00e9l\u00e9phone en un clin d\u2019\u0153il. L&rsquo;\u00e9t\u00e9 est peut-\u00eatre pass\u00e9, mais si vous recherchez un haut-parleur portable toute l&rsquo;ann\u00e9e,\" \/>\n<meta property=\"og:url\" content=\"https:\/\/vieassociative.be\/actualites\/ce-haut-parleur-jbl-portable-robuste-et-percutant-est-a-70-de-reduction-en-ce-moment\/\" \/>\n<meta property=\"og:site_name\" content=\"Vie Associative\" \/>\n<meta property=\"article:published_time\" content=\"2025-11-13T01:19:28+00:00\" \/>\n<meta property=\"og:image\" content=\"https:\/\/vieassociative.be\/actualites\/wp-content\/uploads\/2025\/11\/Ce-haut-parleur-JBL-portable-robuste-et-percutant-est-a-70.jpg\" \/>\n<meta name=\"author\" content=\"Julien\" \/>\n<meta name=\"twitter:card\" content=\"summary_large_image\" \/>\n<meta name=\"twitter:label1\" content=\"\u00c9crit par\" \/>\n\t<meta name=\"twitter:data1\" content=\"Julien\" \/>\n\t<meta name=\"twitter:label2\" content=\"Dur\u00e9e de lecture est.\" \/>\n\t<meta name=\"twitter:data2\" content=\"2 minutes\" \/>\n<script type=\"application\/ld+json\" class=\"yoast-schema-graph\">{\"@context\":\"https:\/\/schema.org\",\"@graph\":[{\"@type\":\"Article\",\"@id\":\"https:\/\/vieassociative.be\/actualites\/ce-haut-parleur-jbl-portable-robuste-et-percutant-est-a-70-de-reduction-en-ce-moment\/#article\",\"isPartOf\":{\"@id\":\"https:\/\/vieassociative.be\/actualites\/ce-haut-parleur-jbl-portable-robuste-et-percutant-est-a-70-de-reduction-en-ce-moment\/\"},\"author\":{\"name\":\"Julien\",\"@id\":\"https:\/\/vieassociative.be\/actualites\/#\/schema\/person\/b87ac4f82f9d4e7b7cec7395b679edc4\"},\"headline\":\"Ce haut-parleur JBL portable robuste et percutant est \u00e0 70 $ de r\u00e9duction en ce moment\",\"datePublished\":\"2025-11-13T01:19:28+00:00\",\"dateModified\":\"2025-11-13T01:19:28+00:00\",\"mainEntityOfPage\":{\"@id\":\"https:\/\/vieassociative.be\/actualites\/ce-haut-parleur-jbl-portable-robuste-et-percutant-est-a-70-de-reduction-en-ce-moment\/\"},\"wordCount\":492,\"publisher\":{\"@id\":\"https:\/\/vieassociative.be\/actualites\/#organization\"},\"image\":{\"@id\":\"https:\/\/vieassociative.be\/actualites\/ce-haut-parleur-jbl-portable-robuste-et-percutant-est-a-70-de-reduction-en-ce-moment\/#primaryimage\"},\"thumbnailUrl\":\"https:\/\/vieassociative.be\/actualites\/wp-content\/uploads\/2025\/11\/Ce-haut-parleur-JBL-portable-robuste-et-percutant-est-a-70.png\",\"keywords\":[\"est\",\"hautparleur\",\"JBL\",\"moment\",\"percutant\",\"portable\",\"r\u00e9duction\",\"robuste\"],\"articleSection\":[\"Technologie\"],\"inLanguage\":\"fr-BE\"},{\"@type\":\"WebPage\",\"@id\":\"https:\/\/vieassociative.be\/actualites\/ce-haut-parleur-jbl-portable-robuste-et-percutant-est-a-70-de-reduction-en-ce-moment\/\",\"url\":\"https:\/\/vieassociative.be\/actualites\/ce-haut-parleur-jbl-portable-robuste-et-percutant-est-a-70-de-reduction-en-ce-moment\/\",\"name\":\"Ce haut-parleur JBL portable robuste et percutant est \u00e0 70 $ de r\u00e9duction en ce moment | Vie Associative\",\"isPartOf\":{\"@id\":\"https:\/\/vieassociative.be\/actualites\/#website\"},\"primaryImageOfPage\":{\"@id\":\"https:\/\/vieassociative.be\/actualites\/ce-haut-parleur-jbl-portable-robuste-et-percutant-est-a-70-de-reduction-en-ce-moment\/#primaryimage\"},\"image\":{\"@id\":\"https:\/\/vieassociative.be\/actualites\/ce-haut-parleur-jbl-portable-robuste-et-percutant-est-a-70-de-reduction-en-ce-moment\/#primaryimage\"},\"thumbnailUrl\":\"https:\/\/vieassociative.be\/actualites\/wp-content\/uploads\/2025\/11\/Ce-haut-parleur-JBL-portable-robuste-et-percutant-est-a-70.png\",\"datePublished\":\"2025-11-13T01:19:28+00:00\",\"dateModified\":\"2025-11-13T01:19:28+00:00\",\"breadcrumb\":{\"@id\":\"https:\/\/vieassociative.be\/actualites\/ce-haut-parleur-jbl-portable-robuste-et-percutant-est-a-70-de-reduction-en-ce-moment\/#breadcrumb\"},\"inLanguage\":\"fr-BE\",\"potentialAction\":[{\"@type\":\"ReadAction\",\"target\":[\"https:\/\/vieassociative.be\/actualites\/ce-haut-parleur-jbl-portable-robuste-et-percutant-est-a-70-de-reduction-en-ce-moment\/\"]}]},{\"@type\":\"ImageObject\",\"inLanguage\":\"fr-BE\",\"@id\":\"https:\/\/vieassociative.be\/actualites\/ce-haut-parleur-jbl-portable-robuste-et-percutant-est-a-70-de-reduction-en-ce-moment\/#primaryimage\",\"url\":\"https:\/\/vieassociative.be\/actualites\/wp-content\/uploads\/2025\/11\/Ce-haut-parleur-JBL-portable-robuste-et-percutant-est-a-70.png\",\"contentUrl\":\"https:\/\/vieassociative.be\/actualites\/wp-content\/uploads\/2025\/11\/Ce-haut-parleur-JBL-portable-robuste-et-percutant-est-a-70.png\",\"width\":1200,\"height\":675,\"caption\":\"Ce haut-parleur JBL portable robuste et percutant est \u00e0 70 $ de r\u00e9duction en ce moment\"},{\"@type\":\"BreadcrumbList\",\"@id\":\"https:\/\/vieassociative.be\/actualites\/ce-haut-parleur-jbl-portable-robuste-et-percutant-est-a-70-de-reduction-en-ce-moment\/#breadcrumb\",\"itemListElement\":[{\"@type\":\"ListItem\",\"position\":1,\"name\":\"Accueil\",\"item\":\"https:\/\/vieassociative.be\/actualites\/\"},{\"@type\":\"ListItem\",\"position\":2,\"name\":\"Ce haut-parleur JBL portable robuste et percutant est \u00e0 70 $ de r\u00e9duction en ce moment\"}]},{\"@type\":\"WebSite\",\"@id\":\"https:\/\/vieassociative.be\/actualites\/#website\",\"url\":\"https:\/\/vieassociative.be\/actualites\/\",\"name\":\"Vie Associative\",\"description\":\"\",\"publisher\":{\"@id\":\"https:\/\/vieassociative.be\/actualites\/#organization\"},\"potentialAction\":[{\"@type\":\"SearchAction\",\"target\":{\"@type\":\"EntryPoint\",\"urlTemplate\":\"https:\/\/vieassociative.be\/actualites\/?s={search_term_string}\"},\"query-input\":{\"@type\":\"PropertyValueSpecification\",\"valueRequired\":true,\"valueName\":\"search_term_string\"}}],\"inLanguage\":\"fr-BE\"},{\"@type\":\"Organization\",\"@id\":\"https:\/\/vieassociative.be\/actualites\/#organization\",\"name\":\"Vie Associative\",\"url\":\"https:\/\/vieassociative.be\/actualites\/\",\"logo\":{\"@type\":\"ImageObject\",\"inLanguage\":\"fr-BE\",\"@id\":\"https:\/\/vieassociative.be\/actualites\/#\/schema\/logo\/image\/\",\"url\":\"https:\/\/vieassociative.be\/actualites\/wp-content\/uploads\/2024\/09\/cropped-vieassociative_favicon.ico.png\",\"contentUrl\":\"https:\/\/vieassociative.be\/actualites\/wp-content\/uploads\/2024\/09\/cropped-vieassociative_favicon.ico.png\",\"width\":512,\"height\":512,\"caption\":\"Vie Associative\"},\"image\":{\"@id\":\"https:\/\/vieassociative.be\/actualites\/#\/schema\/logo\/image\/\"}},{\"@type\":\"Person\",\"@id\":\"https:\/\/vieassociative.be\/actualites\/#\/schema\/person\/b87ac4f82f9d4e7b7cec7395b679edc4\",\"name\":\"Julien\",\"image\":{\"@type\":\"ImageObject\",\"inLanguage\":\"fr-BE\",\"@id\":\"https:\/\/vieassociative.be\/actualites\/#\/schema\/person\/image\/\",\"url\":\"https:\/\/vieassociative.be\/actualites\/wp-content\/uploads\/2024\/09\/vie-associative-1-150x150.jpg\",\"contentUrl\":\"https:\/\/vieassociative.be\/actualites\/wp-content\/uploads\/2024\/09\/vie-associative-1-150x150.jpg\",\"caption\":\"Julien\"},\"description\":\"Je suis Julien, r\u00e9dacteur pour Vie Associative. Passionn\u00e9 par le monde associatif depuis plus de 10 ans, j'ai \u00e0 c\u0153ur de partager des histoires inspirantes et de mettre en lumi\u00e8re les initiatives locales. Mon objectif est de sensibiliser et d'encourager l'engagement communautaire \u00e0 travers mes articles.\",\"sameAs\":[\"https:\/\/vieassociative.be\/\"]}]}<\/script>\n<!-- \/ Yoast SEO plugin. -->","yoast_head_json":{"title":"Ce haut-parleur JBL portable robuste et percutant est \u00e0 70 $ de r\u00e9duction en ce moment | Vie Associative","robots":{"index":"index","follow":"follow","max-snippet":"max-snippet:-1","max-image-preview":"max-image-preview:large","max-video-preview":"max-video-preview:-1"},"canonical":"https:\/\/vieassociative.be\/actualites\/ce-haut-parleur-jbl-portable-robuste-et-percutant-est-a-70-de-reduction-en-ce-moment\/","og_locale":"fr_FR","og_type":"article","og_title":"Ce haut-parleur JBL portable robuste et percutant est \u00e0 70 $ de r\u00e9duction en ce moment | Vie Associative","og_description":"Le Charge 6 peut \u00e9galement recharger votre t\u00e9l\u00e9phone en un clin d\u2019\u0153il. L&rsquo;\u00e9t\u00e9 est peut-\u00eatre pass\u00e9, mais si vous recherchez un haut-parleur portable toute l&rsquo;ann\u00e9e,","og_url":"https:\/\/vieassociative.be\/actualites\/ce-haut-parleur-jbl-portable-robuste-et-percutant-est-a-70-de-reduction-en-ce-moment\/","og_site_name":"Vie Associative","article_published_time":"2025-11-13T01:19:28+00:00","og_image":[{"url":"https:\/\/vieassociative.be\/actualites\/wp-content\/uploads\/2025\/11\/Ce-haut-parleur-JBL-portable-robuste-et-percutant-est-a-70.jpg","type":"","width":"","height":""}],"author":"Julien","twitter_card":"summary_large_image","twitter_misc":{"\u00c9crit par":"Julien","Dur\u00e9e de lecture est.":"2 minutes"},"schema":{"@context":"https:\/\/schema.org","@graph":[{"@type":"Article","@id":"https:\/\/vieassociative.be\/actualites\/ce-haut-parleur-jbl-portable-robuste-et-percutant-est-a-70-de-reduction-en-ce-moment\/#article","isPartOf":{"@id":"https:\/\/vieassociative.be\/actualites\/ce-haut-parleur-jbl-portable-robuste-et-percutant-est-a-70-de-reduction-en-ce-moment\/"},"author":{"name":"Julien","@id":"https:\/\/vieassociative.be\/actualites\/#\/schema\/person\/b87ac4f82f9d4e7b7cec7395b679edc4"},"headline":"Ce haut-parleur JBL portable robuste et percutant est \u00e0 70 $ de r\u00e9duction en ce moment","datePublished":"2025-11-13T01:19:28+00:00","dateModified":"2025-11-13T01:19:28+00:00","mainEntityOfPage":{"@id":"https:\/\/vieassociative.be\/actualites\/ce-haut-parleur-jbl-portable-robuste-et-percutant-est-a-70-de-reduction-en-ce-moment\/"},"wordCount":492,"publisher":{"@id":"https:\/\/vieassociative.be\/actualites\/#organization"},"image":{"@id":"https:\/\/vieassociative.be\/actualites\/ce-haut-parleur-jbl-portable-robuste-et-percutant-est-a-70-de-reduction-en-ce-moment\/#primaryimage"},"thumbnailUrl":"https:\/\/vieassociative.be\/actualites\/wp-content\/uploads\/2025\/11\/Ce-haut-parleur-JBL-portable-robuste-et-percutant-est-a-70.png","keywords":["est","hautparleur","JBL","moment","percutant","portable","r\u00e9duction","robuste"],"articleSection":["Technologie"],"inLanguage":"fr-BE"},{"@type":"WebPage","@id":"https:\/\/vieassociative.be\/actualites\/ce-haut-parleur-jbl-portable-robuste-et-percutant-est-a-70-de-reduction-en-ce-moment\/","url":"https:\/\/vieassociative.be\/actualites\/ce-haut-parleur-jbl-portable-robuste-et-percutant-est-a-70-de-reduction-en-ce-moment\/","name":"Ce haut-parleur JBL portable robuste et percutant est \u00e0 70 $ de r\u00e9duction en ce moment | Vie Associative","isPartOf":{"@id":"https:\/\/vieassociative.be\/actualites\/#website"},"primaryImageOfPage":{"@id":"https:\/\/vieassociative.be\/actualites\/ce-haut-parleur-jbl-portable-robuste-et-percutant-est-a-70-de-reduction-en-ce-moment\/#primaryimage"},"image":{"@id":"https:\/\/vieassociative.be\/actualites\/ce-haut-parleur-jbl-portable-robuste-et-percutant-est-a-70-de-reduction-en-ce-moment\/#primaryimage"},"thumbnailUrl":"https:\/\/vieassociative.be\/actualites\/wp-content\/uploads\/2025\/11\/Ce-haut-parleur-JBL-portable-robuste-et-percutant-est-a-70.png","datePublished":"2025-11-13T01:19:28+00:00","dateModified":"2025-11-13T01:19:28+00:00","breadcrumb":{"@id":"https:\/\/vieassociative.be\/actualites\/ce-haut-parleur-jbl-portable-robuste-et-percutant-est-a-70-de-reduction-en-ce-moment\/#breadcrumb"},"inLanguage":"fr-BE","potentialAction":[{"@type":"ReadAction","target":["https:\/\/vieassociative.be\/actualites\/ce-haut-parleur-jbl-portable-robuste-et-percutant-est-a-70-de-reduction-en-ce-moment\/"]}]},{"@type":"ImageObject","inLanguage":"fr-BE","@id":"https:\/\/vieassociative.be\/actualites\/ce-haut-parleur-jbl-portable-robuste-et-percutant-est-a-70-de-reduction-en-ce-moment\/#primaryimage","url":"https:\/\/vieassociative.be\/actualites\/wp-content\/uploads\/2025\/11\/Ce-haut-parleur-JBL-portable-robuste-et-percutant-est-a-70.png","contentUrl":"https:\/\/vieassociative.be\/actualites\/wp-content\/uploads\/2025\/11\/Ce-haut-parleur-JBL-portable-robuste-et-percutant-est-a-70.png","width":1200,"height":675,"caption":"Ce haut-parleur JBL portable robuste et percutant est \u00e0 70 $ de r\u00e9duction en ce moment"},{"@type":"BreadcrumbList","@id":"https:\/\/vieassociative.be\/actualites\/ce-haut-parleur-jbl-portable-robuste-et-percutant-est-a-70-de-reduction-en-ce-moment\/#breadcrumb","itemListElement":[{"@type":"ListItem","position":1,"name":"Accueil","item":"https:\/\/vieassociative.be\/actualites\/"},{"@type":"ListItem","position":2,"name":"Ce haut-parleur JBL portable robuste et percutant est \u00e0 70 $ de r\u00e9duction en ce moment"}]},{"@type":"WebSite","@id":"https:\/\/vieassociative.be\/actualites\/#website","url":"https:\/\/vieassociative.be\/actualites\/","name":"Vie Associative","description":"","publisher":{"@id":"https:\/\/vieassociative.be\/actualites\/#organization"},"potentialAction":[{"@type":"SearchAction","target":{"@type":"EntryPoint","urlTemplate":"https:\/\/vieassociative.be\/actualites\/?s={search_term_string}"},"query-input":{"@type":"PropertyValueSpecification","valueRequired":true,"valueName":"search_term_string"}}],"inLanguage":"fr-BE"},{"@type":"Organization","@id":"https:\/\/vieassociative.be\/actualites\/#organization","name":"Vie Associative","url":"https:\/\/vieassociative.be\/actualites\/","logo":{"@type":"ImageObject","inLanguage":"fr-BE","@id":"https:\/\/vieassociative.be\/actualites\/#\/schema\/logo\/image\/","url":"https:\/\/vieassociative.be\/actualites\/wp-content\/uploads\/2024\/09\/cropped-vieassociative_favicon.ico.png","contentUrl":"https:\/\/vieassociative.be\/actualites\/wp-content\/uploads\/2024\/09\/cropped-vieassociative_favicon.ico.png","width":512,"height":512,"caption":"Vie Associative"},"image":{"@id":"https:\/\/vieassociative.be\/actualites\/#\/schema\/logo\/image\/"}},{"@type":"Person","@id":"https:\/\/vieassociative.be\/actualites\/#\/schema\/person\/b87ac4f82f9d4e7b7cec7395b679edc4","name":"Julien","image":{"@type":"ImageObject","inLanguage":"fr-BE","@id":"https:\/\/vieassociative.be\/actualites\/#\/schema\/person\/image\/","url":"https:\/\/vieassociative.be\/actualites\/wp-content\/uploads\/2024\/09\/vie-associative-1-150x150.jpg","contentUrl":"https:\/\/vieassociative.be\/actualites\/wp-content\/uploads\/2024\/09\/vie-associative-1-150x150.jpg","caption":"Julien"},"description":"Je suis Julien, r\u00e9dacteur pour Vie Associative. Passionn\u00e9 par le monde associatif depuis plus de 10 ans, j'ai \u00e0 c\u0153ur de partager des histoires inspirantes et de mettre en lumi\u00e8re les initiatives locales. Mon objectif est de sensibiliser et d'encourager l'engagement communautaire \u00e0 travers mes articles.","sameAs":["https:\/\/vieassociative.be\/"]}]}},"_links":{"self":[{"href":"https:\/\/vieassociative.be\/actualites\/wp-json\/wp\/v2\/posts\/11282"}],"collection":[{"href":"https:\/\/vieassociative.be\/actualites\/wp-json\/wp\/v2\/posts"}],"about":[{"href":"https:\/\/vieassociative.be\/actualites\/wp-json\/wp\/v2\/types\/post"}],"author":[{"embeddable":true,"href":"https:\/\/vieassociative.be\/actualites\/wp-json\/wp\/v2\/users\/1"}],"replies":[{"embeddable":true,"href":"https:\/\/vieassociative.be\/actualites\/wp-json\/wp\/v2\/comments?post=11282"}],"version-history":[{"count":0,"href":"https:\/\/vieassociative.be\/actualites\/wp-json\/wp\/v2\/posts\/11282\/revisions"}],"wp:featuredmedia":[{"embeddable":true,"href":"https:\/\/vieassociative.be\/actualites\/wp-json\/wp\/v2\/media\/11283"}],"wp:attachment":[{"href":"https:\/\/vieassociative.be\/actualites\/wp-json\/wp\/v2\/media?parent=11282"}],"wp:term":[{"taxonomy":"category","embeddable":true,"href":"https:\/\/vieassociative.be\/actualites\/wp-json\/wp\/v2\/categories?post=11282"},{"taxonomy":"post_tag","embeddable":true,"href":"https:\/\/vieassociative.be\/actualites\/wp-json\/wp\/v2\/tags?post=11282"}],"curies":[{"name":"wp","href":"https:\/\/api.w.org\/{rel}","templated":true}]}}