{"id":11280,"date":"2025-11-13T00:18:58","date_gmt":"2025-11-12T23:18:58","guid":{"rendered":"https:\/\/vieassociative.be\/actualites\/mettez-a-jour-windows-des-que-possible-pour-corriger-une-autre-vulnerabilite-zero-day\/"},"modified":"2025-11-13T00:18:58","modified_gmt":"2025-11-12T23:18:58","slug":"mettez-a-jour-windows-des-que-possible-pour-corriger-une-autre-vulnerabilite-zero-day","status":"publish","type":"post","link":"https:\/\/vieassociative.be\/actualites\/mettez-a-jour-windows-des-que-possible-pour-corriger-une-autre-vulnerabilite-zero-day\/","title":{"rendered":"Mettez \u00e0 jour Windows d\u00e8s que possible pour corriger une autre vuln\u00e9rabilit\u00e9 Zero-Day"},"content":{"rendered":"<div class=\"mt-4 leading-6 md:mb-8\">La mise \u00e0 jour de novembre corrige 63 bugs de s\u00e9curit\u00e9 au total.<\/div>\n<p><\/p>\n<p>Si vous \u00eates un utilisateur Windows, il s&rsquo;agit de votre rappel mensuel pour vous assurer d&rsquo;installer toutes les mises \u00e0 jour de s\u00e9curit\u00e9 disponibles. La version Patch Tuesday de novembre de Microsoft corrige une vuln\u00e9rabilit\u00e9 Zero Day qui a \u00e9t\u00e9 activement exploit\u00e9e dans la nature, avec 63 failles corrig\u00e9es au total. <\/p>\n<p>Tel que rapport\u00e9 par Bleeping Computer, la mise \u00e0 jour du Patch Tuesday de novembre corrige 29 vuln\u00e9rabilit\u00e9s d&rsquo;\u00e9l\u00e9vation de privil\u00e8ges, 2 vuln\u00e9rabilit\u00e9s de contournement de fonctionnalit\u00e9s de s\u00e9curit\u00e9, 16 vuln\u00e9rabilit\u00e9s d&rsquo;ex\u00e9cution de code \u00e0 distance, 11 vuln\u00e9rabilit\u00e9s de divulgation d&rsquo;informations, 2 vuln\u00e9rabilit\u00e9s de d\u00e9ni de service et 3 vuln\u00e9rabilit\u00e9s d&rsquo;usurpation d&rsquo;identit\u00e9. (Notez que ces chiffres n&rsquo;incluent pas les correctifs pour Microsoft Edge et Mariner.)<\/p>\n<p>En plus du jour z\u00e9ro, quatre des vuln\u00e9rabilit\u00e9s corrig\u00e9es (deux bogues d&rsquo;ex\u00e9cution de code \u00e0 distance et une de chacune des failles d&rsquo;\u00e9l\u00e9vation de privil\u00e8ges et de divulgation d&rsquo;informations) sont qualifi\u00e9es de \u00ab critiques \u00bb. <\/p>\n<div class=\"mx-auto mb-12 mt-5 w-full max-w-3xl rounded-md border-2 border-gray-100 p-3 shadow-md md:px-7 md:pb-7 md:pt-5\" id=\"related-video\">\n<div class=\"mb-3 flex items-center md:mb-5\">\n        <img decoding=\"async\" class=\"mr-4 mt-0 h-10 w-10 md:mr-5 md:h-12 md:w-12\" src=\"https:\/\/vieassociative.be\/actualites\/wp-content\/uploads\/2025\/09\/1757726237_608_Meta-pourrait-devoiler-une-montre-intelligente-pour-controler-ses-lunettes.jpg\" alt=\"Logo du pirate de la vie\"><\/p><\/div>\n<div class=\"aspect-video w-full overflow-hidden rounded-md\">\n<div id=\"video-container-01K9X5A4CR3NYX7TZQBJS8N09X\"><\/div>\n<\/p><\/div>\n<\/div>\n<h2 id=\"patch-fixes-one-zero-day-threat\">Un correctif corrige une menace du jour z\u00e9ro<\/h2>\n<p>Il est important d&rsquo;installer toutes les mises \u00e0 jour de s\u00e9curit\u00e9 le plus rapidement possible, mais en particulier celles qui corrigent les failles Zero Day, qui sont des vuln\u00e9rabilit\u00e9s activement exploit\u00e9es ou expos\u00e9es publiquement avant que le d\u00e9veloppeur ne mette \u00e0 disposition un correctif officiel. <\/p>\n<p>Sans le correctif de ce mois-ci, les utilisateurs Windows sont vuln\u00e9rables \u00e0 CVE-2025-62215, une faille d&rsquo;\u00e9l\u00e9vation de privil\u00e8ges dans le noyau Windows. Le bug permet aux acteurs malveillants d&rsquo;obtenir des privil\u00e8ges syst\u00e8me en cas de victoire dans une \u00ab condition de concurrence critique \u00bb ou une synchronisation incorrecte dans le noyau Windows. <\/p>\n<p>La vuln\u00e9rabilit\u00e9 a \u00e9t\u00e9 identifi\u00e9e par le Microsoft Threat Intelligence Center (MSTIC) et le Microsoft Security Response Center (MSRC), bien qu&rsquo;aucun d\u00e9tail suppl\u00e9mentaire sur l&rsquo;exploitation n&rsquo;ait \u00e9t\u00e9 rendu public. <\/p>\n<h2 id=\"other-updates-for-windows-users\">Autres mises \u00e0 jour pour les utilisateurs Windows<\/h2>\n<p>Les utilisateurs de Windows 11 verront \u00e9galement le d\u00e9ploiement du menu D\u00e9marrer mis \u00e0 niveau ainsi que les mises \u00e0 jour du Patch Tuesday : la nouvelle interface peut d\u00e9filer avec les cat\u00e9gories d&rsquo;applications et s&rsquo;adapte \u00e0 la taille de votre \u00e9cran. D&rsquo;autres modifications incluent une ic\u00f4ne de batterie repens\u00e9e et des fonctionnalit\u00e9s am\u00e9lior\u00e9es pour l&rsquo;Explorateur de fichiers, Voice Access et Click to Do. <\/p>\n<p>Depuis le Patch Tuesday du mois dernier, Microsoft a mis fin \u00e0 la prise en charge de Windows 10, bien que les utilisateurs inscrits aux mises \u00e0 jour de s\u00e9curit\u00e9 \u00e9tendues (ESU) continueront de recevoir des correctifs de s\u00e9curit\u00e9 jusqu&rsquo;au 13 octobre 2026. <\/p>\n","protected":false},"excerpt":{"rendered":"<p>La mise \u00e0 jour de novembre corrige 63 bugs de s\u00e9curit\u00e9 au total. Si vous \u00eates un utilisateur Windows, il s&rsquo;agit de votre rappel mensuel<\/p>\n","protected":false},"author":1,"featured_media":11281,"comment_status":"","ping_status":"","sticky":false,"template":"","format":"standard","meta":{"footnotes":""},"categories":[13],"tags":[3090,2900,29,53,1424,81,110,6728,171,9231],"class_list":["post-11280","post","type-post","status-publish","format-standard","has-post-thumbnail","hentry","category-technologie","tag-autre","tag-corriger","tag-des","tag-jour","tag-mettez","tag-pour","tag-une","tag-vulnerabilite","tag-windows","tag-zeroday","generate-columns","tablet-grid-50","mobile-grid-100","grid-parent","grid-33"],"yoast_head":"<!-- This site is optimized with the Yoast SEO plugin v24.0 - https:\/\/yoast.com\/wordpress\/plugins\/seo\/ -->\n<title>Mettez \u00e0 jour Windows d\u00e8s que possible pour corriger une autre vuln\u00e9rabilit\u00e9 Zero-Day | Vie Associative<\/title>\n<meta name=\"robots\" content=\"index, follow, max-snippet:-1, max-image-preview:large, max-video-preview:-1\" \/>\n<link rel=\"canonical\" href=\"https:\/\/vieassociative.be\/actualites\/mettez-a-jour-windows-des-que-possible-pour-corriger-une-autre-vulnerabilite-zero-day\/\" \/>\n<meta property=\"og:locale\" content=\"fr_FR\" \/>\n<meta property=\"og:type\" content=\"article\" \/>\n<meta property=\"og:title\" content=\"Mettez \u00e0 jour Windows d\u00e8s que possible pour corriger une autre vuln\u00e9rabilit\u00e9 Zero-Day | Vie Associative\" \/>\n<meta property=\"og:description\" content=\"La mise \u00e0 jour de novembre corrige 63 bugs de s\u00e9curit\u00e9 au total. Si vous \u00eates un utilisateur Windows, il s&rsquo;agit de votre rappel mensuel\" \/>\n<meta property=\"og:url\" content=\"https:\/\/vieassociative.be\/actualites\/mettez-a-jour-windows-des-que-possible-pour-corriger-une-autre-vulnerabilite-zero-day\/\" \/>\n<meta property=\"og:site_name\" content=\"Vie Associative\" \/>\n<meta property=\"article:published_time\" content=\"2025-11-12T23:18:58+00:00\" \/>\n<meta property=\"og:image\" content=\"https:\/\/vieassociative.be\/actualites\/wp-content\/uploads\/2025\/09\/1757726237_608_Meta-pourrait-devoiler-une-montre-intelligente-pour-controler-ses-lunettes.jpg\" \/>\n<meta name=\"author\" content=\"Julien\" \/>\n<meta name=\"twitter:card\" content=\"summary_large_image\" \/>\n<meta name=\"twitter:label1\" content=\"\u00c9crit par\" \/>\n\t<meta name=\"twitter:data1\" content=\"Julien\" \/>\n\t<meta name=\"twitter:label2\" content=\"Dur\u00e9e de lecture est.\" \/>\n\t<meta name=\"twitter:data2\" content=\"2 minutes\" \/>\n<script type=\"application\/ld+json\" class=\"yoast-schema-graph\">{\"@context\":\"https:\/\/schema.org\",\"@graph\":[{\"@type\":\"Article\",\"@id\":\"https:\/\/vieassociative.be\/actualites\/mettez-a-jour-windows-des-que-possible-pour-corriger-une-autre-vulnerabilite-zero-day\/#article\",\"isPartOf\":{\"@id\":\"https:\/\/vieassociative.be\/actualites\/mettez-a-jour-windows-des-que-possible-pour-corriger-une-autre-vulnerabilite-zero-day\/\"},\"author\":{\"name\":\"Julien\",\"@id\":\"https:\/\/vieassociative.be\/actualites\/#\/schema\/person\/b87ac4f82f9d4e7b7cec7395b679edc4\"},\"headline\":\"Mettez \u00e0 jour Windows d\u00e8s que possible pour corriger une autre vuln\u00e9rabilit\u00e9 Zero-Day\",\"datePublished\":\"2025-11-12T23:18:58+00:00\",\"dateModified\":\"2025-11-12T23:18:58+00:00\",\"mainEntityOfPage\":{\"@id\":\"https:\/\/vieassociative.be\/actualites\/mettez-a-jour-windows-des-que-possible-pour-corriger-une-autre-vulnerabilite-zero-day\/\"},\"wordCount\":477,\"publisher\":{\"@id\":\"https:\/\/vieassociative.be\/actualites\/#organization\"},\"image\":{\"@id\":\"https:\/\/vieassociative.be\/actualites\/mettez-a-jour-windows-des-que-possible-pour-corriger-une-autre-vulnerabilite-zero-day\/#primaryimage\"},\"thumbnailUrl\":\"https:\/\/vieassociative.be\/actualites\/wp-content\/uploads\/2025\/11\/Mettez-a-jour-Windows-des-que-possible-pour-corriger-une.webp.webp\",\"keywords\":[\"autre\",\"corriger\",\"Des\",\"jour\",\"Mettez\",\"pour\",\"une\",\"vuln\u00e9rabilit\u00e9\",\"Windows\",\"ZeroDay\"],\"articleSection\":[\"Technologie\"],\"inLanguage\":\"fr-BE\"},{\"@type\":\"WebPage\",\"@id\":\"https:\/\/vieassociative.be\/actualites\/mettez-a-jour-windows-des-que-possible-pour-corriger-une-autre-vulnerabilite-zero-day\/\",\"url\":\"https:\/\/vieassociative.be\/actualites\/mettez-a-jour-windows-des-que-possible-pour-corriger-une-autre-vulnerabilite-zero-day\/\",\"name\":\"Mettez \u00e0 jour Windows d\u00e8s que possible pour corriger une autre vuln\u00e9rabilit\u00e9 Zero-Day | Vie Associative\",\"isPartOf\":{\"@id\":\"https:\/\/vieassociative.be\/actualites\/#website\"},\"primaryImageOfPage\":{\"@id\":\"https:\/\/vieassociative.be\/actualites\/mettez-a-jour-windows-des-que-possible-pour-corriger-une-autre-vulnerabilite-zero-day\/#primaryimage\"},\"image\":{\"@id\":\"https:\/\/vieassociative.be\/actualites\/mettez-a-jour-windows-des-que-possible-pour-corriger-une-autre-vulnerabilite-zero-day\/#primaryimage\"},\"thumbnailUrl\":\"https:\/\/vieassociative.be\/actualites\/wp-content\/uploads\/2025\/11\/Mettez-a-jour-Windows-des-que-possible-pour-corriger-une.webp.webp\",\"datePublished\":\"2025-11-12T23:18:58+00:00\",\"dateModified\":\"2025-11-12T23:18:58+00:00\",\"breadcrumb\":{\"@id\":\"https:\/\/vieassociative.be\/actualites\/mettez-a-jour-windows-des-que-possible-pour-corriger-une-autre-vulnerabilite-zero-day\/#breadcrumb\"},\"inLanguage\":\"fr-BE\",\"potentialAction\":[{\"@type\":\"ReadAction\",\"target\":[\"https:\/\/vieassociative.be\/actualites\/mettez-a-jour-windows-des-que-possible-pour-corriger-une-autre-vulnerabilite-zero-day\/\"]}]},{\"@type\":\"ImageObject\",\"inLanguage\":\"fr-BE\",\"@id\":\"https:\/\/vieassociative.be\/actualites\/mettez-a-jour-windows-des-que-possible-pour-corriger-une-autre-vulnerabilite-zero-day\/#primaryimage\",\"url\":\"https:\/\/vieassociative.be\/actualites\/wp-content\/uploads\/2025\/11\/Mettez-a-jour-Windows-des-que-possible-pour-corriger-une.webp.webp\",\"contentUrl\":\"https:\/\/vieassociative.be\/actualites\/wp-content\/uploads\/2025\/11\/Mettez-a-jour-Windows-des-que-possible-pour-corriger-une.webp.webp\",\"width\":1200,\"height\":675,\"caption\":\"Mettez \u00e0 jour Windows d\u00e8s que possible pour corriger une autre vuln\u00e9rabilit\u00e9 Zero-Day\"},{\"@type\":\"BreadcrumbList\",\"@id\":\"https:\/\/vieassociative.be\/actualites\/mettez-a-jour-windows-des-que-possible-pour-corriger-une-autre-vulnerabilite-zero-day\/#breadcrumb\",\"itemListElement\":[{\"@type\":\"ListItem\",\"position\":1,\"name\":\"Accueil\",\"item\":\"https:\/\/vieassociative.be\/actualites\/\"},{\"@type\":\"ListItem\",\"position\":2,\"name\":\"Mettez \u00e0 jour Windows d\u00e8s que possible pour corriger une autre vuln\u00e9rabilit\u00e9 Zero-Day\"}]},{\"@type\":\"WebSite\",\"@id\":\"https:\/\/vieassociative.be\/actualites\/#website\",\"url\":\"https:\/\/vieassociative.be\/actualites\/\",\"name\":\"Vie Associative\",\"description\":\"\",\"publisher\":{\"@id\":\"https:\/\/vieassociative.be\/actualites\/#organization\"},\"potentialAction\":[{\"@type\":\"SearchAction\",\"target\":{\"@type\":\"EntryPoint\",\"urlTemplate\":\"https:\/\/vieassociative.be\/actualites\/?s={search_term_string}\"},\"query-input\":{\"@type\":\"PropertyValueSpecification\",\"valueRequired\":true,\"valueName\":\"search_term_string\"}}],\"inLanguage\":\"fr-BE\"},{\"@type\":\"Organization\",\"@id\":\"https:\/\/vieassociative.be\/actualites\/#organization\",\"name\":\"Vie Associative\",\"url\":\"https:\/\/vieassociative.be\/actualites\/\",\"logo\":{\"@type\":\"ImageObject\",\"inLanguage\":\"fr-BE\",\"@id\":\"https:\/\/vieassociative.be\/actualites\/#\/schema\/logo\/image\/\",\"url\":\"https:\/\/vieassociative.be\/actualites\/wp-content\/uploads\/2024\/09\/cropped-vieassociative_favicon.ico.png\",\"contentUrl\":\"https:\/\/vieassociative.be\/actualites\/wp-content\/uploads\/2024\/09\/cropped-vieassociative_favicon.ico.png\",\"width\":512,\"height\":512,\"caption\":\"Vie Associative\"},\"image\":{\"@id\":\"https:\/\/vieassociative.be\/actualites\/#\/schema\/logo\/image\/\"}},{\"@type\":\"Person\",\"@id\":\"https:\/\/vieassociative.be\/actualites\/#\/schema\/person\/b87ac4f82f9d4e7b7cec7395b679edc4\",\"name\":\"Julien\",\"image\":{\"@type\":\"ImageObject\",\"inLanguage\":\"fr-BE\",\"@id\":\"https:\/\/vieassociative.be\/actualites\/#\/schema\/person\/image\/\",\"url\":\"https:\/\/vieassociative.be\/actualites\/wp-content\/uploads\/2024\/09\/vie-associative-1-150x150.jpg\",\"contentUrl\":\"https:\/\/vieassociative.be\/actualites\/wp-content\/uploads\/2024\/09\/vie-associative-1-150x150.jpg\",\"caption\":\"Julien\"},\"description\":\"Je suis Julien, r\u00e9dacteur pour Vie Associative. Passionn\u00e9 par le monde associatif depuis plus de 10 ans, j'ai \u00e0 c\u0153ur de partager des histoires inspirantes et de mettre en lumi\u00e8re les initiatives locales. Mon objectif est de sensibiliser et d'encourager l'engagement communautaire \u00e0 travers mes articles.\",\"sameAs\":[\"https:\/\/vieassociative.be\/\"]}]}<\/script>\n<!-- \/ Yoast SEO plugin. -->","yoast_head_json":{"title":"Mettez \u00e0 jour Windows d\u00e8s que possible pour corriger une autre vuln\u00e9rabilit\u00e9 Zero-Day | Vie Associative","robots":{"index":"index","follow":"follow","max-snippet":"max-snippet:-1","max-image-preview":"max-image-preview:large","max-video-preview":"max-video-preview:-1"},"canonical":"https:\/\/vieassociative.be\/actualites\/mettez-a-jour-windows-des-que-possible-pour-corriger-une-autre-vulnerabilite-zero-day\/","og_locale":"fr_FR","og_type":"article","og_title":"Mettez \u00e0 jour Windows d\u00e8s que possible pour corriger une autre vuln\u00e9rabilit\u00e9 Zero-Day | Vie Associative","og_description":"La mise \u00e0 jour de novembre corrige 63 bugs de s\u00e9curit\u00e9 au total. Si vous \u00eates un utilisateur Windows, il s&rsquo;agit de votre rappel mensuel","og_url":"https:\/\/vieassociative.be\/actualites\/mettez-a-jour-windows-des-que-possible-pour-corriger-une-autre-vulnerabilite-zero-day\/","og_site_name":"Vie Associative","article_published_time":"2025-11-12T23:18:58+00:00","og_image":[{"url":"https:\/\/vieassociative.be\/actualites\/wp-content\/uploads\/2025\/09\/1757726237_608_Meta-pourrait-devoiler-une-montre-intelligente-pour-controler-ses-lunettes.jpg","type":"","width":"","height":""}],"author":"Julien","twitter_card":"summary_large_image","twitter_misc":{"\u00c9crit par":"Julien","Dur\u00e9e de lecture est.":"2 minutes"},"schema":{"@context":"https:\/\/schema.org","@graph":[{"@type":"Article","@id":"https:\/\/vieassociative.be\/actualites\/mettez-a-jour-windows-des-que-possible-pour-corriger-une-autre-vulnerabilite-zero-day\/#article","isPartOf":{"@id":"https:\/\/vieassociative.be\/actualites\/mettez-a-jour-windows-des-que-possible-pour-corriger-une-autre-vulnerabilite-zero-day\/"},"author":{"name":"Julien","@id":"https:\/\/vieassociative.be\/actualites\/#\/schema\/person\/b87ac4f82f9d4e7b7cec7395b679edc4"},"headline":"Mettez \u00e0 jour Windows d\u00e8s que possible pour corriger une autre vuln\u00e9rabilit\u00e9 Zero-Day","datePublished":"2025-11-12T23:18:58+00:00","dateModified":"2025-11-12T23:18:58+00:00","mainEntityOfPage":{"@id":"https:\/\/vieassociative.be\/actualites\/mettez-a-jour-windows-des-que-possible-pour-corriger-une-autre-vulnerabilite-zero-day\/"},"wordCount":477,"publisher":{"@id":"https:\/\/vieassociative.be\/actualites\/#organization"},"image":{"@id":"https:\/\/vieassociative.be\/actualites\/mettez-a-jour-windows-des-que-possible-pour-corriger-une-autre-vulnerabilite-zero-day\/#primaryimage"},"thumbnailUrl":"https:\/\/vieassociative.be\/actualites\/wp-content\/uploads\/2025\/11\/Mettez-a-jour-Windows-des-que-possible-pour-corriger-une.webp.webp","keywords":["autre","corriger","Des","jour","Mettez","pour","une","vuln\u00e9rabilit\u00e9","Windows","ZeroDay"],"articleSection":["Technologie"],"inLanguage":"fr-BE"},{"@type":"WebPage","@id":"https:\/\/vieassociative.be\/actualites\/mettez-a-jour-windows-des-que-possible-pour-corriger-une-autre-vulnerabilite-zero-day\/","url":"https:\/\/vieassociative.be\/actualites\/mettez-a-jour-windows-des-que-possible-pour-corriger-une-autre-vulnerabilite-zero-day\/","name":"Mettez \u00e0 jour Windows d\u00e8s que possible pour corriger une autre vuln\u00e9rabilit\u00e9 Zero-Day | Vie Associative","isPartOf":{"@id":"https:\/\/vieassociative.be\/actualites\/#website"},"primaryImageOfPage":{"@id":"https:\/\/vieassociative.be\/actualites\/mettez-a-jour-windows-des-que-possible-pour-corriger-une-autre-vulnerabilite-zero-day\/#primaryimage"},"image":{"@id":"https:\/\/vieassociative.be\/actualites\/mettez-a-jour-windows-des-que-possible-pour-corriger-une-autre-vulnerabilite-zero-day\/#primaryimage"},"thumbnailUrl":"https:\/\/vieassociative.be\/actualites\/wp-content\/uploads\/2025\/11\/Mettez-a-jour-Windows-des-que-possible-pour-corriger-une.webp.webp","datePublished":"2025-11-12T23:18:58+00:00","dateModified":"2025-11-12T23:18:58+00:00","breadcrumb":{"@id":"https:\/\/vieassociative.be\/actualites\/mettez-a-jour-windows-des-que-possible-pour-corriger-une-autre-vulnerabilite-zero-day\/#breadcrumb"},"inLanguage":"fr-BE","potentialAction":[{"@type":"ReadAction","target":["https:\/\/vieassociative.be\/actualites\/mettez-a-jour-windows-des-que-possible-pour-corriger-une-autre-vulnerabilite-zero-day\/"]}]},{"@type":"ImageObject","inLanguage":"fr-BE","@id":"https:\/\/vieassociative.be\/actualites\/mettez-a-jour-windows-des-que-possible-pour-corriger-une-autre-vulnerabilite-zero-day\/#primaryimage","url":"https:\/\/vieassociative.be\/actualites\/wp-content\/uploads\/2025\/11\/Mettez-a-jour-Windows-des-que-possible-pour-corriger-une.webp.webp","contentUrl":"https:\/\/vieassociative.be\/actualites\/wp-content\/uploads\/2025\/11\/Mettez-a-jour-Windows-des-que-possible-pour-corriger-une.webp.webp","width":1200,"height":675,"caption":"Mettez \u00e0 jour Windows d\u00e8s que possible pour corriger une autre vuln\u00e9rabilit\u00e9 Zero-Day"},{"@type":"BreadcrumbList","@id":"https:\/\/vieassociative.be\/actualites\/mettez-a-jour-windows-des-que-possible-pour-corriger-une-autre-vulnerabilite-zero-day\/#breadcrumb","itemListElement":[{"@type":"ListItem","position":1,"name":"Accueil","item":"https:\/\/vieassociative.be\/actualites\/"},{"@type":"ListItem","position":2,"name":"Mettez \u00e0 jour Windows d\u00e8s que possible pour corriger une autre vuln\u00e9rabilit\u00e9 Zero-Day"}]},{"@type":"WebSite","@id":"https:\/\/vieassociative.be\/actualites\/#website","url":"https:\/\/vieassociative.be\/actualites\/","name":"Vie Associative","description":"","publisher":{"@id":"https:\/\/vieassociative.be\/actualites\/#organization"},"potentialAction":[{"@type":"SearchAction","target":{"@type":"EntryPoint","urlTemplate":"https:\/\/vieassociative.be\/actualites\/?s={search_term_string}"},"query-input":{"@type":"PropertyValueSpecification","valueRequired":true,"valueName":"search_term_string"}}],"inLanguage":"fr-BE"},{"@type":"Organization","@id":"https:\/\/vieassociative.be\/actualites\/#organization","name":"Vie Associative","url":"https:\/\/vieassociative.be\/actualites\/","logo":{"@type":"ImageObject","inLanguage":"fr-BE","@id":"https:\/\/vieassociative.be\/actualites\/#\/schema\/logo\/image\/","url":"https:\/\/vieassociative.be\/actualites\/wp-content\/uploads\/2024\/09\/cropped-vieassociative_favicon.ico.png","contentUrl":"https:\/\/vieassociative.be\/actualites\/wp-content\/uploads\/2024\/09\/cropped-vieassociative_favicon.ico.png","width":512,"height":512,"caption":"Vie Associative"},"image":{"@id":"https:\/\/vieassociative.be\/actualites\/#\/schema\/logo\/image\/"}},{"@type":"Person","@id":"https:\/\/vieassociative.be\/actualites\/#\/schema\/person\/b87ac4f82f9d4e7b7cec7395b679edc4","name":"Julien","image":{"@type":"ImageObject","inLanguage":"fr-BE","@id":"https:\/\/vieassociative.be\/actualites\/#\/schema\/person\/image\/","url":"https:\/\/vieassociative.be\/actualites\/wp-content\/uploads\/2024\/09\/vie-associative-1-150x150.jpg","contentUrl":"https:\/\/vieassociative.be\/actualites\/wp-content\/uploads\/2024\/09\/vie-associative-1-150x150.jpg","caption":"Julien"},"description":"Je suis Julien, r\u00e9dacteur pour Vie Associative. Passionn\u00e9 par le monde associatif depuis plus de 10 ans, j'ai \u00e0 c\u0153ur de partager des histoires inspirantes et de mettre en lumi\u00e8re les initiatives locales. Mon objectif est de sensibiliser et d'encourager l'engagement communautaire \u00e0 travers mes articles.","sameAs":["https:\/\/vieassociative.be\/"]}]}},"_links":{"self":[{"href":"https:\/\/vieassociative.be\/actualites\/wp-json\/wp\/v2\/posts\/11280"}],"collection":[{"href":"https:\/\/vieassociative.be\/actualites\/wp-json\/wp\/v2\/posts"}],"about":[{"href":"https:\/\/vieassociative.be\/actualites\/wp-json\/wp\/v2\/types\/post"}],"author":[{"embeddable":true,"href":"https:\/\/vieassociative.be\/actualites\/wp-json\/wp\/v2\/users\/1"}],"replies":[{"embeddable":true,"href":"https:\/\/vieassociative.be\/actualites\/wp-json\/wp\/v2\/comments?post=11280"}],"version-history":[{"count":0,"href":"https:\/\/vieassociative.be\/actualites\/wp-json\/wp\/v2\/posts\/11280\/revisions"}],"wp:featuredmedia":[{"embeddable":true,"href":"https:\/\/vieassociative.be\/actualites\/wp-json\/wp\/v2\/media\/11281"}],"wp:attachment":[{"href":"https:\/\/vieassociative.be\/actualites\/wp-json\/wp\/v2\/media?parent=11280"}],"wp:term":[{"taxonomy":"category","embeddable":true,"href":"https:\/\/vieassociative.be\/actualites\/wp-json\/wp\/v2\/categories?post=11280"},{"taxonomy":"post_tag","embeddable":true,"href":"https:\/\/vieassociative.be\/actualites\/wp-json\/wp\/v2\/tags?post=11280"}],"curies":[{"name":"wp","href":"https:\/\/api.w.org\/{rel}","templated":true}]}}