{"id":11278,"date":"2025-11-12T21:21:48","date_gmt":"2025-11-12T20:21:48","guid":{"rendered":"https:\/\/vieassociative.be\/actualites\/ps-pour-les-metiers-difficiles-age-de-la-retraite-a-60-ans-ludivine-dedonder-ces-gens-sont-epuises\/"},"modified":"2025-11-12T21:21:48","modified_gmt":"2025-11-12T20:21:48","slug":"ps-pour-les-metiers-difficiles-age-de-la-retraite-a-60-ans-ludivine-dedonder-ces-gens-sont-epuises","status":"publish","type":"post","link":"https:\/\/vieassociative.be\/actualites\/ps-pour-les-metiers-difficiles-age-de-la-retraite-a-60-ans-ludivine-dedonder-ces-gens-sont-epuises\/","title":{"rendered":"PS : Pour les m\u00e9tiers difficiles, \u00e2ge de la retraite \u00e0 60 ans \u2013 Ludivine Dedonder : \u00ab Ces gens sont \u00e9puis\u00e9s \u00bb"},"content":{"rendered":"<p><strong>L&rsquo;ancienne ministre de la D\u00e9fense Ludivine Dedonder (PS) \u00e9tait l&rsquo;invit\u00e9e de la radio Bel RTL mercredi matin. Le d\u00e9put\u00e9 f\u00e9d\u00e9ral en a profit\u00e9 pour plaider en faveur d&rsquo;un projet de loi sur la r\u00e9forme des retraites pr\u00e9sent\u00e9 par le PS.<\/strong><\/p>\n<p><span id=\"more-429577\"><\/span>Les socialistes francophones proposent que la difficult\u00e9 (p\u00e9nibilit\u00e9) de l&rsquo;activit\u00e9 professionnelle soit prise en compte dans la d\u00e9termination de l&rsquo;\u00e2ge de la retraite. Pour certaines professions, il devrait y avoir une retraite anticip\u00e9e sans entra\u00eener de frais suppl\u00e9mentaires.<\/p>\n<p>Dedonder a critiqu\u00e9 la r\u00e9forme des retraites de la \u00ab Coalition Arizona \u00bb (N-VA, MR, Vooruit, Les Engag\u00e9s et CD&#038;V). \u00ab\u00a0Ce gouvernement va durcir les conditions d&rsquo;acc\u00e8s aux retraites. Dans le m\u00eame temps, il instaure un malus, une p\u00e9nalit\u00e9 pour les travailleurs qui ne peuvent atteindre l&rsquo;\u00e2ge l\u00e9gal de la retraite. Le Service public f\u00e9d\u00e9ral (FPS) estime la perte de retraites \u00e0 300 euros en moyenne par mois\u00a0\u00bb, a d\u00e9clar\u00e9 le parlementaire de Tournai.<\/p>\n<\/p>\n<div id=\"attachment_429583\" class=\"wp-caption alignleft\" style=\"max-width: 300px\"><img fetchpriority=\"high\" decoding=\"async\" class=\"wp-image-429583 size-medium\" src=\"https:\/\/vieassociative.be\/actualites\/wp-content\/uploads\/2025\/11\/PS-Pour-les-metiers-difficiles-age-de-la-retraite.jpg\" alt=\"\" width=\"300\" height=\"200\"><\/div>\n<p>La r\u00e9forme socialiste s&rsquo;appuie sur quatre crit\u00e8res objectifs pour prendre en compte la difficult\u00e9 des emplois dans le calcul des retraites :<\/p>\n<p>\u2013 <strong>Stress physique<\/strong> (Port de charges lourdes, postures p\u00e9nibles, vibrations, etc.)<\/p>\n<p><strong>\u2013 L\u2019organisation du travail<\/strong> (Travail de nuit, travail \u00e0 la cha\u00eene, etc.)<\/p>\n<p>\u2013 <strong>Risques de s\u00e9curit\u00e9<\/strong> (Exposition \u00e0 des substances chimiques ou biologiques, au bruit, au froid ou \u00e0 la chaleur, travail en hauteur, etc.)<\/p>\n<p>\u2013 <strong>La tension mentale et \u00e9motionnelle<\/strong> (Confrontation \u00e0 la souffrance, au stress intense, \u00e0 la mort, etc.)<br \/>\nCes crit\u00e8res scientifiquement d\u00e9finis permettraient une augmentation de 5 pour cent par crit\u00e8re et permettraient ainsi une retraite anticip\u00e9e sans pertes financi\u00e8res.<\/p>\n<p>Une infirmi\u00e8re qui commence \u00e0 travailler \u00e0 22 ans apr\u00e8s quatre ann\u00e9es d&rsquo;\u00e9tudes et qui gagne en moyenne 4 000 euros par mois ne pourra, avec la r\u00e9forme du gouvernement de l&rsquo;Arizona, prendre sa retraite qu&rsquo;\u00e0 64 ans et toucher alors 2 240 euros par mois. Avec trois crit\u00e8res reconnus de travail p\u00e9nible, elle pourrait prendre sa retraite \u00e0 60 ans et toucher 2.230 euros par mois.<\/p>\n<\/p>\n<div id=\"attachment_336949\" class=\"wp-caption alignleft\" style=\"max-width: 300px\"><img decoding=\"async\" class=\"wp-image-336949 size-medium\" src=\"https:\/\/vieassociative.be\/actualites\/wp-content\/uploads\/2024\/12\/Frank-Mieux-preparer-la-population-aux-situations-de.jpeg\" alt=\"\" width=\"300\" height=\"200\"  ><\/div>\n<p>Ludivine Dedonder, d\u00e9put\u00e9e f\u00e9d\u00e9rale, rappelle :<br \/>\n<\/p>\n<p>\u00ab\u00a0Si une infirmi\u00e8re ou un ouvrier du b\u00e2timent a travaill\u00e9 toute sa vie dans des conditions difficiles, il m\u00e9rite une pension \u00e9quitable. Reconna\u00eetre les difficult\u00e9s signifie reconna\u00eetre la valeur du travail accompli.\u00a0\u00bb<\/p>\n<p>Cette proposition ne s&rsquo;adresse donc qu&rsquo;aux m\u00e9tiers consid\u00e9r\u00e9s comme \u00ab difficiles \u00bb. \u00ab\u00a0La r\u00e9alit\u00e9 du terrain aujourd&rsquo;hui, c&rsquo;est que les ouvriers, aides-soignants, aides familiales, aides m\u00e9nag\u00e8res et infirmi\u00e8res ne peuvent pas travailler avant 67 ans car leur travail leur cause des dommages physiques et psychiques. Ces personnes sont \u00e9puis\u00e9es\u00a0\u00bb, explique Ludivine Dedonder.<\/p>\n<p>Le d\u00e9put\u00e9 PS veut donc \u00ab r\u00e9compenser les travailleurs \u00bb. Elle annonce cependant un deuxi\u00e8me b\u00e9n\u00e9fice si une telle proposition est adopt\u00e9e : \u00ab Garantir la dignit\u00e9 des travailleurs permet aussi de pr\u00e9venir les maladies de longue dur\u00e9e. \u00bb<\/p>\n<p>Ludivine Dedonder rappelle que cette proposition est \u00ab neutre sur le plan budg\u00e9taire \u00bb : \u00ab C&rsquo;est l&rsquo;essentiel de cette proposition, car les co\u00fbts qui en r\u00e9sulteront seront compens\u00e9s par une baisse des d\u00e9penses dans d&rsquo;autres domaines de la s\u00e9curit\u00e9 sociale, par exemple pour les maladies de longue dur\u00e9e.<\/p>\n<p>Selon le d\u00e9put\u00e9, des \u00e9tudes montrent clairement un lien entre le rel\u00e8vement de l&rsquo;\u00e2ge de la retraite et l&rsquo;augmentation des maladies de longue dur\u00e9e. Dedonder estime qu&rsquo;en durcissant les conditions d&rsquo;acc\u00e8s aux retraites, le gouvernement contribue \u00e0 l&rsquo;augmentation du nombre de malades de longue dur\u00e9e.<\/p>\n<p>En d&rsquo;autres termes : abaisser l&rsquo;\u00e2ge de la retraite pour les personnes ayant exerc\u00e9 un travail difficile permettrait, selon le PS, de lib\u00e9rer des ressources, car cela entra\u00eenerait moins de malades de longue dur\u00e9e. (cr\u00e9er)<\/p>\n","protected":false},"excerpt":{"rendered":"<p>L&rsquo;ancienne ministre de la D\u00e9fense Ludivine Dedonder (PS) \u00e9tait l&rsquo;invit\u00e9e de la radio Bel RTL mercredi matin. Le d\u00e9put\u00e9 f\u00e9d\u00e9ral en a profit\u00e9 pour plaider<\/p>\n","protected":false},"author":1,"featured_media":11279,"comment_status":"","ping_status":"","sticky":false,"template":"","format":"standard","meta":{"footnotes":""},"categories":[298],"tags":[751,584,248,9229,3256,9230,1046,14,9228,9227,81,1460,18],"class_list":["post-11278","post","type-post","status-publish","format-standard","has-post-thumbnail","hentry","category-belgique","tag-age","tag-ans","tag-ces","tag-dedonder","tag-difficiles","tag-epuises","tag-gens","tag-les","tag-ludivine","tag-metiers","tag-pour","tag-retraite","tag-sont","generate-columns","tablet-grid-50","mobile-grid-100","grid-parent","grid-33"],"yoast_head":"<!-- This site is optimized with the Yoast SEO plugin v24.0 - https:\/\/yoast.com\/wordpress\/plugins\/seo\/ -->\n<title>PS : Pour les m\u00e9tiers difficiles, \u00e2ge de la retraite \u00e0 60 ans \u2013 Ludivine Dedonder : \u00ab Ces gens sont \u00e9puis\u00e9s \u00bb | Vie Associative<\/title>\n<meta name=\"robots\" content=\"index, follow, max-snippet:-1, max-image-preview:large, max-video-preview:-1\" \/>\n<link rel=\"canonical\" href=\"https:\/\/vieassociative.be\/actualites\/ps-pour-les-metiers-difficiles-age-de-la-retraite-a-60-ans-ludivine-dedonder-ces-gens-sont-epuises\/\" \/>\n<meta property=\"og:locale\" content=\"fr_FR\" \/>\n<meta property=\"og:type\" content=\"article\" \/>\n<meta property=\"og:title\" content=\"PS : Pour les m\u00e9tiers difficiles, \u00e2ge de la retraite \u00e0 60 ans \u2013 Ludivine Dedonder : \u00ab Ces gens sont \u00e9puis\u00e9s \u00bb | Vie Associative\" \/>\n<meta property=\"og:description\" content=\"L&rsquo;ancienne ministre de la D\u00e9fense Ludivine Dedonder (PS) \u00e9tait l&rsquo;invit\u00e9e de la radio Bel RTL mercredi matin. Le d\u00e9put\u00e9 f\u00e9d\u00e9ral en a profit\u00e9 pour plaider\" \/>\n<meta property=\"og:url\" content=\"https:\/\/vieassociative.be\/actualites\/ps-pour-les-metiers-difficiles-age-de-la-retraite-a-60-ans-ludivine-dedonder-ces-gens-sont-epuises\/\" \/>\n<meta property=\"og:site_name\" content=\"Vie Associative\" \/>\n<meta property=\"article:published_time\" content=\"2025-11-12T20:21:48+00:00\" \/>\n<meta property=\"og:image\" content=\"https:\/\/vieassociative.be\/actualites\/wp-content\/uploads\/2024\/09\/header_backgroundk-01-e1726694325946.png\" \/>\n\t<meta property=\"og:image:width\" content=\"279\" \/>\n\t<meta property=\"og:image:height\" content=\"92\" \/>\n\t<meta property=\"og:image:type\" content=\"image\/png\" \/>\n<meta name=\"author\" content=\"Julien\" \/>\n<meta name=\"twitter:card\" content=\"summary_large_image\" \/>\n<meta name=\"twitter:label1\" content=\"\u00c9crit par\" \/>\n\t<meta name=\"twitter:data1\" content=\"Julien\" \/>\n\t<meta name=\"twitter:label2\" content=\"Dur\u00e9e de lecture est.\" \/>\n\t<meta name=\"twitter:data2\" content=\"3 minutes\" \/>\n<script type=\"application\/ld+json\" class=\"yoast-schema-graph\">{\"@context\":\"https:\/\/schema.org\",\"@graph\":[{\"@type\":\"Article\",\"@id\":\"https:\/\/vieassociative.be\/actualites\/ps-pour-les-metiers-difficiles-age-de-la-retraite-a-60-ans-ludivine-dedonder-ces-gens-sont-epuises\/#article\",\"isPartOf\":{\"@id\":\"https:\/\/vieassociative.be\/actualites\/ps-pour-les-metiers-difficiles-age-de-la-retraite-a-60-ans-ludivine-dedonder-ces-gens-sont-epuises\/\"},\"author\":{\"name\":\"Julien\",\"@id\":\"https:\/\/vieassociative.be\/actualites\/#\/schema\/person\/b87ac4f82f9d4e7b7cec7395b679edc4\"},\"headline\":\"PS : Pour les m\u00e9tiers difficiles, \u00e2ge de la retraite \u00e0 60 ans \u2013 Ludivine Dedonder : \u00ab Ces gens sont \u00e9puis\u00e9s \u00bb\",\"datePublished\":\"2025-11-12T20:21:48+00:00\",\"dateModified\":\"2025-11-12T20:21:48+00:00\",\"mainEntityOfPage\":{\"@id\":\"https:\/\/vieassociative.be\/actualites\/ps-pour-les-metiers-difficiles-age-de-la-retraite-a-60-ans-ludivine-dedonder-ces-gens-sont-epuises\/\"},\"wordCount\":666,\"publisher\":{\"@id\":\"https:\/\/vieassociative.be\/actualites\/#organization\"},\"image\":{\"@id\":\"https:\/\/vieassociative.be\/actualites\/ps-pour-les-metiers-difficiles-age-de-la-retraite-a-60-ans-ludivine-dedonder-ces-gens-sont-epuises\/#primaryimage\"},\"thumbnailUrl\":\"https:\/\/vieassociative.be\/actualites\/wp-content\/uploads\/2025\/11\/1762978908_PS-Pour-les-metiers-difficiles-age-de-la-retraite.jpg\",\"keywords\":[\"\u00e2ge\",\"ans\",\"ces\",\"Dedonder\",\"difficiles\",\"\u00e9puis\u00e9s\",\"gens\",\"Les\",\"Ludivine\",\"m\u00e9tiers\",\"pour\",\"retraite\",\"sont\"],\"articleSection\":[\"Belgique\"],\"inLanguage\":\"fr-BE\"},{\"@type\":\"WebPage\",\"@id\":\"https:\/\/vieassociative.be\/actualites\/ps-pour-les-metiers-difficiles-age-de-la-retraite-a-60-ans-ludivine-dedonder-ces-gens-sont-epuises\/\",\"url\":\"https:\/\/vieassociative.be\/actualites\/ps-pour-les-metiers-difficiles-age-de-la-retraite-a-60-ans-ludivine-dedonder-ces-gens-sont-epuises\/\",\"name\":\"PS : Pour les m\u00e9tiers difficiles, \u00e2ge de la retraite \u00e0 60 ans \u2013 Ludivine Dedonder : \u00ab Ces gens sont \u00e9puis\u00e9s \u00bb | Vie Associative\",\"isPartOf\":{\"@id\":\"https:\/\/vieassociative.be\/actualites\/#website\"},\"primaryImageOfPage\":{\"@id\":\"https:\/\/vieassociative.be\/actualites\/ps-pour-les-metiers-difficiles-age-de-la-retraite-a-60-ans-ludivine-dedonder-ces-gens-sont-epuises\/#primaryimage\"},\"image\":{\"@id\":\"https:\/\/vieassociative.be\/actualites\/ps-pour-les-metiers-difficiles-age-de-la-retraite-a-60-ans-ludivine-dedonder-ces-gens-sont-epuises\/#primaryimage\"},\"thumbnailUrl\":\"https:\/\/vieassociative.be\/actualites\/wp-content\/uploads\/2025\/11\/1762978908_PS-Pour-les-metiers-difficiles-age-de-la-retraite.jpg\",\"datePublished\":\"2025-11-12T20:21:48+00:00\",\"dateModified\":\"2025-11-12T20:21:48+00:00\",\"breadcrumb\":{\"@id\":\"https:\/\/vieassociative.be\/actualites\/ps-pour-les-metiers-difficiles-age-de-la-retraite-a-60-ans-ludivine-dedonder-ces-gens-sont-epuises\/#breadcrumb\"},\"inLanguage\":\"fr-BE\",\"potentialAction\":[{\"@type\":\"ReadAction\",\"target\":[\"https:\/\/vieassociative.be\/actualites\/ps-pour-les-metiers-difficiles-age-de-la-retraite-a-60-ans-ludivine-dedonder-ces-gens-sont-epuises\/\"]}]},{\"@type\":\"ImageObject\",\"inLanguage\":\"fr-BE\",\"@id\":\"https:\/\/vieassociative.be\/actualites\/ps-pour-les-metiers-difficiles-age-de-la-retraite-a-60-ans-ludivine-dedonder-ces-gens-sont-epuises\/#primaryimage\",\"url\":\"https:\/\/vieassociative.be\/actualites\/wp-content\/uploads\/2025\/11\/1762978908_PS-Pour-les-metiers-difficiles-age-de-la-retraite.jpg\",\"contentUrl\":\"https:\/\/vieassociative.be\/actualites\/wp-content\/uploads\/2025\/11\/1762978908_PS-Pour-les-metiers-difficiles-age-de-la-retraite.jpg\",\"width\":900,\"height\":300,\"caption\":\"PS : Pour les m\u00e9tiers difficiles, \u00e2ge de la retraite \u00e0 60 ans \u2013 Ludivine Dedonder : \u00ab Ces gens sont \u00e9puis\u00e9s \u00bb\"},{\"@type\":\"BreadcrumbList\",\"@id\":\"https:\/\/vieassociative.be\/actualites\/ps-pour-les-metiers-difficiles-age-de-la-retraite-a-60-ans-ludivine-dedonder-ces-gens-sont-epuises\/#breadcrumb\",\"itemListElement\":[{\"@type\":\"ListItem\",\"position\":1,\"name\":\"Accueil\",\"item\":\"https:\/\/vieassociative.be\/actualites\/\"},{\"@type\":\"ListItem\",\"position\":2,\"name\":\"PS : Pour les m\u00e9tiers difficiles, \u00e2ge de la retraite \u00e0 60 ans \u2013 Ludivine Dedonder : \u00ab Ces gens sont \u00e9puis\u00e9s \u00bb\"}]},{\"@type\":\"WebSite\",\"@id\":\"https:\/\/vieassociative.be\/actualites\/#website\",\"url\":\"https:\/\/vieassociative.be\/actualites\/\",\"name\":\"Vie Associative\",\"description\":\"\",\"publisher\":{\"@id\":\"https:\/\/vieassociative.be\/actualites\/#organization\"},\"potentialAction\":[{\"@type\":\"SearchAction\",\"target\":{\"@type\":\"EntryPoint\",\"urlTemplate\":\"https:\/\/vieassociative.be\/actualites\/?s={search_term_string}\"},\"query-input\":{\"@type\":\"PropertyValueSpecification\",\"valueRequired\":true,\"valueName\":\"search_term_string\"}}],\"inLanguage\":\"fr-BE\"},{\"@type\":\"Organization\",\"@id\":\"https:\/\/vieassociative.be\/actualites\/#organization\",\"name\":\"Vie Associative\",\"url\":\"https:\/\/vieassociative.be\/actualites\/\",\"logo\":{\"@type\":\"ImageObject\",\"inLanguage\":\"fr-BE\",\"@id\":\"https:\/\/vieassociative.be\/actualites\/#\/schema\/logo\/image\/\",\"url\":\"https:\/\/vieassociative.be\/actualites\/wp-content\/uploads\/2024\/09\/cropped-vieassociative_favicon.ico.png\",\"contentUrl\":\"https:\/\/vieassociative.be\/actualites\/wp-content\/uploads\/2024\/09\/cropped-vieassociative_favicon.ico.png\",\"width\":512,\"height\":512,\"caption\":\"Vie Associative\"},\"image\":{\"@id\":\"https:\/\/vieassociative.be\/actualites\/#\/schema\/logo\/image\/\"}},{\"@type\":\"Person\",\"@id\":\"https:\/\/vieassociative.be\/actualites\/#\/schema\/person\/b87ac4f82f9d4e7b7cec7395b679edc4\",\"name\":\"Julien\",\"image\":{\"@type\":\"ImageObject\",\"inLanguage\":\"fr-BE\",\"@id\":\"https:\/\/vieassociative.be\/actualites\/#\/schema\/person\/image\/\",\"url\":\"https:\/\/vieassociative.be\/actualites\/wp-content\/uploads\/2024\/09\/vie-associative-1-150x150.jpg\",\"contentUrl\":\"https:\/\/vieassociative.be\/actualites\/wp-content\/uploads\/2024\/09\/vie-associative-1-150x150.jpg\",\"caption\":\"Julien\"},\"description\":\"Je suis Julien, r\u00e9dacteur pour Vie Associative. Passionn\u00e9 par le monde associatif depuis plus de 10 ans, j'ai \u00e0 c\u0153ur de partager des histoires inspirantes et de mettre en lumi\u00e8re les initiatives locales. Mon objectif est de sensibiliser et d'encourager l'engagement communautaire \u00e0 travers mes articles.\",\"sameAs\":[\"https:\/\/vieassociative.be\/\"]}]}<\/script>\n<!-- \/ Yoast SEO plugin. -->","yoast_head_json":{"title":"PS : Pour les m\u00e9tiers difficiles, \u00e2ge de la retraite \u00e0 60 ans \u2013 Ludivine Dedonder : \u00ab Ces gens sont \u00e9puis\u00e9s \u00bb | Vie Associative","robots":{"index":"index","follow":"follow","max-snippet":"max-snippet:-1","max-image-preview":"max-image-preview:large","max-video-preview":"max-video-preview:-1"},"canonical":"https:\/\/vieassociative.be\/actualites\/ps-pour-les-metiers-difficiles-age-de-la-retraite-a-60-ans-ludivine-dedonder-ces-gens-sont-epuises\/","og_locale":"fr_FR","og_type":"article","og_title":"PS : Pour les m\u00e9tiers difficiles, \u00e2ge de la retraite \u00e0 60 ans \u2013 Ludivine Dedonder : \u00ab Ces gens sont \u00e9puis\u00e9s \u00bb | Vie Associative","og_description":"L&rsquo;ancienne ministre de la D\u00e9fense Ludivine Dedonder (PS) \u00e9tait l&rsquo;invit\u00e9e de la radio Bel RTL mercredi matin. Le d\u00e9put\u00e9 f\u00e9d\u00e9ral en a profit\u00e9 pour plaider","og_url":"https:\/\/vieassociative.be\/actualites\/ps-pour-les-metiers-difficiles-age-de-la-retraite-a-60-ans-ludivine-dedonder-ces-gens-sont-epuises\/","og_site_name":"Vie Associative","article_published_time":"2025-11-12T20:21:48+00:00","og_image":[{"width":279,"height":92,"url":"https:\/\/vieassociative.be\/actualites\/wp-content\/uploads\/2024\/09\/header_backgroundk-01-e1726694325946.png","type":"image\/png"}],"author":"Julien","twitter_card":"summary_large_image","twitter_misc":{"\u00c9crit par":"Julien","Dur\u00e9e de lecture est.":"3 minutes"},"schema":{"@context":"https:\/\/schema.org","@graph":[{"@type":"Article","@id":"https:\/\/vieassociative.be\/actualites\/ps-pour-les-metiers-difficiles-age-de-la-retraite-a-60-ans-ludivine-dedonder-ces-gens-sont-epuises\/#article","isPartOf":{"@id":"https:\/\/vieassociative.be\/actualites\/ps-pour-les-metiers-difficiles-age-de-la-retraite-a-60-ans-ludivine-dedonder-ces-gens-sont-epuises\/"},"author":{"name":"Julien","@id":"https:\/\/vieassociative.be\/actualites\/#\/schema\/person\/b87ac4f82f9d4e7b7cec7395b679edc4"},"headline":"PS : Pour les m\u00e9tiers difficiles, \u00e2ge de la retraite \u00e0 60 ans \u2013 Ludivine Dedonder : \u00ab Ces gens sont \u00e9puis\u00e9s \u00bb","datePublished":"2025-11-12T20:21:48+00:00","dateModified":"2025-11-12T20:21:48+00:00","mainEntityOfPage":{"@id":"https:\/\/vieassociative.be\/actualites\/ps-pour-les-metiers-difficiles-age-de-la-retraite-a-60-ans-ludivine-dedonder-ces-gens-sont-epuises\/"},"wordCount":666,"publisher":{"@id":"https:\/\/vieassociative.be\/actualites\/#organization"},"image":{"@id":"https:\/\/vieassociative.be\/actualites\/ps-pour-les-metiers-difficiles-age-de-la-retraite-a-60-ans-ludivine-dedonder-ces-gens-sont-epuises\/#primaryimage"},"thumbnailUrl":"https:\/\/vieassociative.be\/actualites\/wp-content\/uploads\/2025\/11\/1762978908_PS-Pour-les-metiers-difficiles-age-de-la-retraite.jpg","keywords":["\u00e2ge","ans","ces","Dedonder","difficiles","\u00e9puis\u00e9s","gens","Les","Ludivine","m\u00e9tiers","pour","retraite","sont"],"articleSection":["Belgique"],"inLanguage":"fr-BE"},{"@type":"WebPage","@id":"https:\/\/vieassociative.be\/actualites\/ps-pour-les-metiers-difficiles-age-de-la-retraite-a-60-ans-ludivine-dedonder-ces-gens-sont-epuises\/","url":"https:\/\/vieassociative.be\/actualites\/ps-pour-les-metiers-difficiles-age-de-la-retraite-a-60-ans-ludivine-dedonder-ces-gens-sont-epuises\/","name":"PS : Pour les m\u00e9tiers difficiles, \u00e2ge de la retraite \u00e0 60 ans \u2013 Ludivine Dedonder : \u00ab Ces gens sont \u00e9puis\u00e9s \u00bb | Vie Associative","isPartOf":{"@id":"https:\/\/vieassociative.be\/actualites\/#website"},"primaryImageOfPage":{"@id":"https:\/\/vieassociative.be\/actualites\/ps-pour-les-metiers-difficiles-age-de-la-retraite-a-60-ans-ludivine-dedonder-ces-gens-sont-epuises\/#primaryimage"},"image":{"@id":"https:\/\/vieassociative.be\/actualites\/ps-pour-les-metiers-difficiles-age-de-la-retraite-a-60-ans-ludivine-dedonder-ces-gens-sont-epuises\/#primaryimage"},"thumbnailUrl":"https:\/\/vieassociative.be\/actualites\/wp-content\/uploads\/2025\/11\/1762978908_PS-Pour-les-metiers-difficiles-age-de-la-retraite.jpg","datePublished":"2025-11-12T20:21:48+00:00","dateModified":"2025-11-12T20:21:48+00:00","breadcrumb":{"@id":"https:\/\/vieassociative.be\/actualites\/ps-pour-les-metiers-difficiles-age-de-la-retraite-a-60-ans-ludivine-dedonder-ces-gens-sont-epuises\/#breadcrumb"},"inLanguage":"fr-BE","potentialAction":[{"@type":"ReadAction","target":["https:\/\/vieassociative.be\/actualites\/ps-pour-les-metiers-difficiles-age-de-la-retraite-a-60-ans-ludivine-dedonder-ces-gens-sont-epuises\/"]}]},{"@type":"ImageObject","inLanguage":"fr-BE","@id":"https:\/\/vieassociative.be\/actualites\/ps-pour-les-metiers-difficiles-age-de-la-retraite-a-60-ans-ludivine-dedonder-ces-gens-sont-epuises\/#primaryimage","url":"https:\/\/vieassociative.be\/actualites\/wp-content\/uploads\/2025\/11\/1762978908_PS-Pour-les-metiers-difficiles-age-de-la-retraite.jpg","contentUrl":"https:\/\/vieassociative.be\/actualites\/wp-content\/uploads\/2025\/11\/1762978908_PS-Pour-les-metiers-difficiles-age-de-la-retraite.jpg","width":900,"height":300,"caption":"PS : Pour les m\u00e9tiers difficiles, \u00e2ge de la retraite \u00e0 60 ans \u2013 Ludivine Dedonder : \u00ab Ces gens sont \u00e9puis\u00e9s \u00bb"},{"@type":"BreadcrumbList","@id":"https:\/\/vieassociative.be\/actualites\/ps-pour-les-metiers-difficiles-age-de-la-retraite-a-60-ans-ludivine-dedonder-ces-gens-sont-epuises\/#breadcrumb","itemListElement":[{"@type":"ListItem","position":1,"name":"Accueil","item":"https:\/\/vieassociative.be\/actualites\/"},{"@type":"ListItem","position":2,"name":"PS : Pour les m\u00e9tiers difficiles, \u00e2ge de la retraite \u00e0 60 ans \u2013 Ludivine Dedonder : \u00ab Ces gens sont \u00e9puis\u00e9s \u00bb"}]},{"@type":"WebSite","@id":"https:\/\/vieassociative.be\/actualites\/#website","url":"https:\/\/vieassociative.be\/actualites\/","name":"Vie Associative","description":"","publisher":{"@id":"https:\/\/vieassociative.be\/actualites\/#organization"},"potentialAction":[{"@type":"SearchAction","target":{"@type":"EntryPoint","urlTemplate":"https:\/\/vieassociative.be\/actualites\/?s={search_term_string}"},"query-input":{"@type":"PropertyValueSpecification","valueRequired":true,"valueName":"search_term_string"}}],"inLanguage":"fr-BE"},{"@type":"Organization","@id":"https:\/\/vieassociative.be\/actualites\/#organization","name":"Vie Associative","url":"https:\/\/vieassociative.be\/actualites\/","logo":{"@type":"ImageObject","inLanguage":"fr-BE","@id":"https:\/\/vieassociative.be\/actualites\/#\/schema\/logo\/image\/","url":"https:\/\/vieassociative.be\/actualites\/wp-content\/uploads\/2024\/09\/cropped-vieassociative_favicon.ico.png","contentUrl":"https:\/\/vieassociative.be\/actualites\/wp-content\/uploads\/2024\/09\/cropped-vieassociative_favicon.ico.png","width":512,"height":512,"caption":"Vie Associative"},"image":{"@id":"https:\/\/vieassociative.be\/actualites\/#\/schema\/logo\/image\/"}},{"@type":"Person","@id":"https:\/\/vieassociative.be\/actualites\/#\/schema\/person\/b87ac4f82f9d4e7b7cec7395b679edc4","name":"Julien","image":{"@type":"ImageObject","inLanguage":"fr-BE","@id":"https:\/\/vieassociative.be\/actualites\/#\/schema\/person\/image\/","url":"https:\/\/vieassociative.be\/actualites\/wp-content\/uploads\/2024\/09\/vie-associative-1-150x150.jpg","contentUrl":"https:\/\/vieassociative.be\/actualites\/wp-content\/uploads\/2024\/09\/vie-associative-1-150x150.jpg","caption":"Julien"},"description":"Je suis Julien, r\u00e9dacteur pour Vie Associative. Passionn\u00e9 par le monde associatif depuis plus de 10 ans, j'ai \u00e0 c\u0153ur de partager des histoires inspirantes et de mettre en lumi\u00e8re les initiatives locales. Mon objectif est de sensibiliser et d'encourager l'engagement communautaire \u00e0 travers mes articles.","sameAs":["https:\/\/vieassociative.be\/"]}]}},"_links":{"self":[{"href":"https:\/\/vieassociative.be\/actualites\/wp-json\/wp\/v2\/posts\/11278"}],"collection":[{"href":"https:\/\/vieassociative.be\/actualites\/wp-json\/wp\/v2\/posts"}],"about":[{"href":"https:\/\/vieassociative.be\/actualites\/wp-json\/wp\/v2\/types\/post"}],"author":[{"embeddable":true,"href":"https:\/\/vieassociative.be\/actualites\/wp-json\/wp\/v2\/users\/1"}],"replies":[{"embeddable":true,"href":"https:\/\/vieassociative.be\/actualites\/wp-json\/wp\/v2\/comments?post=11278"}],"version-history":[{"count":0,"href":"https:\/\/vieassociative.be\/actualites\/wp-json\/wp\/v2\/posts\/11278\/revisions"}],"wp:featuredmedia":[{"embeddable":true,"href":"https:\/\/vieassociative.be\/actualites\/wp-json\/wp\/v2\/media\/11279"}],"wp:attachment":[{"href":"https:\/\/vieassociative.be\/actualites\/wp-json\/wp\/v2\/media?parent=11278"}],"wp:term":[{"taxonomy":"category","embeddable":true,"href":"https:\/\/vieassociative.be\/actualites\/wp-json\/wp\/v2\/categories?post=11278"},{"taxonomy":"post_tag","embeddable":true,"href":"https:\/\/vieassociative.be\/actualites\/wp-json\/wp\/v2\/tags?post=11278"}],"curies":[{"name":"wp","href":"https:\/\/api.w.org\/{rel}","templated":true}]}}