{"id":11270,"date":"2025-11-12T15:18:08","date_gmt":"2025-11-12T14:18:08","guid":{"rendered":"https:\/\/vieassociative.be\/actualites\/arimont-moins-de-bureaucratie-pour-nos-agriculteurs\/"},"modified":"2025-11-12T15:18:08","modified_gmt":"2025-11-12T14:18:08","slug":"arimont-moins-de-bureaucratie-pour-nos-agriculteurs","status":"publish","type":"post","link":"https:\/\/vieassociative.be\/actualites\/arimont-moins-de-bureaucratie-pour-nos-agriculteurs\/","title":{"rendered":"Arimont : \u00ab Moins de bureaucratie pour nos agriculteurs \u00bb"},"content":{"rendered":"<p><strong>Le Parlement europ\u00e9en et les \u00c9tats membres se sont mis d&rsquo;accord sur des simplifications concr\u00e8tes dans le secteur agricole. L\u2019objectif est de r\u00e9duire les efforts administratifs, d\u2019accro\u00eetre la s\u00e9curit\u00e9 de planification et de soutenir davantage les petites entreprises. L&rsquo;objectif est de mettre en \u0153uvre les pr\u00e9occupations centrales des protestations des agriculteurs.<\/strong><\/p>\n<p><span id=\"more-429568\"><\/span>Les agriculteurs de l\u2019UE devraient \u00e0 l\u2019avenir avoir moins de paperasse \u00e0 remplir. Les n\u00e9gociateurs des \u00c9tats de l&rsquo;UE et du Parlement europ\u00e9en se sont mis d&rsquo;accord sur ce point lors des n\u00e9gociations \u00e0 Bruxelles. En outre, il y aura \u00e0 l&rsquo;avenir moins de contr\u00f4les sur place et plus d&rsquo;argent pour les petites entreprises, comme l&rsquo;a annonc\u00e9 la pr\u00e9sidence danoise du Conseil. Le Danemark assure actuellement la pr\u00e9sidence tournante des pays de l\u2019UE.<\/p>\n<div id=\"attachment_429571\" class=\"wp-caption alignleft\" style=\"max-width: 300px\"><img fetchpriority=\"high\" decoding=\"async\" class=\"wp-image-429571 size-medium\" src=\"https:\/\/vieassociative.be\/actualites\/wp-content\/uploads\/2025\/11\/Arimont-Moins-de-bureaucratie-pour-nos-agriculteurs.jpg\" alt=\"\" width=\"300\" height=\"200\"  ><\/div>\n<p>Les conditions d&rsquo;obtention d&rsquo;un financement deviennent plus faciles, notamment pour les exploitations biologiques. Les agriculteurs disposent \u00e9galement de meilleures options pour se prot\u00e9ger contre les risques. En outre, les \u00c9tats membres devraient \u00eatre autoris\u00e9s \u00e0 verser des paiements aux agriculteurs en cas de crise, telle qu&rsquo;une catastrophe naturelle ou des conditions m\u00e9t\u00e9orologiques extr\u00eames. Il s&rsquo;agit de garantir que les agriculteurs concern\u00e9s puissent poursuivre leur travail, pr\u00e9cise le communiqu\u00e9.<\/p>\n<p>Les n\u00e9gociations \u00e9taient bas\u00e9es sur une proposition de la Commission europ\u00e9enne en mai. L\u2019objectif est de renforcer la comp\u00e9titivit\u00e9 de l\u2019agriculture europ\u00e9enne. Selon l&rsquo;autorit\u00e9, une simplification du financement agricole de l&rsquo;UE permettra aux entreprises d&rsquo;\u00e9conomiser un montant estim\u00e9 \u00e0 1,6 milliard d&rsquo;euros de d\u00e9penses chaque ann\u00e9e. Les autorit\u00e9s nationales devraient pouvoir \u00e9conomiser environ 200 millions d&rsquo;euros.<\/p>\n<div id=\"attachment_377169\" class=\"wp-caption alignleft\" style=\"max-width: 300px\"><img decoding=\"async\" class=\"wp-image-377169 size-medium\" src=\"https:\/\/vieassociative.be\/actualites\/wp-content\/uploads\/2025\/11\/1762957088_126_Arimont-Moins-de-bureaucratie-pour-nos-agriculteurs.jpg\" alt=\"\" width=\"300\" height=\"200\"><\/div>\n<p>L&rsquo;ann\u00e9e derni\u00e8re, apr\u00e8s les protestations des agriculteurs dans l&rsquo;UE, des mesures d&rsquo;aide en faveur des agriculteurs ont \u00e9t\u00e9 adopt\u00e9es. \u00c0 cette \u00e9poque, les r\u00e9glementations environnementales \u00e9taient assouplies et les petites entreprises \u00e9taient exempt\u00e9es de contr\u00f4les. Les agriculteurs ont organis\u00e9 des manifestations dans plusieurs pays. Entre autres choses, ils se plaignaient d\u2019une trop grande bureaucratie.<\/p>\n<p>\u00ab\u00a0Nos agriculteurs voulaient moins de paperasse et des r\u00e8gles claires. C&rsquo;est ce que nous avons promis &#8211; et aujourd&rsquo;hui nous le tenons. Moins de contr\u00f4les, des forfaits plus \u00e9lev\u00e9s pour les petites entreprises et plus de flexibilit\u00e9 dans les champs : cela all\u00e8ge sensiblement la charge des exploitations agricoles de l&rsquo;Est de la Belgique et de toute la Wallonie\u00a0\u00bb, a expliqu\u00e9 le d\u00e9put\u00e9 europ\u00e9en de l&rsquo;Est de la Belgique Pascal Arimont (CSP\/PPE) dans une premi\u00e8re \u00e9valuation de l&rsquo;accord conclu.<\/p>\n<p>L&rsquo;accord doit maintenant \u00eatre formellement accept\u00e9 par les \u00c9tats de l&rsquo;UE et le Parlement europ\u00e9en.<\/p>\n<p><em>Voici un aper\u00e7u des points cl\u00e9s de l\u2019accord\u00a0:<\/em><\/p>\n<p>\u2022 <strong>Moins de contr\u00f4les\u00a0:<\/strong> Un maximum d\u2019un contr\u00f4le sur place par an \u2013 il n\u2019y a pas de double contr\u00f4le.<br \/>\n\u2022 <strong>Focus sur les petites entreprises\u00a0:<\/strong> \u00c0 l&rsquo;avenir, le forfait annuel pourra atteindre 3 000 \u20ac ; L&rsquo;aide ponctuelle au d\u00e9veloppement des entreprises est port\u00e9e \u00e0 75 000 \u20ac. Ceci est particuli\u00e8rement utile aux entreprises familiales des Hautes Fagnes, de la zone frontali\u00e8re et de la Wallonie.<br \/>\n\u2022 <strong>Utilisation plus flexible de l\u2019espace\u00a0:<\/strong> Les terres agricoles conserveront leur statut \u00e0 partir du 1er janvier 2026, m\u00eame si elles n&rsquo;ont pas \u00e9t\u00e9 r\u00e9guli\u00e8rement labour\u00e9es \u2013 moins de coercition, plus de bon sens.<br \/>\n\u2022 <strong>Bio sans effort suppl\u00e9mentaire :<\/strong> Pour les zones d&rsquo;agriculture biologique, certaines exigences environnementales sont automatiquement respect\u00e9es : m\u00eames normes, moins de formulaires.<br \/>\n\u2022 <strong>Liquidit\u00e9 plus rapide en cas de crise :<\/strong> Les paiements directs anticip\u00e9s seront facilit\u00e9s ; Les \u00c9tats membres peuvent fournir une aide plus rapidement en cas d&rsquo;urgence. (dpa\/cr\u00e9)<\/p>\n","protected":false},"excerpt":{"rendered":"<p>Le Parlement europ\u00e9en et les \u00c9tats membres se sont mis d&rsquo;accord sur des simplifications concr\u00e8tes dans le secteur agricole. L\u2019objectif est de r\u00e9duire les efforts<\/p>\n","protected":false},"author":1,"featured_media":11271,"comment_status":"","ping_status":"","sticky":false,"template":"","format":"standard","meta":{"footnotes":""},"categories":[298],"tags":[3061,2890,5017,469,3060,81],"class_list":["post-11270","post","type-post","status-publish","format-standard","has-post-thumbnail","hentry","category-belgique","tag-agriculteurs","tag-arimont","tag-bureaucratie","tag-moins","tag-nos","tag-pour","generate-columns","tablet-grid-50","mobile-grid-100","grid-parent","grid-33"],"yoast_head":"<!-- This site is optimized with the Yoast SEO plugin v24.0 - https:\/\/yoast.com\/wordpress\/plugins\/seo\/ -->\n<title>Arimont : \u00ab Moins de bureaucratie pour nos agriculteurs \u00bb | Vie Associative<\/title>\n<meta name=\"robots\" content=\"index, follow, max-snippet:-1, max-image-preview:large, max-video-preview:-1\" \/>\n<link rel=\"canonical\" href=\"https:\/\/vieassociative.be\/actualites\/arimont-moins-de-bureaucratie-pour-nos-agriculteurs\/\" \/>\n<meta property=\"og:locale\" content=\"fr_FR\" \/>\n<meta property=\"og:type\" content=\"article\" \/>\n<meta property=\"og:title\" content=\"Arimont : \u00ab Moins de bureaucratie pour nos agriculteurs \u00bb | Vie Associative\" \/>\n<meta property=\"og:description\" content=\"Le Parlement europ\u00e9en et les \u00c9tats membres se sont mis d&rsquo;accord sur des simplifications concr\u00e8tes dans le secteur agricole. L\u2019objectif est de r\u00e9duire les efforts\" \/>\n<meta property=\"og:url\" content=\"https:\/\/vieassociative.be\/actualites\/arimont-moins-de-bureaucratie-pour-nos-agriculteurs\/\" \/>\n<meta property=\"og:site_name\" content=\"Vie Associative\" \/>\n<meta property=\"article:published_time\" content=\"2025-11-12T14:18:08+00:00\" \/>\n<meta property=\"og:image\" content=\"https:\/\/vieassociative.be\/actualites\/wp-content\/uploads\/2024\/09\/header_backgroundk-01-e1726694325946.png\" \/>\n\t<meta property=\"og:image:width\" content=\"279\" \/>\n\t<meta property=\"og:image:height\" content=\"92\" \/>\n\t<meta property=\"og:image:type\" content=\"image\/png\" \/>\n<meta name=\"author\" content=\"Julien\" \/>\n<meta name=\"twitter:card\" content=\"summary_large_image\" \/>\n<meta name=\"twitter:label1\" content=\"\u00c9crit par\" \/>\n\t<meta name=\"twitter:data1\" content=\"Julien\" \/>\n\t<meta name=\"twitter:label2\" content=\"Dur\u00e9e de lecture est.\" \/>\n\t<meta name=\"twitter:data2\" content=\"3 minutes\" \/>\n<script type=\"application\/ld+json\" class=\"yoast-schema-graph\">{\"@context\":\"https:\/\/schema.org\",\"@graph\":[{\"@type\":\"Article\",\"@id\":\"https:\/\/vieassociative.be\/actualites\/arimont-moins-de-bureaucratie-pour-nos-agriculteurs\/#article\",\"isPartOf\":{\"@id\":\"https:\/\/vieassociative.be\/actualites\/arimont-moins-de-bureaucratie-pour-nos-agriculteurs\/\"},\"author\":{\"name\":\"Julien\",\"@id\":\"https:\/\/vieassociative.be\/actualites\/#\/schema\/person\/b87ac4f82f9d4e7b7cec7395b679edc4\"},\"headline\":\"Arimont : \u00ab Moins de bureaucratie pour nos agriculteurs \u00bb\",\"datePublished\":\"2025-11-12T14:18:08+00:00\",\"dateModified\":\"2025-11-12T14:18:08+00:00\",\"mainEntityOfPage\":{\"@id\":\"https:\/\/vieassociative.be\/actualites\/arimont-moins-de-bureaucratie-pour-nos-agriculteurs\/\"},\"wordCount\":637,\"publisher\":{\"@id\":\"https:\/\/vieassociative.be\/actualites\/#organization\"},\"image\":{\"@id\":\"https:\/\/vieassociative.be\/actualites\/arimont-moins-de-bureaucratie-pour-nos-agriculteurs\/#primaryimage\"},\"thumbnailUrl\":\"https:\/\/vieassociative.be\/actualites\/wp-content\/uploads\/2025\/11\/1762957088_Arimont-Moins-de-bureaucratie-pour-nos-agriculteurs.jpg\",\"keywords\":[\"agriculteurs\",\"Arimont\",\"bureaucratie\",\"moins\",\"nos\",\"pour\"],\"articleSection\":[\"Belgique\"],\"inLanguage\":\"fr-BE\"},{\"@type\":\"WebPage\",\"@id\":\"https:\/\/vieassociative.be\/actualites\/arimont-moins-de-bureaucratie-pour-nos-agriculteurs\/\",\"url\":\"https:\/\/vieassociative.be\/actualites\/arimont-moins-de-bureaucratie-pour-nos-agriculteurs\/\",\"name\":\"Arimont : \u00ab Moins de bureaucratie pour nos agriculteurs \u00bb | Vie Associative\",\"isPartOf\":{\"@id\":\"https:\/\/vieassociative.be\/actualites\/#website\"},\"primaryImageOfPage\":{\"@id\":\"https:\/\/vieassociative.be\/actualites\/arimont-moins-de-bureaucratie-pour-nos-agriculteurs\/#primaryimage\"},\"image\":{\"@id\":\"https:\/\/vieassociative.be\/actualites\/arimont-moins-de-bureaucratie-pour-nos-agriculteurs\/#primaryimage\"},\"thumbnailUrl\":\"https:\/\/vieassociative.be\/actualites\/wp-content\/uploads\/2025\/11\/1762957088_Arimont-Moins-de-bureaucratie-pour-nos-agriculteurs.jpg\",\"datePublished\":\"2025-11-12T14:18:08+00:00\",\"dateModified\":\"2025-11-12T14:18:08+00:00\",\"breadcrumb\":{\"@id\":\"https:\/\/vieassociative.be\/actualites\/arimont-moins-de-bureaucratie-pour-nos-agriculteurs\/#breadcrumb\"},\"inLanguage\":\"fr-BE\",\"potentialAction\":[{\"@type\":\"ReadAction\",\"target\":[\"https:\/\/vieassociative.be\/actualites\/arimont-moins-de-bureaucratie-pour-nos-agriculteurs\/\"]}]},{\"@type\":\"ImageObject\",\"inLanguage\":\"fr-BE\",\"@id\":\"https:\/\/vieassociative.be\/actualites\/arimont-moins-de-bureaucratie-pour-nos-agriculteurs\/#primaryimage\",\"url\":\"https:\/\/vieassociative.be\/actualites\/wp-content\/uploads\/2025\/11\/1762957088_Arimont-Moins-de-bureaucratie-pour-nos-agriculteurs.jpg\",\"contentUrl\":\"https:\/\/vieassociative.be\/actualites\/wp-content\/uploads\/2025\/11\/1762957088_Arimont-Moins-de-bureaucratie-pour-nos-agriculteurs.jpg\",\"width\":1200,\"height\":800,\"caption\":\"Arimont : \u00ab Moins de bureaucratie pour nos agriculteurs \u00bb\"},{\"@type\":\"BreadcrumbList\",\"@id\":\"https:\/\/vieassociative.be\/actualites\/arimont-moins-de-bureaucratie-pour-nos-agriculteurs\/#breadcrumb\",\"itemListElement\":[{\"@type\":\"ListItem\",\"position\":1,\"name\":\"Accueil\",\"item\":\"https:\/\/vieassociative.be\/actualites\/\"},{\"@type\":\"ListItem\",\"position\":2,\"name\":\"Arimont : \u00ab Moins de bureaucratie pour nos agriculteurs \u00bb\"}]},{\"@type\":\"WebSite\",\"@id\":\"https:\/\/vieassociative.be\/actualites\/#website\",\"url\":\"https:\/\/vieassociative.be\/actualites\/\",\"name\":\"Vie Associative\",\"description\":\"\",\"publisher\":{\"@id\":\"https:\/\/vieassociative.be\/actualites\/#organization\"},\"potentialAction\":[{\"@type\":\"SearchAction\",\"target\":{\"@type\":\"EntryPoint\",\"urlTemplate\":\"https:\/\/vieassociative.be\/actualites\/?s={search_term_string}\"},\"query-input\":{\"@type\":\"PropertyValueSpecification\",\"valueRequired\":true,\"valueName\":\"search_term_string\"}}],\"inLanguage\":\"fr-BE\"},{\"@type\":\"Organization\",\"@id\":\"https:\/\/vieassociative.be\/actualites\/#organization\",\"name\":\"Vie Associative\",\"url\":\"https:\/\/vieassociative.be\/actualites\/\",\"logo\":{\"@type\":\"ImageObject\",\"inLanguage\":\"fr-BE\",\"@id\":\"https:\/\/vieassociative.be\/actualites\/#\/schema\/logo\/image\/\",\"url\":\"https:\/\/vieassociative.be\/actualites\/wp-content\/uploads\/2024\/09\/cropped-vieassociative_favicon.ico.png\",\"contentUrl\":\"https:\/\/vieassociative.be\/actualites\/wp-content\/uploads\/2024\/09\/cropped-vieassociative_favicon.ico.png\",\"width\":512,\"height\":512,\"caption\":\"Vie Associative\"},\"image\":{\"@id\":\"https:\/\/vieassociative.be\/actualites\/#\/schema\/logo\/image\/\"}},{\"@type\":\"Person\",\"@id\":\"https:\/\/vieassociative.be\/actualites\/#\/schema\/person\/b87ac4f82f9d4e7b7cec7395b679edc4\",\"name\":\"Julien\",\"image\":{\"@type\":\"ImageObject\",\"inLanguage\":\"fr-BE\",\"@id\":\"https:\/\/vieassociative.be\/actualites\/#\/schema\/person\/image\/\",\"url\":\"https:\/\/vieassociative.be\/actualites\/wp-content\/uploads\/2024\/09\/vie-associative-1-150x150.jpg\",\"contentUrl\":\"https:\/\/vieassociative.be\/actualites\/wp-content\/uploads\/2024\/09\/vie-associative-1-150x150.jpg\",\"caption\":\"Julien\"},\"description\":\"Je suis Julien, r\u00e9dacteur pour Vie Associative. Passionn\u00e9 par le monde associatif depuis plus de 10 ans, j'ai \u00e0 c\u0153ur de partager des histoires inspirantes et de mettre en lumi\u00e8re les initiatives locales. Mon objectif est de sensibiliser et d'encourager l'engagement communautaire \u00e0 travers mes articles.\",\"sameAs\":[\"https:\/\/vieassociative.be\/\"]}]}<\/script>\n<!-- \/ Yoast SEO plugin. -->","yoast_head_json":{"title":"Arimont : \u00ab Moins de bureaucratie pour nos agriculteurs \u00bb | Vie Associative","robots":{"index":"index","follow":"follow","max-snippet":"max-snippet:-1","max-image-preview":"max-image-preview:large","max-video-preview":"max-video-preview:-1"},"canonical":"https:\/\/vieassociative.be\/actualites\/arimont-moins-de-bureaucratie-pour-nos-agriculteurs\/","og_locale":"fr_FR","og_type":"article","og_title":"Arimont : \u00ab Moins de bureaucratie pour nos agriculteurs \u00bb | Vie Associative","og_description":"Le Parlement europ\u00e9en et les \u00c9tats membres se sont mis d&rsquo;accord sur des simplifications concr\u00e8tes dans le secteur agricole. L\u2019objectif est de r\u00e9duire les efforts","og_url":"https:\/\/vieassociative.be\/actualites\/arimont-moins-de-bureaucratie-pour-nos-agriculteurs\/","og_site_name":"Vie Associative","article_published_time":"2025-11-12T14:18:08+00:00","og_image":[{"width":279,"height":92,"url":"https:\/\/vieassociative.be\/actualites\/wp-content\/uploads\/2024\/09\/header_backgroundk-01-e1726694325946.png","type":"image\/png"}],"author":"Julien","twitter_card":"summary_large_image","twitter_misc":{"\u00c9crit par":"Julien","Dur\u00e9e de lecture est.":"3 minutes"},"schema":{"@context":"https:\/\/schema.org","@graph":[{"@type":"Article","@id":"https:\/\/vieassociative.be\/actualites\/arimont-moins-de-bureaucratie-pour-nos-agriculteurs\/#article","isPartOf":{"@id":"https:\/\/vieassociative.be\/actualites\/arimont-moins-de-bureaucratie-pour-nos-agriculteurs\/"},"author":{"name":"Julien","@id":"https:\/\/vieassociative.be\/actualites\/#\/schema\/person\/b87ac4f82f9d4e7b7cec7395b679edc4"},"headline":"Arimont : \u00ab Moins de bureaucratie pour nos agriculteurs \u00bb","datePublished":"2025-11-12T14:18:08+00:00","dateModified":"2025-11-12T14:18:08+00:00","mainEntityOfPage":{"@id":"https:\/\/vieassociative.be\/actualites\/arimont-moins-de-bureaucratie-pour-nos-agriculteurs\/"},"wordCount":637,"publisher":{"@id":"https:\/\/vieassociative.be\/actualites\/#organization"},"image":{"@id":"https:\/\/vieassociative.be\/actualites\/arimont-moins-de-bureaucratie-pour-nos-agriculteurs\/#primaryimage"},"thumbnailUrl":"https:\/\/vieassociative.be\/actualites\/wp-content\/uploads\/2025\/11\/1762957088_Arimont-Moins-de-bureaucratie-pour-nos-agriculteurs.jpg","keywords":["agriculteurs","Arimont","bureaucratie","moins","nos","pour"],"articleSection":["Belgique"],"inLanguage":"fr-BE"},{"@type":"WebPage","@id":"https:\/\/vieassociative.be\/actualites\/arimont-moins-de-bureaucratie-pour-nos-agriculteurs\/","url":"https:\/\/vieassociative.be\/actualites\/arimont-moins-de-bureaucratie-pour-nos-agriculteurs\/","name":"Arimont : \u00ab Moins de bureaucratie pour nos agriculteurs \u00bb | Vie Associative","isPartOf":{"@id":"https:\/\/vieassociative.be\/actualites\/#website"},"primaryImageOfPage":{"@id":"https:\/\/vieassociative.be\/actualites\/arimont-moins-de-bureaucratie-pour-nos-agriculteurs\/#primaryimage"},"image":{"@id":"https:\/\/vieassociative.be\/actualites\/arimont-moins-de-bureaucratie-pour-nos-agriculteurs\/#primaryimage"},"thumbnailUrl":"https:\/\/vieassociative.be\/actualites\/wp-content\/uploads\/2025\/11\/1762957088_Arimont-Moins-de-bureaucratie-pour-nos-agriculteurs.jpg","datePublished":"2025-11-12T14:18:08+00:00","dateModified":"2025-11-12T14:18:08+00:00","breadcrumb":{"@id":"https:\/\/vieassociative.be\/actualites\/arimont-moins-de-bureaucratie-pour-nos-agriculteurs\/#breadcrumb"},"inLanguage":"fr-BE","potentialAction":[{"@type":"ReadAction","target":["https:\/\/vieassociative.be\/actualites\/arimont-moins-de-bureaucratie-pour-nos-agriculteurs\/"]}]},{"@type":"ImageObject","inLanguage":"fr-BE","@id":"https:\/\/vieassociative.be\/actualites\/arimont-moins-de-bureaucratie-pour-nos-agriculteurs\/#primaryimage","url":"https:\/\/vieassociative.be\/actualites\/wp-content\/uploads\/2025\/11\/1762957088_Arimont-Moins-de-bureaucratie-pour-nos-agriculteurs.jpg","contentUrl":"https:\/\/vieassociative.be\/actualites\/wp-content\/uploads\/2025\/11\/1762957088_Arimont-Moins-de-bureaucratie-pour-nos-agriculteurs.jpg","width":1200,"height":800,"caption":"Arimont : \u00ab Moins de bureaucratie pour nos agriculteurs \u00bb"},{"@type":"BreadcrumbList","@id":"https:\/\/vieassociative.be\/actualites\/arimont-moins-de-bureaucratie-pour-nos-agriculteurs\/#breadcrumb","itemListElement":[{"@type":"ListItem","position":1,"name":"Accueil","item":"https:\/\/vieassociative.be\/actualites\/"},{"@type":"ListItem","position":2,"name":"Arimont : \u00ab Moins de bureaucratie pour nos agriculteurs \u00bb"}]},{"@type":"WebSite","@id":"https:\/\/vieassociative.be\/actualites\/#website","url":"https:\/\/vieassociative.be\/actualites\/","name":"Vie Associative","description":"","publisher":{"@id":"https:\/\/vieassociative.be\/actualites\/#organization"},"potentialAction":[{"@type":"SearchAction","target":{"@type":"EntryPoint","urlTemplate":"https:\/\/vieassociative.be\/actualites\/?s={search_term_string}"},"query-input":{"@type":"PropertyValueSpecification","valueRequired":true,"valueName":"search_term_string"}}],"inLanguage":"fr-BE"},{"@type":"Organization","@id":"https:\/\/vieassociative.be\/actualites\/#organization","name":"Vie Associative","url":"https:\/\/vieassociative.be\/actualites\/","logo":{"@type":"ImageObject","inLanguage":"fr-BE","@id":"https:\/\/vieassociative.be\/actualites\/#\/schema\/logo\/image\/","url":"https:\/\/vieassociative.be\/actualites\/wp-content\/uploads\/2024\/09\/cropped-vieassociative_favicon.ico.png","contentUrl":"https:\/\/vieassociative.be\/actualites\/wp-content\/uploads\/2024\/09\/cropped-vieassociative_favicon.ico.png","width":512,"height":512,"caption":"Vie Associative"},"image":{"@id":"https:\/\/vieassociative.be\/actualites\/#\/schema\/logo\/image\/"}},{"@type":"Person","@id":"https:\/\/vieassociative.be\/actualites\/#\/schema\/person\/b87ac4f82f9d4e7b7cec7395b679edc4","name":"Julien","image":{"@type":"ImageObject","inLanguage":"fr-BE","@id":"https:\/\/vieassociative.be\/actualites\/#\/schema\/person\/image\/","url":"https:\/\/vieassociative.be\/actualites\/wp-content\/uploads\/2024\/09\/vie-associative-1-150x150.jpg","contentUrl":"https:\/\/vieassociative.be\/actualites\/wp-content\/uploads\/2024\/09\/vie-associative-1-150x150.jpg","caption":"Julien"},"description":"Je suis Julien, r\u00e9dacteur pour Vie Associative. Passionn\u00e9 par le monde associatif depuis plus de 10 ans, j'ai \u00e0 c\u0153ur de partager des histoires inspirantes et de mettre en lumi\u00e8re les initiatives locales. Mon objectif est de sensibiliser et d'encourager l'engagement communautaire \u00e0 travers mes articles.","sameAs":["https:\/\/vieassociative.be\/"]}]}},"_links":{"self":[{"href":"https:\/\/vieassociative.be\/actualites\/wp-json\/wp\/v2\/posts\/11270"}],"collection":[{"href":"https:\/\/vieassociative.be\/actualites\/wp-json\/wp\/v2\/posts"}],"about":[{"href":"https:\/\/vieassociative.be\/actualites\/wp-json\/wp\/v2\/types\/post"}],"author":[{"embeddable":true,"href":"https:\/\/vieassociative.be\/actualites\/wp-json\/wp\/v2\/users\/1"}],"replies":[{"embeddable":true,"href":"https:\/\/vieassociative.be\/actualites\/wp-json\/wp\/v2\/comments?post=11270"}],"version-history":[{"count":0,"href":"https:\/\/vieassociative.be\/actualites\/wp-json\/wp\/v2\/posts\/11270\/revisions"}],"wp:featuredmedia":[{"embeddable":true,"href":"https:\/\/vieassociative.be\/actualites\/wp-json\/wp\/v2\/media\/11271"}],"wp:attachment":[{"href":"https:\/\/vieassociative.be\/actualites\/wp-json\/wp\/v2\/media?parent=11270"}],"wp:term":[{"taxonomy":"category","embeddable":true,"href":"https:\/\/vieassociative.be\/actualites\/wp-json\/wp\/v2\/categories?post=11270"},{"taxonomy":"post_tag","embeddable":true,"href":"https:\/\/vieassociative.be\/actualites\/wp-json\/wp\/v2\/tags?post=11270"}],"curies":[{"name":"wp","href":"https:\/\/api.w.org\/{rel}","templated":true}]}}