{"id":11268,"date":"2025-11-12T14:18:10","date_gmt":"2025-11-12T13:18:10","guid":{"rendered":"https:\/\/vieassociative.be\/actualites\/utilisez-le-blocage-du-temps-pour-planifier-votre-journee-de-maniere-proactive\/"},"modified":"2025-11-12T14:18:10","modified_gmt":"2025-11-12T13:18:10","slug":"utilisez-le-blocage-du-temps-pour-planifier-votre-journee-de-maniere-proactive","status":"publish","type":"post","link":"https:\/\/vieassociative.be\/actualites\/utilisez-le-blocage-du-temps-pour-planifier-votre-journee-de-maniere-proactive\/","title":{"rendered":"Utilisez le blocage du temps pour planifier votre journ\u00e9e de mani\u00e8re proactive"},"content":{"rendered":"<div class=\"mt-4 leading-6 md:mb-8\">Un emploi du temps plus intense est un emploi du temps plus productif.<\/div>\n<p><\/p>\n<p>Il existe de nombreuses fa\u00e7ons de d\u00e9finir un emploi du temps, depuis l&rsquo;utilisation d&rsquo;un stylo et d&rsquo;un agenda papier jusqu&rsquo;\u00e0 la sortie de marqueurs effa\u00e7ables \u00e0 sec et le gribouillage sur votre horloge. Ils vont de fastidieux \u00e0 totalement archa\u00efques, mais il y a une technique pour chacun. Une m\u00e9thode que j\u2019appr\u00e9cie vise \u00e0 vous donner plus d\u2019informations sur la fa\u00e7on dont vous passez votre temps et \u00e0 vous aider \u00e0 g\u00e9rer votre journ\u00e9e \u00e0 la minute pr\u00e8s. C&rsquo;est ce qu&rsquo;on appelle le blocage du temps.<\/p>\n<h2 id=\"what-is-time-blocking\">Qu\u2019est-ce que le blocage du temps ?<\/h2>\n<p>Le blocage du temps consiste \u00e0 organiser votre emploi du temps de mani\u00e8re \u00e0 ce que chaque activit\u00e9 que vous devez effectuer au cours d&rsquo;une journ\u00e9e soit prise en compte visuellement. Id\u00e9alement, vous le ferez en utilisant un outil de calendrier num\u00e9rique comme Google Calendar ou iCal, mais c&rsquo;est possible avec un planificateur et des surligneurs. M\u00eame si vous \u00e9crivez tout \u00e0 la main sur une feuille de papier, pensez \u00e0 la fa\u00e7on dont Google Agenda <em>regarde <\/em>avant de commencer<em>.<\/em> Chaque jour est repr\u00e9sent\u00e9 par une colonne divis\u00e9e en incr\u00e9ments de 15 minutes, de minuit \u00e0 23h59. Lorsque vous ajoutez une r\u00e9union ou un rendez-vous dans le calendrier, une bo\u00eete appara\u00eet et remplit l&rsquo;espace repr\u00e9sentant le temps que l&rsquo;\u00e9v\u00e9nement prendra dans votre journ\u00e9e.<\/p>\n<p>Avec le blocage du temps, votre objectif est de remplir toute la colonne de cases, sans laisser d&rsquo;espace vide. M\u00eame vos p\u00e9riodes de repos doivent \u00eatre marqu\u00e9es comme telles (et oui, vous avez besoin de p\u00e9riodes de repos pour \u00eatre les plus productives, alors ne les sautez pas). Aucune activit\u00e9 \u2013 du petit-d\u00e9jeuner aux courses en passant par appeler votre m\u00e8re \u2013 n\u2019est trop petite pour \u00eatre ajout\u00e9e \u00e0 la liste. Ensuite, \u00e0 vous de classer le tout avec une jolie couleur (en mati\u00e8re de gestion du temps, il faut trouver son propre plaisir).<\/p>\n<div class=\"mx-auto mb-12 mt-5 w-full max-w-3xl rounded-md border-2 border-gray-100 p-3 shadow-md md:px-7 md:pb-7 md:pt-5\" id=\"related-video\">\n<div class=\"mb-3 flex items-center md:mb-5\">\n        <img decoding=\"async\" class=\"mr-4 mt-0 h-10 w-10 md:mr-5 md:h-12 md:w-12\" src=\"https:\/\/vieassociative.be\/actualites\/wp-content\/uploads\/2025\/09\/1757726237_608_Meta-pourrait-devoiler-une-montre-intelligente-pour-controler-ses-lunettes.jpg\" alt=\"Logo du pirate de la vie\"><\/p><\/div>\n<div class=\"aspect-video w-full overflow-hidden rounded-md\">\n<div id=\"video-container-01K9W30QRSGRTM0FV12TGTQV5D\"><\/div>\n<\/p><\/div>\n<\/div>\n<h2 id=\"how-to-create-a-time-blocking-schedule\">Comment cr\u00e9er un planning de blocage de temps<\/h2>\n<p>Commencez par faire une liste de tout ce que vous allez faire demain. Par exemple, vous pouvez vous r\u00e9veiller, consulter les actualit\u00e9s, prendre une douche, pr\u00e9parer un caf\u00e9, vous rendre au travail, prendre votre petit-d\u00e9jeuner, r\u00e9pondre \u00e0 vos e-mails, assister \u00e0 une r\u00e9union, d\u00e9jeuner avec un vieil ami, travailler sur un projet, rentrer chez vous, emmener les enfants \u00e0 un match de baseball, aller d\u00eener, <em>manger <\/em>ce d\u00eener, regardez votre \u00e9mission pr\u00e9f\u00e9r\u00e9e, pr\u00e9parez-vous \u00e0 vous coucher, restez \u00e9veill\u00e9 en pensant au changement climatique et dormez r\u00e9ellement. Soyez granulaire ici. \u00c0 premi\u00e8re vue, vous pourriez penser que votre liste de choses \u00e0 faire un jour donn\u00e9 se r\u00e9sume simplement \u00e0 \u00ab respecter les d\u00e9lais au travail \u00bb et \u00e0 \u00ab prendre rendez-vous chez le m\u00e9decin \u00bb, mais pensez \u00e0 tout le reste, comme pr\u00e9parer votre d\u00e9jeuner, se rendre sur les lieux, s&rsquo;arr\u00eater pour faire le plein, etc. <\/p>\n<p>Une fois que vous avez r\u00e9dig\u00e9 la liste exhaustive des t\u00e2ches de votre journ\u00e9e, notez combien de temps chacune pourrait (ou devrait) prendre. Cette partie demandera de la pratique car nous avons tendance \u00e0 nous donner <em>aussi<\/em> <em>beaucoup<\/em> du temps pour les t\u00e2ches \u2013 et c&rsquo;est mauvais pour plusieurs raisons. Premi\u00e8rement, vous avez besoin d\u2019un peu d\u2019urgence et de stress (mais pas trop) pour \u00eatre productif, vous avez donc besoin d\u2019un temps limit\u00e9. Deuxi\u00e8mement, plus vous vous consacrez de temps au travail, plus vous prolongerez ce travail et moins vous en accomplirez. Donnez-vous quelques semaines pour commencer \u00e0 r\u00e9duire le temps que vous estimez que chaque t\u00e2che prendra, mais engagez-vous \u00e0 \u00e9ventuellement r\u00e9duire ces fen\u00eatres. <\/p>\n<p>Ensuite, prenez le papier (ou ouvrez le logiciel) que vous utilisez pour bloquer le temps et entrez chaque \u00e9v\u00e9nement et responsabilit\u00e9, en fonction du temps que vous lui avez allou\u00e9. Si vous voulez voir comment vous r\u00e9partissez votre journ\u00e9e, choisissez diff\u00e9rentes couleurs pour classer les t\u00e2ches, comme le bleu pour la toilette\/le bain, le jaune pour le travail et le vert pour les repas. Soyez cependant strat\u00e9gique quant aux t\u00e2ches qui seront retenues un jour donn\u00e9. Utilisez une technique de priorisation telle que la matrice d&rsquo;Eisenhower pour d\u00e9terminer lesquelles de vos t\u00e2ches sont r\u00e9ellement urgentes et lesquelles peuvent \u00eatre report\u00e9es \u00e0 un autre jour. Ensuite, utilisez une m\u00e9thode d&rsquo;organisation de liste de t\u00e2ches comme 1-2-3 pour r\u00e9partir correctement votre temps quotidien. N&rsquo;oubliez pas que votre temps dans une journ\u00e9e est limit\u00e9 et que vous ne pouvez donc pas tout faire en m\u00eame temps. Avec 1-2-3, vous s\u00e9lectionnez une t\u00e2che majeure, deux de taille moyenne et trois plus petites \u00e0 accomplir dans une journ\u00e9e. Les plus petites peuvent \u00eatre des \u00e9l\u00e9ments constitutifs du plus grand ou peuvent \u00eatre de simples activit\u00e9s de maintenance comme r\u00e9pondre \u00e0 des e-mails ou aller au pressing.<\/p>\n<p>L\u2019astuce consiste ensuite \u00e0 traiter chaque bo\u00eete de la m\u00eame mani\u00e8re que vous traiteriez une r\u00e9union\u00a0: ne la reprogrammez pas. Ne plaisante pas trop avec \u00e7a. Honorez le temps que cela repr\u00e9sente, engagez-vous \u00e0 effectuer la t\u00e2che \u00e0 l\u2019heure sp\u00e9cifi\u00e9e et faites de votre mieux pour la terminer dans le temps que vous lui avez r\u00e9serv\u00e9. C&rsquo;est ce qu&rsquo;on appelle le temps <em>boxe<\/em>un concept similaire mais l\u00e9g\u00e8rement diff\u00e9rent qui implique de se donner un certain temps pour faire quelque chose, de se concentrer uniquement sur cette t\u00e2che pendant ce temps et d&rsquo;arr\u00eater son travail lorsque le temps est \u00e9coul\u00e9. J&rsquo;ai \u00e9crit plus en d\u00e9tail sur les similitudes et les diff\u00e9rences entre le time boxing et le time blocking, mais tout ce que vous devez savoir pour l&rsquo;instant, c&rsquo;est que pendant le temps que vous r\u00e9servez pour faire quelque chose sur votre calendrier, vous devez vous engager pleinement dans un travail en profondeur, \u00e9viter les distractions et consacrer toute votre \u00e9nergie \u00e0 la responsabilit\u00e9 qui vous incombe. Comme pour toute r\u00e9union ou \u00e9v\u00e9nement planifi\u00e9 \u00e0 l&rsquo;avance, les choses <em>volont\u00e9 <\/em>des \u00e9v\u00e9nements qui perturbent l&#8217;emploi du temps, mais en l&rsquo;absence de bouleversement majeur (le genre de chose pour laquelle vous d\u00e9placeriez une r\u00e9union de travail), promettez-vous de respecter vos plages horaires.<\/p>\n<p>Il est judicieux ici de mettre \u00e9galement en \u0153uvre une sorte de suivi du temps, qu&rsquo;il s&rsquo;agisse d&rsquo;\u00e9crire combien de temps vos t\u00e2ches vous prennent r\u00e9ellement ou d&rsquo;utiliser un logiciel pour surveiller votre travail, afin que vous puissiez ajuster vos plages de temps \u00e0 mesure que vous ma\u00eetrisez mieux le syst\u00e8me. Au cours de la premi\u00e8re semaine ou des deux premi\u00e8res semaines, vous devinerez probablement combien de temps chaque t\u00e2che vous prendra lorsque vous \u00e9tablirez le calendrier, mais apr\u00e8s un certain temps, vous devriez \u00eatre en mesure d&rsquo;identifier si quelque chose prend plus ou moins de temps que celui que vous avez pr\u00e9vu, puis d&rsquo;ajuster le calendrier en fonction de ces besoins \u00e0 l&rsquo;avenir.<\/p>\n<h2 id=\"the-reason-time-blocking-works\">La raison pour laquelle le blocage du temps fonctionne<\/h2>\n<p>Le blocage du temps est appr\u00e9ci\u00e9 de ses adeptes. Comme le souligne la Harvard Business Review, une liste de t\u00e2ches r\u00e9guli\u00e8re vous donne beaucoup trop de choix et pas assez de structure. L&rsquo;ajout de l&rsquo;\u00e9l\u00e9ment temps vous aide \u00e0 rester concentr\u00e9 sur votre t\u00e2che. Cr\u00e9er une repr\u00e9sentation visuelle et cod\u00e9e par couleur de cette p\u00e9riode vous permet de rester concentr\u00e9 et de vous assurer de toujours savoir exactement ce que vous \u00eates cens\u00e9 faire. Il n\u2019y a plus de paralysie de l\u2019ind\u00e9cision. Vous consultez votre agenda Google et savez simplement quoi faire et combien de temps vous devez le faire. De plus, si vous utilisez un calendrier partag\u00e9 avec des coll\u00e8gues ou votre famille, tous les autres sauront \u00e9galement quand vous \u00eates disponible et ce que vous faites. <\/p>\n<p>Cela vous aide \u00e9galement \u00e0 respecter les d\u00e9lais et \u00e0 respecter vos directives. Si vous savez qu&rsquo;un certain projet ou une certaine t\u00e2che prendra au total 50 heures, le blocage du temps vous aide \u00e0 les espacer et \u00e0 leur faire de la place dans votre emploi du temps, vous permettant ainsi d&rsquo;accomplir les choses selon un calendrier d\u00e9fini sans avoir \u00e0 deviner si vous avez vraiment le temps pour cela. Si vous terminez quelque chose plus t\u00f4t que pr\u00e9vu, tant mieux\u00a0! Allez-y et ajoutez un petit bloc de temps libre.<\/p>\n<h2 id=\"a-final-note-on-time-blocking\">Une derni\u00e8re note sur le blocage du temps<\/h2>\n<p>Le blocage du temps est souvent confondu avec le time boxing et de nombreux blogs et hacks de productivit\u00e9 parleront de \u00ab time boxing \u00bb lorsqu&rsquo;ils signifient blocage du temps. L\u2019article ci-dessus de la Harvard Business Review le fait, par exemple. C&rsquo;est une erreur facile \u00e0 commettre et, en fait, dans une version pr\u00e9c\u00e9dente de cet article, <em>je <\/em>appel\u00e9 time blocking time boxing. Tant que vous vous en tenez au plan et que vous \u00e9tablissez un calendrier d\u00e9taill\u00e9, peu importe comment vous l&rsquo;appelez, mais cela pourrait cr\u00e9er une certaine confusion pendant que vous lisez d&rsquo;autres guides, alors soyez simplement pr\u00e9venu. Un aper\u00e7u complet des diff\u00e9rences entre les deux peut \u00eatre trouv\u00e9 ici.<\/p>\n","protected":false},"excerpt":{"rendered":"<p>Un emploi du temps plus intense est un emploi du temps plus productif. Il existe de nombreuses fa\u00e7ons de d\u00e9finir un emploi du temps, depuis<\/p>\n","protected":false},"author":1,"featured_media":11269,"comment_status":"","ping_status":"","sticky":false,"template":"","format":"standard","meta":{"footnotes":""},"categories":[43],"tags":[4341,2877,327,1403,81,9226,790,105,8],"class_list":["post-11268","post","type-post","status-publish","format-standard","has-post-thumbnail","hentry","category-travail","tag-blocage","tag-journee","tag-maniere","tag-planifier","tag-pour","tag-proactive","tag-temps","tag-utilisez","tag-votre","generate-columns","tablet-grid-50","mobile-grid-100","grid-parent","grid-33"],"yoast_head":"<!-- This site is optimized with the Yoast SEO plugin v24.0 - https:\/\/yoast.com\/wordpress\/plugins\/seo\/ -->\n<title>Utilisez le blocage du temps pour planifier votre journ\u00e9e de mani\u00e8re proactive | Vie Associative<\/title>\n<meta name=\"robots\" content=\"index, follow, max-snippet:-1, max-image-preview:large, max-video-preview:-1\" \/>\n<link rel=\"canonical\" href=\"https:\/\/vieassociative.be\/actualites\/utilisez-le-blocage-du-temps-pour-planifier-votre-journee-de-maniere-proactive\/\" \/>\n<meta property=\"og:locale\" content=\"fr_FR\" \/>\n<meta property=\"og:type\" content=\"article\" \/>\n<meta property=\"og:title\" content=\"Utilisez le blocage du temps pour planifier votre journ\u00e9e de mani\u00e8re proactive | Vie Associative\" \/>\n<meta property=\"og:description\" content=\"Un emploi du temps plus intense est un emploi du temps plus productif. Il existe de nombreuses fa\u00e7ons de d\u00e9finir un emploi du temps, depuis\" \/>\n<meta property=\"og:url\" content=\"https:\/\/vieassociative.be\/actualites\/utilisez-le-blocage-du-temps-pour-planifier-votre-journee-de-maniere-proactive\/\" \/>\n<meta property=\"og:site_name\" content=\"Vie Associative\" \/>\n<meta property=\"article:published_time\" content=\"2025-11-12T13:18:10+00:00\" \/>\n<meta property=\"og:image\" content=\"https:\/\/vieassociative.be\/actualites\/wp-content\/uploads\/2025\/09\/1757726237_608_Meta-pourrait-devoiler-une-montre-intelligente-pour-controler-ses-lunettes.jpg\" \/>\n<meta name=\"author\" content=\"Julien\" \/>\n<meta name=\"twitter:card\" content=\"summary_large_image\" \/>\n<meta name=\"twitter:label1\" content=\"\u00c9crit par\" \/>\n\t<meta name=\"twitter:data1\" content=\"Julien\" \/>\n\t<meta name=\"twitter:label2\" content=\"Dur\u00e9e de lecture est.\" \/>\n\t<meta name=\"twitter:data2\" content=\"8 minutes\" \/>\n<script type=\"application\/ld+json\" class=\"yoast-schema-graph\">{\"@context\":\"https:\/\/schema.org\",\"@graph\":[{\"@type\":\"Article\",\"@id\":\"https:\/\/vieassociative.be\/actualites\/utilisez-le-blocage-du-temps-pour-planifier-votre-journee-de-maniere-proactive\/#article\",\"isPartOf\":{\"@id\":\"https:\/\/vieassociative.be\/actualites\/utilisez-le-blocage-du-temps-pour-planifier-votre-journee-de-maniere-proactive\/\"},\"author\":{\"name\":\"Julien\",\"@id\":\"https:\/\/vieassociative.be\/actualites\/#\/schema\/person\/b87ac4f82f9d4e7b7cec7395b679edc4\"},\"headline\":\"Utilisez le blocage du temps pour planifier votre journ\u00e9e de mani\u00e8re proactive\",\"datePublished\":\"2025-11-12T13:18:10+00:00\",\"dateModified\":\"2025-11-12T13:18:10+00:00\",\"mainEntityOfPage\":{\"@id\":\"https:\/\/vieassociative.be\/actualites\/utilisez-le-blocage-du-temps-pour-planifier-votre-journee-de-maniere-proactive\/\"},\"wordCount\":1611,\"publisher\":{\"@id\":\"https:\/\/vieassociative.be\/actualites\/#organization\"},\"image\":{\"@id\":\"https:\/\/vieassociative.be\/actualites\/utilisez-le-blocage-du-temps-pour-planifier-votre-journee-de-maniere-proactive\/#primaryimage\"},\"thumbnailUrl\":\"https:\/\/vieassociative.be\/actualites\/wp-content\/uploads\/2025\/11\/Utilisez-le-blocage-du-temps-pour-planifier-votre-journee-de.jpg\",\"keywords\":[\"blocage\",\"journ\u00e9e\",\"mani\u00e8re\",\"planifier\",\"pour\",\"proactive\",\"temps\",\"Utilisez\",\"votre\"],\"articleSection\":[\"Travail\"],\"inLanguage\":\"fr-BE\"},{\"@type\":\"WebPage\",\"@id\":\"https:\/\/vieassociative.be\/actualites\/utilisez-le-blocage-du-temps-pour-planifier-votre-journee-de-maniere-proactive\/\",\"url\":\"https:\/\/vieassociative.be\/actualites\/utilisez-le-blocage-du-temps-pour-planifier-votre-journee-de-maniere-proactive\/\",\"name\":\"Utilisez le blocage du temps pour planifier votre journ\u00e9e de mani\u00e8re proactive | Vie Associative\",\"isPartOf\":{\"@id\":\"https:\/\/vieassociative.be\/actualites\/#website\"},\"primaryImageOfPage\":{\"@id\":\"https:\/\/vieassociative.be\/actualites\/utilisez-le-blocage-du-temps-pour-planifier-votre-journee-de-maniere-proactive\/#primaryimage\"},\"image\":{\"@id\":\"https:\/\/vieassociative.be\/actualites\/utilisez-le-blocage-du-temps-pour-planifier-votre-journee-de-maniere-proactive\/#primaryimage\"},\"thumbnailUrl\":\"https:\/\/vieassociative.be\/actualites\/wp-content\/uploads\/2025\/11\/Utilisez-le-blocage-du-temps-pour-planifier-votre-journee-de.jpg\",\"datePublished\":\"2025-11-12T13:18:10+00:00\",\"dateModified\":\"2025-11-12T13:18:10+00:00\",\"breadcrumb\":{\"@id\":\"https:\/\/vieassociative.be\/actualites\/utilisez-le-blocage-du-temps-pour-planifier-votre-journee-de-maniere-proactive\/#breadcrumb\"},\"inLanguage\":\"fr-BE\",\"potentialAction\":[{\"@type\":\"ReadAction\",\"target\":[\"https:\/\/vieassociative.be\/actualites\/utilisez-le-blocage-du-temps-pour-planifier-votre-journee-de-maniere-proactive\/\"]}]},{\"@type\":\"ImageObject\",\"inLanguage\":\"fr-BE\",\"@id\":\"https:\/\/vieassociative.be\/actualites\/utilisez-le-blocage-du-temps-pour-planifier-votre-journee-de-maniere-proactive\/#primaryimage\",\"url\":\"https:\/\/vieassociative.be\/actualites\/wp-content\/uploads\/2025\/11\/Utilisez-le-blocage-du-temps-pour-planifier-votre-journee-de.jpg\",\"contentUrl\":\"https:\/\/vieassociative.be\/actualites\/wp-content\/uploads\/2025\/11\/Utilisez-le-blocage-du-temps-pour-planifier-votre-journee-de.jpg\",\"width\":1200,\"height\":675,\"caption\":\"Utilisez le blocage du temps pour planifier votre journ\u00e9e de mani\u00e8re proactive\"},{\"@type\":\"BreadcrumbList\",\"@id\":\"https:\/\/vieassociative.be\/actualites\/utilisez-le-blocage-du-temps-pour-planifier-votre-journee-de-maniere-proactive\/#breadcrumb\",\"itemListElement\":[{\"@type\":\"ListItem\",\"position\":1,\"name\":\"Accueil\",\"item\":\"https:\/\/vieassociative.be\/actualites\/\"},{\"@type\":\"ListItem\",\"position\":2,\"name\":\"Utilisez le blocage du temps pour planifier votre journ\u00e9e de mani\u00e8re proactive\"}]},{\"@type\":\"WebSite\",\"@id\":\"https:\/\/vieassociative.be\/actualites\/#website\",\"url\":\"https:\/\/vieassociative.be\/actualites\/\",\"name\":\"Vie Associative\",\"description\":\"\",\"publisher\":{\"@id\":\"https:\/\/vieassociative.be\/actualites\/#organization\"},\"potentialAction\":[{\"@type\":\"SearchAction\",\"target\":{\"@type\":\"EntryPoint\",\"urlTemplate\":\"https:\/\/vieassociative.be\/actualites\/?s={search_term_string}\"},\"query-input\":{\"@type\":\"PropertyValueSpecification\",\"valueRequired\":true,\"valueName\":\"search_term_string\"}}],\"inLanguage\":\"fr-BE\"},{\"@type\":\"Organization\",\"@id\":\"https:\/\/vieassociative.be\/actualites\/#organization\",\"name\":\"Vie Associative\",\"url\":\"https:\/\/vieassociative.be\/actualites\/\",\"logo\":{\"@type\":\"ImageObject\",\"inLanguage\":\"fr-BE\",\"@id\":\"https:\/\/vieassociative.be\/actualites\/#\/schema\/logo\/image\/\",\"url\":\"https:\/\/vieassociative.be\/actualites\/wp-content\/uploads\/2024\/09\/cropped-vieassociative_favicon.ico.png\",\"contentUrl\":\"https:\/\/vieassociative.be\/actualites\/wp-content\/uploads\/2024\/09\/cropped-vieassociative_favicon.ico.png\",\"width\":512,\"height\":512,\"caption\":\"Vie Associative\"},\"image\":{\"@id\":\"https:\/\/vieassociative.be\/actualites\/#\/schema\/logo\/image\/\"}},{\"@type\":\"Person\",\"@id\":\"https:\/\/vieassociative.be\/actualites\/#\/schema\/person\/b87ac4f82f9d4e7b7cec7395b679edc4\",\"name\":\"Julien\",\"image\":{\"@type\":\"ImageObject\",\"inLanguage\":\"fr-BE\",\"@id\":\"https:\/\/vieassociative.be\/actualites\/#\/schema\/person\/image\/\",\"url\":\"https:\/\/vieassociative.be\/actualites\/wp-content\/uploads\/2024\/09\/vie-associative-1-150x150.jpg\",\"contentUrl\":\"https:\/\/vieassociative.be\/actualites\/wp-content\/uploads\/2024\/09\/vie-associative-1-150x150.jpg\",\"caption\":\"Julien\"},\"description\":\"Je suis Julien, r\u00e9dacteur pour Vie Associative. Passionn\u00e9 par le monde associatif depuis plus de 10 ans, j'ai \u00e0 c\u0153ur de partager des histoires inspirantes et de mettre en lumi\u00e8re les initiatives locales. Mon objectif est de sensibiliser et d'encourager l'engagement communautaire \u00e0 travers mes articles.\",\"sameAs\":[\"https:\/\/vieassociative.be\/\"]}]}<\/script>\n<!-- \/ Yoast SEO plugin. -->","yoast_head_json":{"title":"Utilisez le blocage du temps pour planifier votre journ\u00e9e de mani\u00e8re proactive | Vie Associative","robots":{"index":"index","follow":"follow","max-snippet":"max-snippet:-1","max-image-preview":"max-image-preview:large","max-video-preview":"max-video-preview:-1"},"canonical":"https:\/\/vieassociative.be\/actualites\/utilisez-le-blocage-du-temps-pour-planifier-votre-journee-de-maniere-proactive\/","og_locale":"fr_FR","og_type":"article","og_title":"Utilisez le blocage du temps pour planifier votre journ\u00e9e de mani\u00e8re proactive | Vie Associative","og_description":"Un emploi du temps plus intense est un emploi du temps plus productif. Il existe de nombreuses fa\u00e7ons de d\u00e9finir un emploi du temps, depuis","og_url":"https:\/\/vieassociative.be\/actualites\/utilisez-le-blocage-du-temps-pour-planifier-votre-journee-de-maniere-proactive\/","og_site_name":"Vie Associative","article_published_time":"2025-11-12T13:18:10+00:00","og_image":[{"url":"https:\/\/vieassociative.be\/actualites\/wp-content\/uploads\/2025\/09\/1757726237_608_Meta-pourrait-devoiler-une-montre-intelligente-pour-controler-ses-lunettes.jpg","type":"","width":"","height":""}],"author":"Julien","twitter_card":"summary_large_image","twitter_misc":{"\u00c9crit par":"Julien","Dur\u00e9e de lecture est.":"8 minutes"},"schema":{"@context":"https:\/\/schema.org","@graph":[{"@type":"Article","@id":"https:\/\/vieassociative.be\/actualites\/utilisez-le-blocage-du-temps-pour-planifier-votre-journee-de-maniere-proactive\/#article","isPartOf":{"@id":"https:\/\/vieassociative.be\/actualites\/utilisez-le-blocage-du-temps-pour-planifier-votre-journee-de-maniere-proactive\/"},"author":{"name":"Julien","@id":"https:\/\/vieassociative.be\/actualites\/#\/schema\/person\/b87ac4f82f9d4e7b7cec7395b679edc4"},"headline":"Utilisez le blocage du temps pour planifier votre journ\u00e9e de mani\u00e8re proactive","datePublished":"2025-11-12T13:18:10+00:00","dateModified":"2025-11-12T13:18:10+00:00","mainEntityOfPage":{"@id":"https:\/\/vieassociative.be\/actualites\/utilisez-le-blocage-du-temps-pour-planifier-votre-journee-de-maniere-proactive\/"},"wordCount":1611,"publisher":{"@id":"https:\/\/vieassociative.be\/actualites\/#organization"},"image":{"@id":"https:\/\/vieassociative.be\/actualites\/utilisez-le-blocage-du-temps-pour-planifier-votre-journee-de-maniere-proactive\/#primaryimage"},"thumbnailUrl":"https:\/\/vieassociative.be\/actualites\/wp-content\/uploads\/2025\/11\/Utilisez-le-blocage-du-temps-pour-planifier-votre-journee-de.jpg","keywords":["blocage","journ\u00e9e","mani\u00e8re","planifier","pour","proactive","temps","Utilisez","votre"],"articleSection":["Travail"],"inLanguage":"fr-BE"},{"@type":"WebPage","@id":"https:\/\/vieassociative.be\/actualites\/utilisez-le-blocage-du-temps-pour-planifier-votre-journee-de-maniere-proactive\/","url":"https:\/\/vieassociative.be\/actualites\/utilisez-le-blocage-du-temps-pour-planifier-votre-journee-de-maniere-proactive\/","name":"Utilisez le blocage du temps pour planifier votre journ\u00e9e de mani\u00e8re proactive | Vie Associative","isPartOf":{"@id":"https:\/\/vieassociative.be\/actualites\/#website"},"primaryImageOfPage":{"@id":"https:\/\/vieassociative.be\/actualites\/utilisez-le-blocage-du-temps-pour-planifier-votre-journee-de-maniere-proactive\/#primaryimage"},"image":{"@id":"https:\/\/vieassociative.be\/actualites\/utilisez-le-blocage-du-temps-pour-planifier-votre-journee-de-maniere-proactive\/#primaryimage"},"thumbnailUrl":"https:\/\/vieassociative.be\/actualites\/wp-content\/uploads\/2025\/11\/Utilisez-le-blocage-du-temps-pour-planifier-votre-journee-de.jpg","datePublished":"2025-11-12T13:18:10+00:00","dateModified":"2025-11-12T13:18:10+00:00","breadcrumb":{"@id":"https:\/\/vieassociative.be\/actualites\/utilisez-le-blocage-du-temps-pour-planifier-votre-journee-de-maniere-proactive\/#breadcrumb"},"inLanguage":"fr-BE","potentialAction":[{"@type":"ReadAction","target":["https:\/\/vieassociative.be\/actualites\/utilisez-le-blocage-du-temps-pour-planifier-votre-journee-de-maniere-proactive\/"]}]},{"@type":"ImageObject","inLanguage":"fr-BE","@id":"https:\/\/vieassociative.be\/actualites\/utilisez-le-blocage-du-temps-pour-planifier-votre-journee-de-maniere-proactive\/#primaryimage","url":"https:\/\/vieassociative.be\/actualites\/wp-content\/uploads\/2025\/11\/Utilisez-le-blocage-du-temps-pour-planifier-votre-journee-de.jpg","contentUrl":"https:\/\/vieassociative.be\/actualites\/wp-content\/uploads\/2025\/11\/Utilisez-le-blocage-du-temps-pour-planifier-votre-journee-de.jpg","width":1200,"height":675,"caption":"Utilisez le blocage du temps pour planifier votre journ\u00e9e de mani\u00e8re proactive"},{"@type":"BreadcrumbList","@id":"https:\/\/vieassociative.be\/actualites\/utilisez-le-blocage-du-temps-pour-planifier-votre-journee-de-maniere-proactive\/#breadcrumb","itemListElement":[{"@type":"ListItem","position":1,"name":"Accueil","item":"https:\/\/vieassociative.be\/actualites\/"},{"@type":"ListItem","position":2,"name":"Utilisez le blocage du temps pour planifier votre journ\u00e9e de mani\u00e8re proactive"}]},{"@type":"WebSite","@id":"https:\/\/vieassociative.be\/actualites\/#website","url":"https:\/\/vieassociative.be\/actualites\/","name":"Vie Associative","description":"","publisher":{"@id":"https:\/\/vieassociative.be\/actualites\/#organization"},"potentialAction":[{"@type":"SearchAction","target":{"@type":"EntryPoint","urlTemplate":"https:\/\/vieassociative.be\/actualites\/?s={search_term_string}"},"query-input":{"@type":"PropertyValueSpecification","valueRequired":true,"valueName":"search_term_string"}}],"inLanguage":"fr-BE"},{"@type":"Organization","@id":"https:\/\/vieassociative.be\/actualites\/#organization","name":"Vie Associative","url":"https:\/\/vieassociative.be\/actualites\/","logo":{"@type":"ImageObject","inLanguage":"fr-BE","@id":"https:\/\/vieassociative.be\/actualites\/#\/schema\/logo\/image\/","url":"https:\/\/vieassociative.be\/actualites\/wp-content\/uploads\/2024\/09\/cropped-vieassociative_favicon.ico.png","contentUrl":"https:\/\/vieassociative.be\/actualites\/wp-content\/uploads\/2024\/09\/cropped-vieassociative_favicon.ico.png","width":512,"height":512,"caption":"Vie Associative"},"image":{"@id":"https:\/\/vieassociative.be\/actualites\/#\/schema\/logo\/image\/"}},{"@type":"Person","@id":"https:\/\/vieassociative.be\/actualites\/#\/schema\/person\/b87ac4f82f9d4e7b7cec7395b679edc4","name":"Julien","image":{"@type":"ImageObject","inLanguage":"fr-BE","@id":"https:\/\/vieassociative.be\/actualites\/#\/schema\/person\/image\/","url":"https:\/\/vieassociative.be\/actualites\/wp-content\/uploads\/2024\/09\/vie-associative-1-150x150.jpg","contentUrl":"https:\/\/vieassociative.be\/actualites\/wp-content\/uploads\/2024\/09\/vie-associative-1-150x150.jpg","caption":"Julien"},"description":"Je suis Julien, r\u00e9dacteur pour Vie Associative. Passionn\u00e9 par le monde associatif depuis plus de 10 ans, j'ai \u00e0 c\u0153ur de partager des histoires inspirantes et de mettre en lumi\u00e8re les initiatives locales. Mon objectif est de sensibiliser et d'encourager l'engagement communautaire \u00e0 travers mes articles.","sameAs":["https:\/\/vieassociative.be\/"]}]}},"_links":{"self":[{"href":"https:\/\/vieassociative.be\/actualites\/wp-json\/wp\/v2\/posts\/11268"}],"collection":[{"href":"https:\/\/vieassociative.be\/actualites\/wp-json\/wp\/v2\/posts"}],"about":[{"href":"https:\/\/vieassociative.be\/actualites\/wp-json\/wp\/v2\/types\/post"}],"author":[{"embeddable":true,"href":"https:\/\/vieassociative.be\/actualites\/wp-json\/wp\/v2\/users\/1"}],"replies":[{"embeddable":true,"href":"https:\/\/vieassociative.be\/actualites\/wp-json\/wp\/v2\/comments?post=11268"}],"version-history":[{"count":0,"href":"https:\/\/vieassociative.be\/actualites\/wp-json\/wp\/v2\/posts\/11268\/revisions"}],"wp:featuredmedia":[{"embeddable":true,"href":"https:\/\/vieassociative.be\/actualites\/wp-json\/wp\/v2\/media\/11269"}],"wp:attachment":[{"href":"https:\/\/vieassociative.be\/actualites\/wp-json\/wp\/v2\/media?parent=11268"}],"wp:term":[{"taxonomy":"category","embeddable":true,"href":"https:\/\/vieassociative.be\/actualites\/wp-json\/wp\/v2\/categories?post=11268"},{"taxonomy":"post_tag","embeddable":true,"href":"https:\/\/vieassociative.be\/actualites\/wp-json\/wp\/v2\/tags?post=11268"}],"curies":[{"name":"wp","href":"https:\/\/api.w.org\/{rel}","templated":true}]}}