{"id":11265,"date":"2025-11-12T09:17:27","date_gmt":"2025-11-12T08:17:27","guid":{"rendered":"https:\/\/vieassociative.be\/actualites\/le-11-novembre-la-ville-brille-a-nouveau-a-la-lueur-des-lanternes-62e-procession-de-saint-martin-deupen-en-images-galerie-photos\/"},"modified":"2025-11-12T09:17:27","modified_gmt":"2025-11-12T08:17:27","slug":"le-11-novembre-la-ville-brille-a-nouveau-a-la-lueur-des-lanternes-62e-procession-de-saint-martin-deupen-en-images-galerie-photos","status":"publish","type":"post","link":"https:\/\/vieassociative.be\/actualites\/le-11-novembre-la-ville-brille-a-nouveau-a-la-lueur-des-lanternes-62e-procession-de-saint-martin-deupen-en-images-galerie-photos\/","title":{"rendered":"Le 11 novembre, la ville brille \u00e0 nouveau \u00e0 la lueur des lanternes : 62e Procession de Saint-Martin d&rsquo;Eupen en images (galerie photos)"},"content":{"rendered":"<p><strong>Le 11 novembre 2025, Eupen s&rsquo;est \u00e0 nouveau transform\u00e9e en une mer de lumi\u00e8re \u00e9tincelante : la 62e procession de Saint-Martin a d\u00e9fil\u00e9 dans les rues de Weyerstadt le jour de l&rsquo;Armistice. Le photographe Patrick von Staufenberg \u00e9tait pr\u00e9sent avec son appareil photo pour \u00ab Ostbelgien Direkt \u00bb. Voici ses photos (voir GALERIE DE PHOTOS ci-dessous).<\/strong><\/p>\n<p><span id=\"more-429438\"><\/span>Il faisait environ 10 degr\u00e9s en d\u00e9but de soir\u00e9e lorsque le cort\u00e8ge de la Saint-Martin s&rsquo;est \u00e9lanc\u00e9 dans la ville basse. Les enfants portaient leurs lanternes \u00e0 travers la ville, faisant revivre la l\u00e9gende de Saint Martin de Tours, le soldat romain qui partageait son manteau avec un mendiant gel\u00e9.<\/p>\n<p>Cette tradition \u00e9mouvante a \u00e9t\u00e9 lanc\u00e9e en 1963 par Robert Schaaf, co-fondateur de l&rsquo;association touristique. Tim Jodocy du KLJ a cette fois poursuivi la tradition de la famille Ernst et a endoss\u00e9 le r\u00f4le de Saint Martin parce que l&rsquo;acteur actuel Jan Ernst n&rsquo;\u00e9tait pas en mesure de jouer.<\/p>\n<div id=\"attachment_429554\" class=\"wp-caption alignleft\" style=\"max-width: 300px\"><img fetchpriority=\"high\" decoding=\"async\" class=\"wp-image-429554 size-medium\" src=\"https:\/\/vieassociative.be\/actualites\/wp-content\/uploads\/2025\/11\/Le-11-novembre-la-ville-brille-a-nouveau-a-la.jpg\" alt=\"\" width=\"300\" height=\"200\"  ><\/div>\n<p>La semaine pr\u00e9c\u00e9dant la grande f\u00eate, le groupe Martins avait d\u00e9j\u00e0 sem\u00e9 la joie dans les maisons de retraite d&rsquo;Eupen, o\u00f9 il avait offert aux r\u00e9sidents du chocolat et des gaufres.<\/p>\n<p>La f\u00eate de la Saint-Martin a commenc\u00e9 \u00e0 17h30. \u00e0 l&rsquo;\u00e9glise Saint-Joseph de la ville basse. De l\u00e0, Saint-Martin traversa la ville, accompagn\u00e9 d&rsquo;une vingtaine de soldats, de wagons \u00e0 bagages romains et de trois fanfares.<\/p>\n<p>L&rsquo;itin\u00e9raire ferroviaire partait de la Haasstrasse via Olengraben, Rotenberg, Hufengasse, Marktplatz, Kirchstrasse, Kl\u00f6tzerbahn et Gospertstrasse jusqu&rsquo;\u00e0 Werthplatz. C&rsquo;est l\u00e0, devant la porte de la ville d&rsquo;Amiens, qu&rsquo;a eu lieu le traditionnel rituel du partage des manteaux, suivi du grand feu de joie de la Saint-Martin.<\/p>\n<p>La tombola des oies de Saint-Martin a eu lieu sur la Werthplatz, ce qui n&rsquo;est pas sans rappeler l&rsquo;histoire de la fa\u00e7on dont Martin s&rsquo;\u00e9tait cach\u00e9 parmi les oies &#8211; mais elles l&rsquo;ont trahi avec leur bavardage.<\/p>\n<p><b><i>Vous trouverez ci-dessous une GALERIE DE PHOTOS avec des photos du photographe Patrick von Staufenberg du d\u00e9fil\u00e9 de la Saint-Martin d&rsquo;Eupen le 11 novembre 2025 (cliquez sur l&rsquo;image pour l&rsquo;agrandir)\u00a0:<\/i><\/b><\/p>\n<div class=\"wp-gallery row\">\n<figure class=\"column small-6 medium-3 end\"><img decoding=\"async\" src=\"https:\/\/vieassociative.be\/actualites\/wp-content\/uploads\/2025\/11\/1762935440_122_Le-11-novembre-la-ville-brille-a-nouveau-a-la.jpg\" width=\"159\" height=\"159\" alt=\"\"><\/figure>\n<figure class=\"column small-6 medium-3 end\"><img decoding=\"async\" src=\"https:\/\/vieassociative.be\/actualites\/wp-content\/uploads\/2025\/11\/1762935440_418_Le-11-novembre-la-ville-brille-a-nouveau-a-la.jpg\" width=\"159\" height=\"159\" alt=\"\"><\/figure>\n<figure class=\"column small-6 medium-3 end\"><img loading=\"lazy\" decoding=\"async\" src=\"https:\/\/vieassociative.be\/actualites\/wp-content\/uploads\/2025\/11\/1762935440_756_Le-11-novembre-la-ville-brille-a-nouveau-a-la.jpg\" width=\"159\" height=\"159\" alt=\"\"><\/figure>\n<figure class=\"column small-6 medium-3 end\"><img loading=\"lazy\" decoding=\"async\" src=\"https:\/\/vieassociative.be\/actualites\/wp-content\/uploads\/2025\/11\/1762935440_598_Le-11-novembre-la-ville-brille-a-nouveau-a-la.jpg\" width=\"159\" height=\"159\" alt=\"\"><\/figure>\n<figure class=\"column small-6 medium-3 end\"><img loading=\"lazy\" decoding=\"async\" src=\"https:\/\/vieassociative.be\/actualites\/wp-content\/uploads\/2025\/11\/1762935440_64_Le-11-novembre-la-ville-brille-a-nouveau-a-la.jpg\" width=\"159\" height=\"159\" alt=\"\"><\/figure>\n<figure class=\"column small-6 medium-3 end\"><img loading=\"lazy\" decoding=\"async\" src=\"https:\/\/vieassociative.be\/actualites\/wp-content\/uploads\/2025\/11\/1762935441_489_Le-11-novembre-la-ville-brille-a-nouveau-a-la.jpg\" width=\"159\" height=\"159\" alt=\"\"><\/figure>\n<figure class=\"column small-6 medium-3 end\"><img loading=\"lazy\" decoding=\"async\" src=\"https:\/\/vieassociative.be\/actualites\/wp-content\/uploads\/2025\/11\/1762935441_485_Le-11-novembre-la-ville-brille-a-nouveau-a-la.jpg\" width=\"159\" height=\"159\" alt=\"\"><\/figure>\n<figure class=\"column small-6 medium-3 end\"><img loading=\"lazy\" decoding=\"async\" src=\"https:\/\/vieassociative.be\/actualites\/wp-content\/uploads\/2025\/11\/1762935441_534_Le-11-novembre-la-ville-brille-a-nouveau-a-la.jpg\" width=\"159\" height=\"159\" alt=\"\"><\/figure>\n<figure class=\"column small-6 medium-3 end\"><img loading=\"lazy\" decoding=\"async\" src=\"https:\/\/vieassociative.be\/actualites\/wp-content\/uploads\/2025\/11\/1762935441_552_Le-11-novembre-la-ville-brille-a-nouveau-a-la.jpg\" width=\"159\" height=\"159\" alt=\"\"><\/figure>\n<figure class=\"column small-6 medium-3 end\"><img loading=\"lazy\" decoding=\"async\" src=\"https:\/\/vieassociative.be\/actualites\/wp-content\/uploads\/2025\/11\/1762935441_164_Le-11-novembre-la-ville-brille-a-nouveau-a-la.jpg\" width=\"159\" height=\"159\" alt=\"\"><\/figure>\n<figure class=\"column small-6 medium-3 end\"><img loading=\"lazy\" decoding=\"async\" src=\"https:\/\/vieassociative.be\/actualites\/wp-content\/uploads\/2025\/11\/1762935441_600_Le-11-novembre-la-ville-brille-a-nouveau-a-la.jpg\" width=\"159\" height=\"159\" alt=\"\"><\/figure>\n<figure class=\"column small-6 medium-3 end\"><img loading=\"lazy\" decoding=\"async\" src=\"https:\/\/vieassociative.be\/actualites\/wp-content\/uploads\/2025\/11\/1762935441_628_Le-11-novembre-la-ville-brille-a-nouveau-a-la.jpg\" width=\"159\" height=\"159\" alt=\"\"><\/figure>\n<figure class=\"column small-6 medium-3 end\"><img loading=\"lazy\" decoding=\"async\" src=\"https:\/\/vieassociative.be\/actualites\/wp-content\/uploads\/2025\/11\/1762935441_244_Le-11-novembre-la-ville-brille-a-nouveau-a-la.jpg\" width=\"159\" height=\"159\" alt=\"\"><\/figure>\n<figure class=\"column small-6 medium-3 end\"><img loading=\"lazy\" decoding=\"async\" src=\"https:\/\/vieassociative.be\/actualites\/wp-content\/uploads\/2025\/11\/1762935441_956_Le-11-novembre-la-ville-brille-a-nouveau-a-la.jpg\" width=\"159\" height=\"159\" alt=\"\"><\/figure>\n<figure class=\"column small-6 medium-3 end\"><img loading=\"lazy\" decoding=\"async\" src=\"https:\/\/vieassociative.be\/actualites\/wp-content\/uploads\/2025\/11\/1762935441_765_Le-11-novembre-la-ville-brille-a-nouveau-a-la.jpg\" width=\"159\" height=\"159\" alt=\"\"><\/figure>\n<figure class=\"column small-6 medium-3 end\"><img loading=\"lazy\" decoding=\"async\" src=\"https:\/\/vieassociative.be\/actualites\/wp-content\/uploads\/2025\/11\/1762935441_67_Le-11-novembre-la-ville-brille-a-nouveau-a-la.jpg\" width=\"159\" height=\"159\" alt=\"\"><\/figure>\n<figure class=\"column small-6 medium-3 end\"><img loading=\"lazy\" decoding=\"async\" src=\"https:\/\/vieassociative.be\/actualites\/wp-content\/uploads\/2025\/11\/1762935441_400_Le-11-novembre-la-ville-brille-a-nouveau-a-la.jpg\" width=\"159\" height=\"159\" alt=\"\"><\/figure>\n<figure class=\"column small-6 medium-3 end\"><img loading=\"lazy\" decoding=\"async\" src=\"https:\/\/vieassociative.be\/actualites\/wp-content\/uploads\/2025\/11\/1762935442_363_Le-11-novembre-la-ville-brille-a-nouveau-a-la.jpg\" width=\"159\" height=\"159\" alt=\"\"><\/figure>\n<figure class=\"column small-6 medium-3 end\"><img loading=\"lazy\" decoding=\"async\" src=\"https:\/\/vieassociative.be\/actualites\/wp-content\/uploads\/2025\/11\/1762935442_846_Le-11-novembre-la-ville-brille-a-nouveau-a-la.jpg\" width=\"159\" height=\"159\" alt=\"\"><\/figure>\n<figure class=\"column small-6 medium-3 end\"><img loading=\"lazy\" decoding=\"async\" src=\"https:\/\/vieassociative.be\/actualites\/wp-content\/uploads\/2025\/11\/1762935442_398_Le-11-novembre-la-ville-brille-a-nouveau-a-la.jpg\" width=\"159\" height=\"159\" alt=\"\"><\/figure>\n<figure class=\"column small-6 medium-3 end\"><img loading=\"lazy\" decoding=\"async\" src=\"https:\/\/vieassociative.be\/actualites\/wp-content\/uploads\/2025\/11\/1762935442_23_Le-11-novembre-la-ville-brille-a-nouveau-a-la.jpg\" width=\"159\" height=\"159\" alt=\"\"><\/figure>\n<figure class=\"column small-6 medium-3 end\"><img loading=\"lazy\" decoding=\"async\" src=\"https:\/\/vieassociative.be\/actualites\/wp-content\/uploads\/2025\/11\/1762935442_89_Le-11-novembre-la-ville-brille-a-nouveau-a-la.jpg\" width=\"159\" height=\"159\" alt=\"\"><\/figure>\n<figure class=\"column small-6 medium-3 end\"><img loading=\"lazy\" decoding=\"async\" src=\"https:\/\/vieassociative.be\/actualites\/wp-content\/uploads\/2025\/11\/1762935442_450_Le-11-novembre-la-ville-brille-a-nouveau-a-la.jpg\" width=\"159\" height=\"159\" alt=\"\"><\/figure>\n<figure class=\"column small-6 medium-3 end\"><img loading=\"lazy\" decoding=\"async\" src=\"https:\/\/vieassociative.be\/actualites\/wp-content\/uploads\/2025\/11\/1762935442_210_Le-11-novembre-la-ville-brille-a-nouveau-a-la.jpg\" width=\"159\" height=\"159\" alt=\"\"><\/figure>\n<figure class=\"column small-6 medium-3 end\"><img loading=\"lazy\" decoding=\"async\" src=\"https:\/\/vieassociative.be\/actualites\/wp-content\/uploads\/2025\/11\/1762935442_635_Le-11-novembre-la-ville-brille-a-nouveau-a-la.jpg\" width=\"159\" height=\"159\" alt=\"\"><\/figure>\n<figure class=\"column small-6 medium-3 end\"><img loading=\"lazy\" decoding=\"async\" src=\"https:\/\/vieassociative.be\/actualites\/wp-content\/uploads\/2025\/11\/1762935442_847_Le-11-novembre-la-ville-brille-a-nouveau-a-la.jpg\" width=\"159\" height=\"159\" alt=\"\"><\/figure>\n<figure class=\"column small-6 medium-3 end\"><img loading=\"lazy\" decoding=\"async\" src=\"https:\/\/vieassociative.be\/actualites\/wp-content\/uploads\/2025\/11\/1762935442_45_Le-11-novembre-la-ville-brille-a-nouveau-a-la.jpg\" width=\"159\" height=\"159\" alt=\"\"><\/figure>\n<figure class=\"column small-6 medium-3 end\"><img loading=\"lazy\" decoding=\"async\" src=\"https:\/\/vieassociative.be\/actualites\/wp-content\/uploads\/2025\/11\/1762935442_775_Le-11-novembre-la-ville-brille-a-nouveau-a-la.jpg\" width=\"159\" height=\"159\" alt=\"\"><\/figure>\n<figure class=\"column small-6 medium-3 end\"><img loading=\"lazy\" decoding=\"async\" src=\"https:\/\/vieassociative.be\/actualites\/wp-content\/uploads\/2025\/11\/1762935443_403_Le-11-novembre-la-ville-brille-a-nouveau-a-la.jpg\" width=\"159\" height=\"159\" alt=\"\"><\/figure>\n<figure class=\"column small-6 medium-3 end\"><img loading=\"lazy\" decoding=\"async\" src=\"https:\/\/vieassociative.be\/actualites\/wp-content\/uploads\/2025\/11\/1762935443_528_Le-11-novembre-la-ville-brille-a-nouveau-a-la.jpg\" width=\"159\" height=\"159\" alt=\"\"><\/figure>\n<figure class=\"column small-6 medium-3 end\"><img loading=\"lazy\" decoding=\"async\" src=\"https:\/\/vieassociative.be\/actualites\/wp-content\/uploads\/2025\/11\/1762935443_391_Le-11-novembre-la-ville-brille-a-nouveau-a-la.jpg\" width=\"159\" height=\"159\" alt=\"\"><\/figure>\n<figure class=\"column small-6 medium-3 end\"><img loading=\"lazy\" decoding=\"async\" src=\"https:\/\/vieassociative.be\/actualites\/wp-content\/uploads\/2025\/11\/1762935443_165_Le-11-novembre-la-ville-brille-a-nouveau-a-la.jpg\" width=\"159\" height=\"159\" alt=\"\"><\/figure>\n<figure class=\"column small-6 medium-3 end\"><img loading=\"lazy\" decoding=\"async\" src=\"https:\/\/vieassociative.be\/actualites\/wp-content\/uploads\/2025\/11\/1762935443_741_Le-11-novembre-la-ville-brille-a-nouveau-a-la.jpg\" width=\"159\" height=\"159\" alt=\"\"><\/figure>\n<figure class=\"column small-6 medium-3 end\"><img loading=\"lazy\" decoding=\"async\" src=\"https:\/\/vieassociative.be\/actualites\/wp-content\/uploads\/2025\/11\/1762935443_90_Le-11-novembre-la-ville-brille-a-nouveau-a-la.jpg\" width=\"159\" height=\"159\" alt=\"\"><\/figure>\n<figure class=\"column small-6 medium-3 end\"><img loading=\"lazy\" decoding=\"async\" src=\"https:\/\/vieassociative.be\/actualites\/wp-content\/uploads\/2025\/11\/1762935443_961_Le-11-novembre-la-ville-brille-a-nouveau-a-la.jpg\" width=\"159\" height=\"159\" alt=\"\"><\/figure>\n<figure class=\"column small-6 medium-3 end\"><img loading=\"lazy\" decoding=\"async\" src=\"https:\/\/vieassociative.be\/actualites\/wp-content\/uploads\/2025\/11\/1762935443_50_Le-11-novembre-la-ville-brille-a-nouveau-a-la.jpg\" width=\"159\" height=\"159\" alt=\"\"><\/figure>\n<figure class=\"column small-6 medium-3 end\"><img loading=\"lazy\" decoding=\"async\" src=\"https:\/\/vieassociative.be\/actualites\/wp-content\/uploads\/2025\/11\/1762935443_702_Le-11-novembre-la-ville-brille-a-nouveau-a-la.jpg\" width=\"159\" height=\"159\" alt=\"\"><\/figure>\n<figure class=\"column small-6 medium-3 end\"><img loading=\"lazy\" decoding=\"async\" src=\"https:\/\/vieassociative.be\/actualites\/wp-content\/uploads\/2025\/11\/1762935443_259_Le-11-novembre-la-ville-brille-a-nouveau-a-la.jpg\" width=\"159\" height=\"159\" alt=\"\"><\/figure>\n<figure class=\"column small-6 medium-3 end\"><img loading=\"lazy\" decoding=\"async\" src=\"https:\/\/vieassociative.be\/actualites\/wp-content\/uploads\/2025\/11\/1762935443_859_Le-11-novembre-la-ville-brille-a-nouveau-a-la.jpg\" width=\"159\" height=\"159\" alt=\"\"><\/figure>\n<figure class=\"column small-6 medium-3 end\"><img loading=\"lazy\" decoding=\"async\" src=\"https:\/\/vieassociative.be\/actualites\/wp-content\/uploads\/2025\/11\/1762935443_834_Le-11-novembre-la-ville-brille-a-nouveau-a-la.jpg\" width=\"159\" height=\"159\" alt=\"\"><\/figure>\n<figure class=\"column small-6 medium-3 end\"><img loading=\"lazy\" decoding=\"async\" src=\"https:\/\/vieassociative.be\/actualites\/wp-content\/uploads\/2025\/11\/1762935444_172_Le-11-novembre-la-ville-brille-a-nouveau-a-la.jpg\" width=\"159\" height=\"159\" alt=\"\"><\/figure>\n<figure class=\"column small-6 medium-3 end\"><img loading=\"lazy\" decoding=\"async\" src=\"https:\/\/vieassociative.be\/actualites\/wp-content\/uploads\/2025\/11\/1762935444_690_Le-11-novembre-la-ville-brille-a-nouveau-a-la.jpg\" width=\"159\" height=\"159\" alt=\"\"><\/figure>\n<figure class=\"column small-6 medium-3 end\"><img loading=\"lazy\" decoding=\"async\" src=\"https:\/\/vieassociative.be\/actualites\/wp-content\/uploads\/2025\/11\/1762935444_558_Le-11-novembre-la-ville-brille-a-nouveau-a-la.jpg\" width=\"159\" height=\"159\" alt=\"\"><\/figure>\n<figure class=\"column small-6 medium-3 end\"><img loading=\"lazy\" decoding=\"async\" src=\"https:\/\/vieassociative.be\/actualites\/wp-content\/uploads\/2025\/11\/1762935444_558_Le-11-novembre-la-ville-brille-a-nouveau-a-la.jpg\" width=\"159\" height=\"159\" alt=\"\"><\/figure>\n<figure class=\"column small-6 medium-3 end\"><img loading=\"lazy\" decoding=\"async\" src=\"https:\/\/vieassociative.be\/actualites\/wp-content\/uploads\/2025\/11\/1762935444_229_Le-11-novembre-la-ville-brille-a-nouveau-a-la.jpg\" width=\"159\" height=\"159\" alt=\"\"><\/figure>\n<figure class=\"column small-6 medium-3 end\"><img loading=\"lazy\" decoding=\"async\" src=\"https:\/\/vieassociative.be\/actualites\/wp-content\/uploads\/2025\/11\/1762935444_282_Le-11-novembre-la-ville-brille-a-nouveau-a-la.jpg\" width=\"159\" height=\"159\" alt=\"\"><\/figure>\n<figure class=\"column small-6 medium-3 end\"><img loading=\"lazy\" decoding=\"async\" src=\"https:\/\/vieassociative.be\/actualites\/wp-content\/uploads\/2025\/11\/1762935444_466_Le-11-novembre-la-ville-brille-a-nouveau-a-la.jpg\" width=\"159\" height=\"159\" alt=\"\"><\/figure>\n<figure class=\"column small-6 medium-3 end\"><img loading=\"lazy\" decoding=\"async\" src=\"https:\/\/vieassociative.be\/actualites\/wp-content\/uploads\/2025\/11\/1762935444_38_Le-11-novembre-la-ville-brille-a-nouveau-a-la.jpg\" width=\"159\" height=\"159\" alt=\"\"><\/figure>\n<figure class=\"column small-6 medium-3 end\"><img loading=\"lazy\" decoding=\"async\" src=\"https:\/\/vieassociative.be\/actualites\/wp-content\/uploads\/2025\/11\/1762935444_347_Le-11-novembre-la-ville-brille-a-nouveau-a-la.jpg\" width=\"159\" height=\"159\" alt=\"\"><\/figure>\n<figure class=\"column small-6 medium-3 end\"><img loading=\"lazy\" decoding=\"async\" src=\"https:\/\/vieassociative.be\/actualites\/wp-content\/uploads\/2025\/11\/1762935444_647_Le-11-novembre-la-ville-brille-a-nouveau-a-la.jpg\" width=\"159\" height=\"159\" alt=\"\"><\/figure>\n<figure class=\"column small-6 medium-3 end\"><img loading=\"lazy\" decoding=\"async\" src=\"https:\/\/vieassociative.be\/actualites\/wp-content\/uploads\/2025\/11\/1762935444_183_Le-11-novembre-la-ville-brille-a-nouveau-a-la.jpg\" width=\"159\" height=\"159\" alt=\"\"><\/figure>\n<figure class=\"column small-6 medium-3 end\"><img loading=\"lazy\" decoding=\"async\" src=\"https:\/\/vieassociative.be\/actualites\/wp-content\/uploads\/2025\/11\/1762935445_353_Le-11-novembre-la-ville-brille-a-nouveau-a-la.jpg\" width=\"159\" height=\"159\" alt=\"\"><\/figure>\n<figure class=\"column small-6 medium-3 end\"><img loading=\"lazy\" decoding=\"async\" src=\"https:\/\/vieassociative.be\/actualites\/wp-content\/uploads\/2025\/11\/1762935445_159_Le-11-novembre-la-ville-brille-a-nouveau-a-la.jpg\" width=\"159\" height=\"159\" alt=\"\"><\/figure>\n<figure class=\"column small-6 medium-3 end\"><img loading=\"lazy\" decoding=\"async\" src=\"https:\/\/vieassociative.be\/actualites\/wp-content\/uploads\/2025\/11\/1762935445_374_Le-11-novembre-la-ville-brille-a-nouveau-a-la.jpg\" width=\"159\" height=\"159\" alt=\"\"><\/figure>\n<figure class=\"column small-6 medium-3 end\"><img loading=\"lazy\" decoding=\"async\" src=\"https:\/\/vieassociative.be\/actualites\/wp-content\/uploads\/2025\/11\/1762935445_804_Le-11-novembre-la-ville-brille-a-nouveau-a-la.jpg\" width=\"159\" height=\"159\" alt=\"\"><\/figure>\n<figure class=\"column small-6 medium-3 end\"><img loading=\"lazy\" decoding=\"async\" src=\"https:\/\/vieassociative.be\/actualites\/wp-content\/uploads\/2025\/11\/1762935445_879_Le-11-novembre-la-ville-brille-a-nouveau-a-la.jpg\" width=\"159\" height=\"159\" alt=\"\"><\/figure>\n<figure class=\"column small-6 medium-3 end\"><img loading=\"lazy\" decoding=\"async\" src=\"https:\/\/vieassociative.be\/actualites\/wp-content\/uploads\/2025\/11\/1762935445_468_Le-11-novembre-la-ville-brille-a-nouveau-a-la.jpg\" width=\"159\" height=\"159\" alt=\"\"><\/figure>\n<figure class=\"column small-6 medium-3 end\"><img loading=\"lazy\" decoding=\"async\" src=\"https:\/\/vieassociative.be\/actualites\/wp-content\/uploads\/2025\/11\/1762935445_394_Le-11-novembre-la-ville-brille-a-nouveau-a-la.jpg\" width=\"159\" height=\"159\" alt=\"\"><\/figure>\n<figure class=\"column small-6 medium-3 end\"><img loading=\"lazy\" decoding=\"async\" src=\"https:\/\/vieassociative.be\/actualites\/wp-content\/uploads\/2025\/11\/1762935445_37_Le-11-novembre-la-ville-brille-a-nouveau-a-la.jpg\" width=\"159\" height=\"159\" alt=\"\"><\/figure>\n<figure class=\"column small-6 medium-3 end\"><img loading=\"lazy\" decoding=\"async\" src=\"https:\/\/vieassociative.be\/actualites\/wp-content\/uploads\/2025\/11\/1762935445_434_Le-11-novembre-la-ville-brille-a-nouveau-a-la.jpg\" width=\"159\" height=\"159\" alt=\"\"><\/figure>\n<figure class=\"column small-6 medium-3 end\"><img loading=\"lazy\" decoding=\"async\" src=\"https:\/\/vieassociative.be\/actualites\/wp-content\/uploads\/2025\/11\/1762935445_428_Le-11-novembre-la-ville-brille-a-nouveau-a-la.jpg\" width=\"159\" height=\"159\" alt=\"\"><\/figure>\n<figure class=\"column small-6 medium-3 end\"><img loading=\"lazy\" decoding=\"async\" src=\"https:\/\/vieassociative.be\/actualites\/wp-content\/uploads\/2025\/11\/1762935445_855_Le-11-novembre-la-ville-brille-a-nouveau-a-la.jpg\" width=\"159\" height=\"159\" alt=\"\"><\/figure>\n<figure class=\"column small-6 medium-3 end\"><img loading=\"lazy\" decoding=\"async\" src=\"https:\/\/vieassociative.be\/actualites\/wp-content\/uploads\/2025\/11\/1762935446_709_Le-11-novembre-la-ville-brille-a-nouveau-a-la.jpg\" width=\"159\" height=\"159\" alt=\"\"><\/figure>\n<figure class=\"column small-6 medium-3 end\"><img loading=\"lazy\" decoding=\"async\" src=\"https:\/\/vieassociative.be\/actualites\/wp-content\/uploads\/2025\/11\/1762935446_670_Le-11-novembre-la-ville-brille-a-nouveau-a-la.jpg\" width=\"159\" height=\"159\" alt=\"\"><\/figure>\n<figure class=\"column small-6 medium-3 end\"><img loading=\"lazy\" decoding=\"async\" src=\"https:\/\/vieassociative.be\/actualites\/wp-content\/uploads\/2025\/11\/1762935446_375_Le-11-novembre-la-ville-brille-a-nouveau-a-la.jpg\" width=\"159\" height=\"159\" alt=\"\"><\/figure>\n<figure class=\"column small-6 medium-3 end\"><img loading=\"lazy\" decoding=\"async\" src=\"https:\/\/vieassociative.be\/actualites\/wp-content\/uploads\/2025\/11\/1762935446_601_Le-11-novembre-la-ville-brille-a-nouveau-a-la.jpg\" width=\"159\" height=\"159\" alt=\"\"><\/figure>\n<figure class=\"column small-6 medium-3 end\"><img loading=\"lazy\" decoding=\"async\" src=\"https:\/\/vieassociative.be\/actualites\/wp-content\/uploads\/2025\/11\/1762935446_245_Le-11-novembre-la-ville-brille-a-nouveau-a-la.jpg\" width=\"159\" height=\"159\" alt=\"\"><\/figure>\n<figure class=\"column small-6 medium-3 end\"><img loading=\"lazy\" decoding=\"async\" src=\"https:\/\/vieassociative.be\/actualites\/wp-content\/uploads\/2025\/11\/1762935446_216_Le-11-novembre-la-ville-brille-a-nouveau-a-la.jpg\" width=\"159\" height=\"159\" alt=\"\"><\/figure>\n<figure class=\"column small-6 medium-3 end\"><img loading=\"lazy\" decoding=\"async\" src=\"https:\/\/vieassociative.be\/actualites\/wp-content\/uploads\/2025\/11\/1762935446_292_Le-11-novembre-la-ville-brille-a-nouveau-a-la.jpg\" width=\"159\" height=\"159\" alt=\"\"><\/figure>\n<figure class=\"column small-6 medium-3 end\"><img loading=\"lazy\" decoding=\"async\" src=\"https:\/\/vieassociative.be\/actualites\/wp-content\/uploads\/2025\/11\/1762935446_48_Le-11-novembre-la-ville-brille-a-nouveau-a-la.jpg\" width=\"159\" height=\"159\" alt=\"\"><\/figure>\n<figure class=\"column small-6 medium-3 end\"><img loading=\"lazy\" decoding=\"async\" src=\"https:\/\/vieassociative.be\/actualites\/wp-content\/uploads\/2025\/11\/1762935446_919_Le-11-novembre-la-ville-brille-a-nouveau-a-la.jpg\" width=\"159\" height=\"159\" alt=\"\"><\/figure>\n<figure class=\"column small-6 medium-3 end\"><img loading=\"lazy\" decoding=\"async\" src=\"https:\/\/vieassociative.be\/actualites\/wp-content\/uploads\/2025\/11\/1762935446_499_Le-11-novembre-la-ville-brille-a-nouveau-a-la.jpg\" width=\"159\" height=\"159\" alt=\"\"><\/figure>\n<figure class=\"column small-6 medium-3 end\"><img loading=\"lazy\" decoding=\"async\" src=\"https:\/\/vieassociative.be\/actualites\/wp-content\/uploads\/2025\/11\/1762935446_422_Le-11-novembre-la-ville-brille-a-nouveau-a-la.jpg\" width=\"159\" height=\"159\" alt=\"\"><\/figure>\n<figure class=\"column small-6 medium-3 end\"><img loading=\"lazy\" decoding=\"async\" src=\"https:\/\/vieassociative.be\/actualites\/wp-content\/uploads\/2025\/11\/1762935446_352_Le-11-novembre-la-ville-brille-a-nouveau-a-la.jpg\" width=\"159\" height=\"159\" alt=\"\"><\/figure>\n<figure class=\"column small-6 medium-3 end\"><img loading=\"lazy\" decoding=\"async\" src=\"https:\/\/vieassociative.be\/actualites\/wp-content\/uploads\/2025\/11\/1762935447_680_Le-11-novembre-la-ville-brille-a-nouveau-a-la.jpg\" width=\"159\" height=\"159\" alt=\"\"><\/figure>\n<figure class=\"column small-6 medium-3 end\"><img loading=\"lazy\" decoding=\"async\" src=\"https:\/\/vieassociative.be\/actualites\/wp-content\/uploads\/2025\/11\/1762935447_15_Le-11-novembre-la-ville-brille-a-nouveau-a-la.jpg\" width=\"159\" height=\"159\" alt=\"\"><\/figure>\n<figure class=\"column small-6 medium-3 end\"><img loading=\"lazy\" decoding=\"async\" src=\"https:\/\/vieassociative.be\/actualites\/wp-content\/uploads\/2025\/11\/1762935447_525_Le-11-novembre-la-ville-brille-a-nouveau-a-la.jpg\" width=\"159\" height=\"159\" alt=\"\"><\/figure>\n<figure class=\"column small-6 medium-3 end\"><img loading=\"lazy\" decoding=\"async\" src=\"https:\/\/vieassociative.be\/actualites\/wp-content\/uploads\/2025\/11\/1762935447_18_Le-11-novembre-la-ville-brille-a-nouveau-a-la.jpg\" width=\"159\" height=\"159\" alt=\"\"><\/figure>\n<figure class=\"column small-6 medium-3 end\"><img loading=\"lazy\" decoding=\"async\" src=\"https:\/\/vieassociative.be\/actualites\/wp-content\/uploads\/2025\/11\/1762935447_608_Le-11-novembre-la-ville-brille-a-nouveau-a-la.jpg\" width=\"159\" height=\"159\" alt=\"\"><\/figure>\n<figure class=\"column small-6 medium-3 end\"><img loading=\"lazy\" decoding=\"async\" src=\"https:\/\/vieassociative.be\/actualites\/wp-content\/uploads\/2025\/11\/1762935447_839_Le-11-novembre-la-ville-brille-a-nouveau-a-la.jpg\" width=\"159\" height=\"159\" alt=\"\"><\/figure>\n<\/div>\n","protected":false},"excerpt":{"rendered":"<p>Le 11 novembre 2025, Eupen s&rsquo;est \u00e0 nouveau transform\u00e9e en une mer de lumi\u00e8re \u00e9tincelante : la 62e procession de Saint-Martin a d\u00e9fil\u00e9 dans les<\/p>\n","protected":false},"author":1,"featured_media":11266,"comment_status":"","ping_status":"","sticky":false,"template":"","format":"standard","meta":{"footnotes":""},"categories":[298],"tags":[9225,7523,29,2403,3257,4526,9224,9098,553,1894,283,9185,9186,684],"class_list":["post-11265","post","type-post","status-publish","format-standard","has-post-thumbnail","hentry","category-belgique","tag-62e","tag-brille","tag-des","tag-deupen","tag-galerie","tag-images","tag-lanternes","tag-lueur","tag-nouveau","tag-novembre","tag-photos","tag-procession","tag-saintmartin","tag-ville","generate-columns","tablet-grid-50","mobile-grid-100","grid-parent","grid-33"],"yoast_head":"<!-- This site is optimized with the Yoast SEO plugin v24.0 - https:\/\/yoast.com\/wordpress\/plugins\/seo\/ -->\n<title>Le 11 novembre, la ville brille \u00e0 nouveau \u00e0 la lueur des lanternes : 62e Procession de Saint-Martin d&#039;Eupen en images (galerie photos) | Vie Associative<\/title>\n<meta name=\"robots\" content=\"index, follow, max-snippet:-1, max-image-preview:large, max-video-preview:-1\" \/>\n<link rel=\"canonical\" href=\"https:\/\/vieassociative.be\/actualites\/le-11-novembre-la-ville-brille-a-nouveau-a-la-lueur-des-lanternes-62e-procession-de-saint-martin-deupen-en-images-galerie-photos\/\" \/>\n<meta property=\"og:locale\" content=\"fr_FR\" \/>\n<meta property=\"og:type\" content=\"article\" \/>\n<meta property=\"og:title\" content=\"Le 11 novembre, la ville brille \u00e0 nouveau \u00e0 la lueur des lanternes : 62e Procession de Saint-Martin d&#039;Eupen en images (galerie photos) | Vie Associative\" \/>\n<meta property=\"og:description\" content=\"Le 11 novembre 2025, Eupen s&rsquo;est \u00e0 nouveau transform\u00e9e en une mer de lumi\u00e8re \u00e9tincelante : la 62e procession de Saint-Martin a d\u00e9fil\u00e9 dans les\" \/>\n<meta property=\"og:url\" content=\"https:\/\/vieassociative.be\/actualites\/le-11-novembre-la-ville-brille-a-nouveau-a-la-lueur-des-lanternes-62e-procession-de-saint-martin-deupen-en-images-galerie-photos\/\" \/>\n<meta property=\"og:site_name\" content=\"Vie Associative\" \/>\n<meta property=\"article:published_time\" content=\"2025-11-12T08:17:27+00:00\" \/>\n<meta property=\"og:image\" content=\"https:\/\/vieassociative.be\/actualites\/wp-content\/uploads\/2024\/09\/header_backgroundk-01-e1726694325946.png\" \/>\n\t<meta property=\"og:image:width\" content=\"279\" \/>\n\t<meta property=\"og:image:height\" content=\"92\" \/>\n\t<meta property=\"og:image:type\" content=\"image\/png\" \/>\n<meta name=\"author\" content=\"Julien\" \/>\n<meta name=\"twitter:card\" content=\"summary_large_image\" \/>\n<meta name=\"twitter:label1\" content=\"\u00c9crit par\" \/>\n\t<meta name=\"twitter:data1\" content=\"Julien\" \/>\n\t<meta name=\"twitter:label2\" content=\"Dur\u00e9e de lecture est.\" \/>\n\t<meta name=\"twitter:data2\" content=\"2 minutes\" \/>\n<script type=\"application\/ld+json\" class=\"yoast-schema-graph\">{\"@context\":\"https:\/\/schema.org\",\"@graph\":[{\"@type\":\"Article\",\"@id\":\"https:\/\/vieassociative.be\/actualites\/le-11-novembre-la-ville-brille-a-nouveau-a-la-lueur-des-lanternes-62e-procession-de-saint-martin-deupen-en-images-galerie-photos\/#article\",\"isPartOf\":{\"@id\":\"https:\/\/vieassociative.be\/actualites\/le-11-novembre-la-ville-brille-a-nouveau-a-la-lueur-des-lanternes-62e-procession-de-saint-martin-deupen-en-images-galerie-photos\/\"},\"author\":{\"name\":\"Julien\",\"@id\":\"https:\/\/vieassociative.be\/actualites\/#\/schema\/person\/b87ac4f82f9d4e7b7cec7395b679edc4\"},\"headline\":\"Le 11 novembre, la ville brille \u00e0 nouveau \u00e0 la lueur des lanternes : 62e Procession de Saint-Martin d&rsquo;Eupen en images (galerie photos)\",\"datePublished\":\"2025-11-12T08:17:27+00:00\",\"dateModified\":\"2025-11-12T08:17:27+00:00\",\"mainEntityOfPage\":{\"@id\":\"https:\/\/vieassociative.be\/actualites\/le-11-novembre-la-ville-brille-a-nouveau-a-la-lueur-des-lanternes-62e-procession-de-saint-martin-deupen-en-images-galerie-photos\/\"},\"wordCount\":381,\"publisher\":{\"@id\":\"https:\/\/vieassociative.be\/actualites\/#organization\"},\"image\":{\"@id\":\"https:\/\/vieassociative.be\/actualites\/le-11-novembre-la-ville-brille-a-nouveau-a-la-lueur-des-lanternes-62e-procession-de-saint-martin-deupen-en-images-galerie-photos\/#primaryimage\"},\"thumbnailUrl\":\"https:\/\/vieassociative.be\/actualites\/wp-content\/uploads\/2025\/11\/1762935458_Le-11-novembre-la-ville-brille-a-nouveau-a-la.jpg\",\"keywords\":[\"62e\",\"brille\",\"Des\",\"dEupen\",\"galerie\",\"images\",\"lanternes\",\"lueur\",\"nouveau\",\"novembre\",\"Photos\",\"procession\",\"SaintMartin\",\"ville\"],\"articleSection\":[\"Belgique\"],\"inLanguage\":\"fr-BE\"},{\"@type\":\"WebPage\",\"@id\":\"https:\/\/vieassociative.be\/actualites\/le-11-novembre-la-ville-brille-a-nouveau-a-la-lueur-des-lanternes-62e-procession-de-saint-martin-deupen-en-images-galerie-photos\/\",\"url\":\"https:\/\/vieassociative.be\/actualites\/le-11-novembre-la-ville-brille-a-nouveau-a-la-lueur-des-lanternes-62e-procession-de-saint-martin-deupen-en-images-galerie-photos\/\",\"name\":\"Le 11 novembre, la ville brille \u00e0 nouveau \u00e0 la lueur des lanternes : 62e Procession de Saint-Martin d'Eupen en images (galerie photos) | Vie Associative\",\"isPartOf\":{\"@id\":\"https:\/\/vieassociative.be\/actualites\/#website\"},\"primaryImageOfPage\":{\"@id\":\"https:\/\/vieassociative.be\/actualites\/le-11-novembre-la-ville-brille-a-nouveau-a-la-lueur-des-lanternes-62e-procession-de-saint-martin-deupen-en-images-galerie-photos\/#primaryimage\"},\"image\":{\"@id\":\"https:\/\/vieassociative.be\/actualites\/le-11-novembre-la-ville-brille-a-nouveau-a-la-lueur-des-lanternes-62e-procession-de-saint-martin-deupen-en-images-galerie-photos\/#primaryimage\"},\"thumbnailUrl\":\"https:\/\/vieassociative.be\/actualites\/wp-content\/uploads\/2025\/11\/1762935458_Le-11-novembre-la-ville-brille-a-nouveau-a-la.jpg\",\"datePublished\":\"2025-11-12T08:17:27+00:00\",\"dateModified\":\"2025-11-12T08:17:27+00:00\",\"breadcrumb\":{\"@id\":\"https:\/\/vieassociative.be\/actualites\/le-11-novembre-la-ville-brille-a-nouveau-a-la-lueur-des-lanternes-62e-procession-de-saint-martin-deupen-en-images-galerie-photos\/#breadcrumb\"},\"inLanguage\":\"fr-BE\",\"potentialAction\":[{\"@type\":\"ReadAction\",\"target\":[\"https:\/\/vieassociative.be\/actualites\/le-11-novembre-la-ville-brille-a-nouveau-a-la-lueur-des-lanternes-62e-procession-de-saint-martin-deupen-en-images-galerie-photos\/\"]}]},{\"@type\":\"ImageObject\",\"inLanguage\":\"fr-BE\",\"@id\":\"https:\/\/vieassociative.be\/actualites\/le-11-novembre-la-ville-brille-a-nouveau-a-la-lueur-des-lanternes-62e-procession-de-saint-martin-deupen-en-images-galerie-photos\/#primaryimage\",\"url\":\"https:\/\/vieassociative.be\/actualites\/wp-content\/uploads\/2025\/11\/1762935458_Le-11-novembre-la-ville-brille-a-nouveau-a-la.jpg\",\"contentUrl\":\"https:\/\/vieassociative.be\/actualites\/wp-content\/uploads\/2025\/11\/1762935458_Le-11-novembre-la-ville-brille-a-nouveau-a-la.jpg\",\"width\":1200,\"height\":800,\"caption\":\"Le 11 novembre, la ville brille \u00e0 nouveau \u00e0 la lueur des lanternes : 62e Procession de Saint-Martin d'Eupen en images (galerie photos)\"},{\"@type\":\"BreadcrumbList\",\"@id\":\"https:\/\/vieassociative.be\/actualites\/le-11-novembre-la-ville-brille-a-nouveau-a-la-lueur-des-lanternes-62e-procession-de-saint-martin-deupen-en-images-galerie-photos\/#breadcrumb\",\"itemListElement\":[{\"@type\":\"ListItem\",\"position\":1,\"name\":\"Accueil\",\"item\":\"https:\/\/vieassociative.be\/actualites\/\"},{\"@type\":\"ListItem\",\"position\":2,\"name\":\"Le 11 novembre, la ville brille \u00e0 nouveau \u00e0 la lueur des lanternes : 62e Procession de Saint-Martin d&rsquo;Eupen en images (galerie photos)\"}]},{\"@type\":\"WebSite\",\"@id\":\"https:\/\/vieassociative.be\/actualites\/#website\",\"url\":\"https:\/\/vieassociative.be\/actualites\/\",\"name\":\"Vie Associative\",\"description\":\"\",\"publisher\":{\"@id\":\"https:\/\/vieassociative.be\/actualites\/#organization\"},\"potentialAction\":[{\"@type\":\"SearchAction\",\"target\":{\"@type\":\"EntryPoint\",\"urlTemplate\":\"https:\/\/vieassociative.be\/actualites\/?s={search_term_string}\"},\"query-input\":{\"@type\":\"PropertyValueSpecification\",\"valueRequired\":true,\"valueName\":\"search_term_string\"}}],\"inLanguage\":\"fr-BE\"},{\"@type\":\"Organization\",\"@id\":\"https:\/\/vieassociative.be\/actualites\/#organization\",\"name\":\"Vie Associative\",\"url\":\"https:\/\/vieassociative.be\/actualites\/\",\"logo\":{\"@type\":\"ImageObject\",\"inLanguage\":\"fr-BE\",\"@id\":\"https:\/\/vieassociative.be\/actualites\/#\/schema\/logo\/image\/\",\"url\":\"https:\/\/vieassociative.be\/actualites\/wp-content\/uploads\/2024\/09\/cropped-vieassociative_favicon.ico.png\",\"contentUrl\":\"https:\/\/vieassociative.be\/actualites\/wp-content\/uploads\/2024\/09\/cropped-vieassociative_favicon.ico.png\",\"width\":512,\"height\":512,\"caption\":\"Vie Associative\"},\"image\":{\"@id\":\"https:\/\/vieassociative.be\/actualites\/#\/schema\/logo\/image\/\"}},{\"@type\":\"Person\",\"@id\":\"https:\/\/vieassociative.be\/actualites\/#\/schema\/person\/b87ac4f82f9d4e7b7cec7395b679edc4\",\"name\":\"Julien\",\"image\":{\"@type\":\"ImageObject\",\"inLanguage\":\"fr-BE\",\"@id\":\"https:\/\/vieassociative.be\/actualites\/#\/schema\/person\/image\/\",\"url\":\"https:\/\/vieassociative.be\/actualites\/wp-content\/uploads\/2024\/09\/vie-associative-1-150x150.jpg\",\"contentUrl\":\"https:\/\/vieassociative.be\/actualites\/wp-content\/uploads\/2024\/09\/vie-associative-1-150x150.jpg\",\"caption\":\"Julien\"},\"description\":\"Je suis Julien, r\u00e9dacteur pour Vie Associative. Passionn\u00e9 par le monde associatif depuis plus de 10 ans, j'ai \u00e0 c\u0153ur de partager des histoires inspirantes et de mettre en lumi\u00e8re les initiatives locales. Mon objectif est de sensibiliser et d'encourager l'engagement communautaire \u00e0 travers mes articles.\",\"sameAs\":[\"https:\/\/vieassociative.be\/\"]}]}<\/script>\n<!-- \/ Yoast SEO plugin. -->","yoast_head_json":{"title":"Le 11 novembre, la ville brille \u00e0 nouveau \u00e0 la lueur des lanternes : 62e Procession de Saint-Martin d'Eupen en images (galerie photos) | Vie Associative","robots":{"index":"index","follow":"follow","max-snippet":"max-snippet:-1","max-image-preview":"max-image-preview:large","max-video-preview":"max-video-preview:-1"},"canonical":"https:\/\/vieassociative.be\/actualites\/le-11-novembre-la-ville-brille-a-nouveau-a-la-lueur-des-lanternes-62e-procession-de-saint-martin-deupen-en-images-galerie-photos\/","og_locale":"fr_FR","og_type":"article","og_title":"Le 11 novembre, la ville brille \u00e0 nouveau \u00e0 la lueur des lanternes : 62e Procession de Saint-Martin d'Eupen en images (galerie photos) | Vie Associative","og_description":"Le 11 novembre 2025, Eupen s&rsquo;est \u00e0 nouveau transform\u00e9e en une mer de lumi\u00e8re \u00e9tincelante : la 62e procession de Saint-Martin a d\u00e9fil\u00e9 dans les","og_url":"https:\/\/vieassociative.be\/actualites\/le-11-novembre-la-ville-brille-a-nouveau-a-la-lueur-des-lanternes-62e-procession-de-saint-martin-deupen-en-images-galerie-photos\/","og_site_name":"Vie Associative","article_published_time":"2025-11-12T08:17:27+00:00","og_image":[{"width":279,"height":92,"url":"https:\/\/vieassociative.be\/actualites\/wp-content\/uploads\/2024\/09\/header_backgroundk-01-e1726694325946.png","type":"image\/png"}],"author":"Julien","twitter_card":"summary_large_image","twitter_misc":{"\u00c9crit par":"Julien","Dur\u00e9e de lecture est.":"2 minutes"},"schema":{"@context":"https:\/\/schema.org","@graph":[{"@type":"Article","@id":"https:\/\/vieassociative.be\/actualites\/le-11-novembre-la-ville-brille-a-nouveau-a-la-lueur-des-lanternes-62e-procession-de-saint-martin-deupen-en-images-galerie-photos\/#article","isPartOf":{"@id":"https:\/\/vieassociative.be\/actualites\/le-11-novembre-la-ville-brille-a-nouveau-a-la-lueur-des-lanternes-62e-procession-de-saint-martin-deupen-en-images-galerie-photos\/"},"author":{"name":"Julien","@id":"https:\/\/vieassociative.be\/actualites\/#\/schema\/person\/b87ac4f82f9d4e7b7cec7395b679edc4"},"headline":"Le 11 novembre, la ville brille \u00e0 nouveau \u00e0 la lueur des lanternes : 62e Procession de Saint-Martin d&rsquo;Eupen en images (galerie photos)","datePublished":"2025-11-12T08:17:27+00:00","dateModified":"2025-11-12T08:17:27+00:00","mainEntityOfPage":{"@id":"https:\/\/vieassociative.be\/actualites\/le-11-novembre-la-ville-brille-a-nouveau-a-la-lueur-des-lanternes-62e-procession-de-saint-martin-deupen-en-images-galerie-photos\/"},"wordCount":381,"publisher":{"@id":"https:\/\/vieassociative.be\/actualites\/#organization"},"image":{"@id":"https:\/\/vieassociative.be\/actualites\/le-11-novembre-la-ville-brille-a-nouveau-a-la-lueur-des-lanternes-62e-procession-de-saint-martin-deupen-en-images-galerie-photos\/#primaryimage"},"thumbnailUrl":"https:\/\/vieassociative.be\/actualites\/wp-content\/uploads\/2025\/11\/1762935458_Le-11-novembre-la-ville-brille-a-nouveau-a-la.jpg","keywords":["62e","brille","Des","dEupen","galerie","images","lanternes","lueur","nouveau","novembre","Photos","procession","SaintMartin","ville"],"articleSection":["Belgique"],"inLanguage":"fr-BE"},{"@type":"WebPage","@id":"https:\/\/vieassociative.be\/actualites\/le-11-novembre-la-ville-brille-a-nouveau-a-la-lueur-des-lanternes-62e-procession-de-saint-martin-deupen-en-images-galerie-photos\/","url":"https:\/\/vieassociative.be\/actualites\/le-11-novembre-la-ville-brille-a-nouveau-a-la-lueur-des-lanternes-62e-procession-de-saint-martin-deupen-en-images-galerie-photos\/","name":"Le 11 novembre, la ville brille \u00e0 nouveau \u00e0 la lueur des lanternes : 62e Procession de Saint-Martin d'Eupen en images (galerie photos) | Vie Associative","isPartOf":{"@id":"https:\/\/vieassociative.be\/actualites\/#website"},"primaryImageOfPage":{"@id":"https:\/\/vieassociative.be\/actualites\/le-11-novembre-la-ville-brille-a-nouveau-a-la-lueur-des-lanternes-62e-procession-de-saint-martin-deupen-en-images-galerie-photos\/#primaryimage"},"image":{"@id":"https:\/\/vieassociative.be\/actualites\/le-11-novembre-la-ville-brille-a-nouveau-a-la-lueur-des-lanternes-62e-procession-de-saint-martin-deupen-en-images-galerie-photos\/#primaryimage"},"thumbnailUrl":"https:\/\/vieassociative.be\/actualites\/wp-content\/uploads\/2025\/11\/1762935458_Le-11-novembre-la-ville-brille-a-nouveau-a-la.jpg","datePublished":"2025-11-12T08:17:27+00:00","dateModified":"2025-11-12T08:17:27+00:00","breadcrumb":{"@id":"https:\/\/vieassociative.be\/actualites\/le-11-novembre-la-ville-brille-a-nouveau-a-la-lueur-des-lanternes-62e-procession-de-saint-martin-deupen-en-images-galerie-photos\/#breadcrumb"},"inLanguage":"fr-BE","potentialAction":[{"@type":"ReadAction","target":["https:\/\/vieassociative.be\/actualites\/le-11-novembre-la-ville-brille-a-nouveau-a-la-lueur-des-lanternes-62e-procession-de-saint-martin-deupen-en-images-galerie-photos\/"]}]},{"@type":"ImageObject","inLanguage":"fr-BE","@id":"https:\/\/vieassociative.be\/actualites\/le-11-novembre-la-ville-brille-a-nouveau-a-la-lueur-des-lanternes-62e-procession-de-saint-martin-deupen-en-images-galerie-photos\/#primaryimage","url":"https:\/\/vieassociative.be\/actualites\/wp-content\/uploads\/2025\/11\/1762935458_Le-11-novembre-la-ville-brille-a-nouveau-a-la.jpg","contentUrl":"https:\/\/vieassociative.be\/actualites\/wp-content\/uploads\/2025\/11\/1762935458_Le-11-novembre-la-ville-brille-a-nouveau-a-la.jpg","width":1200,"height":800,"caption":"Le 11 novembre, la ville brille \u00e0 nouveau \u00e0 la lueur des lanternes : 62e Procession de Saint-Martin d'Eupen en images (galerie photos)"},{"@type":"BreadcrumbList","@id":"https:\/\/vieassociative.be\/actualites\/le-11-novembre-la-ville-brille-a-nouveau-a-la-lueur-des-lanternes-62e-procession-de-saint-martin-deupen-en-images-galerie-photos\/#breadcrumb","itemListElement":[{"@type":"ListItem","position":1,"name":"Accueil","item":"https:\/\/vieassociative.be\/actualites\/"},{"@type":"ListItem","position":2,"name":"Le 11 novembre, la ville brille \u00e0 nouveau \u00e0 la lueur des lanternes : 62e Procession de Saint-Martin d&rsquo;Eupen en images (galerie photos)"}]},{"@type":"WebSite","@id":"https:\/\/vieassociative.be\/actualites\/#website","url":"https:\/\/vieassociative.be\/actualites\/","name":"Vie Associative","description":"","publisher":{"@id":"https:\/\/vieassociative.be\/actualites\/#organization"},"potentialAction":[{"@type":"SearchAction","target":{"@type":"EntryPoint","urlTemplate":"https:\/\/vieassociative.be\/actualites\/?s={search_term_string}"},"query-input":{"@type":"PropertyValueSpecification","valueRequired":true,"valueName":"search_term_string"}}],"inLanguage":"fr-BE"},{"@type":"Organization","@id":"https:\/\/vieassociative.be\/actualites\/#organization","name":"Vie Associative","url":"https:\/\/vieassociative.be\/actualites\/","logo":{"@type":"ImageObject","inLanguage":"fr-BE","@id":"https:\/\/vieassociative.be\/actualites\/#\/schema\/logo\/image\/","url":"https:\/\/vieassociative.be\/actualites\/wp-content\/uploads\/2024\/09\/cropped-vieassociative_favicon.ico.png","contentUrl":"https:\/\/vieassociative.be\/actualites\/wp-content\/uploads\/2024\/09\/cropped-vieassociative_favicon.ico.png","width":512,"height":512,"caption":"Vie Associative"},"image":{"@id":"https:\/\/vieassociative.be\/actualites\/#\/schema\/logo\/image\/"}},{"@type":"Person","@id":"https:\/\/vieassociative.be\/actualites\/#\/schema\/person\/b87ac4f82f9d4e7b7cec7395b679edc4","name":"Julien","image":{"@type":"ImageObject","inLanguage":"fr-BE","@id":"https:\/\/vieassociative.be\/actualites\/#\/schema\/person\/image\/","url":"https:\/\/vieassociative.be\/actualites\/wp-content\/uploads\/2024\/09\/vie-associative-1-150x150.jpg","contentUrl":"https:\/\/vieassociative.be\/actualites\/wp-content\/uploads\/2024\/09\/vie-associative-1-150x150.jpg","caption":"Julien"},"description":"Je suis Julien, r\u00e9dacteur pour Vie Associative. Passionn\u00e9 par le monde associatif depuis plus de 10 ans, j'ai \u00e0 c\u0153ur de partager des histoires inspirantes et de mettre en lumi\u00e8re les initiatives locales. Mon objectif est de sensibiliser et d'encourager l'engagement communautaire \u00e0 travers mes articles.","sameAs":["https:\/\/vieassociative.be\/"]}]}},"_links":{"self":[{"href":"https:\/\/vieassociative.be\/actualites\/wp-json\/wp\/v2\/posts\/11265"}],"collection":[{"href":"https:\/\/vieassociative.be\/actualites\/wp-json\/wp\/v2\/posts"}],"about":[{"href":"https:\/\/vieassociative.be\/actualites\/wp-json\/wp\/v2\/types\/post"}],"author":[{"embeddable":true,"href":"https:\/\/vieassociative.be\/actualites\/wp-json\/wp\/v2\/users\/1"}],"replies":[{"embeddable":true,"href":"https:\/\/vieassociative.be\/actualites\/wp-json\/wp\/v2\/comments?post=11265"}],"version-history":[{"count":0,"href":"https:\/\/vieassociative.be\/actualites\/wp-json\/wp\/v2\/posts\/11265\/revisions"}],"wp:featuredmedia":[{"embeddable":true,"href":"https:\/\/vieassociative.be\/actualites\/wp-json\/wp\/v2\/media\/11266"}],"wp:attachment":[{"href":"https:\/\/vieassociative.be\/actualites\/wp-json\/wp\/v2\/media?parent=11265"}],"wp:term":[{"taxonomy":"category","embeddable":true,"href":"https:\/\/vieassociative.be\/actualites\/wp-json\/wp\/v2\/categories?post=11265"},{"taxonomy":"post_tag","embeddable":true,"href":"https:\/\/vieassociative.be\/actualites\/wp-json\/wp\/v2\/tags?post=11265"}],"curies":[{"name":"wp","href":"https:\/\/api.w.org\/{rel}","templated":true}]}}