{"id":11263,"date":"2025-11-12T08:17:27","date_gmt":"2025-11-12T07:17:27","guid":{"rendered":"https:\/\/vieassociative.be\/actualites\/ce-que-les-gens-se-trompent-cette-semaine-kim-kardashian-demystifie-les-mediums\/"},"modified":"2025-11-12T08:17:27","modified_gmt":"2025-11-12T07:17:27","slug":"ce-que-les-gens-se-trompent-cette-semaine-kim-kardashian-demystifie-les-mediums","status":"publish","type":"post","link":"https:\/\/vieassociative.be\/actualites\/ce-que-les-gens-se-trompent-cette-semaine-kim-kardashian-demystifie-les-mediums\/","title":{"rendered":"Ce que les gens se trompent cette semaine\u00a0: Kim Kardashian d\u00e9mystifie les m\u00e9diums"},"content":{"rendered":"<div class=\"mt-4 leading-6 md:mb-8\">Je n&rsquo;avais pas cela sur ma carte de bingo sceptique.<\/div>\n<p><\/p>\n<p>Dans une culture submerg\u00e9e par des croyances ridicules, un improbable h\u00e9ros de la rationalit\u00e9 a \u00e9merg\u00e9 : la star de t\u00e9l\u00e9-r\u00e9alit\u00e9 Kim Kardashian. Kim a soulev\u00e9 une bonne part de scepticisme \u00e0 l&rsquo;\u00e9gard des m\u00e9diums dans une r\u00e9cente vid\u00e9o TikTok : Au cas o\u00f9 vous ne suivriez pas les tenants et aboutissants des stars de t\u00e9l\u00e9-r\u00e9alit\u00e9, le r\u00e9cent cycle de vie\/d\u00e9veloppement de l&rsquo;intrigue de Kim K. la voit essayer de devenir avocate. Elle a suivi un apprentissage dans l&rsquo;industrie et a probablement \u00e9tudi\u00e9 dur. Elle a \u00e9galement consult\u00e9 des m\u00e9diums, qui lisaient des feuilles de th\u00e9 ou autre, et a conclu qu&rsquo;elle r\u00e9ussirait l&rsquo;examen du barreau de Californie. Sauf que, malheureusement, elle ne l\u2019a pas fait. <\/p>\n<h2 id=\"psychics-are-full-pathological-liars-kim-kardashian\">\u00ab Les m\u00e9diums sont de v\u00e9ritables menteurs pathologiques \u00bb \u2013 Kim Kardashian<\/h2>\n<p>\u00ab\u00a0Tous les putains de m\u00e9diums que nous avons rencontr\u00e9s et qui nous obs\u00e8dent sont tous pleins de merde\u00a0\u00bb, a d\u00e9clar\u00e9 Kardashian \u00e0 ses 10 millions de followers sur TikTok. \u00ab\u00a0Ils m&rsquo;ont tous dit collectivement, peut-\u00eatre quatre, que j&rsquo;allais passer le barreau. Ce sont donc tous de v\u00e9ritables menteurs pathologiques. Ne croyez rien de ce qu&rsquo;ils disent.\u00a0\u00bb<\/p>\n<blockquote class=\"tiktokEmbed tiktok-embed\" data-video-id=\"7571227623792086302\" style=\"max-width: 605px;min-width: 325px;\">\n<section><\/section>\n<\/blockquote>\n<p>Selon une enqu\u00eate de 2024, environ 20 % des Am\u00e9ricains aiment <em>Les Kardashian<\/em>et environ 26 % des Am\u00e9ricains croient \u00e0 la clairvoyance. Je n&rsquo;ai que des vibrations pour \u00e9tayer cela, mais je parie que les cercles pour \u00ab fan de Kardashian \u00bb et \u00ab croyant aux m\u00e9diums \u00bb dans le diagramme de Venn am\u00e9ricain ont un sens. <em>parcelle<\/em> de chevauchement. Kardashian ne pr\u00eache pas aux sceptiques ; elle parle aux vrais croyants, comme elle l&rsquo;\u00e9tait autrefois.<\/p>\n<div class=\"mx-auto mb-12 mt-5 w-full max-w-3xl rounded-md border-2 border-gray-100 p-3 shadow-md md:px-7 md:pb-7 md:pt-5\" id=\"related-video\">\n<div class=\"mb-3 flex items-center md:mb-5\">\n        <img decoding=\"async\" class=\"mr-4 mt-0 h-10 w-10 md:mr-5 md:h-12 md:w-12\" src=\"https:\/\/vieassociative.be\/actualites\/wp-content\/uploads\/2025\/09\/1757726237_608_Meta-pourrait-devoiler-une-montre-intelligente-pour-controler-ses-lunettes.jpg\" alt=\"Logo du pirate de la vie\"><\/p><\/div>\n<div class=\"aspect-video w-full overflow-hidden rounded-md\">\n<div id=\"video-container-01K9VD93YVGE2M2R2AQMPSBRHH\"><\/div>\n<\/p><\/div>\n<\/div>\n<p>Kardashian a une cr\u00e9dibilit\u00e9 personnelle ici, \u00e9tant donn\u00e9 sa longue histoire de conversation avec des m\u00e9diums et des m\u00e9diums, et il y a quelque chose de tr\u00e8s convaincant chez quelqu&rsquo;un avec de la peau dans le jeu. Ce n\u2019\u00e9tait pas un test d\u00e9nu\u00e9 de sens pour Kim Kardashian ; elle posait des questions sur quelque chose qui \u00e9tait important pour elle, et elle ne le faisait pas d&rsquo;un point de vue sceptique.<\/p>\n<h2 id=\"where-kim-kardashians-psychics-went-wrong\">O\u00f9 les m\u00e9diums de Kim Kardashian ont mal tourn\u00e9<\/h2>\n<p>Un m\u00e9dium avis\u00e9 essaie d\u2019\u00e9viter de faire des pr\u00e9dictions qui peuvent s\u2019av\u00e9rer vraies ou fausses. Un m\u00e9dium pourrait dire : \u00ab Votre p\u00e8re est au paradis et il est tr\u00e8s fier de vous \u00bb, mais s&rsquo;il veut rester en affaires, il ne dira pas : \u00ab Votre p\u00e8re dit que les certificats d&rsquo;actions sont dans le grenier, dans le coffre vert \u00bb, car lorsque vous v\u00e9rifiez le coffre, m\u00eame s&rsquo;il y a un coffre. <em>ou<\/em> un grenier, le gabarit est en place. <\/p>\n<p>Sans le savoir, Kardashian a mis ses m\u00e9diums dans une impasse. En demandant cat\u00e9goriquement si elle allait passer le barreau ou non, Kardashian a forc\u00e9 une d\u00e9cision binaire. Il est compr\u00e9hensible qu&rsquo;ils se soient prononc\u00e9s \u00e0 l&rsquo;unanimit\u00e9 sur \u00ab\u00a0vous r\u00e9ussirez\u00a0\u00bb, car c&rsquo;est ce qu&rsquo;elle voulait entendre. \u00ab\u00a0Le sort n&rsquo;est pas clair pour le moment !\u00a0\u00bb est trop insens\u00e9, et \u00ab\u00a0Tu vas \u00e9chouer, ma fille\u00a0\u00bb, vous ferait probablement d\u00e9sinviter au manoir. Mais je suis surpris que personne n&rsquo;ait r\u00e9pondu : \u00ab Je ne peux pas d\u00e9terminer la p\u00e9riode pr\u00e9cise, mais vous deviendrez avocat \u00e0 l&rsquo;avenir. \u00bb C&rsquo;est ce que j&rsquo;aurais dit. (Je suis disponible pour des lectures psychiques.)<\/p>\n<p>Maintenant, si vous voulez bien m&rsquo;excuser, je recommence \u00e0 ignorer tout ce que fait Kim Kardashian.<\/p>\n<p><script async src=\"\/\/www.tiktok.com\/embed.js\"><\/script><\/p>\n","protected":false},"excerpt":{"rendered":"<p>Je n&rsquo;avais pas cela sur ma carte de bingo sceptique. Dans une culture submerg\u00e9e par des croyances ridicules, un improbable h\u00e9ros de la rationalit\u00e9 a<\/p>\n","protected":false},"author":1,"featured_media":11264,"comment_status":"","ping_status":"","sticky":false,"template":"","format":"standard","meta":{"footnotes":""},"categories":[36],"tags":[206,9222,1046,9221,9220,14,9223,1348,2469],"class_list":["post-11263","post","type-post","status-publish","format-standard","has-post-thumbnail","hentry","category-divertissement","tag-cette","tag-demystifie","tag-gens","tag-kardashian","tag-kim","tag-les","tag-mediums","tag-semaine","tag-trompent","generate-columns","tablet-grid-50","mobile-grid-100","grid-parent","grid-33"],"yoast_head":"<!-- This site is optimized with the Yoast SEO plugin v24.0 - https:\/\/yoast.com\/wordpress\/plugins\/seo\/ -->\n<title>Ce que les gens se trompent cette semaine\u00a0: Kim Kardashian d\u00e9mystifie les m\u00e9diums | Vie Associative<\/title>\n<meta name=\"robots\" content=\"index, follow, max-snippet:-1, max-image-preview:large, max-video-preview:-1\" \/>\n<link rel=\"canonical\" href=\"https:\/\/vieassociative.be\/actualites\/ce-que-les-gens-se-trompent-cette-semaine-kim-kardashian-demystifie-les-mediums\/\" \/>\n<meta property=\"og:locale\" content=\"fr_FR\" \/>\n<meta property=\"og:type\" content=\"article\" \/>\n<meta property=\"og:title\" content=\"Ce que les gens se trompent cette semaine\u00a0: Kim Kardashian d\u00e9mystifie les m\u00e9diums | Vie Associative\" \/>\n<meta property=\"og:description\" content=\"Je n&rsquo;avais pas cela sur ma carte de bingo sceptique. Dans une culture submerg\u00e9e par des croyances ridicules, un improbable h\u00e9ros de la rationalit\u00e9 a\" \/>\n<meta property=\"og:url\" content=\"https:\/\/vieassociative.be\/actualites\/ce-que-les-gens-se-trompent-cette-semaine-kim-kardashian-demystifie-les-mediums\/\" \/>\n<meta property=\"og:site_name\" content=\"Vie Associative\" \/>\n<meta property=\"article:published_time\" content=\"2025-11-12T07:17:27+00:00\" \/>\n<meta property=\"og:image\" content=\"https:\/\/vieassociative.be\/actualites\/wp-content\/uploads\/2025\/09\/1757726237_608_Meta-pourrait-devoiler-une-montre-intelligente-pour-controler-ses-lunettes.jpg\" \/>\n<meta name=\"author\" content=\"Julien\" \/>\n<meta name=\"twitter:card\" content=\"summary_large_image\" \/>\n<meta name=\"twitter:label1\" content=\"\u00c9crit par\" \/>\n\t<meta name=\"twitter:data1\" content=\"Julien\" \/>\n\t<meta name=\"twitter:label2\" content=\"Dur\u00e9e de lecture est.\" \/>\n\t<meta name=\"twitter:data2\" content=\"3 minutes\" \/>\n<script type=\"application\/ld+json\" class=\"yoast-schema-graph\">{\"@context\":\"https:\/\/schema.org\",\"@graph\":[{\"@type\":\"Article\",\"@id\":\"https:\/\/vieassociative.be\/actualites\/ce-que-les-gens-se-trompent-cette-semaine-kim-kardashian-demystifie-les-mediums\/#article\",\"isPartOf\":{\"@id\":\"https:\/\/vieassociative.be\/actualites\/ce-que-les-gens-se-trompent-cette-semaine-kim-kardashian-demystifie-les-mediums\/\"},\"author\":{\"name\":\"Julien\",\"@id\":\"https:\/\/vieassociative.be\/actualites\/#\/schema\/person\/b87ac4f82f9d4e7b7cec7395b679edc4\"},\"headline\":\"Ce que les gens se trompent cette semaine\u00a0: Kim Kardashian d\u00e9mystifie les m\u00e9diums\",\"datePublished\":\"2025-11-12T07:17:27+00:00\",\"dateModified\":\"2025-11-12T07:17:27+00:00\",\"mainEntityOfPage\":{\"@id\":\"https:\/\/vieassociative.be\/actualites\/ce-que-les-gens-se-trompent-cette-semaine-kim-kardashian-demystifie-les-mediums\/\"},\"wordCount\":624,\"publisher\":{\"@id\":\"https:\/\/vieassociative.be\/actualites\/#organization\"},\"image\":{\"@id\":\"https:\/\/vieassociative.be\/actualites\/ce-que-les-gens-se-trompent-cette-semaine-kim-kardashian-demystifie-les-mediums\/#primaryimage\"},\"thumbnailUrl\":\"https:\/\/vieassociative.be\/actualites\/wp-content\/uploads\/2025\/11\/Ce-que-les-gens-se-trompent-cette-semaine-Kim-Kardashian.png\",\"keywords\":[\"cette\",\"d\u00e9mystifie\",\"gens\",\"Kardashian\",\"Kim\",\"Les\",\"m\u00e9diums\",\"semaine\",\"trompent\"],\"articleSection\":[\"Divertissement\"],\"inLanguage\":\"fr-BE\"},{\"@type\":\"WebPage\",\"@id\":\"https:\/\/vieassociative.be\/actualites\/ce-que-les-gens-se-trompent-cette-semaine-kim-kardashian-demystifie-les-mediums\/\",\"url\":\"https:\/\/vieassociative.be\/actualites\/ce-que-les-gens-se-trompent-cette-semaine-kim-kardashian-demystifie-les-mediums\/\",\"name\":\"Ce que les gens se trompent cette semaine\u00a0: Kim Kardashian d\u00e9mystifie les m\u00e9diums | Vie Associative\",\"isPartOf\":{\"@id\":\"https:\/\/vieassociative.be\/actualites\/#website\"},\"primaryImageOfPage\":{\"@id\":\"https:\/\/vieassociative.be\/actualites\/ce-que-les-gens-se-trompent-cette-semaine-kim-kardashian-demystifie-les-mediums\/#primaryimage\"},\"image\":{\"@id\":\"https:\/\/vieassociative.be\/actualites\/ce-que-les-gens-se-trompent-cette-semaine-kim-kardashian-demystifie-les-mediums\/#primaryimage\"},\"thumbnailUrl\":\"https:\/\/vieassociative.be\/actualites\/wp-content\/uploads\/2025\/11\/Ce-que-les-gens-se-trompent-cette-semaine-Kim-Kardashian.png\",\"datePublished\":\"2025-11-12T07:17:27+00:00\",\"dateModified\":\"2025-11-12T07:17:27+00:00\",\"breadcrumb\":{\"@id\":\"https:\/\/vieassociative.be\/actualites\/ce-que-les-gens-se-trompent-cette-semaine-kim-kardashian-demystifie-les-mediums\/#breadcrumb\"},\"inLanguage\":\"fr-BE\",\"potentialAction\":[{\"@type\":\"ReadAction\",\"target\":[\"https:\/\/vieassociative.be\/actualites\/ce-que-les-gens-se-trompent-cette-semaine-kim-kardashian-demystifie-les-mediums\/\"]}]},{\"@type\":\"ImageObject\",\"inLanguage\":\"fr-BE\",\"@id\":\"https:\/\/vieassociative.be\/actualites\/ce-que-les-gens-se-trompent-cette-semaine-kim-kardashian-demystifie-les-mediums\/#primaryimage\",\"url\":\"https:\/\/vieassociative.be\/actualites\/wp-content\/uploads\/2025\/11\/Ce-que-les-gens-se-trompent-cette-semaine-Kim-Kardashian.png\",\"contentUrl\":\"https:\/\/vieassociative.be\/actualites\/wp-content\/uploads\/2025\/11\/Ce-que-les-gens-se-trompent-cette-semaine-Kim-Kardashian.png\",\"width\":1200,\"height\":675,\"caption\":\"Ce que les gens se trompent cette semaine\u00a0: Kim Kardashian d\u00e9mystifie les m\u00e9diums\"},{\"@type\":\"BreadcrumbList\",\"@id\":\"https:\/\/vieassociative.be\/actualites\/ce-que-les-gens-se-trompent-cette-semaine-kim-kardashian-demystifie-les-mediums\/#breadcrumb\",\"itemListElement\":[{\"@type\":\"ListItem\",\"position\":1,\"name\":\"Accueil\",\"item\":\"https:\/\/vieassociative.be\/actualites\/\"},{\"@type\":\"ListItem\",\"position\":2,\"name\":\"Ce que les gens se trompent cette semaine\u00a0: Kim Kardashian d\u00e9mystifie les m\u00e9diums\"}]},{\"@type\":\"WebSite\",\"@id\":\"https:\/\/vieassociative.be\/actualites\/#website\",\"url\":\"https:\/\/vieassociative.be\/actualites\/\",\"name\":\"Vie Associative\",\"description\":\"\",\"publisher\":{\"@id\":\"https:\/\/vieassociative.be\/actualites\/#organization\"},\"potentialAction\":[{\"@type\":\"SearchAction\",\"target\":{\"@type\":\"EntryPoint\",\"urlTemplate\":\"https:\/\/vieassociative.be\/actualites\/?s={search_term_string}\"},\"query-input\":{\"@type\":\"PropertyValueSpecification\",\"valueRequired\":true,\"valueName\":\"search_term_string\"}}],\"inLanguage\":\"fr-BE\"},{\"@type\":\"Organization\",\"@id\":\"https:\/\/vieassociative.be\/actualites\/#organization\",\"name\":\"Vie Associative\",\"url\":\"https:\/\/vieassociative.be\/actualites\/\",\"logo\":{\"@type\":\"ImageObject\",\"inLanguage\":\"fr-BE\",\"@id\":\"https:\/\/vieassociative.be\/actualites\/#\/schema\/logo\/image\/\",\"url\":\"https:\/\/vieassociative.be\/actualites\/wp-content\/uploads\/2024\/09\/cropped-vieassociative_favicon.ico.png\",\"contentUrl\":\"https:\/\/vieassociative.be\/actualites\/wp-content\/uploads\/2024\/09\/cropped-vieassociative_favicon.ico.png\",\"width\":512,\"height\":512,\"caption\":\"Vie Associative\"},\"image\":{\"@id\":\"https:\/\/vieassociative.be\/actualites\/#\/schema\/logo\/image\/\"}},{\"@type\":\"Person\",\"@id\":\"https:\/\/vieassociative.be\/actualites\/#\/schema\/person\/b87ac4f82f9d4e7b7cec7395b679edc4\",\"name\":\"Julien\",\"image\":{\"@type\":\"ImageObject\",\"inLanguage\":\"fr-BE\",\"@id\":\"https:\/\/vieassociative.be\/actualites\/#\/schema\/person\/image\/\",\"url\":\"https:\/\/vieassociative.be\/actualites\/wp-content\/uploads\/2024\/09\/vie-associative-1-150x150.jpg\",\"contentUrl\":\"https:\/\/vieassociative.be\/actualites\/wp-content\/uploads\/2024\/09\/vie-associative-1-150x150.jpg\",\"caption\":\"Julien\"},\"description\":\"Je suis Julien, r\u00e9dacteur pour Vie Associative. Passionn\u00e9 par le monde associatif depuis plus de 10 ans, j'ai \u00e0 c\u0153ur de partager des histoires inspirantes et de mettre en lumi\u00e8re les initiatives locales. Mon objectif est de sensibiliser et d'encourager l'engagement communautaire \u00e0 travers mes articles.\",\"sameAs\":[\"https:\/\/vieassociative.be\/\"]}]}<\/script>\n<!-- \/ Yoast SEO plugin. -->","yoast_head_json":{"title":"Ce que les gens se trompent cette semaine\u00a0: Kim Kardashian d\u00e9mystifie les m\u00e9diums | Vie Associative","robots":{"index":"index","follow":"follow","max-snippet":"max-snippet:-1","max-image-preview":"max-image-preview:large","max-video-preview":"max-video-preview:-1"},"canonical":"https:\/\/vieassociative.be\/actualites\/ce-que-les-gens-se-trompent-cette-semaine-kim-kardashian-demystifie-les-mediums\/","og_locale":"fr_FR","og_type":"article","og_title":"Ce que les gens se trompent cette semaine\u00a0: Kim Kardashian d\u00e9mystifie les m\u00e9diums | Vie Associative","og_description":"Je n&rsquo;avais pas cela sur ma carte de bingo sceptique. Dans une culture submerg\u00e9e par des croyances ridicules, un improbable h\u00e9ros de la rationalit\u00e9 a","og_url":"https:\/\/vieassociative.be\/actualites\/ce-que-les-gens-se-trompent-cette-semaine-kim-kardashian-demystifie-les-mediums\/","og_site_name":"Vie Associative","article_published_time":"2025-11-12T07:17:27+00:00","og_image":[{"url":"https:\/\/vieassociative.be\/actualites\/wp-content\/uploads\/2025\/09\/1757726237_608_Meta-pourrait-devoiler-une-montre-intelligente-pour-controler-ses-lunettes.jpg","type":"","width":"","height":""}],"author":"Julien","twitter_card":"summary_large_image","twitter_misc":{"\u00c9crit par":"Julien","Dur\u00e9e de lecture est.":"3 minutes"},"schema":{"@context":"https:\/\/schema.org","@graph":[{"@type":"Article","@id":"https:\/\/vieassociative.be\/actualites\/ce-que-les-gens-se-trompent-cette-semaine-kim-kardashian-demystifie-les-mediums\/#article","isPartOf":{"@id":"https:\/\/vieassociative.be\/actualites\/ce-que-les-gens-se-trompent-cette-semaine-kim-kardashian-demystifie-les-mediums\/"},"author":{"name":"Julien","@id":"https:\/\/vieassociative.be\/actualites\/#\/schema\/person\/b87ac4f82f9d4e7b7cec7395b679edc4"},"headline":"Ce que les gens se trompent cette semaine\u00a0: Kim Kardashian d\u00e9mystifie les m\u00e9diums","datePublished":"2025-11-12T07:17:27+00:00","dateModified":"2025-11-12T07:17:27+00:00","mainEntityOfPage":{"@id":"https:\/\/vieassociative.be\/actualites\/ce-que-les-gens-se-trompent-cette-semaine-kim-kardashian-demystifie-les-mediums\/"},"wordCount":624,"publisher":{"@id":"https:\/\/vieassociative.be\/actualites\/#organization"},"image":{"@id":"https:\/\/vieassociative.be\/actualites\/ce-que-les-gens-se-trompent-cette-semaine-kim-kardashian-demystifie-les-mediums\/#primaryimage"},"thumbnailUrl":"https:\/\/vieassociative.be\/actualites\/wp-content\/uploads\/2025\/11\/Ce-que-les-gens-se-trompent-cette-semaine-Kim-Kardashian.png","keywords":["cette","d\u00e9mystifie","gens","Kardashian","Kim","Les","m\u00e9diums","semaine","trompent"],"articleSection":["Divertissement"],"inLanguage":"fr-BE"},{"@type":"WebPage","@id":"https:\/\/vieassociative.be\/actualites\/ce-que-les-gens-se-trompent-cette-semaine-kim-kardashian-demystifie-les-mediums\/","url":"https:\/\/vieassociative.be\/actualites\/ce-que-les-gens-se-trompent-cette-semaine-kim-kardashian-demystifie-les-mediums\/","name":"Ce que les gens se trompent cette semaine\u00a0: Kim Kardashian d\u00e9mystifie les m\u00e9diums | Vie Associative","isPartOf":{"@id":"https:\/\/vieassociative.be\/actualites\/#website"},"primaryImageOfPage":{"@id":"https:\/\/vieassociative.be\/actualites\/ce-que-les-gens-se-trompent-cette-semaine-kim-kardashian-demystifie-les-mediums\/#primaryimage"},"image":{"@id":"https:\/\/vieassociative.be\/actualites\/ce-que-les-gens-se-trompent-cette-semaine-kim-kardashian-demystifie-les-mediums\/#primaryimage"},"thumbnailUrl":"https:\/\/vieassociative.be\/actualites\/wp-content\/uploads\/2025\/11\/Ce-que-les-gens-se-trompent-cette-semaine-Kim-Kardashian.png","datePublished":"2025-11-12T07:17:27+00:00","dateModified":"2025-11-12T07:17:27+00:00","breadcrumb":{"@id":"https:\/\/vieassociative.be\/actualites\/ce-que-les-gens-se-trompent-cette-semaine-kim-kardashian-demystifie-les-mediums\/#breadcrumb"},"inLanguage":"fr-BE","potentialAction":[{"@type":"ReadAction","target":["https:\/\/vieassociative.be\/actualites\/ce-que-les-gens-se-trompent-cette-semaine-kim-kardashian-demystifie-les-mediums\/"]}]},{"@type":"ImageObject","inLanguage":"fr-BE","@id":"https:\/\/vieassociative.be\/actualites\/ce-que-les-gens-se-trompent-cette-semaine-kim-kardashian-demystifie-les-mediums\/#primaryimage","url":"https:\/\/vieassociative.be\/actualites\/wp-content\/uploads\/2025\/11\/Ce-que-les-gens-se-trompent-cette-semaine-Kim-Kardashian.png","contentUrl":"https:\/\/vieassociative.be\/actualites\/wp-content\/uploads\/2025\/11\/Ce-que-les-gens-se-trompent-cette-semaine-Kim-Kardashian.png","width":1200,"height":675,"caption":"Ce que les gens se trompent cette semaine\u00a0: Kim Kardashian d\u00e9mystifie les m\u00e9diums"},{"@type":"BreadcrumbList","@id":"https:\/\/vieassociative.be\/actualites\/ce-que-les-gens-se-trompent-cette-semaine-kim-kardashian-demystifie-les-mediums\/#breadcrumb","itemListElement":[{"@type":"ListItem","position":1,"name":"Accueil","item":"https:\/\/vieassociative.be\/actualites\/"},{"@type":"ListItem","position":2,"name":"Ce que les gens se trompent cette semaine\u00a0: Kim Kardashian d\u00e9mystifie les m\u00e9diums"}]},{"@type":"WebSite","@id":"https:\/\/vieassociative.be\/actualites\/#website","url":"https:\/\/vieassociative.be\/actualites\/","name":"Vie Associative","description":"","publisher":{"@id":"https:\/\/vieassociative.be\/actualites\/#organization"},"potentialAction":[{"@type":"SearchAction","target":{"@type":"EntryPoint","urlTemplate":"https:\/\/vieassociative.be\/actualites\/?s={search_term_string}"},"query-input":{"@type":"PropertyValueSpecification","valueRequired":true,"valueName":"search_term_string"}}],"inLanguage":"fr-BE"},{"@type":"Organization","@id":"https:\/\/vieassociative.be\/actualites\/#organization","name":"Vie Associative","url":"https:\/\/vieassociative.be\/actualites\/","logo":{"@type":"ImageObject","inLanguage":"fr-BE","@id":"https:\/\/vieassociative.be\/actualites\/#\/schema\/logo\/image\/","url":"https:\/\/vieassociative.be\/actualites\/wp-content\/uploads\/2024\/09\/cropped-vieassociative_favicon.ico.png","contentUrl":"https:\/\/vieassociative.be\/actualites\/wp-content\/uploads\/2024\/09\/cropped-vieassociative_favicon.ico.png","width":512,"height":512,"caption":"Vie Associative"},"image":{"@id":"https:\/\/vieassociative.be\/actualites\/#\/schema\/logo\/image\/"}},{"@type":"Person","@id":"https:\/\/vieassociative.be\/actualites\/#\/schema\/person\/b87ac4f82f9d4e7b7cec7395b679edc4","name":"Julien","image":{"@type":"ImageObject","inLanguage":"fr-BE","@id":"https:\/\/vieassociative.be\/actualites\/#\/schema\/person\/image\/","url":"https:\/\/vieassociative.be\/actualites\/wp-content\/uploads\/2024\/09\/vie-associative-1-150x150.jpg","contentUrl":"https:\/\/vieassociative.be\/actualites\/wp-content\/uploads\/2024\/09\/vie-associative-1-150x150.jpg","caption":"Julien"},"description":"Je suis Julien, r\u00e9dacteur pour Vie Associative. Passionn\u00e9 par le monde associatif depuis plus de 10 ans, j'ai \u00e0 c\u0153ur de partager des histoires inspirantes et de mettre en lumi\u00e8re les initiatives locales. Mon objectif est de sensibiliser et d'encourager l'engagement communautaire \u00e0 travers mes articles.","sameAs":["https:\/\/vieassociative.be\/"]}]}},"_links":{"self":[{"href":"https:\/\/vieassociative.be\/actualites\/wp-json\/wp\/v2\/posts\/11263"}],"collection":[{"href":"https:\/\/vieassociative.be\/actualites\/wp-json\/wp\/v2\/posts"}],"about":[{"href":"https:\/\/vieassociative.be\/actualites\/wp-json\/wp\/v2\/types\/post"}],"author":[{"embeddable":true,"href":"https:\/\/vieassociative.be\/actualites\/wp-json\/wp\/v2\/users\/1"}],"replies":[{"embeddable":true,"href":"https:\/\/vieassociative.be\/actualites\/wp-json\/wp\/v2\/comments?post=11263"}],"version-history":[{"count":0,"href":"https:\/\/vieassociative.be\/actualites\/wp-json\/wp\/v2\/posts\/11263\/revisions"}],"wp:featuredmedia":[{"embeddable":true,"href":"https:\/\/vieassociative.be\/actualites\/wp-json\/wp\/v2\/media\/11264"}],"wp:attachment":[{"href":"https:\/\/vieassociative.be\/actualites\/wp-json\/wp\/v2\/media?parent=11263"}],"wp:term":[{"taxonomy":"category","embeddable":true,"href":"https:\/\/vieassociative.be\/actualites\/wp-json\/wp\/v2\/categories?post=11263"},{"taxonomy":"post_tag","embeddable":true,"href":"https:\/\/vieassociative.be\/actualites\/wp-json\/wp\/v2\/tags?post=11263"}],"curies":[{"name":"wp","href":"https:\/\/api.w.org\/{rel}","templated":true}]}}