{"id":11260,"date":"2025-11-12T03:17:01","date_gmt":"2025-11-12T02:17:01","guid":{"rendered":"https:\/\/vieassociative.be\/actualites\/mauel-mr-et-spies-ps-exigent-des-informations-claires-et-une-transparence-maximale-apres-les-cas-de-grippe-aviaire\/"},"modified":"2025-11-12T03:17:01","modified_gmt":"2025-11-12T02:17:01","slug":"mauel-mr-et-spies-ps-exigent-des-informations-claires-et-une-transparence-maximale-apres-les-cas-de-grippe-aviaire","status":"publish","type":"post","link":"https:\/\/vieassociative.be\/actualites\/mauel-mr-et-spies-ps-exigent-des-informations-claires-et-une-transparence-maximale-apres-les-cas-de-grippe-aviaire\/","title":{"rendered":"Mauel (MR) et Spies (PS) exigent des informations claires et une transparence maximale apr\u00e8s les cas de grippe aviaire"},"content":{"rendered":"<p><strong>Suite \u00e0 la confirmation de cas de grippe aviaire (H5N1) \u00e0 Houthulst en Flandre occidentale et \u00e0 Welkenraedt, l&rsquo;Agence f\u00e9d\u00e9rale pour la s\u00e9curit\u00e9 de la cha\u00eene alimentaire (AFSCA) a impos\u00e9 de nouvelles mesures de pr\u00e9vention. Depuis le 23 octobre, les \u00e9levages de volailles professionnels sont tenus de tenir des stabulations.<\/strong><\/p>\n<p><span id=\"more-429387\"><\/span>L\u2019objectif est d\u2019emp\u00eacher une nouvelle propagation du virus, qui pourrait avoir des cons\u00e9quences importantes tant sur l\u2019agriculture que sur l\u2019approvisionnement alimentaire.<\/p>\n<p>La d\u00e9put\u00e9e wallonne Christine Mauel (MR\/PFF) a appel\u00e9 \u00e0 une communication accrue avec la population au sein de la Commission Agriculture. De son c\u00f4t\u00e9, le d\u00e9put\u00e9 r\u00e9gional Patrick Spies (PS\/SP) a appel\u00e9 \u00e0 un soutien rapide aux \u00e9leveurs de volailles wallons touch\u00e9s.<\/p>\n<div id=\"attachment_429407\" class=\"wp-caption alignleft\" style=\"max-width: 300px\"><img fetchpriority=\"high\" decoding=\"async\" class=\"wp-image-429407 size-medium\" src=\"https:\/\/vieassociative.be\/actualites\/wp-content\/uploads\/2025\/11\/Mauel-MR-et-Spies-PS-exigent-des-informations-claires-et.jpg\" alt=\"\" width=\"300\" height=\"200\"><\/div>\n<p>\u00ab\u00a0Le cas confirm\u00e9 \u00e0 Welkenraedt montre que le virus a \u00e9galement atteint l&rsquo;est de la Belgique. De nombreuses personnes \u00e9l\u00e8vent de la volaille \u00e0 petite \u00e9chelle &#8211; comme passe-temps, par tradition ou par autosuffisance. Ils ont besoin de savoir exactement quelles mesures de pr\u00e9caution s&rsquo;appliquent et \u00e0 qui s&rsquo;adresser\u00a0\u00bb, explique Mauel.<\/p>\n<p>Selon la ministre wallonne de l&rsquo;Agriculture Anne-Catherine Dalcq (MR), une zone de surveillance avec des conditions particuli\u00e8res s&rsquo;applique \u00e0 toutes les exploitations situ\u00e9es dans un rayon de 10 km autour d&rsquo;un foyer :<\/p>\n<p>\u2013 Dans un rayon de 3 km il y a une zone de protection dans laquelle tous les oiseaux (pas seulement les volailles)<br \/>\ndoit \u00eatre install\u00e9.<\/p>\n<p>\u2013 Tous les \u00e9leveurs de volailles, y compris priv\u00e9s, doivent prot\u00e9ger leurs animaux dans un rayon de 10 km<br \/>\net gardez-les s\u00e9par\u00e9s des oiseaux sauvages.<\/p>\n<p>Christine Mauel a rappel\u00e9 que tout citoyen est tenu de d\u00e9clarer les oiseaux sauvages morts &#8211; au D\u00e9partement Nature et For\u00eat (DNF), charg\u00e9 de la collecte et de l&rsquo;analyse des animaux. <\/p>\n<\/p>\n<div id=\"attachment_429409\" class=\"wp-caption alignleft\" style=\"max-width: 300px\"><img decoding=\"async\" class=\"wp-image-429409 size-medium\" src=\"https:\/\/vieassociative.be\/actualites\/wp-content\/uploads\/2025\/11\/1762913821_497_Mauel-MR-et-Spies-PS-exigent-des-informations-claires-et.jpg\" alt=\"\" width=\"300\" height=\"200\"  ><\/div>\n<p>\u00ab\u00a0J&rsquo;ai l&rsquo;impression que ce point n&rsquo;a pas \u00e9t\u00e9 suffisamment soulign\u00e9 dans la communication publique jusqu&rsquo;\u00e0 pr\u00e9sent. La d\u00e9claration des oiseaux morts est cruciale pour surveiller la propagation du virus. Mais de nombreux citoyens ne savent m\u00eame pas vers qui se tourner\u00a0\u00bb, a d\u00e9clar\u00e9 Mauel.<\/p>\n<p>Le DNF est joignable au num\u00e9ro de t\u00e9l\u00e9phone gratuit 0800 99 777. Les d\u00e9couvertes peuvent y \u00eatre signal\u00e9es ; Les carcasses sont ensuite ramass\u00e9es par des professionnels et examin\u00e9es en laboratoire.<\/p>\n<p>Mauel salue la bonne coop\u00e9ration entre la R\u00e9gion wallonne, l&rsquo;AFSCA, l&rsquo;Etat f\u00e9d\u00e9ral et les partenaires scientifiques, mais appelle \u00e0 une sensibilisation locale plus cibl\u00e9e : \u00ab\u00a0Nous avons besoin d&rsquo;une communication claire et compr\u00e9hensible &#8211; notamment dans les communaut\u00e9s frontali\u00e8res et les zones rurales. Il ne s&rsquo;agit pas de semer la panique, mais de partager les responsabilit\u00e9s.\u00a0\u00bb<\/p>\n<p>Mauel appelle les citoyens de l&rsquo;Est de la Belgique \u00e0 rester vigilants mais calmes : \u00ab Avec des mesures de pr\u00e9caution simples, des rapports rapides et la coop\u00e9ration de tous les acteurs, nous pouvons garder la situation sous contr\u00f4le. \u00bb<\/p>\n<p>En raison de l&rsquo;urgence de l&rsquo;\u00e9pid\u00e9mie, le d\u00e9put\u00e9 r\u00e9gional Patrick Spies (SP) a interrog\u00e9 le ministre de l&rsquo;Agriculture Dalcq au sein de la commission comp\u00e9tente. Spies s&rsquo;est \u00e9galement sp\u00e9cifiquement pr\u00e9occup\u00e9 d&rsquo;une \u00e9ventuelle compensation pour les \u00e9leveurs de volailles concern\u00e9s.<\/p>\n<div id=\"attachment_429406\" class=\"wp-caption alignleft\" style=\"max-width: 300px\"><img decoding=\"async\" class=\"wp-image-429406 size-medium\" src=\"https:\/\/vieassociative.be\/actualites\/wp-content\/uploads\/2025\/11\/1762913821_219_Mauel-MR-et-Spies-PS-exigent-des-informations-claires-et.jpg\" alt=\"\" width=\"300\" height=\"197\"><\/div>\n<p>Dans sa r\u00e9ponse, la ministre de l&rsquo;Agriculture Dalcq a rappel\u00e9 que depuis jeudi tous les \u00e9levages sont oblig\u00e9s de garder leurs volailles en int\u00e9rieur ou prot\u00e9g\u00e9es sous des filets. L&rsquo;alimentation et l&rsquo;abreuvement doivent avoir lieu dans des zones prot\u00e9g\u00e9es, et l&rsquo;utilisation d&rsquo;eau de surface ou d&rsquo;eau de pluie non filtr\u00e9e est obligatoire. Pour les particuliers, les restrictions s&rsquo;appliquent uniquement dans les zones de protection et de surveillance autour des lieux concern\u00e9s. De plus, l\u2019AFSCA recommande des mesures d\u2019hygi\u00e8ne accrues, comme recouvrir la liti\u00e8re et d\u00e9sinfecter les pneus des v\u00e9hicules avant d\u2019entrer dans les \u00e9curies.<\/p>\n<p>Aucune restriction sur la chasse n&rsquo;est actuellement pr\u00e9vue, mais pourrait \u00eatre r\u00e9\u00e9valu\u00e9e en fonction de l&rsquo;\u00e9volution de l&rsquo;\u00e9pid\u00e9mie, a indiqu\u00e9 le ministre. En cas d&rsquo;abattage forc\u00e9, le Fonds Sanitaire de l&rsquo;Aviculture indemnise les entreprises concern\u00e9es.<\/p>\n<p>Spies salue les mesures de pr\u00e9caution prises, mais appelle \u00e9galement \u00e0 plus de coordination, de transparence et de soutien. \u00ab\u00a0Cette situation n\u00e9cessite plus que jamais de clart\u00e9, de coordination et un soutien cibl\u00e9 aux personnes touch\u00e9es. Les \u00e9leveurs de volailles ont d\u00e9j\u00e0 travers\u00e9 plusieurs crises &#8211; ils ont d\u00e9sormais besoin non seulement de nouvelles obligations, mais aussi d&rsquo;un soutien concret et rapide, tant sur le plan financier qu&rsquo;organisationnel.\u00a0\u00bb (cr\u00e9er)<\/p>\n","protected":false},"excerpt":{"rendered":"<p>Suite \u00e0 la confirmation de cas de grippe aviaire (H5N1) \u00e0 Houthulst en Flandre occidentale et \u00e0 Welkenraedt, l&rsquo;Agence f\u00e9d\u00e9rale pour la s\u00e9curit\u00e9 de la<\/p>\n","protected":false},"author":1,"featured_media":11261,"comment_status":"","ping_status":"","sticky":false,"template":"","format":"standard","meta":{"footnotes":""},"categories":[298],"tags":[472,4324,2691,7520,29,2542,758,86,14,4773,9219,5919,9218,110],"class_list":["post-11260","post","type-post","status-publish","format-standard","has-post-thumbnail","hentry","category-belgique","tag-apres","tag-aviaire","tag-cas","tag-claires","tag-des","tag-exigent","tag-grippe","tag-informations","tag-les","tag-mauel","tag-maximale","tag-spies","tag-transparence","tag-une","generate-columns","tablet-grid-50","mobile-grid-100","grid-parent","grid-33"],"yoast_head":"<!-- This site is optimized with the Yoast SEO plugin v24.0 - https:\/\/yoast.com\/wordpress\/plugins\/seo\/ -->\n<title>Mauel (MR) et Spies (PS) exigent des informations claires et une transparence maximale apr\u00e8s les cas de grippe aviaire | Vie Associative<\/title>\n<meta name=\"robots\" content=\"index, follow, max-snippet:-1, max-image-preview:large, max-video-preview:-1\" \/>\n<link rel=\"canonical\" href=\"https:\/\/vieassociative.be\/actualites\/mauel-mr-et-spies-ps-exigent-des-informations-claires-et-une-transparence-maximale-apres-les-cas-de-grippe-aviaire\/\" \/>\n<meta property=\"og:locale\" content=\"fr_FR\" \/>\n<meta property=\"og:type\" content=\"article\" \/>\n<meta property=\"og:title\" content=\"Mauel (MR) et Spies (PS) exigent des informations claires et une transparence maximale apr\u00e8s les cas de grippe aviaire | Vie Associative\" \/>\n<meta property=\"og:description\" content=\"Suite \u00e0 la confirmation de cas de grippe aviaire (H5N1) \u00e0 Houthulst en Flandre occidentale et \u00e0 Welkenraedt, l&rsquo;Agence f\u00e9d\u00e9rale pour la s\u00e9curit\u00e9 de la\" \/>\n<meta property=\"og:url\" content=\"https:\/\/vieassociative.be\/actualites\/mauel-mr-et-spies-ps-exigent-des-informations-claires-et-une-transparence-maximale-apres-les-cas-de-grippe-aviaire\/\" \/>\n<meta property=\"og:site_name\" content=\"Vie Associative\" \/>\n<meta property=\"article:published_time\" content=\"2025-11-12T02:17:01+00:00\" \/>\n<meta property=\"og:image\" content=\"https:\/\/vieassociative.be\/actualites\/wp-content\/uploads\/2024\/09\/header_backgroundk-01-e1726694325946.png\" \/>\n\t<meta property=\"og:image:width\" content=\"279\" \/>\n\t<meta property=\"og:image:height\" content=\"92\" \/>\n\t<meta property=\"og:image:type\" content=\"image\/png\" \/>\n<meta name=\"author\" content=\"Julien\" \/>\n<meta name=\"twitter:card\" content=\"summary_large_image\" \/>\n<meta name=\"twitter:label1\" content=\"\u00c9crit par\" \/>\n\t<meta name=\"twitter:data1\" content=\"Julien\" \/>\n\t<meta name=\"twitter:label2\" content=\"Dur\u00e9e de lecture est.\" \/>\n\t<meta name=\"twitter:data2\" content=\"4 minutes\" \/>\n<script type=\"application\/ld+json\" class=\"yoast-schema-graph\">{\"@context\":\"https:\/\/schema.org\",\"@graph\":[{\"@type\":\"Article\",\"@id\":\"https:\/\/vieassociative.be\/actualites\/mauel-mr-et-spies-ps-exigent-des-informations-claires-et-une-transparence-maximale-apres-les-cas-de-grippe-aviaire\/#article\",\"isPartOf\":{\"@id\":\"https:\/\/vieassociative.be\/actualites\/mauel-mr-et-spies-ps-exigent-des-informations-claires-et-une-transparence-maximale-apres-les-cas-de-grippe-aviaire\/\"},\"author\":{\"name\":\"Julien\",\"@id\":\"https:\/\/vieassociative.be\/actualites\/#\/schema\/person\/b87ac4f82f9d4e7b7cec7395b679edc4\"},\"headline\":\"Mauel (MR) et Spies (PS) exigent des informations claires et une transparence maximale apr\u00e8s les cas de grippe aviaire\",\"datePublished\":\"2025-11-12T02:17:01+00:00\",\"dateModified\":\"2025-11-12T02:17:01+00:00\",\"mainEntityOfPage\":{\"@id\":\"https:\/\/vieassociative.be\/actualites\/mauel-mr-et-spies-ps-exigent-des-informations-claires-et-une-transparence-maximale-apres-les-cas-de-grippe-aviaire\/\"},\"wordCount\":803,\"publisher\":{\"@id\":\"https:\/\/vieassociative.be\/actualites\/#organization\"},\"image\":{\"@id\":\"https:\/\/vieassociative.be\/actualites\/mauel-mr-et-spies-ps-exigent-des-informations-claires-et-une-transparence-maximale-apres-les-cas-de-grippe-aviaire\/#primaryimage\"},\"thumbnailUrl\":\"https:\/\/vieassociative.be\/actualites\/wp-content\/uploads\/2025\/11\/1762913822_Mauel-MR-et-Spies-PS-exigent-des-informations-claires-et.jpg\",\"keywords\":[\"Apr\u00e8s\",\"aviaire\",\"cas\",\"claires\",\"Des\",\"exigent\",\"grippe\",\"informations\",\"Les\",\"Mauel\",\"maximale\",\"Spies\",\"transparence\",\"une\"],\"articleSection\":[\"Belgique\"],\"inLanguage\":\"fr-BE\"},{\"@type\":\"WebPage\",\"@id\":\"https:\/\/vieassociative.be\/actualites\/mauel-mr-et-spies-ps-exigent-des-informations-claires-et-une-transparence-maximale-apres-les-cas-de-grippe-aviaire\/\",\"url\":\"https:\/\/vieassociative.be\/actualites\/mauel-mr-et-spies-ps-exigent-des-informations-claires-et-une-transparence-maximale-apres-les-cas-de-grippe-aviaire\/\",\"name\":\"Mauel (MR) et Spies (PS) exigent des informations claires et une transparence maximale apr\u00e8s les cas de grippe aviaire | Vie Associative\",\"isPartOf\":{\"@id\":\"https:\/\/vieassociative.be\/actualites\/#website\"},\"primaryImageOfPage\":{\"@id\":\"https:\/\/vieassociative.be\/actualites\/mauel-mr-et-spies-ps-exigent-des-informations-claires-et-une-transparence-maximale-apres-les-cas-de-grippe-aviaire\/#primaryimage\"},\"image\":{\"@id\":\"https:\/\/vieassociative.be\/actualites\/mauel-mr-et-spies-ps-exigent-des-informations-claires-et-une-transparence-maximale-apres-les-cas-de-grippe-aviaire\/#primaryimage\"},\"thumbnailUrl\":\"https:\/\/vieassociative.be\/actualites\/wp-content\/uploads\/2025\/11\/1762913822_Mauel-MR-et-Spies-PS-exigent-des-informations-claires-et.jpg\",\"datePublished\":\"2025-11-12T02:17:01+00:00\",\"dateModified\":\"2025-11-12T02:17:01+00:00\",\"breadcrumb\":{\"@id\":\"https:\/\/vieassociative.be\/actualites\/mauel-mr-et-spies-ps-exigent-des-informations-claires-et-une-transparence-maximale-apres-les-cas-de-grippe-aviaire\/#breadcrumb\"},\"inLanguage\":\"fr-BE\",\"potentialAction\":[{\"@type\":\"ReadAction\",\"target\":[\"https:\/\/vieassociative.be\/actualites\/mauel-mr-et-spies-ps-exigent-des-informations-claires-et-une-transparence-maximale-apres-les-cas-de-grippe-aviaire\/\"]}]},{\"@type\":\"ImageObject\",\"inLanguage\":\"fr-BE\",\"@id\":\"https:\/\/vieassociative.be\/actualites\/mauel-mr-et-spies-ps-exigent-des-informations-claires-et-une-transparence-maximale-apres-les-cas-de-grippe-aviaire\/#primaryimage\",\"url\":\"https:\/\/vieassociative.be\/actualites\/wp-content\/uploads\/2025\/11\/1762913822_Mauel-MR-et-Spies-PS-exigent-des-informations-claires-et.jpg\",\"contentUrl\":\"https:\/\/vieassociative.be\/actualites\/wp-content\/uploads\/2025\/11\/1762913822_Mauel-MR-et-Spies-PS-exigent-des-informations-claires-et.jpg\",\"width\":1200,\"height\":800,\"caption\":\"Mauel (MR) et Spies (PS) exigent des informations claires et une transparence maximale apr\u00e8s les cas de grippe aviaire\"},{\"@type\":\"BreadcrumbList\",\"@id\":\"https:\/\/vieassociative.be\/actualites\/mauel-mr-et-spies-ps-exigent-des-informations-claires-et-une-transparence-maximale-apres-les-cas-de-grippe-aviaire\/#breadcrumb\",\"itemListElement\":[{\"@type\":\"ListItem\",\"position\":1,\"name\":\"Accueil\",\"item\":\"https:\/\/vieassociative.be\/actualites\/\"},{\"@type\":\"ListItem\",\"position\":2,\"name\":\"Mauel (MR) et Spies (PS) exigent des informations claires et une transparence maximale apr\u00e8s les cas de grippe aviaire\"}]},{\"@type\":\"WebSite\",\"@id\":\"https:\/\/vieassociative.be\/actualites\/#website\",\"url\":\"https:\/\/vieassociative.be\/actualites\/\",\"name\":\"Vie Associative\",\"description\":\"\",\"publisher\":{\"@id\":\"https:\/\/vieassociative.be\/actualites\/#organization\"},\"potentialAction\":[{\"@type\":\"SearchAction\",\"target\":{\"@type\":\"EntryPoint\",\"urlTemplate\":\"https:\/\/vieassociative.be\/actualites\/?s={search_term_string}\"},\"query-input\":{\"@type\":\"PropertyValueSpecification\",\"valueRequired\":true,\"valueName\":\"search_term_string\"}}],\"inLanguage\":\"fr-BE\"},{\"@type\":\"Organization\",\"@id\":\"https:\/\/vieassociative.be\/actualites\/#organization\",\"name\":\"Vie Associative\",\"url\":\"https:\/\/vieassociative.be\/actualites\/\",\"logo\":{\"@type\":\"ImageObject\",\"inLanguage\":\"fr-BE\",\"@id\":\"https:\/\/vieassociative.be\/actualites\/#\/schema\/logo\/image\/\",\"url\":\"https:\/\/vieassociative.be\/actualites\/wp-content\/uploads\/2024\/09\/cropped-vieassociative_favicon.ico.png\",\"contentUrl\":\"https:\/\/vieassociative.be\/actualites\/wp-content\/uploads\/2024\/09\/cropped-vieassociative_favicon.ico.png\",\"width\":512,\"height\":512,\"caption\":\"Vie Associative\"},\"image\":{\"@id\":\"https:\/\/vieassociative.be\/actualites\/#\/schema\/logo\/image\/\"}},{\"@type\":\"Person\",\"@id\":\"https:\/\/vieassociative.be\/actualites\/#\/schema\/person\/b87ac4f82f9d4e7b7cec7395b679edc4\",\"name\":\"Julien\",\"image\":{\"@type\":\"ImageObject\",\"inLanguage\":\"fr-BE\",\"@id\":\"https:\/\/vieassociative.be\/actualites\/#\/schema\/person\/image\/\",\"url\":\"https:\/\/vieassociative.be\/actualites\/wp-content\/uploads\/2024\/09\/vie-associative-1-150x150.jpg\",\"contentUrl\":\"https:\/\/vieassociative.be\/actualites\/wp-content\/uploads\/2024\/09\/vie-associative-1-150x150.jpg\",\"caption\":\"Julien\"},\"description\":\"Je suis Julien, r\u00e9dacteur pour Vie Associative. Passionn\u00e9 par le monde associatif depuis plus de 10 ans, j'ai \u00e0 c\u0153ur de partager des histoires inspirantes et de mettre en lumi\u00e8re les initiatives locales. Mon objectif est de sensibiliser et d'encourager l'engagement communautaire \u00e0 travers mes articles.\",\"sameAs\":[\"https:\/\/vieassociative.be\/\"]}]}<\/script>\n<!-- \/ Yoast SEO plugin. -->","yoast_head_json":{"title":"Mauel (MR) et Spies (PS) exigent des informations claires et une transparence maximale apr\u00e8s les cas de grippe aviaire | Vie Associative","robots":{"index":"index","follow":"follow","max-snippet":"max-snippet:-1","max-image-preview":"max-image-preview:large","max-video-preview":"max-video-preview:-1"},"canonical":"https:\/\/vieassociative.be\/actualites\/mauel-mr-et-spies-ps-exigent-des-informations-claires-et-une-transparence-maximale-apres-les-cas-de-grippe-aviaire\/","og_locale":"fr_FR","og_type":"article","og_title":"Mauel (MR) et Spies (PS) exigent des informations claires et une transparence maximale apr\u00e8s les cas de grippe aviaire | Vie Associative","og_description":"Suite \u00e0 la confirmation de cas de grippe aviaire (H5N1) \u00e0 Houthulst en Flandre occidentale et \u00e0 Welkenraedt, l&rsquo;Agence f\u00e9d\u00e9rale pour la s\u00e9curit\u00e9 de la","og_url":"https:\/\/vieassociative.be\/actualites\/mauel-mr-et-spies-ps-exigent-des-informations-claires-et-une-transparence-maximale-apres-les-cas-de-grippe-aviaire\/","og_site_name":"Vie Associative","article_published_time":"2025-11-12T02:17:01+00:00","og_image":[{"width":279,"height":92,"url":"https:\/\/vieassociative.be\/actualites\/wp-content\/uploads\/2024\/09\/header_backgroundk-01-e1726694325946.png","type":"image\/png"}],"author":"Julien","twitter_card":"summary_large_image","twitter_misc":{"\u00c9crit par":"Julien","Dur\u00e9e de lecture est.":"4 minutes"},"schema":{"@context":"https:\/\/schema.org","@graph":[{"@type":"Article","@id":"https:\/\/vieassociative.be\/actualites\/mauel-mr-et-spies-ps-exigent-des-informations-claires-et-une-transparence-maximale-apres-les-cas-de-grippe-aviaire\/#article","isPartOf":{"@id":"https:\/\/vieassociative.be\/actualites\/mauel-mr-et-spies-ps-exigent-des-informations-claires-et-une-transparence-maximale-apres-les-cas-de-grippe-aviaire\/"},"author":{"name":"Julien","@id":"https:\/\/vieassociative.be\/actualites\/#\/schema\/person\/b87ac4f82f9d4e7b7cec7395b679edc4"},"headline":"Mauel (MR) et Spies (PS) exigent des informations claires et une transparence maximale apr\u00e8s les cas de grippe aviaire","datePublished":"2025-11-12T02:17:01+00:00","dateModified":"2025-11-12T02:17:01+00:00","mainEntityOfPage":{"@id":"https:\/\/vieassociative.be\/actualites\/mauel-mr-et-spies-ps-exigent-des-informations-claires-et-une-transparence-maximale-apres-les-cas-de-grippe-aviaire\/"},"wordCount":803,"publisher":{"@id":"https:\/\/vieassociative.be\/actualites\/#organization"},"image":{"@id":"https:\/\/vieassociative.be\/actualites\/mauel-mr-et-spies-ps-exigent-des-informations-claires-et-une-transparence-maximale-apres-les-cas-de-grippe-aviaire\/#primaryimage"},"thumbnailUrl":"https:\/\/vieassociative.be\/actualites\/wp-content\/uploads\/2025\/11\/1762913822_Mauel-MR-et-Spies-PS-exigent-des-informations-claires-et.jpg","keywords":["Apr\u00e8s","aviaire","cas","claires","Des","exigent","grippe","informations","Les","Mauel","maximale","Spies","transparence","une"],"articleSection":["Belgique"],"inLanguage":"fr-BE"},{"@type":"WebPage","@id":"https:\/\/vieassociative.be\/actualites\/mauel-mr-et-spies-ps-exigent-des-informations-claires-et-une-transparence-maximale-apres-les-cas-de-grippe-aviaire\/","url":"https:\/\/vieassociative.be\/actualites\/mauel-mr-et-spies-ps-exigent-des-informations-claires-et-une-transparence-maximale-apres-les-cas-de-grippe-aviaire\/","name":"Mauel (MR) et Spies (PS) exigent des informations claires et une transparence maximale apr\u00e8s les cas de grippe aviaire | Vie Associative","isPartOf":{"@id":"https:\/\/vieassociative.be\/actualites\/#website"},"primaryImageOfPage":{"@id":"https:\/\/vieassociative.be\/actualites\/mauel-mr-et-spies-ps-exigent-des-informations-claires-et-une-transparence-maximale-apres-les-cas-de-grippe-aviaire\/#primaryimage"},"image":{"@id":"https:\/\/vieassociative.be\/actualites\/mauel-mr-et-spies-ps-exigent-des-informations-claires-et-une-transparence-maximale-apres-les-cas-de-grippe-aviaire\/#primaryimage"},"thumbnailUrl":"https:\/\/vieassociative.be\/actualites\/wp-content\/uploads\/2025\/11\/1762913822_Mauel-MR-et-Spies-PS-exigent-des-informations-claires-et.jpg","datePublished":"2025-11-12T02:17:01+00:00","dateModified":"2025-11-12T02:17:01+00:00","breadcrumb":{"@id":"https:\/\/vieassociative.be\/actualites\/mauel-mr-et-spies-ps-exigent-des-informations-claires-et-une-transparence-maximale-apres-les-cas-de-grippe-aviaire\/#breadcrumb"},"inLanguage":"fr-BE","potentialAction":[{"@type":"ReadAction","target":["https:\/\/vieassociative.be\/actualites\/mauel-mr-et-spies-ps-exigent-des-informations-claires-et-une-transparence-maximale-apres-les-cas-de-grippe-aviaire\/"]}]},{"@type":"ImageObject","inLanguage":"fr-BE","@id":"https:\/\/vieassociative.be\/actualites\/mauel-mr-et-spies-ps-exigent-des-informations-claires-et-une-transparence-maximale-apres-les-cas-de-grippe-aviaire\/#primaryimage","url":"https:\/\/vieassociative.be\/actualites\/wp-content\/uploads\/2025\/11\/1762913822_Mauel-MR-et-Spies-PS-exigent-des-informations-claires-et.jpg","contentUrl":"https:\/\/vieassociative.be\/actualites\/wp-content\/uploads\/2025\/11\/1762913822_Mauel-MR-et-Spies-PS-exigent-des-informations-claires-et.jpg","width":1200,"height":800,"caption":"Mauel (MR) et Spies (PS) exigent des informations claires et une transparence maximale apr\u00e8s les cas de grippe aviaire"},{"@type":"BreadcrumbList","@id":"https:\/\/vieassociative.be\/actualites\/mauel-mr-et-spies-ps-exigent-des-informations-claires-et-une-transparence-maximale-apres-les-cas-de-grippe-aviaire\/#breadcrumb","itemListElement":[{"@type":"ListItem","position":1,"name":"Accueil","item":"https:\/\/vieassociative.be\/actualites\/"},{"@type":"ListItem","position":2,"name":"Mauel (MR) et Spies (PS) exigent des informations claires et une transparence maximale apr\u00e8s les cas de grippe aviaire"}]},{"@type":"WebSite","@id":"https:\/\/vieassociative.be\/actualites\/#website","url":"https:\/\/vieassociative.be\/actualites\/","name":"Vie Associative","description":"","publisher":{"@id":"https:\/\/vieassociative.be\/actualites\/#organization"},"potentialAction":[{"@type":"SearchAction","target":{"@type":"EntryPoint","urlTemplate":"https:\/\/vieassociative.be\/actualites\/?s={search_term_string}"},"query-input":{"@type":"PropertyValueSpecification","valueRequired":true,"valueName":"search_term_string"}}],"inLanguage":"fr-BE"},{"@type":"Organization","@id":"https:\/\/vieassociative.be\/actualites\/#organization","name":"Vie Associative","url":"https:\/\/vieassociative.be\/actualites\/","logo":{"@type":"ImageObject","inLanguage":"fr-BE","@id":"https:\/\/vieassociative.be\/actualites\/#\/schema\/logo\/image\/","url":"https:\/\/vieassociative.be\/actualites\/wp-content\/uploads\/2024\/09\/cropped-vieassociative_favicon.ico.png","contentUrl":"https:\/\/vieassociative.be\/actualites\/wp-content\/uploads\/2024\/09\/cropped-vieassociative_favicon.ico.png","width":512,"height":512,"caption":"Vie Associative"},"image":{"@id":"https:\/\/vieassociative.be\/actualites\/#\/schema\/logo\/image\/"}},{"@type":"Person","@id":"https:\/\/vieassociative.be\/actualites\/#\/schema\/person\/b87ac4f82f9d4e7b7cec7395b679edc4","name":"Julien","image":{"@type":"ImageObject","inLanguage":"fr-BE","@id":"https:\/\/vieassociative.be\/actualites\/#\/schema\/person\/image\/","url":"https:\/\/vieassociative.be\/actualites\/wp-content\/uploads\/2024\/09\/vie-associative-1-150x150.jpg","contentUrl":"https:\/\/vieassociative.be\/actualites\/wp-content\/uploads\/2024\/09\/vie-associative-1-150x150.jpg","caption":"Julien"},"description":"Je suis Julien, r\u00e9dacteur pour Vie Associative. Passionn\u00e9 par le monde associatif depuis plus de 10 ans, j'ai \u00e0 c\u0153ur de partager des histoires inspirantes et de mettre en lumi\u00e8re les initiatives locales. Mon objectif est de sensibiliser et d'encourager l'engagement communautaire \u00e0 travers mes articles.","sameAs":["https:\/\/vieassociative.be\/"]}]}},"_links":{"self":[{"href":"https:\/\/vieassociative.be\/actualites\/wp-json\/wp\/v2\/posts\/11260"}],"collection":[{"href":"https:\/\/vieassociative.be\/actualites\/wp-json\/wp\/v2\/posts"}],"about":[{"href":"https:\/\/vieassociative.be\/actualites\/wp-json\/wp\/v2\/types\/post"}],"author":[{"embeddable":true,"href":"https:\/\/vieassociative.be\/actualites\/wp-json\/wp\/v2\/users\/1"}],"replies":[{"embeddable":true,"href":"https:\/\/vieassociative.be\/actualites\/wp-json\/wp\/v2\/comments?post=11260"}],"version-history":[{"count":0,"href":"https:\/\/vieassociative.be\/actualites\/wp-json\/wp\/v2\/posts\/11260\/revisions"}],"wp:featuredmedia":[{"embeddable":true,"href":"https:\/\/vieassociative.be\/actualites\/wp-json\/wp\/v2\/media\/11261"}],"wp:attachment":[{"href":"https:\/\/vieassociative.be\/actualites\/wp-json\/wp\/v2\/media?parent=11260"}],"wp:term":[{"taxonomy":"category","embeddable":true,"href":"https:\/\/vieassociative.be\/actualites\/wp-json\/wp\/v2\/categories?post=11260"},{"taxonomy":"post_tag","embeddable":true,"href":"https:\/\/vieassociative.be\/actualites\/wp-json\/wp\/v2\/tags?post=11260"}],"curies":[{"name":"wp","href":"https:\/\/api.w.org\/{rel}","templated":true}]}}