{"id":11246,"date":"2025-11-11T15:18:55","date_gmt":"2025-11-11T14:18:55","guid":{"rendered":"https:\/\/vieassociative.be\/actualites\/merz-fete-aujourdhui-ses-70-ans-reception-avec-300-invites-sinon-malheureusement-il-ny-a-pas-de-raison-de-faire-la-fete\/"},"modified":"2025-11-11T15:18:55","modified_gmt":"2025-11-11T14:18:55","slug":"merz-fete-aujourdhui-ses-70-ans-reception-avec-300-invites-sinon-malheureusement-il-ny-a-pas-de-raison-de-faire-la-fete","status":"publish","type":"post","link":"https:\/\/vieassociative.be\/actualites\/merz-fete-aujourdhui-ses-70-ans-reception-avec-300-invites-sinon-malheureusement-il-ny-a-pas-de-raison-de-faire-la-fete\/","title":{"rendered":"Merz f\u00eate aujourd&rsquo;hui ses 70 ans \u2013 r\u00e9ception avec 300 invit\u00e9s \u2013 \u00ab Sinon, malheureusement, il n&rsquo;y a pas de raison de faire la f\u00eate \u00bb"},"content":{"rendered":"<p><strong>En Allemagne, le chancelier Friedrich Merz (CDU) f\u00eate ce mardi ses 70 ans. Le groupe parlementaire de l&rsquo;Union le c\u00e9l\u00e8bre avec une r\u00e9ception au b\u00e2timent du Reichstag. Environ 300 invit\u00e9s sont convi\u00e9s.<\/strong><\/p>\n<p><span id=\"more-429418\"><\/span>Parmi les invit\u00e9s figurent des membres de la famille, tous les membres du Bundestag ainsi que les premiers ministres de la CDU et de la CSU. Sont \u00e9galement attendus les dirigeants des groupes parlementaires du SPD et des Verts, le vice-chancelier Lars Klingbeil (SPD) et d&rsquo;anciens dirigeants des groupes parlementaires de l&rsquo;Union. Cependant, l&rsquo;ancienne chanceli\u00e8re Angela Merkel a annul\u00e9 son voyage en raison d&rsquo;un voyage en Isra\u00ebl.<\/p>\n<\/p>\n<div id=\"attachment_429426\" class=\"wp-caption alignleft\" style=\"max-width: 300px\"><img fetchpriority=\"high\" decoding=\"async\" class=\"wp-image-429426 size-medium\" src=\"https:\/\/vieassociative.be\/actualites\/wp-content\/uploads\/2025\/11\/Merz-fete-aujourdhui-ses-70-ans-\u2013-reception-avec-300.jpg\" alt=\"\" width=\"300\" height=\"223\"  ><\/div>\n<p>En revanche, le bilan de Friedrich Merz en tant que chancelier n&rsquo;est pas vraiment inspirant. Le \u00ab Handelsblatt \u00bb estime qu&rsquo;il n&rsquo;y a \u00ab malheureusement pas de raisons de c\u00e9l\u00e9brer autrement \u00bb :<\/p>\n<p>\u00ab Apr\u00e8s \u00e0 peine plus de six mois de mandat, la coalition noir-rouge du chancelier Friedrich Merz est en mauvaise posture. Elle a commenc\u00e9 fort, mais s&rsquo;est encore affaiblie : c&rsquo;est ainsi que l&rsquo;on pourrait r\u00e9sumer les premiers mois. Merz f\u00eatera ses 70 ans mardi. Plus de 300 invit\u00e9s se r\u00e9uniront dans la salle des proc\u00e8s-verbaux du Reichstag pour le f\u00e9liciter. suivre une politique de petits pas tr\u00e8s \u00e9loign\u00e9s de la r\u00e9alit\u00e9. Il n\u2019est pas \u00e9tonnant que le m\u00e9contentement grandisse. Au lieu d\u2019un redressement \u00e9conomique annonc\u00e9, l\u2019Allemagne conna\u00eet sa troisi\u00e8me ann\u00e9e sans croissance. Au lieu du changement d\u2019humeur annonc\u00e9, il appartiendrait aux hommes politiques de r\u00e9pondre aux pr\u00e9occupations des citoyens, de montrer les moyens de sortir de la stagnation et d\u2019inspirer confiance.\u00bb (dpa\/cr\u00e9)<\/p>\n","protected":false},"excerpt":{"rendered":"<p>En Allemagne, le chancelier Friedrich Merz (CDU) f\u00eate ce mardi ses 70 ans. Le groupe parlementaire de l&rsquo;Union le c\u00e9l\u00e8bre avec une r\u00e9ception au b\u00e2timent<\/p>\n","protected":false},"author":1,"featured_media":11247,"comment_status":"","ping_status":"","sticky":false,"template":"","format":"standard","meta":{"footnotes":""},"categories":[298],"tags":[584,2330,61,127,1485,3678,9212,4061,126,3261,627,1055,9211],"class_list":["post-11246","post","type-post","status-publish","format-standard","has-post-thumbnail","hentry","category-belgique","tag-ans","tag-aujourdhui","tag-avec","tag-faire","tag-fete","tag-invites","tag-malheureusement","tag-merz","tag-pas","tag-raison","tag-reception","tag-ses","tag-sinon","generate-columns","tablet-grid-50","mobile-grid-100","grid-parent","grid-33"],"yoast_head":"<!-- This site is optimized with the Yoast SEO plugin v24.0 - https:\/\/yoast.com\/wordpress\/plugins\/seo\/ -->\n<title>Merz f\u00eate aujourd&#039;hui ses 70 ans \u2013 r\u00e9ception avec 300 invit\u00e9s \u2013 \u00ab Sinon, malheureusement, il n&#039;y a pas de raison de faire la f\u00eate \u00bb | Vie Associative<\/title>\n<meta name=\"robots\" content=\"index, follow, max-snippet:-1, max-image-preview:large, max-video-preview:-1\" \/>\n<link rel=\"canonical\" href=\"https:\/\/vieassociative.be\/actualites\/merz-fete-aujourdhui-ses-70-ans-reception-avec-300-invites-sinon-malheureusement-il-ny-a-pas-de-raison-de-faire-la-fete\/\" \/>\n<meta property=\"og:locale\" content=\"fr_FR\" \/>\n<meta property=\"og:type\" content=\"article\" \/>\n<meta property=\"og:title\" content=\"Merz f\u00eate aujourd&#039;hui ses 70 ans \u2013 r\u00e9ception avec 300 invit\u00e9s \u2013 \u00ab Sinon, malheureusement, il n&#039;y a pas de raison de faire la f\u00eate \u00bb | Vie Associative\" \/>\n<meta property=\"og:description\" content=\"En Allemagne, le chancelier Friedrich Merz (CDU) f\u00eate ce mardi ses 70 ans. Le groupe parlementaire de l&rsquo;Union le c\u00e9l\u00e8bre avec une r\u00e9ception au b\u00e2timent\" \/>\n<meta property=\"og:url\" content=\"https:\/\/vieassociative.be\/actualites\/merz-fete-aujourdhui-ses-70-ans-reception-avec-300-invites-sinon-malheureusement-il-ny-a-pas-de-raison-de-faire-la-fete\/\" \/>\n<meta property=\"og:site_name\" content=\"Vie Associative\" \/>\n<meta property=\"article:published_time\" content=\"2025-11-11T14:18:55+00:00\" \/>\n<meta property=\"og:image\" content=\"https:\/\/vieassociative.be\/actualites\/wp-content\/uploads\/2024\/09\/header_backgroundk-01-e1726694325946.png\" \/>\n\t<meta property=\"og:image:width\" content=\"279\" \/>\n\t<meta property=\"og:image:height\" content=\"92\" \/>\n\t<meta property=\"og:image:type\" content=\"image\/png\" \/>\n<meta name=\"author\" content=\"Julien\" \/>\n<meta name=\"twitter:card\" content=\"summary_large_image\" \/>\n<meta name=\"twitter:label1\" content=\"\u00c9crit par\" \/>\n\t<meta name=\"twitter:data1\" content=\"Julien\" \/>\n\t<meta name=\"twitter:label2\" content=\"Dur\u00e9e de lecture est.\" \/>\n\t<meta name=\"twitter:data2\" content=\"1 minute\" \/>\n<script type=\"application\/ld+json\" class=\"yoast-schema-graph\">{\"@context\":\"https:\/\/schema.org\",\"@graph\":[{\"@type\":\"Article\",\"@id\":\"https:\/\/vieassociative.be\/actualites\/merz-fete-aujourdhui-ses-70-ans-reception-avec-300-invites-sinon-malheureusement-il-ny-a-pas-de-raison-de-faire-la-fete\/#article\",\"isPartOf\":{\"@id\":\"https:\/\/vieassociative.be\/actualites\/merz-fete-aujourdhui-ses-70-ans-reception-avec-300-invites-sinon-malheureusement-il-ny-a-pas-de-raison-de-faire-la-fete\/\"},\"author\":{\"name\":\"Julien\",\"@id\":\"https:\/\/vieassociative.be\/actualites\/#\/schema\/person\/b87ac4f82f9d4e7b7cec7395b679edc4\"},\"headline\":\"Merz f\u00eate aujourd&rsquo;hui ses 70 ans \u2013 r\u00e9ception avec 300 invit\u00e9s \u2013 \u00ab Sinon, malheureusement, il n&rsquo;y a pas de raison de faire la f\u00eate \u00bb\",\"datePublished\":\"2025-11-11T14:18:55+00:00\",\"dateModified\":\"2025-11-11T14:18:55+00:00\",\"mainEntityOfPage\":{\"@id\":\"https:\/\/vieassociative.be\/actualites\/merz-fete-aujourdhui-ses-70-ans-reception-avec-300-invites-sinon-malheureusement-il-ny-a-pas-de-raison-de-faire-la-fete\/\"},\"wordCount\":314,\"publisher\":{\"@id\":\"https:\/\/vieassociative.be\/actualites\/#organization\"},\"image\":{\"@id\":\"https:\/\/vieassociative.be\/actualites\/merz-fete-aujourdhui-ses-70-ans-reception-avec-300-invites-sinon-malheureusement-il-ny-a-pas-de-raison-de-faire-la-fete\/#primaryimage\"},\"thumbnailUrl\":\"https:\/\/vieassociative.be\/actualites\/wp-content\/uploads\/2025\/11\/1762870736_Merz-fete-aujourdhui-ses-70-ans-\u2013-reception-avec-300.jpg\",\"keywords\":[\"ans\",\"aujourdhui\",\"avec\",\"faire\",\"f\u00eate\",\"invit\u00e9s\",\"malheureusement\",\"Merz\",\"pas\",\"raison\",\"r\u00e9ception\",\"ses\",\"Sinon\"],\"articleSection\":[\"Belgique\"],\"inLanguage\":\"fr-BE\"},{\"@type\":\"WebPage\",\"@id\":\"https:\/\/vieassociative.be\/actualites\/merz-fete-aujourdhui-ses-70-ans-reception-avec-300-invites-sinon-malheureusement-il-ny-a-pas-de-raison-de-faire-la-fete\/\",\"url\":\"https:\/\/vieassociative.be\/actualites\/merz-fete-aujourdhui-ses-70-ans-reception-avec-300-invites-sinon-malheureusement-il-ny-a-pas-de-raison-de-faire-la-fete\/\",\"name\":\"Merz f\u00eate aujourd'hui ses 70 ans \u2013 r\u00e9ception avec 300 invit\u00e9s \u2013 \u00ab Sinon, malheureusement, il n'y a pas de raison de faire la f\u00eate \u00bb | Vie Associative\",\"isPartOf\":{\"@id\":\"https:\/\/vieassociative.be\/actualites\/#website\"},\"primaryImageOfPage\":{\"@id\":\"https:\/\/vieassociative.be\/actualites\/merz-fete-aujourdhui-ses-70-ans-reception-avec-300-invites-sinon-malheureusement-il-ny-a-pas-de-raison-de-faire-la-fete\/#primaryimage\"},\"image\":{\"@id\":\"https:\/\/vieassociative.be\/actualites\/merz-fete-aujourdhui-ses-70-ans-reception-avec-300-invites-sinon-malheureusement-il-ny-a-pas-de-raison-de-faire-la-fete\/#primaryimage\"},\"thumbnailUrl\":\"https:\/\/vieassociative.be\/actualites\/wp-content\/uploads\/2025\/11\/1762870736_Merz-fete-aujourdhui-ses-70-ans-\u2013-reception-avec-300.jpg\",\"datePublished\":\"2025-11-11T14:18:55+00:00\",\"dateModified\":\"2025-11-11T14:18:55+00:00\",\"breadcrumb\":{\"@id\":\"https:\/\/vieassociative.be\/actualites\/merz-fete-aujourdhui-ses-70-ans-reception-avec-300-invites-sinon-malheureusement-il-ny-a-pas-de-raison-de-faire-la-fete\/#breadcrumb\"},\"inLanguage\":\"fr-BE\",\"potentialAction\":[{\"@type\":\"ReadAction\",\"target\":[\"https:\/\/vieassociative.be\/actualites\/merz-fete-aujourdhui-ses-70-ans-reception-avec-300-invites-sinon-malheureusement-il-ny-a-pas-de-raison-de-faire-la-fete\/\"]}]},{\"@type\":\"ImageObject\",\"inLanguage\":\"fr-BE\",\"@id\":\"https:\/\/vieassociative.be\/actualites\/merz-fete-aujourdhui-ses-70-ans-reception-avec-300-invites-sinon-malheureusement-il-ny-a-pas-de-raison-de-faire-la-fete\/#primaryimage\",\"url\":\"https:\/\/vieassociative.be\/actualites\/wp-content\/uploads\/2025\/11\/1762870736_Merz-fete-aujourdhui-ses-70-ans-\u2013-reception-avec-300.jpg\",\"contentUrl\":\"https:\/\/vieassociative.be\/actualites\/wp-content\/uploads\/2025\/11\/1762870736_Merz-fete-aujourdhui-ses-70-ans-\u2013-reception-avec-300.jpg\",\"width\":1200,\"height\":800,\"caption\":\"Merz f\u00eate aujourd'hui ses 70 ans \u2013 r\u00e9ception avec 300 invit\u00e9s \u2013 \u00ab Sinon, malheureusement, il n'y a pas de raison de faire la f\u00eate \u00bb\"},{\"@type\":\"BreadcrumbList\",\"@id\":\"https:\/\/vieassociative.be\/actualites\/merz-fete-aujourdhui-ses-70-ans-reception-avec-300-invites-sinon-malheureusement-il-ny-a-pas-de-raison-de-faire-la-fete\/#breadcrumb\",\"itemListElement\":[{\"@type\":\"ListItem\",\"position\":1,\"name\":\"Accueil\",\"item\":\"https:\/\/vieassociative.be\/actualites\/\"},{\"@type\":\"ListItem\",\"position\":2,\"name\":\"Merz f\u00eate aujourd&rsquo;hui ses 70 ans \u2013 r\u00e9ception avec 300 invit\u00e9s \u2013 \u00ab Sinon, malheureusement, il n&rsquo;y a pas de raison de faire la f\u00eate \u00bb\"}]},{\"@type\":\"WebSite\",\"@id\":\"https:\/\/vieassociative.be\/actualites\/#website\",\"url\":\"https:\/\/vieassociative.be\/actualites\/\",\"name\":\"Vie Associative\",\"description\":\"\",\"publisher\":{\"@id\":\"https:\/\/vieassociative.be\/actualites\/#organization\"},\"potentialAction\":[{\"@type\":\"SearchAction\",\"target\":{\"@type\":\"EntryPoint\",\"urlTemplate\":\"https:\/\/vieassociative.be\/actualites\/?s={search_term_string}\"},\"query-input\":{\"@type\":\"PropertyValueSpecification\",\"valueRequired\":true,\"valueName\":\"search_term_string\"}}],\"inLanguage\":\"fr-BE\"},{\"@type\":\"Organization\",\"@id\":\"https:\/\/vieassociative.be\/actualites\/#organization\",\"name\":\"Vie Associative\",\"url\":\"https:\/\/vieassociative.be\/actualites\/\",\"logo\":{\"@type\":\"ImageObject\",\"inLanguage\":\"fr-BE\",\"@id\":\"https:\/\/vieassociative.be\/actualites\/#\/schema\/logo\/image\/\",\"url\":\"https:\/\/vieassociative.be\/actualites\/wp-content\/uploads\/2024\/09\/cropped-vieassociative_favicon.ico.png\",\"contentUrl\":\"https:\/\/vieassociative.be\/actualites\/wp-content\/uploads\/2024\/09\/cropped-vieassociative_favicon.ico.png\",\"width\":512,\"height\":512,\"caption\":\"Vie Associative\"},\"image\":{\"@id\":\"https:\/\/vieassociative.be\/actualites\/#\/schema\/logo\/image\/\"}},{\"@type\":\"Person\",\"@id\":\"https:\/\/vieassociative.be\/actualites\/#\/schema\/person\/b87ac4f82f9d4e7b7cec7395b679edc4\",\"name\":\"Julien\",\"image\":{\"@type\":\"ImageObject\",\"inLanguage\":\"fr-BE\",\"@id\":\"https:\/\/vieassociative.be\/actualites\/#\/schema\/person\/image\/\",\"url\":\"https:\/\/vieassociative.be\/actualites\/wp-content\/uploads\/2024\/09\/vie-associative-1-150x150.jpg\",\"contentUrl\":\"https:\/\/vieassociative.be\/actualites\/wp-content\/uploads\/2024\/09\/vie-associative-1-150x150.jpg\",\"caption\":\"Julien\"},\"description\":\"Je suis Julien, r\u00e9dacteur pour Vie Associative. Passionn\u00e9 par le monde associatif depuis plus de 10 ans, j'ai \u00e0 c\u0153ur de partager des histoires inspirantes et de mettre en lumi\u00e8re les initiatives locales. Mon objectif est de sensibiliser et d'encourager l'engagement communautaire \u00e0 travers mes articles.\",\"sameAs\":[\"https:\/\/vieassociative.be\/\"]}]}<\/script>\n<!-- \/ Yoast SEO plugin. -->","yoast_head_json":{"title":"Merz f\u00eate aujourd'hui ses 70 ans \u2013 r\u00e9ception avec 300 invit\u00e9s \u2013 \u00ab Sinon, malheureusement, il n'y a pas de raison de faire la f\u00eate \u00bb | Vie Associative","robots":{"index":"index","follow":"follow","max-snippet":"max-snippet:-1","max-image-preview":"max-image-preview:large","max-video-preview":"max-video-preview:-1"},"canonical":"https:\/\/vieassociative.be\/actualites\/merz-fete-aujourdhui-ses-70-ans-reception-avec-300-invites-sinon-malheureusement-il-ny-a-pas-de-raison-de-faire-la-fete\/","og_locale":"fr_FR","og_type":"article","og_title":"Merz f\u00eate aujourd'hui ses 70 ans \u2013 r\u00e9ception avec 300 invit\u00e9s \u2013 \u00ab Sinon, malheureusement, il n'y a pas de raison de faire la f\u00eate \u00bb | Vie Associative","og_description":"En Allemagne, le chancelier Friedrich Merz (CDU) f\u00eate ce mardi ses 70 ans. Le groupe parlementaire de l&rsquo;Union le c\u00e9l\u00e8bre avec une r\u00e9ception au b\u00e2timent","og_url":"https:\/\/vieassociative.be\/actualites\/merz-fete-aujourdhui-ses-70-ans-reception-avec-300-invites-sinon-malheureusement-il-ny-a-pas-de-raison-de-faire-la-fete\/","og_site_name":"Vie Associative","article_published_time":"2025-11-11T14:18:55+00:00","og_image":[{"width":279,"height":92,"url":"https:\/\/vieassociative.be\/actualites\/wp-content\/uploads\/2024\/09\/header_backgroundk-01-e1726694325946.png","type":"image\/png"}],"author":"Julien","twitter_card":"summary_large_image","twitter_misc":{"\u00c9crit par":"Julien","Dur\u00e9e de lecture est.":"1 minute"},"schema":{"@context":"https:\/\/schema.org","@graph":[{"@type":"Article","@id":"https:\/\/vieassociative.be\/actualites\/merz-fete-aujourdhui-ses-70-ans-reception-avec-300-invites-sinon-malheureusement-il-ny-a-pas-de-raison-de-faire-la-fete\/#article","isPartOf":{"@id":"https:\/\/vieassociative.be\/actualites\/merz-fete-aujourdhui-ses-70-ans-reception-avec-300-invites-sinon-malheureusement-il-ny-a-pas-de-raison-de-faire-la-fete\/"},"author":{"name":"Julien","@id":"https:\/\/vieassociative.be\/actualites\/#\/schema\/person\/b87ac4f82f9d4e7b7cec7395b679edc4"},"headline":"Merz f\u00eate aujourd&rsquo;hui ses 70 ans \u2013 r\u00e9ception avec 300 invit\u00e9s \u2013 \u00ab Sinon, malheureusement, il n&rsquo;y a pas de raison de faire la f\u00eate \u00bb","datePublished":"2025-11-11T14:18:55+00:00","dateModified":"2025-11-11T14:18:55+00:00","mainEntityOfPage":{"@id":"https:\/\/vieassociative.be\/actualites\/merz-fete-aujourdhui-ses-70-ans-reception-avec-300-invites-sinon-malheureusement-il-ny-a-pas-de-raison-de-faire-la-fete\/"},"wordCount":314,"publisher":{"@id":"https:\/\/vieassociative.be\/actualites\/#organization"},"image":{"@id":"https:\/\/vieassociative.be\/actualites\/merz-fete-aujourdhui-ses-70-ans-reception-avec-300-invites-sinon-malheureusement-il-ny-a-pas-de-raison-de-faire-la-fete\/#primaryimage"},"thumbnailUrl":"https:\/\/vieassociative.be\/actualites\/wp-content\/uploads\/2025\/11\/1762870736_Merz-fete-aujourdhui-ses-70-ans-\u2013-reception-avec-300.jpg","keywords":["ans","aujourdhui","avec","faire","f\u00eate","invit\u00e9s","malheureusement","Merz","pas","raison","r\u00e9ception","ses","Sinon"],"articleSection":["Belgique"],"inLanguage":"fr-BE"},{"@type":"WebPage","@id":"https:\/\/vieassociative.be\/actualites\/merz-fete-aujourdhui-ses-70-ans-reception-avec-300-invites-sinon-malheureusement-il-ny-a-pas-de-raison-de-faire-la-fete\/","url":"https:\/\/vieassociative.be\/actualites\/merz-fete-aujourdhui-ses-70-ans-reception-avec-300-invites-sinon-malheureusement-il-ny-a-pas-de-raison-de-faire-la-fete\/","name":"Merz f\u00eate aujourd'hui ses 70 ans \u2013 r\u00e9ception avec 300 invit\u00e9s \u2013 \u00ab Sinon, malheureusement, il n'y a pas de raison de faire la f\u00eate \u00bb | Vie Associative","isPartOf":{"@id":"https:\/\/vieassociative.be\/actualites\/#website"},"primaryImageOfPage":{"@id":"https:\/\/vieassociative.be\/actualites\/merz-fete-aujourdhui-ses-70-ans-reception-avec-300-invites-sinon-malheureusement-il-ny-a-pas-de-raison-de-faire-la-fete\/#primaryimage"},"image":{"@id":"https:\/\/vieassociative.be\/actualites\/merz-fete-aujourdhui-ses-70-ans-reception-avec-300-invites-sinon-malheureusement-il-ny-a-pas-de-raison-de-faire-la-fete\/#primaryimage"},"thumbnailUrl":"https:\/\/vieassociative.be\/actualites\/wp-content\/uploads\/2025\/11\/1762870736_Merz-fete-aujourdhui-ses-70-ans-\u2013-reception-avec-300.jpg","datePublished":"2025-11-11T14:18:55+00:00","dateModified":"2025-11-11T14:18:55+00:00","breadcrumb":{"@id":"https:\/\/vieassociative.be\/actualites\/merz-fete-aujourdhui-ses-70-ans-reception-avec-300-invites-sinon-malheureusement-il-ny-a-pas-de-raison-de-faire-la-fete\/#breadcrumb"},"inLanguage":"fr-BE","potentialAction":[{"@type":"ReadAction","target":["https:\/\/vieassociative.be\/actualites\/merz-fete-aujourdhui-ses-70-ans-reception-avec-300-invites-sinon-malheureusement-il-ny-a-pas-de-raison-de-faire-la-fete\/"]}]},{"@type":"ImageObject","inLanguage":"fr-BE","@id":"https:\/\/vieassociative.be\/actualites\/merz-fete-aujourdhui-ses-70-ans-reception-avec-300-invites-sinon-malheureusement-il-ny-a-pas-de-raison-de-faire-la-fete\/#primaryimage","url":"https:\/\/vieassociative.be\/actualites\/wp-content\/uploads\/2025\/11\/1762870736_Merz-fete-aujourdhui-ses-70-ans-\u2013-reception-avec-300.jpg","contentUrl":"https:\/\/vieassociative.be\/actualites\/wp-content\/uploads\/2025\/11\/1762870736_Merz-fete-aujourdhui-ses-70-ans-\u2013-reception-avec-300.jpg","width":1200,"height":800,"caption":"Merz f\u00eate aujourd'hui ses 70 ans \u2013 r\u00e9ception avec 300 invit\u00e9s \u2013 \u00ab Sinon, malheureusement, il n'y a pas de raison de faire la f\u00eate \u00bb"},{"@type":"BreadcrumbList","@id":"https:\/\/vieassociative.be\/actualites\/merz-fete-aujourdhui-ses-70-ans-reception-avec-300-invites-sinon-malheureusement-il-ny-a-pas-de-raison-de-faire-la-fete\/#breadcrumb","itemListElement":[{"@type":"ListItem","position":1,"name":"Accueil","item":"https:\/\/vieassociative.be\/actualites\/"},{"@type":"ListItem","position":2,"name":"Merz f\u00eate aujourd&rsquo;hui ses 70 ans \u2013 r\u00e9ception avec 300 invit\u00e9s \u2013 \u00ab Sinon, malheureusement, il n&rsquo;y a pas de raison de faire la f\u00eate \u00bb"}]},{"@type":"WebSite","@id":"https:\/\/vieassociative.be\/actualites\/#website","url":"https:\/\/vieassociative.be\/actualites\/","name":"Vie Associative","description":"","publisher":{"@id":"https:\/\/vieassociative.be\/actualites\/#organization"},"potentialAction":[{"@type":"SearchAction","target":{"@type":"EntryPoint","urlTemplate":"https:\/\/vieassociative.be\/actualites\/?s={search_term_string}"},"query-input":{"@type":"PropertyValueSpecification","valueRequired":true,"valueName":"search_term_string"}}],"inLanguage":"fr-BE"},{"@type":"Organization","@id":"https:\/\/vieassociative.be\/actualites\/#organization","name":"Vie Associative","url":"https:\/\/vieassociative.be\/actualites\/","logo":{"@type":"ImageObject","inLanguage":"fr-BE","@id":"https:\/\/vieassociative.be\/actualites\/#\/schema\/logo\/image\/","url":"https:\/\/vieassociative.be\/actualites\/wp-content\/uploads\/2024\/09\/cropped-vieassociative_favicon.ico.png","contentUrl":"https:\/\/vieassociative.be\/actualites\/wp-content\/uploads\/2024\/09\/cropped-vieassociative_favicon.ico.png","width":512,"height":512,"caption":"Vie Associative"},"image":{"@id":"https:\/\/vieassociative.be\/actualites\/#\/schema\/logo\/image\/"}},{"@type":"Person","@id":"https:\/\/vieassociative.be\/actualites\/#\/schema\/person\/b87ac4f82f9d4e7b7cec7395b679edc4","name":"Julien","image":{"@type":"ImageObject","inLanguage":"fr-BE","@id":"https:\/\/vieassociative.be\/actualites\/#\/schema\/person\/image\/","url":"https:\/\/vieassociative.be\/actualites\/wp-content\/uploads\/2024\/09\/vie-associative-1-150x150.jpg","contentUrl":"https:\/\/vieassociative.be\/actualites\/wp-content\/uploads\/2024\/09\/vie-associative-1-150x150.jpg","caption":"Julien"},"description":"Je suis Julien, r\u00e9dacteur pour Vie Associative. Passionn\u00e9 par le monde associatif depuis plus de 10 ans, j'ai \u00e0 c\u0153ur de partager des histoires inspirantes et de mettre en lumi\u00e8re les initiatives locales. Mon objectif est de sensibiliser et d'encourager l'engagement communautaire \u00e0 travers mes articles.","sameAs":["https:\/\/vieassociative.be\/"]}]}},"_links":{"self":[{"href":"https:\/\/vieassociative.be\/actualites\/wp-json\/wp\/v2\/posts\/11246"}],"collection":[{"href":"https:\/\/vieassociative.be\/actualites\/wp-json\/wp\/v2\/posts"}],"about":[{"href":"https:\/\/vieassociative.be\/actualites\/wp-json\/wp\/v2\/types\/post"}],"author":[{"embeddable":true,"href":"https:\/\/vieassociative.be\/actualites\/wp-json\/wp\/v2\/users\/1"}],"replies":[{"embeddable":true,"href":"https:\/\/vieassociative.be\/actualites\/wp-json\/wp\/v2\/comments?post=11246"}],"version-history":[{"count":0,"href":"https:\/\/vieassociative.be\/actualites\/wp-json\/wp\/v2\/posts\/11246\/revisions"}],"wp:featuredmedia":[{"embeddable":true,"href":"https:\/\/vieassociative.be\/actualites\/wp-json\/wp\/v2\/media\/11247"}],"wp:attachment":[{"href":"https:\/\/vieassociative.be\/actualites\/wp-json\/wp\/v2\/media?parent=11246"}],"wp:term":[{"taxonomy":"category","embeddable":true,"href":"https:\/\/vieassociative.be\/actualites\/wp-json\/wp\/v2\/categories?post=11246"},{"taxonomy":"post_tag","embeddable":true,"href":"https:\/\/vieassociative.be\/actualites\/wp-json\/wp\/v2\/tags?post=11246"}],"curies":[{"name":"wp","href":"https:\/\/api.w.org\/{rel}","templated":true}]}}