{"id":11244,"date":"2025-11-11T14:17:30","date_gmt":"2025-11-11T13:17:30","guid":{"rendered":"https:\/\/vieassociative.be\/actualites\/tout-ce-que-vous-devez-savoir-sur-les-soldes-black-friday-et-cyber-monday-damazon\/"},"modified":"2025-11-11T14:17:30","modified_gmt":"2025-11-11T13:17:30","slug":"tout-ce-que-vous-devez-savoir-sur-les-soldes-black-friday-et-cyber-monday-damazon","status":"publish","type":"post","link":"https:\/\/vieassociative.be\/actualites\/tout-ce-que-vous-devez-savoir-sur-les-soldes-black-friday-et-cyber-monday-damazon\/","title":{"rendered":"Tout ce que vous devez savoir sur les soldes Black Friday et Cyber \u200b\u200b\u200b\u200bMonday d&rsquo;Amazon"},"content":{"rendered":"<div class=\"mt-4 leading-6 md:mb-8\">La Black Friday Week et le Cyber \u200b\u200bMonday d&rsquo;Amazon se d\u00e9rouleront du 20 novembre au 1er d\u00e9cembre.<\/div>\n<p><\/p>\n<p>Amazon a finalement d\u00e9voil\u00e9 ses projets pour le Black Friday dans un communiqu\u00e9, bien plus tard que la concurrence, ce qui est inhabituel pour le plus grand d\u00e9taillant. Voici tout ce que vous devez savoir sur les soldes Black Friday et Cyber \u200b\u200b\u200b\u200bMonday d&rsquo;Amazon.<\/p>\n<h2 id=\"what-is-amazon-doing-for-black-friday-and-cyber-monday\">Que fait Amazon pour le Black Friday et le Cyber \u200b\u200bMonday ?<\/h2>\n<p>Amazon organisera une vente anticip\u00e9e du Black Friday qui m\u00e8nera au Black Friday, puis une vente du Cyber \u200b\u200b\u200b\u200bMonday qui durera quelques jours. Ils proposeront \u00e9galement de nouvelles offres flash quotidiennes tout au long des \u00e9v\u00e9nements avec les grandes offres du jour.<\/p>\n<h2 id=\"when-is-amazons-black-friday-week-and-cyber-monday-in-2025\">Quand auront lieu la semaine du Black Friday et le Cyber \u200b\u200bMonday d&rsquo;Amazon en 2025 ?<\/h2>\n<p>L&rsquo;\u00e9v\u00e9nement Black Friday Week et Cyber \u200b\u200b\u200b\u200bMonday d&rsquo;Amazon d\u00e9butera le 20 novembre \u00e0 00h01 PST et se poursuivra jusqu&rsquo;au 1er d\u00e9cembre. <\/p>\n<h2 id=\"what-deals-can-i-expect-during-amazons-black-friday-week-and-cyber-monday\">\u00c0 quelles offres puis-je m&rsquo;attendre pendant la Black Friday Week et le Cyber \u200b\u200bMonday d&rsquo;Amazon\u00a0?<\/h2>\n<p>Amazon affirme qu&rsquo;il proposera des offres sur des cat\u00e9gories telles que la maison, l&rsquo;\u00e9lectronique, la beaut\u00e9, les v\u00eatements et bien plus encore, o\u00f9 les gens pourront acheter des offres allant jusqu&rsquo;\u00e0 50 % sur des arbres de No\u00ebl artificiels, des d\u00e9corations saisonni\u00e8res, des appareils Amazon et une s\u00e9lection d&rsquo;appareils \u00e9lectroniques. Voici quelques offres dont Amazon a d\u00e9j\u00e0 annonc\u00e9 que les gens pourront profiter \u00e0 partir du 20 novembre\u00a0:<\/p>\n<p><strong>Appareils Amazon\u00a0:<\/strong> \u00c9conomisez jusqu&rsquo;\u00e0 50 % sur certains appareils Amazon, y compris les nouvelles versions comme Echo Dot Max, Fire TV Stick 4K Select, Fire TV 50&Prime; 4-Series, Blink Mini 2K+ et Blink Outdoor 2K+. Les clients peuvent \u00e9galement \u00e9conomiser sur leurs favoris tels que Echo Show 11, les tablettes Fire HD 8 et Fire HD 10, Kindle Paperwhite, Kindle Scribe Essentials Bundle et Ring Indoor Cam.<\/p>\n<p><strong>Saisonnier:<\/strong> \u00c9conomisez jusqu&rsquo;\u00e0 50 % sur les arbres de No\u00ebl artificiels de National Tree Company et Fraser Hill Farm. Les clients peuvent \u00e9galement trouver jusqu&rsquo;\u00e0 40 % sur les ornements de Lenox et jusqu&rsquo;\u00e0 20 % sur les emballages cadeaux, les sacs et les n\u0153uds de No\u00ebl de Hallmark.<\/p>\n<p><strong>\u00c9picerie:<\/strong> \u00c9conomisez sur des repas de f\u00eates complets, y compris des dindes Butterball \u00e0 0,69 $ la livre, des accompagnements pr\u00e9fabriqu\u00e9s comme de la farce maison, de la pur\u00e9e de pommes de terre et des garnitures traditionnelles de certaines marques, le tout en ligne pour une livraison le jour m\u00eame l\u00e0 o\u00f9 ils sont disponibles et dans les magasins Amazon Fresh. Les clients peuvent \u00e9galement profiter de prix avantageux sur une large s\u00e9lection d&rsquo;ingr\u00e9dients d&rsquo;\u00e9picerie frais comme des carottes, des haricots verts et des pommes de terre dor\u00e9es, et les amateurs de vin peuvent \u00e9conomiser 20 % \u00e0 l&rsquo;achat de six bouteilles ou plus via Amazon Fresh (valable jusqu&rsquo;au 30\/11). Visitez amazon.com\/grocery pour la s\u00e9lection compl\u00e8te d\u2019articles d\u2019\u00e9picerie disponibles dans votre r\u00e9gion.<\/p>\n<p><strong>\u00c9lectronique: <\/strong>\u00c9conomisez jusqu&rsquo;\u00e0 50 % sur certains appareils \u00e9lectroniques de JBL et Canon, et jusqu&rsquo;\u00e0 45 % sur certains mat\u00e9riels audio et PC Bose d&rsquo;ACER et ASUS. Les clients peuvent \u00e9galement obtenir jusqu&rsquo;\u00e0 40\u00a0% sur certains syst\u00e8mes de divertissement \u00e0 domicile de LG, TCL et Hisense, et jusqu&rsquo;\u00e0 35\u00a0% sur certains produits Samsung et Google.<\/p>\n<p><strong>Maison:<\/strong> \u00c9conomisez jusqu&rsquo;\u00e0 55 % sur certains produits pour la maison de Shark et jusqu&rsquo;\u00e0 40 % sur certains produits d&rsquo;entretien des sols de BISSELL et iRobot. Les clients peuvent \u00e9galement trouver jusqu&rsquo;\u00e0 35 % sur certains produits d&rsquo;entretien des sols de Dyson et certains meubles de Signature Design by Ashley, et jusqu&rsquo;\u00e0 25 % sur certains bagages de Away et certains \u00e9quipements de fitness de NordicTrack.<\/p>\n<p><strong>Cuisine:<\/strong> \u00c9conomisez jusqu&rsquo;\u00e0 50 % sur certains appareils de cuisine de Ninja et jusqu&rsquo;\u00e0 40 % sur certains articles essentiels de cuisine de Bentgo, Vitamix, Staub et Nespresso, y compris des offres sur les capsules Nespresso Original Line. Les clients peuvent \u00e9galement profiter jusqu&rsquo;\u00e0 35 % sur certaines machines \u00e0 expresso et \u00e0 caf\u00e9 de Keurig et De&rsquo;Longhi, et jusqu&rsquo;\u00e0 25 % sur des marques de cuisine haut de gamme comme Breville et Our Place.<\/p>\n<p><strong>Beaut\u00e9: <\/strong>\u00c9conomisez jusqu&rsquo;\u00e0 50 % sur une s\u00e9lection de produits de beaut\u00e9 haut de gamme de Lanc\u00f4me et sur les parfums de luxe d&rsquo;Armani Beauty et de Maison Margiela. Les clients peuvent \u00e9galement obtenir jusqu&rsquo;\u00e0 30 % sur les essentiels de soins de la peau et du corps de Kiehl&rsquo;s, ELEMIS, Sol de Janeiro et medicube, le maquillage de NYX PROFESSIONAL MAKEUP, Milk Makeup et Tarte ; ainsi que certains outils de beaut\u00e9 de Drybar et Shark.<\/p>\n<p><strong>Mode:<\/strong> \u00c9conomisez jusqu&rsquo;\u00e0 50 % sur une s\u00e9lection de v\u00eatements de NAADAM, GAP, Levi&rsquo;s, Cinq A Sept et Derek Lam 10 Crosby. Les clients peuvent \u00e9galement obtenir jusqu&rsquo;\u00e0 40 % sur les v\u00eatements de Theory, AllSaints, New Balance, Carhartt et ASTR the Label, ainsi que jusqu&rsquo;\u00e0 25 % sur certains styles de Shopbop mettant en vedette des marques comme LE BOP, PAIGE et FRAME.<\/p>\n<p><strong>Jouets\u00a0:<\/strong> \u00c9conomisez jusqu&rsquo;\u00e0 40 % sur certains jouets de MAGNA-TILES, Melissa &#038; Doug, Little Tykes, Play-Doh et NERF. Les clients peuvent \u00e9galement obtenir jusqu&rsquo;\u00e0 30 % de r\u00e9duction sur une s\u00e9lection de jouets classiques de Hasbro Gaming, Fisher-Price et American Girl, ainsi que sur des personnages favoris tels que Disney, WICKED, Barbie, Star Wars, Marvel et Harry Potter.<\/p>\n<p><strong>Livres\u00a0:<\/strong> \u00c9conomisez jusqu&rsquo;\u00e0 80 % sur les livres Kindle et jusqu&rsquo;\u00e0 65 % sur les livres imprim\u00e9s, y compris les favoris des \u00e9diteurs parmi les meilleurs livres de l&rsquo;ann\u00e9e d&rsquo;Amazon des 25 derni\u00e8res ann\u00e9es, notamment <em>Un peu de vie<\/em> par Hanya Yanagihara, <em>Le patient silencieux<\/em> par Alex Michaelides, et <em>Le Diable dans la Ville Blanche<\/em> par Erik Larson. Les clients peuvent \u00e9galement b\u00e9n\u00e9ficier de trois mois de Kindle Unlimited pour seulement 0,99 $, d\u00e9bloquant ainsi des millions de titres dans tous les genres. Des conditions g\u00e9n\u00e9rales s&rsquo;appliquent. Voir ici pour plus de d\u00e9tails.<\/p>\n<h2 id=\"do-you-need-to-be-a-prime-member-to-shop-during-the-black-friday-and-cyber-monday-sales\">Faut-il \u00eatre membre Prime pour faire des achats pendant les soldes du Black Friday et du Cyber \u200b\u200bMonday ?<\/h2>\n<p>Oui, vous devrez \u00eatre un membre Prime pour profiter des ventes exclusives du Black Friday et du Cyber \u200b\u200bMonday. L&rsquo;abonnement Prime commence \u00e0 14,99 $ par mois. Bien que vous seul puissiez d\u00e9cider si l&rsquo;achat d&rsquo;un abonnement annuel Prime en vaut la peine pour vous, n&rsquo;oubliez pas que vous pouvez toujours vous inscrire, puis annuler votre abonnement Prime une fois la vente termin\u00e9e : Amazon propose un essai gratuit de 30 jours, afin que vous puissiez magasiner pendant les deux \u00e9v\u00e9nements (et m\u00eame obtenir des offres anticip\u00e9es du Black Friday) avant d&rsquo;annuler sans \u00eatre factur\u00e9. Voici comment cr\u00e9er un compte Prime et tous les avantages qui en d\u00e9coulent.<\/p>\n<h2 id=\"what-other-retailers-are-doing-black-friday-sales\">Quels autres d\u00e9taillants font des soldes du Black Friday ?<\/h2>\n<p>Les autres grands d\u00e9taillants effectuant des ventes sont Best Buy, Target et Walmart. \u00c0 l\u2019heure actuelle, Best Buy est celui qui propose la plus grande vente du Black Friday, avec de nouvelles offres tous les vendredis. Target propose des offres d\u2019une semaine et une offre du jour. Pour Walmart, il faudra attendre le 14 novembre.<\/p>\n<h2 id=\"some-tips-for-a-successful-black-friday-with-amazon\">Quelques conseils pour un Black Friday r\u00e9ussi avec Amazon<\/h2>\n<p>S&rsquo;il s&rsquo;agit de votre premier achat du Black Friday sur Amazon, vous devez savoir quelques \u00e9l\u00e9ments de base sur les ventes Amazon\u00a0:<\/p>\n<ul>\n<li>\n<p>Vous pouvez partager votre abonnement Prime avec les membres de votre famille m\u00eame s&rsquo;ils ne vivent pas avec vous.<\/p>\n<\/li>\n<li>\n<p>Vous pouvez d\u00e9finir des alertes de prix pour les produits de votre choix et vos appareils Alexa peuvent vous avertir lorsqu&rsquo;ils sont mis en vente.<\/p>\n<\/li>\n<li>\n<p>Il existe g\u00e9n\u00e9ralement des offres \u00ab sur invitation uniquement \u00bb auxquelles vous pouvez vous inscrire.<\/p>\n<\/li>\n<li>\n<p>Il existe des outils que vous pouvez utiliser pour voir si l\u2019offre que vous envisagez est bonne ou non.<\/p>\n<\/li>\n<\/ul>\n<p>Mais si vous ne suivez qu&rsquo;un seul conseil pour faire vos achats sur Amazon, que ce soit celui-ci\u00a0: n&rsquo;achetez pas quelque chose que vous n&rsquo;allez pas acheter de toute fa\u00e7on. Un bon moyen de vous en assurer est de dresser une liste des produits que vous souhaitez et de n\u2019avoir d\u2019yeux que pour ceux-l\u00e0.<\/p>\n<hr>\n","protected":false},"excerpt":{"rendered":"<p>La Black Friday Week et le Cyber \u200b\u200bMonday d&rsquo;Amazon se d\u00e9rouleront du 20 novembre au 1er d\u00e9cembre. Amazon a finalement d\u00e9voil\u00e9 ses projets pour le<\/p>\n","protected":false},"author":1,"featured_media":11245,"comment_status":"","ping_status":"","sticky":false,"template":"","format":"standard","meta":{"footnotes":""},"categories":[13],"tags":[73,2624,1154,1086,1255,14,2625,183,2466,33,236,4],"class_list":["post-11244","post","type-post","status-publish","format-standard","has-post-thumbnail","hentry","category-technologie","tag-black","tag-cyber","tag-damazon","tag-devez","tag-friday","tag-les","tag-monday","tag-savoir","tag-soldes","tag-sur","tag-tout","tag-vous","generate-columns","tablet-grid-50","mobile-grid-100","grid-parent","grid-33"],"yoast_head":"<!-- This site is optimized with the Yoast SEO plugin v24.0 - https:\/\/yoast.com\/wordpress\/plugins\/seo\/ -->\n<title>Tout ce que vous devez savoir sur les soldes Black Friday et Cyber \u200b\u200b\u200b\u200bMonday d&#039;Amazon | Vie Associative<\/title>\n<meta name=\"robots\" content=\"index, follow, max-snippet:-1, max-image-preview:large, max-video-preview:-1\" \/>\n<link rel=\"canonical\" href=\"https:\/\/vieassociative.be\/actualites\/tout-ce-que-vous-devez-savoir-sur-les-soldes-black-friday-et-cyber-monday-damazon\/\" \/>\n<meta property=\"og:locale\" content=\"fr_FR\" \/>\n<meta property=\"og:type\" content=\"article\" \/>\n<meta property=\"og:title\" content=\"Tout ce que vous devez savoir sur les soldes Black Friday et Cyber \u200b\u200b\u200b\u200bMonday d&#039;Amazon | Vie Associative\" \/>\n<meta property=\"og:description\" content=\"La Black Friday Week et le Cyber \u200b\u200bMonday d&rsquo;Amazon se d\u00e9rouleront du 20 novembre au 1er d\u00e9cembre. Amazon a finalement d\u00e9voil\u00e9 ses projets pour le\" \/>\n<meta property=\"og:url\" content=\"https:\/\/vieassociative.be\/actualites\/tout-ce-que-vous-devez-savoir-sur-les-soldes-black-friday-et-cyber-monday-damazon\/\" \/>\n<meta property=\"og:site_name\" content=\"Vie Associative\" \/>\n<meta property=\"article:published_time\" content=\"2025-11-11T13:17:30+00:00\" \/>\n<meta property=\"og:image\" content=\"https:\/\/vieassociative.be\/actualites\/wp-content\/uploads\/2024\/09\/header_backgroundk-01-e1726694325946.png\" \/>\n\t<meta property=\"og:image:width\" content=\"279\" \/>\n\t<meta property=\"og:image:height\" content=\"92\" \/>\n\t<meta property=\"og:image:type\" content=\"image\/png\" \/>\n<meta name=\"author\" content=\"Julien\" \/>\n<meta name=\"twitter:card\" content=\"summary_large_image\" \/>\n<meta name=\"twitter:label1\" content=\"\u00c9crit par\" \/>\n\t<meta name=\"twitter:data1\" content=\"Julien\" \/>\n\t<meta name=\"twitter:label2\" content=\"Dur\u00e9e de lecture est.\" \/>\n\t<meta name=\"twitter:data2\" content=\"7 minutes\" \/>\n<script type=\"application\/ld+json\" class=\"yoast-schema-graph\">{\"@context\":\"https:\/\/schema.org\",\"@graph\":[{\"@type\":\"Article\",\"@id\":\"https:\/\/vieassociative.be\/actualites\/tout-ce-que-vous-devez-savoir-sur-les-soldes-black-friday-et-cyber-monday-damazon\/#article\",\"isPartOf\":{\"@id\":\"https:\/\/vieassociative.be\/actualites\/tout-ce-que-vous-devez-savoir-sur-les-soldes-black-friday-et-cyber-monday-damazon\/\"},\"author\":{\"name\":\"Julien\",\"@id\":\"https:\/\/vieassociative.be\/actualites\/#\/schema\/person\/b87ac4f82f9d4e7b7cec7395b679edc4\"},\"headline\":\"Tout ce que vous devez savoir sur les soldes Black Friday et Cyber \u200b\u200b\u200b\u200bMonday d&rsquo;Amazon\",\"datePublished\":\"2025-11-11T13:17:30+00:00\",\"dateModified\":\"2025-11-11T13:17:30+00:00\",\"mainEntityOfPage\":{\"@id\":\"https:\/\/vieassociative.be\/actualites\/tout-ce-que-vous-devez-savoir-sur-les-soldes-black-friday-et-cyber-monday-damazon\/\"},\"wordCount\":1355,\"publisher\":{\"@id\":\"https:\/\/vieassociative.be\/actualites\/#organization\"},\"image\":{\"@id\":\"https:\/\/vieassociative.be\/actualites\/tout-ce-que-vous-devez-savoir-sur-les-soldes-black-friday-et-cyber-monday-damazon\/#primaryimage\"},\"thumbnailUrl\":\"https:\/\/vieassociative.be\/actualites\/wp-content\/uploads\/2025\/11\/Tout-ce-que-vous-devez-savoir-sur-les-soldes-Black.png\",\"keywords\":[\"Black\",\"Cyber\",\"dAmazon\",\"devez\",\"Friday\",\"Les\",\"Monday\",\"savoir\",\"soldes\",\"sur\",\"tout\",\"Vous\"],\"articleSection\":[\"Technologie\"],\"inLanguage\":\"fr-BE\"},{\"@type\":\"WebPage\",\"@id\":\"https:\/\/vieassociative.be\/actualites\/tout-ce-que-vous-devez-savoir-sur-les-soldes-black-friday-et-cyber-monday-damazon\/\",\"url\":\"https:\/\/vieassociative.be\/actualites\/tout-ce-que-vous-devez-savoir-sur-les-soldes-black-friday-et-cyber-monday-damazon\/\",\"name\":\"Tout ce que vous devez savoir sur les soldes Black Friday et Cyber \u200b\u200b\u200b\u200bMonday d'Amazon | Vie Associative\",\"isPartOf\":{\"@id\":\"https:\/\/vieassociative.be\/actualites\/#website\"},\"primaryImageOfPage\":{\"@id\":\"https:\/\/vieassociative.be\/actualites\/tout-ce-que-vous-devez-savoir-sur-les-soldes-black-friday-et-cyber-monday-damazon\/#primaryimage\"},\"image\":{\"@id\":\"https:\/\/vieassociative.be\/actualites\/tout-ce-que-vous-devez-savoir-sur-les-soldes-black-friday-et-cyber-monday-damazon\/#primaryimage\"},\"thumbnailUrl\":\"https:\/\/vieassociative.be\/actualites\/wp-content\/uploads\/2025\/11\/Tout-ce-que-vous-devez-savoir-sur-les-soldes-Black.png\",\"datePublished\":\"2025-11-11T13:17:30+00:00\",\"dateModified\":\"2025-11-11T13:17:30+00:00\",\"breadcrumb\":{\"@id\":\"https:\/\/vieassociative.be\/actualites\/tout-ce-que-vous-devez-savoir-sur-les-soldes-black-friday-et-cyber-monday-damazon\/#breadcrumb\"},\"inLanguage\":\"fr-BE\",\"potentialAction\":[{\"@type\":\"ReadAction\",\"target\":[\"https:\/\/vieassociative.be\/actualites\/tout-ce-que-vous-devez-savoir-sur-les-soldes-black-friday-et-cyber-monday-damazon\/\"]}]},{\"@type\":\"ImageObject\",\"inLanguage\":\"fr-BE\",\"@id\":\"https:\/\/vieassociative.be\/actualites\/tout-ce-que-vous-devez-savoir-sur-les-soldes-black-friday-et-cyber-monday-damazon\/#primaryimage\",\"url\":\"https:\/\/vieassociative.be\/actualites\/wp-content\/uploads\/2025\/11\/Tout-ce-que-vous-devez-savoir-sur-les-soldes-Black.png\",\"contentUrl\":\"https:\/\/vieassociative.be\/actualites\/wp-content\/uploads\/2025\/11\/Tout-ce-que-vous-devez-savoir-sur-les-soldes-Black.png\",\"width\":1200,\"height\":675,\"caption\":\"Tout ce que vous devez savoir sur les soldes Black Friday et Cyber \u200b\u200b\u200b\u200bMonday d'Amazon\"},{\"@type\":\"BreadcrumbList\",\"@id\":\"https:\/\/vieassociative.be\/actualites\/tout-ce-que-vous-devez-savoir-sur-les-soldes-black-friday-et-cyber-monday-damazon\/#breadcrumb\",\"itemListElement\":[{\"@type\":\"ListItem\",\"position\":1,\"name\":\"Accueil\",\"item\":\"https:\/\/vieassociative.be\/actualites\/\"},{\"@type\":\"ListItem\",\"position\":2,\"name\":\"Tout ce que vous devez savoir sur les soldes Black Friday et Cyber \u200b\u200b\u200b\u200bMonday d&rsquo;Amazon\"}]},{\"@type\":\"WebSite\",\"@id\":\"https:\/\/vieassociative.be\/actualites\/#website\",\"url\":\"https:\/\/vieassociative.be\/actualites\/\",\"name\":\"Vie Associative\",\"description\":\"\",\"publisher\":{\"@id\":\"https:\/\/vieassociative.be\/actualites\/#organization\"},\"potentialAction\":[{\"@type\":\"SearchAction\",\"target\":{\"@type\":\"EntryPoint\",\"urlTemplate\":\"https:\/\/vieassociative.be\/actualites\/?s={search_term_string}\"},\"query-input\":{\"@type\":\"PropertyValueSpecification\",\"valueRequired\":true,\"valueName\":\"search_term_string\"}}],\"inLanguage\":\"fr-BE\"},{\"@type\":\"Organization\",\"@id\":\"https:\/\/vieassociative.be\/actualites\/#organization\",\"name\":\"Vie Associative\",\"url\":\"https:\/\/vieassociative.be\/actualites\/\",\"logo\":{\"@type\":\"ImageObject\",\"inLanguage\":\"fr-BE\",\"@id\":\"https:\/\/vieassociative.be\/actualites\/#\/schema\/logo\/image\/\",\"url\":\"https:\/\/vieassociative.be\/actualites\/wp-content\/uploads\/2024\/09\/cropped-vieassociative_favicon.ico.png\",\"contentUrl\":\"https:\/\/vieassociative.be\/actualites\/wp-content\/uploads\/2024\/09\/cropped-vieassociative_favicon.ico.png\",\"width\":512,\"height\":512,\"caption\":\"Vie Associative\"},\"image\":{\"@id\":\"https:\/\/vieassociative.be\/actualites\/#\/schema\/logo\/image\/\"}},{\"@type\":\"Person\",\"@id\":\"https:\/\/vieassociative.be\/actualites\/#\/schema\/person\/b87ac4f82f9d4e7b7cec7395b679edc4\",\"name\":\"Julien\",\"image\":{\"@type\":\"ImageObject\",\"inLanguage\":\"fr-BE\",\"@id\":\"https:\/\/vieassociative.be\/actualites\/#\/schema\/person\/image\/\",\"url\":\"https:\/\/vieassociative.be\/actualites\/wp-content\/uploads\/2024\/09\/vie-associative-1-150x150.jpg\",\"contentUrl\":\"https:\/\/vieassociative.be\/actualites\/wp-content\/uploads\/2024\/09\/vie-associative-1-150x150.jpg\",\"caption\":\"Julien\"},\"description\":\"Je suis Julien, r\u00e9dacteur pour Vie Associative. Passionn\u00e9 par le monde associatif depuis plus de 10 ans, j'ai \u00e0 c\u0153ur de partager des histoires inspirantes et de mettre en lumi\u00e8re les initiatives locales. Mon objectif est de sensibiliser et d'encourager l'engagement communautaire \u00e0 travers mes articles.\",\"sameAs\":[\"https:\/\/vieassociative.be\/\"]}]}<\/script>\n<!-- \/ Yoast SEO plugin. -->","yoast_head_json":{"title":"Tout ce que vous devez savoir sur les soldes Black Friday et Cyber \u200b\u200b\u200b\u200bMonday d'Amazon | Vie Associative","robots":{"index":"index","follow":"follow","max-snippet":"max-snippet:-1","max-image-preview":"max-image-preview:large","max-video-preview":"max-video-preview:-1"},"canonical":"https:\/\/vieassociative.be\/actualites\/tout-ce-que-vous-devez-savoir-sur-les-soldes-black-friday-et-cyber-monday-damazon\/","og_locale":"fr_FR","og_type":"article","og_title":"Tout ce que vous devez savoir sur les soldes Black Friday et Cyber \u200b\u200b\u200b\u200bMonday d'Amazon | Vie Associative","og_description":"La Black Friday Week et le Cyber \u200b\u200bMonday d&rsquo;Amazon se d\u00e9rouleront du 20 novembre au 1er d\u00e9cembre. Amazon a finalement d\u00e9voil\u00e9 ses projets pour le","og_url":"https:\/\/vieassociative.be\/actualites\/tout-ce-que-vous-devez-savoir-sur-les-soldes-black-friday-et-cyber-monday-damazon\/","og_site_name":"Vie Associative","article_published_time":"2025-11-11T13:17:30+00:00","og_image":[{"width":279,"height":92,"url":"https:\/\/vieassociative.be\/actualites\/wp-content\/uploads\/2024\/09\/header_backgroundk-01-e1726694325946.png","type":"image\/png"}],"author":"Julien","twitter_card":"summary_large_image","twitter_misc":{"\u00c9crit par":"Julien","Dur\u00e9e de lecture est.":"7 minutes"},"schema":{"@context":"https:\/\/schema.org","@graph":[{"@type":"Article","@id":"https:\/\/vieassociative.be\/actualites\/tout-ce-que-vous-devez-savoir-sur-les-soldes-black-friday-et-cyber-monday-damazon\/#article","isPartOf":{"@id":"https:\/\/vieassociative.be\/actualites\/tout-ce-que-vous-devez-savoir-sur-les-soldes-black-friday-et-cyber-monday-damazon\/"},"author":{"name":"Julien","@id":"https:\/\/vieassociative.be\/actualites\/#\/schema\/person\/b87ac4f82f9d4e7b7cec7395b679edc4"},"headline":"Tout ce que vous devez savoir sur les soldes Black Friday et Cyber \u200b\u200b\u200b\u200bMonday d&rsquo;Amazon","datePublished":"2025-11-11T13:17:30+00:00","dateModified":"2025-11-11T13:17:30+00:00","mainEntityOfPage":{"@id":"https:\/\/vieassociative.be\/actualites\/tout-ce-que-vous-devez-savoir-sur-les-soldes-black-friday-et-cyber-monday-damazon\/"},"wordCount":1355,"publisher":{"@id":"https:\/\/vieassociative.be\/actualites\/#organization"},"image":{"@id":"https:\/\/vieassociative.be\/actualites\/tout-ce-que-vous-devez-savoir-sur-les-soldes-black-friday-et-cyber-monday-damazon\/#primaryimage"},"thumbnailUrl":"https:\/\/vieassociative.be\/actualites\/wp-content\/uploads\/2025\/11\/Tout-ce-que-vous-devez-savoir-sur-les-soldes-Black.png","keywords":["Black","Cyber","dAmazon","devez","Friday","Les","Monday","savoir","soldes","sur","tout","Vous"],"articleSection":["Technologie"],"inLanguage":"fr-BE"},{"@type":"WebPage","@id":"https:\/\/vieassociative.be\/actualites\/tout-ce-que-vous-devez-savoir-sur-les-soldes-black-friday-et-cyber-monday-damazon\/","url":"https:\/\/vieassociative.be\/actualites\/tout-ce-que-vous-devez-savoir-sur-les-soldes-black-friday-et-cyber-monday-damazon\/","name":"Tout ce que vous devez savoir sur les soldes Black Friday et Cyber \u200b\u200b\u200b\u200bMonday d'Amazon | Vie Associative","isPartOf":{"@id":"https:\/\/vieassociative.be\/actualites\/#website"},"primaryImageOfPage":{"@id":"https:\/\/vieassociative.be\/actualites\/tout-ce-que-vous-devez-savoir-sur-les-soldes-black-friday-et-cyber-monday-damazon\/#primaryimage"},"image":{"@id":"https:\/\/vieassociative.be\/actualites\/tout-ce-que-vous-devez-savoir-sur-les-soldes-black-friday-et-cyber-monday-damazon\/#primaryimage"},"thumbnailUrl":"https:\/\/vieassociative.be\/actualites\/wp-content\/uploads\/2025\/11\/Tout-ce-que-vous-devez-savoir-sur-les-soldes-Black.png","datePublished":"2025-11-11T13:17:30+00:00","dateModified":"2025-11-11T13:17:30+00:00","breadcrumb":{"@id":"https:\/\/vieassociative.be\/actualites\/tout-ce-que-vous-devez-savoir-sur-les-soldes-black-friday-et-cyber-monday-damazon\/#breadcrumb"},"inLanguage":"fr-BE","potentialAction":[{"@type":"ReadAction","target":["https:\/\/vieassociative.be\/actualites\/tout-ce-que-vous-devez-savoir-sur-les-soldes-black-friday-et-cyber-monday-damazon\/"]}]},{"@type":"ImageObject","inLanguage":"fr-BE","@id":"https:\/\/vieassociative.be\/actualites\/tout-ce-que-vous-devez-savoir-sur-les-soldes-black-friday-et-cyber-monday-damazon\/#primaryimage","url":"https:\/\/vieassociative.be\/actualites\/wp-content\/uploads\/2025\/11\/Tout-ce-que-vous-devez-savoir-sur-les-soldes-Black.png","contentUrl":"https:\/\/vieassociative.be\/actualites\/wp-content\/uploads\/2025\/11\/Tout-ce-que-vous-devez-savoir-sur-les-soldes-Black.png","width":1200,"height":675,"caption":"Tout ce que vous devez savoir sur les soldes Black Friday et Cyber \u200b\u200b\u200b\u200bMonday d'Amazon"},{"@type":"BreadcrumbList","@id":"https:\/\/vieassociative.be\/actualites\/tout-ce-que-vous-devez-savoir-sur-les-soldes-black-friday-et-cyber-monday-damazon\/#breadcrumb","itemListElement":[{"@type":"ListItem","position":1,"name":"Accueil","item":"https:\/\/vieassociative.be\/actualites\/"},{"@type":"ListItem","position":2,"name":"Tout ce que vous devez savoir sur les soldes Black Friday et Cyber \u200b\u200b\u200b\u200bMonday d&rsquo;Amazon"}]},{"@type":"WebSite","@id":"https:\/\/vieassociative.be\/actualites\/#website","url":"https:\/\/vieassociative.be\/actualites\/","name":"Vie Associative","description":"","publisher":{"@id":"https:\/\/vieassociative.be\/actualites\/#organization"},"potentialAction":[{"@type":"SearchAction","target":{"@type":"EntryPoint","urlTemplate":"https:\/\/vieassociative.be\/actualites\/?s={search_term_string}"},"query-input":{"@type":"PropertyValueSpecification","valueRequired":true,"valueName":"search_term_string"}}],"inLanguage":"fr-BE"},{"@type":"Organization","@id":"https:\/\/vieassociative.be\/actualites\/#organization","name":"Vie Associative","url":"https:\/\/vieassociative.be\/actualites\/","logo":{"@type":"ImageObject","inLanguage":"fr-BE","@id":"https:\/\/vieassociative.be\/actualites\/#\/schema\/logo\/image\/","url":"https:\/\/vieassociative.be\/actualites\/wp-content\/uploads\/2024\/09\/cropped-vieassociative_favicon.ico.png","contentUrl":"https:\/\/vieassociative.be\/actualites\/wp-content\/uploads\/2024\/09\/cropped-vieassociative_favicon.ico.png","width":512,"height":512,"caption":"Vie Associative"},"image":{"@id":"https:\/\/vieassociative.be\/actualites\/#\/schema\/logo\/image\/"}},{"@type":"Person","@id":"https:\/\/vieassociative.be\/actualites\/#\/schema\/person\/b87ac4f82f9d4e7b7cec7395b679edc4","name":"Julien","image":{"@type":"ImageObject","inLanguage":"fr-BE","@id":"https:\/\/vieassociative.be\/actualites\/#\/schema\/person\/image\/","url":"https:\/\/vieassociative.be\/actualites\/wp-content\/uploads\/2024\/09\/vie-associative-1-150x150.jpg","contentUrl":"https:\/\/vieassociative.be\/actualites\/wp-content\/uploads\/2024\/09\/vie-associative-1-150x150.jpg","caption":"Julien"},"description":"Je suis Julien, r\u00e9dacteur pour Vie Associative. Passionn\u00e9 par le monde associatif depuis plus de 10 ans, j'ai \u00e0 c\u0153ur de partager des histoires inspirantes et de mettre en lumi\u00e8re les initiatives locales. Mon objectif est de sensibiliser et d'encourager l'engagement communautaire \u00e0 travers mes articles.","sameAs":["https:\/\/vieassociative.be\/"]}]}},"_links":{"self":[{"href":"https:\/\/vieassociative.be\/actualites\/wp-json\/wp\/v2\/posts\/11244"}],"collection":[{"href":"https:\/\/vieassociative.be\/actualites\/wp-json\/wp\/v2\/posts"}],"about":[{"href":"https:\/\/vieassociative.be\/actualites\/wp-json\/wp\/v2\/types\/post"}],"author":[{"embeddable":true,"href":"https:\/\/vieassociative.be\/actualites\/wp-json\/wp\/v2\/users\/1"}],"replies":[{"embeddable":true,"href":"https:\/\/vieassociative.be\/actualites\/wp-json\/wp\/v2\/comments?post=11244"}],"version-history":[{"count":0,"href":"https:\/\/vieassociative.be\/actualites\/wp-json\/wp\/v2\/posts\/11244\/revisions"}],"wp:featuredmedia":[{"embeddable":true,"href":"https:\/\/vieassociative.be\/actualites\/wp-json\/wp\/v2\/media\/11245"}],"wp:attachment":[{"href":"https:\/\/vieassociative.be\/actualites\/wp-json\/wp\/v2\/media?parent=11244"}],"wp:term":[{"taxonomy":"category","embeddable":true,"href":"https:\/\/vieassociative.be\/actualites\/wp-json\/wp\/v2\/categories?post=11244"},{"taxonomy":"post_tag","embeddable":true,"href":"https:\/\/vieassociative.be\/actualites\/wp-json\/wp\/v2\/tags?post=11244"}],"curies":[{"name":"wp","href":"https:\/\/api.w.org\/{rel}","templated":true}]}}