{"id":11241,"date":"2025-11-11T08:18:48","date_gmt":"2025-11-11T07:18:48","guid":{"rendered":"https:\/\/vieassociative.be\/actualites\/apple-a-trois-nouvelles-fonctionnalites-dia-en-preparation-a-commencer-par-un-siri-ai\/"},"modified":"2025-11-11T08:18:48","modified_gmt":"2025-11-11T07:18:48","slug":"apple-a-trois-nouvelles-fonctionnalites-dia-en-preparation-a-commencer-par-un-siri-ai","status":"publish","type":"post","link":"https:\/\/vieassociative.be\/actualites\/apple-a-trois-nouvelles-fonctionnalites-dia-en-preparation-a-commencer-par-un-siri-ai\/","title":{"rendered":"Apple a trois nouvelles fonctionnalit\u00e9s d&rsquo;IA en pr\u00e9paration, \u00e0 commencer par un Siri AI"},"content":{"rendered":"<div class=\"mt-4 leading-6 md:mb-8\">Un nouveau Siri est vraiment en route.<\/div>\n<p><\/p>\n<p>Quand on pense aux entreprises technologiques qui m\u00e8nent la course \u00e0 l\u2019IA, Apple se situe plut\u00f4t en bas de la liste. Ce n&rsquo;est pas n\u00e9cessairement une mauvaise chose, en ce qui me concerne. De l\u00e0 o\u00f9 je me trouve, beaucoup d&rsquo;entre nous ne se soucient pas des derni\u00e8res fonctionnalit\u00e9s d&rsquo;IA que les entreprises int\u00e8grent dans leurs produits : nous voulons simplement que les produits que nous utilisons r\u00e9ellement fonctionnent et fonctionnent bien. <\/p>\n<p>Mais en se concentrant strictement sur les progr\u00e8s de l\u2019IA, Apple est loin derri\u00e8re ses concurrents comme Google et Microsoft. Alors qu&rsquo;Android et Windows regorgent de fonctionnalit\u00e9s d&rsquo;IA, que ce soit via les mod\u00e8les Gemini de Google ou GPT d&rsquo;OpenAI, les avanc\u00e9es d&rsquo;Apple en mati\u00e8re d&rsquo;IA sont beaucoup plus limit\u00e9es. Google et Microsoft pr\u00e9sentent tous deux leurs assistants IA comme la pierre angulaire de leurs strat\u00e9gies marketing\u00a0; pendant ce temps, Apple a retir\u00e9 la publicit\u00e9 AI Siri, car les mises \u00e0 niveau promises \u00e9taient toujours retard\u00e9es.<\/p>\n<p>Cela ne veut pas dire qu\u2019il n\u2019y a pas de fonctionnalit\u00e9s d\u2019IA ici, loin de l\u00e0. Depuis iOS 18, Apple a d\u00e9ploy\u00e9 des fonctionnalit\u00e9s d&rsquo;IA sous l&rsquo;\u00e9gide d&rsquo;Apple Intelligence, notamment des \u00e9l\u00e9ments tels que Image Playground, l&rsquo;\u00e9dition d&rsquo;images IA et des outils d&rsquo;\u00e9criture. Mais encore une fois, ces fonctionnalit\u00e9s ne vendent pas d\u2019iPhone, et il semble qu\u2019Apple le sache. L\u2019entreprise semble faire plus de travail sur l\u2019IA en coulisses qu\u2019en face d\u2019elle ces jours-ci.  <\/p>\n<div class=\"mx-auto mb-12 mt-5 w-full max-w-3xl rounded-md border-2 border-gray-100 p-3 shadow-md md:px-7 md:pb-7 md:pt-5\" id=\"related-video\">\n<div class=\"mb-3 flex items-center md:mb-5\">\n        <img decoding=\"async\" class=\"mr-4 mt-0 h-10 w-10 md:mr-5 md:h-12 md:w-12\" src=\"https:\/\/vieassociative.be\/actualites\/wp-content\/uploads\/2025\/09\/1757726237_608_Meta-pourrait-devoiler-une-montre-intelligente-pour-controler-ses-lunettes.jpg\" alt=\"Logo du pirate de la vie\"><\/p><\/div>\n<div class=\"aspect-video w-full overflow-hidden rounded-md\">\n<div id=\"video-container-01K9RVFQNKJ2NTQ3DMVRMAV7WD\"><\/div>\n<\/p><\/div>\n<\/div>\n<p>Malgr\u00e9 tout cela, l\u2019entreprise continue de faire de s\u00e9rieux progr\u00e8s en mati\u00e8re d\u2019IA. En fait, la soci\u00e9t\u00e9 pr\u00e9voit trois nouvelles fonctionnalit\u00e9s cl\u00e9s de l&rsquo;IA, du moins selon Mark Gurman de Bloomberg.<\/p>\n<h2 id=\"ai-siri\">IA Siri<\/h2>\n<p>Vous vous souvenez de la fa\u00e7on dont j&rsquo;ai dit que la mise \u00e0 niveau de l&rsquo;IA Siri d&rsquo;Apple ne cessait d&rsquo;\u00eatre retard\u00e9e\u00a0? Eh bien, il se trouve que AI Siri pourrait \u00eatre l\u00e0 le plus t\u00f4t possible, du moins en partie. Selon Gurman, Apple pr\u00e9voit de d\u00e9ployer \u00ab un nouveau Siri \u00bb avec iOS 26.4, tandis que l&rsquo;assistant b\u00e9n\u00e9ficiera d&rsquo;une \u00ab refonte \u00bb avec iOS 27 de l&rsquo;ann\u00e9e prochaine. <\/p>\n<p>Si vous vous en souvenez, Apple avait promis un Siri aliment\u00e9 par l&rsquo;IA avec iOS 18 qui \u00e9tait plus intelligent que n&rsquo;importe quelle it\u00e9ration de Siri pr\u00e9c\u00e9dente. Cette IA Siri \u00e9tait tr\u00e8s contextuelle, comprenant ce que vous vouliez dire dans vos demandes sans que vous ayez besoin d&rsquo;\u00eatre hyper sp\u00e9cifique. De plus, l&rsquo;assistant pouvait extraire des informations de diverses sources, telles que des messages ou des e-mails, pour r\u00e9pondre aux demandes, et disposait m\u00eame d&rsquo;un mode agent pour prendre des mesures en votre nom. Ceci est similaire \u00e0 la fa\u00e7on dont les navigateurs IA vous permettent de demander \u00e0 l\u2019assistant de faire des choses sur le Web \u00e0 votre place. C&rsquo;est objectivement futuriste, bien s\u00fbr, mais pas n\u00e9cessairement utile et ce n&rsquo;est pas non plus s\u00e9curis\u00e9.<\/p>\n<p>En l\u2019occurrence, Apple a eu beaucoup de mal \u00e0 faire fonctionner ces fonctionnalit\u00e9s. Le nouveau Siri de la soci\u00e9t\u00e9 est un casse-t\u00eate d&rsquo;ing\u00e9nierie extr\u00eame qui n&rsquo;a pas \u00e9t\u00e9 r\u00e9solu par la sortie d&rsquo;iOS 18 et a \u00e9t\u00e9 retard\u00e9 via iOS 26.0. Si le calendrier est respect\u00e9, ces changements devraient arriver \u00e0 la version 26.4 et pourraient m\u00eame \u00eatre aliment\u00e9s en partie par le mod\u00e8le Gemini de Google. Cela dit, iOS 26.4 est probablement dans quatre mois : Apple vient de publier iOS 26.1 et teste en version b\u00eata iOS 26.2, et aucune des deux mises \u00e0 jour n&rsquo;est accompagn\u00e9e de mises \u00e0 niveau Siri. Depuis que la soci\u00e9t\u00e9 a publi\u00e9 iOS 18.4 en mars de cette ann\u00e9e, il est probable que nous en verrons 26,4 en mars 2026. Si tel est le cas, nous ne serons peut-\u00eatre qu&rsquo;\u00e0 un quart d&rsquo;ann\u00e9e d&rsquo;une nouvelle exp\u00e9rience Siri. <\/p>\n<p>L&rsquo;ann\u00e9e prochaine, selon Gurman, Siri fera peau neuve. L&rsquo;assistant sera plus conversationnel et alimentera la prochaine strat\u00e9gie d&rsquo;Apple en mati\u00e8re d&rsquo;appareils domestiques intelligents. Mais c&rsquo;est encore loin.<\/p>\n<h2 id=\"ai-health-agent\">Agent de sant\u00e9 IA <\/h2>\n<p>Gurman affirme qu&rsquo;Apple travaille \u00e9galement sur un agent d&rsquo;IA capable de coacher les utilisateurs sur les probl\u00e8mes li\u00e9s \u00e0 la sant\u00e9. Nom de code \u00ab Project Mulberry \u00bb, le service combine une nouvelle application Sant\u00e9, un abonnement (Health+) et un assistant de sant\u00e9 IA. Cet assistant peut extraire des donn\u00e9es de l&rsquo;application Sant\u00e9 pour \u00e9clairer ses conseils et est form\u00e9 par de vrais m\u00e9decins de toutes les professions m\u00e9dicales. Selon Gurman, \u00ab\u00a0si l&rsquo;application Sant\u00e9 re\u00e7oit des donn\u00e9es sur les mauvaises tendances de la fr\u00e9quence cardiaque, une vid\u00e9o expliquant les risques de maladie cardiaque pourrait appara\u00eetre\u00a0\u00bb.<\/p>\n<p>La soci\u00e9t\u00e9 ouvre actuellement un studio pour enregistrer des vid\u00e9os pour ce service, et pourrait faire appel \u00e0 une \u00ab personnalit\u00e9 m\u00e9dicale majeure \u00bb pour \u00ab h\u00e9berger \u00bb ce service Health+. (Je mise sur le docteur Mike, mais c&rsquo;est peut-\u00eatre la seule personnalit\u00e9 m\u00e9dicale majeure que je connaisse.)<\/p>\n<p>Gurman dit que cet agent de sant\u00e9 IA pourrait arriver d\u00e8s iOS 26.4, aux c\u00f4t\u00e9s du nouveau AI Siri. Il sera int\u00e9ressant de voir comment Apple r\u00e9sout deux probl\u00e8mes cl\u00e9s avec cette fonctionnalit\u00e9 : l&rsquo;IA fait parfois des erreurs (et parfois invente simplement des choses), donc lui faire confiance pour offrir des conseils de sant\u00e9 soul\u00e8ve des signaux d&rsquo;alarme. Ajoutez \u00e0 cela le fait qu&rsquo;Apple utilisera les donn\u00e9es des utilisateurs pour informer l&rsquo;IA sur la mani\u00e8re de g\u00e9rer les conseils de sant\u00e9, et des questions sur la confidentialit\u00e9 des utilisateurs appara\u00eetront. L&rsquo;entreprise est fi\u00e8re de la confidentialit\u00e9, j&rsquo;imagine donc qu&rsquo;elle aura un plan clair ici, mais si cet agent de sant\u00e9 IA se lance r\u00e9ellement, ces points devront \u00eatre abord\u00e9s. <\/p>\n<h2 id=\"web-search-tool\">Outil de recherche sur Internet<\/h2>\n<p>Enfin, Gurman affirme qu&rsquo;Apple a \u00ab\u00a0des plans pour un outil de recherche sur le Web aliment\u00e9 par l&rsquo;IA\u00a0\u00bb. Cet outil est appel\u00e9 \u00ab World Knowledge Answers \u00bb au sein de l&rsquo;entreprise et est destin\u00e9 \u00e0 concurrencer des outils de recherche similaires d&rsquo;entreprises comme OpenAI et Perplexity. <\/p>\n<p>World Knowledge Answers s&rsquo;int\u00e9grera directement dans Siri et pourrait \u00e9galement \u00eatre disponible sur Safari et Spotlight. Il peut inclure du texte, des images, des vid\u00e9os et des \u00ab points d\u2019int\u00e9r\u00eat locaux \u00bb, ainsi que des r\u00e9sum\u00e9s IA. L&rsquo;id\u00e9e est d&rsquo;inciter les utilisateurs \u00e0 poser des questions au sein de la propre suite de produits Apple, plut\u00f4t que de les voir utiliser d&rsquo;autres outils de recherche d&rsquo;IA. Il est probable qu&rsquo;il arrivera aux c\u00f4t\u00e9s de ces deux autres fonctionnalit\u00e9s avec iOS 26.4.<\/p>\n<p>Ces fonctionnalit\u00e9s d\u2019IA seront-elles suffisantes pour rattraper Apple face au reste des acteurs de l\u2019IA ? Je ne suis pas s\u00fbr. Mais je ne suis pas s\u00fbr que l&rsquo;entreprise <em>besoins<\/em> pour rattraper. M\u00eame si Microsoft a fait de l&rsquo;IA la pierre angulaire de ses nouvelles exp\u00e9riences Windows, ce n&rsquo;est pas la raison pour laquelle les gens ach\u00e8tent des PC. De m\u00eame, peu d\u2019utilisateurs choisissent leurs smartphones, tablettes et ordinateurs selon qu\u2019Apple, Google ou Microsoft disposent du meilleur assistant IA ou de la meilleure gamme de fonctionnalit\u00e9s IA. L\u2019IA rapporte peut-\u00eatre beaucoup d\u2019argent \u00e0 l\u2019heure actuelle, mais pas d\u2019une mani\u00e8re o\u00f9 Apple doit \u00eatre au sommet pour rester l\u2019une des plus grandes entreprises au monde. <\/p>\n","protected":false},"excerpt":{"rendered":"<p>Un nouveau Siri est vraiment en route. Quand on pense aux entreprises technologiques qui m\u00e8nent la course \u00e0 l\u2019IA, Apple se situe plut\u00f4t en bas<\/p>\n","protected":false},"author":1,"featured_media":11242,"comment_status":"","ping_status":"","sticky":false,"template":"","format":"standard","meta":{"footnotes":""},"categories":[13],"tags":[54,1323,31,1216,1215,676,3783,589,771],"class_list":["post-11241","post","type-post","status-publish","format-standard","has-post-thumbnail","hentry","category-technologie","tag-apple","tag-commencer","tag-dia","tag-fonctionnalites","tag-nouvelles","tag-par","tag-preparation","tag-siri","tag-trois","generate-columns","tablet-grid-50","mobile-grid-100","grid-parent","grid-33"],"yoast_head":"<!-- This site is optimized with the Yoast SEO plugin v24.0 - https:\/\/yoast.com\/wordpress\/plugins\/seo\/ -->\n<title>Apple a trois nouvelles fonctionnalit\u00e9s d&#039;IA en pr\u00e9paration, \u00e0 commencer par un Siri AI | Vie Associative<\/title>\n<meta name=\"robots\" content=\"index, follow, max-snippet:-1, max-image-preview:large, max-video-preview:-1\" \/>\n<link rel=\"canonical\" href=\"https:\/\/vieassociative.be\/actualites\/apple-a-trois-nouvelles-fonctionnalites-dia-en-preparation-a-commencer-par-un-siri-ai\/\" \/>\n<meta property=\"og:locale\" content=\"fr_FR\" \/>\n<meta property=\"og:type\" content=\"article\" \/>\n<meta property=\"og:title\" content=\"Apple a trois nouvelles fonctionnalit\u00e9s d&#039;IA en pr\u00e9paration, \u00e0 commencer par un Siri AI | Vie Associative\" \/>\n<meta property=\"og:description\" content=\"Un nouveau Siri est vraiment en route. Quand on pense aux entreprises technologiques qui m\u00e8nent la course \u00e0 l\u2019IA, Apple se situe plut\u00f4t en bas\" \/>\n<meta property=\"og:url\" content=\"https:\/\/vieassociative.be\/actualites\/apple-a-trois-nouvelles-fonctionnalites-dia-en-preparation-a-commencer-par-un-siri-ai\/\" \/>\n<meta property=\"og:site_name\" content=\"Vie Associative\" \/>\n<meta property=\"article:published_time\" content=\"2025-11-11T07:18:48+00:00\" \/>\n<meta property=\"og:image\" content=\"https:\/\/vieassociative.be\/actualites\/wp-content\/uploads\/2025\/09\/1757726237_608_Meta-pourrait-devoiler-une-montre-intelligente-pour-controler-ses-lunettes.jpg\" \/>\n<meta name=\"author\" content=\"Julien\" \/>\n<meta name=\"twitter:card\" content=\"summary_large_image\" \/>\n<meta name=\"twitter:label1\" content=\"\u00c9crit par\" \/>\n\t<meta name=\"twitter:data1\" content=\"Julien\" \/>\n\t<meta name=\"twitter:label2\" content=\"Dur\u00e9e de lecture est.\" \/>\n\t<meta name=\"twitter:data2\" content=\"6 minutes\" \/>\n<script type=\"application\/ld+json\" class=\"yoast-schema-graph\">{\"@context\":\"https:\/\/schema.org\",\"@graph\":[{\"@type\":\"Article\",\"@id\":\"https:\/\/vieassociative.be\/actualites\/apple-a-trois-nouvelles-fonctionnalites-dia-en-preparation-a-commencer-par-un-siri-ai\/#article\",\"isPartOf\":{\"@id\":\"https:\/\/vieassociative.be\/actualites\/apple-a-trois-nouvelles-fonctionnalites-dia-en-preparation-a-commencer-par-un-siri-ai\/\"},\"author\":{\"name\":\"Julien\",\"@id\":\"https:\/\/vieassociative.be\/actualites\/#\/schema\/person\/b87ac4f82f9d4e7b7cec7395b679edc4\"},\"headline\":\"Apple a trois nouvelles fonctionnalit\u00e9s d&rsquo;IA en pr\u00e9paration, \u00e0 commencer par un Siri AI\",\"datePublished\":\"2025-11-11T07:18:48+00:00\",\"dateModified\":\"2025-11-11T07:18:48+00:00\",\"mainEntityOfPage\":{\"@id\":\"https:\/\/vieassociative.be\/actualites\/apple-a-trois-nouvelles-fonctionnalites-dia-en-preparation-a-commencer-par-un-siri-ai\/\"},\"wordCount\":1328,\"publisher\":{\"@id\":\"https:\/\/vieassociative.be\/actualites\/#organization\"},\"image\":{\"@id\":\"https:\/\/vieassociative.be\/actualites\/apple-a-trois-nouvelles-fonctionnalites-dia-en-preparation-a-commencer-par-un-siri-ai\/#primaryimage\"},\"thumbnailUrl\":\"https:\/\/vieassociative.be\/actualites\/wp-content\/uploads\/2025\/11\/Apple-a-trois-nouvelles-fonctionnalites-dIA-en-preparation-a-commencer.jpg\",\"keywords\":[\"Apple\",\"commencer\",\"dIA\",\"fonctionnalit\u00e9s\",\"nouvelles\",\"par\",\"pr\u00e9paration\",\"Siri\",\"trois\"],\"articleSection\":[\"Technologie\"],\"inLanguage\":\"fr-BE\"},{\"@type\":\"WebPage\",\"@id\":\"https:\/\/vieassociative.be\/actualites\/apple-a-trois-nouvelles-fonctionnalites-dia-en-preparation-a-commencer-par-un-siri-ai\/\",\"url\":\"https:\/\/vieassociative.be\/actualites\/apple-a-trois-nouvelles-fonctionnalites-dia-en-preparation-a-commencer-par-un-siri-ai\/\",\"name\":\"Apple a trois nouvelles fonctionnalit\u00e9s d'IA en pr\u00e9paration, \u00e0 commencer par un Siri AI | Vie Associative\",\"isPartOf\":{\"@id\":\"https:\/\/vieassociative.be\/actualites\/#website\"},\"primaryImageOfPage\":{\"@id\":\"https:\/\/vieassociative.be\/actualites\/apple-a-trois-nouvelles-fonctionnalites-dia-en-preparation-a-commencer-par-un-siri-ai\/#primaryimage\"},\"image\":{\"@id\":\"https:\/\/vieassociative.be\/actualites\/apple-a-trois-nouvelles-fonctionnalites-dia-en-preparation-a-commencer-par-un-siri-ai\/#primaryimage\"},\"thumbnailUrl\":\"https:\/\/vieassociative.be\/actualites\/wp-content\/uploads\/2025\/11\/Apple-a-trois-nouvelles-fonctionnalites-dIA-en-preparation-a-commencer.jpg\",\"datePublished\":\"2025-11-11T07:18:48+00:00\",\"dateModified\":\"2025-11-11T07:18:48+00:00\",\"breadcrumb\":{\"@id\":\"https:\/\/vieassociative.be\/actualites\/apple-a-trois-nouvelles-fonctionnalites-dia-en-preparation-a-commencer-par-un-siri-ai\/#breadcrumb\"},\"inLanguage\":\"fr-BE\",\"potentialAction\":[{\"@type\":\"ReadAction\",\"target\":[\"https:\/\/vieassociative.be\/actualites\/apple-a-trois-nouvelles-fonctionnalites-dia-en-preparation-a-commencer-par-un-siri-ai\/\"]}]},{\"@type\":\"ImageObject\",\"inLanguage\":\"fr-BE\",\"@id\":\"https:\/\/vieassociative.be\/actualites\/apple-a-trois-nouvelles-fonctionnalites-dia-en-preparation-a-commencer-par-un-siri-ai\/#primaryimage\",\"url\":\"https:\/\/vieassociative.be\/actualites\/wp-content\/uploads\/2025\/11\/Apple-a-trois-nouvelles-fonctionnalites-dIA-en-preparation-a-commencer.jpg\",\"contentUrl\":\"https:\/\/vieassociative.be\/actualites\/wp-content\/uploads\/2025\/11\/Apple-a-trois-nouvelles-fonctionnalites-dIA-en-preparation-a-commencer.jpg\",\"width\":1200,\"height\":675,\"caption\":\"Apple a trois nouvelles fonctionnalit\u00e9s d'IA en pr\u00e9paration, \u00e0 commencer par un Siri AI\"},{\"@type\":\"BreadcrumbList\",\"@id\":\"https:\/\/vieassociative.be\/actualites\/apple-a-trois-nouvelles-fonctionnalites-dia-en-preparation-a-commencer-par-un-siri-ai\/#breadcrumb\",\"itemListElement\":[{\"@type\":\"ListItem\",\"position\":1,\"name\":\"Accueil\",\"item\":\"https:\/\/vieassociative.be\/actualites\/\"},{\"@type\":\"ListItem\",\"position\":2,\"name\":\"Apple a trois nouvelles fonctionnalit\u00e9s d&rsquo;IA en pr\u00e9paration, \u00e0 commencer par un Siri AI\"}]},{\"@type\":\"WebSite\",\"@id\":\"https:\/\/vieassociative.be\/actualites\/#website\",\"url\":\"https:\/\/vieassociative.be\/actualites\/\",\"name\":\"Vie Associative\",\"description\":\"\",\"publisher\":{\"@id\":\"https:\/\/vieassociative.be\/actualites\/#organization\"},\"potentialAction\":[{\"@type\":\"SearchAction\",\"target\":{\"@type\":\"EntryPoint\",\"urlTemplate\":\"https:\/\/vieassociative.be\/actualites\/?s={search_term_string}\"},\"query-input\":{\"@type\":\"PropertyValueSpecification\",\"valueRequired\":true,\"valueName\":\"search_term_string\"}}],\"inLanguage\":\"fr-BE\"},{\"@type\":\"Organization\",\"@id\":\"https:\/\/vieassociative.be\/actualites\/#organization\",\"name\":\"Vie Associative\",\"url\":\"https:\/\/vieassociative.be\/actualites\/\",\"logo\":{\"@type\":\"ImageObject\",\"inLanguage\":\"fr-BE\",\"@id\":\"https:\/\/vieassociative.be\/actualites\/#\/schema\/logo\/image\/\",\"url\":\"https:\/\/vieassociative.be\/actualites\/wp-content\/uploads\/2024\/09\/cropped-vieassociative_favicon.ico.png\",\"contentUrl\":\"https:\/\/vieassociative.be\/actualites\/wp-content\/uploads\/2024\/09\/cropped-vieassociative_favicon.ico.png\",\"width\":512,\"height\":512,\"caption\":\"Vie Associative\"},\"image\":{\"@id\":\"https:\/\/vieassociative.be\/actualites\/#\/schema\/logo\/image\/\"}},{\"@type\":\"Person\",\"@id\":\"https:\/\/vieassociative.be\/actualites\/#\/schema\/person\/b87ac4f82f9d4e7b7cec7395b679edc4\",\"name\":\"Julien\",\"image\":{\"@type\":\"ImageObject\",\"inLanguage\":\"fr-BE\",\"@id\":\"https:\/\/vieassociative.be\/actualites\/#\/schema\/person\/image\/\",\"url\":\"https:\/\/vieassociative.be\/actualites\/wp-content\/uploads\/2024\/09\/vie-associative-1-150x150.jpg\",\"contentUrl\":\"https:\/\/vieassociative.be\/actualites\/wp-content\/uploads\/2024\/09\/vie-associative-1-150x150.jpg\",\"caption\":\"Julien\"},\"description\":\"Je suis Julien, r\u00e9dacteur pour Vie Associative. Passionn\u00e9 par le monde associatif depuis plus de 10 ans, j'ai \u00e0 c\u0153ur de partager des histoires inspirantes et de mettre en lumi\u00e8re les initiatives locales. Mon objectif est de sensibiliser et d'encourager l'engagement communautaire \u00e0 travers mes articles.\",\"sameAs\":[\"https:\/\/vieassociative.be\/\"]}]}<\/script>\n<!-- \/ Yoast SEO plugin. -->","yoast_head_json":{"title":"Apple a trois nouvelles fonctionnalit\u00e9s d'IA en pr\u00e9paration, \u00e0 commencer par un Siri AI | Vie Associative","robots":{"index":"index","follow":"follow","max-snippet":"max-snippet:-1","max-image-preview":"max-image-preview:large","max-video-preview":"max-video-preview:-1"},"canonical":"https:\/\/vieassociative.be\/actualites\/apple-a-trois-nouvelles-fonctionnalites-dia-en-preparation-a-commencer-par-un-siri-ai\/","og_locale":"fr_FR","og_type":"article","og_title":"Apple a trois nouvelles fonctionnalit\u00e9s d'IA en pr\u00e9paration, \u00e0 commencer par un Siri AI | Vie Associative","og_description":"Un nouveau Siri est vraiment en route. Quand on pense aux entreprises technologiques qui m\u00e8nent la course \u00e0 l\u2019IA, Apple se situe plut\u00f4t en bas","og_url":"https:\/\/vieassociative.be\/actualites\/apple-a-trois-nouvelles-fonctionnalites-dia-en-preparation-a-commencer-par-un-siri-ai\/","og_site_name":"Vie Associative","article_published_time":"2025-11-11T07:18:48+00:00","og_image":[{"url":"https:\/\/vieassociative.be\/actualites\/wp-content\/uploads\/2025\/09\/1757726237_608_Meta-pourrait-devoiler-une-montre-intelligente-pour-controler-ses-lunettes.jpg","type":"","width":"","height":""}],"author":"Julien","twitter_card":"summary_large_image","twitter_misc":{"\u00c9crit par":"Julien","Dur\u00e9e de lecture est.":"6 minutes"},"schema":{"@context":"https:\/\/schema.org","@graph":[{"@type":"Article","@id":"https:\/\/vieassociative.be\/actualites\/apple-a-trois-nouvelles-fonctionnalites-dia-en-preparation-a-commencer-par-un-siri-ai\/#article","isPartOf":{"@id":"https:\/\/vieassociative.be\/actualites\/apple-a-trois-nouvelles-fonctionnalites-dia-en-preparation-a-commencer-par-un-siri-ai\/"},"author":{"name":"Julien","@id":"https:\/\/vieassociative.be\/actualites\/#\/schema\/person\/b87ac4f82f9d4e7b7cec7395b679edc4"},"headline":"Apple a trois nouvelles fonctionnalit\u00e9s d&rsquo;IA en pr\u00e9paration, \u00e0 commencer par un Siri AI","datePublished":"2025-11-11T07:18:48+00:00","dateModified":"2025-11-11T07:18:48+00:00","mainEntityOfPage":{"@id":"https:\/\/vieassociative.be\/actualites\/apple-a-trois-nouvelles-fonctionnalites-dia-en-preparation-a-commencer-par-un-siri-ai\/"},"wordCount":1328,"publisher":{"@id":"https:\/\/vieassociative.be\/actualites\/#organization"},"image":{"@id":"https:\/\/vieassociative.be\/actualites\/apple-a-trois-nouvelles-fonctionnalites-dia-en-preparation-a-commencer-par-un-siri-ai\/#primaryimage"},"thumbnailUrl":"https:\/\/vieassociative.be\/actualites\/wp-content\/uploads\/2025\/11\/Apple-a-trois-nouvelles-fonctionnalites-dIA-en-preparation-a-commencer.jpg","keywords":["Apple","commencer","dIA","fonctionnalit\u00e9s","nouvelles","par","pr\u00e9paration","Siri","trois"],"articleSection":["Technologie"],"inLanguage":"fr-BE"},{"@type":"WebPage","@id":"https:\/\/vieassociative.be\/actualites\/apple-a-trois-nouvelles-fonctionnalites-dia-en-preparation-a-commencer-par-un-siri-ai\/","url":"https:\/\/vieassociative.be\/actualites\/apple-a-trois-nouvelles-fonctionnalites-dia-en-preparation-a-commencer-par-un-siri-ai\/","name":"Apple a trois nouvelles fonctionnalit\u00e9s d'IA en pr\u00e9paration, \u00e0 commencer par un Siri AI | Vie Associative","isPartOf":{"@id":"https:\/\/vieassociative.be\/actualites\/#website"},"primaryImageOfPage":{"@id":"https:\/\/vieassociative.be\/actualites\/apple-a-trois-nouvelles-fonctionnalites-dia-en-preparation-a-commencer-par-un-siri-ai\/#primaryimage"},"image":{"@id":"https:\/\/vieassociative.be\/actualites\/apple-a-trois-nouvelles-fonctionnalites-dia-en-preparation-a-commencer-par-un-siri-ai\/#primaryimage"},"thumbnailUrl":"https:\/\/vieassociative.be\/actualites\/wp-content\/uploads\/2025\/11\/Apple-a-trois-nouvelles-fonctionnalites-dIA-en-preparation-a-commencer.jpg","datePublished":"2025-11-11T07:18:48+00:00","dateModified":"2025-11-11T07:18:48+00:00","breadcrumb":{"@id":"https:\/\/vieassociative.be\/actualites\/apple-a-trois-nouvelles-fonctionnalites-dia-en-preparation-a-commencer-par-un-siri-ai\/#breadcrumb"},"inLanguage":"fr-BE","potentialAction":[{"@type":"ReadAction","target":["https:\/\/vieassociative.be\/actualites\/apple-a-trois-nouvelles-fonctionnalites-dia-en-preparation-a-commencer-par-un-siri-ai\/"]}]},{"@type":"ImageObject","inLanguage":"fr-BE","@id":"https:\/\/vieassociative.be\/actualites\/apple-a-trois-nouvelles-fonctionnalites-dia-en-preparation-a-commencer-par-un-siri-ai\/#primaryimage","url":"https:\/\/vieassociative.be\/actualites\/wp-content\/uploads\/2025\/11\/Apple-a-trois-nouvelles-fonctionnalites-dIA-en-preparation-a-commencer.jpg","contentUrl":"https:\/\/vieassociative.be\/actualites\/wp-content\/uploads\/2025\/11\/Apple-a-trois-nouvelles-fonctionnalites-dIA-en-preparation-a-commencer.jpg","width":1200,"height":675,"caption":"Apple a trois nouvelles fonctionnalit\u00e9s d'IA en pr\u00e9paration, \u00e0 commencer par un Siri AI"},{"@type":"BreadcrumbList","@id":"https:\/\/vieassociative.be\/actualites\/apple-a-trois-nouvelles-fonctionnalites-dia-en-preparation-a-commencer-par-un-siri-ai\/#breadcrumb","itemListElement":[{"@type":"ListItem","position":1,"name":"Accueil","item":"https:\/\/vieassociative.be\/actualites\/"},{"@type":"ListItem","position":2,"name":"Apple a trois nouvelles fonctionnalit\u00e9s d&rsquo;IA en pr\u00e9paration, \u00e0 commencer par un Siri AI"}]},{"@type":"WebSite","@id":"https:\/\/vieassociative.be\/actualites\/#website","url":"https:\/\/vieassociative.be\/actualites\/","name":"Vie Associative","description":"","publisher":{"@id":"https:\/\/vieassociative.be\/actualites\/#organization"},"potentialAction":[{"@type":"SearchAction","target":{"@type":"EntryPoint","urlTemplate":"https:\/\/vieassociative.be\/actualites\/?s={search_term_string}"},"query-input":{"@type":"PropertyValueSpecification","valueRequired":true,"valueName":"search_term_string"}}],"inLanguage":"fr-BE"},{"@type":"Organization","@id":"https:\/\/vieassociative.be\/actualites\/#organization","name":"Vie Associative","url":"https:\/\/vieassociative.be\/actualites\/","logo":{"@type":"ImageObject","inLanguage":"fr-BE","@id":"https:\/\/vieassociative.be\/actualites\/#\/schema\/logo\/image\/","url":"https:\/\/vieassociative.be\/actualites\/wp-content\/uploads\/2024\/09\/cropped-vieassociative_favicon.ico.png","contentUrl":"https:\/\/vieassociative.be\/actualites\/wp-content\/uploads\/2024\/09\/cropped-vieassociative_favicon.ico.png","width":512,"height":512,"caption":"Vie Associative"},"image":{"@id":"https:\/\/vieassociative.be\/actualites\/#\/schema\/logo\/image\/"}},{"@type":"Person","@id":"https:\/\/vieassociative.be\/actualites\/#\/schema\/person\/b87ac4f82f9d4e7b7cec7395b679edc4","name":"Julien","image":{"@type":"ImageObject","inLanguage":"fr-BE","@id":"https:\/\/vieassociative.be\/actualites\/#\/schema\/person\/image\/","url":"https:\/\/vieassociative.be\/actualites\/wp-content\/uploads\/2024\/09\/vie-associative-1-150x150.jpg","contentUrl":"https:\/\/vieassociative.be\/actualites\/wp-content\/uploads\/2024\/09\/vie-associative-1-150x150.jpg","caption":"Julien"},"description":"Je suis Julien, r\u00e9dacteur pour Vie Associative. Passionn\u00e9 par le monde associatif depuis plus de 10 ans, j'ai \u00e0 c\u0153ur de partager des histoires inspirantes et de mettre en lumi\u00e8re les initiatives locales. Mon objectif est de sensibiliser et d'encourager l'engagement communautaire \u00e0 travers mes articles.","sameAs":["https:\/\/vieassociative.be\/"]}]}},"_links":{"self":[{"href":"https:\/\/vieassociative.be\/actualites\/wp-json\/wp\/v2\/posts\/11241"}],"collection":[{"href":"https:\/\/vieassociative.be\/actualites\/wp-json\/wp\/v2\/posts"}],"about":[{"href":"https:\/\/vieassociative.be\/actualites\/wp-json\/wp\/v2\/types\/post"}],"author":[{"embeddable":true,"href":"https:\/\/vieassociative.be\/actualites\/wp-json\/wp\/v2\/users\/1"}],"replies":[{"embeddable":true,"href":"https:\/\/vieassociative.be\/actualites\/wp-json\/wp\/v2\/comments?post=11241"}],"version-history":[{"count":0,"href":"https:\/\/vieassociative.be\/actualites\/wp-json\/wp\/v2\/posts\/11241\/revisions"}],"wp:featuredmedia":[{"embeddable":true,"href":"https:\/\/vieassociative.be\/actualites\/wp-json\/wp\/v2\/media\/11242"}],"wp:attachment":[{"href":"https:\/\/vieassociative.be\/actualites\/wp-json\/wp\/v2\/media?parent=11241"}],"wp:term":[{"taxonomy":"category","embeddable":true,"href":"https:\/\/vieassociative.be\/actualites\/wp-json\/wp\/v2\/categories?post=11241"},{"taxonomy":"post_tag","embeddable":true,"href":"https:\/\/vieassociative.be\/actualites\/wp-json\/wp\/v2\/tags?post=11241"}],"curies":[{"name":"wp","href":"https:\/\/api.w.org\/{rel}","templated":true}]}}