{"id":11233,"date":"2025-11-10T21:17:35","date_gmt":"2025-11-10T20:17:35","guid":{"rendered":"https:\/\/vieassociative.be\/actualites\/apres-la-victoire-3-0-de-manchester-city-face-a-liverpool-la-presse-anglaise-celebre-le-dribbleur-jeremy-doku\/"},"modified":"2025-11-10T21:17:35","modified_gmt":"2025-11-10T20:17:35","slug":"apres-la-victoire-3-0-de-manchester-city-face-a-liverpool-la-presse-anglaise-celebre-le-dribbleur-jeremy-doku","status":"publish","type":"post","link":"https:\/\/vieassociative.be\/actualites\/apres-la-victoire-3-0-de-manchester-city-face-a-liverpool-la-presse-anglaise-celebre-le-dribbleur-jeremy-doku\/","title":{"rendered":"Apr\u00e8s la victoire 3-0 de Manchester City face \u00e0 Liverpool : la presse anglaise c\u00e9l\u00e8bre le dribbleur J\u00e9r\u00e9my Doku"},"content":{"rendered":"<p><strong>Dans le pass\u00e9, certains Diables Rouges sont devenus des joueurs de classe mondiale en Angleterre : Vincent Kompany, Eden Hazard, Kevin De Bruyne, Thibaut Courtois et Romelu Lukaku. D\u00e9sormais, un autre international belge inspire la Premier League : J\u00e9r\u00e9my Doku.<\/strong><\/p>\n<p><span id=\"more-429354\"><\/span>Apr\u00e8s la victoire 3-0 de Manchester City contre le Liverpool FC, le Belge \u00e9tait le h\u00e9ros c\u00e9l\u00e9br\u00e9. Devant un Etihad Stadium bond\u00e9, Doku a \u00e9t\u00e9 \u00e9lu Homme du Match.<\/p>\n<p>Avec plus de dix dribbles et dix duels gagn\u00e9s ainsi que plus de trois occasions cr\u00e9\u00e9es et trois tirs au but, Doku s&rsquo;est \u00e9galement plac\u00e9 en bonne compagnie : le dernier joueur \u00e0 y parvenir \u00e9tait la superstar de la Premier League de l&rsquo;\u00e9poque, Eden Hazard, en 2019.<\/p>\n<p>Tout comme Kompany et Lukaku, Doku est originaire du centre de performance du RSC Anderlecht \u00e0 Neerpede. L&rsquo;Anversois Doku a tr\u00e8s t\u00f4t attir\u00e9 l&rsquo;attention des recruteurs des meilleurs clubs. Le RSC Anderlecht a senti qu&rsquo;il d\u00e9tenait un autre joyau et a prolong\u00e9 en f\u00e9vrier 2020 le contrat de Doku jusqu&rsquo;\u00e0 l&rsquo;\u00e9t\u00e9 2022.<\/p>\n<div id=\"attachment_429368\" class=\"wp-caption alignleft\" style=\"max-width: 300px\"><img fetchpriority=\"high\" decoding=\"async\" class=\"wp-image-429368 size-medium\" src=\"https:\/\/vieassociative.be\/actualites\/wp-content\/uploads\/2025\/11\/Apres-la-victoire-3-0-de-Manchester-City-face-a-Liverpool.jpg\" alt=\"\" width=\"300\" height=\"200\"><\/div>\n<p>D\u00e9j\u00e0 en octobre 2022, alors que les champions belges de moins en moins titr\u00e9s avaient un besoin urgent d&rsquo;argent, Doku a \u00e9t\u00e9 vendu au club fran\u00e7ais de premi\u00e8re division du Stade Rennais pour 26,5 millions d&rsquo;euros vers la fin de la p\u00e9riode de transfert, qui a \u00e9t\u00e9 prolong\u00e9e en raison de la pand\u00e9mie de Covid. Il s&rsquo;agit de la somme la plus \u00e9lev\u00e9e que le RSC Anderlecht ait jamais re\u00e7ue pour un joueur.<\/p>\n<p>L&rsquo;ailier dribbleur rapide et puissant a longtemps \u00e9t\u00e9 sujet aux blessures. N\u00e9anmoins, l&rsquo;entra\u00eeneur de l&rsquo;\u00e9quipe nationale belge de l&rsquo;\u00e9poque, Roberto Martinez, l&rsquo;a appel\u00e9 dans l&rsquo;\u00e9quipe des Diables Rouges pour la Coupe du monde 2022 au Qatar. Mais il n\u2019y a \u00e9t\u00e9 utilis\u00e9 que lors du troisi\u00e8me match. Apr\u00e8s la phase de groupes, la Belgique a \u00e9t\u00e9 \u00e9limin\u00e9e.<\/p>\n<p>En ao\u00fbt 2023, Doku a d\u00e9m\u00e9nag\u00e9 \u00e0 Manchester City pour la somme impressionnante de 60 millions d&rsquo;euros. Depuis, il n&rsquo;a cess\u00e9 de progresser au sein de l&rsquo;\u00e9quipe dirig\u00e9e par l&rsquo;entra\u00eeneur vedette Pep Guardiola, ce qui a \u00e9galement profit\u00e9 \u00e0 l&rsquo;\u00e9quipe nationale belge. A 23 ans, Doku est en passe de devenir l\u2019une des figures embl\u00e9matiques de la nouvelle g\u00e9n\u00e9ration des Diables Rouges.<\/p>\n<p>Dimanche, Doku a probablement jou\u00e9 son meilleur match jusqu&rsquo;\u00e0 pr\u00e9sent pour les \u00ab Citizens \u00bb lors de la victoire 3-0 contre le Liverpool FC. Le lendemain, le Belge \u00e9tait un h\u00e9ros c\u00e9l\u00e9br\u00e9 dans la presse anglaise.<\/p>\n<p>\u00ab\u00a0Il \u00e9tait tout simplement imparable\u00a0\u00bb, a comment\u00e9 Sky Sports. \u00ab\u00a0Chaque fois qu&rsquo;il touchait le ballon, la sonnette d&rsquo;alarme retentissait.\u00a0\u00bb Doku a provoqu\u00e9 un penalty dans les premi\u00e8res minutes, qu&rsquo;Erling Haaland a manqu\u00e9, a cr\u00e9\u00e9 de nombreuses occasions de marquer et a couronn\u00e9 sa soir\u00e9e avec un magnifique but pour porter le score \u00e0 3-0. La cha\u00eene britannique lui a attribu\u00e9 une note exceptionnelle de 9 sur 10, tandis que SofaScore lui a m\u00eame valu la note de 9,5.<\/p>\n<div id=\"attachment_424058\" class=\"wp-caption alignleft\" style=\"max-width: 300px\"><img decoding=\"async\" class=\"wp-image-424058 size-medium\" src=\"https:\/\/vieassociative.be\/actualites\/wp-content\/uploads\/2025\/09\/Une-autre-victoire-6-0-Red-Devil-effectue-egalement-un-bref.jpg\" alt=\"\" width=\"300\" height=\"200\"><\/div>\n<p>\u00ab CBS Sports \u00bb a \u00e9galement \u00e9t\u00e9 impressionn\u00e9 par le Belge. \u00ab\u00a0C&rsquo;est l&rsquo;une des performances les plus impressionnantes que nous ayons jamais vues en Premier League.\u00a0\u00bb \u00c0 quinze minutes de la fin, Doku a re\u00e7u une standing ovation au stade Etihad en quittant le terrain. \u00ab Un Homme du Match plus que m\u00e9ritant \u00bb, a r\u00e9sum\u00e9 le m\u00e9dia anglais.<\/p>\n<p>\u00ab\u00a0Doku \u00e9tait \u00e9lectrisant et impr\u00e9visible\u00a0\u00bb, \u00e9crit The Guardian : \u00ab\u00a0Un m\u00e9lange de dribbles et d&rsquo;acc\u00e9l\u00e9rations rapides. Son 3-0 \u00e9tait un joyau. Chaque fois qu&rsquo;il touchait le ballon, Liverpool paniquait.\u00a0\u00bb<\/p>\n<p>\u00ab The Sun \u00bb a salu\u00e9 la performance. \u00ab\u00a0Il a \u00e9t\u00e9 la v\u00e9ritable star du match. D\u00e8s la premi\u00e8re minute, il a \u00e9t\u00e9 fantastique. Lorsqu&rsquo;il a scell\u00e9 la victoire d&rsquo;un magnifique tir, Guardiola a lev\u00e9 le poing de joie.\u00a0\u00bb<\/p>\n<p>Cette saison, Doku a fait d&rsquo;\u00e9normes progr\u00e8s. Apr\u00e8s son chef-d\u2019\u0153uvre, il est rest\u00e9 humble. \u00ab\u00a0C&rsquo;est agr\u00e9able de bien jouer dans les grands matchs\u00a0\u00bb, a-t-il d\u00e9clar\u00e9 avec le sourire. \u00ab\u00a0Je suis content de ma performance, mais encore plus de celle de l&rsquo;\u00e9quipe. Cela me donne confiance en moi.\u00a0\u00bb<\/p>\n<p>L&rsquo;ancien attaquant du Liverpool FC Daniel Sturridge a d\u00e9clar\u00e9 : \u00ab\u00a0Doku s&rsquo;est tellement d\u00e9velopp\u00e9 cette saison. Il est direct, explosif et sa vitesse dans les premiers m\u00e8tres est exceptionnelle. Il causera des probl\u00e8mes \u00e0 n&rsquo;importe quel d\u00e9fenseur qu&rsquo;il affronte.\u00a0\u00bb<\/p>\n<p>Bien s\u00fbr, la presse belge n&rsquo;a pas manqu\u00e9 non plus de compliments lundi. Le quotidien \u00ab La Derni\u00e8re Heure \u2013 Les Sports \u00bb a vu \u00ab un J\u00e9r\u00e9my Doku en mode Eden Hazard \u00bb face \u00e0 Liverpool. (cr\u00e9er)<\/p>\n<p><em><strong>Sur le sujet, voir aussi l&rsquo;article suivant sur l&rsquo;OD :<\/strong><\/em><\/p>\n<div class=\"responsive-embed widescreen\">\n<blockquote class=\"wp-embedded-content\" data-secret=\"OcRkAkJhbr\">\n<p>Kompany est la fiert\u00e9 de la Belgique (interjection)<\/p>\n<\/blockquote>\n<p><iframe loading=\"lazy\" class=\"wp-embedded-content\" sandbox=\"allow-scripts\" security=\"restricted\" style=\"position: absolute; visibility: hidden;\" title=\"\u201eKompany ist der Stolz von Belgien (Zwischenruf)\u201c \u2014 Ostbelgien Direkt\" src=\"https:\/\/ostbelgiendirekt.be\/about:blank\" data-secret=\"OcRkAkJhbr\" width=\"500\" height=\"282\" frameborder=\"0\" marginwidth=\"0\" marginheight=\"0\" scrolling=\"no\" data-rocket-lazyload=\"fitvidscompatible\" data-lazy-src=\"https:\/\/ostbelgiendirekt.be\/kompany-stolz-von-belgien-429160\/embed#?secret=iGvPRVMFua#?secret=OcRkAkJhbr\"><\/iframe><noscript><iframe class=\"wp-embedded-content\" sandbox=\"allow-scripts\" security=\"restricted\" style=\"position: absolute; visibility: hidden;\" title=\"\u201eKompany ist der Stolz von Belgien (Zwischenruf)\u201c \u2014 Ostbelgien Direkt\" src=\"https:\/\/ostbelgiendirekt.be\/kompany-stolz-von-belgien-429160\/embed#?secret=iGvPRVMFua#?secret=OcRkAkJhbr\" data-secret=\"OcRkAkJhbr\" width=\"500\" height=\"282\" frameborder=\"0\" marginwidth=\"0\" marginheight=\"0\" scrolling=\"no\"><\/iframe><\/noscript><\/p>\n<\/div>\n","protected":false},"excerpt":{"rendered":"<p>Dans le pass\u00e9, certains Diables Rouges sont devenus des joueurs de classe mondiale en Angleterre : Vincent Kompany, Eden Hazard, Kevin De Bruyne, Thibaut Courtois<\/p>\n","protected":false},"author":1,"featured_media":11234,"comment_status":"","ping_status":"","sticky":false,"template":"","format":"standard","meta":{"footnotes":""},"categories":[298],"tags":[9206,472,3843,745,9209,9207,733,9208,877,2820,4842,784],"class_list":["post-11233","post","type-post","status-publish","format-standard","has-post-thumbnail","hentry","category-belgique","tag-anglaise","tag-apres","tag-celebre","tag-city","tag-doku","tag-dribbleur","tag-face","tag-jeremy","tag-liverpool","tag-manchester","tag-presse","tag-victoire","generate-columns","tablet-grid-50","mobile-grid-100","grid-parent","grid-33"],"yoast_head":"<!-- This site is optimized with the Yoast SEO plugin v24.0 - https:\/\/yoast.com\/wordpress\/plugins\/seo\/ -->\n<title>Apr\u00e8s la victoire 3-0 de Manchester City face \u00e0 Liverpool : la presse anglaise c\u00e9l\u00e8bre le dribbleur J\u00e9r\u00e9my Doku | Vie Associative<\/title>\n<meta name=\"robots\" content=\"index, follow, max-snippet:-1, max-image-preview:large, max-video-preview:-1\" \/>\n<link rel=\"canonical\" href=\"https:\/\/vieassociative.be\/actualites\/apres-la-victoire-3-0-de-manchester-city-face-a-liverpool-la-presse-anglaise-celebre-le-dribbleur-jeremy-doku\/\" \/>\n<meta property=\"og:locale\" content=\"fr_FR\" \/>\n<meta property=\"og:type\" content=\"article\" \/>\n<meta property=\"og:title\" content=\"Apr\u00e8s la victoire 3-0 de Manchester City face \u00e0 Liverpool : la presse anglaise c\u00e9l\u00e8bre le dribbleur J\u00e9r\u00e9my Doku | Vie Associative\" \/>\n<meta property=\"og:description\" content=\"Dans le pass\u00e9, certains Diables Rouges sont devenus des joueurs de classe mondiale en Angleterre : Vincent Kompany, Eden Hazard, Kevin De Bruyne, Thibaut Courtois\" \/>\n<meta property=\"og:url\" content=\"https:\/\/vieassociative.be\/actualites\/apres-la-victoire-3-0-de-manchester-city-face-a-liverpool-la-presse-anglaise-celebre-le-dribbleur-jeremy-doku\/\" \/>\n<meta property=\"og:site_name\" content=\"Vie Associative\" \/>\n<meta property=\"article:published_time\" content=\"2025-11-10T20:17:35+00:00\" \/>\n<meta property=\"og:image\" content=\"https:\/\/vieassociative.be\/actualites\/wp-content\/uploads\/2024\/09\/header_backgroundk-01-e1726694325946.png\" \/>\n\t<meta property=\"og:image:width\" content=\"279\" \/>\n\t<meta property=\"og:image:height\" content=\"92\" \/>\n\t<meta property=\"og:image:type\" content=\"image\/png\" \/>\n<meta name=\"author\" content=\"Julien\" \/>\n<meta name=\"twitter:card\" content=\"summary_large_image\" \/>\n<meta name=\"twitter:label1\" content=\"\u00c9crit par\" \/>\n\t<meta name=\"twitter:data1\" content=\"Julien\" \/>\n\t<meta name=\"twitter:label2\" content=\"Dur\u00e9e de lecture est.\" \/>\n\t<meta name=\"twitter:data2\" content=\"4 minutes\" \/>\n<script type=\"application\/ld+json\" class=\"yoast-schema-graph\">{\"@context\":\"https:\/\/schema.org\",\"@graph\":[{\"@type\":\"Article\",\"@id\":\"https:\/\/vieassociative.be\/actualites\/apres-la-victoire-3-0-de-manchester-city-face-a-liverpool-la-presse-anglaise-celebre-le-dribbleur-jeremy-doku\/#article\",\"isPartOf\":{\"@id\":\"https:\/\/vieassociative.be\/actualites\/apres-la-victoire-3-0-de-manchester-city-face-a-liverpool-la-presse-anglaise-celebre-le-dribbleur-jeremy-doku\/\"},\"author\":{\"name\":\"Julien\",\"@id\":\"https:\/\/vieassociative.be\/actualites\/#\/schema\/person\/b87ac4f82f9d4e7b7cec7395b679edc4\"},\"headline\":\"Apr\u00e8s la victoire 3-0 de Manchester City face \u00e0 Liverpool : la presse anglaise c\u00e9l\u00e8bre le dribbleur J\u00e9r\u00e9my Doku\",\"datePublished\":\"2025-11-10T20:17:35+00:00\",\"dateModified\":\"2025-11-10T20:17:35+00:00\",\"mainEntityOfPage\":{\"@id\":\"https:\/\/vieassociative.be\/actualites\/apres-la-victoire-3-0-de-manchester-city-face-a-liverpool-la-presse-anglaise-celebre-le-dribbleur-jeremy-doku\/\"},\"wordCount\":837,\"publisher\":{\"@id\":\"https:\/\/vieassociative.be\/actualites\/#organization\"},\"image\":{\"@id\":\"https:\/\/vieassociative.be\/actualites\/apres-la-victoire-3-0-de-manchester-city-face-a-liverpool-la-presse-anglaise-celebre-le-dribbleur-jeremy-doku\/#primaryimage\"},\"thumbnailUrl\":\"https:\/\/vieassociative.be\/actualites\/wp-content\/uploads\/2025\/11\/1762805855_Apres-la-victoire-3-0-de-Manchester-City-face-a-Liverpool.jpg\",\"keywords\":[\"anglaise\",\"Apr\u00e8s\",\"c\u00e9l\u00e8bre\",\"City\",\"Doku\",\"dribbleur\",\"face\",\"J\u00e9r\u00e9my\",\"Liverpool\",\"Manchester\",\"presse\",\"victoire\"],\"articleSection\":[\"Belgique\"],\"inLanguage\":\"fr-BE\"},{\"@type\":\"WebPage\",\"@id\":\"https:\/\/vieassociative.be\/actualites\/apres-la-victoire-3-0-de-manchester-city-face-a-liverpool-la-presse-anglaise-celebre-le-dribbleur-jeremy-doku\/\",\"url\":\"https:\/\/vieassociative.be\/actualites\/apres-la-victoire-3-0-de-manchester-city-face-a-liverpool-la-presse-anglaise-celebre-le-dribbleur-jeremy-doku\/\",\"name\":\"Apr\u00e8s la victoire 3-0 de Manchester City face \u00e0 Liverpool : la presse anglaise c\u00e9l\u00e8bre le dribbleur J\u00e9r\u00e9my Doku | Vie Associative\",\"isPartOf\":{\"@id\":\"https:\/\/vieassociative.be\/actualites\/#website\"},\"primaryImageOfPage\":{\"@id\":\"https:\/\/vieassociative.be\/actualites\/apres-la-victoire-3-0-de-manchester-city-face-a-liverpool-la-presse-anglaise-celebre-le-dribbleur-jeremy-doku\/#primaryimage\"},\"image\":{\"@id\":\"https:\/\/vieassociative.be\/actualites\/apres-la-victoire-3-0-de-manchester-city-face-a-liverpool-la-presse-anglaise-celebre-le-dribbleur-jeremy-doku\/#primaryimage\"},\"thumbnailUrl\":\"https:\/\/vieassociative.be\/actualites\/wp-content\/uploads\/2025\/11\/1762805855_Apres-la-victoire-3-0-de-Manchester-City-face-a-Liverpool.jpg\",\"datePublished\":\"2025-11-10T20:17:35+00:00\",\"dateModified\":\"2025-11-10T20:17:35+00:00\",\"breadcrumb\":{\"@id\":\"https:\/\/vieassociative.be\/actualites\/apres-la-victoire-3-0-de-manchester-city-face-a-liverpool-la-presse-anglaise-celebre-le-dribbleur-jeremy-doku\/#breadcrumb\"},\"inLanguage\":\"fr-BE\",\"potentialAction\":[{\"@type\":\"ReadAction\",\"target\":[\"https:\/\/vieassociative.be\/actualites\/apres-la-victoire-3-0-de-manchester-city-face-a-liverpool-la-presse-anglaise-celebre-le-dribbleur-jeremy-doku\/\"]}]},{\"@type\":\"ImageObject\",\"inLanguage\":\"fr-BE\",\"@id\":\"https:\/\/vieassociative.be\/actualites\/apres-la-victoire-3-0-de-manchester-city-face-a-liverpool-la-presse-anglaise-celebre-le-dribbleur-jeremy-doku\/#primaryimage\",\"url\":\"https:\/\/vieassociative.be\/actualites\/wp-content\/uploads\/2025\/11\/1762805855_Apres-la-victoire-3-0-de-Manchester-City-face-a-Liverpool.jpg\",\"contentUrl\":\"https:\/\/vieassociative.be\/actualites\/wp-content\/uploads\/2025\/11\/1762805855_Apres-la-victoire-3-0-de-Manchester-City-face-a-Liverpool.jpg\",\"width\":1200,\"height\":800,\"caption\":\"Apr\u00e8s la victoire 3-0 de Manchester City face \u00e0 Liverpool : la presse anglaise c\u00e9l\u00e8bre le dribbleur J\u00e9r\u00e9my Doku\"},{\"@type\":\"BreadcrumbList\",\"@id\":\"https:\/\/vieassociative.be\/actualites\/apres-la-victoire-3-0-de-manchester-city-face-a-liverpool-la-presse-anglaise-celebre-le-dribbleur-jeremy-doku\/#breadcrumb\",\"itemListElement\":[{\"@type\":\"ListItem\",\"position\":1,\"name\":\"Accueil\",\"item\":\"https:\/\/vieassociative.be\/actualites\/\"},{\"@type\":\"ListItem\",\"position\":2,\"name\":\"Apr\u00e8s la victoire 3-0 de Manchester City face \u00e0 Liverpool : la presse anglaise c\u00e9l\u00e8bre le dribbleur J\u00e9r\u00e9my Doku\"}]},{\"@type\":\"WebSite\",\"@id\":\"https:\/\/vieassociative.be\/actualites\/#website\",\"url\":\"https:\/\/vieassociative.be\/actualites\/\",\"name\":\"Vie Associative\",\"description\":\"\",\"publisher\":{\"@id\":\"https:\/\/vieassociative.be\/actualites\/#organization\"},\"potentialAction\":[{\"@type\":\"SearchAction\",\"target\":{\"@type\":\"EntryPoint\",\"urlTemplate\":\"https:\/\/vieassociative.be\/actualites\/?s={search_term_string}\"},\"query-input\":{\"@type\":\"PropertyValueSpecification\",\"valueRequired\":true,\"valueName\":\"search_term_string\"}}],\"inLanguage\":\"fr-BE\"},{\"@type\":\"Organization\",\"@id\":\"https:\/\/vieassociative.be\/actualites\/#organization\",\"name\":\"Vie Associative\",\"url\":\"https:\/\/vieassociative.be\/actualites\/\",\"logo\":{\"@type\":\"ImageObject\",\"inLanguage\":\"fr-BE\",\"@id\":\"https:\/\/vieassociative.be\/actualites\/#\/schema\/logo\/image\/\",\"url\":\"https:\/\/vieassociative.be\/actualites\/wp-content\/uploads\/2024\/09\/cropped-vieassociative_favicon.ico.png\",\"contentUrl\":\"https:\/\/vieassociative.be\/actualites\/wp-content\/uploads\/2024\/09\/cropped-vieassociative_favicon.ico.png\",\"width\":512,\"height\":512,\"caption\":\"Vie Associative\"},\"image\":{\"@id\":\"https:\/\/vieassociative.be\/actualites\/#\/schema\/logo\/image\/\"}},{\"@type\":\"Person\",\"@id\":\"https:\/\/vieassociative.be\/actualites\/#\/schema\/person\/b87ac4f82f9d4e7b7cec7395b679edc4\",\"name\":\"Julien\",\"image\":{\"@type\":\"ImageObject\",\"inLanguage\":\"fr-BE\",\"@id\":\"https:\/\/vieassociative.be\/actualites\/#\/schema\/person\/image\/\",\"url\":\"https:\/\/vieassociative.be\/actualites\/wp-content\/uploads\/2024\/09\/vie-associative-1-150x150.jpg\",\"contentUrl\":\"https:\/\/vieassociative.be\/actualites\/wp-content\/uploads\/2024\/09\/vie-associative-1-150x150.jpg\",\"caption\":\"Julien\"},\"description\":\"Je suis Julien, r\u00e9dacteur pour Vie Associative. Passionn\u00e9 par le monde associatif depuis plus de 10 ans, j'ai \u00e0 c\u0153ur de partager des histoires inspirantes et de mettre en lumi\u00e8re les initiatives locales. Mon objectif est de sensibiliser et d'encourager l'engagement communautaire \u00e0 travers mes articles.\",\"sameAs\":[\"https:\/\/vieassociative.be\/\"]}]}<\/script>\n<!-- \/ Yoast SEO plugin. -->","yoast_head_json":{"title":"Apr\u00e8s la victoire 3-0 de Manchester City face \u00e0 Liverpool : la presse anglaise c\u00e9l\u00e8bre le dribbleur J\u00e9r\u00e9my Doku | Vie Associative","robots":{"index":"index","follow":"follow","max-snippet":"max-snippet:-1","max-image-preview":"max-image-preview:large","max-video-preview":"max-video-preview:-1"},"canonical":"https:\/\/vieassociative.be\/actualites\/apres-la-victoire-3-0-de-manchester-city-face-a-liverpool-la-presse-anglaise-celebre-le-dribbleur-jeremy-doku\/","og_locale":"fr_FR","og_type":"article","og_title":"Apr\u00e8s la victoire 3-0 de Manchester City face \u00e0 Liverpool : la presse anglaise c\u00e9l\u00e8bre le dribbleur J\u00e9r\u00e9my Doku | Vie Associative","og_description":"Dans le pass\u00e9, certains Diables Rouges sont devenus des joueurs de classe mondiale en Angleterre : Vincent Kompany, Eden Hazard, Kevin De Bruyne, Thibaut Courtois","og_url":"https:\/\/vieassociative.be\/actualites\/apres-la-victoire-3-0-de-manchester-city-face-a-liverpool-la-presse-anglaise-celebre-le-dribbleur-jeremy-doku\/","og_site_name":"Vie Associative","article_published_time":"2025-11-10T20:17:35+00:00","og_image":[{"width":279,"height":92,"url":"https:\/\/vieassociative.be\/actualites\/wp-content\/uploads\/2024\/09\/header_backgroundk-01-e1726694325946.png","type":"image\/png"}],"author":"Julien","twitter_card":"summary_large_image","twitter_misc":{"\u00c9crit par":"Julien","Dur\u00e9e de lecture est.":"4 minutes"},"schema":{"@context":"https:\/\/schema.org","@graph":[{"@type":"Article","@id":"https:\/\/vieassociative.be\/actualites\/apres-la-victoire-3-0-de-manchester-city-face-a-liverpool-la-presse-anglaise-celebre-le-dribbleur-jeremy-doku\/#article","isPartOf":{"@id":"https:\/\/vieassociative.be\/actualites\/apres-la-victoire-3-0-de-manchester-city-face-a-liverpool-la-presse-anglaise-celebre-le-dribbleur-jeremy-doku\/"},"author":{"name":"Julien","@id":"https:\/\/vieassociative.be\/actualites\/#\/schema\/person\/b87ac4f82f9d4e7b7cec7395b679edc4"},"headline":"Apr\u00e8s la victoire 3-0 de Manchester City face \u00e0 Liverpool : la presse anglaise c\u00e9l\u00e8bre le dribbleur J\u00e9r\u00e9my Doku","datePublished":"2025-11-10T20:17:35+00:00","dateModified":"2025-11-10T20:17:35+00:00","mainEntityOfPage":{"@id":"https:\/\/vieassociative.be\/actualites\/apres-la-victoire-3-0-de-manchester-city-face-a-liverpool-la-presse-anglaise-celebre-le-dribbleur-jeremy-doku\/"},"wordCount":837,"publisher":{"@id":"https:\/\/vieassociative.be\/actualites\/#organization"},"image":{"@id":"https:\/\/vieassociative.be\/actualites\/apres-la-victoire-3-0-de-manchester-city-face-a-liverpool-la-presse-anglaise-celebre-le-dribbleur-jeremy-doku\/#primaryimage"},"thumbnailUrl":"https:\/\/vieassociative.be\/actualites\/wp-content\/uploads\/2025\/11\/1762805855_Apres-la-victoire-3-0-de-Manchester-City-face-a-Liverpool.jpg","keywords":["anglaise","Apr\u00e8s","c\u00e9l\u00e8bre","City","Doku","dribbleur","face","J\u00e9r\u00e9my","Liverpool","Manchester","presse","victoire"],"articleSection":["Belgique"],"inLanguage":"fr-BE"},{"@type":"WebPage","@id":"https:\/\/vieassociative.be\/actualites\/apres-la-victoire-3-0-de-manchester-city-face-a-liverpool-la-presse-anglaise-celebre-le-dribbleur-jeremy-doku\/","url":"https:\/\/vieassociative.be\/actualites\/apres-la-victoire-3-0-de-manchester-city-face-a-liverpool-la-presse-anglaise-celebre-le-dribbleur-jeremy-doku\/","name":"Apr\u00e8s la victoire 3-0 de Manchester City face \u00e0 Liverpool : la presse anglaise c\u00e9l\u00e8bre le dribbleur J\u00e9r\u00e9my Doku | Vie Associative","isPartOf":{"@id":"https:\/\/vieassociative.be\/actualites\/#website"},"primaryImageOfPage":{"@id":"https:\/\/vieassociative.be\/actualites\/apres-la-victoire-3-0-de-manchester-city-face-a-liverpool-la-presse-anglaise-celebre-le-dribbleur-jeremy-doku\/#primaryimage"},"image":{"@id":"https:\/\/vieassociative.be\/actualites\/apres-la-victoire-3-0-de-manchester-city-face-a-liverpool-la-presse-anglaise-celebre-le-dribbleur-jeremy-doku\/#primaryimage"},"thumbnailUrl":"https:\/\/vieassociative.be\/actualites\/wp-content\/uploads\/2025\/11\/1762805855_Apres-la-victoire-3-0-de-Manchester-City-face-a-Liverpool.jpg","datePublished":"2025-11-10T20:17:35+00:00","dateModified":"2025-11-10T20:17:35+00:00","breadcrumb":{"@id":"https:\/\/vieassociative.be\/actualites\/apres-la-victoire-3-0-de-manchester-city-face-a-liverpool-la-presse-anglaise-celebre-le-dribbleur-jeremy-doku\/#breadcrumb"},"inLanguage":"fr-BE","potentialAction":[{"@type":"ReadAction","target":["https:\/\/vieassociative.be\/actualites\/apres-la-victoire-3-0-de-manchester-city-face-a-liverpool-la-presse-anglaise-celebre-le-dribbleur-jeremy-doku\/"]}]},{"@type":"ImageObject","inLanguage":"fr-BE","@id":"https:\/\/vieassociative.be\/actualites\/apres-la-victoire-3-0-de-manchester-city-face-a-liverpool-la-presse-anglaise-celebre-le-dribbleur-jeremy-doku\/#primaryimage","url":"https:\/\/vieassociative.be\/actualites\/wp-content\/uploads\/2025\/11\/1762805855_Apres-la-victoire-3-0-de-Manchester-City-face-a-Liverpool.jpg","contentUrl":"https:\/\/vieassociative.be\/actualites\/wp-content\/uploads\/2025\/11\/1762805855_Apres-la-victoire-3-0-de-Manchester-City-face-a-Liverpool.jpg","width":1200,"height":800,"caption":"Apr\u00e8s la victoire 3-0 de Manchester City face \u00e0 Liverpool : la presse anglaise c\u00e9l\u00e8bre le dribbleur J\u00e9r\u00e9my Doku"},{"@type":"BreadcrumbList","@id":"https:\/\/vieassociative.be\/actualites\/apres-la-victoire-3-0-de-manchester-city-face-a-liverpool-la-presse-anglaise-celebre-le-dribbleur-jeremy-doku\/#breadcrumb","itemListElement":[{"@type":"ListItem","position":1,"name":"Accueil","item":"https:\/\/vieassociative.be\/actualites\/"},{"@type":"ListItem","position":2,"name":"Apr\u00e8s la victoire 3-0 de Manchester City face \u00e0 Liverpool : la presse anglaise c\u00e9l\u00e8bre le dribbleur J\u00e9r\u00e9my Doku"}]},{"@type":"WebSite","@id":"https:\/\/vieassociative.be\/actualites\/#website","url":"https:\/\/vieassociative.be\/actualites\/","name":"Vie Associative","description":"","publisher":{"@id":"https:\/\/vieassociative.be\/actualites\/#organization"},"potentialAction":[{"@type":"SearchAction","target":{"@type":"EntryPoint","urlTemplate":"https:\/\/vieassociative.be\/actualites\/?s={search_term_string}"},"query-input":{"@type":"PropertyValueSpecification","valueRequired":true,"valueName":"search_term_string"}}],"inLanguage":"fr-BE"},{"@type":"Organization","@id":"https:\/\/vieassociative.be\/actualites\/#organization","name":"Vie Associative","url":"https:\/\/vieassociative.be\/actualites\/","logo":{"@type":"ImageObject","inLanguage":"fr-BE","@id":"https:\/\/vieassociative.be\/actualites\/#\/schema\/logo\/image\/","url":"https:\/\/vieassociative.be\/actualites\/wp-content\/uploads\/2024\/09\/cropped-vieassociative_favicon.ico.png","contentUrl":"https:\/\/vieassociative.be\/actualites\/wp-content\/uploads\/2024\/09\/cropped-vieassociative_favicon.ico.png","width":512,"height":512,"caption":"Vie Associative"},"image":{"@id":"https:\/\/vieassociative.be\/actualites\/#\/schema\/logo\/image\/"}},{"@type":"Person","@id":"https:\/\/vieassociative.be\/actualites\/#\/schema\/person\/b87ac4f82f9d4e7b7cec7395b679edc4","name":"Julien","image":{"@type":"ImageObject","inLanguage":"fr-BE","@id":"https:\/\/vieassociative.be\/actualites\/#\/schema\/person\/image\/","url":"https:\/\/vieassociative.be\/actualites\/wp-content\/uploads\/2024\/09\/vie-associative-1-150x150.jpg","contentUrl":"https:\/\/vieassociative.be\/actualites\/wp-content\/uploads\/2024\/09\/vie-associative-1-150x150.jpg","caption":"Julien"},"description":"Je suis Julien, r\u00e9dacteur pour Vie Associative. Passionn\u00e9 par le monde associatif depuis plus de 10 ans, j'ai \u00e0 c\u0153ur de partager des histoires inspirantes et de mettre en lumi\u00e8re les initiatives locales. Mon objectif est de sensibiliser et d'encourager l'engagement communautaire \u00e0 travers mes articles.","sameAs":["https:\/\/vieassociative.be\/"]}]}},"_links":{"self":[{"href":"https:\/\/vieassociative.be\/actualites\/wp-json\/wp\/v2\/posts\/11233"}],"collection":[{"href":"https:\/\/vieassociative.be\/actualites\/wp-json\/wp\/v2\/posts"}],"about":[{"href":"https:\/\/vieassociative.be\/actualites\/wp-json\/wp\/v2\/types\/post"}],"author":[{"embeddable":true,"href":"https:\/\/vieassociative.be\/actualites\/wp-json\/wp\/v2\/users\/1"}],"replies":[{"embeddable":true,"href":"https:\/\/vieassociative.be\/actualites\/wp-json\/wp\/v2\/comments?post=11233"}],"version-history":[{"count":0,"href":"https:\/\/vieassociative.be\/actualites\/wp-json\/wp\/v2\/posts\/11233\/revisions"}],"wp:featuredmedia":[{"embeddable":true,"href":"https:\/\/vieassociative.be\/actualites\/wp-json\/wp\/v2\/media\/11234"}],"wp:attachment":[{"href":"https:\/\/vieassociative.be\/actualites\/wp-json\/wp\/v2\/media?parent=11233"}],"wp:term":[{"taxonomy":"category","embeddable":true,"href":"https:\/\/vieassociative.be\/actualites\/wp-json\/wp\/v2\/categories?post=11233"},{"taxonomy":"post_tag","embeddable":true,"href":"https:\/\/vieassociative.be\/actualites\/wp-json\/wp\/v2\/tags?post=11233"}],"curies":[{"name":"wp","href":"https:\/\/api.w.org\/{rel}","templated":true}]}}