{"id":11231,"date":"2025-11-10T20:17:42","date_gmt":"2025-11-10T19:17:42","guid":{"rendered":"https:\/\/vieassociative.be\/actualites\/les-utilisateurs-de-windows-11-beneficieront-dune-refonte-majeure-du-menu-demarrer-cette-semaine\/"},"modified":"2025-11-10T20:17:42","modified_gmt":"2025-11-10T19:17:42","slug":"les-utilisateurs-de-windows-11-beneficieront-dune-refonte-majeure-du-menu-demarrer-cette-semaine","status":"publish","type":"post","link":"https:\/\/vieassociative.be\/actualites\/les-utilisateurs-de-windows-11-beneficieront-dune-refonte-majeure-du-menu-demarrer-cette-semaine\/","title":{"rendered":"Les utilisateurs de Windows 11 b\u00e9n\u00e9ficieront d&rsquo;une refonte majeure du menu D\u00e9marrer cette semaine"},"content":{"rendered":"<div class=\"mt-4 leading-6 md:mb-8\">Le nouveau menu D\u00e9marrer est ici.<\/div>\n<p><\/p>\n<p>Les utilisateurs de Windows 11 b\u00e9n\u00e9ficient cette semaine d\u2019une refonte tant attendue du menu D\u00e9marrer. Bien que les fonctionnalit\u00e9s soient disponibles en version b\u00eata depuis un certain temps, Microsoft d\u00e9ploie l&rsquo;interface mise \u00e0 jour pour tout le monde parall\u00e8lement au Patch Tuesday de novembre. <\/p>\n<h2 id=\"whats-new-with-the-windows-11-start-menu\">Quoi de neuf avec le menu D\u00e9marrer de Windows 11 <\/h2>\n<p>Le menu D\u00e9marrer sera d\u00e9sormais d\u00e9roulant, afin que vous puissiez voir toutes vos applications sur la page d&rsquo;accueil au lieu de devoir cliquer <strong>Toutes les applications<\/strong> pour ouvrir une page s\u00e9par\u00e9e. Sous les applications et recommandations \u00e9pingl\u00e9es, Microsoft classera d\u00e9sormais automatiquement les applications similaires en groupes (le groupe Productivit\u00e9 peut inclure vos navigateurs et la suite Microsoft 365, par exemple) et placera les applications restantes sous Autre. Les cat\u00e9gories sont cr\u00e9\u00e9es avec trois applications similaires ou plus. Pour le moment, Microsoft ne permet pas de personnaliser le v\u00f4tre. Ce sera la vue par d\u00e9faut apr\u00e8s la mise \u00e0 jour, bien que vous puissiez revenir \u00e0 la vue en grille avec les applications r\u00e9pertori\u00e9es de A \u00e0 Z. <\/p>\n<p>Le nouveau menu D\u00e9marrer s&rsquo;adaptera \u00e9galement \u00e0 votre \u00e9cran : les \u00e9crans plus grands afficheront par d\u00e9faut huit colonnes d&rsquo;applications \u00e9pingl\u00e9es, six recommandations et quatre colonnes de cat\u00e9gories. Si votre \u00e9cran est plus petit, le menu se r\u00e9duira \u00e0 six colonnes d&rsquo;applications \u00e9pingl\u00e9es, quatre recommandations et trois colonnes de cat\u00e9gories. Vous pouvez \u00e9galement d\u00e9sactiver les recommandations, ce qui vous permettra de voir plus d&rsquo;applications install\u00e9es dans le menu D\u00e9marrer sans avoir besoin de faire d\u00e9filer. Vous trouverez cette option sous <strong>Param\u00e8tres > Personnalisation > D\u00e9marrer<\/strong>.<\/p>\n<div class=\"mx-auto mb-12 mt-5 w-full max-w-3xl rounded-md border-2 border-gray-100 p-3 shadow-md md:px-7 md:pb-7 md:pt-5\" id=\"related-video\">\n<div class=\"mb-3 flex items-center md:mb-5\">\n        <img decoding=\"async\" class=\"mr-4 mt-0 h-10 w-10 md:mr-5 md:h-12 md:w-12\" src=\"https:\/\/vieassociative.be\/actualites\/wp-content\/uploads\/2025\/09\/1757726237_608_Meta-pourrait-devoiler-une-montre-intelligente-pour-controler-ses-lunettes.jpg\" alt=\"Logo du pirate de la vie\"><\/p><\/div>\n<div class=\"aspect-video w-full overflow-hidden rounded-md\">\n<div id=\"video-container-01K9QJNYMTE026YPAKW3D0GH8J\"><\/div>\n<\/p><\/div>\n<\/div>\n<p>En plus du menu D\u00e9marrer am\u00e9lior\u00e9, les utilisateurs de Windows 11 verront \u00e9galement une poign\u00e9e d&rsquo;autres mises \u00e0 jour ce Patch Tuesday. L&rsquo;ic\u00f4ne de la batterie aura d\u00e9sormais un affichage de pourcentage et un indicateur de couleur en option, et l&rsquo;Explorateur de fichiers aura une section Recommand\u00e9e sur la page d&rsquo;accueil \u00e0 la place de l&rsquo;acc\u00e8s rapide. Voice Access et Click to Do ont \u00e9galement des fonctionnalit\u00e9s am\u00e9lior\u00e9es.  <\/p>\n<p>Vous n&rsquo;avez pas besoin de r\u00e9installer Windows pour obtenir la refonte du menu D\u00e9marrer. Assurez-vous simplement que votre syst\u00e8me est configur\u00e9 pour rechercher automatiquement les mises \u00e0 jour d\u00e8s qu&rsquo;elles sont disponibles. <\/p>\n","protected":false},"excerpt":{"rendered":"<p>Le nouveau menu D\u00e9marrer est ici. Les utilisateurs de Windows 11 b\u00e9n\u00e9ficient cette semaine d\u2019une refonte tant attendue du menu D\u00e9marrer. Bien que les fonctionnalit\u00e9s<\/p>\n","protected":false},"author":1,"featured_media":11232,"comment_status":"","ping_status":"","sticky":false,"template":"","format":"standard","meta":{"footnotes":""},"categories":[13],"tags":[9204,206,991,698,14,2075,6254,9205,1348,4335,171],"class_list":["post-11231","post","type-post","status-publish","format-standard","has-post-thumbnail","hentry","category-technologie","tag-beneficieront","tag-cette","tag-demarrer","tag-dune","tag-les","tag-majeure","tag-menu","tag-refonte","tag-semaine","tag-utilisateurs","tag-windows","generate-columns","tablet-grid-50","mobile-grid-100","grid-parent","grid-33"],"yoast_head":"<!-- This site is optimized with the Yoast SEO plugin v24.0 - https:\/\/yoast.com\/wordpress\/plugins\/seo\/ -->\n<title>Les utilisateurs de Windows 11 b\u00e9n\u00e9ficieront d&#039;une refonte majeure du menu D\u00e9marrer cette semaine | Vie Associative<\/title>\n<meta name=\"robots\" content=\"index, follow, max-snippet:-1, max-image-preview:large, max-video-preview:-1\" \/>\n<link rel=\"canonical\" href=\"https:\/\/vieassociative.be\/actualites\/les-utilisateurs-de-windows-11-beneficieront-dune-refonte-majeure-du-menu-demarrer-cette-semaine\/\" \/>\n<meta property=\"og:locale\" content=\"fr_FR\" \/>\n<meta property=\"og:type\" content=\"article\" \/>\n<meta property=\"og:title\" content=\"Les utilisateurs de Windows 11 b\u00e9n\u00e9ficieront d&#039;une refonte majeure du menu D\u00e9marrer cette semaine | Vie Associative\" \/>\n<meta property=\"og:description\" content=\"Le nouveau menu D\u00e9marrer est ici. Les utilisateurs de Windows 11 b\u00e9n\u00e9ficient cette semaine d\u2019une refonte tant attendue du menu D\u00e9marrer. Bien que les fonctionnalit\u00e9s\" \/>\n<meta property=\"og:url\" content=\"https:\/\/vieassociative.be\/actualites\/les-utilisateurs-de-windows-11-beneficieront-dune-refonte-majeure-du-menu-demarrer-cette-semaine\/\" \/>\n<meta property=\"og:site_name\" content=\"Vie Associative\" \/>\n<meta property=\"article:published_time\" content=\"2025-11-10T19:17:42+00:00\" \/>\n<meta property=\"og:image\" content=\"https:\/\/vieassociative.be\/actualites\/wp-content\/uploads\/2025\/09\/1757726237_608_Meta-pourrait-devoiler-une-montre-intelligente-pour-controler-ses-lunettes.jpg\" \/>\n<meta name=\"author\" content=\"Julien\" \/>\n<meta name=\"twitter:card\" content=\"summary_large_image\" \/>\n<meta name=\"twitter:label1\" content=\"\u00c9crit par\" \/>\n\t<meta name=\"twitter:data1\" content=\"Julien\" \/>\n\t<meta name=\"twitter:label2\" content=\"Dur\u00e9e de lecture est.\" \/>\n\t<meta name=\"twitter:data2\" content=\"2 minutes\" \/>\n<script type=\"application\/ld+json\" class=\"yoast-schema-graph\">{\"@context\":\"https:\/\/schema.org\",\"@graph\":[{\"@type\":\"Article\",\"@id\":\"https:\/\/vieassociative.be\/actualites\/les-utilisateurs-de-windows-11-beneficieront-dune-refonte-majeure-du-menu-demarrer-cette-semaine\/#article\",\"isPartOf\":{\"@id\":\"https:\/\/vieassociative.be\/actualites\/les-utilisateurs-de-windows-11-beneficieront-dune-refonte-majeure-du-menu-demarrer-cette-semaine\/\"},\"author\":{\"name\":\"Julien\",\"@id\":\"https:\/\/vieassociative.be\/actualites\/#\/schema\/person\/b87ac4f82f9d4e7b7cec7395b679edc4\"},\"headline\":\"Les utilisateurs de Windows 11 b\u00e9n\u00e9ficieront d&rsquo;une refonte majeure du menu D\u00e9marrer cette semaine\",\"datePublished\":\"2025-11-10T19:17:42+00:00\",\"dateModified\":\"2025-11-10T19:17:42+00:00\",\"mainEntityOfPage\":{\"@id\":\"https:\/\/vieassociative.be\/actualites\/les-utilisateurs-de-windows-11-beneficieront-dune-refonte-majeure-du-menu-demarrer-cette-semaine\/\"},\"wordCount\":427,\"publisher\":{\"@id\":\"https:\/\/vieassociative.be\/actualites\/#organization\"},\"image\":{\"@id\":\"https:\/\/vieassociative.be\/actualites\/les-utilisateurs-de-windows-11-beneficieront-dune-refonte-majeure-du-menu-demarrer-cette-semaine\/#primaryimage\"},\"thumbnailUrl\":\"https:\/\/vieassociative.be\/actualites\/wp-content\/uploads\/2025\/11\/Les-utilisateurs-de-Windows-11-beneficieront-dune-refonte-majeure-du.jpg\",\"keywords\":[\"b\u00e9n\u00e9ficieront\",\"cette\",\"d\u00e9marrer\",\"dune\",\"Les\",\"majeure\",\"menu\",\"refonte\",\"semaine\",\"utilisateurs\",\"Windows\"],\"articleSection\":[\"Technologie\"],\"inLanguage\":\"fr-BE\"},{\"@type\":\"WebPage\",\"@id\":\"https:\/\/vieassociative.be\/actualites\/les-utilisateurs-de-windows-11-beneficieront-dune-refonte-majeure-du-menu-demarrer-cette-semaine\/\",\"url\":\"https:\/\/vieassociative.be\/actualites\/les-utilisateurs-de-windows-11-beneficieront-dune-refonte-majeure-du-menu-demarrer-cette-semaine\/\",\"name\":\"Les utilisateurs de Windows 11 b\u00e9n\u00e9ficieront d'une refonte majeure du menu D\u00e9marrer cette semaine | Vie Associative\",\"isPartOf\":{\"@id\":\"https:\/\/vieassociative.be\/actualites\/#website\"},\"primaryImageOfPage\":{\"@id\":\"https:\/\/vieassociative.be\/actualites\/les-utilisateurs-de-windows-11-beneficieront-dune-refonte-majeure-du-menu-demarrer-cette-semaine\/#primaryimage\"},\"image\":{\"@id\":\"https:\/\/vieassociative.be\/actualites\/les-utilisateurs-de-windows-11-beneficieront-dune-refonte-majeure-du-menu-demarrer-cette-semaine\/#primaryimage\"},\"thumbnailUrl\":\"https:\/\/vieassociative.be\/actualites\/wp-content\/uploads\/2025\/11\/Les-utilisateurs-de-Windows-11-beneficieront-dune-refonte-majeure-du.jpg\",\"datePublished\":\"2025-11-10T19:17:42+00:00\",\"dateModified\":\"2025-11-10T19:17:42+00:00\",\"breadcrumb\":{\"@id\":\"https:\/\/vieassociative.be\/actualites\/les-utilisateurs-de-windows-11-beneficieront-dune-refonte-majeure-du-menu-demarrer-cette-semaine\/#breadcrumb\"},\"inLanguage\":\"fr-BE\",\"potentialAction\":[{\"@type\":\"ReadAction\",\"target\":[\"https:\/\/vieassociative.be\/actualites\/les-utilisateurs-de-windows-11-beneficieront-dune-refonte-majeure-du-menu-demarrer-cette-semaine\/\"]}]},{\"@type\":\"ImageObject\",\"inLanguage\":\"fr-BE\",\"@id\":\"https:\/\/vieassociative.be\/actualites\/les-utilisateurs-de-windows-11-beneficieront-dune-refonte-majeure-du-menu-demarrer-cette-semaine\/#primaryimage\",\"url\":\"https:\/\/vieassociative.be\/actualites\/wp-content\/uploads\/2025\/11\/Les-utilisateurs-de-Windows-11-beneficieront-dune-refonte-majeure-du.jpg\",\"contentUrl\":\"https:\/\/vieassociative.be\/actualites\/wp-content\/uploads\/2025\/11\/Les-utilisateurs-de-Windows-11-beneficieront-dune-refonte-majeure-du.jpg\",\"width\":1200,\"height\":675,\"caption\":\"Les utilisateurs de Windows 11 b\u00e9n\u00e9ficieront d'une refonte majeure du menu D\u00e9marrer cette semaine\"},{\"@type\":\"BreadcrumbList\",\"@id\":\"https:\/\/vieassociative.be\/actualites\/les-utilisateurs-de-windows-11-beneficieront-dune-refonte-majeure-du-menu-demarrer-cette-semaine\/#breadcrumb\",\"itemListElement\":[{\"@type\":\"ListItem\",\"position\":1,\"name\":\"Accueil\",\"item\":\"https:\/\/vieassociative.be\/actualites\/\"},{\"@type\":\"ListItem\",\"position\":2,\"name\":\"Les utilisateurs de Windows 11 b\u00e9n\u00e9ficieront d&rsquo;une refonte majeure du menu D\u00e9marrer cette semaine\"}]},{\"@type\":\"WebSite\",\"@id\":\"https:\/\/vieassociative.be\/actualites\/#website\",\"url\":\"https:\/\/vieassociative.be\/actualites\/\",\"name\":\"Vie Associative\",\"description\":\"\",\"publisher\":{\"@id\":\"https:\/\/vieassociative.be\/actualites\/#organization\"},\"potentialAction\":[{\"@type\":\"SearchAction\",\"target\":{\"@type\":\"EntryPoint\",\"urlTemplate\":\"https:\/\/vieassociative.be\/actualites\/?s={search_term_string}\"},\"query-input\":{\"@type\":\"PropertyValueSpecification\",\"valueRequired\":true,\"valueName\":\"search_term_string\"}}],\"inLanguage\":\"fr-BE\"},{\"@type\":\"Organization\",\"@id\":\"https:\/\/vieassociative.be\/actualites\/#organization\",\"name\":\"Vie Associative\",\"url\":\"https:\/\/vieassociative.be\/actualites\/\",\"logo\":{\"@type\":\"ImageObject\",\"inLanguage\":\"fr-BE\",\"@id\":\"https:\/\/vieassociative.be\/actualites\/#\/schema\/logo\/image\/\",\"url\":\"https:\/\/vieassociative.be\/actualites\/wp-content\/uploads\/2024\/09\/cropped-vieassociative_favicon.ico.png\",\"contentUrl\":\"https:\/\/vieassociative.be\/actualites\/wp-content\/uploads\/2024\/09\/cropped-vieassociative_favicon.ico.png\",\"width\":512,\"height\":512,\"caption\":\"Vie Associative\"},\"image\":{\"@id\":\"https:\/\/vieassociative.be\/actualites\/#\/schema\/logo\/image\/\"}},{\"@type\":\"Person\",\"@id\":\"https:\/\/vieassociative.be\/actualites\/#\/schema\/person\/b87ac4f82f9d4e7b7cec7395b679edc4\",\"name\":\"Julien\",\"image\":{\"@type\":\"ImageObject\",\"inLanguage\":\"fr-BE\",\"@id\":\"https:\/\/vieassociative.be\/actualites\/#\/schema\/person\/image\/\",\"url\":\"https:\/\/vieassociative.be\/actualites\/wp-content\/uploads\/2024\/09\/vie-associative-1-150x150.jpg\",\"contentUrl\":\"https:\/\/vieassociative.be\/actualites\/wp-content\/uploads\/2024\/09\/vie-associative-1-150x150.jpg\",\"caption\":\"Julien\"},\"description\":\"Je suis Julien, r\u00e9dacteur pour Vie Associative. Passionn\u00e9 par le monde associatif depuis plus de 10 ans, j'ai \u00e0 c\u0153ur de partager des histoires inspirantes et de mettre en lumi\u00e8re les initiatives locales. Mon objectif est de sensibiliser et d'encourager l'engagement communautaire \u00e0 travers mes articles.\",\"sameAs\":[\"https:\/\/vieassociative.be\/\"]}]}<\/script>\n<!-- \/ Yoast SEO plugin. -->","yoast_head_json":{"title":"Les utilisateurs de Windows 11 b\u00e9n\u00e9ficieront d'une refonte majeure du menu D\u00e9marrer cette semaine | Vie Associative","robots":{"index":"index","follow":"follow","max-snippet":"max-snippet:-1","max-image-preview":"max-image-preview:large","max-video-preview":"max-video-preview:-1"},"canonical":"https:\/\/vieassociative.be\/actualites\/les-utilisateurs-de-windows-11-beneficieront-dune-refonte-majeure-du-menu-demarrer-cette-semaine\/","og_locale":"fr_FR","og_type":"article","og_title":"Les utilisateurs de Windows 11 b\u00e9n\u00e9ficieront d'une refonte majeure du menu D\u00e9marrer cette semaine | Vie Associative","og_description":"Le nouveau menu D\u00e9marrer est ici. Les utilisateurs de Windows 11 b\u00e9n\u00e9ficient cette semaine d\u2019une refonte tant attendue du menu D\u00e9marrer. Bien que les fonctionnalit\u00e9s","og_url":"https:\/\/vieassociative.be\/actualites\/les-utilisateurs-de-windows-11-beneficieront-dune-refonte-majeure-du-menu-demarrer-cette-semaine\/","og_site_name":"Vie Associative","article_published_time":"2025-11-10T19:17:42+00:00","og_image":[{"url":"https:\/\/vieassociative.be\/actualites\/wp-content\/uploads\/2025\/09\/1757726237_608_Meta-pourrait-devoiler-une-montre-intelligente-pour-controler-ses-lunettes.jpg","type":"","width":"","height":""}],"author":"Julien","twitter_card":"summary_large_image","twitter_misc":{"\u00c9crit par":"Julien","Dur\u00e9e de lecture est.":"2 minutes"},"schema":{"@context":"https:\/\/schema.org","@graph":[{"@type":"Article","@id":"https:\/\/vieassociative.be\/actualites\/les-utilisateurs-de-windows-11-beneficieront-dune-refonte-majeure-du-menu-demarrer-cette-semaine\/#article","isPartOf":{"@id":"https:\/\/vieassociative.be\/actualites\/les-utilisateurs-de-windows-11-beneficieront-dune-refonte-majeure-du-menu-demarrer-cette-semaine\/"},"author":{"name":"Julien","@id":"https:\/\/vieassociative.be\/actualites\/#\/schema\/person\/b87ac4f82f9d4e7b7cec7395b679edc4"},"headline":"Les utilisateurs de Windows 11 b\u00e9n\u00e9ficieront d&rsquo;une refonte majeure du menu D\u00e9marrer cette semaine","datePublished":"2025-11-10T19:17:42+00:00","dateModified":"2025-11-10T19:17:42+00:00","mainEntityOfPage":{"@id":"https:\/\/vieassociative.be\/actualites\/les-utilisateurs-de-windows-11-beneficieront-dune-refonte-majeure-du-menu-demarrer-cette-semaine\/"},"wordCount":427,"publisher":{"@id":"https:\/\/vieassociative.be\/actualites\/#organization"},"image":{"@id":"https:\/\/vieassociative.be\/actualites\/les-utilisateurs-de-windows-11-beneficieront-dune-refonte-majeure-du-menu-demarrer-cette-semaine\/#primaryimage"},"thumbnailUrl":"https:\/\/vieassociative.be\/actualites\/wp-content\/uploads\/2025\/11\/Les-utilisateurs-de-Windows-11-beneficieront-dune-refonte-majeure-du.jpg","keywords":["b\u00e9n\u00e9ficieront","cette","d\u00e9marrer","dune","Les","majeure","menu","refonte","semaine","utilisateurs","Windows"],"articleSection":["Technologie"],"inLanguage":"fr-BE"},{"@type":"WebPage","@id":"https:\/\/vieassociative.be\/actualites\/les-utilisateurs-de-windows-11-beneficieront-dune-refonte-majeure-du-menu-demarrer-cette-semaine\/","url":"https:\/\/vieassociative.be\/actualites\/les-utilisateurs-de-windows-11-beneficieront-dune-refonte-majeure-du-menu-demarrer-cette-semaine\/","name":"Les utilisateurs de Windows 11 b\u00e9n\u00e9ficieront d'une refonte majeure du menu D\u00e9marrer cette semaine | Vie Associative","isPartOf":{"@id":"https:\/\/vieassociative.be\/actualites\/#website"},"primaryImageOfPage":{"@id":"https:\/\/vieassociative.be\/actualites\/les-utilisateurs-de-windows-11-beneficieront-dune-refonte-majeure-du-menu-demarrer-cette-semaine\/#primaryimage"},"image":{"@id":"https:\/\/vieassociative.be\/actualites\/les-utilisateurs-de-windows-11-beneficieront-dune-refonte-majeure-du-menu-demarrer-cette-semaine\/#primaryimage"},"thumbnailUrl":"https:\/\/vieassociative.be\/actualites\/wp-content\/uploads\/2025\/11\/Les-utilisateurs-de-Windows-11-beneficieront-dune-refonte-majeure-du.jpg","datePublished":"2025-11-10T19:17:42+00:00","dateModified":"2025-11-10T19:17:42+00:00","breadcrumb":{"@id":"https:\/\/vieassociative.be\/actualites\/les-utilisateurs-de-windows-11-beneficieront-dune-refonte-majeure-du-menu-demarrer-cette-semaine\/#breadcrumb"},"inLanguage":"fr-BE","potentialAction":[{"@type":"ReadAction","target":["https:\/\/vieassociative.be\/actualites\/les-utilisateurs-de-windows-11-beneficieront-dune-refonte-majeure-du-menu-demarrer-cette-semaine\/"]}]},{"@type":"ImageObject","inLanguage":"fr-BE","@id":"https:\/\/vieassociative.be\/actualites\/les-utilisateurs-de-windows-11-beneficieront-dune-refonte-majeure-du-menu-demarrer-cette-semaine\/#primaryimage","url":"https:\/\/vieassociative.be\/actualites\/wp-content\/uploads\/2025\/11\/Les-utilisateurs-de-Windows-11-beneficieront-dune-refonte-majeure-du.jpg","contentUrl":"https:\/\/vieassociative.be\/actualites\/wp-content\/uploads\/2025\/11\/Les-utilisateurs-de-Windows-11-beneficieront-dune-refonte-majeure-du.jpg","width":1200,"height":675,"caption":"Les utilisateurs de Windows 11 b\u00e9n\u00e9ficieront d'une refonte majeure du menu D\u00e9marrer cette semaine"},{"@type":"BreadcrumbList","@id":"https:\/\/vieassociative.be\/actualites\/les-utilisateurs-de-windows-11-beneficieront-dune-refonte-majeure-du-menu-demarrer-cette-semaine\/#breadcrumb","itemListElement":[{"@type":"ListItem","position":1,"name":"Accueil","item":"https:\/\/vieassociative.be\/actualites\/"},{"@type":"ListItem","position":2,"name":"Les utilisateurs de Windows 11 b\u00e9n\u00e9ficieront d&rsquo;une refonte majeure du menu D\u00e9marrer cette semaine"}]},{"@type":"WebSite","@id":"https:\/\/vieassociative.be\/actualites\/#website","url":"https:\/\/vieassociative.be\/actualites\/","name":"Vie Associative","description":"","publisher":{"@id":"https:\/\/vieassociative.be\/actualites\/#organization"},"potentialAction":[{"@type":"SearchAction","target":{"@type":"EntryPoint","urlTemplate":"https:\/\/vieassociative.be\/actualites\/?s={search_term_string}"},"query-input":{"@type":"PropertyValueSpecification","valueRequired":true,"valueName":"search_term_string"}}],"inLanguage":"fr-BE"},{"@type":"Organization","@id":"https:\/\/vieassociative.be\/actualites\/#organization","name":"Vie Associative","url":"https:\/\/vieassociative.be\/actualites\/","logo":{"@type":"ImageObject","inLanguage":"fr-BE","@id":"https:\/\/vieassociative.be\/actualites\/#\/schema\/logo\/image\/","url":"https:\/\/vieassociative.be\/actualites\/wp-content\/uploads\/2024\/09\/cropped-vieassociative_favicon.ico.png","contentUrl":"https:\/\/vieassociative.be\/actualites\/wp-content\/uploads\/2024\/09\/cropped-vieassociative_favicon.ico.png","width":512,"height":512,"caption":"Vie Associative"},"image":{"@id":"https:\/\/vieassociative.be\/actualites\/#\/schema\/logo\/image\/"}},{"@type":"Person","@id":"https:\/\/vieassociative.be\/actualites\/#\/schema\/person\/b87ac4f82f9d4e7b7cec7395b679edc4","name":"Julien","image":{"@type":"ImageObject","inLanguage":"fr-BE","@id":"https:\/\/vieassociative.be\/actualites\/#\/schema\/person\/image\/","url":"https:\/\/vieassociative.be\/actualites\/wp-content\/uploads\/2024\/09\/vie-associative-1-150x150.jpg","contentUrl":"https:\/\/vieassociative.be\/actualites\/wp-content\/uploads\/2024\/09\/vie-associative-1-150x150.jpg","caption":"Julien"},"description":"Je suis Julien, r\u00e9dacteur pour Vie Associative. Passionn\u00e9 par le monde associatif depuis plus de 10 ans, j'ai \u00e0 c\u0153ur de partager des histoires inspirantes et de mettre en lumi\u00e8re les initiatives locales. Mon objectif est de sensibiliser et d'encourager l'engagement communautaire \u00e0 travers mes articles.","sameAs":["https:\/\/vieassociative.be\/"]}]}},"_links":{"self":[{"href":"https:\/\/vieassociative.be\/actualites\/wp-json\/wp\/v2\/posts\/11231"}],"collection":[{"href":"https:\/\/vieassociative.be\/actualites\/wp-json\/wp\/v2\/posts"}],"about":[{"href":"https:\/\/vieassociative.be\/actualites\/wp-json\/wp\/v2\/types\/post"}],"author":[{"embeddable":true,"href":"https:\/\/vieassociative.be\/actualites\/wp-json\/wp\/v2\/users\/1"}],"replies":[{"embeddable":true,"href":"https:\/\/vieassociative.be\/actualites\/wp-json\/wp\/v2\/comments?post=11231"}],"version-history":[{"count":0,"href":"https:\/\/vieassociative.be\/actualites\/wp-json\/wp\/v2\/posts\/11231\/revisions"}],"wp:featuredmedia":[{"embeddable":true,"href":"https:\/\/vieassociative.be\/actualites\/wp-json\/wp\/v2\/media\/11232"}],"wp:attachment":[{"href":"https:\/\/vieassociative.be\/actualites\/wp-json\/wp\/v2\/media?parent=11231"}],"wp:term":[{"taxonomy":"category","embeddable":true,"href":"https:\/\/vieassociative.be\/actualites\/wp-json\/wp\/v2\/categories?post=11231"},{"taxonomy":"post_tag","embeddable":true,"href":"https:\/\/vieassociative.be\/actualites\/wp-json\/wp\/v2\/tags?post=11231"}],"curies":[{"name":"wp","href":"https:\/\/api.w.org\/{rel}","templated":true}]}}