{"id":11228,"date":"2025-11-10T15:18:51","date_gmt":"2025-11-10T14:18:51","guid":{"rendered":"https:\/\/vieassociative.be\/actualites\/operation-policiere-a-grande-echelle-au-debut-du-carnaval-de-cologne-interdiction-des-couteaux-si-vous-voulez-celebrer-le-carnaval-vous-navez-pas-besoin-de-couteau\/"},"modified":"2025-11-10T15:18:51","modified_gmt":"2025-11-10T14:18:51","slug":"operation-policiere-a-grande-echelle-au-debut-du-carnaval-de-cologne-interdiction-des-couteaux-si-vous-voulez-celebrer-le-carnaval-vous-navez-pas-besoin-de-couteau","status":"publish","type":"post","link":"https:\/\/vieassociative.be\/actualites\/operation-policiere-a-grande-echelle-au-debut-du-carnaval-de-cologne-interdiction-des-couteaux-si-vous-voulez-celebrer-le-carnaval-vous-navez-pas-besoin-de-couteau\/","title":{"rendered":"Op\u00e9ration polici\u00e8re \u00e0 grande \u00e9chelle au d\u00e9but du carnaval de Cologne &#8211; interdiction des couteaux : \u00ab\u00a0Si vous voulez c\u00e9l\u00e9brer le carnaval, vous n&rsquo;avez pas besoin de couteau\u00a0\u00bb"},"content":{"rendered":"<p><strong>Mardi, au d\u00e9but du carnaval, des dizaines de milliers de personnes costum\u00e9es feront \u00e0 nouveau la f\u00eate \u00e0 Cologne. La police et le service de l&rsquo;ordre public sont \u00e0 grande \u00e9chelle.<\/strong><\/p>\n<p><span id=\"more-429326\"><\/span>La police et les forces de l&rsquo;ordre de Cologne se pr\u00e9parent au d\u00e9but du carnaval le 11 novembre. pour une ru\u00e9e de f\u00eatards. Selon ses propres informations, la police comptera plus de 1 000 agents de service, qui seront pr\u00e9sents d\u00e8s le matin dans les points chauds tels que le quartier \u00e9tudiant et la vieille ville.<\/p>\n<div id=\"attachment_367573\" class=\"wp-caption alignleft\" style=\"max-width: 300px\"><img fetchpriority=\"high\" decoding=\"async\" class=\"wp-image-367573 size-medium\" src=\"https:\/\/vieassociative.be\/actualites\/wp-content\/uploads\/2025\/11\/Operation-policiere-a-grande-echelle-au-debut-du-carnaval-de.jpg\" alt=\"\" width=\"300\" height=\"200\"><\/div>\n<p>\u00ab\u00a0La police de Cologne fera sa part pour que les nombreuses personnes puissent c\u00e9l\u00e9brer en toute s\u00e9curit\u00e9 et dans la joie\u00a0\u00bb, a d\u00e9clar\u00e9 la responsable des op\u00e9rations Mareike de Valck. Malgr\u00e9 la situation s\u00e9curitaire tendue dans le monde entier, il n\u2019existe actuellement aucune preuve d\u2019une menace sp\u00e9cifique. Comme les ann\u00e9es pr\u00e9c\u00e9dentes, la synagogue situ\u00e9e pr\u00e8s du quartier de Z\u00fclpich b\u00e9n\u00e9ficiera d&rsquo;une protection particuli\u00e8re.<\/p>\n<p>Les couteaux sont interdits lors des carnavals de rue. Quiconque enfreint cette r\u00e8gle doit s&rsquo;attendre \u00e0 une plainte p\u00e9nale et \u00e0 une amende pouvant aller jusqu&rsquo;\u00e0 10 000 euros. Les fonctionnaires proc\u00e9deraient \u00e0 des contr\u00f4les cibl\u00e9s des personnes et des sacs.<\/p>\n<p>\u00ab\u00a0Si vous voulez c\u00e9l\u00e9brer le Carnaval, vous n&rsquo;avez pas besoin d&rsquo;un couteau. Surtout \u00e0 mesure que le taux d&rsquo;alcool augmente, avoir un couteau \u00e0 port\u00e9e de main cr\u00e9e des risques incalculables\u00a0\u00bb, a soulign\u00e9 de Valck. Les armes factices sont \u00e9galement taboues, \u00ab car elles s\u00e8ment la peur et provoquent des r\u00e9actions de la part de la police \u00bb.<\/p>\n<p>Outre les policiers, environ 450 agents des services de l&rsquo;ordre public seront en d\u00e9placement. Selon la ville, ils sont appuy\u00e9s par 1.200 employ\u00e9s de services de s\u00e9curit\u00e9 priv\u00e9s qui sont, entre autres, charg\u00e9s de v\u00e9rifier le respect de l&rsquo;interdiction du verre. (dpa)<\/p>\n","protected":false},"excerpt":{"rendered":"<p>Mardi, au d\u00e9but du carnaval, des dizaines de milliers de personnes costum\u00e9es feront \u00e0 nouveau la f\u00eate \u00e0 Cologne. La police et le service de<\/p>\n","protected":false},"author":1,"featured_media":11229,"comment_status":"","ping_status":"","sticky":false,"template":"","format":"standard","meta":{"footnotes":""},"categories":[298],"tags":[259,3049,696,7071,4556,4388,359,29,6151,1787,3574,2204,5477,126,4869,1075,4],"class_list":["post-11228","post","type-post","status-publish","format-standard","has-post-thumbnail","hentry","category-belgique","tag-besoin","tag-carnaval","tag-celebrer","tag-cologne","tag-couteau","tag-couteaux","tag-debut","tag-des","tag-echelle","tag-grande","tag-interdiction","tag-navez","tag-operation","tag-pas","tag-policiere","tag-voulez","tag-vous","generate-columns","tablet-grid-50","mobile-grid-100","grid-parent","grid-33"],"yoast_head":"<!-- This site is optimized with the Yoast SEO plugin v24.0 - https:\/\/yoast.com\/wordpress\/plugins\/seo\/ -->\n<title>Op\u00e9ration polici\u00e8re \u00e0 grande \u00e9chelle au d\u00e9but du carnaval de Cologne - interdiction des couteaux : &quot;Si vous voulez c\u00e9l\u00e9brer le carnaval, vous n&#039;avez pas besoin de couteau&quot; | Vie Associative<\/title>\n<meta name=\"robots\" content=\"index, follow, max-snippet:-1, max-image-preview:large, max-video-preview:-1\" \/>\n<link rel=\"canonical\" href=\"https:\/\/vieassociative.be\/actualites\/operation-policiere-a-grande-echelle-au-debut-du-carnaval-de-cologne-interdiction-des-couteaux-si-vous-voulez-celebrer-le-carnaval-vous-navez-pas-besoin-de-couteau\/\" \/>\n<meta property=\"og:locale\" content=\"fr_FR\" \/>\n<meta property=\"og:type\" content=\"article\" \/>\n<meta property=\"og:title\" content=\"Op\u00e9ration polici\u00e8re \u00e0 grande \u00e9chelle au d\u00e9but du carnaval de Cologne - interdiction des couteaux : &quot;Si vous voulez c\u00e9l\u00e9brer le carnaval, vous n&#039;avez pas besoin de couteau&quot; | Vie Associative\" \/>\n<meta property=\"og:description\" content=\"Mardi, au d\u00e9but du carnaval, des dizaines de milliers de personnes costum\u00e9es feront \u00e0 nouveau la f\u00eate \u00e0 Cologne. La police et le service de\" \/>\n<meta property=\"og:url\" content=\"https:\/\/vieassociative.be\/actualites\/operation-policiere-a-grande-echelle-au-debut-du-carnaval-de-cologne-interdiction-des-couteaux-si-vous-voulez-celebrer-le-carnaval-vous-navez-pas-besoin-de-couteau\/\" \/>\n<meta property=\"og:site_name\" content=\"Vie Associative\" \/>\n<meta property=\"article:published_time\" content=\"2025-11-10T14:18:51+00:00\" \/>\n<meta property=\"og:image\" content=\"https:\/\/vieassociative.be\/actualites\/wp-content\/uploads\/2024\/09\/header_backgroundk-01-e1726694325946.png\" \/>\n\t<meta property=\"og:image:width\" content=\"279\" \/>\n\t<meta property=\"og:image:height\" content=\"92\" \/>\n\t<meta property=\"og:image:type\" content=\"image\/png\" \/>\n<meta name=\"author\" content=\"Julien\" \/>\n<meta name=\"twitter:card\" content=\"summary_large_image\" \/>\n<meta name=\"twitter:label1\" content=\"\u00c9crit par\" \/>\n\t<meta name=\"twitter:data1\" content=\"Julien\" \/>\n\t<meta name=\"twitter:label2\" content=\"Dur\u00e9e de lecture est.\" \/>\n\t<meta name=\"twitter:data2\" content=\"2 minutes\" \/>\n<script type=\"application\/ld+json\" class=\"yoast-schema-graph\">{\"@context\":\"https:\/\/schema.org\",\"@graph\":[{\"@type\":\"Article\",\"@id\":\"https:\/\/vieassociative.be\/actualites\/operation-policiere-a-grande-echelle-au-debut-du-carnaval-de-cologne-interdiction-des-couteaux-si-vous-voulez-celebrer-le-carnaval-vous-navez-pas-besoin-de-couteau\/#article\",\"isPartOf\":{\"@id\":\"https:\/\/vieassociative.be\/actualites\/operation-policiere-a-grande-echelle-au-debut-du-carnaval-de-cologne-interdiction-des-couteaux-si-vous-voulez-celebrer-le-carnaval-vous-navez-pas-besoin-de-couteau\/\"},\"author\":{\"name\":\"Julien\",\"@id\":\"https:\/\/vieassociative.be\/actualites\/#\/schema\/person\/b87ac4f82f9d4e7b7cec7395b679edc4\"},\"headline\":\"Op\u00e9ration polici\u00e8re \u00e0 grande \u00e9chelle au d\u00e9but du carnaval de Cologne &#8211; interdiction des couteaux : \u00ab\u00a0Si vous voulez c\u00e9l\u00e9brer le carnaval, vous n&rsquo;avez pas besoin de couteau\u00a0\u00bb\",\"datePublished\":\"2025-11-10T14:18:51+00:00\",\"dateModified\":\"2025-11-10T14:18:51+00:00\",\"mainEntityOfPage\":{\"@id\":\"https:\/\/vieassociative.be\/actualites\/operation-policiere-a-grande-echelle-au-debut-du-carnaval-de-cologne-interdiction-des-couteaux-si-vous-voulez-celebrer-le-carnaval-vous-navez-pas-besoin-de-couteau\/\"},\"wordCount\":360,\"publisher\":{\"@id\":\"https:\/\/vieassociative.be\/actualites\/#organization\"},\"image\":{\"@id\":\"https:\/\/vieassociative.be\/actualites\/operation-policiere-a-grande-echelle-au-debut-du-carnaval-de-cologne-interdiction-des-couteaux-si-vous-voulez-celebrer-le-carnaval-vous-navez-pas-besoin-de-couteau\/#primaryimage\"},\"thumbnailUrl\":\"https:\/\/vieassociative.be\/actualites\/wp-content\/uploads\/2025\/11\/1762784331_Operation-policiere-a-grande-echelle-au-debut-du-carnaval-de.jpg\",\"keywords\":[\"besoin\",\"carnaval\",\"c\u00e9l\u00e9brer\",\"Cologne\",\"couteau\",\"couteaux\",\"D\u00e9but\",\"Des\",\"\u00e9chelle\",\"grande\",\"Interdiction\",\"navez\",\"op\u00e9ration\",\"pas\",\"polici\u00e8re\",\"voulez\",\"Vous\"],\"articleSection\":[\"Belgique\"],\"inLanguage\":\"fr-BE\"},{\"@type\":\"WebPage\",\"@id\":\"https:\/\/vieassociative.be\/actualites\/operation-policiere-a-grande-echelle-au-debut-du-carnaval-de-cologne-interdiction-des-couteaux-si-vous-voulez-celebrer-le-carnaval-vous-navez-pas-besoin-de-couteau\/\",\"url\":\"https:\/\/vieassociative.be\/actualites\/operation-policiere-a-grande-echelle-au-debut-du-carnaval-de-cologne-interdiction-des-couteaux-si-vous-voulez-celebrer-le-carnaval-vous-navez-pas-besoin-de-couteau\/\",\"name\":\"Op\u00e9ration polici\u00e8re \u00e0 grande \u00e9chelle au d\u00e9but du carnaval de Cologne - interdiction des couteaux : \\\"Si vous voulez c\u00e9l\u00e9brer le carnaval, vous n'avez pas besoin de couteau\\\" | Vie Associative\",\"isPartOf\":{\"@id\":\"https:\/\/vieassociative.be\/actualites\/#website\"},\"primaryImageOfPage\":{\"@id\":\"https:\/\/vieassociative.be\/actualites\/operation-policiere-a-grande-echelle-au-debut-du-carnaval-de-cologne-interdiction-des-couteaux-si-vous-voulez-celebrer-le-carnaval-vous-navez-pas-besoin-de-couteau\/#primaryimage\"},\"image\":{\"@id\":\"https:\/\/vieassociative.be\/actualites\/operation-policiere-a-grande-echelle-au-debut-du-carnaval-de-cologne-interdiction-des-couteaux-si-vous-voulez-celebrer-le-carnaval-vous-navez-pas-besoin-de-couteau\/#primaryimage\"},\"thumbnailUrl\":\"https:\/\/vieassociative.be\/actualites\/wp-content\/uploads\/2025\/11\/1762784331_Operation-policiere-a-grande-echelle-au-debut-du-carnaval-de.jpg\",\"datePublished\":\"2025-11-10T14:18:51+00:00\",\"dateModified\":\"2025-11-10T14:18:51+00:00\",\"breadcrumb\":{\"@id\":\"https:\/\/vieassociative.be\/actualites\/operation-policiere-a-grande-echelle-au-debut-du-carnaval-de-cologne-interdiction-des-couteaux-si-vous-voulez-celebrer-le-carnaval-vous-navez-pas-besoin-de-couteau\/#breadcrumb\"},\"inLanguage\":\"fr-BE\",\"potentialAction\":[{\"@type\":\"ReadAction\",\"target\":[\"https:\/\/vieassociative.be\/actualites\/operation-policiere-a-grande-echelle-au-debut-du-carnaval-de-cologne-interdiction-des-couteaux-si-vous-voulez-celebrer-le-carnaval-vous-navez-pas-besoin-de-couteau\/\"]}]},{\"@type\":\"ImageObject\",\"inLanguage\":\"fr-BE\",\"@id\":\"https:\/\/vieassociative.be\/actualites\/operation-policiere-a-grande-echelle-au-debut-du-carnaval-de-cologne-interdiction-des-couteaux-si-vous-voulez-celebrer-le-carnaval-vous-navez-pas-besoin-de-couteau\/#primaryimage\",\"url\":\"https:\/\/vieassociative.be\/actualites\/wp-content\/uploads\/2025\/11\/1762784331_Operation-policiere-a-grande-echelle-au-debut-du-carnaval-de.jpg\",\"contentUrl\":\"https:\/\/vieassociative.be\/actualites\/wp-content\/uploads\/2025\/11\/1762784331_Operation-policiere-a-grande-echelle-au-debut-du-carnaval-de.jpg\",\"width\":1200,\"height\":831,\"caption\":\"Op\u00e9ration polici\u00e8re \u00e0 grande \u00e9chelle au d\u00e9but du carnaval de Cologne - interdiction des couteaux : \\\"Si vous voulez c\u00e9l\u00e9brer le carnaval, vous n'avez pas besoin de couteau\\\"\"},{\"@type\":\"BreadcrumbList\",\"@id\":\"https:\/\/vieassociative.be\/actualites\/operation-policiere-a-grande-echelle-au-debut-du-carnaval-de-cologne-interdiction-des-couteaux-si-vous-voulez-celebrer-le-carnaval-vous-navez-pas-besoin-de-couteau\/#breadcrumb\",\"itemListElement\":[{\"@type\":\"ListItem\",\"position\":1,\"name\":\"Accueil\",\"item\":\"https:\/\/vieassociative.be\/actualites\/\"},{\"@type\":\"ListItem\",\"position\":2,\"name\":\"Op\u00e9ration polici\u00e8re \u00e0 grande \u00e9chelle au d\u00e9but du carnaval de Cologne &#8211; interdiction des couteaux : \u00ab\u00a0Si vous voulez c\u00e9l\u00e9brer le carnaval, vous n&rsquo;avez pas besoin de couteau\u00a0\u00bb\"}]},{\"@type\":\"WebSite\",\"@id\":\"https:\/\/vieassociative.be\/actualites\/#website\",\"url\":\"https:\/\/vieassociative.be\/actualites\/\",\"name\":\"Vie Associative\",\"description\":\"\",\"publisher\":{\"@id\":\"https:\/\/vieassociative.be\/actualites\/#organization\"},\"potentialAction\":[{\"@type\":\"SearchAction\",\"target\":{\"@type\":\"EntryPoint\",\"urlTemplate\":\"https:\/\/vieassociative.be\/actualites\/?s={search_term_string}\"},\"query-input\":{\"@type\":\"PropertyValueSpecification\",\"valueRequired\":true,\"valueName\":\"search_term_string\"}}],\"inLanguage\":\"fr-BE\"},{\"@type\":\"Organization\",\"@id\":\"https:\/\/vieassociative.be\/actualites\/#organization\",\"name\":\"Vie Associative\",\"url\":\"https:\/\/vieassociative.be\/actualites\/\",\"logo\":{\"@type\":\"ImageObject\",\"inLanguage\":\"fr-BE\",\"@id\":\"https:\/\/vieassociative.be\/actualites\/#\/schema\/logo\/image\/\",\"url\":\"https:\/\/vieassociative.be\/actualites\/wp-content\/uploads\/2024\/09\/cropped-vieassociative_favicon.ico.png\",\"contentUrl\":\"https:\/\/vieassociative.be\/actualites\/wp-content\/uploads\/2024\/09\/cropped-vieassociative_favicon.ico.png\",\"width\":512,\"height\":512,\"caption\":\"Vie Associative\"},\"image\":{\"@id\":\"https:\/\/vieassociative.be\/actualites\/#\/schema\/logo\/image\/\"}},{\"@type\":\"Person\",\"@id\":\"https:\/\/vieassociative.be\/actualites\/#\/schema\/person\/b87ac4f82f9d4e7b7cec7395b679edc4\",\"name\":\"Julien\",\"image\":{\"@type\":\"ImageObject\",\"inLanguage\":\"fr-BE\",\"@id\":\"https:\/\/vieassociative.be\/actualites\/#\/schema\/person\/image\/\",\"url\":\"https:\/\/vieassociative.be\/actualites\/wp-content\/uploads\/2024\/09\/vie-associative-1-150x150.jpg\",\"contentUrl\":\"https:\/\/vieassociative.be\/actualites\/wp-content\/uploads\/2024\/09\/vie-associative-1-150x150.jpg\",\"caption\":\"Julien\"},\"description\":\"Je suis Julien, r\u00e9dacteur pour Vie Associative. Passionn\u00e9 par le monde associatif depuis plus de 10 ans, j'ai \u00e0 c\u0153ur de partager des histoires inspirantes et de mettre en lumi\u00e8re les initiatives locales. Mon objectif est de sensibiliser et d'encourager l'engagement communautaire \u00e0 travers mes articles.\",\"sameAs\":[\"https:\/\/vieassociative.be\/\"]}]}<\/script>\n<!-- \/ Yoast SEO plugin. -->","yoast_head_json":{"title":"Op\u00e9ration polici\u00e8re \u00e0 grande \u00e9chelle au d\u00e9but du carnaval de Cologne - interdiction des couteaux : \"Si vous voulez c\u00e9l\u00e9brer le carnaval, vous n'avez pas besoin de couteau\" | Vie Associative","robots":{"index":"index","follow":"follow","max-snippet":"max-snippet:-1","max-image-preview":"max-image-preview:large","max-video-preview":"max-video-preview:-1"},"canonical":"https:\/\/vieassociative.be\/actualites\/operation-policiere-a-grande-echelle-au-debut-du-carnaval-de-cologne-interdiction-des-couteaux-si-vous-voulez-celebrer-le-carnaval-vous-navez-pas-besoin-de-couteau\/","og_locale":"fr_FR","og_type":"article","og_title":"Op\u00e9ration polici\u00e8re \u00e0 grande \u00e9chelle au d\u00e9but du carnaval de Cologne - interdiction des couteaux : \"Si vous voulez c\u00e9l\u00e9brer le carnaval, vous n'avez pas besoin de couteau\" | Vie Associative","og_description":"Mardi, au d\u00e9but du carnaval, des dizaines de milliers de personnes costum\u00e9es feront \u00e0 nouveau la f\u00eate \u00e0 Cologne. La police et le service de","og_url":"https:\/\/vieassociative.be\/actualites\/operation-policiere-a-grande-echelle-au-debut-du-carnaval-de-cologne-interdiction-des-couteaux-si-vous-voulez-celebrer-le-carnaval-vous-navez-pas-besoin-de-couteau\/","og_site_name":"Vie Associative","article_published_time":"2025-11-10T14:18:51+00:00","og_image":[{"width":279,"height":92,"url":"https:\/\/vieassociative.be\/actualites\/wp-content\/uploads\/2024\/09\/header_backgroundk-01-e1726694325946.png","type":"image\/png"}],"author":"Julien","twitter_card":"summary_large_image","twitter_misc":{"\u00c9crit par":"Julien","Dur\u00e9e de lecture est.":"2 minutes"},"schema":{"@context":"https:\/\/schema.org","@graph":[{"@type":"Article","@id":"https:\/\/vieassociative.be\/actualites\/operation-policiere-a-grande-echelle-au-debut-du-carnaval-de-cologne-interdiction-des-couteaux-si-vous-voulez-celebrer-le-carnaval-vous-navez-pas-besoin-de-couteau\/#article","isPartOf":{"@id":"https:\/\/vieassociative.be\/actualites\/operation-policiere-a-grande-echelle-au-debut-du-carnaval-de-cologne-interdiction-des-couteaux-si-vous-voulez-celebrer-le-carnaval-vous-navez-pas-besoin-de-couteau\/"},"author":{"name":"Julien","@id":"https:\/\/vieassociative.be\/actualites\/#\/schema\/person\/b87ac4f82f9d4e7b7cec7395b679edc4"},"headline":"Op\u00e9ration polici\u00e8re \u00e0 grande \u00e9chelle au d\u00e9but du carnaval de Cologne &#8211; interdiction des couteaux : \u00ab\u00a0Si vous voulez c\u00e9l\u00e9brer le carnaval, vous n&rsquo;avez pas besoin de couteau\u00a0\u00bb","datePublished":"2025-11-10T14:18:51+00:00","dateModified":"2025-11-10T14:18:51+00:00","mainEntityOfPage":{"@id":"https:\/\/vieassociative.be\/actualites\/operation-policiere-a-grande-echelle-au-debut-du-carnaval-de-cologne-interdiction-des-couteaux-si-vous-voulez-celebrer-le-carnaval-vous-navez-pas-besoin-de-couteau\/"},"wordCount":360,"publisher":{"@id":"https:\/\/vieassociative.be\/actualites\/#organization"},"image":{"@id":"https:\/\/vieassociative.be\/actualites\/operation-policiere-a-grande-echelle-au-debut-du-carnaval-de-cologne-interdiction-des-couteaux-si-vous-voulez-celebrer-le-carnaval-vous-navez-pas-besoin-de-couteau\/#primaryimage"},"thumbnailUrl":"https:\/\/vieassociative.be\/actualites\/wp-content\/uploads\/2025\/11\/1762784331_Operation-policiere-a-grande-echelle-au-debut-du-carnaval-de.jpg","keywords":["besoin","carnaval","c\u00e9l\u00e9brer","Cologne","couteau","couteaux","D\u00e9but","Des","\u00e9chelle","grande","Interdiction","navez","op\u00e9ration","pas","polici\u00e8re","voulez","Vous"],"articleSection":["Belgique"],"inLanguage":"fr-BE"},{"@type":"WebPage","@id":"https:\/\/vieassociative.be\/actualites\/operation-policiere-a-grande-echelle-au-debut-du-carnaval-de-cologne-interdiction-des-couteaux-si-vous-voulez-celebrer-le-carnaval-vous-navez-pas-besoin-de-couteau\/","url":"https:\/\/vieassociative.be\/actualites\/operation-policiere-a-grande-echelle-au-debut-du-carnaval-de-cologne-interdiction-des-couteaux-si-vous-voulez-celebrer-le-carnaval-vous-navez-pas-besoin-de-couteau\/","name":"Op\u00e9ration polici\u00e8re \u00e0 grande \u00e9chelle au d\u00e9but du carnaval de Cologne - interdiction des couteaux : \"Si vous voulez c\u00e9l\u00e9brer le carnaval, vous n'avez pas besoin de couteau\" | Vie Associative","isPartOf":{"@id":"https:\/\/vieassociative.be\/actualites\/#website"},"primaryImageOfPage":{"@id":"https:\/\/vieassociative.be\/actualites\/operation-policiere-a-grande-echelle-au-debut-du-carnaval-de-cologne-interdiction-des-couteaux-si-vous-voulez-celebrer-le-carnaval-vous-navez-pas-besoin-de-couteau\/#primaryimage"},"image":{"@id":"https:\/\/vieassociative.be\/actualites\/operation-policiere-a-grande-echelle-au-debut-du-carnaval-de-cologne-interdiction-des-couteaux-si-vous-voulez-celebrer-le-carnaval-vous-navez-pas-besoin-de-couteau\/#primaryimage"},"thumbnailUrl":"https:\/\/vieassociative.be\/actualites\/wp-content\/uploads\/2025\/11\/1762784331_Operation-policiere-a-grande-echelle-au-debut-du-carnaval-de.jpg","datePublished":"2025-11-10T14:18:51+00:00","dateModified":"2025-11-10T14:18:51+00:00","breadcrumb":{"@id":"https:\/\/vieassociative.be\/actualites\/operation-policiere-a-grande-echelle-au-debut-du-carnaval-de-cologne-interdiction-des-couteaux-si-vous-voulez-celebrer-le-carnaval-vous-navez-pas-besoin-de-couteau\/#breadcrumb"},"inLanguage":"fr-BE","potentialAction":[{"@type":"ReadAction","target":["https:\/\/vieassociative.be\/actualites\/operation-policiere-a-grande-echelle-au-debut-du-carnaval-de-cologne-interdiction-des-couteaux-si-vous-voulez-celebrer-le-carnaval-vous-navez-pas-besoin-de-couteau\/"]}]},{"@type":"ImageObject","inLanguage":"fr-BE","@id":"https:\/\/vieassociative.be\/actualites\/operation-policiere-a-grande-echelle-au-debut-du-carnaval-de-cologne-interdiction-des-couteaux-si-vous-voulez-celebrer-le-carnaval-vous-navez-pas-besoin-de-couteau\/#primaryimage","url":"https:\/\/vieassociative.be\/actualites\/wp-content\/uploads\/2025\/11\/1762784331_Operation-policiere-a-grande-echelle-au-debut-du-carnaval-de.jpg","contentUrl":"https:\/\/vieassociative.be\/actualites\/wp-content\/uploads\/2025\/11\/1762784331_Operation-policiere-a-grande-echelle-au-debut-du-carnaval-de.jpg","width":1200,"height":831,"caption":"Op\u00e9ration polici\u00e8re \u00e0 grande \u00e9chelle au d\u00e9but du carnaval de Cologne - interdiction des couteaux : \"Si vous voulez c\u00e9l\u00e9brer le carnaval, vous n'avez pas besoin de couteau\""},{"@type":"BreadcrumbList","@id":"https:\/\/vieassociative.be\/actualites\/operation-policiere-a-grande-echelle-au-debut-du-carnaval-de-cologne-interdiction-des-couteaux-si-vous-voulez-celebrer-le-carnaval-vous-navez-pas-besoin-de-couteau\/#breadcrumb","itemListElement":[{"@type":"ListItem","position":1,"name":"Accueil","item":"https:\/\/vieassociative.be\/actualites\/"},{"@type":"ListItem","position":2,"name":"Op\u00e9ration polici\u00e8re \u00e0 grande \u00e9chelle au d\u00e9but du carnaval de Cologne &#8211; interdiction des couteaux : \u00ab\u00a0Si vous voulez c\u00e9l\u00e9brer le carnaval, vous n&rsquo;avez pas besoin de couteau\u00a0\u00bb"}]},{"@type":"WebSite","@id":"https:\/\/vieassociative.be\/actualites\/#website","url":"https:\/\/vieassociative.be\/actualites\/","name":"Vie Associative","description":"","publisher":{"@id":"https:\/\/vieassociative.be\/actualites\/#organization"},"potentialAction":[{"@type":"SearchAction","target":{"@type":"EntryPoint","urlTemplate":"https:\/\/vieassociative.be\/actualites\/?s={search_term_string}"},"query-input":{"@type":"PropertyValueSpecification","valueRequired":true,"valueName":"search_term_string"}}],"inLanguage":"fr-BE"},{"@type":"Organization","@id":"https:\/\/vieassociative.be\/actualites\/#organization","name":"Vie Associative","url":"https:\/\/vieassociative.be\/actualites\/","logo":{"@type":"ImageObject","inLanguage":"fr-BE","@id":"https:\/\/vieassociative.be\/actualites\/#\/schema\/logo\/image\/","url":"https:\/\/vieassociative.be\/actualites\/wp-content\/uploads\/2024\/09\/cropped-vieassociative_favicon.ico.png","contentUrl":"https:\/\/vieassociative.be\/actualites\/wp-content\/uploads\/2024\/09\/cropped-vieassociative_favicon.ico.png","width":512,"height":512,"caption":"Vie Associative"},"image":{"@id":"https:\/\/vieassociative.be\/actualites\/#\/schema\/logo\/image\/"}},{"@type":"Person","@id":"https:\/\/vieassociative.be\/actualites\/#\/schema\/person\/b87ac4f82f9d4e7b7cec7395b679edc4","name":"Julien","image":{"@type":"ImageObject","inLanguage":"fr-BE","@id":"https:\/\/vieassociative.be\/actualites\/#\/schema\/person\/image\/","url":"https:\/\/vieassociative.be\/actualites\/wp-content\/uploads\/2024\/09\/vie-associative-1-150x150.jpg","contentUrl":"https:\/\/vieassociative.be\/actualites\/wp-content\/uploads\/2024\/09\/vie-associative-1-150x150.jpg","caption":"Julien"},"description":"Je suis Julien, r\u00e9dacteur pour Vie Associative. Passionn\u00e9 par le monde associatif depuis plus de 10 ans, j'ai \u00e0 c\u0153ur de partager des histoires inspirantes et de mettre en lumi\u00e8re les initiatives locales. Mon objectif est de sensibiliser et d'encourager l'engagement communautaire \u00e0 travers mes articles.","sameAs":["https:\/\/vieassociative.be\/"]}]}},"_links":{"self":[{"href":"https:\/\/vieassociative.be\/actualites\/wp-json\/wp\/v2\/posts\/11228"}],"collection":[{"href":"https:\/\/vieassociative.be\/actualites\/wp-json\/wp\/v2\/posts"}],"about":[{"href":"https:\/\/vieassociative.be\/actualites\/wp-json\/wp\/v2\/types\/post"}],"author":[{"embeddable":true,"href":"https:\/\/vieassociative.be\/actualites\/wp-json\/wp\/v2\/users\/1"}],"replies":[{"embeddable":true,"href":"https:\/\/vieassociative.be\/actualites\/wp-json\/wp\/v2\/comments?post=11228"}],"version-history":[{"count":0,"href":"https:\/\/vieassociative.be\/actualites\/wp-json\/wp\/v2\/posts\/11228\/revisions"}],"wp:featuredmedia":[{"embeddable":true,"href":"https:\/\/vieassociative.be\/actualites\/wp-json\/wp\/v2\/media\/11229"}],"wp:attachment":[{"href":"https:\/\/vieassociative.be\/actualites\/wp-json\/wp\/v2\/media?parent=11228"}],"wp:term":[{"taxonomy":"category","embeddable":true,"href":"https:\/\/vieassociative.be\/actualites\/wp-json\/wp\/v2\/categories?post=11228"},{"taxonomy":"post_tag","embeddable":true,"href":"https:\/\/vieassociative.be\/actualites\/wp-json\/wp\/v2\/tags?post=11228"}],"curies":[{"name":"wp","href":"https:\/\/api.w.org\/{rel}","templated":true}]}}