{"id":11227,"date":"2025-11-10T14:17:43","date_gmt":"2025-11-10T13:17:43","guid":{"rendered":"https:\/\/vieassociative.be\/actualites\/tout-ce-a-quoi-vous-avez-droit-lorsque-votre-vol-est-retarde-ou-annule-2\/"},"modified":"2025-11-10T14:17:43","modified_gmt":"2025-11-10T13:17:43","slug":"tout-ce-a-quoi-vous-avez-droit-lorsque-votre-vol-est-retarde-ou-annule-2","status":"publish","type":"post","link":"https:\/\/vieassociative.be\/actualites\/tout-ce-a-quoi-vous-avez-droit-lorsque-votre-vol-est-retarde-ou-annule-2\/","title":{"rendered":"Tout ce \u00e0 quoi vous avez droit lorsque votre vol est retard\u00e9 ou annul\u00e9"},"content":{"rendered":"<div class=\"mt-4 leading-6 md:mb-8\">Les compagnies a\u00e9riennes am\u00e9ricaines ont annul\u00e9 plus de 700 vols en raison des coupures.<\/div>\n<p><\/p>\n<p>Ce matin, les ordres de la Federal Aviation Administration ont conduit les compagnies a\u00e9riennes am\u00e9ricaines \u00e0 annuler des centaines de vols \u00e0 travers le pays. Les commandes sans pr\u00e9c\u00e9dent de la FAA sont dues au fait que les contr\u00f4leurs a\u00e9riens n&rsquo;ont pas re\u00e7u leurs ch\u00e8ques de paie, ce qui est d\u00fb \u00e0 la fermeture sans pr\u00e9c\u00e9dent du gouvernement (maintenant la plus longue de l&rsquo;histoire des \u00c9tats-Unis). Ces p\u00e9nuries de personnel pour le contr\u00f4le du trafic a\u00e9rien ont perturb\u00e9 les vols dans 40 grands a\u00e9roports am\u00e9ricains, laissant des milliers de passagers se d\u00e9mener pour trouver des plans de secours.<\/p>\n<p>Contrairement aux retards m\u00e9t\u00e9orologiques qui disparaissent d\u2019eux-m\u00eames, cette situation pourrait perdurer aussi longtemps que la fermeture du gouvernement se poursuivra. Les compagnies a\u00e9riennes s\u2019efforcent d\u2019ajuster leurs horaires dans des d\u00e9lais tr\u00e8s courts, ce qui entra\u00eene chaos et incertitude. Vous voulez \u00eatre pr\u00eat \u00e0 vous battre pour ce \u00e0 quoi vous avez droit lorsqu&rsquo;une compagnie a\u00e9rienne, faute d&rsquo;une meilleure expression, vous fout compl\u00e8tement en l&rsquo;air. Voici comment tirer le meilleur parti possible d\u2019un vol annul\u00e9 ou retard\u00e9.<\/p>\n<h2 id=\"know-your-airline-passenger-rights\">Connaissez les droits des passagers a\u00e9riens<\/h2>\n<p>La loi f\u00e9d\u00e9rale n\u2019oblige toujours pas les compagnies a\u00e9riennes \u00e0 fournir de l\u2019argent ou d\u2019autres compensations aux passagers en cas de retard des vols. Cela signifie que dans la plupart des cas, l\u2019indemnisation est \u00e0 la discr\u00e9tion de la compagnie a\u00e9rienne.<\/p>\n<div class=\"mx-auto mb-12 mt-5 w-full max-w-3xl rounded-md border-2 border-gray-100 p-3 shadow-md md:px-7 md:pb-7 md:pt-5\" id=\"related-video\">\n<div class=\"mb-3 flex items-center md:mb-5\">\n        <img decoding=\"async\" class=\"mr-4 mt-0 h-10 w-10 md:mr-5 md:h-12 md:w-12\" src=\"https:\/\/vieassociative.be\/actualites\/wp-content\/uploads\/2025\/09\/1757726237_608_Meta-pourrait-devoiler-une-montre-intelligente-pour-controler-ses-lunettes.jpg\" alt=\"Logo du pirate de la vie\"><\/p><\/div>\n<div class=\"aspect-video w-full overflow-hidden rounded-md\">\n<div id=\"video-container-01K9PXNTF6249ES4T0AB5KAG4T\"><\/div>\n<\/p><\/div>\n<\/div>\n<h3>Vols annul\u00e9s<\/h3>\n<p>Si une compagnie a\u00e9rienne annule votre vol moins de 14 jours avant le d\u00e9part et que vous choisissez d&rsquo;annuler enti\u00e8rement votre voyage, vous avez droit au remboursement de votre billet d&rsquo;avion et des frais de bagages pr\u00e9pay\u00e9s. Cela s&rsquo;applique g\u00e9n\u00e9ralement m\u00eame si vous avez des billets non remboursables.<\/p>\n<h3>Vols retard\u00e9s<\/h3>\n<p>Encore une fois, la loi f\u00e9d\u00e9rale n\u2019oblige pas les compagnies a\u00e9riennes \u00e0 fournir aux passagers un quelconque remboursement en cas de retard des vols. Lorsque les vols sont retard\u00e9s en raison d&rsquo;\u00e9v\u00e9nements impr\u00e9visibles tels que des probl\u00e8mes m\u00e9t\u00e9orologiques ou m\u00e9caniques, l&rsquo;indemnisation est \u00e0 la discr\u00e9tion de la compagnie a\u00e9rienne. Cependant, la compagnie a\u00e9rienne est tenue de vous r\u00e9server un autre vol sans frais suppl\u00e9mentaires. Et si vous vous retrouvez coinc\u00e9 \u00e0 l&rsquo;a\u00e9roport, c&rsquo;est \u00e0 la compagnie a\u00e9rienne de d\u00e9cider quel type de bons elle propose (plus d&rsquo;informations ci-dessous).<\/p>\n<h3>Probl\u00e8mes de bagages<\/h3>\n<p>Peu de choses sont aussi frustrantes que d&rsquo;arriver enfin \u00e0 destination, seulement pour que vos bagages se perdent quelque part entre votre d\u00e9part et votre arriv\u00e9e. Les compagnies a\u00e9riennes sont tenues de vous indemniser pour toute d\u00e9pense \u00ab raisonnable, v\u00e9rifiable et r\u00e9elle \u00bb r\u00e9sultant de l&rsquo;endommagement ou du retard de vos bagages, selon le DOT.<\/p>\n<p>Malheureusement, vous ne serez peut-\u00eatre pas enti\u00e8rement indemnis\u00e9 pour tout ce qui est perdu ou endommag\u00e9 dans votre sac. Il existe \u00e9galement un plafond sur le montant que les compagnies a\u00e9riennes doivent payer pour vous indemniser si vos bagages sont perdus, endommag\u00e9s ou retard\u00e9s. Le montant maximum de responsabilit\u00e9 autoris\u00e9 par le DOT est de 4\u00a0700 $ par passager. Vous devez imm\u00e9diatement informer votre compagnie a\u00e9rienne si votre sac a \u00e9t\u00e9 endommag\u00e9 et vous assurer que la conversation est document\u00e9e afin que vous puissiez d\u00e9poser une r\u00e9clamation aupr\u00e8s du DOT si vous n&rsquo;\u00eates pas correctement indemnis\u00e9.<\/p>\n<p>Et si votre bagage est retard\u00e9, il est de la responsabilit\u00e9 de la compagnie a\u00e9rienne de le retrouver et de vous le restituer. Bien que la plupart des compagnies a\u00e9riennes promettent d&rsquo;apporter votre sac \u00e0 votre h\u00f4tel ou partout o\u00f9 vous s\u00e9journez une fois qu&rsquo;il l&rsquo;a trouv\u00e9, ce n&rsquo;est ni une obligation ni une garantie. <\/p>\n<h3>Surr\u00e9servation et refus d&#8217;embarquement<\/h3>\n<p>D\u2019une mani\u00e8re ou d\u2019une autre, la surr\u00e9servation de vols est non seulement l\u00e9gale, mais courante. Lorsqu\u2019une compagnie a\u00e9rienne surbooke un vol, elle peut volontairement ou involontairement d\u00e9placer des passagers. Avant de d\u00e9placer des passagers involontairement ou sans autorisation, les compagnies a\u00e9riennes doivent rechercher des voyageurs volontaires dispos\u00e9s \u00e0 prendre un autre vol en \u00e9change d&rsquo;une compensation. Vous avez probablement entendu des compagnies a\u00e9riennes inciter les voyageurs avec des bons d&rsquo;achat. Cependant, si personne n&rsquo;accepte les offres de bons d&rsquo;achat des repr\u00e9sentants du service client, la compagnie a\u00e9rienne peut involontairement d\u00e9placer des passagers ou refuser l&#8217;embarquement. Cela se transforme en \u00ab refus d\u2019embarquement \u00bb.<\/p>\n<p>Selon le raisonnement de la compagnie a\u00e9rienne, vous pourriez avoir droit \u00e0 une indemnisation si l&#8217;embarquement vous est refus\u00e9. Si vous \u00eates expuls\u00e9 d&rsquo;un vol pour des raisons telles qu&rsquo;une surr\u00e9servation, vous pourriez avoir droit \u00e0 une indemnisation pour refus d&#8217;embarquement. Cependant, les passagers sont g\u00e9n\u00e9ralement <strong>pas <\/strong>\u00e9ligibles \u00e0 une indemnisation s\u2019ils vivent l\u2019une des situations suivantes :<\/p>\n<ul>\n<li>\n<p>Modifications d&rsquo;avion pour des raisons de s\u00e9curit\u00e9 ou op\u00e9rationnelles<\/p>\n<\/li>\n<li>\n<p>Les restrictions de poids ou de centrage d&rsquo;un avion emp\u00eachent le passager d&#8217;embarquer<\/p>\n<\/li>\n<li>\n<p>Un passager est d\u00e9class\u00e9 dans une classe de si\u00e8ges inf\u00e9rieure pour un vol en surr\u00e9servation<\/p>\n<\/li>\n<li>\n<p>Les vols charters qui fonctionnent en dehors des horaires r\u00e9guliers d&rsquo;une compagnie a\u00e9rienne sont surr\u00e9serv\u00e9s, retard\u00e9s ou annul\u00e9s<\/p>\n<\/li>\n<li>\n<p>Les vols sur petits avions (moins de 30 passagers) sont surr\u00e9serv\u00e9s, retard\u00e9s ou annul\u00e9s<\/p>\n<\/li>\n<li>\n<p>Les vols internationaux sont surr\u00e9serv\u00e9s, retard\u00e9s ou annul\u00e9s<\/p>\n<\/li>\n<\/ul>\n<p>Pour avoir droit \u00e0 une indemnisation pour refus d&#8217;embarquement involontaire, vous devez avoir une r\u00e9servation de vol confirm\u00e9e, vous devez vous \u00eatre enregistr\u00e9 et \u00eatre arriv\u00e9 \u00e0 votre porte \u00e0 l&rsquo;heure, et vous devez \u00eatre incapable d&rsquo;atteindre votre destination dans l&rsquo;heure suivant l&rsquo;heure d&rsquo;arriv\u00e9e initiale de votre vol. Le montant de l&rsquo;indemnisation d\u00e9pendra de la dur\u00e9e du retard auquel vous \u00eates confront\u00e9, qui est indiqu\u00e9 sur le site Web du DOT.<\/p>\n<h2 id=\"what-exactly-are-you-entitled-to-if-your-flight-is-delayed\">\u00c0 quoi avez-vous exactement droit si votre vol est retard\u00e9\u00a0? <\/h2>\n<p>Selon le DOT, vous avez droit \u00e0 un remboursement si la compagnie a\u00e9rienne<em> <\/em>annule un vol, quelle qu&rsquo;en soit la raison, et vous choisissez de ne pas voyager ou d&rsquo;accepter des cr\u00e9dits de voyage, des bons ou d&rsquo;autres formes de compensation propos\u00e9es par la compagnie a\u00e9rienne.<\/p>\n<p>Mais si les compagnies a\u00e9riennes sont tenues de rembourser les passagers si leurs vols sont purement annul\u00e9s, les r\u00e8gles concernant les retards sont moins claires. Par exemple, le \u00ab\u00a0retard important\u00a0\u00bb n\u2019est officiellement d\u00e9fini nulle part par le DOT. La ressource la plus utile et la plus \u00e0 jour pour ce \u00e0 quoi vous avez droit est le tableau de bord du service client des compagnies a\u00e9riennes du DOT. Suivez ce lien pour consulter une liste des principales compagnies a\u00e9riennes am\u00e9ricaines et les services qu&rsquo;elles ont promis de fournir en cas d&rsquo;annulation ou de retard \u00ab contr\u00f4lable \u00bb d&rsquo;un vol. Ce qui est contr\u00f4lable comprend les probl\u00e8mes de maintenance ou d\u2019\u00e9quipage, le nettoyage des cabines, le chargement des bagages, le ravitaillement en carburant et d\u2019autres retards caus\u00e9s par la compagnie a\u00e9rienne elle-m\u00eame.<\/p>\n<p>Cependant, le DOT encourage les voyageurs \u00e0 contacter les compagnies a\u00e9riennes avant de d\u00e9poser une plainte. Les repr\u00e9sentants du service client pourront peut-\u00eatre r\u00e9soudre votre probl\u00e8me sur place. Vous pouvez \u00e9galement visiter FlightRights.gov pour une liste des avantages et des droits auxquels ils ont \u00e9galement droit.<\/p>\n<h2 id=\"finally-dont-automatically-accept-that-voucher\">Enfin\u00a0:\u00a0n&rsquo;acceptez pas automatiquement ce bon<\/h2>\n<p>Bien que certaines compagnies a\u00e9riennes puissent proposer des billets ou des bons pour les personnes involontairement supplant\u00e9es, vous avez le droit de demander un ch\u00e8que en esp\u00e8ces \u00e0 la place. La probabilit\u00e9 que vous en receviez un d\u00e9pend des circonstances entourant le motif de votre annulation ainsi que des politiques de la compagnie a\u00e9rienne. N\u00e9anmoins, une double v\u00e9rification aupr\u00e8s d\u2019un repr\u00e9sentant du service client pourrait rapporter de l\u2019argent. Sur cette note, si vous avez besoin de vous connecter avec un vrai humain, voici notre guide pour naviguer dans les lignes t\u00e9l\u00e9phoniques d&rsquo;une compagnie a\u00e9rienne. <\/p>\n<p>L&rsquo;essentiel de l&rsquo;actualit\u00e9 du jour\u00a0: v\u00e9rifiez fr\u00e9quemment le statut de votre vol, contactez votre compagnie a\u00e9rienne de mani\u00e8re proactive pour comprendre vos options et envisagez d&rsquo;avoir des plans de secours. Les compagnies a\u00e9riennes vous r\u00e9serveront g\u00e9n\u00e9ralement une nouvelle r\u00e9servation si votre vol est annul\u00e9, mais avec autant de perturbations, les vols alternatifs peuvent se remplir rapidement.<\/p>\n<p>Et en dernier recours, vous pouvez vous adresser aux r\u00e9seaux sociaux pour vous plaindre publiquement dans l\u2019espoir qu\u2019un repr\u00e9sentant vous r\u00e9pondra enfin.<\/p>\n","protected":false},"excerpt":{"rendered":"<p>Les compagnies a\u00e9riennes am\u00e9ricaines ont annul\u00e9 plus de 700 vols en raison des coupures. Ce matin, les ordres de la Federal Aviation Administration ont conduit<\/p>\n","protected":false},"author":1,"featured_media":11178,"comment_status":"","ping_status":"","sticky":false,"template":"","format":"standard","meta":{"footnotes":""},"categories":[12],"tags":[4600,258,4072,76,559,202,9182,236,4867,8,4],"class_list":["post-11227","post","type-post","status-publish","format-standard","has-post-thumbnail","hentry","category-voyage","tag-annule","tag-avez","tag-droit","tag-est","tag-lorsque","tag-quoi","tag-retarde","tag-tout","tag-vol","tag-votre","tag-vous","generate-columns","tablet-grid-50","mobile-grid-100","grid-parent","grid-33"],"yoast_head":"<!-- This site is optimized with the Yoast SEO plugin v24.0 - https:\/\/yoast.com\/wordpress\/plugins\/seo\/ -->\n<title>Tout ce \u00e0 quoi vous avez droit lorsque votre vol est retard\u00e9 ou annul\u00e9 | Vie Associative<\/title>\n<meta name=\"robots\" content=\"index, follow, max-snippet:-1, max-image-preview:large, max-video-preview:-1\" \/>\n<link rel=\"canonical\" href=\"https:\/\/vieassociative.be\/actualites\/tout-ce-a-quoi-vous-avez-droit-lorsque-votre-vol-est-retarde-ou-annule-2\/\" \/>\n<meta property=\"og:locale\" content=\"fr_FR\" \/>\n<meta property=\"og:type\" content=\"article\" \/>\n<meta property=\"og:title\" content=\"Tout ce \u00e0 quoi vous avez droit lorsque votre vol est retard\u00e9 ou annul\u00e9 | Vie Associative\" \/>\n<meta property=\"og:description\" content=\"Les compagnies a\u00e9riennes am\u00e9ricaines ont annul\u00e9 plus de 700 vols en raison des coupures. Ce matin, les ordres de la Federal Aviation Administration ont conduit\" \/>\n<meta property=\"og:url\" content=\"https:\/\/vieassociative.be\/actualites\/tout-ce-a-quoi-vous-avez-droit-lorsque-votre-vol-est-retarde-ou-annule-2\/\" \/>\n<meta property=\"og:site_name\" content=\"Vie Associative\" \/>\n<meta property=\"article:published_time\" content=\"2025-11-10T13:17:43+00:00\" \/>\n<meta property=\"og:image\" content=\"https:\/\/vieassociative.be\/actualites\/wp-content\/uploads\/2025\/09\/1757726237_608_Meta-pourrait-devoiler-une-montre-intelligente-pour-controler-ses-lunettes.jpg\" \/>\n<meta name=\"author\" content=\"Julien\" \/>\n<meta name=\"twitter:card\" content=\"summary_large_image\" \/>\n<meta name=\"twitter:label1\" content=\"\u00c9crit par\" \/>\n\t<meta name=\"twitter:data1\" content=\"Julien\" \/>\n\t<meta name=\"twitter:label2\" content=\"Dur\u00e9e de lecture est.\" \/>\n\t<meta name=\"twitter:data2\" content=\"7 minutes\" \/>\n<script type=\"application\/ld+json\" class=\"yoast-schema-graph\">{\"@context\":\"https:\/\/schema.org\",\"@graph\":[{\"@type\":\"Article\",\"@id\":\"https:\/\/vieassociative.be\/actualites\/tout-ce-a-quoi-vous-avez-droit-lorsque-votre-vol-est-retarde-ou-annule-2\/#article\",\"isPartOf\":{\"@id\":\"https:\/\/vieassociative.be\/actualites\/tout-ce-a-quoi-vous-avez-droit-lorsque-votre-vol-est-retarde-ou-annule-2\/\"},\"author\":{\"name\":\"Julien\",\"@id\":\"https:\/\/vieassociative.be\/actualites\/#\/schema\/person\/b87ac4f82f9d4e7b7cec7395b679edc4\"},\"headline\":\"Tout ce \u00e0 quoi vous avez droit lorsque votre vol est retard\u00e9 ou annul\u00e9\",\"datePublished\":\"2025-11-10T13:17:43+00:00\",\"dateModified\":\"2025-11-10T13:17:43+00:00\",\"mainEntityOfPage\":{\"@id\":\"https:\/\/vieassociative.be\/actualites\/tout-ce-a-quoi-vous-avez-droit-lorsque-votre-vol-est-retarde-ou-annule-2\/\"},\"wordCount\":1533,\"publisher\":{\"@id\":\"https:\/\/vieassociative.be\/actualites\/#organization\"},\"image\":{\"@id\":\"https:\/\/vieassociative.be\/actualites\/tout-ce-a-quoi-vous-avez-droit-lorsque-votre-vol-est-retarde-ou-annule-2\/#primaryimage\"},\"thumbnailUrl\":\"https:\/\/vieassociative.be\/actualites\/wp-content\/uploads\/2025\/11\/Tout-ce-a-quoi-vous-avez-droit-lorsque-votre-vol.png\",\"keywords\":[\"annul\u00e9\",\"avez\",\"droit\",\"est\",\"lorsque\",\"quoi\",\"retard\u00e9\",\"tout\",\"vol\",\"votre\",\"Vous\"],\"articleSection\":[\"Voyage\"],\"inLanguage\":\"fr-BE\"},{\"@type\":\"WebPage\",\"@id\":\"https:\/\/vieassociative.be\/actualites\/tout-ce-a-quoi-vous-avez-droit-lorsque-votre-vol-est-retarde-ou-annule-2\/\",\"url\":\"https:\/\/vieassociative.be\/actualites\/tout-ce-a-quoi-vous-avez-droit-lorsque-votre-vol-est-retarde-ou-annule-2\/\",\"name\":\"Tout ce \u00e0 quoi vous avez droit lorsque votre vol est retard\u00e9 ou annul\u00e9 | Vie Associative\",\"isPartOf\":{\"@id\":\"https:\/\/vieassociative.be\/actualites\/#website\"},\"primaryImageOfPage\":{\"@id\":\"https:\/\/vieassociative.be\/actualites\/tout-ce-a-quoi-vous-avez-droit-lorsque-votre-vol-est-retarde-ou-annule-2\/#primaryimage\"},\"image\":{\"@id\":\"https:\/\/vieassociative.be\/actualites\/tout-ce-a-quoi-vous-avez-droit-lorsque-votre-vol-est-retarde-ou-annule-2\/#primaryimage\"},\"thumbnailUrl\":\"https:\/\/vieassociative.be\/actualites\/wp-content\/uploads\/2025\/11\/Tout-ce-a-quoi-vous-avez-droit-lorsque-votre-vol.png\",\"datePublished\":\"2025-11-10T13:17:43+00:00\",\"dateModified\":\"2025-11-10T13:17:43+00:00\",\"breadcrumb\":{\"@id\":\"https:\/\/vieassociative.be\/actualites\/tout-ce-a-quoi-vous-avez-droit-lorsque-votre-vol-est-retarde-ou-annule-2\/#breadcrumb\"},\"inLanguage\":\"fr-BE\",\"potentialAction\":[{\"@type\":\"ReadAction\",\"target\":[\"https:\/\/vieassociative.be\/actualites\/tout-ce-a-quoi-vous-avez-droit-lorsque-votre-vol-est-retarde-ou-annule-2\/\"]}]},{\"@type\":\"ImageObject\",\"inLanguage\":\"fr-BE\",\"@id\":\"https:\/\/vieassociative.be\/actualites\/tout-ce-a-quoi-vous-avez-droit-lorsque-votre-vol-est-retarde-ou-annule-2\/#primaryimage\",\"url\":\"https:\/\/vieassociative.be\/actualites\/wp-content\/uploads\/2025\/11\/Tout-ce-a-quoi-vous-avez-droit-lorsque-votre-vol.png\",\"contentUrl\":\"https:\/\/vieassociative.be\/actualites\/wp-content\/uploads\/2025\/11\/Tout-ce-a-quoi-vous-avez-droit-lorsque-votre-vol.png\",\"width\":1200,\"height\":675,\"caption\":\"Tout ce \u00e0 quoi vous avez droit lorsque votre vol est retard\u00e9 ou annul\u00e9\"},{\"@type\":\"BreadcrumbList\",\"@id\":\"https:\/\/vieassociative.be\/actualites\/tout-ce-a-quoi-vous-avez-droit-lorsque-votre-vol-est-retarde-ou-annule-2\/#breadcrumb\",\"itemListElement\":[{\"@type\":\"ListItem\",\"position\":1,\"name\":\"Accueil\",\"item\":\"https:\/\/vieassociative.be\/actualites\/\"},{\"@type\":\"ListItem\",\"position\":2,\"name\":\"Tout ce \u00e0 quoi vous avez droit lorsque votre vol est retard\u00e9 ou annul\u00e9\"}]},{\"@type\":\"WebSite\",\"@id\":\"https:\/\/vieassociative.be\/actualites\/#website\",\"url\":\"https:\/\/vieassociative.be\/actualites\/\",\"name\":\"Vie Associative\",\"description\":\"\",\"publisher\":{\"@id\":\"https:\/\/vieassociative.be\/actualites\/#organization\"},\"potentialAction\":[{\"@type\":\"SearchAction\",\"target\":{\"@type\":\"EntryPoint\",\"urlTemplate\":\"https:\/\/vieassociative.be\/actualites\/?s={search_term_string}\"},\"query-input\":{\"@type\":\"PropertyValueSpecification\",\"valueRequired\":true,\"valueName\":\"search_term_string\"}}],\"inLanguage\":\"fr-BE\"},{\"@type\":\"Organization\",\"@id\":\"https:\/\/vieassociative.be\/actualites\/#organization\",\"name\":\"Vie Associative\",\"url\":\"https:\/\/vieassociative.be\/actualites\/\",\"logo\":{\"@type\":\"ImageObject\",\"inLanguage\":\"fr-BE\",\"@id\":\"https:\/\/vieassociative.be\/actualites\/#\/schema\/logo\/image\/\",\"url\":\"https:\/\/vieassociative.be\/actualites\/wp-content\/uploads\/2024\/09\/cropped-vieassociative_favicon.ico.png\",\"contentUrl\":\"https:\/\/vieassociative.be\/actualites\/wp-content\/uploads\/2024\/09\/cropped-vieassociative_favicon.ico.png\",\"width\":512,\"height\":512,\"caption\":\"Vie Associative\"},\"image\":{\"@id\":\"https:\/\/vieassociative.be\/actualites\/#\/schema\/logo\/image\/\"}},{\"@type\":\"Person\",\"@id\":\"https:\/\/vieassociative.be\/actualites\/#\/schema\/person\/b87ac4f82f9d4e7b7cec7395b679edc4\",\"name\":\"Julien\",\"image\":{\"@type\":\"ImageObject\",\"inLanguage\":\"fr-BE\",\"@id\":\"https:\/\/vieassociative.be\/actualites\/#\/schema\/person\/image\/\",\"url\":\"https:\/\/vieassociative.be\/actualites\/wp-content\/uploads\/2024\/09\/vie-associative-1-150x150.jpg\",\"contentUrl\":\"https:\/\/vieassociative.be\/actualites\/wp-content\/uploads\/2024\/09\/vie-associative-1-150x150.jpg\",\"caption\":\"Julien\"},\"description\":\"Je suis Julien, r\u00e9dacteur pour Vie Associative. Passionn\u00e9 par le monde associatif depuis plus de 10 ans, j'ai \u00e0 c\u0153ur de partager des histoires inspirantes et de mettre en lumi\u00e8re les initiatives locales. Mon objectif est de sensibiliser et d'encourager l'engagement communautaire \u00e0 travers mes articles.\",\"sameAs\":[\"https:\/\/vieassociative.be\/\"]}]}<\/script>\n<!-- \/ Yoast SEO plugin. -->","yoast_head_json":{"title":"Tout ce \u00e0 quoi vous avez droit lorsque votre vol est retard\u00e9 ou annul\u00e9 | Vie Associative","robots":{"index":"index","follow":"follow","max-snippet":"max-snippet:-1","max-image-preview":"max-image-preview:large","max-video-preview":"max-video-preview:-1"},"canonical":"https:\/\/vieassociative.be\/actualites\/tout-ce-a-quoi-vous-avez-droit-lorsque-votre-vol-est-retarde-ou-annule-2\/","og_locale":"fr_FR","og_type":"article","og_title":"Tout ce \u00e0 quoi vous avez droit lorsque votre vol est retard\u00e9 ou annul\u00e9 | Vie Associative","og_description":"Les compagnies a\u00e9riennes am\u00e9ricaines ont annul\u00e9 plus de 700 vols en raison des coupures. Ce matin, les ordres de la Federal Aviation Administration ont conduit","og_url":"https:\/\/vieassociative.be\/actualites\/tout-ce-a-quoi-vous-avez-droit-lorsque-votre-vol-est-retarde-ou-annule-2\/","og_site_name":"Vie Associative","article_published_time":"2025-11-10T13:17:43+00:00","og_image":[{"url":"https:\/\/vieassociative.be\/actualites\/wp-content\/uploads\/2025\/09\/1757726237_608_Meta-pourrait-devoiler-une-montre-intelligente-pour-controler-ses-lunettes.jpg","type":"","width":"","height":""}],"author":"Julien","twitter_card":"summary_large_image","twitter_misc":{"\u00c9crit par":"Julien","Dur\u00e9e de lecture est.":"7 minutes"},"schema":{"@context":"https:\/\/schema.org","@graph":[{"@type":"Article","@id":"https:\/\/vieassociative.be\/actualites\/tout-ce-a-quoi-vous-avez-droit-lorsque-votre-vol-est-retarde-ou-annule-2\/#article","isPartOf":{"@id":"https:\/\/vieassociative.be\/actualites\/tout-ce-a-quoi-vous-avez-droit-lorsque-votre-vol-est-retarde-ou-annule-2\/"},"author":{"name":"Julien","@id":"https:\/\/vieassociative.be\/actualites\/#\/schema\/person\/b87ac4f82f9d4e7b7cec7395b679edc4"},"headline":"Tout ce \u00e0 quoi vous avez droit lorsque votre vol est retard\u00e9 ou annul\u00e9","datePublished":"2025-11-10T13:17:43+00:00","dateModified":"2025-11-10T13:17:43+00:00","mainEntityOfPage":{"@id":"https:\/\/vieassociative.be\/actualites\/tout-ce-a-quoi-vous-avez-droit-lorsque-votre-vol-est-retarde-ou-annule-2\/"},"wordCount":1533,"publisher":{"@id":"https:\/\/vieassociative.be\/actualites\/#organization"},"image":{"@id":"https:\/\/vieassociative.be\/actualites\/tout-ce-a-quoi-vous-avez-droit-lorsque-votre-vol-est-retarde-ou-annule-2\/#primaryimage"},"thumbnailUrl":"https:\/\/vieassociative.be\/actualites\/wp-content\/uploads\/2025\/11\/Tout-ce-a-quoi-vous-avez-droit-lorsque-votre-vol.png","keywords":["annul\u00e9","avez","droit","est","lorsque","quoi","retard\u00e9","tout","vol","votre","Vous"],"articleSection":["Voyage"],"inLanguage":"fr-BE"},{"@type":"WebPage","@id":"https:\/\/vieassociative.be\/actualites\/tout-ce-a-quoi-vous-avez-droit-lorsque-votre-vol-est-retarde-ou-annule-2\/","url":"https:\/\/vieassociative.be\/actualites\/tout-ce-a-quoi-vous-avez-droit-lorsque-votre-vol-est-retarde-ou-annule-2\/","name":"Tout ce \u00e0 quoi vous avez droit lorsque votre vol est retard\u00e9 ou annul\u00e9 | Vie Associative","isPartOf":{"@id":"https:\/\/vieassociative.be\/actualites\/#website"},"primaryImageOfPage":{"@id":"https:\/\/vieassociative.be\/actualites\/tout-ce-a-quoi-vous-avez-droit-lorsque-votre-vol-est-retarde-ou-annule-2\/#primaryimage"},"image":{"@id":"https:\/\/vieassociative.be\/actualites\/tout-ce-a-quoi-vous-avez-droit-lorsque-votre-vol-est-retarde-ou-annule-2\/#primaryimage"},"thumbnailUrl":"https:\/\/vieassociative.be\/actualites\/wp-content\/uploads\/2025\/11\/Tout-ce-a-quoi-vous-avez-droit-lorsque-votre-vol.png","datePublished":"2025-11-10T13:17:43+00:00","dateModified":"2025-11-10T13:17:43+00:00","breadcrumb":{"@id":"https:\/\/vieassociative.be\/actualites\/tout-ce-a-quoi-vous-avez-droit-lorsque-votre-vol-est-retarde-ou-annule-2\/#breadcrumb"},"inLanguage":"fr-BE","potentialAction":[{"@type":"ReadAction","target":["https:\/\/vieassociative.be\/actualites\/tout-ce-a-quoi-vous-avez-droit-lorsque-votre-vol-est-retarde-ou-annule-2\/"]}]},{"@type":"ImageObject","inLanguage":"fr-BE","@id":"https:\/\/vieassociative.be\/actualites\/tout-ce-a-quoi-vous-avez-droit-lorsque-votre-vol-est-retarde-ou-annule-2\/#primaryimage","url":"https:\/\/vieassociative.be\/actualites\/wp-content\/uploads\/2025\/11\/Tout-ce-a-quoi-vous-avez-droit-lorsque-votre-vol.png","contentUrl":"https:\/\/vieassociative.be\/actualites\/wp-content\/uploads\/2025\/11\/Tout-ce-a-quoi-vous-avez-droit-lorsque-votre-vol.png","width":1200,"height":675,"caption":"Tout ce \u00e0 quoi vous avez droit lorsque votre vol est retard\u00e9 ou annul\u00e9"},{"@type":"BreadcrumbList","@id":"https:\/\/vieassociative.be\/actualites\/tout-ce-a-quoi-vous-avez-droit-lorsque-votre-vol-est-retarde-ou-annule-2\/#breadcrumb","itemListElement":[{"@type":"ListItem","position":1,"name":"Accueil","item":"https:\/\/vieassociative.be\/actualites\/"},{"@type":"ListItem","position":2,"name":"Tout ce \u00e0 quoi vous avez droit lorsque votre vol est retard\u00e9 ou annul\u00e9"}]},{"@type":"WebSite","@id":"https:\/\/vieassociative.be\/actualites\/#website","url":"https:\/\/vieassociative.be\/actualites\/","name":"Vie Associative","description":"","publisher":{"@id":"https:\/\/vieassociative.be\/actualites\/#organization"},"potentialAction":[{"@type":"SearchAction","target":{"@type":"EntryPoint","urlTemplate":"https:\/\/vieassociative.be\/actualites\/?s={search_term_string}"},"query-input":{"@type":"PropertyValueSpecification","valueRequired":true,"valueName":"search_term_string"}}],"inLanguage":"fr-BE"},{"@type":"Organization","@id":"https:\/\/vieassociative.be\/actualites\/#organization","name":"Vie Associative","url":"https:\/\/vieassociative.be\/actualites\/","logo":{"@type":"ImageObject","inLanguage":"fr-BE","@id":"https:\/\/vieassociative.be\/actualites\/#\/schema\/logo\/image\/","url":"https:\/\/vieassociative.be\/actualites\/wp-content\/uploads\/2024\/09\/cropped-vieassociative_favicon.ico.png","contentUrl":"https:\/\/vieassociative.be\/actualites\/wp-content\/uploads\/2024\/09\/cropped-vieassociative_favicon.ico.png","width":512,"height":512,"caption":"Vie Associative"},"image":{"@id":"https:\/\/vieassociative.be\/actualites\/#\/schema\/logo\/image\/"}},{"@type":"Person","@id":"https:\/\/vieassociative.be\/actualites\/#\/schema\/person\/b87ac4f82f9d4e7b7cec7395b679edc4","name":"Julien","image":{"@type":"ImageObject","inLanguage":"fr-BE","@id":"https:\/\/vieassociative.be\/actualites\/#\/schema\/person\/image\/","url":"https:\/\/vieassociative.be\/actualites\/wp-content\/uploads\/2024\/09\/vie-associative-1-150x150.jpg","contentUrl":"https:\/\/vieassociative.be\/actualites\/wp-content\/uploads\/2024\/09\/vie-associative-1-150x150.jpg","caption":"Julien"},"description":"Je suis Julien, r\u00e9dacteur pour Vie Associative. Passionn\u00e9 par le monde associatif depuis plus de 10 ans, j'ai \u00e0 c\u0153ur de partager des histoires inspirantes et de mettre en lumi\u00e8re les initiatives locales. Mon objectif est de sensibiliser et d'encourager l'engagement communautaire \u00e0 travers mes articles.","sameAs":["https:\/\/vieassociative.be\/"]}]}},"_links":{"self":[{"href":"https:\/\/vieassociative.be\/actualites\/wp-json\/wp\/v2\/posts\/11227"}],"collection":[{"href":"https:\/\/vieassociative.be\/actualites\/wp-json\/wp\/v2\/posts"}],"about":[{"href":"https:\/\/vieassociative.be\/actualites\/wp-json\/wp\/v2\/types\/post"}],"author":[{"embeddable":true,"href":"https:\/\/vieassociative.be\/actualites\/wp-json\/wp\/v2\/users\/1"}],"replies":[{"embeddable":true,"href":"https:\/\/vieassociative.be\/actualites\/wp-json\/wp\/v2\/comments?post=11227"}],"version-history":[{"count":0,"href":"https:\/\/vieassociative.be\/actualites\/wp-json\/wp\/v2\/posts\/11227\/revisions"}],"wp:featuredmedia":[{"embeddable":true,"href":"https:\/\/vieassociative.be\/actualites\/wp-json\/wp\/v2\/media\/11178"}],"wp:attachment":[{"href":"https:\/\/vieassociative.be\/actualites\/wp-json\/wp\/v2\/media?parent=11227"}],"wp:term":[{"taxonomy":"category","embeddable":true,"href":"https:\/\/vieassociative.be\/actualites\/wp-json\/wp\/v2\/categories?post=11227"},{"taxonomy":"post_tag","embeddable":true,"href":"https:\/\/vieassociative.be\/actualites\/wp-json\/wp\/v2\/tags?post=11227"}],"curies":[{"name":"wp","href":"https:\/\/api.w.org\/{rel}","templated":true}]}}