{"id":11221,"date":"2025-11-10T02:17:11","date_gmt":"2025-11-10T01:17:11","guid":{"rendered":"https:\/\/vieassociative.be\/actualites\/vous-pouvez-maintenant-installer-les-versions-beta-publiques-dios-26-2-et-de-macos-26-2\/"},"modified":"2025-11-10T02:17:11","modified_gmt":"2025-11-10T01:17:11","slug":"vous-pouvez-maintenant-installer-les-versions-beta-publiques-dios-26-2-et-de-macos-26-2","status":"publish","type":"post","link":"https:\/\/vieassociative.be\/actualites\/vous-pouvez-maintenant-installer-les-versions-beta-publiques-dios-26-2-et-de-macos-26-2\/","title":{"rendered":"Vous pouvez maintenant installer les versions b\u00eata publiques d&rsquo;iOS 26.2 et de macOS 26.2"},"content":{"rendered":"<div class=\"mt-4 leading-6 md:mb-8\">Si vous envisagez de lancer une version b\u00eata, c&rsquo;est le moment.<\/div>\n<p><\/p>\n<p>Mardi, Apple a abandonn\u00e9 les premi\u00e8res versions b\u00eata des d\u00e9veloppeurs pour iOS 26.2 et macOS 26.2. Bien que ces mises \u00e0 jour ne soient pas aussi massives que l&rsquo;\u00e9taient iOS 26 ou macOS 26, la version 26.2 inclut un certain nombre de nouvelles fonctionnalit\u00e9s et de modifications, notamment la possibilit\u00e9 d&rsquo;ajouter des alarmes aux rappels et des modifications dans la fa\u00e7on dont Apple calcule le nouveau score de sommeil de l&rsquo;Apple Watch. Malgr\u00e9 ces ajustements amusants, je ne peux pas recommander aux utilisateurs d&rsquo;installer les nouvelles mises \u00e0 jour sur leurs appareils personnels. Trois jours plus tard, je ne le fais toujours pas <em>recommander<\/em> mais je ne vous en dissuaderai pas n\u00e9cessairement non plus, car les versions b\u00eata publiques des deux mises \u00e0 jour sont d\u00e9sormais disponibles. <\/p>\n<h2 id=\"developer-vs-public-betas\">B\u00eatas d\u00e9veloppeur vs b\u00eata publique<\/h2>\n<p>Avant qu\u2019Apple ne publie une mise \u00e0 jour logicielle majeure au grand public, elle teste d\u2019abord ce logiciel aupr\u00e8s de plus petits groupes d\u2019utilisateurs. C\u2019est ce qu\u2019on appelle les tests b\u00eata. La soci\u00e9t\u00e9 publiera d&rsquo;abord une version b\u00eata sp\u00e9cialement con\u00e7ue pour les d\u00e9veloppeurs, que ces d\u00e9veloppeurs pourront installer sur leurs appareils pour voir comment leurs applications fonctionnent avec la prochaine mise \u00e0 jour. Ils peuvent ensuite signaler tous les probl\u00e8mes rencontr\u00e9s \u00e0 Apple, qui corrigera ces bugs avec les futures mises \u00e0 jour b\u00eata.<\/p>\n<p>Apr\u00e8s une courte p\u00e9riode de tests r\u00e9serv\u00e9s aux d\u00e9veloppeurs, Apple publie ensuite la version b\u00eata publique. Cette version b\u00eata est destin\u00e9e \u00e0 tout utilisateur Apple qui se sent un peu audacieux et souhaite essayer de nouvelles fonctionnalit\u00e9s plus t\u00f4t. Le compromis est que le logiciel n&rsquo;est pas encore termin\u00e9, de sorte que ces utilisateurs peuvent encore rencontrer des probl\u00e8mes, qu&rsquo;ils peuvent ensuite signaler \u00e0 Apple. Sur la base de ces commentaires, Apple continue d&rsquo;affiner la mise \u00e0 jour et, une fois qu&rsquo;elle semble stable, elle la publie aupr\u00e8s du grand public. <\/p>\n<div class=\"mx-auto mb-12 mt-5 w-full max-w-3xl rounded-md border-2 border-gray-100 p-3 shadow-md md:px-7 md:pb-7 md:pt-5\" id=\"related-video\">\n<div class=\"mb-3 flex items-center md:mb-5\">\n        <img decoding=\"async\" class=\"mr-4 mt-0 h-10 w-10 md:mr-5 md:h-12 md:w-12\" src=\"https:\/\/vieassociative.be\/actualites\/wp-content\/uploads\/2025\/09\/1757726237_608_Meta-pourrait-devoiler-une-montre-intelligente-pour-controler-ses-lunettes.jpg\" alt=\"Logo du pirate de la vie\"><\/p><\/div>\n<div class=\"aspect-video w-full overflow-hidden rounded-md\">\n<div id=\"video-container-01K9NND8WDH9KJS1BNWRB4MDCH\"><\/div>\n<\/p><\/div>\n<\/div>\n<p>Dans le pass\u00e9, Apple a verrouill\u00e9 la version b\u00eata du d\u00e9veloppeur derri\u00e8re son programme de d\u00e9veloppement payant, qui co\u00fbte 99 $. Si vous ne payiez pas, vous ne pouviez pas acc\u00e9der \u00e0 la version b\u00eata du d\u00e9veloppeur, vous \u00e9tiez donc soit coinc\u00e9 en attendant la version b\u00eata publique l\u00e9g\u00e8rement plus stable, soit en trouvant le fichier b\u00eata de d\u00e9veloppement quelque part sur Internet. Cette derni\u00e8re option ouvre les utilisateurs aux logiciels malveillants, ce qui pourrait expliquer pourquoi Apple a abandonn\u00e9 l&rsquo;exigence payante pour la version b\u00eata de d\u00e9veloppement. Maintenant, quiconque <em>registres<\/em> leur compte Apple en tant que d\u00e9veloppeur, qu&rsquo;ils aient ou non pay\u00e9 pour \u00eatre <em>dans<\/em> le programme d\u00e9veloppeur : peut t\u00e9l\u00e9charger et installer la version b\u00eata du d\u00e9veloppeur.<\/p>\n<p>Vous avez techniquement pu ex\u00e9cuter les versions b\u00eata 26.2 depuis mardi, si vous vouliez emprunter cette voie. Cependant, en raison de la nature des tests b\u00eata, la version b\u00eata du d\u00e9veloppeur (et la premi\u00e8re en plus) est la version b\u00eata la plus risqu\u00e9e \u00e0 installer. Il s\u2019agit de la premi\u00e8re tentative d\u2019Apple en version b\u00eata, ce qui signifie qu\u2019elle n\u2019a en grande partie pas \u00e9t\u00e9 test\u00e9e. Vous pourriez rencontrer des probl\u00e8mes de rupture de p\u00e9riph\u00e9rique et, sans une sauvegarde appropri\u00e9e, vous pourriez perdre des informations pr\u00e9cieuses. Bien que toutes les versions b\u00eata comportent des risques, la version b\u00eata publique est au moins test\u00e9e <em>assez<\/em> pour \u00e9liminer l&rsquo;un de ces d\u00e9fauts critiques. <\/p>\n<p>Bien que je ne vous recommande pas d&rsquo;ex\u00e9cuter des versions b\u00eata sur vos appareils personnels, la plupart d&rsquo;entre nous ne disposent pas d&rsquo;iPhone et de Mac de rechange pour ex\u00e9cuter des tests. En tant que tel, si vous envisagez d\u2019installer une version b\u00eata, c\u2019est le moment de le faire.<\/p>\n<h2 id=\"how-to-install-ios-and-macos-262\">Comment installer iOS et macOS 26.2<\/h2>\n<p>Avant d&rsquo;installer une version b\u00eata sur votre iPhone ou Mac, assurez-vous d&rsquo;avoir correctement sauvegard\u00e9 vos informations importantes. Cela signifie effectuer une sauvegarde compl\u00e8te de votre iPhone sur votre Mac ou PC, ou une sauvegarde des informations de votre Mac sur un disque dur s\u00e9par\u00e9. Si quelque chose ne va pas pendant les tests b\u00eata, vous devrez revenir \u00e0 iOS 26.1 ou macOS 26.1 et si vous ne disposez pas d&rsquo;une sauvegarde appropri\u00e9e, vous devrez restaurer les param\u00e8tres d&rsquo;usine de votre appareil pour le faire. L\u00e0 encore, il existe de r\u00e9els risques. <\/p>\n<p>Si vous acceptez ces risques et que vous avez effectu\u00e9 les sauvegardes appropri\u00e9es, inscrivez votre compte Apple au programme b\u00eata public. Une fois que vous l\u2019avez fait, vous devriez pouvoir acc\u00e9der aux versions b\u00eata \u00e0 partir de n\u2019importe quel compte Apple connect\u00e9. De l\u00e0, dirigez-vous vers <strong>Param\u00e8tres\u00a0> G\u00e9n\u00e9ral\u00a0> Mise \u00e0 jour du logiciel<\/strong> (iOS) ou <strong>Param\u00e8tres syst\u00e8me > G\u00e9n\u00e9ral > Mise \u00e0 jour du logiciel<\/strong> (macOS) et choisissez \u00ab\u00a0Mises \u00e0 jour b\u00eata\u00a0\u00bb. Choisissez \u00ab iOS 26 Public Beta \u00bb ou \u00ab macOS Tahoe 26 Public Beta \u00bb, puis revenez en arri\u00e8re d&rsquo;une page. Laissez la page se charger, puis t\u00e9l\u00e9chargez et installez la version b\u00eata comme n\u2019importe quelle autre mise \u00e0 jour.<\/p>\n","protected":false},"excerpt":{"rendered":"<p>Si vous envisagez de lancer une version b\u00eata, c&rsquo;est le moment. Mardi, Apple a abandonn\u00e9 les premi\u00e8res versions b\u00eata des d\u00e9veloppeurs pour iOS 26.2 et<\/p>\n","protected":false},"author":1,"featured_media":11222,"comment_status":"","ping_status":"","sticky":false,"template":"","format":"standard","meta":{"footnotes":""},"categories":[13],"tags":[4813,285,4336,14,7388,233,5,8159,9202,4],"class_list":["post-11221","post","type-post","status-publish","format-standard","has-post-thumbnail","hentry","category-technologie","tag-beta","tag-dios","tag-installer","tag-les","tag-macos","tag-maintenant","tag-pouvez","tag-publiques","tag-versions","tag-vous","generate-columns","tablet-grid-50","mobile-grid-100","grid-parent","grid-33"],"yoast_head":"<!-- This site is optimized with the Yoast SEO plugin v24.0 - https:\/\/yoast.com\/wordpress\/plugins\/seo\/ -->\n<title>Vous pouvez maintenant installer les versions b\u00eata publiques d&#039;iOS 26.2 et de macOS 26.2 | Vie Associative<\/title>\n<meta name=\"robots\" content=\"index, follow, max-snippet:-1, max-image-preview:large, max-video-preview:-1\" \/>\n<link rel=\"canonical\" href=\"https:\/\/vieassociative.be\/actualites\/vous-pouvez-maintenant-installer-les-versions-beta-publiques-dios-26-2-et-de-macos-26-2\/\" \/>\n<meta property=\"og:locale\" content=\"fr_FR\" \/>\n<meta property=\"og:type\" content=\"article\" \/>\n<meta property=\"og:title\" content=\"Vous pouvez maintenant installer les versions b\u00eata publiques d&#039;iOS 26.2 et de macOS 26.2 | Vie Associative\" \/>\n<meta property=\"og:description\" content=\"Si vous envisagez de lancer une version b\u00eata, c&rsquo;est le moment. Mardi, Apple a abandonn\u00e9 les premi\u00e8res versions b\u00eata des d\u00e9veloppeurs pour iOS 26.2 et\" \/>\n<meta property=\"og:url\" content=\"https:\/\/vieassociative.be\/actualites\/vous-pouvez-maintenant-installer-les-versions-beta-publiques-dios-26-2-et-de-macos-26-2\/\" \/>\n<meta property=\"og:site_name\" content=\"Vie Associative\" \/>\n<meta property=\"article:published_time\" content=\"2025-11-10T01:17:11+00:00\" \/>\n<meta property=\"og:image\" content=\"https:\/\/vieassociative.be\/actualites\/wp-content\/uploads\/2025\/09\/1757726237_608_Meta-pourrait-devoiler-une-montre-intelligente-pour-controler-ses-lunettes.jpg\" \/>\n<meta name=\"author\" content=\"Julien\" \/>\n<meta name=\"twitter:card\" content=\"summary_large_image\" \/>\n<meta name=\"twitter:label1\" content=\"\u00c9crit par\" \/>\n\t<meta name=\"twitter:data1\" content=\"Julien\" \/>\n\t<meta name=\"twitter:label2\" content=\"Dur\u00e9e de lecture est.\" \/>\n\t<meta name=\"twitter:data2\" content=\"4 minutes\" \/>\n<script type=\"application\/ld+json\" class=\"yoast-schema-graph\">{\"@context\":\"https:\/\/schema.org\",\"@graph\":[{\"@type\":\"Article\",\"@id\":\"https:\/\/vieassociative.be\/actualites\/vous-pouvez-maintenant-installer-les-versions-beta-publiques-dios-26-2-et-de-macos-26-2\/#article\",\"isPartOf\":{\"@id\":\"https:\/\/vieassociative.be\/actualites\/vous-pouvez-maintenant-installer-les-versions-beta-publiques-dios-26-2-et-de-macos-26-2\/\"},\"author\":{\"name\":\"Julien\",\"@id\":\"https:\/\/vieassociative.be\/actualites\/#\/schema\/person\/b87ac4f82f9d4e7b7cec7395b679edc4\"},\"headline\":\"Vous pouvez maintenant installer les versions b\u00eata publiques d&rsquo;iOS 26.2 et de macOS 26.2\",\"datePublished\":\"2025-11-10T01:17:11+00:00\",\"dateModified\":\"2025-11-10T01:17:11+00:00\",\"mainEntityOfPage\":{\"@id\":\"https:\/\/vieassociative.be\/actualites\/vous-pouvez-maintenant-installer-les-versions-beta-publiques-dios-26-2-et-de-macos-26-2\/\"},\"wordCount\":921,\"publisher\":{\"@id\":\"https:\/\/vieassociative.be\/actualites\/#organization\"},\"image\":{\"@id\":\"https:\/\/vieassociative.be\/actualites\/vous-pouvez-maintenant-installer-les-versions-beta-publiques-dios-26-2-et-de-macos-26-2\/#primaryimage\"},\"thumbnailUrl\":\"https:\/\/vieassociative.be\/actualites\/wp-content\/uploads\/2025\/11\/Vous-pouvez-maintenant-installer-les-versions-beta-publiques-diOS-262.jpg\",\"keywords\":[\"b\u00eata\",\"diOS\",\"installer\",\"Les\",\"MacOS\",\"maintenant\",\"pouvez\",\"publiques\",\"versions\",\"Vous\"],\"articleSection\":[\"Technologie\"],\"inLanguage\":\"fr-BE\"},{\"@type\":\"WebPage\",\"@id\":\"https:\/\/vieassociative.be\/actualites\/vous-pouvez-maintenant-installer-les-versions-beta-publiques-dios-26-2-et-de-macos-26-2\/\",\"url\":\"https:\/\/vieassociative.be\/actualites\/vous-pouvez-maintenant-installer-les-versions-beta-publiques-dios-26-2-et-de-macos-26-2\/\",\"name\":\"Vous pouvez maintenant installer les versions b\u00eata publiques d'iOS 26.2 et de macOS 26.2 | Vie Associative\",\"isPartOf\":{\"@id\":\"https:\/\/vieassociative.be\/actualites\/#website\"},\"primaryImageOfPage\":{\"@id\":\"https:\/\/vieassociative.be\/actualites\/vous-pouvez-maintenant-installer-les-versions-beta-publiques-dios-26-2-et-de-macos-26-2\/#primaryimage\"},\"image\":{\"@id\":\"https:\/\/vieassociative.be\/actualites\/vous-pouvez-maintenant-installer-les-versions-beta-publiques-dios-26-2-et-de-macos-26-2\/#primaryimage\"},\"thumbnailUrl\":\"https:\/\/vieassociative.be\/actualites\/wp-content\/uploads\/2025\/11\/Vous-pouvez-maintenant-installer-les-versions-beta-publiques-diOS-262.jpg\",\"datePublished\":\"2025-11-10T01:17:11+00:00\",\"dateModified\":\"2025-11-10T01:17:11+00:00\",\"breadcrumb\":{\"@id\":\"https:\/\/vieassociative.be\/actualites\/vous-pouvez-maintenant-installer-les-versions-beta-publiques-dios-26-2-et-de-macos-26-2\/#breadcrumb\"},\"inLanguage\":\"fr-BE\",\"potentialAction\":[{\"@type\":\"ReadAction\",\"target\":[\"https:\/\/vieassociative.be\/actualites\/vous-pouvez-maintenant-installer-les-versions-beta-publiques-dios-26-2-et-de-macos-26-2\/\"]}]},{\"@type\":\"ImageObject\",\"inLanguage\":\"fr-BE\",\"@id\":\"https:\/\/vieassociative.be\/actualites\/vous-pouvez-maintenant-installer-les-versions-beta-publiques-dios-26-2-et-de-macos-26-2\/#primaryimage\",\"url\":\"https:\/\/vieassociative.be\/actualites\/wp-content\/uploads\/2025\/11\/Vous-pouvez-maintenant-installer-les-versions-beta-publiques-diOS-262.jpg\",\"contentUrl\":\"https:\/\/vieassociative.be\/actualites\/wp-content\/uploads\/2025\/11\/Vous-pouvez-maintenant-installer-les-versions-beta-publiques-diOS-262.jpg\",\"width\":1200,\"height\":675,\"caption\":\"Vous pouvez maintenant installer les versions b\u00eata publiques d'iOS 26.2 et de macOS 26.2\"},{\"@type\":\"BreadcrumbList\",\"@id\":\"https:\/\/vieassociative.be\/actualites\/vous-pouvez-maintenant-installer-les-versions-beta-publiques-dios-26-2-et-de-macos-26-2\/#breadcrumb\",\"itemListElement\":[{\"@type\":\"ListItem\",\"position\":1,\"name\":\"Accueil\",\"item\":\"https:\/\/vieassociative.be\/actualites\/\"},{\"@type\":\"ListItem\",\"position\":2,\"name\":\"Vous pouvez maintenant installer les versions b\u00eata publiques d&rsquo;iOS 26.2 et de macOS 26.2\"}]},{\"@type\":\"WebSite\",\"@id\":\"https:\/\/vieassociative.be\/actualites\/#website\",\"url\":\"https:\/\/vieassociative.be\/actualites\/\",\"name\":\"Vie Associative\",\"description\":\"\",\"publisher\":{\"@id\":\"https:\/\/vieassociative.be\/actualites\/#organization\"},\"potentialAction\":[{\"@type\":\"SearchAction\",\"target\":{\"@type\":\"EntryPoint\",\"urlTemplate\":\"https:\/\/vieassociative.be\/actualites\/?s={search_term_string}\"},\"query-input\":{\"@type\":\"PropertyValueSpecification\",\"valueRequired\":true,\"valueName\":\"search_term_string\"}}],\"inLanguage\":\"fr-BE\"},{\"@type\":\"Organization\",\"@id\":\"https:\/\/vieassociative.be\/actualites\/#organization\",\"name\":\"Vie Associative\",\"url\":\"https:\/\/vieassociative.be\/actualites\/\",\"logo\":{\"@type\":\"ImageObject\",\"inLanguage\":\"fr-BE\",\"@id\":\"https:\/\/vieassociative.be\/actualites\/#\/schema\/logo\/image\/\",\"url\":\"https:\/\/vieassociative.be\/actualites\/wp-content\/uploads\/2024\/09\/cropped-vieassociative_favicon.ico.png\",\"contentUrl\":\"https:\/\/vieassociative.be\/actualites\/wp-content\/uploads\/2024\/09\/cropped-vieassociative_favicon.ico.png\",\"width\":512,\"height\":512,\"caption\":\"Vie Associative\"},\"image\":{\"@id\":\"https:\/\/vieassociative.be\/actualites\/#\/schema\/logo\/image\/\"}},{\"@type\":\"Person\",\"@id\":\"https:\/\/vieassociative.be\/actualites\/#\/schema\/person\/b87ac4f82f9d4e7b7cec7395b679edc4\",\"name\":\"Julien\",\"image\":{\"@type\":\"ImageObject\",\"inLanguage\":\"fr-BE\",\"@id\":\"https:\/\/vieassociative.be\/actualites\/#\/schema\/person\/image\/\",\"url\":\"https:\/\/vieassociative.be\/actualites\/wp-content\/uploads\/2024\/09\/vie-associative-1-150x150.jpg\",\"contentUrl\":\"https:\/\/vieassociative.be\/actualites\/wp-content\/uploads\/2024\/09\/vie-associative-1-150x150.jpg\",\"caption\":\"Julien\"},\"description\":\"Je suis Julien, r\u00e9dacteur pour Vie Associative. Passionn\u00e9 par le monde associatif depuis plus de 10 ans, j'ai \u00e0 c\u0153ur de partager des histoires inspirantes et de mettre en lumi\u00e8re les initiatives locales. Mon objectif est de sensibiliser et d'encourager l'engagement communautaire \u00e0 travers mes articles.\",\"sameAs\":[\"https:\/\/vieassociative.be\/\"]}]}<\/script>\n<!-- \/ Yoast SEO plugin. -->","yoast_head_json":{"title":"Vous pouvez maintenant installer les versions b\u00eata publiques d'iOS 26.2 et de macOS 26.2 | Vie Associative","robots":{"index":"index","follow":"follow","max-snippet":"max-snippet:-1","max-image-preview":"max-image-preview:large","max-video-preview":"max-video-preview:-1"},"canonical":"https:\/\/vieassociative.be\/actualites\/vous-pouvez-maintenant-installer-les-versions-beta-publiques-dios-26-2-et-de-macos-26-2\/","og_locale":"fr_FR","og_type":"article","og_title":"Vous pouvez maintenant installer les versions b\u00eata publiques d'iOS 26.2 et de macOS 26.2 | Vie Associative","og_description":"Si vous envisagez de lancer une version b\u00eata, c&rsquo;est le moment. Mardi, Apple a abandonn\u00e9 les premi\u00e8res versions b\u00eata des d\u00e9veloppeurs pour iOS 26.2 et","og_url":"https:\/\/vieassociative.be\/actualites\/vous-pouvez-maintenant-installer-les-versions-beta-publiques-dios-26-2-et-de-macos-26-2\/","og_site_name":"Vie Associative","article_published_time":"2025-11-10T01:17:11+00:00","og_image":[{"url":"https:\/\/vieassociative.be\/actualites\/wp-content\/uploads\/2025\/09\/1757726237_608_Meta-pourrait-devoiler-une-montre-intelligente-pour-controler-ses-lunettes.jpg","type":"","width":"","height":""}],"author":"Julien","twitter_card":"summary_large_image","twitter_misc":{"\u00c9crit par":"Julien","Dur\u00e9e de lecture est.":"4 minutes"},"schema":{"@context":"https:\/\/schema.org","@graph":[{"@type":"Article","@id":"https:\/\/vieassociative.be\/actualites\/vous-pouvez-maintenant-installer-les-versions-beta-publiques-dios-26-2-et-de-macos-26-2\/#article","isPartOf":{"@id":"https:\/\/vieassociative.be\/actualites\/vous-pouvez-maintenant-installer-les-versions-beta-publiques-dios-26-2-et-de-macos-26-2\/"},"author":{"name":"Julien","@id":"https:\/\/vieassociative.be\/actualites\/#\/schema\/person\/b87ac4f82f9d4e7b7cec7395b679edc4"},"headline":"Vous pouvez maintenant installer les versions b\u00eata publiques d&rsquo;iOS 26.2 et de macOS 26.2","datePublished":"2025-11-10T01:17:11+00:00","dateModified":"2025-11-10T01:17:11+00:00","mainEntityOfPage":{"@id":"https:\/\/vieassociative.be\/actualites\/vous-pouvez-maintenant-installer-les-versions-beta-publiques-dios-26-2-et-de-macos-26-2\/"},"wordCount":921,"publisher":{"@id":"https:\/\/vieassociative.be\/actualites\/#organization"},"image":{"@id":"https:\/\/vieassociative.be\/actualites\/vous-pouvez-maintenant-installer-les-versions-beta-publiques-dios-26-2-et-de-macos-26-2\/#primaryimage"},"thumbnailUrl":"https:\/\/vieassociative.be\/actualites\/wp-content\/uploads\/2025\/11\/Vous-pouvez-maintenant-installer-les-versions-beta-publiques-diOS-262.jpg","keywords":["b\u00eata","diOS","installer","Les","MacOS","maintenant","pouvez","publiques","versions","Vous"],"articleSection":["Technologie"],"inLanguage":"fr-BE"},{"@type":"WebPage","@id":"https:\/\/vieassociative.be\/actualites\/vous-pouvez-maintenant-installer-les-versions-beta-publiques-dios-26-2-et-de-macos-26-2\/","url":"https:\/\/vieassociative.be\/actualites\/vous-pouvez-maintenant-installer-les-versions-beta-publiques-dios-26-2-et-de-macos-26-2\/","name":"Vous pouvez maintenant installer les versions b\u00eata publiques d'iOS 26.2 et de macOS 26.2 | Vie Associative","isPartOf":{"@id":"https:\/\/vieassociative.be\/actualites\/#website"},"primaryImageOfPage":{"@id":"https:\/\/vieassociative.be\/actualites\/vous-pouvez-maintenant-installer-les-versions-beta-publiques-dios-26-2-et-de-macos-26-2\/#primaryimage"},"image":{"@id":"https:\/\/vieassociative.be\/actualites\/vous-pouvez-maintenant-installer-les-versions-beta-publiques-dios-26-2-et-de-macos-26-2\/#primaryimage"},"thumbnailUrl":"https:\/\/vieassociative.be\/actualites\/wp-content\/uploads\/2025\/11\/Vous-pouvez-maintenant-installer-les-versions-beta-publiques-diOS-262.jpg","datePublished":"2025-11-10T01:17:11+00:00","dateModified":"2025-11-10T01:17:11+00:00","breadcrumb":{"@id":"https:\/\/vieassociative.be\/actualites\/vous-pouvez-maintenant-installer-les-versions-beta-publiques-dios-26-2-et-de-macos-26-2\/#breadcrumb"},"inLanguage":"fr-BE","potentialAction":[{"@type":"ReadAction","target":["https:\/\/vieassociative.be\/actualites\/vous-pouvez-maintenant-installer-les-versions-beta-publiques-dios-26-2-et-de-macos-26-2\/"]}]},{"@type":"ImageObject","inLanguage":"fr-BE","@id":"https:\/\/vieassociative.be\/actualites\/vous-pouvez-maintenant-installer-les-versions-beta-publiques-dios-26-2-et-de-macos-26-2\/#primaryimage","url":"https:\/\/vieassociative.be\/actualites\/wp-content\/uploads\/2025\/11\/Vous-pouvez-maintenant-installer-les-versions-beta-publiques-diOS-262.jpg","contentUrl":"https:\/\/vieassociative.be\/actualites\/wp-content\/uploads\/2025\/11\/Vous-pouvez-maintenant-installer-les-versions-beta-publiques-diOS-262.jpg","width":1200,"height":675,"caption":"Vous pouvez maintenant installer les versions b\u00eata publiques d'iOS 26.2 et de macOS 26.2"},{"@type":"BreadcrumbList","@id":"https:\/\/vieassociative.be\/actualites\/vous-pouvez-maintenant-installer-les-versions-beta-publiques-dios-26-2-et-de-macos-26-2\/#breadcrumb","itemListElement":[{"@type":"ListItem","position":1,"name":"Accueil","item":"https:\/\/vieassociative.be\/actualites\/"},{"@type":"ListItem","position":2,"name":"Vous pouvez maintenant installer les versions b\u00eata publiques d&rsquo;iOS 26.2 et de macOS 26.2"}]},{"@type":"WebSite","@id":"https:\/\/vieassociative.be\/actualites\/#website","url":"https:\/\/vieassociative.be\/actualites\/","name":"Vie Associative","description":"","publisher":{"@id":"https:\/\/vieassociative.be\/actualites\/#organization"},"potentialAction":[{"@type":"SearchAction","target":{"@type":"EntryPoint","urlTemplate":"https:\/\/vieassociative.be\/actualites\/?s={search_term_string}"},"query-input":{"@type":"PropertyValueSpecification","valueRequired":true,"valueName":"search_term_string"}}],"inLanguage":"fr-BE"},{"@type":"Organization","@id":"https:\/\/vieassociative.be\/actualites\/#organization","name":"Vie Associative","url":"https:\/\/vieassociative.be\/actualites\/","logo":{"@type":"ImageObject","inLanguage":"fr-BE","@id":"https:\/\/vieassociative.be\/actualites\/#\/schema\/logo\/image\/","url":"https:\/\/vieassociative.be\/actualites\/wp-content\/uploads\/2024\/09\/cropped-vieassociative_favicon.ico.png","contentUrl":"https:\/\/vieassociative.be\/actualites\/wp-content\/uploads\/2024\/09\/cropped-vieassociative_favicon.ico.png","width":512,"height":512,"caption":"Vie Associative"},"image":{"@id":"https:\/\/vieassociative.be\/actualites\/#\/schema\/logo\/image\/"}},{"@type":"Person","@id":"https:\/\/vieassociative.be\/actualites\/#\/schema\/person\/b87ac4f82f9d4e7b7cec7395b679edc4","name":"Julien","image":{"@type":"ImageObject","inLanguage":"fr-BE","@id":"https:\/\/vieassociative.be\/actualites\/#\/schema\/person\/image\/","url":"https:\/\/vieassociative.be\/actualites\/wp-content\/uploads\/2024\/09\/vie-associative-1-150x150.jpg","contentUrl":"https:\/\/vieassociative.be\/actualites\/wp-content\/uploads\/2024\/09\/vie-associative-1-150x150.jpg","caption":"Julien"},"description":"Je suis Julien, r\u00e9dacteur pour Vie Associative. Passionn\u00e9 par le monde associatif depuis plus de 10 ans, j'ai \u00e0 c\u0153ur de partager des histoires inspirantes et de mettre en lumi\u00e8re les initiatives locales. Mon objectif est de sensibiliser et d'encourager l'engagement communautaire \u00e0 travers mes articles.","sameAs":["https:\/\/vieassociative.be\/"]}]}},"_links":{"self":[{"href":"https:\/\/vieassociative.be\/actualites\/wp-json\/wp\/v2\/posts\/11221"}],"collection":[{"href":"https:\/\/vieassociative.be\/actualites\/wp-json\/wp\/v2\/posts"}],"about":[{"href":"https:\/\/vieassociative.be\/actualites\/wp-json\/wp\/v2\/types\/post"}],"author":[{"embeddable":true,"href":"https:\/\/vieassociative.be\/actualites\/wp-json\/wp\/v2\/users\/1"}],"replies":[{"embeddable":true,"href":"https:\/\/vieassociative.be\/actualites\/wp-json\/wp\/v2\/comments?post=11221"}],"version-history":[{"count":0,"href":"https:\/\/vieassociative.be\/actualites\/wp-json\/wp\/v2\/posts\/11221\/revisions"}],"wp:featuredmedia":[{"embeddable":true,"href":"https:\/\/vieassociative.be\/actualites\/wp-json\/wp\/v2\/media\/11222"}],"wp:attachment":[{"href":"https:\/\/vieassociative.be\/actualites\/wp-json\/wp\/v2\/media?parent=11221"}],"wp:term":[{"taxonomy":"category","embeddable":true,"href":"https:\/\/vieassociative.be\/actualites\/wp-json\/wp\/v2\/categories?post=11221"},{"taxonomy":"post_tag","embeddable":true,"href":"https:\/\/vieassociative.be\/actualites\/wp-json\/wp\/v2\/tags?post=11221"}],"curies":[{"name":"wp","href":"https:\/\/api.w.org\/{rel}","templated":true}]}}