{"id":11219,"date":"2025-11-09T21:17:42","date_gmt":"2025-11-09T20:17:42","guid":{"rendered":"https:\/\/vieassociative.be\/actualites\/le-fc-bruges-perd-le-topper-0-1-face-au-champion-record-danderlecht\/"},"modified":"2025-11-09T21:17:42","modified_gmt":"2025-11-09T20:17:42","slug":"le-fc-bruges-perd-le-topper-0-1-face-au-champion-record-danderlecht","status":"publish","type":"post","link":"https:\/\/vieassociative.be\/actualites\/le-fc-bruges-perd-le-topper-0-1-face-au-champion-record-danderlecht\/","title":{"rendered":"Le FC Bruges perd le \u00abTopper\u00bb 0-1 face au champion record d&rsquo;Anderlecht"},"content":{"rendered":"<p><strong>La bonne performance de la semaine en Ligue des Champions a \u00e9galement laiss\u00e9 des traces au FC Bruges : quatre jours apr\u00e8s le spectaculaire match nul 3-3 contre le FC Barcelone, les \u00ab Blau en Zwart \u00bb ont perdu le match d&rsquo;excellence (\u00ab Topper \u00bb) 0-1 au RSC Anderlecht.<\/strong><\/p>\n<p><span id=\"more-429263\"><\/span>Anderlecht a ouvert l&rsquo;\u00e8re sous la direction du nouveau pr\u00e9sident Michael Verschueren avec une victoire contre le FC Bruges. Les champions du record ont jou\u00e9 une solide premi\u00e8re mi-temps et ont pris l&rsquo;avantage apr\u00e8s seulement six minutes gr\u00e2ce \u00e0 un but contre son camp de Mechele de Bruges.<\/p>\n<p>Anderlecht dominait alors la rencontre. Les stars brugeoises, repr\u00e9sent\u00e9es par Forbs et Vermant, tous deux appel\u00e9s en \u00e9quipe nationale, n&rsquo;ont eu aucune influence sur le match. Ils ont \u00e9t\u00e9 remplac\u00e9s apr\u00e8s une heure de jeu.<\/p>\n<p>Du c\u00f4t\u00e9 d&rsquo;Anderlecht, Bertaccini a \u00e9t\u00e9 excellent, tout comme toute l&rsquo;\u00e9quipe. Il a \u00e9t\u00e9 remplac\u00e9 \u00e0 la 75e minute sous les applaudissements du public.<\/p>\n<p>Vers la fin du match, plusieurs joueurs d&rsquo;Anderlecht ont commenc\u00e9 \u00e0 souffrir de crampes. Mais ils ont tenu bon sans trop trembler&#8230; jusqu&rsquo;\u00e0 la 85\u00e8me minute. Mechele, qui jouait dans la surface de r\u00e9paration, \u00e9tait sur le point de marquer un doubl\u00e9. Mais le gardien d&rsquo;Anderlecht, Coosemans, a sauv\u00e9 les champions du record avec un superbe arr\u00eat.<\/p>\n<p>Il s&rsquo;agit de la premi\u00e8re victoire de l&rsquo;\u00e9quipe bruxelloise \u00e0 domicile dans le \u00ab Topper \u00bb contre le FC Bruges depuis le 11 avril 2021. (cre)<\/p>\n","protected":false},"excerpt":{"rendered":"<p>La bonne performance de la semaine en Ligue des Champions a \u00e9galement laiss\u00e9 des traces au FC Bruges : quatre jours apr\u00e8s le spectaculaire match<\/p>\n","protected":false},"author":1,"featured_media":11220,"comment_status":"","ping_status":"","sticky":false,"template":"","format":"standard","meta":{"footnotes":""},"categories":[298],"tags":[2851,2524,9201,733,3021,2568,9200],"class_list":["post-11219","post","type-post","status-publish","format-standard","has-post-thumbnail","hentry","category-belgique","tag-bruges","tag-champion","tag-danderlecht","tag-face","tag-perd","tag-record","tag-topper","generate-columns","tablet-grid-50","mobile-grid-100","grid-parent","grid-33"],"yoast_head":"<!-- This site is optimized with the Yoast SEO plugin v24.0 - https:\/\/yoast.com\/wordpress\/plugins\/seo\/ -->\n<title>Le FC Bruges perd le \u00abTopper\u00bb 0-1 face au champion record d&#039;Anderlecht | Vie Associative<\/title>\n<meta name=\"robots\" content=\"index, follow, max-snippet:-1, max-image-preview:large, max-video-preview:-1\" \/>\n<link rel=\"canonical\" href=\"https:\/\/vieassociative.be\/actualites\/le-fc-bruges-perd-le-topper-0-1-face-au-champion-record-danderlecht\/\" \/>\n<meta property=\"og:locale\" content=\"fr_FR\" \/>\n<meta property=\"og:type\" content=\"article\" \/>\n<meta property=\"og:title\" content=\"Le FC Bruges perd le \u00abTopper\u00bb 0-1 face au champion record d&#039;Anderlecht | Vie Associative\" \/>\n<meta property=\"og:description\" content=\"La bonne performance de la semaine en Ligue des Champions a \u00e9galement laiss\u00e9 des traces au FC Bruges : quatre jours apr\u00e8s le spectaculaire match\" \/>\n<meta property=\"og:url\" content=\"https:\/\/vieassociative.be\/actualites\/le-fc-bruges-perd-le-topper-0-1-face-au-champion-record-danderlecht\/\" \/>\n<meta property=\"og:site_name\" content=\"Vie Associative\" \/>\n<meta property=\"article:published_time\" content=\"2025-11-09T20:17:42+00:00\" \/>\n<meta property=\"og:image\" content=\"https:\/\/vieassociative.be\/actualites\/wp-content\/uploads\/2024\/09\/header_backgroundk-01-e1726694325946.png\" \/>\n\t<meta property=\"og:image:width\" content=\"279\" \/>\n\t<meta property=\"og:image:height\" content=\"92\" \/>\n\t<meta property=\"og:image:type\" content=\"image\/png\" \/>\n<meta name=\"author\" content=\"Julien\" \/>\n<meta name=\"twitter:card\" content=\"summary_large_image\" \/>\n<meta name=\"twitter:label1\" content=\"\u00c9crit par\" \/>\n\t<meta name=\"twitter:data1\" content=\"Julien\" \/>\n\t<meta name=\"twitter:label2\" content=\"Dur\u00e9e de lecture est.\" \/>\n\t<meta name=\"twitter:data2\" content=\"1 minute\" \/>\n<script type=\"application\/ld+json\" class=\"yoast-schema-graph\">{\"@context\":\"https:\/\/schema.org\",\"@graph\":[{\"@type\":\"Article\",\"@id\":\"https:\/\/vieassociative.be\/actualites\/le-fc-bruges-perd-le-topper-0-1-face-au-champion-record-danderlecht\/#article\",\"isPartOf\":{\"@id\":\"https:\/\/vieassociative.be\/actualites\/le-fc-bruges-perd-le-topper-0-1-face-au-champion-record-danderlecht\/\"},\"author\":{\"name\":\"Julien\",\"@id\":\"https:\/\/vieassociative.be\/actualites\/#\/schema\/person\/b87ac4f82f9d4e7b7cec7395b679edc4\"},\"headline\":\"Le FC Bruges perd le \u00abTopper\u00bb 0-1 face au champion record d&rsquo;Anderlecht\",\"datePublished\":\"2025-11-09T20:17:42+00:00\",\"dateModified\":\"2025-11-09T20:17:42+00:00\",\"mainEntityOfPage\":{\"@id\":\"https:\/\/vieassociative.be\/actualites\/le-fc-bruges-perd-le-topper-0-1-face-au-champion-record-danderlecht\/\"},\"wordCount\":263,\"publisher\":{\"@id\":\"https:\/\/vieassociative.be\/actualites\/#organization\"},\"image\":{\"@id\":\"https:\/\/vieassociative.be\/actualites\/le-fc-bruges-perd-le-topper-0-1-face-au-champion-record-danderlecht\/#primaryimage\"},\"thumbnailUrl\":\"https:\/\/vieassociative.be\/actualites\/wp-content\/uploads\/2025\/11\/Le-FC-Bruges-perd-le-Topper-0-1-face-au-champion.jpg\",\"keywords\":[\"Bruges\",\"champion\",\"dAnderlecht\",\"face\",\"perd\",\"record\",\"Topper\"],\"articleSection\":[\"Belgique\"],\"inLanguage\":\"fr-BE\"},{\"@type\":\"WebPage\",\"@id\":\"https:\/\/vieassociative.be\/actualites\/le-fc-bruges-perd-le-topper-0-1-face-au-champion-record-danderlecht\/\",\"url\":\"https:\/\/vieassociative.be\/actualites\/le-fc-bruges-perd-le-topper-0-1-face-au-champion-record-danderlecht\/\",\"name\":\"Le FC Bruges perd le \u00abTopper\u00bb 0-1 face au champion record d'Anderlecht | Vie Associative\",\"isPartOf\":{\"@id\":\"https:\/\/vieassociative.be\/actualites\/#website\"},\"primaryImageOfPage\":{\"@id\":\"https:\/\/vieassociative.be\/actualites\/le-fc-bruges-perd-le-topper-0-1-face-au-champion-record-danderlecht\/#primaryimage\"},\"image\":{\"@id\":\"https:\/\/vieassociative.be\/actualites\/le-fc-bruges-perd-le-topper-0-1-face-au-champion-record-danderlecht\/#primaryimage\"},\"thumbnailUrl\":\"https:\/\/vieassociative.be\/actualites\/wp-content\/uploads\/2025\/11\/Le-FC-Bruges-perd-le-Topper-0-1-face-au-champion.jpg\",\"datePublished\":\"2025-11-09T20:17:42+00:00\",\"dateModified\":\"2025-11-09T20:17:42+00:00\",\"breadcrumb\":{\"@id\":\"https:\/\/vieassociative.be\/actualites\/le-fc-bruges-perd-le-topper-0-1-face-au-champion-record-danderlecht\/#breadcrumb\"},\"inLanguage\":\"fr-BE\",\"potentialAction\":[{\"@type\":\"ReadAction\",\"target\":[\"https:\/\/vieassociative.be\/actualites\/le-fc-bruges-perd-le-topper-0-1-face-au-champion-record-danderlecht\/\"]}]},{\"@type\":\"ImageObject\",\"inLanguage\":\"fr-BE\",\"@id\":\"https:\/\/vieassociative.be\/actualites\/le-fc-bruges-perd-le-topper-0-1-face-au-champion-record-danderlecht\/#primaryimage\",\"url\":\"https:\/\/vieassociative.be\/actualites\/wp-content\/uploads\/2025\/11\/Le-FC-Bruges-perd-le-Topper-0-1-face-au-champion.jpg\",\"contentUrl\":\"https:\/\/vieassociative.be\/actualites\/wp-content\/uploads\/2025\/11\/Le-FC-Bruges-perd-le-Topper-0-1-face-au-champion.jpg\",\"width\":1200,\"height\":800,\"caption\":\"Le FC Bruges perd le \u00abTopper\u00bb 0-1 face au champion record d'Anderlecht\"},{\"@type\":\"BreadcrumbList\",\"@id\":\"https:\/\/vieassociative.be\/actualites\/le-fc-bruges-perd-le-topper-0-1-face-au-champion-record-danderlecht\/#breadcrumb\",\"itemListElement\":[{\"@type\":\"ListItem\",\"position\":1,\"name\":\"Accueil\",\"item\":\"https:\/\/vieassociative.be\/actualites\/\"},{\"@type\":\"ListItem\",\"position\":2,\"name\":\"Le FC Bruges perd le \u00abTopper\u00bb 0-1 face au champion record d&rsquo;Anderlecht\"}]},{\"@type\":\"WebSite\",\"@id\":\"https:\/\/vieassociative.be\/actualites\/#website\",\"url\":\"https:\/\/vieassociative.be\/actualites\/\",\"name\":\"Vie Associative\",\"description\":\"\",\"publisher\":{\"@id\":\"https:\/\/vieassociative.be\/actualites\/#organization\"},\"potentialAction\":[{\"@type\":\"SearchAction\",\"target\":{\"@type\":\"EntryPoint\",\"urlTemplate\":\"https:\/\/vieassociative.be\/actualites\/?s={search_term_string}\"},\"query-input\":{\"@type\":\"PropertyValueSpecification\",\"valueRequired\":true,\"valueName\":\"search_term_string\"}}],\"inLanguage\":\"fr-BE\"},{\"@type\":\"Organization\",\"@id\":\"https:\/\/vieassociative.be\/actualites\/#organization\",\"name\":\"Vie Associative\",\"url\":\"https:\/\/vieassociative.be\/actualites\/\",\"logo\":{\"@type\":\"ImageObject\",\"inLanguage\":\"fr-BE\",\"@id\":\"https:\/\/vieassociative.be\/actualites\/#\/schema\/logo\/image\/\",\"url\":\"https:\/\/vieassociative.be\/actualites\/wp-content\/uploads\/2024\/09\/cropped-vieassociative_favicon.ico.png\",\"contentUrl\":\"https:\/\/vieassociative.be\/actualites\/wp-content\/uploads\/2024\/09\/cropped-vieassociative_favicon.ico.png\",\"width\":512,\"height\":512,\"caption\":\"Vie Associative\"},\"image\":{\"@id\":\"https:\/\/vieassociative.be\/actualites\/#\/schema\/logo\/image\/\"}},{\"@type\":\"Person\",\"@id\":\"https:\/\/vieassociative.be\/actualites\/#\/schema\/person\/b87ac4f82f9d4e7b7cec7395b679edc4\",\"name\":\"Julien\",\"image\":{\"@type\":\"ImageObject\",\"inLanguage\":\"fr-BE\",\"@id\":\"https:\/\/vieassociative.be\/actualites\/#\/schema\/person\/image\/\",\"url\":\"https:\/\/vieassociative.be\/actualites\/wp-content\/uploads\/2024\/09\/vie-associative-1-150x150.jpg\",\"contentUrl\":\"https:\/\/vieassociative.be\/actualites\/wp-content\/uploads\/2024\/09\/vie-associative-1-150x150.jpg\",\"caption\":\"Julien\"},\"description\":\"Je suis Julien, r\u00e9dacteur pour Vie Associative. Passionn\u00e9 par le monde associatif depuis plus de 10 ans, j'ai \u00e0 c\u0153ur de partager des histoires inspirantes et de mettre en lumi\u00e8re les initiatives locales. Mon objectif est de sensibiliser et d'encourager l'engagement communautaire \u00e0 travers mes articles.\",\"sameAs\":[\"https:\/\/vieassociative.be\/\"]}]}<\/script>\n<!-- \/ Yoast SEO plugin. -->","yoast_head_json":{"title":"Le FC Bruges perd le \u00abTopper\u00bb 0-1 face au champion record d'Anderlecht | Vie Associative","robots":{"index":"index","follow":"follow","max-snippet":"max-snippet:-1","max-image-preview":"max-image-preview:large","max-video-preview":"max-video-preview:-1"},"canonical":"https:\/\/vieassociative.be\/actualites\/le-fc-bruges-perd-le-topper-0-1-face-au-champion-record-danderlecht\/","og_locale":"fr_FR","og_type":"article","og_title":"Le FC Bruges perd le \u00abTopper\u00bb 0-1 face au champion record d'Anderlecht | Vie Associative","og_description":"La bonne performance de la semaine en Ligue des Champions a \u00e9galement laiss\u00e9 des traces au FC Bruges : quatre jours apr\u00e8s le spectaculaire match","og_url":"https:\/\/vieassociative.be\/actualites\/le-fc-bruges-perd-le-topper-0-1-face-au-champion-record-danderlecht\/","og_site_name":"Vie Associative","article_published_time":"2025-11-09T20:17:42+00:00","og_image":[{"width":279,"height":92,"url":"https:\/\/vieassociative.be\/actualites\/wp-content\/uploads\/2024\/09\/header_backgroundk-01-e1726694325946.png","type":"image\/png"}],"author":"Julien","twitter_card":"summary_large_image","twitter_misc":{"\u00c9crit par":"Julien","Dur\u00e9e de lecture est.":"1 minute"},"schema":{"@context":"https:\/\/schema.org","@graph":[{"@type":"Article","@id":"https:\/\/vieassociative.be\/actualites\/le-fc-bruges-perd-le-topper-0-1-face-au-champion-record-danderlecht\/#article","isPartOf":{"@id":"https:\/\/vieassociative.be\/actualites\/le-fc-bruges-perd-le-topper-0-1-face-au-champion-record-danderlecht\/"},"author":{"name":"Julien","@id":"https:\/\/vieassociative.be\/actualites\/#\/schema\/person\/b87ac4f82f9d4e7b7cec7395b679edc4"},"headline":"Le FC Bruges perd le \u00abTopper\u00bb 0-1 face au champion record d&rsquo;Anderlecht","datePublished":"2025-11-09T20:17:42+00:00","dateModified":"2025-11-09T20:17:42+00:00","mainEntityOfPage":{"@id":"https:\/\/vieassociative.be\/actualites\/le-fc-bruges-perd-le-topper-0-1-face-au-champion-record-danderlecht\/"},"wordCount":263,"publisher":{"@id":"https:\/\/vieassociative.be\/actualites\/#organization"},"image":{"@id":"https:\/\/vieassociative.be\/actualites\/le-fc-bruges-perd-le-topper-0-1-face-au-champion-record-danderlecht\/#primaryimage"},"thumbnailUrl":"https:\/\/vieassociative.be\/actualites\/wp-content\/uploads\/2025\/11\/Le-FC-Bruges-perd-le-Topper-0-1-face-au-champion.jpg","keywords":["Bruges","champion","dAnderlecht","face","perd","record","Topper"],"articleSection":["Belgique"],"inLanguage":"fr-BE"},{"@type":"WebPage","@id":"https:\/\/vieassociative.be\/actualites\/le-fc-bruges-perd-le-topper-0-1-face-au-champion-record-danderlecht\/","url":"https:\/\/vieassociative.be\/actualites\/le-fc-bruges-perd-le-topper-0-1-face-au-champion-record-danderlecht\/","name":"Le FC Bruges perd le \u00abTopper\u00bb 0-1 face au champion record d'Anderlecht | Vie Associative","isPartOf":{"@id":"https:\/\/vieassociative.be\/actualites\/#website"},"primaryImageOfPage":{"@id":"https:\/\/vieassociative.be\/actualites\/le-fc-bruges-perd-le-topper-0-1-face-au-champion-record-danderlecht\/#primaryimage"},"image":{"@id":"https:\/\/vieassociative.be\/actualites\/le-fc-bruges-perd-le-topper-0-1-face-au-champion-record-danderlecht\/#primaryimage"},"thumbnailUrl":"https:\/\/vieassociative.be\/actualites\/wp-content\/uploads\/2025\/11\/Le-FC-Bruges-perd-le-Topper-0-1-face-au-champion.jpg","datePublished":"2025-11-09T20:17:42+00:00","dateModified":"2025-11-09T20:17:42+00:00","breadcrumb":{"@id":"https:\/\/vieassociative.be\/actualites\/le-fc-bruges-perd-le-topper-0-1-face-au-champion-record-danderlecht\/#breadcrumb"},"inLanguage":"fr-BE","potentialAction":[{"@type":"ReadAction","target":["https:\/\/vieassociative.be\/actualites\/le-fc-bruges-perd-le-topper-0-1-face-au-champion-record-danderlecht\/"]}]},{"@type":"ImageObject","inLanguage":"fr-BE","@id":"https:\/\/vieassociative.be\/actualites\/le-fc-bruges-perd-le-topper-0-1-face-au-champion-record-danderlecht\/#primaryimage","url":"https:\/\/vieassociative.be\/actualites\/wp-content\/uploads\/2025\/11\/Le-FC-Bruges-perd-le-Topper-0-1-face-au-champion.jpg","contentUrl":"https:\/\/vieassociative.be\/actualites\/wp-content\/uploads\/2025\/11\/Le-FC-Bruges-perd-le-Topper-0-1-face-au-champion.jpg","width":1200,"height":800,"caption":"Le FC Bruges perd le \u00abTopper\u00bb 0-1 face au champion record d'Anderlecht"},{"@type":"BreadcrumbList","@id":"https:\/\/vieassociative.be\/actualites\/le-fc-bruges-perd-le-topper-0-1-face-au-champion-record-danderlecht\/#breadcrumb","itemListElement":[{"@type":"ListItem","position":1,"name":"Accueil","item":"https:\/\/vieassociative.be\/actualites\/"},{"@type":"ListItem","position":2,"name":"Le FC Bruges perd le \u00abTopper\u00bb 0-1 face au champion record d&rsquo;Anderlecht"}]},{"@type":"WebSite","@id":"https:\/\/vieassociative.be\/actualites\/#website","url":"https:\/\/vieassociative.be\/actualites\/","name":"Vie Associative","description":"","publisher":{"@id":"https:\/\/vieassociative.be\/actualites\/#organization"},"potentialAction":[{"@type":"SearchAction","target":{"@type":"EntryPoint","urlTemplate":"https:\/\/vieassociative.be\/actualites\/?s={search_term_string}"},"query-input":{"@type":"PropertyValueSpecification","valueRequired":true,"valueName":"search_term_string"}}],"inLanguage":"fr-BE"},{"@type":"Organization","@id":"https:\/\/vieassociative.be\/actualites\/#organization","name":"Vie Associative","url":"https:\/\/vieassociative.be\/actualites\/","logo":{"@type":"ImageObject","inLanguage":"fr-BE","@id":"https:\/\/vieassociative.be\/actualites\/#\/schema\/logo\/image\/","url":"https:\/\/vieassociative.be\/actualites\/wp-content\/uploads\/2024\/09\/cropped-vieassociative_favicon.ico.png","contentUrl":"https:\/\/vieassociative.be\/actualites\/wp-content\/uploads\/2024\/09\/cropped-vieassociative_favicon.ico.png","width":512,"height":512,"caption":"Vie Associative"},"image":{"@id":"https:\/\/vieassociative.be\/actualites\/#\/schema\/logo\/image\/"}},{"@type":"Person","@id":"https:\/\/vieassociative.be\/actualites\/#\/schema\/person\/b87ac4f82f9d4e7b7cec7395b679edc4","name":"Julien","image":{"@type":"ImageObject","inLanguage":"fr-BE","@id":"https:\/\/vieassociative.be\/actualites\/#\/schema\/person\/image\/","url":"https:\/\/vieassociative.be\/actualites\/wp-content\/uploads\/2024\/09\/vie-associative-1-150x150.jpg","contentUrl":"https:\/\/vieassociative.be\/actualites\/wp-content\/uploads\/2024\/09\/vie-associative-1-150x150.jpg","caption":"Julien"},"description":"Je suis Julien, r\u00e9dacteur pour Vie Associative. Passionn\u00e9 par le monde associatif depuis plus de 10 ans, j'ai \u00e0 c\u0153ur de partager des histoires inspirantes et de mettre en lumi\u00e8re les initiatives locales. Mon objectif est de sensibiliser et d'encourager l'engagement communautaire \u00e0 travers mes articles.","sameAs":["https:\/\/vieassociative.be\/"]}]}},"_links":{"self":[{"href":"https:\/\/vieassociative.be\/actualites\/wp-json\/wp\/v2\/posts\/11219"}],"collection":[{"href":"https:\/\/vieassociative.be\/actualites\/wp-json\/wp\/v2\/posts"}],"about":[{"href":"https:\/\/vieassociative.be\/actualites\/wp-json\/wp\/v2\/types\/post"}],"author":[{"embeddable":true,"href":"https:\/\/vieassociative.be\/actualites\/wp-json\/wp\/v2\/users\/1"}],"replies":[{"embeddable":true,"href":"https:\/\/vieassociative.be\/actualites\/wp-json\/wp\/v2\/comments?post=11219"}],"version-history":[{"count":0,"href":"https:\/\/vieassociative.be\/actualites\/wp-json\/wp\/v2\/posts\/11219\/revisions"}],"wp:featuredmedia":[{"embeddable":true,"href":"https:\/\/vieassociative.be\/actualites\/wp-json\/wp\/v2\/media\/11220"}],"wp:attachment":[{"href":"https:\/\/vieassociative.be\/actualites\/wp-json\/wp\/v2\/media?parent=11219"}],"wp:term":[{"taxonomy":"category","embeddable":true,"href":"https:\/\/vieassociative.be\/actualites\/wp-json\/wp\/v2\/categories?post=11219"},{"taxonomy":"post_tag","embeddable":true,"href":"https:\/\/vieassociative.be\/actualites\/wp-json\/wp\/v2\/tags?post=11219"}],"curies":[{"name":"wp","href":"https:\/\/api.w.org\/{rel}","templated":true}]}}