{"id":11212,"date":"2025-11-09T15:17:34","date_gmt":"2025-11-09T14:17:34","guid":{"rendered":"https:\/\/vieassociative.be\/actualites\/kompany-est-la-fierte-de-la-belgique-interjection\/"},"modified":"2025-11-09T15:17:34","modified_gmt":"2025-11-09T14:17:34","slug":"kompany-est-la-fierte-de-la-belgique-interjection","status":"publish","type":"post","link":"https:\/\/vieassociative.be\/actualites\/kompany-est-la-fierte-de-la-belgique-interjection\/","title":{"rendered":"Kompany est la fiert\u00e9 de la Belgique (interjection)"},"content":{"rendered":"<p><strong>Vincent Kompany \u00e9tait d\u00e9j\u00e0 extr\u00eamement populaire en tant que footballeur national belge actif, mais l&rsquo;ancien capitaine du FC Bayern Munich n&rsquo;\u00e9tait pas aussi populaire qu&rsquo;il l&rsquo;est aujourd&rsquo;hui en tant qu&rsquo;entra\u00eeneur-chef du FC Bayern. \u00ab Vince le prince \u00bb a r\u00e9ussi \u00e0 transformer en peu de temps des adversaires de longue date du Bayern dans son pays d&rsquo;origine en sympathisants du Bayern.<\/strong><\/p>\n<p><span id=\"more-429160\"><\/span>16 victoires de suite pour d\u00e9buter la saison 2025\/2026. L&rsquo;ancien record \u00e9tabli par le grand AC Milan lors de la saison 1992\/1993 a \u00e9t\u00e9 am\u00e9lior\u00e9 par trois victoires.<\/p>\n<p>M\u00eame si le FC Bayern n&rsquo;a pas r\u00e9ussi \u00e0 \u00e9galer le record de dix victoires cons\u00e9cutives en Bundesliga, vieux de dix ans, que l&rsquo;\u00e9quipe de Munich avait atteint sous la direction de son entra\u00eeneur de l&rsquo;\u00e9poque, Pep Guardiola, avec une victoire samedi \u00e0 l&rsquo;Union Berlin, cela ne ternit en rien le fantastique bilan de ce premier tiers de la saison sous la direction de l&rsquo;entra\u00eeneur-chef Kompany.<\/p>\n<div id=\"attachment_385634\" class=\"wp-caption alignleft\" style=\"max-width: 300px\"><img fetchpriority=\"high\" decoding=\"async\" class=\"wp-image-385634 size-medium\" src=\"https:\/\/vieassociative.be\/actualites\/wp-content\/uploads\/2025\/11\/Kompany-est-la-fierte-de-la-Belgique-interjection.jpg\" alt=\"\" width=\"300\" height=\"200\"  ><\/div>\n<p>En parlant de Guardiola : Kompany entretient une relation tr\u00e8s particuli\u00e8re avec l&rsquo;Espagnol de 54 ans. \u00ab\u00a0Je l&rsquo;ai dit \u00e0 plusieurs reprises : Pep a jou\u00e9 un r\u00f4le important dans ma carri\u00e8re de joueur et aussi dans mon d\u00e9veloppement en tant qu&rsquo;entra\u00eeneur\u00a0\u00bb, a d\u00e9clar\u00e9 Kompany. Nous continuons \u00e0 \u00eatre en contact r\u00e9gulier. \u00ab\u00a0Et il y a encore beaucoup de sympathie entre nous.\u00a0\u00bb<\/p>\n<p>C&rsquo;est \u00e9galement Guardiola qui a chaleureusement recommand\u00e9 le patron du Bayern, Kompany, comme entra\u00eeneur cet \u00e9t\u00e9, m\u00eame si le Belge venait d&rsquo;\u00eatre rel\u00e9gu\u00e9 de la Premier League avec le FC Burnley un an seulement apr\u00e8s avoir \u00e9t\u00e9 promu. Kompany \u00e9tait le capitaine de Guardiola \u00e0 Manchester City.<\/p>\n<p>Kompany est d&rsquo;ailleurs salu\u00e9 dans la presse allemande non seulement pour les succ\u00e8s qu&rsquo;il a remport\u00e9s jusqu&rsquo;\u00e0 pr\u00e9sent en tant qu&rsquo;entra\u00eeneur des champions allemands du record, mais aussi en tant que personne.<\/p>\n<p>Le l\u00e9gendaire reporter Marcel Reif est \u00e9galement impressionn\u00e9 dans le podcast Bild \u00ab Reif is live \u00bb : \u00ab Kompany ne se fait pas plus grand qu&rsquo;il ne l&rsquo;est, c&rsquo;est bien accueilli par les joueurs du Bayern, ils aiment travailler avec cet entra\u00eeneur. \u00bb<\/p>\n<div id=\"attachment_427566\" class=\"wp-caption alignleft\" style=\"max-width: 300px\"><img decoding=\"async\" class=\"wp-image-427566 size-medium\" src=\"https:\/\/vieassociative.be\/actualites\/wp-content\/uploads\/2025\/10\/Le-Bayern-Munich-remporte-le-meilleur-match-contre-Dortmund.jpg\" alt=\"\" width=\"300\" height=\"202\"><\/div>\n<p>La meilleure preuve en est le sprint extatique de Kompany sur le terrain du Prinzenpark \u00e0 Paris et la danse de c\u00e9l\u00e9bration des joueurs munichois avec leur entra\u00eeneur apr\u00e8s la victoire contre le PSG.<\/p>\n<p>Reif fait partie de ceux qui \u00e9taient au d\u00e9part tr\u00e8s sceptiques lorsque la direction du club du FC Bayern a d\u00e9cid\u00e9 cet \u00e9t\u00e9, au terme d&rsquo;une longue et compliqu\u00e9e recherche d&rsquo;entra\u00eeneur, du Belge, qui \u00e9tait un homme de classe mondiale en tant que joueur, mais qui n&rsquo;avait d\u00e9racin\u00e9 aucun arbre en tant qu&rsquo;entra\u00eeneur au RSC Anderlecht puis au FC Burnley, avec lequel il a d&rsquo;abord \u00e9t\u00e9 promu puis imm\u00e9diatement rel\u00e9gu\u00e9. Mais aujourd&rsquo;hui, Reif fait partie de ceux qui n&rsquo;\u00e9prouvent que de l&rsquo;admiration pour Kompany.<\/p>\n<p>Cependant, Reif avait raison lorsqu&rsquo;il pr\u00e9disait jeudi dernier dans son podcast Bild que la s\u00e9quence de victoires du FC Bayern serait interrompue ce samedi \u00e0 l&rsquo;Union Berlin. \u00ab\u00a0Je pr\u00e9dis un 1:1\u00a0\u00bb, a expliqu\u00e9 le joueur de 75 ans.<\/p>\n<p>Reif a bas\u00e9 son hypoth\u00e8se, entre autres, sur la perte de force subie par le Bayern lors de la victoire 2-1 contre le Paris Saint-Germain mardi. Apr\u00e8s un carton rouge contre Luis Diaz, les champions allemands du record ont d\u00fb terminer toute la deuxi\u00e8me mi-temps en inf\u00e9riorit\u00e9 num\u00e9rique et faire beaucoup de courses.<\/p>\n<p>Reif a \u00e9galement vu un autre probl\u00e8me pour les champions du record : apr\u00e8s tout, ce ne serait pas un duel glamour comme en Ligue des champions. Et il avait raison puisque le match de Bundesliga s&rsquo;est termin\u00e9 sur un score de 2-2 (voir rapport ci-dessous).<\/p>\n<div id=\"attachment_426364\" class=\"wp-caption alignleft\" style=\"max-width: 226px\"><img decoding=\"async\" class=\"wp-image-426364 size-medium\" src=\"https:\/\/vieassociative.be\/actualites\/wp-content\/uploads\/2025\/10\/1759760279_650_Vincent-Kompany-a-fait-leloge-de-la-Baviere-Belge.jpg\" alt=\"\" width=\"226\" height=\"300\"><\/div>\n<p>Le Bayern est pr\u00e9venu, car en huiti\u00e8mes de finale de la Coupe DFB d\u00e9but d\u00e9cembre, il devra \u00e0 nouveau affronter l&rsquo;Union au stade Alten F\u00f6rsterei de Berlin.<\/p>\n<p>M\u00eame si le Bayern Munich n&rsquo;a pas pu aller au-del\u00e0 d&rsquo;un match nul, le club peut se consoler en constatant que son rival du RB Leipzig a perdu \u00e0 Hoffenheim. Une situation qui permet \u00e0 Kompany de relativiser ces premiers points perdus de la saison : \u00ab\u00a0Au final, il y a aussi du positif. C&rsquo;est vrai, Leipzig a perdu et je suis aussi content de la fa\u00e7on dont nous nous sommes battus pour le point.\u00a0\u00bb<\/p>\n<p>En attendant, Kompany sait aussi que nous sommes en novembre et que les prix ne seront d\u00e9cern\u00e9s qu&rsquo;en mai ou juin. Beaucoup de choses pourraient encore changer d\u2019ici l\u00e0 \u2013 ou pas.<\/p>\n<p>A la fin de la saison en cours, Vincent Kompany pourrait devenir le deuxi\u00e8me Belge \u00e0 remporter la Ligue des Champions en tant qu&rsquo;entra\u00eeneur de football. Le premier fut Raymond Goethals en 1993 avec l&rsquo;Olympique de Marseille.<\/p>\n<p>Kompany fait actuellement la fiert\u00e9 de toute la Belgique. Chaque ann\u00e9e, dans notre pays, un athl\u00e8te exceptionnel re\u00e7oit le Troph\u00e9e du m\u00e9rite sportif. Tous les grands du sport belge figurent parmi les honor\u00e9s &#8211; d&rsquo;Eddy Merckx (1967) \u00e0 Jacky Ickx (1968) en passant par Remco Evenepoel (2022) et la basketteuse Emma Meesseman (2025).<\/p>\n<p>Si la vague de succ\u00e8s de Kompany continue, \u00ab\u00a0Vince le prince\u00a0\u00bb serait certainement l&rsquo;un des candidats au troph\u00e9e du m\u00e9rite en 2026. Le sport belge ne pouvait pas avoir de meilleur ambassadeur que lui. (cr\u00e9er)<\/p>\n<p><em><strong>Sur le sujet, voir aussi l&rsquo;article suivant sur l&rsquo;OD :<\/strong><\/em><\/p>\n<div class=\"responsive-embed widescreen\">\n<blockquote class=\"wp-embedded-content\" data-secret=\"d1TDZfOrf4\">\n<p>2:2 \u2013 La s\u00e9quence de victoires du Bayern s&rsquo;interrompt : Kane sauve un point<\/p>\n<\/blockquote>\n<p><iframe loading=\"lazy\" class=\"wp-embedded-content\" sandbox=\"allow-scripts\" security=\"restricted\" style=\"position: absolute; visibility: hidden;\" title=\"\u201e2:2 \u2013 Siegesserie der Bayern rei\u00dft: Kane rettet einen Punkt\u201c \u2014 Ostbelgien Direkt\" src=\"https:\/\/ostbelgiendirekt.be\/about:blank\" data-secret=\"d1TDZfOrf4\" width=\"500\" height=\"282\" frameborder=\"0\" marginwidth=\"0\" marginheight=\"0\" scrolling=\"no\" data-rocket-lazyload=\"fitvidscompatible\" data-lazy-src=\"https:\/\/ostbelgiendirekt.be\/bayern-serie-reisst-429209\/embed#?secret=KAudBNoiL1#?secret=d1TDZfOrf4\"><\/iframe><noscript><iframe class=\"wp-embedded-content\" sandbox=\"allow-scripts\" security=\"restricted\" style=\"position: absolute; visibility: hidden;\" title=\"\u201e2:2 \u2013 Siegesserie der Bayern rei\u00dft: Kane rettet einen Punkt\u201c \u2014 Ostbelgien Direkt\" src=\"https:\/\/ostbelgiendirekt.be\/bayern-serie-reisst-429209\/embed#?secret=KAudBNoiL1#?secret=d1TDZfOrf4\" data-secret=\"d1TDZfOrf4\" width=\"500\" height=\"282\" frameborder=\"0\" marginwidth=\"0\" marginheight=\"0\" scrolling=\"no\"><\/iframe><\/noscript><\/p>\n<\/div>\n","protected":false},"excerpt":{"rendered":"<p>Vincent Kompany \u00e9tait d\u00e9j\u00e0 extr\u00eamement populaire en tant que footballeur national belge actif, mais l&rsquo;ancien capitaine du FC Bayern Munich n&rsquo;\u00e9tait pas aussi populaire qu&rsquo;il<\/p>\n","protected":false},"author":1,"featured_media":11213,"comment_status":"","ping_status":"","sticky":false,"template":"","format":"standard","meta":{"footnotes":""},"categories":[298],"tags":[383,76,9198,2885,4024],"class_list":["post-11212","post","type-post","status-publish","format-standard","has-post-thumbnail","hentry","category-belgique","tag-belgique","tag-est","tag-fierte","tag-interjection","tag-kompany","generate-columns","tablet-grid-50","mobile-grid-100","grid-parent","grid-33"],"yoast_head":"<!-- This site is optimized with the Yoast SEO plugin v24.0 - https:\/\/yoast.com\/wordpress\/plugins\/seo\/ -->\n<title>Kompany est la fiert\u00e9 de la Belgique (interjection) | Vie Associative<\/title>\n<meta name=\"robots\" content=\"index, follow, max-snippet:-1, max-image-preview:large, max-video-preview:-1\" \/>\n<link rel=\"canonical\" href=\"https:\/\/vieassociative.be\/actualites\/kompany-est-la-fierte-de-la-belgique-interjection\/\" \/>\n<meta property=\"og:locale\" content=\"fr_FR\" \/>\n<meta property=\"og:type\" content=\"article\" \/>\n<meta property=\"og:title\" content=\"Kompany est la fiert\u00e9 de la Belgique (interjection) | Vie Associative\" \/>\n<meta property=\"og:description\" content=\"Vincent Kompany \u00e9tait d\u00e9j\u00e0 extr\u00eamement populaire en tant que footballeur national belge actif, mais l&rsquo;ancien capitaine du FC Bayern Munich n&rsquo;\u00e9tait pas aussi populaire qu&rsquo;il\" \/>\n<meta property=\"og:url\" content=\"https:\/\/vieassociative.be\/actualites\/kompany-est-la-fierte-de-la-belgique-interjection\/\" \/>\n<meta property=\"og:site_name\" content=\"Vie Associative\" \/>\n<meta property=\"article:published_time\" content=\"2025-11-09T14:17:34+00:00\" \/>\n<meta property=\"og:image\" content=\"https:\/\/vieassociative.be\/actualites\/wp-content\/uploads\/2024\/09\/header_backgroundk-01-e1726694325946.png\" \/>\n\t<meta property=\"og:image:width\" content=\"279\" \/>\n\t<meta property=\"og:image:height\" content=\"92\" \/>\n\t<meta property=\"og:image:type\" content=\"image\/png\" \/>\n<meta name=\"author\" content=\"Julien\" \/>\n<meta name=\"twitter:card\" content=\"summary_large_image\" \/>\n<meta name=\"twitter:label1\" content=\"\u00c9crit par\" \/>\n\t<meta name=\"twitter:data1\" content=\"Julien\" \/>\n\t<meta name=\"twitter:label2\" content=\"Dur\u00e9e de lecture est.\" \/>\n\t<meta name=\"twitter:data2\" content=\"5 minutes\" \/>\n<script type=\"application\/ld+json\" class=\"yoast-schema-graph\">{\"@context\":\"https:\/\/schema.org\",\"@graph\":[{\"@type\":\"Article\",\"@id\":\"https:\/\/vieassociative.be\/actualites\/kompany-est-la-fierte-de-la-belgique-interjection\/#article\",\"isPartOf\":{\"@id\":\"https:\/\/vieassociative.be\/actualites\/kompany-est-la-fierte-de-la-belgique-interjection\/\"},\"author\":{\"name\":\"Julien\",\"@id\":\"https:\/\/vieassociative.be\/actualites\/#\/schema\/person\/b87ac4f82f9d4e7b7cec7395b679edc4\"},\"headline\":\"Kompany est la fiert\u00e9 de la Belgique (interjection)\",\"datePublished\":\"2025-11-09T14:17:34+00:00\",\"dateModified\":\"2025-11-09T14:17:34+00:00\",\"mainEntityOfPage\":{\"@id\":\"https:\/\/vieassociative.be\/actualites\/kompany-est-la-fierte-de-la-belgique-interjection\/\"},\"wordCount\":967,\"publisher\":{\"@id\":\"https:\/\/vieassociative.be\/actualites\/#organization\"},\"image\":{\"@id\":\"https:\/\/vieassociative.be\/actualites\/kompany-est-la-fierte-de-la-belgique-interjection\/#primaryimage\"},\"thumbnailUrl\":\"https:\/\/vieassociative.be\/actualites\/wp-content\/uploads\/2025\/11\/1762697854_Kompany-est-la-fierte-de-la-Belgique-interjection.jpg\",\"keywords\":[\"Belgique\",\"est\",\"fiert\u00e9\",\"interjection\",\"Kompany\"],\"articleSection\":[\"Belgique\"],\"inLanguage\":\"fr-BE\"},{\"@type\":\"WebPage\",\"@id\":\"https:\/\/vieassociative.be\/actualites\/kompany-est-la-fierte-de-la-belgique-interjection\/\",\"url\":\"https:\/\/vieassociative.be\/actualites\/kompany-est-la-fierte-de-la-belgique-interjection\/\",\"name\":\"Kompany est la fiert\u00e9 de la Belgique (interjection) | Vie Associative\",\"isPartOf\":{\"@id\":\"https:\/\/vieassociative.be\/actualites\/#website\"},\"primaryImageOfPage\":{\"@id\":\"https:\/\/vieassociative.be\/actualites\/kompany-est-la-fierte-de-la-belgique-interjection\/#primaryimage\"},\"image\":{\"@id\":\"https:\/\/vieassociative.be\/actualites\/kompany-est-la-fierte-de-la-belgique-interjection\/#primaryimage\"},\"thumbnailUrl\":\"https:\/\/vieassociative.be\/actualites\/wp-content\/uploads\/2025\/11\/1762697854_Kompany-est-la-fierte-de-la-Belgique-interjection.jpg\",\"datePublished\":\"2025-11-09T14:17:34+00:00\",\"dateModified\":\"2025-11-09T14:17:34+00:00\",\"breadcrumb\":{\"@id\":\"https:\/\/vieassociative.be\/actualites\/kompany-est-la-fierte-de-la-belgique-interjection\/#breadcrumb\"},\"inLanguage\":\"fr-BE\",\"potentialAction\":[{\"@type\":\"ReadAction\",\"target\":[\"https:\/\/vieassociative.be\/actualites\/kompany-est-la-fierte-de-la-belgique-interjection\/\"]}]},{\"@type\":\"ImageObject\",\"inLanguage\":\"fr-BE\",\"@id\":\"https:\/\/vieassociative.be\/actualites\/kompany-est-la-fierte-de-la-belgique-interjection\/#primaryimage\",\"url\":\"https:\/\/vieassociative.be\/actualites\/wp-content\/uploads\/2025\/11\/1762697854_Kompany-est-la-fierte-de-la-Belgique-interjection.jpg\",\"contentUrl\":\"https:\/\/vieassociative.be\/actualites\/wp-content\/uploads\/2025\/11\/1762697854_Kompany-est-la-fierte-de-la-Belgique-interjection.jpg\",\"width\":1200,\"height\":800,\"caption\":\"Kompany est la fiert\u00e9 de la Belgique (interjection)\"},{\"@type\":\"BreadcrumbList\",\"@id\":\"https:\/\/vieassociative.be\/actualites\/kompany-est-la-fierte-de-la-belgique-interjection\/#breadcrumb\",\"itemListElement\":[{\"@type\":\"ListItem\",\"position\":1,\"name\":\"Accueil\",\"item\":\"https:\/\/vieassociative.be\/actualites\/\"},{\"@type\":\"ListItem\",\"position\":2,\"name\":\"Kompany est la fiert\u00e9 de la Belgique (interjection)\"}]},{\"@type\":\"WebSite\",\"@id\":\"https:\/\/vieassociative.be\/actualites\/#website\",\"url\":\"https:\/\/vieassociative.be\/actualites\/\",\"name\":\"Vie Associative\",\"description\":\"\",\"publisher\":{\"@id\":\"https:\/\/vieassociative.be\/actualites\/#organization\"},\"potentialAction\":[{\"@type\":\"SearchAction\",\"target\":{\"@type\":\"EntryPoint\",\"urlTemplate\":\"https:\/\/vieassociative.be\/actualites\/?s={search_term_string}\"},\"query-input\":{\"@type\":\"PropertyValueSpecification\",\"valueRequired\":true,\"valueName\":\"search_term_string\"}}],\"inLanguage\":\"fr-BE\"},{\"@type\":\"Organization\",\"@id\":\"https:\/\/vieassociative.be\/actualites\/#organization\",\"name\":\"Vie Associative\",\"url\":\"https:\/\/vieassociative.be\/actualites\/\",\"logo\":{\"@type\":\"ImageObject\",\"inLanguage\":\"fr-BE\",\"@id\":\"https:\/\/vieassociative.be\/actualites\/#\/schema\/logo\/image\/\",\"url\":\"https:\/\/vieassociative.be\/actualites\/wp-content\/uploads\/2024\/09\/cropped-vieassociative_favicon.ico.png\",\"contentUrl\":\"https:\/\/vieassociative.be\/actualites\/wp-content\/uploads\/2024\/09\/cropped-vieassociative_favicon.ico.png\",\"width\":512,\"height\":512,\"caption\":\"Vie Associative\"},\"image\":{\"@id\":\"https:\/\/vieassociative.be\/actualites\/#\/schema\/logo\/image\/\"}},{\"@type\":\"Person\",\"@id\":\"https:\/\/vieassociative.be\/actualites\/#\/schema\/person\/b87ac4f82f9d4e7b7cec7395b679edc4\",\"name\":\"Julien\",\"image\":{\"@type\":\"ImageObject\",\"inLanguage\":\"fr-BE\",\"@id\":\"https:\/\/vieassociative.be\/actualites\/#\/schema\/person\/image\/\",\"url\":\"https:\/\/vieassociative.be\/actualites\/wp-content\/uploads\/2024\/09\/vie-associative-1-150x150.jpg\",\"contentUrl\":\"https:\/\/vieassociative.be\/actualites\/wp-content\/uploads\/2024\/09\/vie-associative-1-150x150.jpg\",\"caption\":\"Julien\"},\"description\":\"Je suis Julien, r\u00e9dacteur pour Vie Associative. Passionn\u00e9 par le monde associatif depuis plus de 10 ans, j'ai \u00e0 c\u0153ur de partager des histoires inspirantes et de mettre en lumi\u00e8re les initiatives locales. Mon objectif est de sensibiliser et d'encourager l'engagement communautaire \u00e0 travers mes articles.\",\"sameAs\":[\"https:\/\/vieassociative.be\/\"]}]}<\/script>\n<!-- \/ Yoast SEO plugin. -->","yoast_head_json":{"title":"Kompany est la fiert\u00e9 de la Belgique (interjection) | Vie Associative","robots":{"index":"index","follow":"follow","max-snippet":"max-snippet:-1","max-image-preview":"max-image-preview:large","max-video-preview":"max-video-preview:-1"},"canonical":"https:\/\/vieassociative.be\/actualites\/kompany-est-la-fierte-de-la-belgique-interjection\/","og_locale":"fr_FR","og_type":"article","og_title":"Kompany est la fiert\u00e9 de la Belgique (interjection) | Vie Associative","og_description":"Vincent Kompany \u00e9tait d\u00e9j\u00e0 extr\u00eamement populaire en tant que footballeur national belge actif, mais l&rsquo;ancien capitaine du FC Bayern Munich n&rsquo;\u00e9tait pas aussi populaire qu&rsquo;il","og_url":"https:\/\/vieassociative.be\/actualites\/kompany-est-la-fierte-de-la-belgique-interjection\/","og_site_name":"Vie Associative","article_published_time":"2025-11-09T14:17:34+00:00","og_image":[{"width":279,"height":92,"url":"https:\/\/vieassociative.be\/actualites\/wp-content\/uploads\/2024\/09\/header_backgroundk-01-e1726694325946.png","type":"image\/png"}],"author":"Julien","twitter_card":"summary_large_image","twitter_misc":{"\u00c9crit par":"Julien","Dur\u00e9e de lecture est.":"5 minutes"},"schema":{"@context":"https:\/\/schema.org","@graph":[{"@type":"Article","@id":"https:\/\/vieassociative.be\/actualites\/kompany-est-la-fierte-de-la-belgique-interjection\/#article","isPartOf":{"@id":"https:\/\/vieassociative.be\/actualites\/kompany-est-la-fierte-de-la-belgique-interjection\/"},"author":{"name":"Julien","@id":"https:\/\/vieassociative.be\/actualites\/#\/schema\/person\/b87ac4f82f9d4e7b7cec7395b679edc4"},"headline":"Kompany est la fiert\u00e9 de la Belgique (interjection)","datePublished":"2025-11-09T14:17:34+00:00","dateModified":"2025-11-09T14:17:34+00:00","mainEntityOfPage":{"@id":"https:\/\/vieassociative.be\/actualites\/kompany-est-la-fierte-de-la-belgique-interjection\/"},"wordCount":967,"publisher":{"@id":"https:\/\/vieassociative.be\/actualites\/#organization"},"image":{"@id":"https:\/\/vieassociative.be\/actualites\/kompany-est-la-fierte-de-la-belgique-interjection\/#primaryimage"},"thumbnailUrl":"https:\/\/vieassociative.be\/actualites\/wp-content\/uploads\/2025\/11\/1762697854_Kompany-est-la-fierte-de-la-Belgique-interjection.jpg","keywords":["Belgique","est","fiert\u00e9","interjection","Kompany"],"articleSection":["Belgique"],"inLanguage":"fr-BE"},{"@type":"WebPage","@id":"https:\/\/vieassociative.be\/actualites\/kompany-est-la-fierte-de-la-belgique-interjection\/","url":"https:\/\/vieassociative.be\/actualites\/kompany-est-la-fierte-de-la-belgique-interjection\/","name":"Kompany est la fiert\u00e9 de la Belgique (interjection) | Vie Associative","isPartOf":{"@id":"https:\/\/vieassociative.be\/actualites\/#website"},"primaryImageOfPage":{"@id":"https:\/\/vieassociative.be\/actualites\/kompany-est-la-fierte-de-la-belgique-interjection\/#primaryimage"},"image":{"@id":"https:\/\/vieassociative.be\/actualites\/kompany-est-la-fierte-de-la-belgique-interjection\/#primaryimage"},"thumbnailUrl":"https:\/\/vieassociative.be\/actualites\/wp-content\/uploads\/2025\/11\/1762697854_Kompany-est-la-fierte-de-la-Belgique-interjection.jpg","datePublished":"2025-11-09T14:17:34+00:00","dateModified":"2025-11-09T14:17:34+00:00","breadcrumb":{"@id":"https:\/\/vieassociative.be\/actualites\/kompany-est-la-fierte-de-la-belgique-interjection\/#breadcrumb"},"inLanguage":"fr-BE","potentialAction":[{"@type":"ReadAction","target":["https:\/\/vieassociative.be\/actualites\/kompany-est-la-fierte-de-la-belgique-interjection\/"]}]},{"@type":"ImageObject","inLanguage":"fr-BE","@id":"https:\/\/vieassociative.be\/actualites\/kompany-est-la-fierte-de-la-belgique-interjection\/#primaryimage","url":"https:\/\/vieassociative.be\/actualites\/wp-content\/uploads\/2025\/11\/1762697854_Kompany-est-la-fierte-de-la-Belgique-interjection.jpg","contentUrl":"https:\/\/vieassociative.be\/actualites\/wp-content\/uploads\/2025\/11\/1762697854_Kompany-est-la-fierte-de-la-Belgique-interjection.jpg","width":1200,"height":800,"caption":"Kompany est la fiert\u00e9 de la Belgique (interjection)"},{"@type":"BreadcrumbList","@id":"https:\/\/vieassociative.be\/actualites\/kompany-est-la-fierte-de-la-belgique-interjection\/#breadcrumb","itemListElement":[{"@type":"ListItem","position":1,"name":"Accueil","item":"https:\/\/vieassociative.be\/actualites\/"},{"@type":"ListItem","position":2,"name":"Kompany est la fiert\u00e9 de la Belgique (interjection)"}]},{"@type":"WebSite","@id":"https:\/\/vieassociative.be\/actualites\/#website","url":"https:\/\/vieassociative.be\/actualites\/","name":"Vie Associative","description":"","publisher":{"@id":"https:\/\/vieassociative.be\/actualites\/#organization"},"potentialAction":[{"@type":"SearchAction","target":{"@type":"EntryPoint","urlTemplate":"https:\/\/vieassociative.be\/actualites\/?s={search_term_string}"},"query-input":{"@type":"PropertyValueSpecification","valueRequired":true,"valueName":"search_term_string"}}],"inLanguage":"fr-BE"},{"@type":"Organization","@id":"https:\/\/vieassociative.be\/actualites\/#organization","name":"Vie Associative","url":"https:\/\/vieassociative.be\/actualites\/","logo":{"@type":"ImageObject","inLanguage":"fr-BE","@id":"https:\/\/vieassociative.be\/actualites\/#\/schema\/logo\/image\/","url":"https:\/\/vieassociative.be\/actualites\/wp-content\/uploads\/2024\/09\/cropped-vieassociative_favicon.ico.png","contentUrl":"https:\/\/vieassociative.be\/actualites\/wp-content\/uploads\/2024\/09\/cropped-vieassociative_favicon.ico.png","width":512,"height":512,"caption":"Vie Associative"},"image":{"@id":"https:\/\/vieassociative.be\/actualites\/#\/schema\/logo\/image\/"}},{"@type":"Person","@id":"https:\/\/vieassociative.be\/actualites\/#\/schema\/person\/b87ac4f82f9d4e7b7cec7395b679edc4","name":"Julien","image":{"@type":"ImageObject","inLanguage":"fr-BE","@id":"https:\/\/vieassociative.be\/actualites\/#\/schema\/person\/image\/","url":"https:\/\/vieassociative.be\/actualites\/wp-content\/uploads\/2024\/09\/vie-associative-1-150x150.jpg","contentUrl":"https:\/\/vieassociative.be\/actualites\/wp-content\/uploads\/2024\/09\/vie-associative-1-150x150.jpg","caption":"Julien"},"description":"Je suis Julien, r\u00e9dacteur pour Vie Associative. Passionn\u00e9 par le monde associatif depuis plus de 10 ans, j'ai \u00e0 c\u0153ur de partager des histoires inspirantes et de mettre en lumi\u00e8re les initiatives locales. Mon objectif est de sensibiliser et d'encourager l'engagement communautaire \u00e0 travers mes articles.","sameAs":["https:\/\/vieassociative.be\/"]}]}},"_links":{"self":[{"href":"https:\/\/vieassociative.be\/actualites\/wp-json\/wp\/v2\/posts\/11212"}],"collection":[{"href":"https:\/\/vieassociative.be\/actualites\/wp-json\/wp\/v2\/posts"}],"about":[{"href":"https:\/\/vieassociative.be\/actualites\/wp-json\/wp\/v2\/types\/post"}],"author":[{"embeddable":true,"href":"https:\/\/vieassociative.be\/actualites\/wp-json\/wp\/v2\/users\/1"}],"replies":[{"embeddable":true,"href":"https:\/\/vieassociative.be\/actualites\/wp-json\/wp\/v2\/comments?post=11212"}],"version-history":[{"count":0,"href":"https:\/\/vieassociative.be\/actualites\/wp-json\/wp\/v2\/posts\/11212\/revisions"}],"wp:featuredmedia":[{"embeddable":true,"href":"https:\/\/vieassociative.be\/actualites\/wp-json\/wp\/v2\/media\/11213"}],"wp:attachment":[{"href":"https:\/\/vieassociative.be\/actualites\/wp-json\/wp\/v2\/media?parent=11212"}],"wp:term":[{"taxonomy":"category","embeddable":true,"href":"https:\/\/vieassociative.be\/actualites\/wp-json\/wp\/v2\/categories?post=11212"},{"taxonomy":"post_tag","embeddable":true,"href":"https:\/\/vieassociative.be\/actualites\/wp-json\/wp\/v2\/tags?post=11212"}],"curies":[{"name":"wp","href":"https:\/\/api.w.org\/{rel}","templated":true}]}}