{"id":11206,"date":"2025-11-09T09:18:45","date_gmt":"2025-11-09T08:18:45","guid":{"rendered":"https:\/\/vieassociative.be\/actualites\/lamazonie-en-toile-de-fond-quapportera-la-cop30-conference-mondiale-sur-le-climat-a-belem-questions-et-reponses\/"},"modified":"2025-11-09T09:18:45","modified_gmt":"2025-11-09T08:18:45","slug":"lamazonie-en-toile-de-fond-quapportera-la-cop30-conference-mondiale-sur-le-climat-a-belem-questions-et-reponses","status":"publish","type":"post","link":"https:\/\/vieassociative.be\/actualites\/lamazonie-en-toile-de-fond-quapportera-la-cop30-conference-mondiale-sur-le-climat-a-belem-questions-et-reponses\/","title":{"rendered":"L\u2019Amazonie en toile de fond : qu\u2019apportera la COP30 ? \u2013 Conf\u00e9rence mondiale sur le climat \u00e0 Bel\u00e9m (Questions et r\u00e9ponses)"},"content":{"rendered":"<p><strong>Il y a dix ans, la liesse \u00e9clatait \u00e0 Paris : apr\u00e8s une lutte acharn\u00e9e, la communaut\u00e9 mondiale \u00e9tait convenue de ma\u00eetriser la crise climatique. L\u2019Accord de Paris sur le climat \u00e9tait n\u00e9. Entre-temps, la crise s&rsquo;est consid\u00e9rablement aggrav\u00e9e et les gens se retrouvent au Br\u00e9sil, \u00e0 la lisi\u00e8re de la for\u00eat tropicale amazonienne, si importante pour le climat mondial.<\/strong><\/p>\n<p><span id=\"more-429175\"><\/span>Selon les pr\u00e9visions actuelles de l\u2019ONU, avec la politique climatique actuelle, le monde se dirige vers un r\u00e9chauffement de 2,8 degr\u00e9s d\u2019ici la fin du si\u00e8cle et d\u00e9passera l\u2019objectif de 1,5 degr\u00e9 convenu au niveau international au cours de la prochaine d\u00e9cennie. Cela signifierait : plus de temp\u00eates, plus d\u2019inondations, plus de s\u00e9cheresses, etc. \u2013 sans parler de points de bascule imminents aux cons\u00e9quences irr\u00e9versibles.<\/p>\n<p>Jusqu\u2019\u00e0 pr\u00e9sent, malgr\u00e9 toutes les conf\u00e9rences et tous les projets, les gens n\u2019ont pas r\u00e9ussi \u00e0 renverser la situation : les \u00e9missions mondiales continuent d\u2019augmenter. L\u2019ann\u00e9e derni\u00e8re, selon l\u2019Organisation m\u00e9t\u00e9orologique mondiale (OMM), ils ont augment\u00e9 de mani\u00e8re plus drastique que depuis le d\u00e9but des mesures modernes en 1957.<\/p>\n<p><strong>\u2013 Le redressement doit-il r\u00e9ussir en Amazonie ?<\/strong><\/p>\n<div id=\"attachment_429183\" class=\"wp-caption alignleft\" style=\"max-width: 300px\"><img fetchpriority=\"high\" decoding=\"async\" class=\"wp-image-429183 size-medium\" src=\"https:\/\/vieassociative.be\/actualites\/wp-content\/uploads\/2025\/11\/LAmazonie-en-toile-de-fond-quapportera-la-COP30.jpg\" alt=\"\" width=\"300\" height=\"200\"><\/div>\n<p>Le Br\u00e9sil veut utiliser le pouvoir symbolique de l\u2019Amazonie pour montrer au monde l\u2019urgence de cette situation. Si la d\u00e9forestation augmente de quelques pour cent, la for\u00eat tropicale se transformera en savane, souligne Greenpeace. Le climat mondial va alors basculer. Sans protection de l\u2019Amazonie, il n\u2019y aurait pas de protection du climat. Les vastes zones foresti\u00e8res comme l&rsquo;Amazonie sont des r\u00e9servoirs naturels de gaz \u00e0 effet de serre : le contenu des arbres et des plantes ne pollue pas le climat.<\/p>\n<p>Avec le Br\u00e9sil, le sommet sur le climat a lieu pour la premi\u00e8re fois dans un pays d\u00e9mocratique apr\u00e8s trois ans de r\u00e9gimes autoritaires &#8211; \u00c9gypte, \u00c9mirats arabes unis et Azerba\u00efdjan &#8211; qui offrent plus d&rsquo;espace aux protestations des militants.<\/p>\n<p>Mais les pr\u00e9sages ne sont pas les meilleurs. Les guerres et autres crises font que le climat ne figure plus parmi les priorit\u00e9s de nombreux gouvernements, et les coffres sont serr\u00e9s presque partout. Le lobby p\u00e9trolier et gazier veut ralentir la transition \u00e9nerg\u00e9tique et a trouv\u00e9 un puissant partisan en la personne du pr\u00e9sident am\u00e9ricain Donald Trump.<\/p>\n<p><strong>\u2013 Trump se pr\u00e9sentera-t-il au Br\u00e9sil ?<\/strong><\/p>\n<p>Le pr\u00e9sident am\u00e9ricain n&rsquo;est pas attendu \u00e0 Bel\u00e9m : d\u00e8s le premier jour de son investiture en janvier, il a sign\u00e9 un nouveau retrait de l&rsquo;accord de Paris sur le climat. Cette sortie ne sera toutefois effective qu\u2019un an plus tard. \u00ab\u00a0Les Am\u00e9ricains pourraient th\u00e9oriquement se rendre \u00e0 la conf\u00e9rence et saboter les n\u00e9gociations de leur mieux\u00a0\u00bb, explique l&rsquo;expert Jan Kowalzig de l&rsquo;organisation de d\u00e9veloppement Oxfam. \u00ab Cependant, il est fort possible qu\u2019ils n\u2019envoient aucun n\u00e9gociateur \u2013 probablement le meilleur des sc\u00e9narios possibles \u00e9tant donn\u00e9 la position de l\u2019administration Trump sur le changement climatique. \u00bb<\/p>\n<div id=\"attachment_429182\" class=\"wp-caption alignleft\" style=\"max-width: 300px\"><img decoding=\"async\" class=\"wp-image-429182 size-medium\" src=\"https:\/\/vieassociative.be\/actualites\/wp-content\/uploads\/2025\/11\/1762676325_780_LAmazonie-en-toile-de-fond-quapportera-la-COP30.jpg\" alt=\"\" width=\"300\" height=\"200\"><\/div>\n<p>Il est probable que Trump soit toujours pr\u00e9sent comme l&rsquo;\u00e9l\u00e9phant dans la pi\u00e8ce : avec le retrait des \u00c9tats-Unis, il y aura un manque d&rsquo;argent &#8211; tant pour les conf\u00e9rences de l&rsquo;ONU que pour le soutien \u00e0 la protection du climat et \u00e0 l&rsquo;adaptation \u00e0 la hausse des temp\u00e9ratures et \u00e0 ses cons\u00e9quences, si importante pour les pays les plus pauvres.<\/p>\n<p><strong>\u2013 De quoi parle exactement la conf\u00e9rence ?<\/strong><\/p>\n<p>De nombreux pays n&rsquo;ont pas fait leurs devoirs : seul un tiers environ a pr\u00e9sent\u00e9 de nouveaux plans de protection du climat jusqu&rsquo;en 2035, contrairement \u00e0 tous les engagements pris lors de la conf\u00e9rence &#8211; et les plans existants ne suffisent pas \u00e0 contenir la crise.<\/p>\n<p>Suite au succ\u00e8s de la conf\u00e9rence, le Br\u00e9sil, h\u00f4te, souhaite cr\u00e9er un nouveau fonds d&rsquo;un milliard de dollars pour prot\u00e9ger les for\u00eats tropicales humides. Les pays qui pr\u00e9servent leurs for\u00eats tropicales devraient \u00eatre r\u00e9compens\u00e9s. Cependant, pour chaque hectare d\u00e9truit, de lourdes amendes seront dues et alimenteront le fonds.<\/p>\n<p><strong>\u2013 Quel r\u00f4le joue l\u2019UE ?<\/strong><\/p>\n<p>L\u2019UE a longtemps \u00e9t\u00e9 consid\u00e9r\u00e9e comme un combattant pour plus d\u2019ambition lors des conf\u00e9rences sur le climat \u2013 mais les temps ont chang\u00e9. En raison d\u2019une \u00e9norme r\u00e9sistance, ce n\u2019est qu\u2019\u00e0 la derni\u00e8re minute qu\u2019il a convenu d\u2019un objectif climatique pour la conf\u00e9rence d\u2019ici 2035. Il souhaite d\u00e9sormais atteindre ses objectifs de r\u00e9duction des \u00e9missions allant jusqu\u2019\u00e0 cinq points de pourcentage \u00e0 partir de 2031 gr\u00e2ce \u00e0 des certificats climatiques de l\u2019\u00e9tranger.<\/p>\n<p>Le climatologue Niklas H\u00f6hne du NewClimate Institute a d\u00e9crit cela comme un pas en arri\u00e8re, qui rend \u00e9galement moins probable que nous puissions r\u00e9ellement devenir neutres sur le plan climatique d&rsquo;ici 2050. L&rsquo;UE autorise d\u00e9sormais des certificats qu&rsquo;elle avait exclus de son objectif 2030 en raison de doutes sur leur s\u00e9rieux.<\/p>\n<div id=\"attachment_429181\" class=\"wp-caption alignleft\" style=\"max-width: 300px\"><img decoding=\"async\" class=\"wp-image-429181 size-medium\" src=\"https:\/\/vieassociative.be\/actualites\/wp-content\/uploads\/2025\/11\/1762676325_870_LAmazonie-en-toile-de-fond-quapportera-la-COP30.jpg\" alt=\"\" width=\"300\" height=\"200\"><\/div>\n<p><strong>\u2013 Qu&rsquo;est-ce qui serait un succ\u00e8s au Br\u00e9sil ?<\/strong><\/p>\n<p>Dans le meilleur des cas, un paquet serait d\u00e9cid\u00e9 \u00ab\u00a0pour prendre toutes les mesures n\u00e9cessaires afin que le r\u00e9chauffement climatique puisse encore \u00eatre stabilis\u00e9 en dessous de 1,5 degr\u00e9\u00a0\u00bb, souligne Greenpeace &#8211; comprenant un plan contraignant d&rsquo;\u00e9limination progressive des combustibles fossiles. Lors de la derni\u00e8re conf\u00e9rence sur le climat, des \u00c9tats p\u00e9troliers comme l\u2019Arabie saoudite ont tent\u00e9 de bloquer un accord visant \u00e0 \u00e9liminer progressivement le charbon, le p\u00e9trole et le gaz. Selon les observateurs, il serait \u00e9galement important de soutenir financi\u00e8rement les promesses faites aux pays les plus pauvres. L&rsquo;ann\u00e9e derni\u00e8re, en Azerba\u00efdjan, ces questions d\u00e9licates ont \u00e9t\u00e9 partiellement report\u00e9es.<\/p>\n<p><strong>\u2013 L\u2019Accord de Paris a-t-il \u00e9chou\u00e9 ?<\/strong><\/p>\n<p>Les experts sont d&rsquo;accord : sans cet accord, le monde se trouverait dans une situation encore pire, \u00e0 savoir un r\u00e9chauffement climatique de quatre \u00e0 cinq degr\u00e9s, comme pr\u00e9vu pr\u00e9c\u00e9demment. \u00ab\u00a0L&rsquo;accord de Paris sur le climat a mis en mouvement quelque chose qui ne peut plus \u00eatre arr\u00eat\u00e9\u00a0\u00bb, affirment les climatologues en vue du d\u00e9veloppement rapide des \u00e9nergies renouvelables. Le monde a chang\u00e9 et il continuera de le faire. (dpa)<\/p>\n<p><em><strong>Sur le sujet, voir aussi l&rsquo;article suivant sur l&rsquo;OD :<\/strong><\/em><\/p>\n<div class=\"responsive-embed widescreen\">\n<blockquote class=\"wp-embedded-content\" data-secret=\"xg7DeiaSYO\">\n<p>Selon l&rsquo;ONU, la Terre se dirige vers un r\u00e9chauffement de 2,8 degr\u00e9s<\/p>\n<\/blockquote>\n<p><iframe loading=\"lazy\" class=\"wp-embedded-content\" sandbox=\"allow-scripts\" security=\"restricted\" style=\"position: absolute; visibility: hidden;\" title=\"\u201eErde steuert laut UN auf 2,8 Grad Erw\u00e4rmung zu\u201c \u2014 Ostbelgien Direkt\" src=\"https:\/\/ostbelgiendirekt.be\/about:blank\" data-secret=\"xg7DeiaSYO\" width=\"500\" height=\"282\" frameborder=\"0\" marginwidth=\"0\" marginheight=\"0\" scrolling=\"no\" data-rocket-lazyload=\"fitvidscompatible\" data-lazy-src=\"https:\/\/ostbelgiendirekt.be\/un-erwaermung-klima-428906\/embed#?secret=GjEv8HXO4j#?secret=xg7DeiaSYO\"><\/iframe><noscript><iframe class=\"wp-embedded-content\" sandbox=\"allow-scripts\" security=\"restricted\" style=\"position: absolute; visibility: hidden;\" title=\"\u201eErde steuert laut UN auf 2,8 Grad Erw\u00e4rmung zu\u201c \u2014 Ostbelgien Direkt\" src=\"https:\/\/ostbelgiendirekt.be\/un-erwaermung-klima-428906\/embed#?secret=GjEv8HXO4j#?secret=xg7DeiaSYO\" data-secret=\"xg7DeiaSYO\" width=\"500\" height=\"282\" frameborder=\"0\" marginwidth=\"0\" marginheight=\"0\" scrolling=\"no\"><\/iframe><\/noscript><\/p>\n<\/div>\n","protected":false},"excerpt":{"rendered":"<p>Il y a dix ans, la liesse \u00e9clatait \u00e0 Paris : apr\u00e8s une lutte acharn\u00e9e, la communaut\u00e9 mondiale \u00e9tait convenue de ma\u00eetriser la crise climatique.<\/p>\n","protected":false},"author":1,"featured_media":11207,"comment_status":"","ping_status":"","sticky":false,"template":"","format":"standard","meta":{"footnotes":""},"categories":[298],"tags":[9196,2991,2989,9195,6128,9192,2990,9194,481,1882,33,9193],"class_list":["post-11206","post","type-post","status-publish","format-standard","has-post-thumbnail","hentry","category-belgique","tag-belem","tag-climat","tag-conference","tag-cop30","tag-fond","tag-lamazonie","tag-mondiale","tag-quapportera","tag-questions","tag-reponses","tag-sur","tag-toile","generate-columns","tablet-grid-50","mobile-grid-100","grid-parent","grid-33"],"yoast_head":"<!-- This site is optimized with the Yoast SEO plugin v24.0 - https:\/\/yoast.com\/wordpress\/plugins\/seo\/ -->\n<title>L\u2019Amazonie en toile de fond : qu\u2019apportera la COP30 ? \u2013 Conf\u00e9rence mondiale sur le climat \u00e0 Bel\u00e9m (Questions et r\u00e9ponses) | Vie Associative<\/title>\n<meta name=\"robots\" content=\"index, follow, max-snippet:-1, max-image-preview:large, max-video-preview:-1\" \/>\n<link rel=\"canonical\" href=\"https:\/\/vieassociative.be\/actualites\/lamazonie-en-toile-de-fond-quapportera-la-cop30-conference-mondiale-sur-le-climat-a-belem-questions-et-reponses\/\" \/>\n<meta property=\"og:locale\" content=\"fr_FR\" \/>\n<meta property=\"og:type\" content=\"article\" \/>\n<meta property=\"og:title\" content=\"L\u2019Amazonie en toile de fond : qu\u2019apportera la COP30 ? \u2013 Conf\u00e9rence mondiale sur le climat \u00e0 Bel\u00e9m (Questions et r\u00e9ponses) | Vie Associative\" \/>\n<meta property=\"og:description\" content=\"Il y a dix ans, la liesse \u00e9clatait \u00e0 Paris : apr\u00e8s une lutte acharn\u00e9e, la communaut\u00e9 mondiale \u00e9tait convenue de ma\u00eetriser la crise climatique.\" \/>\n<meta property=\"og:url\" content=\"https:\/\/vieassociative.be\/actualites\/lamazonie-en-toile-de-fond-quapportera-la-cop30-conference-mondiale-sur-le-climat-a-belem-questions-et-reponses\/\" \/>\n<meta property=\"og:site_name\" content=\"Vie Associative\" \/>\n<meta property=\"article:published_time\" content=\"2025-11-09T08:18:45+00:00\" \/>\n<meta property=\"og:image\" content=\"https:\/\/vieassociative.be\/actualites\/wp-content\/uploads\/2024\/09\/header_backgroundk-01-e1726694325946.png\" \/>\n\t<meta property=\"og:image:width\" content=\"279\" \/>\n\t<meta property=\"og:image:height\" content=\"92\" \/>\n\t<meta property=\"og:image:type\" content=\"image\/png\" \/>\n<meta name=\"author\" content=\"Julien\" \/>\n<meta name=\"twitter:card\" content=\"summary_large_image\" \/>\n<meta name=\"twitter:label1\" content=\"\u00c9crit par\" \/>\n\t<meta name=\"twitter:data1\" content=\"Julien\" \/>\n\t<meta name=\"twitter:label2\" content=\"Dur\u00e9e de lecture est.\" \/>\n\t<meta name=\"twitter:data2\" content=\"5 minutes\" \/>\n<script type=\"application\/ld+json\" class=\"yoast-schema-graph\">{\"@context\":\"https:\/\/schema.org\",\"@graph\":[{\"@type\":\"Article\",\"@id\":\"https:\/\/vieassociative.be\/actualites\/lamazonie-en-toile-de-fond-quapportera-la-cop30-conference-mondiale-sur-le-climat-a-belem-questions-et-reponses\/#article\",\"isPartOf\":{\"@id\":\"https:\/\/vieassociative.be\/actualites\/lamazonie-en-toile-de-fond-quapportera-la-cop30-conference-mondiale-sur-le-climat-a-belem-questions-et-reponses\/\"},\"author\":{\"name\":\"Julien\",\"@id\":\"https:\/\/vieassociative.be\/actualites\/#\/schema\/person\/b87ac4f82f9d4e7b7cec7395b679edc4\"},\"headline\":\"L\u2019Amazonie en toile de fond : qu\u2019apportera la COP30 ? \u2013 Conf\u00e9rence mondiale sur le climat \u00e0 Bel\u00e9m (Questions et r\u00e9ponses)\",\"datePublished\":\"2025-11-09T08:18:45+00:00\",\"dateModified\":\"2025-11-09T08:18:45+00:00\",\"mainEntityOfPage\":{\"@id\":\"https:\/\/vieassociative.be\/actualites\/lamazonie-en-toile-de-fond-quapportera-la-cop30-conference-mondiale-sur-le-climat-a-belem-questions-et-reponses\/\"},\"wordCount\":1104,\"publisher\":{\"@id\":\"https:\/\/vieassociative.be\/actualites\/#organization\"},\"image\":{\"@id\":\"https:\/\/vieassociative.be\/actualites\/lamazonie-en-toile-de-fond-quapportera-la-cop30-conference-mondiale-sur-le-climat-a-belem-questions-et-reponses\/#primaryimage\"},\"thumbnailUrl\":\"https:\/\/vieassociative.be\/actualites\/wp-content\/uploads\/2025\/11\/1762676326_LAmazonie-en-toile-de-fond-quapportera-la-COP30.jpg\",\"keywords\":[\"Bel\u00e9m\",\"climat\",\"conf\u00e9rence\",\"COP30\",\"fond\",\"LAmazonie\",\"mondiale\",\"quapportera\",\"questions\",\"r\u00e9ponses\",\"sur\",\"toile\"],\"articleSection\":[\"Belgique\"],\"inLanguage\":\"fr-BE\"},{\"@type\":\"WebPage\",\"@id\":\"https:\/\/vieassociative.be\/actualites\/lamazonie-en-toile-de-fond-quapportera-la-cop30-conference-mondiale-sur-le-climat-a-belem-questions-et-reponses\/\",\"url\":\"https:\/\/vieassociative.be\/actualites\/lamazonie-en-toile-de-fond-quapportera-la-cop30-conference-mondiale-sur-le-climat-a-belem-questions-et-reponses\/\",\"name\":\"L\u2019Amazonie en toile de fond : qu\u2019apportera la COP30 ? \u2013 Conf\u00e9rence mondiale sur le climat \u00e0 Bel\u00e9m (Questions et r\u00e9ponses) | Vie Associative\",\"isPartOf\":{\"@id\":\"https:\/\/vieassociative.be\/actualites\/#website\"},\"primaryImageOfPage\":{\"@id\":\"https:\/\/vieassociative.be\/actualites\/lamazonie-en-toile-de-fond-quapportera-la-cop30-conference-mondiale-sur-le-climat-a-belem-questions-et-reponses\/#primaryimage\"},\"image\":{\"@id\":\"https:\/\/vieassociative.be\/actualites\/lamazonie-en-toile-de-fond-quapportera-la-cop30-conference-mondiale-sur-le-climat-a-belem-questions-et-reponses\/#primaryimage\"},\"thumbnailUrl\":\"https:\/\/vieassociative.be\/actualites\/wp-content\/uploads\/2025\/11\/1762676326_LAmazonie-en-toile-de-fond-quapportera-la-COP30.jpg\",\"datePublished\":\"2025-11-09T08:18:45+00:00\",\"dateModified\":\"2025-11-09T08:18:45+00:00\",\"breadcrumb\":{\"@id\":\"https:\/\/vieassociative.be\/actualites\/lamazonie-en-toile-de-fond-quapportera-la-cop30-conference-mondiale-sur-le-climat-a-belem-questions-et-reponses\/#breadcrumb\"},\"inLanguage\":\"fr-BE\",\"potentialAction\":[{\"@type\":\"ReadAction\",\"target\":[\"https:\/\/vieassociative.be\/actualites\/lamazonie-en-toile-de-fond-quapportera-la-cop30-conference-mondiale-sur-le-climat-a-belem-questions-et-reponses\/\"]}]},{\"@type\":\"ImageObject\",\"inLanguage\":\"fr-BE\",\"@id\":\"https:\/\/vieassociative.be\/actualites\/lamazonie-en-toile-de-fond-quapportera-la-cop30-conference-mondiale-sur-le-climat-a-belem-questions-et-reponses\/#primaryimage\",\"url\":\"https:\/\/vieassociative.be\/actualites\/wp-content\/uploads\/2025\/11\/1762676326_LAmazonie-en-toile-de-fond-quapportera-la-COP30.jpg\",\"contentUrl\":\"https:\/\/vieassociative.be\/actualites\/wp-content\/uploads\/2025\/11\/1762676326_LAmazonie-en-toile-de-fond-quapportera-la-COP30.jpg\",\"width\":1200,\"height\":800,\"caption\":\"L\u2019Amazonie en toile de fond : qu\u2019apportera la COP30 ? \u2013 Conf\u00e9rence mondiale sur le climat \u00e0 Bel\u00e9m (Questions et r\u00e9ponses)\"},{\"@type\":\"BreadcrumbList\",\"@id\":\"https:\/\/vieassociative.be\/actualites\/lamazonie-en-toile-de-fond-quapportera-la-cop30-conference-mondiale-sur-le-climat-a-belem-questions-et-reponses\/#breadcrumb\",\"itemListElement\":[{\"@type\":\"ListItem\",\"position\":1,\"name\":\"Accueil\",\"item\":\"https:\/\/vieassociative.be\/actualites\/\"},{\"@type\":\"ListItem\",\"position\":2,\"name\":\"L\u2019Amazonie en toile de fond : qu\u2019apportera la COP30 ? \u2013 Conf\u00e9rence mondiale sur le climat \u00e0 Bel\u00e9m (Questions et r\u00e9ponses)\"}]},{\"@type\":\"WebSite\",\"@id\":\"https:\/\/vieassociative.be\/actualites\/#website\",\"url\":\"https:\/\/vieassociative.be\/actualites\/\",\"name\":\"Vie Associative\",\"description\":\"\",\"publisher\":{\"@id\":\"https:\/\/vieassociative.be\/actualites\/#organization\"},\"potentialAction\":[{\"@type\":\"SearchAction\",\"target\":{\"@type\":\"EntryPoint\",\"urlTemplate\":\"https:\/\/vieassociative.be\/actualites\/?s={search_term_string}\"},\"query-input\":{\"@type\":\"PropertyValueSpecification\",\"valueRequired\":true,\"valueName\":\"search_term_string\"}}],\"inLanguage\":\"fr-BE\"},{\"@type\":\"Organization\",\"@id\":\"https:\/\/vieassociative.be\/actualites\/#organization\",\"name\":\"Vie Associative\",\"url\":\"https:\/\/vieassociative.be\/actualites\/\",\"logo\":{\"@type\":\"ImageObject\",\"inLanguage\":\"fr-BE\",\"@id\":\"https:\/\/vieassociative.be\/actualites\/#\/schema\/logo\/image\/\",\"url\":\"https:\/\/vieassociative.be\/actualites\/wp-content\/uploads\/2024\/09\/cropped-vieassociative_favicon.ico.png\",\"contentUrl\":\"https:\/\/vieassociative.be\/actualites\/wp-content\/uploads\/2024\/09\/cropped-vieassociative_favicon.ico.png\",\"width\":512,\"height\":512,\"caption\":\"Vie Associative\"},\"image\":{\"@id\":\"https:\/\/vieassociative.be\/actualites\/#\/schema\/logo\/image\/\"}},{\"@type\":\"Person\",\"@id\":\"https:\/\/vieassociative.be\/actualites\/#\/schema\/person\/b87ac4f82f9d4e7b7cec7395b679edc4\",\"name\":\"Julien\",\"image\":{\"@type\":\"ImageObject\",\"inLanguage\":\"fr-BE\",\"@id\":\"https:\/\/vieassociative.be\/actualites\/#\/schema\/person\/image\/\",\"url\":\"https:\/\/vieassociative.be\/actualites\/wp-content\/uploads\/2024\/09\/vie-associative-1-150x150.jpg\",\"contentUrl\":\"https:\/\/vieassociative.be\/actualites\/wp-content\/uploads\/2024\/09\/vie-associative-1-150x150.jpg\",\"caption\":\"Julien\"},\"description\":\"Je suis Julien, r\u00e9dacteur pour Vie Associative. Passionn\u00e9 par le monde associatif depuis plus de 10 ans, j'ai \u00e0 c\u0153ur de partager des histoires inspirantes et de mettre en lumi\u00e8re les initiatives locales. Mon objectif est de sensibiliser et d'encourager l'engagement communautaire \u00e0 travers mes articles.\",\"sameAs\":[\"https:\/\/vieassociative.be\/\"]}]}<\/script>\n<!-- \/ Yoast SEO plugin. -->","yoast_head_json":{"title":"L\u2019Amazonie en toile de fond : qu\u2019apportera la COP30 ? \u2013 Conf\u00e9rence mondiale sur le climat \u00e0 Bel\u00e9m (Questions et r\u00e9ponses) | Vie Associative","robots":{"index":"index","follow":"follow","max-snippet":"max-snippet:-1","max-image-preview":"max-image-preview:large","max-video-preview":"max-video-preview:-1"},"canonical":"https:\/\/vieassociative.be\/actualites\/lamazonie-en-toile-de-fond-quapportera-la-cop30-conference-mondiale-sur-le-climat-a-belem-questions-et-reponses\/","og_locale":"fr_FR","og_type":"article","og_title":"L\u2019Amazonie en toile de fond : qu\u2019apportera la COP30 ? \u2013 Conf\u00e9rence mondiale sur le climat \u00e0 Bel\u00e9m (Questions et r\u00e9ponses) | Vie Associative","og_description":"Il y a dix ans, la liesse \u00e9clatait \u00e0 Paris : apr\u00e8s une lutte acharn\u00e9e, la communaut\u00e9 mondiale \u00e9tait convenue de ma\u00eetriser la crise climatique.","og_url":"https:\/\/vieassociative.be\/actualites\/lamazonie-en-toile-de-fond-quapportera-la-cop30-conference-mondiale-sur-le-climat-a-belem-questions-et-reponses\/","og_site_name":"Vie Associative","article_published_time":"2025-11-09T08:18:45+00:00","og_image":[{"width":279,"height":92,"url":"https:\/\/vieassociative.be\/actualites\/wp-content\/uploads\/2024\/09\/header_backgroundk-01-e1726694325946.png","type":"image\/png"}],"author":"Julien","twitter_card":"summary_large_image","twitter_misc":{"\u00c9crit par":"Julien","Dur\u00e9e de lecture est.":"5 minutes"},"schema":{"@context":"https:\/\/schema.org","@graph":[{"@type":"Article","@id":"https:\/\/vieassociative.be\/actualites\/lamazonie-en-toile-de-fond-quapportera-la-cop30-conference-mondiale-sur-le-climat-a-belem-questions-et-reponses\/#article","isPartOf":{"@id":"https:\/\/vieassociative.be\/actualites\/lamazonie-en-toile-de-fond-quapportera-la-cop30-conference-mondiale-sur-le-climat-a-belem-questions-et-reponses\/"},"author":{"name":"Julien","@id":"https:\/\/vieassociative.be\/actualites\/#\/schema\/person\/b87ac4f82f9d4e7b7cec7395b679edc4"},"headline":"L\u2019Amazonie en toile de fond : qu\u2019apportera la COP30 ? \u2013 Conf\u00e9rence mondiale sur le climat \u00e0 Bel\u00e9m (Questions et r\u00e9ponses)","datePublished":"2025-11-09T08:18:45+00:00","dateModified":"2025-11-09T08:18:45+00:00","mainEntityOfPage":{"@id":"https:\/\/vieassociative.be\/actualites\/lamazonie-en-toile-de-fond-quapportera-la-cop30-conference-mondiale-sur-le-climat-a-belem-questions-et-reponses\/"},"wordCount":1104,"publisher":{"@id":"https:\/\/vieassociative.be\/actualites\/#organization"},"image":{"@id":"https:\/\/vieassociative.be\/actualites\/lamazonie-en-toile-de-fond-quapportera-la-cop30-conference-mondiale-sur-le-climat-a-belem-questions-et-reponses\/#primaryimage"},"thumbnailUrl":"https:\/\/vieassociative.be\/actualites\/wp-content\/uploads\/2025\/11\/1762676326_LAmazonie-en-toile-de-fond-quapportera-la-COP30.jpg","keywords":["Bel\u00e9m","climat","conf\u00e9rence","COP30","fond","LAmazonie","mondiale","quapportera","questions","r\u00e9ponses","sur","toile"],"articleSection":["Belgique"],"inLanguage":"fr-BE"},{"@type":"WebPage","@id":"https:\/\/vieassociative.be\/actualites\/lamazonie-en-toile-de-fond-quapportera-la-cop30-conference-mondiale-sur-le-climat-a-belem-questions-et-reponses\/","url":"https:\/\/vieassociative.be\/actualites\/lamazonie-en-toile-de-fond-quapportera-la-cop30-conference-mondiale-sur-le-climat-a-belem-questions-et-reponses\/","name":"L\u2019Amazonie en toile de fond : qu\u2019apportera la COP30 ? \u2013 Conf\u00e9rence mondiale sur le climat \u00e0 Bel\u00e9m (Questions et r\u00e9ponses) | Vie Associative","isPartOf":{"@id":"https:\/\/vieassociative.be\/actualites\/#website"},"primaryImageOfPage":{"@id":"https:\/\/vieassociative.be\/actualites\/lamazonie-en-toile-de-fond-quapportera-la-cop30-conference-mondiale-sur-le-climat-a-belem-questions-et-reponses\/#primaryimage"},"image":{"@id":"https:\/\/vieassociative.be\/actualites\/lamazonie-en-toile-de-fond-quapportera-la-cop30-conference-mondiale-sur-le-climat-a-belem-questions-et-reponses\/#primaryimage"},"thumbnailUrl":"https:\/\/vieassociative.be\/actualites\/wp-content\/uploads\/2025\/11\/1762676326_LAmazonie-en-toile-de-fond-quapportera-la-COP30.jpg","datePublished":"2025-11-09T08:18:45+00:00","dateModified":"2025-11-09T08:18:45+00:00","breadcrumb":{"@id":"https:\/\/vieassociative.be\/actualites\/lamazonie-en-toile-de-fond-quapportera-la-cop30-conference-mondiale-sur-le-climat-a-belem-questions-et-reponses\/#breadcrumb"},"inLanguage":"fr-BE","potentialAction":[{"@type":"ReadAction","target":["https:\/\/vieassociative.be\/actualites\/lamazonie-en-toile-de-fond-quapportera-la-cop30-conference-mondiale-sur-le-climat-a-belem-questions-et-reponses\/"]}]},{"@type":"ImageObject","inLanguage":"fr-BE","@id":"https:\/\/vieassociative.be\/actualites\/lamazonie-en-toile-de-fond-quapportera-la-cop30-conference-mondiale-sur-le-climat-a-belem-questions-et-reponses\/#primaryimage","url":"https:\/\/vieassociative.be\/actualites\/wp-content\/uploads\/2025\/11\/1762676326_LAmazonie-en-toile-de-fond-quapportera-la-COP30.jpg","contentUrl":"https:\/\/vieassociative.be\/actualites\/wp-content\/uploads\/2025\/11\/1762676326_LAmazonie-en-toile-de-fond-quapportera-la-COP30.jpg","width":1200,"height":800,"caption":"L\u2019Amazonie en toile de fond : qu\u2019apportera la COP30 ? \u2013 Conf\u00e9rence mondiale sur le climat \u00e0 Bel\u00e9m (Questions et r\u00e9ponses)"},{"@type":"BreadcrumbList","@id":"https:\/\/vieassociative.be\/actualites\/lamazonie-en-toile-de-fond-quapportera-la-cop30-conference-mondiale-sur-le-climat-a-belem-questions-et-reponses\/#breadcrumb","itemListElement":[{"@type":"ListItem","position":1,"name":"Accueil","item":"https:\/\/vieassociative.be\/actualites\/"},{"@type":"ListItem","position":2,"name":"L\u2019Amazonie en toile de fond : qu\u2019apportera la COP30 ? \u2013 Conf\u00e9rence mondiale sur le climat \u00e0 Bel\u00e9m (Questions et r\u00e9ponses)"}]},{"@type":"WebSite","@id":"https:\/\/vieassociative.be\/actualites\/#website","url":"https:\/\/vieassociative.be\/actualites\/","name":"Vie Associative","description":"","publisher":{"@id":"https:\/\/vieassociative.be\/actualites\/#organization"},"potentialAction":[{"@type":"SearchAction","target":{"@type":"EntryPoint","urlTemplate":"https:\/\/vieassociative.be\/actualites\/?s={search_term_string}"},"query-input":{"@type":"PropertyValueSpecification","valueRequired":true,"valueName":"search_term_string"}}],"inLanguage":"fr-BE"},{"@type":"Organization","@id":"https:\/\/vieassociative.be\/actualites\/#organization","name":"Vie Associative","url":"https:\/\/vieassociative.be\/actualites\/","logo":{"@type":"ImageObject","inLanguage":"fr-BE","@id":"https:\/\/vieassociative.be\/actualites\/#\/schema\/logo\/image\/","url":"https:\/\/vieassociative.be\/actualites\/wp-content\/uploads\/2024\/09\/cropped-vieassociative_favicon.ico.png","contentUrl":"https:\/\/vieassociative.be\/actualites\/wp-content\/uploads\/2024\/09\/cropped-vieassociative_favicon.ico.png","width":512,"height":512,"caption":"Vie Associative"},"image":{"@id":"https:\/\/vieassociative.be\/actualites\/#\/schema\/logo\/image\/"}},{"@type":"Person","@id":"https:\/\/vieassociative.be\/actualites\/#\/schema\/person\/b87ac4f82f9d4e7b7cec7395b679edc4","name":"Julien","image":{"@type":"ImageObject","inLanguage":"fr-BE","@id":"https:\/\/vieassociative.be\/actualites\/#\/schema\/person\/image\/","url":"https:\/\/vieassociative.be\/actualites\/wp-content\/uploads\/2024\/09\/vie-associative-1-150x150.jpg","contentUrl":"https:\/\/vieassociative.be\/actualites\/wp-content\/uploads\/2024\/09\/vie-associative-1-150x150.jpg","caption":"Julien"},"description":"Je suis Julien, r\u00e9dacteur pour Vie Associative. Passionn\u00e9 par le monde associatif depuis plus de 10 ans, j'ai \u00e0 c\u0153ur de partager des histoires inspirantes et de mettre en lumi\u00e8re les initiatives locales. Mon objectif est de sensibiliser et d'encourager l'engagement communautaire \u00e0 travers mes articles.","sameAs":["https:\/\/vieassociative.be\/"]}]}},"_links":{"self":[{"href":"https:\/\/vieassociative.be\/actualites\/wp-json\/wp\/v2\/posts\/11206"}],"collection":[{"href":"https:\/\/vieassociative.be\/actualites\/wp-json\/wp\/v2\/posts"}],"about":[{"href":"https:\/\/vieassociative.be\/actualites\/wp-json\/wp\/v2\/types\/post"}],"author":[{"embeddable":true,"href":"https:\/\/vieassociative.be\/actualites\/wp-json\/wp\/v2\/users\/1"}],"replies":[{"embeddable":true,"href":"https:\/\/vieassociative.be\/actualites\/wp-json\/wp\/v2\/comments?post=11206"}],"version-history":[{"count":0,"href":"https:\/\/vieassociative.be\/actualites\/wp-json\/wp\/v2\/posts\/11206\/revisions"}],"wp:featuredmedia":[{"embeddable":true,"href":"https:\/\/vieassociative.be\/actualites\/wp-json\/wp\/v2\/media\/11207"}],"wp:attachment":[{"href":"https:\/\/vieassociative.be\/actualites\/wp-json\/wp\/v2\/media?parent=11206"}],"wp:term":[{"taxonomy":"category","embeddable":true,"href":"https:\/\/vieassociative.be\/actualites\/wp-json\/wp\/v2\/categories?post=11206"},{"taxonomy":"post_tag","embeddable":true,"href":"https:\/\/vieassociative.be\/actualites\/wp-json\/wp\/v2\/tags?post=11206"}],"curies":[{"name":"wp","href":"https:\/\/api.w.org\/{rel}","templated":true}]}}