{"id":11201,"date":"2025-11-09T03:17:27","date_gmt":"2025-11-09T02:17:27","guid":{"rendered":"https:\/\/vieassociative.be\/actualites\/trump-veut-quun-stade-de-football-a-washington-dune-valeur-de-37-milliards-de-dollars-porte-son-nom\/"},"modified":"2025-11-09T03:17:27","modified_gmt":"2025-11-09T02:17:27","slug":"trump-veut-quun-stade-de-football-a-washington-dune-valeur-de-37-milliards-de-dollars-porte-son-nom","status":"publish","type":"post","link":"https:\/\/vieassociative.be\/actualites\/trump-veut-quun-stade-de-football-a-washington-dune-valeur-de-37-milliards-de-dollars-porte-son-nom\/","title":{"rendered":"Trump veut qu&rsquo;un stade de football \u00e0 Washington, d&rsquo;une valeur de 3,7 milliards de dollars, porte son nom"},"content":{"rendered":"<p><strong>Le pr\u00e9sident am\u00e9ricain Donald Trump est critiqu\u00e9 et hoche la t\u00eate non seulement parce qu&rsquo;il s&rsquo;est impliqu\u00e9 tr\u00e8s t\u00f4t dans la conversation en tant que laur\u00e9at du prix Nobel de la paix, qu&rsquo;il projette un arc de triomphe \u00e0 Washington et qu&rsquo;il fait construire une salle de bal de 200 millions de dollars \u00e0 la Maison Blanche. Il souhaite d\u00e9sormais qu&rsquo;un nouveau stade de 3,7 milliards de dollars porte son nom.<\/strong><\/p>\n<p><span id=\"more-429222\"><\/span>Selon le site d&rsquo;informations sportives ESPN, le pr\u00e9sident am\u00e9ricain Donald Trump souhaite qu&rsquo;un tout nouveau stade de 3,7 milliards de dollars \u00e0 Washington DC porte son nom. Pour cela, il devrait mener une campagne de lobbying intense.<\/p>\n<p>Les Washington Commanders, \u00e9quipe de football am\u00e9ricain, vont recevoir un tout nouveau stade dans la capitale des Etats-Unis.<\/p>\n<\/p>\n<div id=\"attachment_427324\" class=\"wp-caption alignleft\" style=\"max-width: 300px\"><img fetchpriority=\"high\" decoding=\"async\" class=\"wp-image-427324 size-medium\" src=\"https:\/\/vieassociative.be\/actualites\/wp-content\/uploads\/2025\/11\/Trump-veut-quun-stade-de-football-a-Washington-dune-valeur.jpg\" alt=\"\" width=\"300\" height=\"200\"><\/div>\n<p>L&rsquo;ar\u00e8ne comptera 65 000 places et un toit translucide et sera l&rsquo;un des stades les plus chers jamais construits dans l&rsquo;histoire du pays. Les travaux de construction devraient d\u00e9buter l&rsquo;ann\u00e9e prochaine. L&rsquo;ouverture est pr\u00e9vue pour 2030.<\/p>\n<p>Selon une source haut plac\u00e9e \u00e0 la Maison Blanche, des contacts informels ont eu lieu avec le groupe de propri\u00e9t\u00e9 des Commanders pour r\u00e9aliser le souhait de Donald Trump que le stade de la capitale porte son nom.<\/p>\n<p>\u00ab\u00a0Ce serait un nom merveilleux puisque c&rsquo;est le pr\u00e9sident Trump qui a rendu possible la construction du nouveau stade\u00a0\u00bb, a r\u00e9pondu la porte-parole de la Maison Blanche, Karoline Leavitt, dans un e-mail \u00e0 ESPN. Elle n&rsquo;a donn\u00e9 aucun autre d\u00e9tail, mais la source d&rsquo;ESPN \u00e0 la Maison Blanche a \u00e9t\u00e9 claire : \u00ab\u00a0C&rsquo;est ce que veut le pr\u00e9sident, et c&rsquo;est probablement ce qui va arriver.\u00a0\u00bb<\/p>\n<div id=\"attachment_429231\" class=\"wp-caption alignleft\" style=\"max-width: 300px\"><img decoding=\"async\" class=\"wp-image-429231 size-medium\" src=\"https:\/\/vieassociative.be\/actualites\/wp-content\/uploads\/2025\/11\/1762654647_593_Trump-veut-quun-stade-de-football-a-Washington-dune-valeur.jpg\" alt=\"\" width=\"300\" height=\"201\"><\/div>\n<p>Selon cette source, Trump dispose de ressources \u00ab plus que suffisantes \u00bb pour y parvenir. \u00ab\u00a0Il peut rendre le processus de construction beaucoup plus difficile, par exemple en introduisant des permis environnementaux pour garantir que tous ceux qui souhaitent que ce stade soit construit coop\u00e8rent et y apposent leur nom. Il dispose de suffisamment de ressources pour obtenir ce qu&rsquo;il veut.\u00a0\u00bb<\/p>\n<p>Les commandants de Washington ont refus\u00e9 de commenter. Il convient toutefois de noter que Trump assistera \u00e0 un match \u00e0 domicile \u00e0 l\u2019invitation de Josh Harris, un investisseur de l\u2019\u00e9quipe de football am\u00e9ricain. Selon une source interne, les commandants de Washington envisagent de soulever la question du nouveau stade lors de la rencontre avec Trump, mais il n&rsquo;y a pas encore eu de discussions formelles.<\/p>\n<p>Trump semble d\u00e9termin\u00e9 \u00e0 entrer dans l\u2019histoire, et pas seulement avec ce stade. Il a \u00e9galement d\u00e9moli l&rsquo;aile est de la Maison Blanche pour y construire une salle de bal et a annonc\u00e9 la construction d&rsquo;un imposant arc de triomphe \u00e0 Washington, baptis\u00e9 Trump Arch, qui sera achev\u00e9 \u00e0 l&rsquo;occasion du 250e anniversaire de la fondation des \u00c9tats-Unis. (cr\u00e9er)<\/p>\n","protected":false},"excerpt":{"rendered":"<p>Le pr\u00e9sident am\u00e9ricain Donald Trump est critiqu\u00e9 et hoche la t\u00eate non seulement parce qu&rsquo;il s&rsquo;est impliqu\u00e9 tr\u00e8s t\u00f4t dans la conversation en tant que<\/p>\n","protected":false},"author":1,"featured_media":11202,"comment_status":"","ping_status":"","sticky":false,"template":"","format":"standard","meta":{"footnotes":""},"categories":[298],"tags":[3349,698,1104,4419,3921,3911,1185,800,2687,2425,5721,2635,5056],"class_list":["post-11201","post","type-post","status-publish","format-standard","has-post-thumbnail","hentry","category-belgique","tag-dollars","tag-dune","tag-football","tag-milliards","tag-nom","tag-porte","tag-quun","tag-son","tag-stade","tag-trump","tag-valeur","tag-veut","tag-washington","generate-columns","tablet-grid-50","mobile-grid-100","grid-parent","grid-33"],"yoast_head":"<!-- This site is optimized with the Yoast SEO plugin v24.0 - https:\/\/yoast.com\/wordpress\/plugins\/seo\/ -->\n<title>Trump veut qu&#039;un stade de football \u00e0 Washington, d&#039;une valeur de 3,7 milliards de dollars, porte son nom | Vie Associative<\/title>\n<meta name=\"robots\" content=\"index, follow, max-snippet:-1, max-image-preview:large, max-video-preview:-1\" \/>\n<link rel=\"canonical\" href=\"https:\/\/vieassociative.be\/actualites\/trump-veut-quun-stade-de-football-a-washington-dune-valeur-de-37-milliards-de-dollars-porte-son-nom\/\" \/>\n<meta property=\"og:locale\" content=\"fr_FR\" \/>\n<meta property=\"og:type\" content=\"article\" \/>\n<meta property=\"og:title\" content=\"Trump veut qu&#039;un stade de football \u00e0 Washington, d&#039;une valeur de 3,7 milliards de dollars, porte son nom | Vie Associative\" \/>\n<meta property=\"og:description\" content=\"Le pr\u00e9sident am\u00e9ricain Donald Trump est critiqu\u00e9 et hoche la t\u00eate non seulement parce qu&rsquo;il s&rsquo;est impliqu\u00e9 tr\u00e8s t\u00f4t dans la conversation en tant que\" \/>\n<meta property=\"og:url\" content=\"https:\/\/vieassociative.be\/actualites\/trump-veut-quun-stade-de-football-a-washington-dune-valeur-de-37-milliards-de-dollars-porte-son-nom\/\" \/>\n<meta property=\"og:site_name\" content=\"Vie Associative\" \/>\n<meta property=\"article:published_time\" content=\"2025-11-09T02:17:27+00:00\" \/>\n<meta property=\"og:image\" content=\"https:\/\/vieassociative.be\/actualites\/wp-content\/uploads\/2024\/09\/header_backgroundk-01-e1726694325946.png\" \/>\n\t<meta property=\"og:image:width\" content=\"279\" \/>\n\t<meta property=\"og:image:height\" content=\"92\" \/>\n\t<meta property=\"og:image:type\" content=\"image\/png\" \/>\n<meta name=\"author\" content=\"Julien\" \/>\n<meta name=\"twitter:card\" content=\"summary_large_image\" \/>\n<meta name=\"twitter:label1\" content=\"\u00c9crit par\" \/>\n\t<meta name=\"twitter:data1\" content=\"Julien\" \/>\n\t<meta name=\"twitter:label2\" content=\"Dur\u00e9e de lecture est.\" \/>\n\t<meta name=\"twitter:data2\" content=\"2 minutes\" \/>\n<script type=\"application\/ld+json\" class=\"yoast-schema-graph\">{\"@context\":\"https:\/\/schema.org\",\"@graph\":[{\"@type\":\"Article\",\"@id\":\"https:\/\/vieassociative.be\/actualites\/trump-veut-quun-stade-de-football-a-washington-dune-valeur-de-37-milliards-de-dollars-porte-son-nom\/#article\",\"isPartOf\":{\"@id\":\"https:\/\/vieassociative.be\/actualites\/trump-veut-quun-stade-de-football-a-washington-dune-valeur-de-37-milliards-de-dollars-porte-son-nom\/\"},\"author\":{\"name\":\"Julien\",\"@id\":\"https:\/\/vieassociative.be\/actualites\/#\/schema\/person\/b87ac4f82f9d4e7b7cec7395b679edc4\"},\"headline\":\"Trump veut qu&rsquo;un stade de football \u00e0 Washington, d&rsquo;une valeur de 3,7 milliards de dollars, porte son nom\",\"datePublished\":\"2025-11-09T02:17:27+00:00\",\"dateModified\":\"2025-11-09T02:17:27+00:00\",\"mainEntityOfPage\":{\"@id\":\"https:\/\/vieassociative.be\/actualites\/trump-veut-quun-stade-de-football-a-washington-dune-valeur-de-37-milliards-de-dollars-porte-son-nom\/\"},\"wordCount\":498,\"publisher\":{\"@id\":\"https:\/\/vieassociative.be\/actualites\/#organization\"},\"image\":{\"@id\":\"https:\/\/vieassociative.be\/actualites\/trump-veut-quun-stade-de-football-a-washington-dune-valeur-de-37-milliards-de-dollars-porte-son-nom\/#primaryimage\"},\"thumbnailUrl\":\"https:\/\/vieassociative.be\/actualites\/wp-content\/uploads\/2025\/11\/1762654648_Trump-veut-quun-stade-de-football-a-Washington-dune-valeur.jpg\",\"keywords\":[\"dollars\",\"dune\",\"football\",\"milliards\",\"nom\",\"porte\",\"quun\",\"son\",\"stade\",\"Trump\",\"valeur\",\"veut\",\"Washington\"],\"articleSection\":[\"Belgique\"],\"inLanguage\":\"fr-BE\"},{\"@type\":\"WebPage\",\"@id\":\"https:\/\/vieassociative.be\/actualites\/trump-veut-quun-stade-de-football-a-washington-dune-valeur-de-37-milliards-de-dollars-porte-son-nom\/\",\"url\":\"https:\/\/vieassociative.be\/actualites\/trump-veut-quun-stade-de-football-a-washington-dune-valeur-de-37-milliards-de-dollars-porte-son-nom\/\",\"name\":\"Trump veut qu'un stade de football \u00e0 Washington, d'une valeur de 3,7 milliards de dollars, porte son nom | Vie Associative\",\"isPartOf\":{\"@id\":\"https:\/\/vieassociative.be\/actualites\/#website\"},\"primaryImageOfPage\":{\"@id\":\"https:\/\/vieassociative.be\/actualites\/trump-veut-quun-stade-de-football-a-washington-dune-valeur-de-37-milliards-de-dollars-porte-son-nom\/#primaryimage\"},\"image\":{\"@id\":\"https:\/\/vieassociative.be\/actualites\/trump-veut-quun-stade-de-football-a-washington-dune-valeur-de-37-milliards-de-dollars-porte-son-nom\/#primaryimage\"},\"thumbnailUrl\":\"https:\/\/vieassociative.be\/actualites\/wp-content\/uploads\/2025\/11\/1762654648_Trump-veut-quun-stade-de-football-a-Washington-dune-valeur.jpg\",\"datePublished\":\"2025-11-09T02:17:27+00:00\",\"dateModified\":\"2025-11-09T02:17:27+00:00\",\"breadcrumb\":{\"@id\":\"https:\/\/vieassociative.be\/actualites\/trump-veut-quun-stade-de-football-a-washington-dune-valeur-de-37-milliards-de-dollars-porte-son-nom\/#breadcrumb\"},\"inLanguage\":\"fr-BE\",\"potentialAction\":[{\"@type\":\"ReadAction\",\"target\":[\"https:\/\/vieassociative.be\/actualites\/trump-veut-quun-stade-de-football-a-washington-dune-valeur-de-37-milliards-de-dollars-porte-son-nom\/\"]}]},{\"@type\":\"ImageObject\",\"inLanguage\":\"fr-BE\",\"@id\":\"https:\/\/vieassociative.be\/actualites\/trump-veut-quun-stade-de-football-a-washington-dune-valeur-de-37-milliards-de-dollars-porte-son-nom\/#primaryimage\",\"url\":\"https:\/\/vieassociative.be\/actualites\/wp-content\/uploads\/2025\/11\/1762654648_Trump-veut-quun-stade-de-football-a-Washington-dune-valeur.jpg\",\"contentUrl\":\"https:\/\/vieassociative.be\/actualites\/wp-content\/uploads\/2025\/11\/1762654648_Trump-veut-quun-stade-de-football-a-Washington-dune-valeur.jpg\",\"width\":1200,\"height\":800,\"caption\":\"Trump veut qu'un stade de football \u00e0 Washington, d'une valeur de 3,7 milliards de dollars, porte son nom\"},{\"@type\":\"BreadcrumbList\",\"@id\":\"https:\/\/vieassociative.be\/actualites\/trump-veut-quun-stade-de-football-a-washington-dune-valeur-de-37-milliards-de-dollars-porte-son-nom\/#breadcrumb\",\"itemListElement\":[{\"@type\":\"ListItem\",\"position\":1,\"name\":\"Accueil\",\"item\":\"https:\/\/vieassociative.be\/actualites\/\"},{\"@type\":\"ListItem\",\"position\":2,\"name\":\"Trump veut qu&rsquo;un stade de football \u00e0 Washington, d&rsquo;une valeur de 3,7 milliards de dollars, porte son nom\"}]},{\"@type\":\"WebSite\",\"@id\":\"https:\/\/vieassociative.be\/actualites\/#website\",\"url\":\"https:\/\/vieassociative.be\/actualites\/\",\"name\":\"Vie Associative\",\"description\":\"\",\"publisher\":{\"@id\":\"https:\/\/vieassociative.be\/actualites\/#organization\"},\"potentialAction\":[{\"@type\":\"SearchAction\",\"target\":{\"@type\":\"EntryPoint\",\"urlTemplate\":\"https:\/\/vieassociative.be\/actualites\/?s={search_term_string}\"},\"query-input\":{\"@type\":\"PropertyValueSpecification\",\"valueRequired\":true,\"valueName\":\"search_term_string\"}}],\"inLanguage\":\"fr-BE\"},{\"@type\":\"Organization\",\"@id\":\"https:\/\/vieassociative.be\/actualites\/#organization\",\"name\":\"Vie Associative\",\"url\":\"https:\/\/vieassociative.be\/actualites\/\",\"logo\":{\"@type\":\"ImageObject\",\"inLanguage\":\"fr-BE\",\"@id\":\"https:\/\/vieassociative.be\/actualites\/#\/schema\/logo\/image\/\",\"url\":\"https:\/\/vieassociative.be\/actualites\/wp-content\/uploads\/2024\/09\/cropped-vieassociative_favicon.ico.png\",\"contentUrl\":\"https:\/\/vieassociative.be\/actualites\/wp-content\/uploads\/2024\/09\/cropped-vieassociative_favicon.ico.png\",\"width\":512,\"height\":512,\"caption\":\"Vie Associative\"},\"image\":{\"@id\":\"https:\/\/vieassociative.be\/actualites\/#\/schema\/logo\/image\/\"}},{\"@type\":\"Person\",\"@id\":\"https:\/\/vieassociative.be\/actualites\/#\/schema\/person\/b87ac4f82f9d4e7b7cec7395b679edc4\",\"name\":\"Julien\",\"image\":{\"@type\":\"ImageObject\",\"inLanguage\":\"fr-BE\",\"@id\":\"https:\/\/vieassociative.be\/actualites\/#\/schema\/person\/image\/\",\"url\":\"https:\/\/vieassociative.be\/actualites\/wp-content\/uploads\/2024\/09\/vie-associative-1-150x150.jpg\",\"contentUrl\":\"https:\/\/vieassociative.be\/actualites\/wp-content\/uploads\/2024\/09\/vie-associative-1-150x150.jpg\",\"caption\":\"Julien\"},\"description\":\"Je suis Julien, r\u00e9dacteur pour Vie Associative. Passionn\u00e9 par le monde associatif depuis plus de 10 ans, j'ai \u00e0 c\u0153ur de partager des histoires inspirantes et de mettre en lumi\u00e8re les initiatives locales. Mon objectif est de sensibiliser et d'encourager l'engagement communautaire \u00e0 travers mes articles.\",\"sameAs\":[\"https:\/\/vieassociative.be\/\"]}]}<\/script>\n<!-- \/ Yoast SEO plugin. -->","yoast_head_json":{"title":"Trump veut qu'un stade de football \u00e0 Washington, d'une valeur de 3,7 milliards de dollars, porte son nom | Vie Associative","robots":{"index":"index","follow":"follow","max-snippet":"max-snippet:-1","max-image-preview":"max-image-preview:large","max-video-preview":"max-video-preview:-1"},"canonical":"https:\/\/vieassociative.be\/actualites\/trump-veut-quun-stade-de-football-a-washington-dune-valeur-de-37-milliards-de-dollars-porte-son-nom\/","og_locale":"fr_FR","og_type":"article","og_title":"Trump veut qu'un stade de football \u00e0 Washington, d'une valeur de 3,7 milliards de dollars, porte son nom | Vie Associative","og_description":"Le pr\u00e9sident am\u00e9ricain Donald Trump est critiqu\u00e9 et hoche la t\u00eate non seulement parce qu&rsquo;il s&rsquo;est impliqu\u00e9 tr\u00e8s t\u00f4t dans la conversation en tant que","og_url":"https:\/\/vieassociative.be\/actualites\/trump-veut-quun-stade-de-football-a-washington-dune-valeur-de-37-milliards-de-dollars-porte-son-nom\/","og_site_name":"Vie Associative","article_published_time":"2025-11-09T02:17:27+00:00","og_image":[{"width":279,"height":92,"url":"https:\/\/vieassociative.be\/actualites\/wp-content\/uploads\/2024\/09\/header_backgroundk-01-e1726694325946.png","type":"image\/png"}],"author":"Julien","twitter_card":"summary_large_image","twitter_misc":{"\u00c9crit par":"Julien","Dur\u00e9e de lecture est.":"2 minutes"},"schema":{"@context":"https:\/\/schema.org","@graph":[{"@type":"Article","@id":"https:\/\/vieassociative.be\/actualites\/trump-veut-quun-stade-de-football-a-washington-dune-valeur-de-37-milliards-de-dollars-porte-son-nom\/#article","isPartOf":{"@id":"https:\/\/vieassociative.be\/actualites\/trump-veut-quun-stade-de-football-a-washington-dune-valeur-de-37-milliards-de-dollars-porte-son-nom\/"},"author":{"name":"Julien","@id":"https:\/\/vieassociative.be\/actualites\/#\/schema\/person\/b87ac4f82f9d4e7b7cec7395b679edc4"},"headline":"Trump veut qu&rsquo;un stade de football \u00e0 Washington, d&rsquo;une valeur de 3,7 milliards de dollars, porte son nom","datePublished":"2025-11-09T02:17:27+00:00","dateModified":"2025-11-09T02:17:27+00:00","mainEntityOfPage":{"@id":"https:\/\/vieassociative.be\/actualites\/trump-veut-quun-stade-de-football-a-washington-dune-valeur-de-37-milliards-de-dollars-porte-son-nom\/"},"wordCount":498,"publisher":{"@id":"https:\/\/vieassociative.be\/actualites\/#organization"},"image":{"@id":"https:\/\/vieassociative.be\/actualites\/trump-veut-quun-stade-de-football-a-washington-dune-valeur-de-37-milliards-de-dollars-porte-son-nom\/#primaryimage"},"thumbnailUrl":"https:\/\/vieassociative.be\/actualites\/wp-content\/uploads\/2025\/11\/1762654648_Trump-veut-quun-stade-de-football-a-Washington-dune-valeur.jpg","keywords":["dollars","dune","football","milliards","nom","porte","quun","son","stade","Trump","valeur","veut","Washington"],"articleSection":["Belgique"],"inLanguage":"fr-BE"},{"@type":"WebPage","@id":"https:\/\/vieassociative.be\/actualites\/trump-veut-quun-stade-de-football-a-washington-dune-valeur-de-37-milliards-de-dollars-porte-son-nom\/","url":"https:\/\/vieassociative.be\/actualites\/trump-veut-quun-stade-de-football-a-washington-dune-valeur-de-37-milliards-de-dollars-porte-son-nom\/","name":"Trump veut qu'un stade de football \u00e0 Washington, d'une valeur de 3,7 milliards de dollars, porte son nom | Vie Associative","isPartOf":{"@id":"https:\/\/vieassociative.be\/actualites\/#website"},"primaryImageOfPage":{"@id":"https:\/\/vieassociative.be\/actualites\/trump-veut-quun-stade-de-football-a-washington-dune-valeur-de-37-milliards-de-dollars-porte-son-nom\/#primaryimage"},"image":{"@id":"https:\/\/vieassociative.be\/actualites\/trump-veut-quun-stade-de-football-a-washington-dune-valeur-de-37-milliards-de-dollars-porte-son-nom\/#primaryimage"},"thumbnailUrl":"https:\/\/vieassociative.be\/actualites\/wp-content\/uploads\/2025\/11\/1762654648_Trump-veut-quun-stade-de-football-a-Washington-dune-valeur.jpg","datePublished":"2025-11-09T02:17:27+00:00","dateModified":"2025-11-09T02:17:27+00:00","breadcrumb":{"@id":"https:\/\/vieassociative.be\/actualites\/trump-veut-quun-stade-de-football-a-washington-dune-valeur-de-37-milliards-de-dollars-porte-son-nom\/#breadcrumb"},"inLanguage":"fr-BE","potentialAction":[{"@type":"ReadAction","target":["https:\/\/vieassociative.be\/actualites\/trump-veut-quun-stade-de-football-a-washington-dune-valeur-de-37-milliards-de-dollars-porte-son-nom\/"]}]},{"@type":"ImageObject","inLanguage":"fr-BE","@id":"https:\/\/vieassociative.be\/actualites\/trump-veut-quun-stade-de-football-a-washington-dune-valeur-de-37-milliards-de-dollars-porte-son-nom\/#primaryimage","url":"https:\/\/vieassociative.be\/actualites\/wp-content\/uploads\/2025\/11\/1762654648_Trump-veut-quun-stade-de-football-a-Washington-dune-valeur.jpg","contentUrl":"https:\/\/vieassociative.be\/actualites\/wp-content\/uploads\/2025\/11\/1762654648_Trump-veut-quun-stade-de-football-a-Washington-dune-valeur.jpg","width":1200,"height":800,"caption":"Trump veut qu'un stade de football \u00e0 Washington, d'une valeur de 3,7 milliards de dollars, porte son nom"},{"@type":"BreadcrumbList","@id":"https:\/\/vieassociative.be\/actualites\/trump-veut-quun-stade-de-football-a-washington-dune-valeur-de-37-milliards-de-dollars-porte-son-nom\/#breadcrumb","itemListElement":[{"@type":"ListItem","position":1,"name":"Accueil","item":"https:\/\/vieassociative.be\/actualites\/"},{"@type":"ListItem","position":2,"name":"Trump veut qu&rsquo;un stade de football \u00e0 Washington, d&rsquo;une valeur de 3,7 milliards de dollars, porte son nom"}]},{"@type":"WebSite","@id":"https:\/\/vieassociative.be\/actualites\/#website","url":"https:\/\/vieassociative.be\/actualites\/","name":"Vie Associative","description":"","publisher":{"@id":"https:\/\/vieassociative.be\/actualites\/#organization"},"potentialAction":[{"@type":"SearchAction","target":{"@type":"EntryPoint","urlTemplate":"https:\/\/vieassociative.be\/actualites\/?s={search_term_string}"},"query-input":{"@type":"PropertyValueSpecification","valueRequired":true,"valueName":"search_term_string"}}],"inLanguage":"fr-BE"},{"@type":"Organization","@id":"https:\/\/vieassociative.be\/actualites\/#organization","name":"Vie Associative","url":"https:\/\/vieassociative.be\/actualites\/","logo":{"@type":"ImageObject","inLanguage":"fr-BE","@id":"https:\/\/vieassociative.be\/actualites\/#\/schema\/logo\/image\/","url":"https:\/\/vieassociative.be\/actualites\/wp-content\/uploads\/2024\/09\/cropped-vieassociative_favicon.ico.png","contentUrl":"https:\/\/vieassociative.be\/actualites\/wp-content\/uploads\/2024\/09\/cropped-vieassociative_favicon.ico.png","width":512,"height":512,"caption":"Vie Associative"},"image":{"@id":"https:\/\/vieassociative.be\/actualites\/#\/schema\/logo\/image\/"}},{"@type":"Person","@id":"https:\/\/vieassociative.be\/actualites\/#\/schema\/person\/b87ac4f82f9d4e7b7cec7395b679edc4","name":"Julien","image":{"@type":"ImageObject","inLanguage":"fr-BE","@id":"https:\/\/vieassociative.be\/actualites\/#\/schema\/person\/image\/","url":"https:\/\/vieassociative.be\/actualites\/wp-content\/uploads\/2024\/09\/vie-associative-1-150x150.jpg","contentUrl":"https:\/\/vieassociative.be\/actualites\/wp-content\/uploads\/2024\/09\/vie-associative-1-150x150.jpg","caption":"Julien"},"description":"Je suis Julien, r\u00e9dacteur pour Vie Associative. Passionn\u00e9 par le monde associatif depuis plus de 10 ans, j'ai \u00e0 c\u0153ur de partager des histoires inspirantes et de mettre en lumi\u00e8re les initiatives locales. Mon objectif est de sensibiliser et d'encourager l'engagement communautaire \u00e0 travers mes articles.","sameAs":["https:\/\/vieassociative.be\/"]}]}},"_links":{"self":[{"href":"https:\/\/vieassociative.be\/actualites\/wp-json\/wp\/v2\/posts\/11201"}],"collection":[{"href":"https:\/\/vieassociative.be\/actualites\/wp-json\/wp\/v2\/posts"}],"about":[{"href":"https:\/\/vieassociative.be\/actualites\/wp-json\/wp\/v2\/types\/post"}],"author":[{"embeddable":true,"href":"https:\/\/vieassociative.be\/actualites\/wp-json\/wp\/v2\/users\/1"}],"replies":[{"embeddable":true,"href":"https:\/\/vieassociative.be\/actualites\/wp-json\/wp\/v2\/comments?post=11201"}],"version-history":[{"count":0,"href":"https:\/\/vieassociative.be\/actualites\/wp-json\/wp\/v2\/posts\/11201\/revisions"}],"wp:featuredmedia":[{"embeddable":true,"href":"https:\/\/vieassociative.be\/actualites\/wp-json\/wp\/v2\/media\/11202"}],"wp:attachment":[{"href":"https:\/\/vieassociative.be\/actualites\/wp-json\/wp\/v2\/media?parent=11201"}],"wp:term":[{"taxonomy":"category","embeddable":true,"href":"https:\/\/vieassociative.be\/actualites\/wp-json\/wp\/v2\/categories?post=11201"},{"taxonomy":"post_tag","embeddable":true,"href":"https:\/\/vieassociative.be\/actualites\/wp-json\/wp\/v2\/tags?post=11201"}],"curies":[{"name":"wp","href":"https:\/\/api.w.org\/{rel}","templated":true}]}}