{"id":11197,"date":"2025-11-09T01:17:57","date_gmt":"2025-11-09T00:17:57","guid":{"rendered":"https:\/\/vieassociative.be\/actualites\/poshmark-vient-de-supprimer-son-option-de-partage-en-masse-voici-donc-ce-que-je-fais-a-la-place\/"},"modified":"2025-11-09T01:17:57","modified_gmt":"2025-11-09T00:17:57","slug":"poshmark-vient-de-supprimer-son-option-de-partage-en-masse-voici-donc-ce-que-je-fais-a-la-place","status":"publish","type":"post","link":"https:\/\/vieassociative.be\/actualites\/poshmark-vient-de-supprimer-son-option-de-partage-en-masse-voici-donc-ce-que-je-fais-a-la-place\/","title":{"rendered":"Poshmark vient de supprimer son option de partage en masse (voici donc ce que je fais \u00e0 la place)"},"content":{"rendered":"<div class=\"mt-4 leading-6 md:mb-8\">Il est temps de revenir \u00e0 l&rsquo;application PrimeLister.<\/div>\n<p><\/p>\n<p>Poshmark a mis en \u0153uvre de nombreux changements ces derniers temps, comme des frais d&rsquo;exp\u00e9dition inf\u00e9rieurs (qui s&rsquo;accompagnent d&rsquo;un passage du courrier prioritaire USPS au courrier terrestre standard) et des fonctionnalit\u00e9s de vente intelligente. Cependant, c&rsquo;est le changement le plus r\u00e9cent \u2013 \u200b\u200bla suppression de l&rsquo;option de partage en masse \u2013 qui frustre de nombreux utilisateurs (y compris moi-m\u00eame).<\/p>\n<h2 id=\"the-removal-of-bulk-sharing\">La suppression du partage group\u00e9<\/h2>\n<p>Poshmark fonctionne depuis longtemps de mani\u00e8re plus sociale que d&rsquo;autres plateformes de revente comme Depop ou Mercari. Vous pouvez suivre les vendeurs de la m\u00eame mani\u00e8re que sur Instagram ou X, par exemple. Notamment, les utilisateurs ont toujours \u00e9t\u00e9 encourag\u00e9s \u00e0 \u00ab\u00a0partager\u00a0\u00bb leurs propres annonces et celles des autres, qui appara\u00eetraient ensuite dans les flux de la page d&rsquo;accueil de tous ceux qui les suivaient. Il y a quelques semaines, Poshmark s&rsquo;est d\u00e9barrass\u00e9 de ce flux et l&rsquo;a remplac\u00e9 par une section \u00ab Pour vous \u00bb plus algorithmique. <\/p>\n<p>Les d\u00e9veloppeurs affirment que cela a \u00ab consid\u00e9rablement \u00bb augment\u00e9 l&rsquo;engagement des acheteurs, et je peux attester que ma section \u00ab Pour vous \u00bb est assez pr\u00e9cise et que mes ventes n&rsquo;ont pas diminu\u00e9 apr\u00e8s la suppression du flux suivant, bien que j&rsquo;ai vu des dizaines de messages de vendeurs qui ont d\u00e9clar\u00e9 que leurs ventes avaient chut\u00e9. <\/p>\n<div class=\"mx-auto mb-12 mt-5 w-full max-w-3xl rounded-md border-2 border-gray-100 p-3 shadow-md md:px-7 md:pb-7 md:pt-5\" id=\"related-video\">\n<div class=\"mb-3 flex items-center md:mb-5\">\n        <img decoding=\"async\" class=\"mr-4 mt-0 h-10 w-10 md:mr-5 md:h-12 md:w-12\" src=\"https:\/\/vieassociative.be\/actualites\/wp-content\/uploads\/2025\/09\/1757726237_608_Meta-pourrait-devoiler-une-montre-intelligente-pour-controler-ses-lunettes.jpg\" alt=\"Logo du pirate de la vie\"><\/p><\/div>\n<div class=\"aspect-video w-full overflow-hidden rounded-md\">\n<div id=\"video-container-01K9JY91X29J187CM4KDNBKCG4\"><\/div>\n<\/p><\/div>\n<\/div>\n<p>Au-del\u00e0 d&rsquo;appara\u00eetre dans cet onglet Suivant, il y avait toujours d&rsquo;autres raisons de partager : Premi\u00e8rement, partager un certain nombre de fois pourrait vous aider \u00e0 vous qualifier pour le statut Posh Ambassador I ou II, ce qui vous rapporte un badge sur votre page indiquant que vous \u00eates un vendeur de qualit\u00e9. (Vous devez \u00e9galement r\u00e9pondre \u00e0 d&rsquo;autres exigences, comme avoir un d\u00e9lai d&rsquo;exp\u00e9dition moyen faible et un taux de retour \u00e9lev\u00e9. J&rsquo;ai obtenu Posh Ambassador II il y a quelques semaines apr\u00e8s des mois de travail.) Deuxi\u00e8mement, le partage d&rsquo;une annonce la fait appara\u00eetre en haut de la page de votre vitrine, connue sous le nom de \u00ab placard \u00bb. Vous souhaitez le faire souvent afin que les annonces vendues se d\u00e9placent vers le bas et que les articles disponibles soient imm\u00e9diatement visibles pour les acheteurs int\u00e9ress\u00e9s. Il classe \u00e9galement une annonce comme \u00ab\u00a0r\u00e9cemment partag\u00e9e\u00a0\u00bb. Ainsi, lorsqu&rsquo;un acheteur recherche un article et le trie par Just In ou Just Shared, il appara\u00eet en bonne place dans les r\u00e9sultats. <\/p>\n<p>Donc non, il n&rsquo;y a plus aucune valeur \u00e0 partager pour acc\u00e9der au flux suivant depuis qu&rsquo;il a \u00e9t\u00e9 d\u00e9truit, mais il y a toujours beaucoup de valeur \u00e0 partager pour toutes ces autres raisons. Les vendeurs ont toujours eu et continuent d&rsquo;avoir la possibilit\u00e9 de partager manuellement les annonces une par une, mais pour quiconque ayant plus d&rsquo;une poign\u00e9e de choses disponibles \u00e0 l&rsquo;achat, c&rsquo;est \u00e9puisant, et <em>partage en masse<\/em>ce qui \u00e9tait facile \u00e0 faire via l&rsquo;onglet Outils du vendeur, \u00e9tait la voie \u00e0 suivre. J&rsquo;ai actuellement environ 260 annonces disponibles. Hier, lorsque j&rsquo;ai perdu ma capacit\u00e9 de partage en masse, j&rsquo;ai fait un bon essai et, \u00e0 contrec\u0153ur, j&rsquo;ai partag\u00e9 manuellement toutes mes annonces. Cela a pris des ann\u00e9es. Pire encore, l&rsquo;outil de partage en masse a \u00e9galement permis aux vendeurs de partager toutes les annonces pertinentes avec des soir\u00e9es chics ou des pages de destination sp\u00e9cialis\u00e9es qui durent une heure ou deux tout au long de la journ\u00e9e. S&rsquo;il y a une soir\u00e9e Posh \u00ab\u00a0Best of Swim\u00a0\u00bb, vous pouvez y partager tous vos maillots de bain, par exemple, et les personnes \u00e0 la recherche de maillots de bain pourront les parcourir. Avec la disparition du partage en masse, c&rsquo;est quelque chose qui est devenu beaucoup plus fastidieux. <\/p>\n<p>Les gens sont assez ennuy\u00e9s, car on ne sait pas exactement quelle est la nouvelle direction du plan de Poshmark. Pendant des ann\u00e9es, il a fonctionn\u00e9 socialement, le diff\u00e9renciant des autres concurrents, et l\u2019absence de partage en masse n\u00e9cessitera de nombreux ajustements.<\/p>\n<h2 id=\"what-im-doing-instead\">Ce que je fais \u00e0 la place<\/h2>\n<p>J&rsquo;ai contact\u00e9 un repr\u00e9sentant de Poshmark pour savoir ce que cela signifie, pourquoi cela s&rsquo;est produit et quels changements associ\u00e9s pourraient \u00eatre en cours. Je mettrai \u00e0 jour si j&rsquo;ai une r\u00e9ponse.<\/p>\n<p>Cependant, de nombreux vendeurs ont d\u00e9j\u00e0 contact\u00e9 le service client et partagent les r\u00e9ponses qu&rsquo;ils ont re\u00e7ues sur les r\u00e9seaux sociaux. Il semble que ce ne soit que la nouvelle normalit\u00e9, m\u00eame si cela nous g\u00eane tous. Hier soir, je m&rsquo;\u00e9tais r\u00e9sign\u00e9 au fait que je pourrais \u00eatre oblig\u00e9 de partager manuellement plus de 200 annonces par jour ou de d\u00e9placer toutes mes annonces vers une autre plate-forme (ce que je ne veux pas faire car Poshmark reste toujours mon pr\u00e9f\u00e9r\u00e9 pour diverses raisons), mais je me suis ensuite souvenu de quelque chose : avant de commencer \u00e0 utiliser les options de partage en masse dans Seller Tools, je me suis abonn\u00e9 \u00e0 une application d&rsquo;automatisation tierce appel\u00e9e PrimeLister. C&rsquo;est 25 $ par mois (et plus si vous g\u00e9rez plusieurs placards avec), mais il partage automatiquement vos annonces disponibles, les partage avec Posh Parties, envoie des offres de r\u00e9duction aux personnes qui aiment une annonce, et plus encore. <\/p>\n<p>Ce matin, je me suis r\u00e9abonn\u00e9, histoire de voir ce qui allait se passer. Il a imm\u00e9diatement commenc\u00e9 \u00e0 partager mes annonces disponibles. Je suis ennuy\u00e9 de devoir payer pour cela, car je suis d\u00e9j\u00e0 abonn\u00e9 au \u00ab\u00a0Promoted Closet\u00a0\u00bb payant de Poshmark, qui diffuse mes annonces vers des acheteurs potentiels sous la forme d&rsquo;annonces qui apparaissent dans les r\u00e9sultats de recherche, mais vous devez d\u00e9penser de l&rsquo;argent pour gagner de l&rsquo;argent, je suppose. (Peu importe que Posh b\u00e9n\u00e9ficie \u00e9galement d&rsquo;une r\u00e9duction de 20 % sur toutes les ventes.) Pour l&rsquo;instant, cela en vaut la peine, car cela maintiendra mes annonces vendues \u00e0 un niveau bas sur ma page et gardera mes annonces disponibles plus visibles dans mon placard et dans les r\u00e9sultats de recherche, tout en gardant mes produits dans les soir\u00e9es Posh. <\/p>\n<p>Si vous avez beaucoup d&rsquo;annonces sur Posh et que vous pleurez la perte du partage en masse, vous devrez peut-\u00eatre d\u00e9bourser les 25 $ pour PrimeLister jusqu&rsquo;\u00e0 ce que le nouveau syst\u00e8me commence \u00e0 avoir un sens ou donne des r\u00e9sultats d\u00e9montrables. J&rsquo;ai eu moins de likes sur mes annonces hier, mon premier jour sans partage en masse toutes les quelques heures, et je ne pense pas que ce soit une co\u00efncidence. Si PrimeLister est trop raide, vous pouvez toujours partager manuellement chaque annonce en appuyant sur l&rsquo;ic\u00f4ne en forme de fl\u00e8che en dessous. Mais sachez que dans un autre changement inexplicable, Poshmark a r\u00e9cemment rendu ce bouton beaucoup plus petit et plus difficile \u00e0 appuyer sur mobile, donc cela va vous prendre un certain temps. <\/p>\n","protected":false},"excerpt":{"rendered":"<p>Il est temps de revenir \u00e0 l&rsquo;application PrimeLister. Poshmark a mis en \u0153uvre de nombreux changements ces derniers temps, comme des frais d&rsquo;exp\u00e9dition inf\u00e9rieurs (qui<\/p>\n","protected":false},"author":1,"featured_media":11198,"comment_status":"","ping_status":"","sticky":false,"template":"","format":"standard","meta":{"footnotes":""},"categories":[13],"tags":[1770,4697,7903,4217,1276,204,7360,800,1200,1213,529],"class_list":["post-11197","post","type-post","status-publish","format-standard","has-post-thumbnail","hentry","category-technologie","tag-donc","tag-fais","tag-masse","tag-option","tag-partage","tag-place","tag-poshmark","tag-son","tag-supprimer","tag-vient","tag-voici","generate-columns","tablet-grid-50","mobile-grid-100","grid-parent","grid-33"],"yoast_head":"<!-- This site is optimized with the Yoast SEO plugin v24.0 - https:\/\/yoast.com\/wordpress\/plugins\/seo\/ -->\n<title>Poshmark vient de supprimer son option de partage en masse (voici donc ce que je fais \u00e0 la place) | Vie Associative<\/title>\n<meta name=\"robots\" content=\"index, follow, max-snippet:-1, max-image-preview:large, max-video-preview:-1\" \/>\n<link rel=\"canonical\" href=\"https:\/\/vieassociative.be\/actualites\/poshmark-vient-de-supprimer-son-option-de-partage-en-masse-voici-donc-ce-que-je-fais-a-la-place\/\" \/>\n<meta property=\"og:locale\" content=\"fr_FR\" \/>\n<meta property=\"og:type\" content=\"article\" \/>\n<meta property=\"og:title\" content=\"Poshmark vient de supprimer son option de partage en masse (voici donc ce que je fais \u00e0 la place) | Vie Associative\" \/>\n<meta property=\"og:description\" content=\"Il est temps de revenir \u00e0 l&rsquo;application PrimeLister. Poshmark a mis en \u0153uvre de nombreux changements ces derniers temps, comme des frais d&rsquo;exp\u00e9dition inf\u00e9rieurs (qui\" \/>\n<meta property=\"og:url\" content=\"https:\/\/vieassociative.be\/actualites\/poshmark-vient-de-supprimer-son-option-de-partage-en-masse-voici-donc-ce-que-je-fais-a-la-place\/\" \/>\n<meta property=\"og:site_name\" content=\"Vie Associative\" \/>\n<meta property=\"article:published_time\" content=\"2025-11-09T00:17:57+00:00\" \/>\n<meta property=\"og:image\" content=\"https:\/\/vieassociative.be\/actualites\/wp-content\/uploads\/2025\/09\/1757726237_608_Meta-pourrait-devoiler-une-montre-intelligente-pour-controler-ses-lunettes.jpg\" \/>\n<meta name=\"author\" content=\"Julien\" \/>\n<meta name=\"twitter:card\" content=\"summary_large_image\" \/>\n<meta name=\"twitter:label1\" content=\"\u00c9crit par\" \/>\n\t<meta name=\"twitter:data1\" content=\"Julien\" \/>\n\t<meta name=\"twitter:label2\" content=\"Dur\u00e9e de lecture est.\" \/>\n\t<meta name=\"twitter:data2\" content=\"6 minutes\" \/>\n<script type=\"application\/ld+json\" class=\"yoast-schema-graph\">{\"@context\":\"https:\/\/schema.org\",\"@graph\":[{\"@type\":\"Article\",\"@id\":\"https:\/\/vieassociative.be\/actualites\/poshmark-vient-de-supprimer-son-option-de-partage-en-masse-voici-donc-ce-que-je-fais-a-la-place\/#article\",\"isPartOf\":{\"@id\":\"https:\/\/vieassociative.be\/actualites\/poshmark-vient-de-supprimer-son-option-de-partage-en-masse-voici-donc-ce-que-je-fais-a-la-place\/\"},\"author\":{\"name\":\"Julien\",\"@id\":\"https:\/\/vieassociative.be\/actualites\/#\/schema\/person\/b87ac4f82f9d4e7b7cec7395b679edc4\"},\"headline\":\"Poshmark vient de supprimer son option de partage en masse (voici donc ce que je fais \u00e0 la place)\",\"datePublished\":\"2025-11-09T00:17:57+00:00\",\"dateModified\":\"2025-11-09T00:17:57+00:00\",\"mainEntityOfPage\":{\"@id\":\"https:\/\/vieassociative.be\/actualites\/poshmark-vient-de-supprimer-son-option-de-partage-en-masse-voici-donc-ce-que-je-fais-a-la-place\/\"},\"wordCount\":1206,\"publisher\":{\"@id\":\"https:\/\/vieassociative.be\/actualites\/#organization\"},\"image\":{\"@id\":\"https:\/\/vieassociative.be\/actualites\/poshmark-vient-de-supprimer-son-option-de-partage-en-masse-voici-donc-ce-que-je-fais-a-la-place\/#primaryimage\"},\"thumbnailUrl\":\"https:\/\/vieassociative.be\/actualites\/wp-content\/uploads\/2025\/11\/Poshmark-vient-de-supprimer-son-option-de-partage-en-masse.png\",\"keywords\":[\"donc\",\"fais\",\"masse\",\"option\",\"partag\u00e9\",\"place\",\"Poshmark\",\"son\",\"supprimer\",\"vient\",\"Voici\"],\"articleSection\":[\"Technologie\"],\"inLanguage\":\"fr-BE\"},{\"@type\":\"WebPage\",\"@id\":\"https:\/\/vieassociative.be\/actualites\/poshmark-vient-de-supprimer-son-option-de-partage-en-masse-voici-donc-ce-que-je-fais-a-la-place\/\",\"url\":\"https:\/\/vieassociative.be\/actualites\/poshmark-vient-de-supprimer-son-option-de-partage-en-masse-voici-donc-ce-que-je-fais-a-la-place\/\",\"name\":\"Poshmark vient de supprimer son option de partage en masse (voici donc ce que je fais \u00e0 la place) | Vie Associative\",\"isPartOf\":{\"@id\":\"https:\/\/vieassociative.be\/actualites\/#website\"},\"primaryImageOfPage\":{\"@id\":\"https:\/\/vieassociative.be\/actualites\/poshmark-vient-de-supprimer-son-option-de-partage-en-masse-voici-donc-ce-que-je-fais-a-la-place\/#primaryimage\"},\"image\":{\"@id\":\"https:\/\/vieassociative.be\/actualites\/poshmark-vient-de-supprimer-son-option-de-partage-en-masse-voici-donc-ce-que-je-fais-a-la-place\/#primaryimage\"},\"thumbnailUrl\":\"https:\/\/vieassociative.be\/actualites\/wp-content\/uploads\/2025\/11\/Poshmark-vient-de-supprimer-son-option-de-partage-en-masse.png\",\"datePublished\":\"2025-11-09T00:17:57+00:00\",\"dateModified\":\"2025-11-09T00:17:57+00:00\",\"breadcrumb\":{\"@id\":\"https:\/\/vieassociative.be\/actualites\/poshmark-vient-de-supprimer-son-option-de-partage-en-masse-voici-donc-ce-que-je-fais-a-la-place\/#breadcrumb\"},\"inLanguage\":\"fr-BE\",\"potentialAction\":[{\"@type\":\"ReadAction\",\"target\":[\"https:\/\/vieassociative.be\/actualites\/poshmark-vient-de-supprimer-son-option-de-partage-en-masse-voici-donc-ce-que-je-fais-a-la-place\/\"]}]},{\"@type\":\"ImageObject\",\"inLanguage\":\"fr-BE\",\"@id\":\"https:\/\/vieassociative.be\/actualites\/poshmark-vient-de-supprimer-son-option-de-partage-en-masse-voici-donc-ce-que-je-fais-a-la-place\/#primaryimage\",\"url\":\"https:\/\/vieassociative.be\/actualites\/wp-content\/uploads\/2025\/11\/Poshmark-vient-de-supprimer-son-option-de-partage-en-masse.png\",\"contentUrl\":\"https:\/\/vieassociative.be\/actualites\/wp-content\/uploads\/2025\/11\/Poshmark-vient-de-supprimer-son-option-de-partage-en-masse.png\",\"width\":1200,\"height\":675,\"caption\":\"Poshmark vient de supprimer son option de partage en masse (voici donc ce que je fais \u00e0 la place)\"},{\"@type\":\"BreadcrumbList\",\"@id\":\"https:\/\/vieassociative.be\/actualites\/poshmark-vient-de-supprimer-son-option-de-partage-en-masse-voici-donc-ce-que-je-fais-a-la-place\/#breadcrumb\",\"itemListElement\":[{\"@type\":\"ListItem\",\"position\":1,\"name\":\"Accueil\",\"item\":\"https:\/\/vieassociative.be\/actualites\/\"},{\"@type\":\"ListItem\",\"position\":2,\"name\":\"Poshmark vient de supprimer son option de partage en masse (voici donc ce que je fais \u00e0 la place)\"}]},{\"@type\":\"WebSite\",\"@id\":\"https:\/\/vieassociative.be\/actualites\/#website\",\"url\":\"https:\/\/vieassociative.be\/actualites\/\",\"name\":\"Vie Associative\",\"description\":\"\",\"publisher\":{\"@id\":\"https:\/\/vieassociative.be\/actualites\/#organization\"},\"potentialAction\":[{\"@type\":\"SearchAction\",\"target\":{\"@type\":\"EntryPoint\",\"urlTemplate\":\"https:\/\/vieassociative.be\/actualites\/?s={search_term_string}\"},\"query-input\":{\"@type\":\"PropertyValueSpecification\",\"valueRequired\":true,\"valueName\":\"search_term_string\"}}],\"inLanguage\":\"fr-BE\"},{\"@type\":\"Organization\",\"@id\":\"https:\/\/vieassociative.be\/actualites\/#organization\",\"name\":\"Vie Associative\",\"url\":\"https:\/\/vieassociative.be\/actualites\/\",\"logo\":{\"@type\":\"ImageObject\",\"inLanguage\":\"fr-BE\",\"@id\":\"https:\/\/vieassociative.be\/actualites\/#\/schema\/logo\/image\/\",\"url\":\"https:\/\/vieassociative.be\/actualites\/wp-content\/uploads\/2024\/09\/cropped-vieassociative_favicon.ico.png\",\"contentUrl\":\"https:\/\/vieassociative.be\/actualites\/wp-content\/uploads\/2024\/09\/cropped-vieassociative_favicon.ico.png\",\"width\":512,\"height\":512,\"caption\":\"Vie Associative\"},\"image\":{\"@id\":\"https:\/\/vieassociative.be\/actualites\/#\/schema\/logo\/image\/\"}},{\"@type\":\"Person\",\"@id\":\"https:\/\/vieassociative.be\/actualites\/#\/schema\/person\/b87ac4f82f9d4e7b7cec7395b679edc4\",\"name\":\"Julien\",\"image\":{\"@type\":\"ImageObject\",\"inLanguage\":\"fr-BE\",\"@id\":\"https:\/\/vieassociative.be\/actualites\/#\/schema\/person\/image\/\",\"url\":\"https:\/\/vieassociative.be\/actualites\/wp-content\/uploads\/2024\/09\/vie-associative-1-150x150.jpg\",\"contentUrl\":\"https:\/\/vieassociative.be\/actualites\/wp-content\/uploads\/2024\/09\/vie-associative-1-150x150.jpg\",\"caption\":\"Julien\"},\"description\":\"Je suis Julien, r\u00e9dacteur pour Vie Associative. Passionn\u00e9 par le monde associatif depuis plus de 10 ans, j'ai \u00e0 c\u0153ur de partager des histoires inspirantes et de mettre en lumi\u00e8re les initiatives locales. Mon objectif est de sensibiliser et d'encourager l'engagement communautaire \u00e0 travers mes articles.\",\"sameAs\":[\"https:\/\/vieassociative.be\/\"]}]}<\/script>\n<!-- \/ Yoast SEO plugin. -->","yoast_head_json":{"title":"Poshmark vient de supprimer son option de partage en masse (voici donc ce que je fais \u00e0 la place) | Vie Associative","robots":{"index":"index","follow":"follow","max-snippet":"max-snippet:-1","max-image-preview":"max-image-preview:large","max-video-preview":"max-video-preview:-1"},"canonical":"https:\/\/vieassociative.be\/actualites\/poshmark-vient-de-supprimer-son-option-de-partage-en-masse-voici-donc-ce-que-je-fais-a-la-place\/","og_locale":"fr_FR","og_type":"article","og_title":"Poshmark vient de supprimer son option de partage en masse (voici donc ce que je fais \u00e0 la place) | Vie Associative","og_description":"Il est temps de revenir \u00e0 l&rsquo;application PrimeLister. Poshmark a mis en \u0153uvre de nombreux changements ces derniers temps, comme des frais d&rsquo;exp\u00e9dition inf\u00e9rieurs (qui","og_url":"https:\/\/vieassociative.be\/actualites\/poshmark-vient-de-supprimer-son-option-de-partage-en-masse-voici-donc-ce-que-je-fais-a-la-place\/","og_site_name":"Vie Associative","article_published_time":"2025-11-09T00:17:57+00:00","og_image":[{"url":"https:\/\/vieassociative.be\/actualites\/wp-content\/uploads\/2025\/09\/1757726237_608_Meta-pourrait-devoiler-une-montre-intelligente-pour-controler-ses-lunettes.jpg","type":"","width":"","height":""}],"author":"Julien","twitter_card":"summary_large_image","twitter_misc":{"\u00c9crit par":"Julien","Dur\u00e9e de lecture est.":"6 minutes"},"schema":{"@context":"https:\/\/schema.org","@graph":[{"@type":"Article","@id":"https:\/\/vieassociative.be\/actualites\/poshmark-vient-de-supprimer-son-option-de-partage-en-masse-voici-donc-ce-que-je-fais-a-la-place\/#article","isPartOf":{"@id":"https:\/\/vieassociative.be\/actualites\/poshmark-vient-de-supprimer-son-option-de-partage-en-masse-voici-donc-ce-que-je-fais-a-la-place\/"},"author":{"name":"Julien","@id":"https:\/\/vieassociative.be\/actualites\/#\/schema\/person\/b87ac4f82f9d4e7b7cec7395b679edc4"},"headline":"Poshmark vient de supprimer son option de partage en masse (voici donc ce que je fais \u00e0 la place)","datePublished":"2025-11-09T00:17:57+00:00","dateModified":"2025-11-09T00:17:57+00:00","mainEntityOfPage":{"@id":"https:\/\/vieassociative.be\/actualites\/poshmark-vient-de-supprimer-son-option-de-partage-en-masse-voici-donc-ce-que-je-fais-a-la-place\/"},"wordCount":1206,"publisher":{"@id":"https:\/\/vieassociative.be\/actualites\/#organization"},"image":{"@id":"https:\/\/vieassociative.be\/actualites\/poshmark-vient-de-supprimer-son-option-de-partage-en-masse-voici-donc-ce-que-je-fais-a-la-place\/#primaryimage"},"thumbnailUrl":"https:\/\/vieassociative.be\/actualites\/wp-content\/uploads\/2025\/11\/Poshmark-vient-de-supprimer-son-option-de-partage-en-masse.png","keywords":["donc","fais","masse","option","partag\u00e9","place","Poshmark","son","supprimer","vient","Voici"],"articleSection":["Technologie"],"inLanguage":"fr-BE"},{"@type":"WebPage","@id":"https:\/\/vieassociative.be\/actualites\/poshmark-vient-de-supprimer-son-option-de-partage-en-masse-voici-donc-ce-que-je-fais-a-la-place\/","url":"https:\/\/vieassociative.be\/actualites\/poshmark-vient-de-supprimer-son-option-de-partage-en-masse-voici-donc-ce-que-je-fais-a-la-place\/","name":"Poshmark vient de supprimer son option de partage en masse (voici donc ce que je fais \u00e0 la place) | Vie Associative","isPartOf":{"@id":"https:\/\/vieassociative.be\/actualites\/#website"},"primaryImageOfPage":{"@id":"https:\/\/vieassociative.be\/actualites\/poshmark-vient-de-supprimer-son-option-de-partage-en-masse-voici-donc-ce-que-je-fais-a-la-place\/#primaryimage"},"image":{"@id":"https:\/\/vieassociative.be\/actualites\/poshmark-vient-de-supprimer-son-option-de-partage-en-masse-voici-donc-ce-que-je-fais-a-la-place\/#primaryimage"},"thumbnailUrl":"https:\/\/vieassociative.be\/actualites\/wp-content\/uploads\/2025\/11\/Poshmark-vient-de-supprimer-son-option-de-partage-en-masse.png","datePublished":"2025-11-09T00:17:57+00:00","dateModified":"2025-11-09T00:17:57+00:00","breadcrumb":{"@id":"https:\/\/vieassociative.be\/actualites\/poshmark-vient-de-supprimer-son-option-de-partage-en-masse-voici-donc-ce-que-je-fais-a-la-place\/#breadcrumb"},"inLanguage":"fr-BE","potentialAction":[{"@type":"ReadAction","target":["https:\/\/vieassociative.be\/actualites\/poshmark-vient-de-supprimer-son-option-de-partage-en-masse-voici-donc-ce-que-je-fais-a-la-place\/"]}]},{"@type":"ImageObject","inLanguage":"fr-BE","@id":"https:\/\/vieassociative.be\/actualites\/poshmark-vient-de-supprimer-son-option-de-partage-en-masse-voici-donc-ce-que-je-fais-a-la-place\/#primaryimage","url":"https:\/\/vieassociative.be\/actualites\/wp-content\/uploads\/2025\/11\/Poshmark-vient-de-supprimer-son-option-de-partage-en-masse.png","contentUrl":"https:\/\/vieassociative.be\/actualites\/wp-content\/uploads\/2025\/11\/Poshmark-vient-de-supprimer-son-option-de-partage-en-masse.png","width":1200,"height":675,"caption":"Poshmark vient de supprimer son option de partage en masse (voici donc ce que je fais \u00e0 la place)"},{"@type":"BreadcrumbList","@id":"https:\/\/vieassociative.be\/actualites\/poshmark-vient-de-supprimer-son-option-de-partage-en-masse-voici-donc-ce-que-je-fais-a-la-place\/#breadcrumb","itemListElement":[{"@type":"ListItem","position":1,"name":"Accueil","item":"https:\/\/vieassociative.be\/actualites\/"},{"@type":"ListItem","position":2,"name":"Poshmark vient de supprimer son option de partage en masse (voici donc ce que je fais \u00e0 la place)"}]},{"@type":"WebSite","@id":"https:\/\/vieassociative.be\/actualites\/#website","url":"https:\/\/vieassociative.be\/actualites\/","name":"Vie Associative","description":"","publisher":{"@id":"https:\/\/vieassociative.be\/actualites\/#organization"},"potentialAction":[{"@type":"SearchAction","target":{"@type":"EntryPoint","urlTemplate":"https:\/\/vieassociative.be\/actualites\/?s={search_term_string}"},"query-input":{"@type":"PropertyValueSpecification","valueRequired":true,"valueName":"search_term_string"}}],"inLanguage":"fr-BE"},{"@type":"Organization","@id":"https:\/\/vieassociative.be\/actualites\/#organization","name":"Vie Associative","url":"https:\/\/vieassociative.be\/actualites\/","logo":{"@type":"ImageObject","inLanguage":"fr-BE","@id":"https:\/\/vieassociative.be\/actualites\/#\/schema\/logo\/image\/","url":"https:\/\/vieassociative.be\/actualites\/wp-content\/uploads\/2024\/09\/cropped-vieassociative_favicon.ico.png","contentUrl":"https:\/\/vieassociative.be\/actualites\/wp-content\/uploads\/2024\/09\/cropped-vieassociative_favicon.ico.png","width":512,"height":512,"caption":"Vie Associative"},"image":{"@id":"https:\/\/vieassociative.be\/actualites\/#\/schema\/logo\/image\/"}},{"@type":"Person","@id":"https:\/\/vieassociative.be\/actualites\/#\/schema\/person\/b87ac4f82f9d4e7b7cec7395b679edc4","name":"Julien","image":{"@type":"ImageObject","inLanguage":"fr-BE","@id":"https:\/\/vieassociative.be\/actualites\/#\/schema\/person\/image\/","url":"https:\/\/vieassociative.be\/actualites\/wp-content\/uploads\/2024\/09\/vie-associative-1-150x150.jpg","contentUrl":"https:\/\/vieassociative.be\/actualites\/wp-content\/uploads\/2024\/09\/vie-associative-1-150x150.jpg","caption":"Julien"},"description":"Je suis Julien, r\u00e9dacteur pour Vie Associative. Passionn\u00e9 par le monde associatif depuis plus de 10 ans, j'ai \u00e0 c\u0153ur de partager des histoires inspirantes et de mettre en lumi\u00e8re les initiatives locales. Mon objectif est de sensibiliser et d'encourager l'engagement communautaire \u00e0 travers mes articles.","sameAs":["https:\/\/vieassociative.be\/"]}]}},"_links":{"self":[{"href":"https:\/\/vieassociative.be\/actualites\/wp-json\/wp\/v2\/posts\/11197"}],"collection":[{"href":"https:\/\/vieassociative.be\/actualites\/wp-json\/wp\/v2\/posts"}],"about":[{"href":"https:\/\/vieassociative.be\/actualites\/wp-json\/wp\/v2\/types\/post"}],"author":[{"embeddable":true,"href":"https:\/\/vieassociative.be\/actualites\/wp-json\/wp\/v2\/users\/1"}],"replies":[{"embeddable":true,"href":"https:\/\/vieassociative.be\/actualites\/wp-json\/wp\/v2\/comments?post=11197"}],"version-history":[{"count":0,"href":"https:\/\/vieassociative.be\/actualites\/wp-json\/wp\/v2\/posts\/11197\/revisions"}],"wp:featuredmedia":[{"embeddable":true,"href":"https:\/\/vieassociative.be\/actualites\/wp-json\/wp\/v2\/media\/11198"}],"wp:attachment":[{"href":"https:\/\/vieassociative.be\/actualites\/wp-json\/wp\/v2\/media?parent=11197"}],"wp:term":[{"taxonomy":"category","embeddable":true,"href":"https:\/\/vieassociative.be\/actualites\/wp-json\/wp\/v2\/categories?post=11197"},{"taxonomy":"post_tag","embeddable":true,"href":"https:\/\/vieassociative.be\/actualites\/wp-json\/wp\/v2\/tags?post=11197"}],"curies":[{"name":"wp","href":"https:\/\/api.w.org\/{rel}","templated":true}]}}