{"id":11195,"date":"2025-11-08T21:18:30","date_gmt":"2025-11-08T20:18:30","guid":{"rendered":"https:\/\/vieassociative.be\/actualites\/22-la-sequence-de-victoires-du-bayern-sinterrompt-kane-sauve-le-point\/"},"modified":"2025-11-08T21:18:30","modified_gmt":"2025-11-08T20:18:30","slug":"22-la-sequence-de-victoires-du-bayern-sinterrompt-kane-sauve-le-point","status":"publish","type":"post","link":"https:\/\/vieassociative.be\/actualites\/22-la-sequence-de-victoires-du-bayern-sinterrompt-kane-sauve-le-point\/","title":{"rendered":"2:2 \u2013 La s\u00e9quence de victoires du Bayern s&rsquo;interrompt : Kane sauve le point"},"content":{"rendered":"<p><strong>La l\u00e9gende du reportage allemand Marcel Reif avait raison : dans son podcast \u00ab Reif is live \u00bb, il pr\u00e9disait un match nul entre l&rsquo;Union Berlin et les champions allemands du record.<\/strong><\/p>\n<p><span id=\"more-429209\"><\/span>\u00ab\u00a0Le danger, c&rsquo;est que le Bayern ne puisse pas se pr\u00e9senter \u00e0 cause de sa force. Ce sera difficile pour eux. Je pense que leur s\u00e9quence de victoires \u00e0 l&rsquo;Union va s&rsquo;arr\u00eater. Je pr\u00e9dis un 1:1\u00a0\u00bb, a d\u00e9clar\u00e9 Reif deux jours apr\u00e8s l&rsquo;impressionnante victoire 2-1 du FC Bayern en Ligue des Champions au Prinzenpark de Paris contre le champion en titre, le PSG.<\/p>\n<p>Le match au stade An der Alten F\u00f6rsterei s&rsquo;est termin\u00e9 2-2. La fabuleuse s\u00e9quence de victoires du FC Bayern Munich a \u00e9t\u00e9 interrompue lors du 17e match contre le 1. FC Union Berlin. Un but tardif de Harry Kane a au moins apport\u00e9 un point au Bayern apr\u00e8s que cela ressemblait \u00e0 sa premi\u00e8re d\u00e9faite de la saison jusqu&rsquo;au temps additionnel.<\/p>\n<div id=\"attachment_429215\" class=\"wp-caption alignleft\" style=\"max-width: 300px\"><img fetchpriority=\"high\" decoding=\"async\" class=\"wp-image-429215 size-medium\" src=\"https:\/\/vieassociative.be\/actualites\/wp-content\/uploads\/2025\/11\/22-\u2013-La-sequence-de-victoires-du-Bayern-sinterrompt.jpg\" alt=\"\" width=\"300\" height=\"200\"><\/div>\n<p>Quatre jours apr\u00e8s le succ\u00e8s exaltant de la Ligue des Champions \u00e0 Paris, l&rsquo;\u00e9quipe de l&rsquo;entra\u00eeneur Vincent Kompany n&rsquo;a pas r\u00e9ussi \u00e0 obtenir un nul 2-2 chez le 1. FC Union Berlin en raison d&rsquo;une erreur du gardien Manuel Neuer.<\/p>\n<p>A K\u00f6penick, l&rsquo;\u00e9quipe munichoise a lutt\u00e9 pendant de longues p\u00e9riodes contre des Berlinois d\u00e9sagr\u00e9ables. Devant 22 012 spectateurs au stade An der Alten F\u00f6rsterei, Danilho Doekhi a d&rsquo;abord donn\u00e9 l&rsquo;avantage \u00e0 l&rsquo;\u00e9quipe locale (27e minute). Le ballon tir\u00e9 au centre a gliss\u00e9 entre les mains de Manuel Neuer. Luis D\u00edaz (38e) a \u00e9galis\u00e9 dans une phase urgente avant la pause. Le meilleur buteur Kane a r\u00e9ussi \u00e0 \u00e9galiser l&rsquo;avance de Berlin gr\u00e2ce \u00e0 Doekhi (83&prime;) dans les arr\u00eats de jeu (90&rsquo;+3).<\/p>\n<p>L&rsquo;\u00e9quipe munichoise n&rsquo;a pas r\u00e9ussi \u00e0 \u00e9tablir son propre record de titularisations en Bundesliga depuis 2015. Les champions allemands du record avaient d\u00e9j\u00e0 remport\u00e9 les 16 matchs de comp\u00e9tition cette saison. Aucune \u00e9quipe des grands championnats europ\u00e9ens n&rsquo;a jamais aussi bien d\u00e9marr\u00e9 une saison. Les Berlinois doivent encore attendre une victoire contre le Bayern, mais ils ont obtenu leur deuxi\u00e8me match nul cons\u00e9cutif contre le FCB dans leur propre stade.<\/p>\n<p>Kompany avait d\u00e9clar\u00e9 avant son apparition \u00e0 Berlin que son \u00e9quipe devait \u00ab tourner compl\u00e8tement le cadran mentalement \u2013 \u200b\u200bimm\u00e9diatement \u00bb. Le Belge a laiss\u00e9 l&rsquo;essentiel aux vainqueurs parisiens et n&rsquo;a \u00e9chang\u00e9 que deux joueurs nationaux. Leon Goretzka a d\u00e9but\u00e9 \u00e0 la place d&rsquo;Aleksandar Pavlovi\u0107.<\/p>\n<p>Lors d&rsquo;occasions sp\u00e9ciales, l&rsquo;Alte F\u00f6rsterei est encore plus bruyante qu&rsquo;elle ne l&rsquo;est d\u00e9j\u00e0. Chaque duel gagn\u00e9 est ensuite c\u00e9l\u00e9br\u00e9 par tout le stade. Le Bayern a d&rsquo;abord eu du mal \u00e0 changer de direction.<\/p>\n<p>Les comp\u00e9tences cl\u00e9s de Berlin sont entr\u00e9es en jeu. Toxicit\u00e9 contre le ballon, transitions rapides et coups de pied arr\u00eat\u00e9s dangereux en attaque. Le gar\u00e7on d&rsquo;anniversaire Ilyas Ansah (21 ans) a pris l&rsquo;avantage apr\u00e8s neuf minutes sur corner. Mais comme contre Fribourg, l&rsquo;arbitre vid\u00e9o est intervenu en raison d&rsquo;une position de hors-jeu.<\/p>\n<div id=\"attachment_429216\" class=\"wp-caption alignleft\" style=\"max-width: 300px\"><img decoding=\"async\" class=\"wp-image-429216 size-medium\" src=\"https:\/\/vieassociative.be\/actualites\/wp-content\/uploads\/2025\/11\/1762633110_32_22-\u2013-La-sequence-de-victoires-du-Bayern-sinterrompt.jpg\" alt=\"\" width=\"300\" height=\"200\"><\/div>\n<p>Cela a encore fonctionn\u00e9 apr\u00e8s un corner. Haberer, qui rempla\u00e7ait le tireur r\u00e9gulier Christopher Trimmel (suspendu), a envoy\u00e9 le ballon \u00e0 plat dans la surface de r\u00e9paration. Neuer a \u00e9chapp\u00e9 \u00e0 l&rsquo;acceptation directe de Doekhi.<\/p>\n<p>Puis les champions du record se sont r\u00e9veill\u00e9s. Apr\u00e8s une action individuelle exceptionnelle au cours de laquelle il a pass\u00e9 le ballon devant Haberer alors qu&rsquo;il \u00e9tait allong\u00e9 au sol, Luis D\u00edaz a tir\u00e9 sous un angle ferm\u00e9 pour \u00e9galiser. C&rsquo;\u00e9tait le premier tir dangereux des visiteurs.<\/p>\n<p>Peu de temps apr\u00e8s, Kane a servi l&rsquo;exemple colombien, mais il a rat\u00e9 un peu le gardien du FCU Frederik R\u00f6nnow (45e). Le Bayern a pouss\u00e9 pour prendre la t\u00eate. Un but de Kane n&rsquo;a pas non plus compt\u00e9 pour cause de hors-jeu (45e+3). En seconde p\u00e9riode, les Berlinois \u00e9taient d&rsquo;abord l&rsquo;\u00e9quipe la plus active. Haberer tirait au-dessus du but apr\u00e8s une contre-attaque (58e).<\/p>\n<p>Mais les invit\u00e9s sont redevenus plus dominants dans le jeu. Peu de temps apr\u00e8s, Michael Olise testait R\u00f6nnow avec un tir dans le coin le plus proche. Le tir de Goretzka depuis le corner passe au-dessus de la surface (71e). Puis Doekhi a profit\u00e9 d&rsquo;un d\u00e9gagement impr\u00e9cis de Munich apr\u00e8s un coup franc pour marquer son deuxi\u00e8me doubl\u00e9 de la saison. En fin de compte, Kane a marqu\u00e9 de la t\u00eate pour faire match nul. (dpa\/cr\u00e9)<\/p>\n","protected":false},"excerpt":{"rendered":"<p>La l\u00e9gende du reportage allemand Marcel Reif avait raison : dans son podcast \u00ab Reif is live \u00bb, il pr\u00e9disait un match nul entre l&rsquo;Union<\/p>\n","protected":false},"author":1,"featured_media":11196,"comment_status":"","ping_status":"","sticky":false,"template":"","format":"standard","meta":{"footnotes":""},"categories":[298],"tags":[2298,3418,174,3773,9189,9190,3975],"class_list":["post-11195","post","type-post","status-publish","format-standard","has-post-thumbnail","hentry","category-belgique","tag-bayern","tag-kane","tag-point","tag-sauve","tag-sequence","tag-sinterrompt","tag-victoires","generate-columns","tablet-grid-50","mobile-grid-100","grid-parent","grid-33"],"yoast_head":"<!-- This site is optimized with the Yoast SEO plugin v24.0 - https:\/\/yoast.com\/wordpress\/plugins\/seo\/ -->\n<title>2:2 \u2013 La s\u00e9quence de victoires du Bayern s&#039;interrompt : Kane sauve le point | Vie Associative<\/title>\n<meta name=\"robots\" content=\"index, follow, max-snippet:-1, max-image-preview:large, max-video-preview:-1\" \/>\n<link rel=\"canonical\" href=\"https:\/\/vieassociative.be\/actualites\/22-la-sequence-de-victoires-du-bayern-sinterrompt-kane-sauve-le-point\/\" \/>\n<meta property=\"og:locale\" content=\"fr_FR\" \/>\n<meta property=\"og:type\" content=\"article\" \/>\n<meta property=\"og:title\" content=\"2:2 \u2013 La s\u00e9quence de victoires du Bayern s&#039;interrompt : Kane sauve le point | Vie Associative\" \/>\n<meta property=\"og:description\" content=\"La l\u00e9gende du reportage allemand Marcel Reif avait raison : dans son podcast \u00ab Reif is live \u00bb, il pr\u00e9disait un match nul entre l&rsquo;Union\" \/>\n<meta property=\"og:url\" content=\"https:\/\/vieassociative.be\/actualites\/22-la-sequence-de-victoires-du-bayern-sinterrompt-kane-sauve-le-point\/\" \/>\n<meta property=\"og:site_name\" content=\"Vie Associative\" \/>\n<meta property=\"article:published_time\" content=\"2025-11-08T20:18:30+00:00\" \/>\n<meta property=\"og:image\" content=\"https:\/\/vieassociative.be\/actualites\/wp-content\/uploads\/2024\/09\/header_backgroundk-01-e1726694325946.png\" \/>\n\t<meta property=\"og:image:width\" content=\"279\" \/>\n\t<meta property=\"og:image:height\" content=\"92\" \/>\n\t<meta property=\"og:image:type\" content=\"image\/png\" \/>\n<meta name=\"author\" content=\"Julien\" \/>\n<meta name=\"twitter:card\" content=\"summary_large_image\" \/>\n<meta name=\"twitter:label1\" content=\"\u00c9crit par\" \/>\n\t<meta name=\"twitter:data1\" content=\"Julien\" \/>\n\t<meta name=\"twitter:label2\" content=\"Dur\u00e9e de lecture est.\" \/>\n\t<meta name=\"twitter:data2\" content=\"4 minutes\" \/>\n<script type=\"application\/ld+json\" class=\"yoast-schema-graph\">{\"@context\":\"https:\/\/schema.org\",\"@graph\":[{\"@type\":\"Article\",\"@id\":\"https:\/\/vieassociative.be\/actualites\/22-la-sequence-de-victoires-du-bayern-sinterrompt-kane-sauve-le-point\/#article\",\"isPartOf\":{\"@id\":\"https:\/\/vieassociative.be\/actualites\/22-la-sequence-de-victoires-du-bayern-sinterrompt-kane-sauve-le-point\/\"},\"author\":{\"name\":\"Julien\",\"@id\":\"https:\/\/vieassociative.be\/actualites\/#\/schema\/person\/b87ac4f82f9d4e7b7cec7395b679edc4\"},\"headline\":\"2:2 \u2013 La s\u00e9quence de victoires du Bayern s&rsquo;interrompt : Kane sauve le point\",\"datePublished\":\"2025-11-08T20:18:30+00:00\",\"dateModified\":\"2025-11-08T20:18:30+00:00\",\"mainEntityOfPage\":{\"@id\":\"https:\/\/vieassociative.be\/actualites\/22-la-sequence-de-victoires-du-bayern-sinterrompt-kane-sauve-le-point\/\"},\"wordCount\":794,\"publisher\":{\"@id\":\"https:\/\/vieassociative.be\/actualites\/#organization\"},\"image\":{\"@id\":\"https:\/\/vieassociative.be\/actualites\/22-la-sequence-de-victoires-du-bayern-sinterrompt-kane-sauve-le-point\/#primaryimage\"},\"thumbnailUrl\":\"https:\/\/vieassociative.be\/actualites\/wp-content\/uploads\/2025\/11\/1762633110_22-\u2013-La-sequence-de-victoires-du-Bayern-sinterrompt.jpg\",\"keywords\":[\"Bayern\",\"Kane\",\"point\",\"sauve\",\"s\u00e9quence\",\"sinterrompt\",\"victoires\"],\"articleSection\":[\"Belgique\"],\"inLanguage\":\"fr-BE\"},{\"@type\":\"WebPage\",\"@id\":\"https:\/\/vieassociative.be\/actualites\/22-la-sequence-de-victoires-du-bayern-sinterrompt-kane-sauve-le-point\/\",\"url\":\"https:\/\/vieassociative.be\/actualites\/22-la-sequence-de-victoires-du-bayern-sinterrompt-kane-sauve-le-point\/\",\"name\":\"2:2 \u2013 La s\u00e9quence de victoires du Bayern s'interrompt : Kane sauve le point | Vie Associative\",\"isPartOf\":{\"@id\":\"https:\/\/vieassociative.be\/actualites\/#website\"},\"primaryImageOfPage\":{\"@id\":\"https:\/\/vieassociative.be\/actualites\/22-la-sequence-de-victoires-du-bayern-sinterrompt-kane-sauve-le-point\/#primaryimage\"},\"image\":{\"@id\":\"https:\/\/vieassociative.be\/actualites\/22-la-sequence-de-victoires-du-bayern-sinterrompt-kane-sauve-le-point\/#primaryimage\"},\"thumbnailUrl\":\"https:\/\/vieassociative.be\/actualites\/wp-content\/uploads\/2025\/11\/1762633110_22-\u2013-La-sequence-de-victoires-du-Bayern-sinterrompt.jpg\",\"datePublished\":\"2025-11-08T20:18:30+00:00\",\"dateModified\":\"2025-11-08T20:18:30+00:00\",\"breadcrumb\":{\"@id\":\"https:\/\/vieassociative.be\/actualites\/22-la-sequence-de-victoires-du-bayern-sinterrompt-kane-sauve-le-point\/#breadcrumb\"},\"inLanguage\":\"fr-BE\",\"potentialAction\":[{\"@type\":\"ReadAction\",\"target\":[\"https:\/\/vieassociative.be\/actualites\/22-la-sequence-de-victoires-du-bayern-sinterrompt-kane-sauve-le-point\/\"]}]},{\"@type\":\"ImageObject\",\"inLanguage\":\"fr-BE\",\"@id\":\"https:\/\/vieassociative.be\/actualites\/22-la-sequence-de-victoires-du-bayern-sinterrompt-kane-sauve-le-point\/#primaryimage\",\"url\":\"https:\/\/vieassociative.be\/actualites\/wp-content\/uploads\/2025\/11\/1762633110_22-\u2013-La-sequence-de-victoires-du-Bayern-sinterrompt.jpg\",\"contentUrl\":\"https:\/\/vieassociative.be\/actualites\/wp-content\/uploads\/2025\/11\/1762633110_22-\u2013-La-sequence-de-victoires-du-Bayern-sinterrompt.jpg\",\"width\":1200,\"height\":800,\"caption\":\"2:2 \u2013 La s\u00e9quence de victoires du Bayern s'interrompt : Kane sauve le point\"},{\"@type\":\"BreadcrumbList\",\"@id\":\"https:\/\/vieassociative.be\/actualites\/22-la-sequence-de-victoires-du-bayern-sinterrompt-kane-sauve-le-point\/#breadcrumb\",\"itemListElement\":[{\"@type\":\"ListItem\",\"position\":1,\"name\":\"Accueil\",\"item\":\"https:\/\/vieassociative.be\/actualites\/\"},{\"@type\":\"ListItem\",\"position\":2,\"name\":\"2:2 \u2013 La s\u00e9quence de victoires du Bayern s&rsquo;interrompt : Kane sauve le point\"}]},{\"@type\":\"WebSite\",\"@id\":\"https:\/\/vieassociative.be\/actualites\/#website\",\"url\":\"https:\/\/vieassociative.be\/actualites\/\",\"name\":\"Vie Associative\",\"description\":\"\",\"publisher\":{\"@id\":\"https:\/\/vieassociative.be\/actualites\/#organization\"},\"potentialAction\":[{\"@type\":\"SearchAction\",\"target\":{\"@type\":\"EntryPoint\",\"urlTemplate\":\"https:\/\/vieassociative.be\/actualites\/?s={search_term_string}\"},\"query-input\":{\"@type\":\"PropertyValueSpecification\",\"valueRequired\":true,\"valueName\":\"search_term_string\"}}],\"inLanguage\":\"fr-BE\"},{\"@type\":\"Organization\",\"@id\":\"https:\/\/vieassociative.be\/actualites\/#organization\",\"name\":\"Vie Associative\",\"url\":\"https:\/\/vieassociative.be\/actualites\/\",\"logo\":{\"@type\":\"ImageObject\",\"inLanguage\":\"fr-BE\",\"@id\":\"https:\/\/vieassociative.be\/actualites\/#\/schema\/logo\/image\/\",\"url\":\"https:\/\/vieassociative.be\/actualites\/wp-content\/uploads\/2024\/09\/cropped-vieassociative_favicon.ico.png\",\"contentUrl\":\"https:\/\/vieassociative.be\/actualites\/wp-content\/uploads\/2024\/09\/cropped-vieassociative_favicon.ico.png\",\"width\":512,\"height\":512,\"caption\":\"Vie Associative\"},\"image\":{\"@id\":\"https:\/\/vieassociative.be\/actualites\/#\/schema\/logo\/image\/\"}},{\"@type\":\"Person\",\"@id\":\"https:\/\/vieassociative.be\/actualites\/#\/schema\/person\/b87ac4f82f9d4e7b7cec7395b679edc4\",\"name\":\"Julien\",\"image\":{\"@type\":\"ImageObject\",\"inLanguage\":\"fr-BE\",\"@id\":\"https:\/\/vieassociative.be\/actualites\/#\/schema\/person\/image\/\",\"url\":\"https:\/\/vieassociative.be\/actualites\/wp-content\/uploads\/2024\/09\/vie-associative-1-150x150.jpg\",\"contentUrl\":\"https:\/\/vieassociative.be\/actualites\/wp-content\/uploads\/2024\/09\/vie-associative-1-150x150.jpg\",\"caption\":\"Julien\"},\"description\":\"Je suis Julien, r\u00e9dacteur pour Vie Associative. Passionn\u00e9 par le monde associatif depuis plus de 10 ans, j'ai \u00e0 c\u0153ur de partager des histoires inspirantes et de mettre en lumi\u00e8re les initiatives locales. Mon objectif est de sensibiliser et d'encourager l'engagement communautaire \u00e0 travers mes articles.\",\"sameAs\":[\"https:\/\/vieassociative.be\/\"]}]}<\/script>\n<!-- \/ Yoast SEO plugin. -->","yoast_head_json":{"title":"2:2 \u2013 La s\u00e9quence de victoires du Bayern s'interrompt : Kane sauve le point | Vie Associative","robots":{"index":"index","follow":"follow","max-snippet":"max-snippet:-1","max-image-preview":"max-image-preview:large","max-video-preview":"max-video-preview:-1"},"canonical":"https:\/\/vieassociative.be\/actualites\/22-la-sequence-de-victoires-du-bayern-sinterrompt-kane-sauve-le-point\/","og_locale":"fr_FR","og_type":"article","og_title":"2:2 \u2013 La s\u00e9quence de victoires du Bayern s'interrompt : Kane sauve le point | Vie Associative","og_description":"La l\u00e9gende du reportage allemand Marcel Reif avait raison : dans son podcast \u00ab Reif is live \u00bb, il pr\u00e9disait un match nul entre l&rsquo;Union","og_url":"https:\/\/vieassociative.be\/actualites\/22-la-sequence-de-victoires-du-bayern-sinterrompt-kane-sauve-le-point\/","og_site_name":"Vie Associative","article_published_time":"2025-11-08T20:18:30+00:00","og_image":[{"width":279,"height":92,"url":"https:\/\/vieassociative.be\/actualites\/wp-content\/uploads\/2024\/09\/header_backgroundk-01-e1726694325946.png","type":"image\/png"}],"author":"Julien","twitter_card":"summary_large_image","twitter_misc":{"\u00c9crit par":"Julien","Dur\u00e9e de lecture est.":"4 minutes"},"schema":{"@context":"https:\/\/schema.org","@graph":[{"@type":"Article","@id":"https:\/\/vieassociative.be\/actualites\/22-la-sequence-de-victoires-du-bayern-sinterrompt-kane-sauve-le-point\/#article","isPartOf":{"@id":"https:\/\/vieassociative.be\/actualites\/22-la-sequence-de-victoires-du-bayern-sinterrompt-kane-sauve-le-point\/"},"author":{"name":"Julien","@id":"https:\/\/vieassociative.be\/actualites\/#\/schema\/person\/b87ac4f82f9d4e7b7cec7395b679edc4"},"headline":"2:2 \u2013 La s\u00e9quence de victoires du Bayern s&rsquo;interrompt : Kane sauve le point","datePublished":"2025-11-08T20:18:30+00:00","dateModified":"2025-11-08T20:18:30+00:00","mainEntityOfPage":{"@id":"https:\/\/vieassociative.be\/actualites\/22-la-sequence-de-victoires-du-bayern-sinterrompt-kane-sauve-le-point\/"},"wordCount":794,"publisher":{"@id":"https:\/\/vieassociative.be\/actualites\/#organization"},"image":{"@id":"https:\/\/vieassociative.be\/actualites\/22-la-sequence-de-victoires-du-bayern-sinterrompt-kane-sauve-le-point\/#primaryimage"},"thumbnailUrl":"https:\/\/vieassociative.be\/actualites\/wp-content\/uploads\/2025\/11\/1762633110_22-\u2013-La-sequence-de-victoires-du-Bayern-sinterrompt.jpg","keywords":["Bayern","Kane","point","sauve","s\u00e9quence","sinterrompt","victoires"],"articleSection":["Belgique"],"inLanguage":"fr-BE"},{"@type":"WebPage","@id":"https:\/\/vieassociative.be\/actualites\/22-la-sequence-de-victoires-du-bayern-sinterrompt-kane-sauve-le-point\/","url":"https:\/\/vieassociative.be\/actualites\/22-la-sequence-de-victoires-du-bayern-sinterrompt-kane-sauve-le-point\/","name":"2:2 \u2013 La s\u00e9quence de victoires du Bayern s'interrompt : Kane sauve le point | Vie Associative","isPartOf":{"@id":"https:\/\/vieassociative.be\/actualites\/#website"},"primaryImageOfPage":{"@id":"https:\/\/vieassociative.be\/actualites\/22-la-sequence-de-victoires-du-bayern-sinterrompt-kane-sauve-le-point\/#primaryimage"},"image":{"@id":"https:\/\/vieassociative.be\/actualites\/22-la-sequence-de-victoires-du-bayern-sinterrompt-kane-sauve-le-point\/#primaryimage"},"thumbnailUrl":"https:\/\/vieassociative.be\/actualites\/wp-content\/uploads\/2025\/11\/1762633110_22-\u2013-La-sequence-de-victoires-du-Bayern-sinterrompt.jpg","datePublished":"2025-11-08T20:18:30+00:00","dateModified":"2025-11-08T20:18:30+00:00","breadcrumb":{"@id":"https:\/\/vieassociative.be\/actualites\/22-la-sequence-de-victoires-du-bayern-sinterrompt-kane-sauve-le-point\/#breadcrumb"},"inLanguage":"fr-BE","potentialAction":[{"@type":"ReadAction","target":["https:\/\/vieassociative.be\/actualites\/22-la-sequence-de-victoires-du-bayern-sinterrompt-kane-sauve-le-point\/"]}]},{"@type":"ImageObject","inLanguage":"fr-BE","@id":"https:\/\/vieassociative.be\/actualites\/22-la-sequence-de-victoires-du-bayern-sinterrompt-kane-sauve-le-point\/#primaryimage","url":"https:\/\/vieassociative.be\/actualites\/wp-content\/uploads\/2025\/11\/1762633110_22-\u2013-La-sequence-de-victoires-du-Bayern-sinterrompt.jpg","contentUrl":"https:\/\/vieassociative.be\/actualites\/wp-content\/uploads\/2025\/11\/1762633110_22-\u2013-La-sequence-de-victoires-du-Bayern-sinterrompt.jpg","width":1200,"height":800,"caption":"2:2 \u2013 La s\u00e9quence de victoires du Bayern s'interrompt : Kane sauve le point"},{"@type":"BreadcrumbList","@id":"https:\/\/vieassociative.be\/actualites\/22-la-sequence-de-victoires-du-bayern-sinterrompt-kane-sauve-le-point\/#breadcrumb","itemListElement":[{"@type":"ListItem","position":1,"name":"Accueil","item":"https:\/\/vieassociative.be\/actualites\/"},{"@type":"ListItem","position":2,"name":"2:2 \u2013 La s\u00e9quence de victoires du Bayern s&rsquo;interrompt : Kane sauve le point"}]},{"@type":"WebSite","@id":"https:\/\/vieassociative.be\/actualites\/#website","url":"https:\/\/vieassociative.be\/actualites\/","name":"Vie Associative","description":"","publisher":{"@id":"https:\/\/vieassociative.be\/actualites\/#organization"},"potentialAction":[{"@type":"SearchAction","target":{"@type":"EntryPoint","urlTemplate":"https:\/\/vieassociative.be\/actualites\/?s={search_term_string}"},"query-input":{"@type":"PropertyValueSpecification","valueRequired":true,"valueName":"search_term_string"}}],"inLanguage":"fr-BE"},{"@type":"Organization","@id":"https:\/\/vieassociative.be\/actualites\/#organization","name":"Vie Associative","url":"https:\/\/vieassociative.be\/actualites\/","logo":{"@type":"ImageObject","inLanguage":"fr-BE","@id":"https:\/\/vieassociative.be\/actualites\/#\/schema\/logo\/image\/","url":"https:\/\/vieassociative.be\/actualites\/wp-content\/uploads\/2024\/09\/cropped-vieassociative_favicon.ico.png","contentUrl":"https:\/\/vieassociative.be\/actualites\/wp-content\/uploads\/2024\/09\/cropped-vieassociative_favicon.ico.png","width":512,"height":512,"caption":"Vie Associative"},"image":{"@id":"https:\/\/vieassociative.be\/actualites\/#\/schema\/logo\/image\/"}},{"@type":"Person","@id":"https:\/\/vieassociative.be\/actualites\/#\/schema\/person\/b87ac4f82f9d4e7b7cec7395b679edc4","name":"Julien","image":{"@type":"ImageObject","inLanguage":"fr-BE","@id":"https:\/\/vieassociative.be\/actualites\/#\/schema\/person\/image\/","url":"https:\/\/vieassociative.be\/actualites\/wp-content\/uploads\/2024\/09\/vie-associative-1-150x150.jpg","contentUrl":"https:\/\/vieassociative.be\/actualites\/wp-content\/uploads\/2024\/09\/vie-associative-1-150x150.jpg","caption":"Julien"},"description":"Je suis Julien, r\u00e9dacteur pour Vie Associative. Passionn\u00e9 par le monde associatif depuis plus de 10 ans, j'ai \u00e0 c\u0153ur de partager des histoires inspirantes et de mettre en lumi\u00e8re les initiatives locales. Mon objectif est de sensibiliser et d'encourager l'engagement communautaire \u00e0 travers mes articles.","sameAs":["https:\/\/vieassociative.be\/"]}]}},"_links":{"self":[{"href":"https:\/\/vieassociative.be\/actualites\/wp-json\/wp\/v2\/posts\/11195"}],"collection":[{"href":"https:\/\/vieassociative.be\/actualites\/wp-json\/wp\/v2\/posts"}],"about":[{"href":"https:\/\/vieassociative.be\/actualites\/wp-json\/wp\/v2\/types\/post"}],"author":[{"embeddable":true,"href":"https:\/\/vieassociative.be\/actualites\/wp-json\/wp\/v2\/users\/1"}],"replies":[{"embeddable":true,"href":"https:\/\/vieassociative.be\/actualites\/wp-json\/wp\/v2\/comments?post=11195"}],"version-history":[{"count":0,"href":"https:\/\/vieassociative.be\/actualites\/wp-json\/wp\/v2\/posts\/11195\/revisions"}],"wp:featuredmedia":[{"embeddable":true,"href":"https:\/\/vieassociative.be\/actualites\/wp-json\/wp\/v2\/media\/11196"}],"wp:attachment":[{"href":"https:\/\/vieassociative.be\/actualites\/wp-json\/wp\/v2\/media?parent=11195"}],"wp:term":[{"taxonomy":"category","embeddable":true,"href":"https:\/\/vieassociative.be\/actualites\/wp-json\/wp\/v2\/categories?post=11195"},{"taxonomy":"post_tag","embeddable":true,"href":"https:\/\/vieassociative.be\/actualites\/wp-json\/wp\/v2\/tags?post=11195"}],"curies":[{"name":"wp","href":"https:\/\/api.w.org\/{rel}","templated":true}]}}