{"id":11193,"date":"2025-11-08T20:18:14","date_gmt":"2025-11-08T19:18:14","guid":{"rendered":"https:\/\/vieassociative.be\/actualites\/la-derniere-mise-a-jour-ipados-dapple-a-ramene-une-fonctionnalite-multitache-essentielle\/"},"modified":"2025-11-08T20:18:14","modified_gmt":"2025-11-08T19:18:14","slug":"la-derniere-mise-a-jour-ipados-dapple-a-ramene-une-fonctionnalite-multitache-essentielle","status":"publish","type":"post","link":"https:\/\/vieassociative.be\/actualites\/la-derniere-mise-a-jour-ipados-dapple-a-ramene-une-fonctionnalite-multitache-essentielle\/","title":{"rendered":"La derni\u00e8re mise \u00e0 jour iPadOS d&rsquo;Apple a ramen\u00e9 une fonctionnalit\u00e9 multit\u00e2che essentielle"},"content":{"rendered":"<div class=\"mt-4 leading-6 md:mb-8\">Slide Over est de retour.<\/div>\n<p><\/p>\n<p>iPadOS 26 est une affaire \u00e9norme pour tous ceux qui souhaitent qu\u2019Apple fabrique d\u00e9j\u00e0 un MacBook \u00e0 \u00e9cran tactile. La mise \u00e0 jour d\u00e9ploie une refonte multit\u00e2che majeure qui introduit des fen\u00eatres de type macOS, une barre de menus de type macOS et une gestion de fichiers de type macOS. L&rsquo;iPad dispose m\u00eame de l&rsquo;application Aper\u00e7u, pour crier \u00e0 haute voix, mais pour \u00eatre honn\u00eate, l&rsquo;iPhone aussi.  <\/p>\n<p>Apple a suivi la ligne avec ses tablettes au fil des ans, en introduisant des caract\u00e9ristiques et des fonctions qui rendent l&rsquo;exp\u00e9rience plus proche de l&rsquo;utilisation d&rsquo;un ordinateur, sans jamais vraiment s&rsquo;y engager enti\u00e8rement. \u00c0 ce stade, iPadOS 26 ne remplacera probablement pas votre MacBook, mais il s\u2019en rapproche assez. Si vos principales pr\u00e9occupations concernent des choses telles que la gestion des fen\u00eatres et des fichiers, cette mise \u00e0 jour est probablement faite pour vous. Mais m\u00eame si cette nouvelle \u00e8re de l&rsquo;iPad semble \u00eatre une affaire d&rsquo;informatique plus traditionnelle, Apple fait un peu marche arri\u00e8re, mais dans le bon sens : la derni\u00e8re mise \u00e0 jour de l&rsquo;iPadOS ram\u00e8ne une fonctionnalit\u00e9 multit\u00e2che pr\u00e9f\u00e9r\u00e9e des fans : Slide Over. <\/p>\n<h2 id=\"slide-over-makes-window-management-easier\">Slide Over facilite la gestion des fen\u00eatres<\/h2>\n<p>Avant iPadOS 26, Slide Over \u00e9tait depuis des ann\u00e9es la pierre angulaire du multit\u00e2che sur les tablettes Apple. Bien que vous puissiez ouvrir plusieurs applications \u00e0 la fois dans diff\u00e9rentes tailles de fen\u00eatre, Slide Over vous permet de d\u00e9signer une fen\u00eatre d&rsquo;application qui conserve davantage une forme iOS, en particulier quelque chose de long et de vertical. Comme son nom l&rsquo;indique, cette fen\u00eatre pouvait glisser du c\u00f4t\u00e9 conduite de l&rsquo;\u00e9cran chaque fois que cela \u00e9tait n\u00e9cessaire, et pouvait facilement glisser vers l&rsquo;arri\u00e8re lorsqu&rsquo;elle ne l&rsquo;\u00e9tait pas. C&rsquo;\u00e9tait parfait pour garder un flux de m\u00e9dias sociaux ou une application de messagerie \u00e0 port\u00e9e de main tout en travaillant sur autre chose : imaginez avoir deux fen\u00eatres ouvertes sur votre iPhone, une pour Safari et une pour Google Docs, mais chaque fois que vous avez besoin d&rsquo;envoyer un texte, vous pouvez extraire une fen\u00eatre Messages du c\u00f4t\u00e9 droit de l&rsquo;\u00e9cran et la faire glisser lorsqu&rsquo;il est temps de retourner au travail. <\/p>\n<div class=\"mx-auto mb-12 mt-5 w-full max-w-3xl rounded-md border-2 border-gray-100 p-3 shadow-md md:px-7 md:pb-7 md:pt-5\" id=\"related-video\">\n<div class=\"mb-3 flex items-center md:mb-5\">\n        <img decoding=\"async\" class=\"mr-4 mt-0 h-10 w-10 md:mr-5 md:h-12 md:w-12\" src=\"https:\/\/vieassociative.be\/actualites\/wp-content\/uploads\/2025\/09\/1757726237_608_Meta-pourrait-devoiler-une-montre-intelligente-pour-controler-ses-lunettes.jpg\" alt=\"Logo du pirate de la vie\"><\/p><\/div>\n<div class=\"aspect-video w-full overflow-hidden rounded-md\">\n<div id=\"video-container-01K9JBDKNJKMKFPHQZF4FCSYPY\"><\/div>\n<\/p><\/div>\n<\/div>\n<p>Le Mac n&rsquo;a bien s\u00fbr pas d&rsquo;\u00e9quivalent, car il s&rsquo;appuie sur une gestion de fen\u00eatres standard. Peut-\u00eatre qu&rsquo;Apple pensait que si l&rsquo;iPadOS 26 disposait \u00e9galement d&rsquo;une gestion des fen\u00eatres plus standard, il n&rsquo;aurait plus besoin de Slide Over. En tant que telle, la soci\u00e9t\u00e9 a supprim\u00e9 cette fonctionnalit\u00e9 dans le cadre de sa grande mise \u00e0 jour pour iPad cet automne. Il n&rsquo;est pas clair si Apple a re\u00e7u des commentaires n\u00e9gatifs sur cette omission, ou si la soci\u00e9t\u00e9 a d\u00e9cid\u00e9 qu&rsquo;elle manquait \u00e9galement la fonctionnalit\u00e9, mais quelle que soit la raison, Slide Over est de retour \u00e0 partir de l&rsquo;iPadOS 26.1.<\/p>\n<h2 id=\"slide-over-is-a-little-different-with-ipados-261\">Slide Over est un peu diff\u00e9rent avec iPadOS 26.1<\/h2>\n<div class=\"eloquent-imagery-image\">\n<div class=\"flex justify-center\">\n                    <img decoding=\"async\" class=\"border border-gray-100\" src=\"https:\/\/vieassociative.be\/actualites\/wp-content\/uploads\/2025\/11\/La-derniere-mise-a-jour-iPadOS-dApple-a-ramene-une.png\" alt=\"glisser dessus\" width=\"2000\" height=\"1499\" loading=\"lazy\"  >\n            <\/div>\n<\/p><\/div>\n<p>Cela dit, cette fonctionnalit\u00e9 ne fonctionne plus exactement de la m\u00eame mani\u00e8re qu\u2019avant. Pour l&rsquo;utiliser, vous devez utiliser votre iPad en mode Stage Manager ou fen\u00eatr\u00e9, que vous pouvez choisir depuis Control Center ou depuis <strong>Param\u00e8tres\u00a0> Multit\u00e2che et gestes<\/strong>.<\/p>\n<p>\u00c0 partir de l\u00e0, ouvrez une application pour laquelle vous souhaitez utiliser Slide Over. Appuyez longuement sur les commandes de la fen\u00eatre dans le coin sup\u00e9rieur gauche de la fen\u00eatre de l&rsquo;application, puis choisissez \u00ab Enter Slide Over \u00bb. L&rsquo;application s&rsquo;\u00e9crasera dans une fen\u00eatre de type iOS sur le c\u00f4t\u00e9 droit de l&rsquo;\u00e9cran et vous pourrez la fermer en la faisant glisser. Vous pouvez \u00e9galement redimensionner la fen\u00eatre dans la forme ou la taille de votre choix, tout en conservant cette capacit\u00e9 Slide Over. Dans l&rsquo;image ci-dessus, vous verrez que j&rsquo;ai r\u00e9duit ma fen\u00eatre Apple Music en un carr\u00e9, mais vous pouvez la rendre aussi grande que vous le souhaitez, bien que cela puisse aller \u00e0 l&rsquo;encontre de l&rsquo;objectif de la d\u00e9finir comme fen\u00eatre Slide Over. <\/p>\n<h2 id=\"how-to-update-to-ipados-261-and-beyond\">Comment mettre \u00e0 jour vers iPadOS 26.1 (et au-del\u00e0)<\/h2>\n<p>Si vous ne l&rsquo;avez pas encore fait, vous pouvez installer la mise \u00e0 jour 26.1 d\u00e8s maintenant \u00e0 partir de <strong>Param\u00e8tres\u00a0> G\u00e9n\u00e9ral\u00a0> Mise \u00e0 jour du logiciel<\/strong>. En plus de Slide Over, vous trouverez d&rsquo;autres fonctionnalit\u00e9s et modifications int\u00e9ressantes, comme la possibilit\u00e9 de contr\u00f4ler l&rsquo;apparence de Liquid Glass sur votre iPad. Si vous \u00eates un b\u00eata-testeur, vous passerez directement \u00e0 iPadOS 26.1, car Apple teste actuellement iPadOS 26.2. La version b\u00eata publique est actuellement disponible et vous permet pour la premi\u00e8re fois d&rsquo;ajouter des alarmes aux rappels.<\/p>\n","protected":false},"excerpt":{"rendered":"<p>Slide Over est de retour. iPadOS 26 est une affaire \u00e9norme pour tous ceux qui souhaitent qu\u2019Apple fabrique d\u00e9j\u00e0 un MacBook \u00e0 \u00e9cran tactile. La<\/p>\n","protected":false},"author":1,"featured_media":11194,"comment_status":"","ping_status":"","sticky":false,"template":"","format":"standard","meta":{"footnotes":""},"categories":[13],"tags":[590,139,9188,1300,9187,53,2183,7824,6561,110],"class_list":["post-11193","post","type-post","status-publish","format-standard","has-post-thumbnail","hentry","category-technologie","tag-dapple","tag-derniere","tag-essentielle","tag-fonctionnalite","tag-ipados","tag-jour","tag-mise","tag-multitache","tag-ramene","tag-une","generate-columns","tablet-grid-50","mobile-grid-100","grid-parent","grid-33"],"yoast_head":"<!-- This site is optimized with the Yoast SEO plugin v24.0 - https:\/\/yoast.com\/wordpress\/plugins\/seo\/ -->\n<title>La derni\u00e8re mise \u00e0 jour iPadOS d&#039;Apple a ramen\u00e9 une fonctionnalit\u00e9 multit\u00e2che essentielle | Vie Associative<\/title>\n<meta name=\"robots\" content=\"index, follow, max-snippet:-1, max-image-preview:large, max-video-preview:-1\" \/>\n<link rel=\"canonical\" href=\"https:\/\/vieassociative.be\/actualites\/la-derniere-mise-a-jour-ipados-dapple-a-ramene-une-fonctionnalite-multitache-essentielle\/\" \/>\n<meta property=\"og:locale\" content=\"fr_FR\" \/>\n<meta property=\"og:type\" content=\"article\" \/>\n<meta property=\"og:title\" content=\"La derni\u00e8re mise \u00e0 jour iPadOS d&#039;Apple a ramen\u00e9 une fonctionnalit\u00e9 multit\u00e2che essentielle | Vie Associative\" \/>\n<meta property=\"og:description\" content=\"Slide Over est de retour. iPadOS 26 est une affaire \u00e9norme pour tous ceux qui souhaitent qu\u2019Apple fabrique d\u00e9j\u00e0 un MacBook \u00e0 \u00e9cran tactile. La\" \/>\n<meta property=\"og:url\" content=\"https:\/\/vieassociative.be\/actualites\/la-derniere-mise-a-jour-ipados-dapple-a-ramene-une-fonctionnalite-multitache-essentielle\/\" \/>\n<meta property=\"og:site_name\" content=\"Vie Associative\" \/>\n<meta property=\"article:published_time\" content=\"2025-11-08T19:18:14+00:00\" \/>\n<meta property=\"og:image\" content=\"https:\/\/vieassociative.be\/actualites\/wp-content\/uploads\/2025\/09\/1757726237_608_Meta-pourrait-devoiler-une-montre-intelligente-pour-controler-ses-lunettes.jpg\" \/>\n<meta name=\"author\" content=\"Julien\" \/>\n<meta name=\"twitter:card\" content=\"summary_large_image\" \/>\n<meta name=\"twitter:label1\" content=\"\u00c9crit par\" \/>\n\t<meta name=\"twitter:data1\" content=\"Julien\" \/>\n\t<meta name=\"twitter:label2\" content=\"Dur\u00e9e de lecture est.\" \/>\n\t<meta name=\"twitter:data2\" content=\"4 minutes\" \/>\n<script type=\"application\/ld+json\" class=\"yoast-schema-graph\">{\"@context\":\"https:\/\/schema.org\",\"@graph\":[{\"@type\":\"Article\",\"@id\":\"https:\/\/vieassociative.be\/actualites\/la-derniere-mise-a-jour-ipados-dapple-a-ramene-une-fonctionnalite-multitache-essentielle\/#article\",\"isPartOf\":{\"@id\":\"https:\/\/vieassociative.be\/actualites\/la-derniere-mise-a-jour-ipados-dapple-a-ramene-une-fonctionnalite-multitache-essentielle\/\"},\"author\":{\"name\":\"Julien\",\"@id\":\"https:\/\/vieassociative.be\/actualites\/#\/schema\/person\/b87ac4f82f9d4e7b7cec7395b679edc4\"},\"headline\":\"La derni\u00e8re mise \u00e0 jour iPadOS d&rsquo;Apple a ramen\u00e9 une fonctionnalit\u00e9 multit\u00e2che essentielle\",\"datePublished\":\"2025-11-08T19:18:14+00:00\",\"dateModified\":\"2025-11-08T19:18:14+00:00\",\"mainEntityOfPage\":{\"@id\":\"https:\/\/vieassociative.be\/actualites\/la-derniere-mise-a-jour-ipados-dapple-a-ramene-une-fonctionnalite-multitache-essentielle\/\"},\"wordCount\":829,\"publisher\":{\"@id\":\"https:\/\/vieassociative.be\/actualites\/#organization\"},\"image\":{\"@id\":\"https:\/\/vieassociative.be\/actualites\/la-derniere-mise-a-jour-ipados-dapple-a-ramene-une-fonctionnalite-multitache-essentielle\/#primaryimage\"},\"thumbnailUrl\":\"https:\/\/vieassociative.be\/actualites\/wp-content\/uploads\/2025\/11\/La-derniere-mise-a-jour-iPadOS-dApple-a-ramene-une.jpg\",\"keywords\":[\"dApple\",\"derni\u00e8re\",\"essentielle\",\"fonctionnalit\u00e9\",\"iPadOS\",\"jour\",\"mise\",\"multit\u00e2che\",\"ram\u00e8ne\",\"une\"],\"articleSection\":[\"Technologie\"],\"inLanguage\":\"fr-BE\"},{\"@type\":\"WebPage\",\"@id\":\"https:\/\/vieassociative.be\/actualites\/la-derniere-mise-a-jour-ipados-dapple-a-ramene-une-fonctionnalite-multitache-essentielle\/\",\"url\":\"https:\/\/vieassociative.be\/actualites\/la-derniere-mise-a-jour-ipados-dapple-a-ramene-une-fonctionnalite-multitache-essentielle\/\",\"name\":\"La derni\u00e8re mise \u00e0 jour iPadOS d'Apple a ramen\u00e9 une fonctionnalit\u00e9 multit\u00e2che essentielle | Vie Associative\",\"isPartOf\":{\"@id\":\"https:\/\/vieassociative.be\/actualites\/#website\"},\"primaryImageOfPage\":{\"@id\":\"https:\/\/vieassociative.be\/actualites\/la-derniere-mise-a-jour-ipados-dapple-a-ramene-une-fonctionnalite-multitache-essentielle\/#primaryimage\"},\"image\":{\"@id\":\"https:\/\/vieassociative.be\/actualites\/la-derniere-mise-a-jour-ipados-dapple-a-ramene-une-fonctionnalite-multitache-essentielle\/#primaryimage\"},\"thumbnailUrl\":\"https:\/\/vieassociative.be\/actualites\/wp-content\/uploads\/2025\/11\/La-derniere-mise-a-jour-iPadOS-dApple-a-ramene-une.jpg\",\"datePublished\":\"2025-11-08T19:18:14+00:00\",\"dateModified\":\"2025-11-08T19:18:14+00:00\",\"breadcrumb\":{\"@id\":\"https:\/\/vieassociative.be\/actualites\/la-derniere-mise-a-jour-ipados-dapple-a-ramene-une-fonctionnalite-multitache-essentielle\/#breadcrumb\"},\"inLanguage\":\"fr-BE\",\"potentialAction\":[{\"@type\":\"ReadAction\",\"target\":[\"https:\/\/vieassociative.be\/actualites\/la-derniere-mise-a-jour-ipados-dapple-a-ramene-une-fonctionnalite-multitache-essentielle\/\"]}]},{\"@type\":\"ImageObject\",\"inLanguage\":\"fr-BE\",\"@id\":\"https:\/\/vieassociative.be\/actualites\/la-derniere-mise-a-jour-ipados-dapple-a-ramene-une-fonctionnalite-multitache-essentielle\/#primaryimage\",\"url\":\"https:\/\/vieassociative.be\/actualites\/wp-content\/uploads\/2025\/11\/La-derniere-mise-a-jour-iPadOS-dApple-a-ramene-une.jpg\",\"contentUrl\":\"https:\/\/vieassociative.be\/actualites\/wp-content\/uploads\/2025\/11\/La-derniere-mise-a-jour-iPadOS-dApple-a-ramene-une.jpg\",\"width\":1200,\"height\":675,\"caption\":\"La derni\u00e8re mise \u00e0 jour iPadOS d'Apple a ramen\u00e9 une fonctionnalit\u00e9 multit\u00e2che essentielle\"},{\"@type\":\"BreadcrumbList\",\"@id\":\"https:\/\/vieassociative.be\/actualites\/la-derniere-mise-a-jour-ipados-dapple-a-ramene-une-fonctionnalite-multitache-essentielle\/#breadcrumb\",\"itemListElement\":[{\"@type\":\"ListItem\",\"position\":1,\"name\":\"Accueil\",\"item\":\"https:\/\/vieassociative.be\/actualites\/\"},{\"@type\":\"ListItem\",\"position\":2,\"name\":\"La derni\u00e8re mise \u00e0 jour iPadOS d&rsquo;Apple a ramen\u00e9 une fonctionnalit\u00e9 multit\u00e2che essentielle\"}]},{\"@type\":\"WebSite\",\"@id\":\"https:\/\/vieassociative.be\/actualites\/#website\",\"url\":\"https:\/\/vieassociative.be\/actualites\/\",\"name\":\"Vie Associative\",\"description\":\"\",\"publisher\":{\"@id\":\"https:\/\/vieassociative.be\/actualites\/#organization\"},\"potentialAction\":[{\"@type\":\"SearchAction\",\"target\":{\"@type\":\"EntryPoint\",\"urlTemplate\":\"https:\/\/vieassociative.be\/actualites\/?s={search_term_string}\"},\"query-input\":{\"@type\":\"PropertyValueSpecification\",\"valueRequired\":true,\"valueName\":\"search_term_string\"}}],\"inLanguage\":\"fr-BE\"},{\"@type\":\"Organization\",\"@id\":\"https:\/\/vieassociative.be\/actualites\/#organization\",\"name\":\"Vie Associative\",\"url\":\"https:\/\/vieassociative.be\/actualites\/\",\"logo\":{\"@type\":\"ImageObject\",\"inLanguage\":\"fr-BE\",\"@id\":\"https:\/\/vieassociative.be\/actualites\/#\/schema\/logo\/image\/\",\"url\":\"https:\/\/vieassociative.be\/actualites\/wp-content\/uploads\/2024\/09\/cropped-vieassociative_favicon.ico.png\",\"contentUrl\":\"https:\/\/vieassociative.be\/actualites\/wp-content\/uploads\/2024\/09\/cropped-vieassociative_favicon.ico.png\",\"width\":512,\"height\":512,\"caption\":\"Vie Associative\"},\"image\":{\"@id\":\"https:\/\/vieassociative.be\/actualites\/#\/schema\/logo\/image\/\"}},{\"@type\":\"Person\",\"@id\":\"https:\/\/vieassociative.be\/actualites\/#\/schema\/person\/b87ac4f82f9d4e7b7cec7395b679edc4\",\"name\":\"Julien\",\"image\":{\"@type\":\"ImageObject\",\"inLanguage\":\"fr-BE\",\"@id\":\"https:\/\/vieassociative.be\/actualites\/#\/schema\/person\/image\/\",\"url\":\"https:\/\/vieassociative.be\/actualites\/wp-content\/uploads\/2024\/09\/vie-associative-1-150x150.jpg\",\"contentUrl\":\"https:\/\/vieassociative.be\/actualites\/wp-content\/uploads\/2024\/09\/vie-associative-1-150x150.jpg\",\"caption\":\"Julien\"},\"description\":\"Je suis Julien, r\u00e9dacteur pour Vie Associative. Passionn\u00e9 par le monde associatif depuis plus de 10 ans, j'ai \u00e0 c\u0153ur de partager des histoires inspirantes et de mettre en lumi\u00e8re les initiatives locales. Mon objectif est de sensibiliser et d'encourager l'engagement communautaire \u00e0 travers mes articles.\",\"sameAs\":[\"https:\/\/vieassociative.be\/\"]}]}<\/script>\n<!-- \/ Yoast SEO plugin. -->","yoast_head_json":{"title":"La derni\u00e8re mise \u00e0 jour iPadOS d'Apple a ramen\u00e9 une fonctionnalit\u00e9 multit\u00e2che essentielle | Vie Associative","robots":{"index":"index","follow":"follow","max-snippet":"max-snippet:-1","max-image-preview":"max-image-preview:large","max-video-preview":"max-video-preview:-1"},"canonical":"https:\/\/vieassociative.be\/actualites\/la-derniere-mise-a-jour-ipados-dapple-a-ramene-une-fonctionnalite-multitache-essentielle\/","og_locale":"fr_FR","og_type":"article","og_title":"La derni\u00e8re mise \u00e0 jour iPadOS d'Apple a ramen\u00e9 une fonctionnalit\u00e9 multit\u00e2che essentielle | Vie Associative","og_description":"Slide Over est de retour. iPadOS 26 est une affaire \u00e9norme pour tous ceux qui souhaitent qu\u2019Apple fabrique d\u00e9j\u00e0 un MacBook \u00e0 \u00e9cran tactile. La","og_url":"https:\/\/vieassociative.be\/actualites\/la-derniere-mise-a-jour-ipados-dapple-a-ramene-une-fonctionnalite-multitache-essentielle\/","og_site_name":"Vie Associative","article_published_time":"2025-11-08T19:18:14+00:00","og_image":[{"url":"https:\/\/vieassociative.be\/actualites\/wp-content\/uploads\/2025\/09\/1757726237_608_Meta-pourrait-devoiler-une-montre-intelligente-pour-controler-ses-lunettes.jpg","type":"","width":"","height":""}],"author":"Julien","twitter_card":"summary_large_image","twitter_misc":{"\u00c9crit par":"Julien","Dur\u00e9e de lecture est.":"4 minutes"},"schema":{"@context":"https:\/\/schema.org","@graph":[{"@type":"Article","@id":"https:\/\/vieassociative.be\/actualites\/la-derniere-mise-a-jour-ipados-dapple-a-ramene-une-fonctionnalite-multitache-essentielle\/#article","isPartOf":{"@id":"https:\/\/vieassociative.be\/actualites\/la-derniere-mise-a-jour-ipados-dapple-a-ramene-une-fonctionnalite-multitache-essentielle\/"},"author":{"name":"Julien","@id":"https:\/\/vieassociative.be\/actualites\/#\/schema\/person\/b87ac4f82f9d4e7b7cec7395b679edc4"},"headline":"La derni\u00e8re mise \u00e0 jour iPadOS d&rsquo;Apple a ramen\u00e9 une fonctionnalit\u00e9 multit\u00e2che essentielle","datePublished":"2025-11-08T19:18:14+00:00","dateModified":"2025-11-08T19:18:14+00:00","mainEntityOfPage":{"@id":"https:\/\/vieassociative.be\/actualites\/la-derniere-mise-a-jour-ipados-dapple-a-ramene-une-fonctionnalite-multitache-essentielle\/"},"wordCount":829,"publisher":{"@id":"https:\/\/vieassociative.be\/actualites\/#organization"},"image":{"@id":"https:\/\/vieassociative.be\/actualites\/la-derniere-mise-a-jour-ipados-dapple-a-ramene-une-fonctionnalite-multitache-essentielle\/#primaryimage"},"thumbnailUrl":"https:\/\/vieassociative.be\/actualites\/wp-content\/uploads\/2025\/11\/La-derniere-mise-a-jour-iPadOS-dApple-a-ramene-une.jpg","keywords":["dApple","derni\u00e8re","essentielle","fonctionnalit\u00e9","iPadOS","jour","mise","multit\u00e2che","ram\u00e8ne","une"],"articleSection":["Technologie"],"inLanguage":"fr-BE"},{"@type":"WebPage","@id":"https:\/\/vieassociative.be\/actualites\/la-derniere-mise-a-jour-ipados-dapple-a-ramene-une-fonctionnalite-multitache-essentielle\/","url":"https:\/\/vieassociative.be\/actualites\/la-derniere-mise-a-jour-ipados-dapple-a-ramene-une-fonctionnalite-multitache-essentielle\/","name":"La derni\u00e8re mise \u00e0 jour iPadOS d'Apple a ramen\u00e9 une fonctionnalit\u00e9 multit\u00e2che essentielle | Vie Associative","isPartOf":{"@id":"https:\/\/vieassociative.be\/actualites\/#website"},"primaryImageOfPage":{"@id":"https:\/\/vieassociative.be\/actualites\/la-derniere-mise-a-jour-ipados-dapple-a-ramene-une-fonctionnalite-multitache-essentielle\/#primaryimage"},"image":{"@id":"https:\/\/vieassociative.be\/actualites\/la-derniere-mise-a-jour-ipados-dapple-a-ramene-une-fonctionnalite-multitache-essentielle\/#primaryimage"},"thumbnailUrl":"https:\/\/vieassociative.be\/actualites\/wp-content\/uploads\/2025\/11\/La-derniere-mise-a-jour-iPadOS-dApple-a-ramene-une.jpg","datePublished":"2025-11-08T19:18:14+00:00","dateModified":"2025-11-08T19:18:14+00:00","breadcrumb":{"@id":"https:\/\/vieassociative.be\/actualites\/la-derniere-mise-a-jour-ipados-dapple-a-ramene-une-fonctionnalite-multitache-essentielle\/#breadcrumb"},"inLanguage":"fr-BE","potentialAction":[{"@type":"ReadAction","target":["https:\/\/vieassociative.be\/actualites\/la-derniere-mise-a-jour-ipados-dapple-a-ramene-une-fonctionnalite-multitache-essentielle\/"]}]},{"@type":"ImageObject","inLanguage":"fr-BE","@id":"https:\/\/vieassociative.be\/actualites\/la-derniere-mise-a-jour-ipados-dapple-a-ramene-une-fonctionnalite-multitache-essentielle\/#primaryimage","url":"https:\/\/vieassociative.be\/actualites\/wp-content\/uploads\/2025\/11\/La-derniere-mise-a-jour-iPadOS-dApple-a-ramene-une.jpg","contentUrl":"https:\/\/vieassociative.be\/actualites\/wp-content\/uploads\/2025\/11\/La-derniere-mise-a-jour-iPadOS-dApple-a-ramene-une.jpg","width":1200,"height":675,"caption":"La derni\u00e8re mise \u00e0 jour iPadOS d'Apple a ramen\u00e9 une fonctionnalit\u00e9 multit\u00e2che essentielle"},{"@type":"BreadcrumbList","@id":"https:\/\/vieassociative.be\/actualites\/la-derniere-mise-a-jour-ipados-dapple-a-ramene-une-fonctionnalite-multitache-essentielle\/#breadcrumb","itemListElement":[{"@type":"ListItem","position":1,"name":"Accueil","item":"https:\/\/vieassociative.be\/actualites\/"},{"@type":"ListItem","position":2,"name":"La derni\u00e8re mise \u00e0 jour iPadOS d&rsquo;Apple a ramen\u00e9 une fonctionnalit\u00e9 multit\u00e2che essentielle"}]},{"@type":"WebSite","@id":"https:\/\/vieassociative.be\/actualites\/#website","url":"https:\/\/vieassociative.be\/actualites\/","name":"Vie Associative","description":"","publisher":{"@id":"https:\/\/vieassociative.be\/actualites\/#organization"},"potentialAction":[{"@type":"SearchAction","target":{"@type":"EntryPoint","urlTemplate":"https:\/\/vieassociative.be\/actualites\/?s={search_term_string}"},"query-input":{"@type":"PropertyValueSpecification","valueRequired":true,"valueName":"search_term_string"}}],"inLanguage":"fr-BE"},{"@type":"Organization","@id":"https:\/\/vieassociative.be\/actualites\/#organization","name":"Vie Associative","url":"https:\/\/vieassociative.be\/actualites\/","logo":{"@type":"ImageObject","inLanguage":"fr-BE","@id":"https:\/\/vieassociative.be\/actualites\/#\/schema\/logo\/image\/","url":"https:\/\/vieassociative.be\/actualites\/wp-content\/uploads\/2024\/09\/cropped-vieassociative_favicon.ico.png","contentUrl":"https:\/\/vieassociative.be\/actualites\/wp-content\/uploads\/2024\/09\/cropped-vieassociative_favicon.ico.png","width":512,"height":512,"caption":"Vie Associative"},"image":{"@id":"https:\/\/vieassociative.be\/actualites\/#\/schema\/logo\/image\/"}},{"@type":"Person","@id":"https:\/\/vieassociative.be\/actualites\/#\/schema\/person\/b87ac4f82f9d4e7b7cec7395b679edc4","name":"Julien","image":{"@type":"ImageObject","inLanguage":"fr-BE","@id":"https:\/\/vieassociative.be\/actualites\/#\/schema\/person\/image\/","url":"https:\/\/vieassociative.be\/actualites\/wp-content\/uploads\/2024\/09\/vie-associative-1-150x150.jpg","contentUrl":"https:\/\/vieassociative.be\/actualites\/wp-content\/uploads\/2024\/09\/vie-associative-1-150x150.jpg","caption":"Julien"},"description":"Je suis Julien, r\u00e9dacteur pour Vie Associative. Passionn\u00e9 par le monde associatif depuis plus de 10 ans, j'ai \u00e0 c\u0153ur de partager des histoires inspirantes et de mettre en lumi\u00e8re les initiatives locales. Mon objectif est de sensibiliser et d'encourager l'engagement communautaire \u00e0 travers mes articles.","sameAs":["https:\/\/vieassociative.be\/"]}]}},"_links":{"self":[{"href":"https:\/\/vieassociative.be\/actualites\/wp-json\/wp\/v2\/posts\/11193"}],"collection":[{"href":"https:\/\/vieassociative.be\/actualites\/wp-json\/wp\/v2\/posts"}],"about":[{"href":"https:\/\/vieassociative.be\/actualites\/wp-json\/wp\/v2\/types\/post"}],"author":[{"embeddable":true,"href":"https:\/\/vieassociative.be\/actualites\/wp-json\/wp\/v2\/users\/1"}],"replies":[{"embeddable":true,"href":"https:\/\/vieassociative.be\/actualites\/wp-json\/wp\/v2\/comments?post=11193"}],"version-history":[{"count":0,"href":"https:\/\/vieassociative.be\/actualites\/wp-json\/wp\/v2\/posts\/11193\/revisions"}],"wp:featuredmedia":[{"embeddable":true,"href":"https:\/\/vieassociative.be\/actualites\/wp-json\/wp\/v2\/media\/11194"}],"wp:attachment":[{"href":"https:\/\/vieassociative.be\/actualites\/wp-json\/wp\/v2\/media?parent=11193"}],"wp:term":[{"taxonomy":"category","embeddable":true,"href":"https:\/\/vieassociative.be\/actualites\/wp-json\/wp\/v2\/categories?post=11193"},{"taxonomy":"post_tag","embeddable":true,"href":"https:\/\/vieassociative.be\/actualites\/wp-json\/wp\/v2\/tags?post=11193"}],"curies":[{"name":"wp","href":"https:\/\/api.w.org\/{rel}","templated":true}]}}