{"id":11191,"date":"2025-11-08T15:18:37","date_gmt":"2025-11-08T14:18:37","guid":{"rendered":"https:\/\/vieassociative.be\/actualites\/mesures-de-circulation-a-loccasion-de-la-procession-de-la-saint-martin-le-11-novembre-2025-a-eupen\/"},"modified":"2025-11-08T15:18:37","modified_gmt":"2025-11-08T14:18:37","slug":"mesures-de-circulation-a-loccasion-de-la-procession-de-la-saint-martin-le-11-novembre-2025-a-eupen","status":"publish","type":"post","link":"https:\/\/vieassociative.be\/actualites\/mesures-de-circulation-a-loccasion-de-la-procession-de-la-saint-martin-le-11-novembre-2025-a-eupen\/","title":{"rendered":"Mesures de circulation \u00e0 l&rsquo;occasion de la procession de la Saint-Martin le 11 novembre 2025 \u00e0 Eupen"},"content":{"rendered":"<p><strong>Mardi prochain, le 11 novembre 2025, le Comit\u00e9 Saint-Martin d&rsquo;Eupen organise la 62\u00e8me Procession de Saint-Martin, qui se termine par une c\u00e9l\u00e9bration de la Saint-Martin sur la Werthplatz.<\/strong><\/p>\n<p><span id=\"more-429191\"><\/span>Pour des raisons de s\u00e9curit\u00e9, les mesures de circulation suivantes s&rsquo;appliqueront le 11 novembre de 8h jusqu&rsquo;\u00e0 la fin de l&rsquo;\u00e9v\u00e9nement :<\/p>\n<p>\u2013 L&rsquo;arr\u00eat et le stationnement sur toute la Werthplatz (au-dessus et en dessous du monument) sont interdits, \u00e0 l&rsquo;exception des v\u00e9hicules de l&rsquo;organisateur et des v\u00e9hicules des secours.<\/p>\n<p>\u2013 La rue de la Werthplatz, devant l&rsquo;Eupen Plaza, entre les feux \u00e0 l&rsquo;angle de Kaperberg\/Werthplatz et Holftert, est ferm\u00e9e \u00e0 la circulation. La circulation en provenance de Nispert est d\u00e9vi\u00e9e via la rue Holftert.<\/p>\n<p>Le Coll\u00e8ge communautaire remercie tous les citoyens de leur compr\u00e9hension et du respect de la signalisation.<\/p>\n","protected":false},"excerpt":{"rendered":"<p>Mardi prochain, le 11 novembre 2025, le Comit\u00e9 Saint-Martin d&rsquo;Eupen organise la 62\u00e8me Procession de Saint-Martin, qui se termine par une c\u00e9l\u00e9bration de la Saint-Martin<\/p>\n","protected":false},"author":1,"featured_media":11192,"comment_status":"","ping_status":"","sticky":false,"template":"","format":"standard","meta":{"footnotes":""},"categories":[298],"tags":[3479,2329,4914,5331,1894,9185,9186],"class_list":["post-11191","post","type-post","status-publish","format-standard","has-post-thumbnail","hentry","category-belgique","tag-circulation","tag-eupen","tag-loccasion","tag-mesures","tag-novembre","tag-procession","tag-saintmartin","generate-columns","tablet-grid-50","mobile-grid-100","grid-parent","grid-33"],"yoast_head":"<!-- This site is optimized with the Yoast SEO plugin v24.0 - https:\/\/yoast.com\/wordpress\/plugins\/seo\/ -->\n<title>Mesures de circulation \u00e0 l&#039;occasion de la procession de la Saint-Martin le 11 novembre 2025 \u00e0 Eupen | Vie Associative<\/title>\n<meta name=\"robots\" content=\"index, follow, max-snippet:-1, max-image-preview:large, max-video-preview:-1\" \/>\n<link rel=\"canonical\" href=\"https:\/\/vieassociative.be\/actualites\/mesures-de-circulation-a-loccasion-de-la-procession-de-la-saint-martin-le-11-novembre-2025-a-eupen\/\" \/>\n<meta property=\"og:locale\" content=\"fr_FR\" \/>\n<meta property=\"og:type\" content=\"article\" \/>\n<meta property=\"og:title\" content=\"Mesures de circulation \u00e0 l&#039;occasion de la procession de la Saint-Martin le 11 novembre 2025 \u00e0 Eupen | Vie Associative\" \/>\n<meta property=\"og:description\" content=\"Mardi prochain, le 11 novembre 2025, le Comit\u00e9 Saint-Martin d&rsquo;Eupen organise la 62\u00e8me Procession de Saint-Martin, qui se termine par une c\u00e9l\u00e9bration de la Saint-Martin\" \/>\n<meta property=\"og:url\" content=\"https:\/\/vieassociative.be\/actualites\/mesures-de-circulation-a-loccasion-de-la-procession-de-la-saint-martin-le-11-novembre-2025-a-eupen\/\" \/>\n<meta property=\"og:site_name\" content=\"Vie Associative\" \/>\n<meta property=\"article:published_time\" content=\"2025-11-08T14:18:37+00:00\" \/>\n<meta property=\"og:image\" content=\"https:\/\/vieassociative.be\/actualites\/wp-content\/uploads\/2024\/09\/header_backgroundk-01-e1726694325946.png\" \/>\n\t<meta property=\"og:image:width\" content=\"279\" \/>\n\t<meta property=\"og:image:height\" content=\"92\" \/>\n\t<meta property=\"og:image:type\" content=\"image\/png\" \/>\n<meta name=\"author\" content=\"Julien\" \/>\n<meta name=\"twitter:card\" content=\"summary_large_image\" \/>\n<meta name=\"twitter:label1\" content=\"\u00c9crit par\" \/>\n\t<meta name=\"twitter:data1\" content=\"Julien\" \/>\n\t<meta name=\"twitter:label2\" content=\"Dur\u00e9e de lecture est.\" \/>\n\t<meta name=\"twitter:data2\" content=\"1 minute\" \/>\n<script type=\"application\/ld+json\" class=\"yoast-schema-graph\">{\"@context\":\"https:\/\/schema.org\",\"@graph\":[{\"@type\":\"Article\",\"@id\":\"https:\/\/vieassociative.be\/actualites\/mesures-de-circulation-a-loccasion-de-la-procession-de-la-saint-martin-le-11-novembre-2025-a-eupen\/#article\",\"isPartOf\":{\"@id\":\"https:\/\/vieassociative.be\/actualites\/mesures-de-circulation-a-loccasion-de-la-procession-de-la-saint-martin-le-11-novembre-2025-a-eupen\/\"},\"author\":{\"name\":\"Julien\",\"@id\":\"https:\/\/vieassociative.be\/actualites\/#\/schema\/person\/b87ac4f82f9d4e7b7cec7395b679edc4\"},\"headline\":\"Mesures de circulation \u00e0 l&rsquo;occasion de la procession de la Saint-Martin le 11 novembre 2025 \u00e0 Eupen\",\"datePublished\":\"2025-11-08T14:18:37+00:00\",\"dateModified\":\"2025-11-08T14:18:37+00:00\",\"mainEntityOfPage\":{\"@id\":\"https:\/\/vieassociative.be\/actualites\/mesures-de-circulation-a-loccasion-de-la-procession-de-la-saint-martin-le-11-novembre-2025-a-eupen\/\"},\"wordCount\":155,\"publisher\":{\"@id\":\"https:\/\/vieassociative.be\/actualites\/#organization\"},\"image\":{\"@id\":\"https:\/\/vieassociative.be\/actualites\/mesures-de-circulation-a-loccasion-de-la-procession-de-la-saint-martin-le-11-novembre-2025-a-eupen\/#primaryimage\"},\"thumbnailUrl\":\"https:\/\/vieassociative.be\/actualites\/wp-content\/uploads\/2025\/11\/Mesures-de-circulation-a-loccasion-de-la-procession-de-la.jpeg\",\"keywords\":[\"circulation\",\"Eupen\",\"loccasion\",\"mesures\",\"novembre\",\"procession\",\"SaintMartin\"],\"articleSection\":[\"Belgique\"],\"inLanguage\":\"fr-BE\"},{\"@type\":\"WebPage\",\"@id\":\"https:\/\/vieassociative.be\/actualites\/mesures-de-circulation-a-loccasion-de-la-procession-de-la-saint-martin-le-11-novembre-2025-a-eupen\/\",\"url\":\"https:\/\/vieassociative.be\/actualites\/mesures-de-circulation-a-loccasion-de-la-procession-de-la-saint-martin-le-11-novembre-2025-a-eupen\/\",\"name\":\"Mesures de circulation \u00e0 l'occasion de la procession de la Saint-Martin le 11 novembre 2025 \u00e0 Eupen | Vie Associative\",\"isPartOf\":{\"@id\":\"https:\/\/vieassociative.be\/actualites\/#website\"},\"primaryImageOfPage\":{\"@id\":\"https:\/\/vieassociative.be\/actualites\/mesures-de-circulation-a-loccasion-de-la-procession-de-la-saint-martin-le-11-novembre-2025-a-eupen\/#primaryimage\"},\"image\":{\"@id\":\"https:\/\/vieassociative.be\/actualites\/mesures-de-circulation-a-loccasion-de-la-procession-de-la-saint-martin-le-11-novembre-2025-a-eupen\/#primaryimage\"},\"thumbnailUrl\":\"https:\/\/vieassociative.be\/actualites\/wp-content\/uploads\/2025\/11\/Mesures-de-circulation-a-loccasion-de-la-procession-de-la.jpeg\",\"datePublished\":\"2025-11-08T14:18:37+00:00\",\"dateModified\":\"2025-11-08T14:18:37+00:00\",\"breadcrumb\":{\"@id\":\"https:\/\/vieassociative.be\/actualites\/mesures-de-circulation-a-loccasion-de-la-procession-de-la-saint-martin-le-11-novembre-2025-a-eupen\/#breadcrumb\"},\"inLanguage\":\"fr-BE\",\"potentialAction\":[{\"@type\":\"ReadAction\",\"target\":[\"https:\/\/vieassociative.be\/actualites\/mesures-de-circulation-a-loccasion-de-la-procession-de-la-saint-martin-le-11-novembre-2025-a-eupen\/\"]}]},{\"@type\":\"ImageObject\",\"inLanguage\":\"fr-BE\",\"@id\":\"https:\/\/vieassociative.be\/actualites\/mesures-de-circulation-a-loccasion-de-la-procession-de-la-saint-martin-le-11-novembre-2025-a-eupen\/#primaryimage\",\"url\":\"https:\/\/vieassociative.be\/actualites\/wp-content\/uploads\/2025\/11\/Mesures-de-circulation-a-loccasion-de-la-procession-de-la.jpeg\",\"contentUrl\":\"https:\/\/vieassociative.be\/actualites\/wp-content\/uploads\/2025\/11\/Mesures-de-circulation-a-loccasion-de-la-procession-de-la.jpeg\",\"width\":1798,\"height\":1200,\"caption\":\"Mesures de circulation \u00e0 l'occasion de la procession de la Saint-Martin le 11 novembre 2025 \u00e0 Eupen\"},{\"@type\":\"BreadcrumbList\",\"@id\":\"https:\/\/vieassociative.be\/actualites\/mesures-de-circulation-a-loccasion-de-la-procession-de-la-saint-martin-le-11-novembre-2025-a-eupen\/#breadcrumb\",\"itemListElement\":[{\"@type\":\"ListItem\",\"position\":1,\"name\":\"Accueil\",\"item\":\"https:\/\/vieassociative.be\/actualites\/\"},{\"@type\":\"ListItem\",\"position\":2,\"name\":\"Mesures de circulation \u00e0 l&rsquo;occasion de la procession de la Saint-Martin le 11 novembre 2025 \u00e0 Eupen\"}]},{\"@type\":\"WebSite\",\"@id\":\"https:\/\/vieassociative.be\/actualites\/#website\",\"url\":\"https:\/\/vieassociative.be\/actualites\/\",\"name\":\"Vie Associative\",\"description\":\"\",\"publisher\":{\"@id\":\"https:\/\/vieassociative.be\/actualites\/#organization\"},\"potentialAction\":[{\"@type\":\"SearchAction\",\"target\":{\"@type\":\"EntryPoint\",\"urlTemplate\":\"https:\/\/vieassociative.be\/actualites\/?s={search_term_string}\"},\"query-input\":{\"@type\":\"PropertyValueSpecification\",\"valueRequired\":true,\"valueName\":\"search_term_string\"}}],\"inLanguage\":\"fr-BE\"},{\"@type\":\"Organization\",\"@id\":\"https:\/\/vieassociative.be\/actualites\/#organization\",\"name\":\"Vie Associative\",\"url\":\"https:\/\/vieassociative.be\/actualites\/\",\"logo\":{\"@type\":\"ImageObject\",\"inLanguage\":\"fr-BE\",\"@id\":\"https:\/\/vieassociative.be\/actualites\/#\/schema\/logo\/image\/\",\"url\":\"https:\/\/vieassociative.be\/actualites\/wp-content\/uploads\/2024\/09\/cropped-vieassociative_favicon.ico.png\",\"contentUrl\":\"https:\/\/vieassociative.be\/actualites\/wp-content\/uploads\/2024\/09\/cropped-vieassociative_favicon.ico.png\",\"width\":512,\"height\":512,\"caption\":\"Vie Associative\"},\"image\":{\"@id\":\"https:\/\/vieassociative.be\/actualites\/#\/schema\/logo\/image\/\"}},{\"@type\":\"Person\",\"@id\":\"https:\/\/vieassociative.be\/actualites\/#\/schema\/person\/b87ac4f82f9d4e7b7cec7395b679edc4\",\"name\":\"Julien\",\"image\":{\"@type\":\"ImageObject\",\"inLanguage\":\"fr-BE\",\"@id\":\"https:\/\/vieassociative.be\/actualites\/#\/schema\/person\/image\/\",\"url\":\"https:\/\/vieassociative.be\/actualites\/wp-content\/uploads\/2024\/09\/vie-associative-1-150x150.jpg\",\"contentUrl\":\"https:\/\/vieassociative.be\/actualites\/wp-content\/uploads\/2024\/09\/vie-associative-1-150x150.jpg\",\"caption\":\"Julien\"},\"description\":\"Je suis Julien, r\u00e9dacteur pour Vie Associative. Passionn\u00e9 par le monde associatif depuis plus de 10 ans, j'ai \u00e0 c\u0153ur de partager des histoires inspirantes et de mettre en lumi\u00e8re les initiatives locales. Mon objectif est de sensibiliser et d'encourager l'engagement communautaire \u00e0 travers mes articles.\",\"sameAs\":[\"https:\/\/vieassociative.be\/\"]}]}<\/script>\n<!-- \/ Yoast SEO plugin. -->","yoast_head_json":{"title":"Mesures de circulation \u00e0 l'occasion de la procession de la Saint-Martin le 11 novembre 2025 \u00e0 Eupen | Vie Associative","robots":{"index":"index","follow":"follow","max-snippet":"max-snippet:-1","max-image-preview":"max-image-preview:large","max-video-preview":"max-video-preview:-1"},"canonical":"https:\/\/vieassociative.be\/actualites\/mesures-de-circulation-a-loccasion-de-la-procession-de-la-saint-martin-le-11-novembre-2025-a-eupen\/","og_locale":"fr_FR","og_type":"article","og_title":"Mesures de circulation \u00e0 l'occasion de la procession de la Saint-Martin le 11 novembre 2025 \u00e0 Eupen | Vie Associative","og_description":"Mardi prochain, le 11 novembre 2025, le Comit\u00e9 Saint-Martin d&rsquo;Eupen organise la 62\u00e8me Procession de Saint-Martin, qui se termine par une c\u00e9l\u00e9bration de la Saint-Martin","og_url":"https:\/\/vieassociative.be\/actualites\/mesures-de-circulation-a-loccasion-de-la-procession-de-la-saint-martin-le-11-novembre-2025-a-eupen\/","og_site_name":"Vie Associative","article_published_time":"2025-11-08T14:18:37+00:00","og_image":[{"width":279,"height":92,"url":"https:\/\/vieassociative.be\/actualites\/wp-content\/uploads\/2024\/09\/header_backgroundk-01-e1726694325946.png","type":"image\/png"}],"author":"Julien","twitter_card":"summary_large_image","twitter_misc":{"\u00c9crit par":"Julien","Dur\u00e9e de lecture est.":"1 minute"},"schema":{"@context":"https:\/\/schema.org","@graph":[{"@type":"Article","@id":"https:\/\/vieassociative.be\/actualites\/mesures-de-circulation-a-loccasion-de-la-procession-de-la-saint-martin-le-11-novembre-2025-a-eupen\/#article","isPartOf":{"@id":"https:\/\/vieassociative.be\/actualites\/mesures-de-circulation-a-loccasion-de-la-procession-de-la-saint-martin-le-11-novembre-2025-a-eupen\/"},"author":{"name":"Julien","@id":"https:\/\/vieassociative.be\/actualites\/#\/schema\/person\/b87ac4f82f9d4e7b7cec7395b679edc4"},"headline":"Mesures de circulation \u00e0 l&rsquo;occasion de la procession de la Saint-Martin le 11 novembre 2025 \u00e0 Eupen","datePublished":"2025-11-08T14:18:37+00:00","dateModified":"2025-11-08T14:18:37+00:00","mainEntityOfPage":{"@id":"https:\/\/vieassociative.be\/actualites\/mesures-de-circulation-a-loccasion-de-la-procession-de-la-saint-martin-le-11-novembre-2025-a-eupen\/"},"wordCount":155,"publisher":{"@id":"https:\/\/vieassociative.be\/actualites\/#organization"},"image":{"@id":"https:\/\/vieassociative.be\/actualites\/mesures-de-circulation-a-loccasion-de-la-procession-de-la-saint-martin-le-11-novembre-2025-a-eupen\/#primaryimage"},"thumbnailUrl":"https:\/\/vieassociative.be\/actualites\/wp-content\/uploads\/2025\/11\/Mesures-de-circulation-a-loccasion-de-la-procession-de-la.jpeg","keywords":["circulation","Eupen","loccasion","mesures","novembre","procession","SaintMartin"],"articleSection":["Belgique"],"inLanguage":"fr-BE"},{"@type":"WebPage","@id":"https:\/\/vieassociative.be\/actualites\/mesures-de-circulation-a-loccasion-de-la-procession-de-la-saint-martin-le-11-novembre-2025-a-eupen\/","url":"https:\/\/vieassociative.be\/actualites\/mesures-de-circulation-a-loccasion-de-la-procession-de-la-saint-martin-le-11-novembre-2025-a-eupen\/","name":"Mesures de circulation \u00e0 l'occasion de la procession de la Saint-Martin le 11 novembre 2025 \u00e0 Eupen | Vie Associative","isPartOf":{"@id":"https:\/\/vieassociative.be\/actualites\/#website"},"primaryImageOfPage":{"@id":"https:\/\/vieassociative.be\/actualites\/mesures-de-circulation-a-loccasion-de-la-procession-de-la-saint-martin-le-11-novembre-2025-a-eupen\/#primaryimage"},"image":{"@id":"https:\/\/vieassociative.be\/actualites\/mesures-de-circulation-a-loccasion-de-la-procession-de-la-saint-martin-le-11-novembre-2025-a-eupen\/#primaryimage"},"thumbnailUrl":"https:\/\/vieassociative.be\/actualites\/wp-content\/uploads\/2025\/11\/Mesures-de-circulation-a-loccasion-de-la-procession-de-la.jpeg","datePublished":"2025-11-08T14:18:37+00:00","dateModified":"2025-11-08T14:18:37+00:00","breadcrumb":{"@id":"https:\/\/vieassociative.be\/actualites\/mesures-de-circulation-a-loccasion-de-la-procession-de-la-saint-martin-le-11-novembre-2025-a-eupen\/#breadcrumb"},"inLanguage":"fr-BE","potentialAction":[{"@type":"ReadAction","target":["https:\/\/vieassociative.be\/actualites\/mesures-de-circulation-a-loccasion-de-la-procession-de-la-saint-martin-le-11-novembre-2025-a-eupen\/"]}]},{"@type":"ImageObject","inLanguage":"fr-BE","@id":"https:\/\/vieassociative.be\/actualites\/mesures-de-circulation-a-loccasion-de-la-procession-de-la-saint-martin-le-11-novembre-2025-a-eupen\/#primaryimage","url":"https:\/\/vieassociative.be\/actualites\/wp-content\/uploads\/2025\/11\/Mesures-de-circulation-a-loccasion-de-la-procession-de-la.jpeg","contentUrl":"https:\/\/vieassociative.be\/actualites\/wp-content\/uploads\/2025\/11\/Mesures-de-circulation-a-loccasion-de-la-procession-de-la.jpeg","width":1798,"height":1200,"caption":"Mesures de circulation \u00e0 l'occasion de la procession de la Saint-Martin le 11 novembre 2025 \u00e0 Eupen"},{"@type":"BreadcrumbList","@id":"https:\/\/vieassociative.be\/actualites\/mesures-de-circulation-a-loccasion-de-la-procession-de-la-saint-martin-le-11-novembre-2025-a-eupen\/#breadcrumb","itemListElement":[{"@type":"ListItem","position":1,"name":"Accueil","item":"https:\/\/vieassociative.be\/actualites\/"},{"@type":"ListItem","position":2,"name":"Mesures de circulation \u00e0 l&rsquo;occasion de la procession de la Saint-Martin le 11 novembre 2025 \u00e0 Eupen"}]},{"@type":"WebSite","@id":"https:\/\/vieassociative.be\/actualites\/#website","url":"https:\/\/vieassociative.be\/actualites\/","name":"Vie Associative","description":"","publisher":{"@id":"https:\/\/vieassociative.be\/actualites\/#organization"},"potentialAction":[{"@type":"SearchAction","target":{"@type":"EntryPoint","urlTemplate":"https:\/\/vieassociative.be\/actualites\/?s={search_term_string}"},"query-input":{"@type":"PropertyValueSpecification","valueRequired":true,"valueName":"search_term_string"}}],"inLanguage":"fr-BE"},{"@type":"Organization","@id":"https:\/\/vieassociative.be\/actualites\/#organization","name":"Vie Associative","url":"https:\/\/vieassociative.be\/actualites\/","logo":{"@type":"ImageObject","inLanguage":"fr-BE","@id":"https:\/\/vieassociative.be\/actualites\/#\/schema\/logo\/image\/","url":"https:\/\/vieassociative.be\/actualites\/wp-content\/uploads\/2024\/09\/cropped-vieassociative_favicon.ico.png","contentUrl":"https:\/\/vieassociative.be\/actualites\/wp-content\/uploads\/2024\/09\/cropped-vieassociative_favicon.ico.png","width":512,"height":512,"caption":"Vie Associative"},"image":{"@id":"https:\/\/vieassociative.be\/actualites\/#\/schema\/logo\/image\/"}},{"@type":"Person","@id":"https:\/\/vieassociative.be\/actualites\/#\/schema\/person\/b87ac4f82f9d4e7b7cec7395b679edc4","name":"Julien","image":{"@type":"ImageObject","inLanguage":"fr-BE","@id":"https:\/\/vieassociative.be\/actualites\/#\/schema\/person\/image\/","url":"https:\/\/vieassociative.be\/actualites\/wp-content\/uploads\/2024\/09\/vie-associative-1-150x150.jpg","contentUrl":"https:\/\/vieassociative.be\/actualites\/wp-content\/uploads\/2024\/09\/vie-associative-1-150x150.jpg","caption":"Julien"},"description":"Je suis Julien, r\u00e9dacteur pour Vie Associative. Passionn\u00e9 par le monde associatif depuis plus de 10 ans, j'ai \u00e0 c\u0153ur de partager des histoires inspirantes et de mettre en lumi\u00e8re les initiatives locales. Mon objectif est de sensibiliser et d'encourager l'engagement communautaire \u00e0 travers mes articles.","sameAs":["https:\/\/vieassociative.be\/"]}]}},"_links":{"self":[{"href":"https:\/\/vieassociative.be\/actualites\/wp-json\/wp\/v2\/posts\/11191"}],"collection":[{"href":"https:\/\/vieassociative.be\/actualites\/wp-json\/wp\/v2\/posts"}],"about":[{"href":"https:\/\/vieassociative.be\/actualites\/wp-json\/wp\/v2\/types\/post"}],"author":[{"embeddable":true,"href":"https:\/\/vieassociative.be\/actualites\/wp-json\/wp\/v2\/users\/1"}],"replies":[{"embeddable":true,"href":"https:\/\/vieassociative.be\/actualites\/wp-json\/wp\/v2\/comments?post=11191"}],"version-history":[{"count":0,"href":"https:\/\/vieassociative.be\/actualites\/wp-json\/wp\/v2\/posts\/11191\/revisions"}],"wp:featuredmedia":[{"embeddable":true,"href":"https:\/\/vieassociative.be\/actualites\/wp-json\/wp\/v2\/media\/11192"}],"wp:attachment":[{"href":"https:\/\/vieassociative.be\/actualites\/wp-json\/wp\/v2\/media?parent=11191"}],"wp:term":[{"taxonomy":"category","embeddable":true,"href":"https:\/\/vieassociative.be\/actualites\/wp-json\/wp\/v2\/categories?post=11191"},{"taxonomy":"post_tag","embeddable":true,"href":"https:\/\/vieassociative.be\/actualites\/wp-json\/wp\/v2\/tags?post=11191"}],"curies":[{"name":"wp","href":"https:\/\/api.w.org\/{rel}","templated":true}]}}