{"id":11189,"date":"2025-11-08T14:21:56","date_gmt":"2025-11-08T13:21:56","guid":{"rendered":"https:\/\/vieassociative.be\/actualites\/votre-ancien-siege-peloton-bike-a-ete-rappele\/"},"modified":"2025-11-08T14:21:56","modified_gmt":"2025-11-08T13:21:56","slug":"votre-ancien-siege-peloton-bike-a-ete-rappele","status":"publish","type":"post","link":"https:\/\/vieassociative.be\/actualites\/votre-ancien-siege-peloton-bike-a-ete-rappele\/","title":{"rendered":"Votre ancien si\u00e8ge Peloton Bike+ a \u00e9t\u00e9 rappel\u00e9"},"content":{"rendered":"<div class=\"mt-4 leading-6 md:mb-8\">La marque le remplacera gratuitement.<\/div>\n<p><\/p>\n<p>Il y a deux ans, Peloton a rappel\u00e9 les tiges de selle de ses mod\u00e8les de v\u00e9los classiques. D\u00e9sormais, la marque fait de m\u00eame pour les si\u00e8ges de ses anciens mod\u00e8les Bike+ (mais pas le nouveau Cross Training Bike+ sorti il \u200b\u200by a quelques semaines). <\/p>\n<p>Si vous poss\u00e9dez l&rsquo;ancien mod\u00e8le de Bike+, vous devrez contacter Peloton pour organiser un remplacement. <\/p>\n<h2 id=\"which-peloton-models-are-affected-by-the-recall\">Quels mod\u00e8les Peloton sont concern\u00e9s par le rappel ?<\/h2>\n<p>Selon Peloton, il s&rsquo;agit d&rsquo;un rappel volontaire de tiges de selle pour les mod\u00e8les Bike+ fabriqu\u00e9s entre d\u00e9cembre 2019 et juillet 2022 et vendus aux \u00c9tats-Unis et au Canada. Si votre Bike+ porte un num\u00e9ro de mod\u00e8le PL02 sur l&rsquo;\u00e9tiquette \u00e0 l&rsquo;int\u00e9rieur ou derri\u00e8re la fourche avant ou derri\u00e8re le volant moteur, il est concern\u00e9 par le rappel. Si vous avez v\u00e9rifi\u00e9 et que vous n&rsquo;\u00eates toujours pas s\u00fbr, rendez-vous sur ce lien pour plus d&rsquo;informations.<\/p>\n<div class=\"mx-auto mb-12 mt-5 w-full max-w-3xl rounded-md border-2 border-gray-100 p-3 shadow-md md:px-7 md:pb-7 md:pt-5\" id=\"related-video\">\n<div class=\"mb-3 flex items-center md:mb-5\">\n        <img decoding=\"async\" class=\"mr-4 mt-0 h-10 w-10 md:mr-5 md:h-12 md:w-12\" src=\"https:\/\/vieassociative.be\/actualites\/wp-content\/uploads\/2025\/09\/1757726237_608_Meta-pourrait-devoiler-une-montre-intelligente-pour-controler-ses-lunettes.jpg\" alt=\"Logo du pirate de la vie\"><\/p><\/div>\n<div class=\"aspect-video w-full overflow-hidden rounded-md\">\n<div id=\"video-container-01K9HSHQX8V3X74DRH7QSK20DR\"><\/div>\n<\/p><\/div>\n<\/div>\n<h2 id=\"why-the-recall-is-happening\">Pourquoi le rappel a lieu<\/h2>\n<p>Comme le pr\u00e9c\u00e9dent rappel de si\u00e8ges Bike classiques, ce probl\u00e8me concerne la tige de selle du Bike+, qui \u00ab peut se briser pendant l&rsquo;utilisation, pr\u00e9sentant un risque potentiel de chute et de blessure pour les consommateurs \u00bb, selon Peloton.<\/p>\n<p>La situation semble moins grave que lors du pr\u00e9c\u00e9dent rappel, o\u00f9 au moins 11 personnes avaient \u00e9t\u00e9 bless\u00e9es \u00e0 cause de poteaux d\u00e9fectueux. Peloton affirme avoir re\u00e7u trois rapports faisant \u00e9tat de si\u00e8ges bris\u00e9s sur environ 833 000 unit\u00e9s aux \u00c9tats-Unis, mais aucun rapport de si\u00e8ges bris\u00e9s parmi les pr\u00e8s de 45 000 unit\u00e9s au Canada.<\/p>\n<h2 id=\"how-to-get-a-replacement-bike-seat\">Comment obtenir un si\u00e8ge Bike+ de remplacement<\/h2>\n<p>Les remplacements sont gratuits, donc si vous \u00eates admissible, obtenez-en un imm\u00e9diatement. Pour obtenir le v\u00f4tre, visitez ce lien ou appelez le service client de Peloton au (833) 821-0099. <\/p>\n","protected":false},"excerpt":{"rendered":"<p>La marque le remplacera gratuitement. Il y a deux ans, Peloton a rappel\u00e9 les tiges de selle de ses mod\u00e8les de v\u00e9los classiques. D\u00e9sormais, la<\/p>\n","protected":false},"author":1,"featured_media":11190,"comment_status":"","ping_status":"","sticky":false,"template":"","format":"standard","meta":{"footnotes":""},"categories":[38],"tags":[2252,6911,217,336,59,4518,8],"class_list":["post-11189","post","type-post","status-publish","format-standard","has-post-thumbnail","hentry","category-sante","tag-ancien","tag-bike","tag-ete","tag-peloton","tag-rappele","tag-siege","tag-votre","generate-columns","tablet-grid-50","mobile-grid-100","grid-parent","grid-33"],"yoast_head":"<!-- This site is optimized with the Yoast SEO plugin v24.0 - https:\/\/yoast.com\/wordpress\/plugins\/seo\/ -->\n<title>Votre ancien si\u00e8ge Peloton Bike+ a \u00e9t\u00e9 rappel\u00e9 | Vie Associative<\/title>\n<meta name=\"robots\" content=\"index, follow, max-snippet:-1, max-image-preview:large, max-video-preview:-1\" \/>\n<link rel=\"canonical\" href=\"https:\/\/vieassociative.be\/actualites\/votre-ancien-siege-peloton-bike-a-ete-rappele\/\" \/>\n<meta property=\"og:locale\" content=\"fr_FR\" \/>\n<meta property=\"og:type\" content=\"article\" \/>\n<meta property=\"og:title\" content=\"Votre ancien si\u00e8ge Peloton Bike+ a \u00e9t\u00e9 rappel\u00e9 | Vie Associative\" \/>\n<meta property=\"og:description\" content=\"La marque le remplacera gratuitement. Il y a deux ans, Peloton a rappel\u00e9 les tiges de selle de ses mod\u00e8les de v\u00e9los classiques. D\u00e9sormais, la\" \/>\n<meta property=\"og:url\" content=\"https:\/\/vieassociative.be\/actualites\/votre-ancien-siege-peloton-bike-a-ete-rappele\/\" \/>\n<meta property=\"og:site_name\" content=\"Vie Associative\" \/>\n<meta property=\"article:published_time\" content=\"2025-11-08T13:21:56+00:00\" \/>\n<meta property=\"og:image\" content=\"https:\/\/vieassociative.be\/actualites\/wp-content\/uploads\/2025\/09\/1757726237_608_Meta-pourrait-devoiler-une-montre-intelligente-pour-controler-ses-lunettes.jpg\" \/>\n<meta name=\"author\" content=\"Julien\" \/>\n<meta name=\"twitter:card\" content=\"summary_large_image\" \/>\n<meta name=\"twitter:label1\" content=\"\u00c9crit par\" \/>\n\t<meta name=\"twitter:data1\" content=\"Julien\" \/>\n\t<meta name=\"twitter:label2\" content=\"Dur\u00e9e de lecture est.\" \/>\n\t<meta name=\"twitter:data2\" content=\"2 minutes\" \/>\n<script type=\"application\/ld+json\" class=\"yoast-schema-graph\">{\"@context\":\"https:\/\/schema.org\",\"@graph\":[{\"@type\":\"Article\",\"@id\":\"https:\/\/vieassociative.be\/actualites\/votre-ancien-siege-peloton-bike-a-ete-rappele\/#article\",\"isPartOf\":{\"@id\":\"https:\/\/vieassociative.be\/actualites\/votre-ancien-siege-peloton-bike-a-ete-rappele\/\"},\"author\":{\"name\":\"Julien\",\"@id\":\"https:\/\/vieassociative.be\/actualites\/#\/schema\/person\/b87ac4f82f9d4e7b7cec7395b679edc4\"},\"headline\":\"Votre ancien si\u00e8ge Peloton Bike+ a \u00e9t\u00e9 rappel\u00e9\",\"datePublished\":\"2025-11-08T13:21:56+00:00\",\"dateModified\":\"2025-11-08T13:21:56+00:00\",\"mainEntityOfPage\":{\"@id\":\"https:\/\/vieassociative.be\/actualites\/votre-ancien-siege-peloton-bike-a-ete-rappele\/\"},\"wordCount\":330,\"publisher\":{\"@id\":\"https:\/\/vieassociative.be\/actualites\/#organization\"},\"image\":{\"@id\":\"https:\/\/vieassociative.be\/actualites\/votre-ancien-siege-peloton-bike-a-ete-rappele\/#primaryimage\"},\"thumbnailUrl\":\"https:\/\/vieassociative.be\/actualites\/wp-content\/uploads\/2025\/11\/Votre-ancien-siege-Peloton-Bike-a-ete-rappele.png\",\"keywords\":[\"ancien\",\"Bike\",\"\u00e9t\u00e9\",\"Peloton\",\"rappel\u00e9\",\"si\u00e8ge\",\"votre\"],\"articleSection\":[\"Sant\u00e9\"],\"inLanguage\":\"fr-BE\"},{\"@type\":\"WebPage\",\"@id\":\"https:\/\/vieassociative.be\/actualites\/votre-ancien-siege-peloton-bike-a-ete-rappele\/\",\"url\":\"https:\/\/vieassociative.be\/actualites\/votre-ancien-siege-peloton-bike-a-ete-rappele\/\",\"name\":\"Votre ancien si\u00e8ge Peloton Bike+ a \u00e9t\u00e9 rappel\u00e9 | Vie Associative\",\"isPartOf\":{\"@id\":\"https:\/\/vieassociative.be\/actualites\/#website\"},\"primaryImageOfPage\":{\"@id\":\"https:\/\/vieassociative.be\/actualites\/votre-ancien-siege-peloton-bike-a-ete-rappele\/#primaryimage\"},\"image\":{\"@id\":\"https:\/\/vieassociative.be\/actualites\/votre-ancien-siege-peloton-bike-a-ete-rappele\/#primaryimage\"},\"thumbnailUrl\":\"https:\/\/vieassociative.be\/actualites\/wp-content\/uploads\/2025\/11\/Votre-ancien-siege-Peloton-Bike-a-ete-rappele.png\",\"datePublished\":\"2025-11-08T13:21:56+00:00\",\"dateModified\":\"2025-11-08T13:21:56+00:00\",\"breadcrumb\":{\"@id\":\"https:\/\/vieassociative.be\/actualites\/votre-ancien-siege-peloton-bike-a-ete-rappele\/#breadcrumb\"},\"inLanguage\":\"fr-BE\",\"potentialAction\":[{\"@type\":\"ReadAction\",\"target\":[\"https:\/\/vieassociative.be\/actualites\/votre-ancien-siege-peloton-bike-a-ete-rappele\/\"]}]},{\"@type\":\"ImageObject\",\"inLanguage\":\"fr-BE\",\"@id\":\"https:\/\/vieassociative.be\/actualites\/votre-ancien-siege-peloton-bike-a-ete-rappele\/#primaryimage\",\"url\":\"https:\/\/vieassociative.be\/actualites\/wp-content\/uploads\/2025\/11\/Votre-ancien-siege-Peloton-Bike-a-ete-rappele.png\",\"contentUrl\":\"https:\/\/vieassociative.be\/actualites\/wp-content\/uploads\/2025\/11\/Votre-ancien-siege-Peloton-Bike-a-ete-rappele.png\",\"width\":1200,\"height\":675,\"caption\":\"Votre ancien si\u00e8ge Peloton Bike+ a \u00e9t\u00e9 rappel\u00e9\"},{\"@type\":\"BreadcrumbList\",\"@id\":\"https:\/\/vieassociative.be\/actualites\/votre-ancien-siege-peloton-bike-a-ete-rappele\/#breadcrumb\",\"itemListElement\":[{\"@type\":\"ListItem\",\"position\":1,\"name\":\"Accueil\",\"item\":\"https:\/\/vieassociative.be\/actualites\/\"},{\"@type\":\"ListItem\",\"position\":2,\"name\":\"Votre ancien si\u00e8ge Peloton Bike+ a \u00e9t\u00e9 rappel\u00e9\"}]},{\"@type\":\"WebSite\",\"@id\":\"https:\/\/vieassociative.be\/actualites\/#website\",\"url\":\"https:\/\/vieassociative.be\/actualites\/\",\"name\":\"Vie Associative\",\"description\":\"\",\"publisher\":{\"@id\":\"https:\/\/vieassociative.be\/actualites\/#organization\"},\"potentialAction\":[{\"@type\":\"SearchAction\",\"target\":{\"@type\":\"EntryPoint\",\"urlTemplate\":\"https:\/\/vieassociative.be\/actualites\/?s={search_term_string}\"},\"query-input\":{\"@type\":\"PropertyValueSpecification\",\"valueRequired\":true,\"valueName\":\"search_term_string\"}}],\"inLanguage\":\"fr-BE\"},{\"@type\":\"Organization\",\"@id\":\"https:\/\/vieassociative.be\/actualites\/#organization\",\"name\":\"Vie Associative\",\"url\":\"https:\/\/vieassociative.be\/actualites\/\",\"logo\":{\"@type\":\"ImageObject\",\"inLanguage\":\"fr-BE\",\"@id\":\"https:\/\/vieassociative.be\/actualites\/#\/schema\/logo\/image\/\",\"url\":\"https:\/\/vieassociative.be\/actualites\/wp-content\/uploads\/2024\/09\/cropped-vieassociative_favicon.ico.png\",\"contentUrl\":\"https:\/\/vieassociative.be\/actualites\/wp-content\/uploads\/2024\/09\/cropped-vieassociative_favicon.ico.png\",\"width\":512,\"height\":512,\"caption\":\"Vie Associative\"},\"image\":{\"@id\":\"https:\/\/vieassociative.be\/actualites\/#\/schema\/logo\/image\/\"}},{\"@type\":\"Person\",\"@id\":\"https:\/\/vieassociative.be\/actualites\/#\/schema\/person\/b87ac4f82f9d4e7b7cec7395b679edc4\",\"name\":\"Julien\",\"image\":{\"@type\":\"ImageObject\",\"inLanguage\":\"fr-BE\",\"@id\":\"https:\/\/vieassociative.be\/actualites\/#\/schema\/person\/image\/\",\"url\":\"https:\/\/vieassociative.be\/actualites\/wp-content\/uploads\/2024\/09\/vie-associative-1-150x150.jpg\",\"contentUrl\":\"https:\/\/vieassociative.be\/actualites\/wp-content\/uploads\/2024\/09\/vie-associative-1-150x150.jpg\",\"caption\":\"Julien\"},\"description\":\"Je suis Julien, r\u00e9dacteur pour Vie Associative. Passionn\u00e9 par le monde associatif depuis plus de 10 ans, j'ai \u00e0 c\u0153ur de partager des histoires inspirantes et de mettre en lumi\u00e8re les initiatives locales. Mon objectif est de sensibiliser et d'encourager l'engagement communautaire \u00e0 travers mes articles.\",\"sameAs\":[\"https:\/\/vieassociative.be\/\"]}]}<\/script>\n<!-- \/ Yoast SEO plugin. -->","yoast_head_json":{"title":"Votre ancien si\u00e8ge Peloton Bike+ a \u00e9t\u00e9 rappel\u00e9 | Vie Associative","robots":{"index":"index","follow":"follow","max-snippet":"max-snippet:-1","max-image-preview":"max-image-preview:large","max-video-preview":"max-video-preview:-1"},"canonical":"https:\/\/vieassociative.be\/actualites\/votre-ancien-siege-peloton-bike-a-ete-rappele\/","og_locale":"fr_FR","og_type":"article","og_title":"Votre ancien si\u00e8ge Peloton Bike+ a \u00e9t\u00e9 rappel\u00e9 | Vie Associative","og_description":"La marque le remplacera gratuitement. Il y a deux ans, Peloton a rappel\u00e9 les tiges de selle de ses mod\u00e8les de v\u00e9los classiques. D\u00e9sormais, la","og_url":"https:\/\/vieassociative.be\/actualites\/votre-ancien-siege-peloton-bike-a-ete-rappele\/","og_site_name":"Vie Associative","article_published_time":"2025-11-08T13:21:56+00:00","og_image":[{"url":"https:\/\/vieassociative.be\/actualites\/wp-content\/uploads\/2025\/09\/1757726237_608_Meta-pourrait-devoiler-une-montre-intelligente-pour-controler-ses-lunettes.jpg","type":"","width":"","height":""}],"author":"Julien","twitter_card":"summary_large_image","twitter_misc":{"\u00c9crit par":"Julien","Dur\u00e9e de lecture est.":"2 minutes"},"schema":{"@context":"https:\/\/schema.org","@graph":[{"@type":"Article","@id":"https:\/\/vieassociative.be\/actualites\/votre-ancien-siege-peloton-bike-a-ete-rappele\/#article","isPartOf":{"@id":"https:\/\/vieassociative.be\/actualites\/votre-ancien-siege-peloton-bike-a-ete-rappele\/"},"author":{"name":"Julien","@id":"https:\/\/vieassociative.be\/actualites\/#\/schema\/person\/b87ac4f82f9d4e7b7cec7395b679edc4"},"headline":"Votre ancien si\u00e8ge Peloton Bike+ a \u00e9t\u00e9 rappel\u00e9","datePublished":"2025-11-08T13:21:56+00:00","dateModified":"2025-11-08T13:21:56+00:00","mainEntityOfPage":{"@id":"https:\/\/vieassociative.be\/actualites\/votre-ancien-siege-peloton-bike-a-ete-rappele\/"},"wordCount":330,"publisher":{"@id":"https:\/\/vieassociative.be\/actualites\/#organization"},"image":{"@id":"https:\/\/vieassociative.be\/actualites\/votre-ancien-siege-peloton-bike-a-ete-rappele\/#primaryimage"},"thumbnailUrl":"https:\/\/vieassociative.be\/actualites\/wp-content\/uploads\/2025\/11\/Votre-ancien-siege-Peloton-Bike-a-ete-rappele.png","keywords":["ancien","Bike","\u00e9t\u00e9","Peloton","rappel\u00e9","si\u00e8ge","votre"],"articleSection":["Sant\u00e9"],"inLanguage":"fr-BE"},{"@type":"WebPage","@id":"https:\/\/vieassociative.be\/actualites\/votre-ancien-siege-peloton-bike-a-ete-rappele\/","url":"https:\/\/vieassociative.be\/actualites\/votre-ancien-siege-peloton-bike-a-ete-rappele\/","name":"Votre ancien si\u00e8ge Peloton Bike+ a \u00e9t\u00e9 rappel\u00e9 | Vie Associative","isPartOf":{"@id":"https:\/\/vieassociative.be\/actualites\/#website"},"primaryImageOfPage":{"@id":"https:\/\/vieassociative.be\/actualites\/votre-ancien-siege-peloton-bike-a-ete-rappele\/#primaryimage"},"image":{"@id":"https:\/\/vieassociative.be\/actualites\/votre-ancien-siege-peloton-bike-a-ete-rappele\/#primaryimage"},"thumbnailUrl":"https:\/\/vieassociative.be\/actualites\/wp-content\/uploads\/2025\/11\/Votre-ancien-siege-Peloton-Bike-a-ete-rappele.png","datePublished":"2025-11-08T13:21:56+00:00","dateModified":"2025-11-08T13:21:56+00:00","breadcrumb":{"@id":"https:\/\/vieassociative.be\/actualites\/votre-ancien-siege-peloton-bike-a-ete-rappele\/#breadcrumb"},"inLanguage":"fr-BE","potentialAction":[{"@type":"ReadAction","target":["https:\/\/vieassociative.be\/actualites\/votre-ancien-siege-peloton-bike-a-ete-rappele\/"]}]},{"@type":"ImageObject","inLanguage":"fr-BE","@id":"https:\/\/vieassociative.be\/actualites\/votre-ancien-siege-peloton-bike-a-ete-rappele\/#primaryimage","url":"https:\/\/vieassociative.be\/actualites\/wp-content\/uploads\/2025\/11\/Votre-ancien-siege-Peloton-Bike-a-ete-rappele.png","contentUrl":"https:\/\/vieassociative.be\/actualites\/wp-content\/uploads\/2025\/11\/Votre-ancien-siege-Peloton-Bike-a-ete-rappele.png","width":1200,"height":675,"caption":"Votre ancien si\u00e8ge Peloton Bike+ a \u00e9t\u00e9 rappel\u00e9"},{"@type":"BreadcrumbList","@id":"https:\/\/vieassociative.be\/actualites\/votre-ancien-siege-peloton-bike-a-ete-rappele\/#breadcrumb","itemListElement":[{"@type":"ListItem","position":1,"name":"Accueil","item":"https:\/\/vieassociative.be\/actualites\/"},{"@type":"ListItem","position":2,"name":"Votre ancien si\u00e8ge Peloton Bike+ a \u00e9t\u00e9 rappel\u00e9"}]},{"@type":"WebSite","@id":"https:\/\/vieassociative.be\/actualites\/#website","url":"https:\/\/vieassociative.be\/actualites\/","name":"Vie Associative","description":"","publisher":{"@id":"https:\/\/vieassociative.be\/actualites\/#organization"},"potentialAction":[{"@type":"SearchAction","target":{"@type":"EntryPoint","urlTemplate":"https:\/\/vieassociative.be\/actualites\/?s={search_term_string}"},"query-input":{"@type":"PropertyValueSpecification","valueRequired":true,"valueName":"search_term_string"}}],"inLanguage":"fr-BE"},{"@type":"Organization","@id":"https:\/\/vieassociative.be\/actualites\/#organization","name":"Vie Associative","url":"https:\/\/vieassociative.be\/actualites\/","logo":{"@type":"ImageObject","inLanguage":"fr-BE","@id":"https:\/\/vieassociative.be\/actualites\/#\/schema\/logo\/image\/","url":"https:\/\/vieassociative.be\/actualites\/wp-content\/uploads\/2024\/09\/cropped-vieassociative_favicon.ico.png","contentUrl":"https:\/\/vieassociative.be\/actualites\/wp-content\/uploads\/2024\/09\/cropped-vieassociative_favicon.ico.png","width":512,"height":512,"caption":"Vie Associative"},"image":{"@id":"https:\/\/vieassociative.be\/actualites\/#\/schema\/logo\/image\/"}},{"@type":"Person","@id":"https:\/\/vieassociative.be\/actualites\/#\/schema\/person\/b87ac4f82f9d4e7b7cec7395b679edc4","name":"Julien","image":{"@type":"ImageObject","inLanguage":"fr-BE","@id":"https:\/\/vieassociative.be\/actualites\/#\/schema\/person\/image\/","url":"https:\/\/vieassociative.be\/actualites\/wp-content\/uploads\/2024\/09\/vie-associative-1-150x150.jpg","contentUrl":"https:\/\/vieassociative.be\/actualites\/wp-content\/uploads\/2024\/09\/vie-associative-1-150x150.jpg","caption":"Julien"},"description":"Je suis Julien, r\u00e9dacteur pour Vie Associative. Passionn\u00e9 par le monde associatif depuis plus de 10 ans, j'ai \u00e0 c\u0153ur de partager des histoires inspirantes et de mettre en lumi\u00e8re les initiatives locales. Mon objectif est de sensibiliser et d'encourager l'engagement communautaire \u00e0 travers mes articles.","sameAs":["https:\/\/vieassociative.be\/"]}]}},"_links":{"self":[{"href":"https:\/\/vieassociative.be\/actualites\/wp-json\/wp\/v2\/posts\/11189"}],"collection":[{"href":"https:\/\/vieassociative.be\/actualites\/wp-json\/wp\/v2\/posts"}],"about":[{"href":"https:\/\/vieassociative.be\/actualites\/wp-json\/wp\/v2\/types\/post"}],"author":[{"embeddable":true,"href":"https:\/\/vieassociative.be\/actualites\/wp-json\/wp\/v2\/users\/1"}],"replies":[{"embeddable":true,"href":"https:\/\/vieassociative.be\/actualites\/wp-json\/wp\/v2\/comments?post=11189"}],"version-history":[{"count":0,"href":"https:\/\/vieassociative.be\/actualites\/wp-json\/wp\/v2\/posts\/11189\/revisions"}],"wp:featuredmedia":[{"embeddable":true,"href":"https:\/\/vieassociative.be\/actualites\/wp-json\/wp\/v2\/media\/11190"}],"wp:attachment":[{"href":"https:\/\/vieassociative.be\/actualites\/wp-json\/wp\/v2\/media?parent=11189"}],"wp:term":[{"taxonomy":"category","embeddable":true,"href":"https:\/\/vieassociative.be\/actualites\/wp-json\/wp\/v2\/categories?post=11189"},{"taxonomy":"post_tag","embeddable":true,"href":"https:\/\/vieassociative.be\/actualites\/wp-json\/wp\/v2\/tags?post=11189"}],"curies":[{"name":"wp","href":"https:\/\/api.w.org\/{rel}","templated":true}]}}