{"id":11185,"date":"2025-11-08T08:18:08","date_gmt":"2025-11-08T07:18:08","guid":{"rendered":"https:\/\/vieassociative.be\/actualites\/la-deuxieme-serie-doffres-du-black-friday-de-best-buy-est-en-ligne-et-elles-sont-bonnes\/"},"modified":"2025-11-08T08:18:08","modified_gmt":"2025-11-08T07:18:08","slug":"la-deuxieme-serie-doffres-du-black-friday-de-best-buy-est-en-ligne-et-elles-sont-bonnes","status":"publish","type":"post","link":"https:\/\/vieassociative.be\/actualites\/la-deuxieme-serie-doffres-du-black-friday-de-best-buy-est-en-ligne-et-elles-sont-bonnes\/","title":{"rendered":"La deuxi\u00e8me s\u00e9rie d&rsquo;offres du Black Friday de Best Buy est en ligne et elles sont bonnes"},"content":{"rendered":"<div class=\"mt-4 leading-6 md:mb-8\">Un t\u00e9l\u00e9viseur OLED dans la fourchette de 500 $ ? Du jamais vu.<\/div>\n<p><\/p>\n<p>Les soldes des f\u00eates de fin d\u2019ann\u00e9e ont officiellement commenc\u00e9. Cette ann\u00e9e, Best Buy organise six soldes de No\u00ebl qui ont commenc\u00e9 \u00e0 Halloween et se poursuivront jusqu&rsquo;\u00e0 No\u00ebl. Les premi\u00e8res (OK, tr\u00e8s t\u00f4t) offres du Black Friday sont d\u00e9j\u00e0 en ligne, et chaque vendredi, Best Buy publie de nouvelles offres Doorbuster \u2013 et elles sont bonnes. Voici les meilleurs que j&rsquo;ai trouv\u00e9s jusqu&rsquo;\u00e0 pr\u00e9sent.<\/p>\n<div class=\"shadow-b-2 mb-12 mt-10 rounded-md border-2 border-(#F0F0F0) px-6 py-2 shadow-lg md:px-12\" role=\"region\" aria-label=\"Products List\" x-data=\"{ showMore: false }\">\n<div class=\"flex w-full gap-x-5\">\n<div class=\"flex w-full flex-col flex-nowrap justify-center gap-2 text-black no-underline md:order-2 md:gap-y-6\">\n<div class=\"flex flex-col justify-between gap-y-2 md:w-full md:gap-y-1\">\n<div class=\"block w-fit cursor-pointer font-akshar text-lg font-medium leading-5 text-brand-green duration-200 ease-in-out hover:text-brand-green-700 md:text-xl md:leading-6\">\n<p>                            Samsung &#8211; Galaxy S25 Ultra 256 Go (d\u00e9bloqu\u00e9) &#8211; Noir titane\n                        <\/p><\/div>\n<\/p><\/div>\n<div class=\"hidden md:flex md:justify-between md:gap-x-4\">\n<div class=\"w-full mb-0 md:flex md:flex-col md:justify-center font-sans leading-4 text-black\">\n<div class=\"flex flex-wrap items-center justify-center gap-1 md:justify-start\">\n        <span class=\"font-bold\"><\/p>\n<p>            899,99\u00a0$<br \/>\n                            <span class=\"font-medium\">chez Best Buy<\/span><br \/>\n                    <\/span>\n            <\/div>\n<div class=\"flex items-center justify-center gap-x-1 font-bold md:justify-start\">\n            <span class=\"text-sm line-through\">1\u00a0299,99\u00a0$<\/span><br \/>\n            <span class=\"text-sm text-brand-green\">\u00c9conomisez 400,00\u00a0$<\/span>\n        <\/div>\n<\/p><\/div>\n<p>                            <button class=\"flex justify-center items-center w-full bg-brand-green text-white text-base font-sans font-medium rounded-md hover:bg-brand-green-700 hover:cursor-pointer md:text-sm hidden self-end h-12 max-w-(10rem) duration-200 ease-in-out hover:bg-brand-green-700 md:flex md:h-10\"><\/p>\n<p>    Obtenez une offre<br \/>\n<\/button>\n                        <\/div>\n<\/p><\/div>\n<div class=\"flex aspect-video h-(90px) shrink-0 items-center justify-center self-center md:order-1\">\n                        <img decoding=\"async\" class=\"m-0 max-h-full max-w-full rounded-md\" src=\"https:\/\/vieassociative.be\/actualites\/wp-content\/uploads\/2025\/11\/La-deuxieme-serie-doffres-du-Black-Friday-de-Best-Buy.png\" alt=\"Galaxy S25 Ultra 256 Go (d\u00e9bloqu\u00e9)\" width=\"auto\" height=\"auto\" loading=\"lazy\">\n                    <\/div>\n<\/p><\/div>\n<p>                            <button class=\"flex justify-center items-center w-full bg-brand-green text-white text-base font-sans font-medium rounded-md hover:bg-brand-green-700 hover:cursor-pointer md:text-sm w-full h-12 duration-200 ease-in-out hover:bg-brand-green-700 md:hidden md:h-10\"><\/p>\n<p>    Obtenez une offre<br \/>\n<\/button><\/p>\n<div class=\"flex flex-col items-center w-full md:hidden font-sans leading-4 text-black\">\n<div class=\"flex flex-wrap items-center justify-center gap-1 md:justify-start\">\n        <span class=\"font-bold\"><\/p>\n<p>            899,99\u00a0$<br \/>\n                            <span class=\"font-medium\">chez Best Buy<\/span><br \/>\n                    <\/span>\n            <\/div>\n<div class=\"flex items-center justify-center gap-x-1 font-bold md:justify-start\">\n            <span class=\"text-sm line-through\">1\u00a0299,99\u00a0$<\/span><br \/>\n            <span class=\"text-sm text-brand-green\">\u00c9conomisez 400,00\u00a0$<\/span>\n        <\/div>\n<\/p><\/div>\n<div class=\"flex w-full gap-x-5\">\n<div class=\"flex w-full flex-col flex-nowrap justify-center gap-2 text-black no-underline md:order-2 md:gap-y-6\">\n<div class=\"flex flex-col justify-between gap-y-2 md:w-full md:gap-y-1\">\n<div class=\"block w-fit cursor-pointer font-akshar text-lg font-medium leading-5 text-brand-green duration-200 ease-in-out hover:text-brand-green-700 md:text-xl md:leading-6\">\n<p>                            TCL &#8211; T\u00e9l\u00e9viseur intelligent LED QM5K QD-Mini de 75 pouces\n                        <\/p><\/div>\n<\/p><\/div>\n<div class=\"hidden md:flex md:justify-between md:gap-x-4\">\n<div class=\"w-full mb-0 md:flex md:flex-col md:justify-center font-sans leading-4 text-black\">\n<div class=\"flex flex-wrap items-center justify-center gap-1 md:justify-start\">\n        <span class=\"font-bold\"><\/p>\n<p>            599,99\u00a0$<br \/>\n                            <span class=\"font-medium\">chez Best Buy<\/span><br \/>\n                    <\/span>\n            <\/div>\n<div class=\"flex items-center justify-center gap-x-1 font-bold md:justify-start\">\n            <span class=\"text-sm line-through\">1\u00a0199,99\u00a0$<\/span><br \/>\n            <span class=\"text-sm text-brand-green\">\u00c9conomisez 600,00\u00a0$<\/span>\n        <\/div>\n<\/p><\/div>\n<p>                            <button class=\"flex justify-center items-center w-full bg-brand-green text-white text-base font-sans font-medium rounded-md hover:bg-brand-green-700 hover:cursor-pointer md:text-sm hidden self-end h-12 max-w-(10rem) duration-200 ease-in-out hover:bg-brand-green-700 md:flex md:h-10\"><\/p>\n<p>    Obtenez une offre<br \/>\n<\/button>\n                        <\/div>\n<\/p><\/div>\n<div class=\"flex aspect-video h-(90px) shrink-0 items-center justify-center self-center md:order-1\">\n                        <img decoding=\"async\" class=\"m-0 max-h-full max-w-full rounded-md\" src=\"https:\/\/vieassociative.be\/actualites\/wp-content\/uploads\/2025\/11\/1762586285_686_La-deuxieme-serie-doffres-du-Black-Friday-de-Best-Buy.png\" alt=\"TCL-75\" qm5k width=\"auto\" height=\"auto\" loading=\"lazy\">\n                    <\/div>\n<\/p><\/div>\n<p>                            <button class=\"flex justify-center items-center w-full bg-brand-green text-white text-base font-sans font-medium rounded-md hover:bg-brand-green-700 hover:cursor-pointer md:text-sm w-full h-12 duration-200 ease-in-out hover:bg-brand-green-700 md:hidden md:h-10\"><\/p>\n<p>    Obtenez une offre<br \/>\n<\/button><\/p>\n<div class=\"flex flex-col items-center w-full md:hidden font-sans leading-4 text-black\">\n<div class=\"flex flex-wrap items-center justify-center gap-1 md:justify-start\">\n        <span class=\"font-bold\"><\/p>\n<p>            599,99\u00a0$<br \/>\n                            <span class=\"font-medium\">chez Best Buy<\/span><br \/>\n                    <\/span>\n            <\/div>\n<div class=\"flex items-center justify-center gap-x-1 font-bold md:justify-start\">\n            <span class=\"text-sm line-through\">1\u00a0199,99\u00a0$<\/span><br \/>\n            <span class=\"text-sm text-brand-green\">\u00c9conomisez 600,00\u00a0$<\/span>\n        <\/div>\n<\/p><\/div>\n<div class=\"flex w-full gap-x-5\">\n<div class=\"flex w-full flex-col flex-nowrap justify-center gap-2 text-black no-underline md:order-2 md:gap-y-6\">\n<div class=\"flex flex-col justify-between gap-y-2 md:w-full md:gap-y-1\">\n<div class=\"block w-fit cursor-pointer font-akshar text-lg font-medium leading-5 text-brand-green duration-200 ease-in-out hover:text-brand-green-700 md:text-xl md:leading-6\">\n<p>                            T\u00e9l\u00e9viseur OLED LG 65&Prime; classe G5 s\u00e9rie\n                        <\/p><\/div>\n<\/p><\/div>\n<div class=\"hidden md:flex md:justify-between md:gap-x-4\">\n<div class=\"w-full mb-0 md:flex md:flex-col md:justify-center font-sans leading-4 text-black\">\n<div class=\"flex flex-wrap items-center justify-center gap-1 md:justify-start\">\n        <span class=\"font-bold\"><\/p>\n<p>            1\u00a0999,99\u00a0$<br \/>\n                            <span class=\"font-medium\">chez Best Buy<\/span><br \/>\n                    <\/span>\n            <\/div>\n<div class=\"flex items-center justify-center gap-x-1 font-bold md:justify-start\">\n            <span class=\"text-sm line-through\">3\u00a0399,99\u00a0$<\/span><br \/>\n            <span class=\"text-sm text-brand-green\">\u00c9conomisez 1\u00a0400,00\u00a0$<\/span>\n        <\/div>\n<\/p><\/div>\n<p>                            <button class=\"flex justify-center items-center w-full bg-brand-green text-white text-base font-sans font-medium rounded-md hover:bg-brand-green-700 hover:cursor-pointer md:text-sm hidden self-end h-12 max-w-(10rem) duration-200 ease-in-out hover:bg-brand-green-700 md:flex md:h-10\"><\/p>\n<p>    Obtenez une offre<br \/>\n<\/button>\n                        <\/div>\n<\/p><\/div>\n<div class=\"flex aspect-video h-(90px) shrink-0 items-center justify-center self-center md:order-1\">\n                        <img decoding=\"async\" class=\"m-0 max-h-full max-w-full rounded-md\" src=\"https:\/\/vieassociative.be\/actualites\/wp-content\/uploads\/2025\/11\/1762586285_312_La-deuxieme-serie-doffres-du-Black-Friday-de-Best-Buy.png\" alt=\"LG-65\" g5 series oled width=\"auto\" height=\"auto\" loading=\"lazy\">\n                    <\/div>\n<\/p><\/div>\n<p>                            <button class=\"flex justify-center items-center w-full bg-brand-green text-white text-base font-sans font-medium rounded-md hover:bg-brand-green-700 hover:cursor-pointer md:text-sm w-full h-12 duration-200 ease-in-out hover:bg-brand-green-700 md:hidden md:h-10\"><\/p>\n<p>    Obtenez une offre<br \/>\n<\/button><\/p>\n<div class=\"flex flex-col items-center w-full md:hidden font-sans leading-4 text-black\">\n<div class=\"flex flex-wrap items-center justify-center gap-1 md:justify-start\">\n        <span class=\"font-bold\"><\/p>\n<p>            1\u00a0999,99\u00a0$<br \/>\n                            <span class=\"font-medium\">chez Best Buy<\/span><br \/>\n                    <\/span>\n            <\/div>\n<div class=\"flex items-center justify-center gap-x-1 font-bold md:justify-start\">\n            <span class=\"text-sm line-through\">3\u00a0399,99\u00a0$<\/span><br \/>\n            <span class=\"text-sm text-brand-green\">\u00c9conomisez 1\u00a0400,00\u00a0$<\/span>\n        <\/div>\n<\/p><\/div>\n<div class=\"flex w-full gap-x-5\">\n<div class=\"flex w-full flex-col flex-nowrap justify-center gap-2 text-black no-underline md:order-2 md:gap-y-6\">\n<div class=\"flex flex-col justify-between gap-y-2 md:w-full md:gap-y-1\">\n<div class=\"block w-fit cursor-pointer font-akshar text-lg font-medium leading-5 text-brand-green duration-200 ease-in-out hover:text-brand-green-700 md:text-xl md:leading-6\">\n<p>                            Samsung &#8211; T\u00e9l\u00e9viseur intelligent Tizen OLED 4K UHD Vision AI Classe S84F de 65 pouces (2025)\n                        <\/p><\/div>\n<\/p><\/div>\n<div class=\"hidden md:flex md:justify-between md:gap-x-4\">\n<div class=\"w-full mb-0 md:flex md:flex-col md:justify-center font-sans leading-4 text-black\">\n<div class=\"flex flex-wrap items-center justify-center gap-1 md:justify-start\">\n        <span class=\"font-bold\"><\/p>\n<p>            949,99\u00a0$<br \/>\n                    <\/span>\n            <\/div>\n<div class=\"flex items-center justify-center gap-x-1 font-bold md:justify-start\">\n            <span class=\"text-sm line-through\">1\u00a0999,99\u00a0$<\/span><br \/>\n            <span class=\"text-sm text-brand-green\">\u00c9conomisez 1\u00a0050,00\u00a0$<\/span>\n        <\/div>\n<\/p><\/div>\n<p>                            <button class=\"flex justify-center items-center w-full bg-brand-green text-white text-base font-sans font-medium rounded-md hover:bg-brand-green-700 hover:cursor-pointer md:text-sm hidden self-end h-12 max-w-(10rem) duration-200 ease-in-out hover:bg-brand-green-700 md:flex md:h-10\"><\/p>\n<p>    Obtenez une offre<br \/>\n<\/button>\n                        <\/div>\n<\/p><\/div>\n<div class=\"flex aspect-video h-(90px) shrink-0 items-center justify-center self-center md:order-1\">\n                        <img decoding=\"async\" class=\"m-0 max-h-full max-w-full rounded-md\" src=\"https:\/\/vieassociative.be\/actualites\/wp-content\/uploads\/2025\/11\/1761981449_523_Les-premieres-offres-du-Black-Friday-de-Best-Buy-sont.png\" alt=\"Samsung-65\" s84f oled uhd vision ai smart tizen tv width=\"auto\" height=\"auto\" loading=\"lazy\">\n                    <\/div>\n<\/p><\/div>\n<p>                            <button class=\"flex justify-center items-center w-full bg-brand-green text-white text-base font-sans font-medium rounded-md hover:bg-brand-green-700 hover:cursor-pointer md:text-sm w-full h-12 duration-200 ease-in-out hover:bg-brand-green-700 md:hidden md:h-10\"><\/p>\n<p>    Obtenez une offre<br \/>\n<\/button><\/p>\n<div class=\"flex flex-col items-center w-full md:hidden font-sans leading-4 text-black\">\n<div class=\"flex flex-wrap items-center justify-center gap-1 md:justify-start\">\n        <span class=\"font-bold\"><\/p>\n<p>            949,99\u00a0$<br \/>\n                    <\/span>\n            <\/div>\n<div class=\"flex items-center justify-center gap-x-1 font-bold md:justify-start\">\n            <span class=\"text-sm line-through\">1\u00a0999,99\u00a0$<\/span><br \/>\n            <span class=\"text-sm text-brand-green\">\u00c9conomisez 1\u00a0050,00\u00a0$<\/span>\n        <\/div>\n<\/p><\/div>\n<div class=\"flex w-full gap-x-5\">\n<div class=\"flex w-full flex-col flex-nowrap justify-center gap-2 text-black no-underline md:order-2 md:gap-y-6\">\n<div class=\"flex flex-col justify-between gap-y-2 md:w-full md:gap-y-1\">\n<div class=\"block w-fit cursor-pointer font-akshar text-lg font-medium leading-5 text-brand-green duration-200 ease-in-out hover:text-brand-green-700 md:text-xl md:leading-6\">\n<p>                            \u00c9couteurs ouverts sans fil Bose Ultra Open-Ear True\n                        <\/p><\/div>\n<\/p><\/div>\n<div class=\"hidden md:flex md:justify-between md:gap-x-4\">\n<div class=\"w-full mb-0 md:flex md:flex-col md:justify-center font-sans leading-4 text-black\">\n<div class=\"flex flex-wrap items-center justify-center gap-1 md:justify-start\">\n        <span class=\"font-bold\"><\/p>\n<p>            199,00\u00a0$<br \/>\n                            <span class=\"font-medium\">chez Best Buy<\/span><br \/>\n                    <\/span>\n            <\/div>\n<div class=\"flex items-center justify-center gap-x-1 font-bold md:justify-start\">\n            <span class=\"text-sm line-through\">299,00\u00a0$<\/span><br \/>\n            <span class=\"text-sm text-brand-green\">\u00c9conomisez 100,00\u00a0$<\/span>\n        <\/div>\n<\/p><\/div>\n<p>                            <button class=\"flex justify-center items-center w-full bg-brand-green text-white text-base font-sans font-medium rounded-md hover:bg-brand-green-700 hover:cursor-pointer md:text-sm hidden self-end h-12 max-w-(10rem) duration-200 ease-in-out hover:bg-brand-green-700 md:flex md:h-10\"><\/p>\n<p>    Obtenez une offre<br \/>\n<\/button>\n                        <\/div>\n<\/p><\/div>\n<div class=\"flex aspect-video h-(90px) shrink-0 items-center justify-center self-center md:order-1\">\n                        <img decoding=\"async\" class=\"m-0 max-h-full max-w-full rounded-md\" src=\"https:\/\/vieassociative.be\/actualites\/wp-content\/uploads\/2025\/11\/1762586287_176_La-deuxieme-serie-doffres-du-Black-Friday-de-Best-Buy.png\" alt=\"Bose - \u00c9couteurs ouverts sans fil ultra ouverts\" width=\"auto\" height=\"auto\" loading=\"lazy\">\n                    <\/div>\n<\/p><\/div>\n<p>                            <button class=\"flex justify-center items-center w-full bg-brand-green text-white text-base font-sans font-medium rounded-md hover:bg-brand-green-700 hover:cursor-pointer md:text-sm w-full h-12 duration-200 ease-in-out hover:bg-brand-green-700 md:hidden md:h-10\"><\/p>\n<p>    Obtenez une offre<br \/>\n<\/button><\/p>\n<div class=\"flex flex-col items-center w-full md:hidden font-sans leading-4 text-black\">\n<div class=\"flex flex-wrap items-center justify-center gap-1 md:justify-start\">\n        <span class=\"font-bold\"><\/p>\n<p>            199,00\u00a0$<br \/>\n                            <span class=\"font-medium\">chez Best Buy<\/span><br \/>\n                    <\/span>\n            <\/div>\n<div class=\"flex items-center justify-center gap-x-1 font-bold md:justify-start\">\n            <span class=\"text-sm line-through\">299,00\u00a0$<\/span><br \/>\n            <span class=\"text-sm text-brand-green\">\u00c9conomisez 100,00\u00a0$<\/span>\n        <\/div>\n<\/p><\/div>\n<div class=\"flex w-full gap-x-5\">\n<div class=\"flex w-full flex-col flex-nowrap justify-center gap-2 text-black no-underline md:order-2 md:gap-y-6\">\n<div class=\"flex flex-col justify-between gap-y-2 md:w-full md:gap-y-1\">\n<div class=\"block w-fit cursor-pointer font-akshar text-lg font-medium leading-5 text-brand-green duration-200 ease-in-out hover:text-brand-green-700 md:text-xl md:leading-6\">\n<p>                            Bose-QuietComfort Ultra\n                        <\/p><\/div>\n<\/p><\/div>\n<div class=\"hidden md:flex md:justify-between md:gap-x-4\">\n<div class=\"w-full mb-0 md:flex md:flex-col md:justify-center font-sans leading-4 text-black\">\n<div class=\"flex flex-wrap items-center justify-center gap-1 md:justify-start\">\n        <span class=\"font-bold\"><\/p>\n<p>            329,00\u00a0$<br \/>\n                            <span class=\"font-medium\">chez Best Buy<\/span><br \/>\n                    <\/span>\n            <\/div>\n<div class=\"flex items-center justify-center gap-x-1 font-bold md:justify-start\">\n            <span class=\"text-sm line-through\">429,00\u00a0$<\/span><br \/>\n            <span class=\"text-sm text-brand-green\">\u00c9conomisez 100,00\u00a0$<\/span>\n        <\/div>\n<\/p><\/div>\n<p>                            <button class=\"flex justify-center items-center w-full bg-brand-green text-white text-base font-sans font-medium rounded-md hover:bg-brand-green-700 hover:cursor-pointer md:text-sm hidden self-end h-12 max-w-(10rem) duration-200 ease-in-out hover:bg-brand-green-700 md:flex md:h-10\"><\/p>\n<p>    Obtenez une offre<br \/>\n<\/button>\n                        <\/div>\n<\/p><\/div>\n<div class=\"flex aspect-video h-(90px) shrink-0 items-center justify-center self-center md:order-1\">\n                        <img decoding=\"async\" class=\"m-0 max-h-full max-w-full rounded-md\" src=\"https:\/\/vieassociative.be\/actualites\/wp-content\/uploads\/2025\/11\/1761981451_512_Les-premieres-offres-du-Black-Friday-de-Best-Buy-sont.png\" alt=\"Bose-QuietComfort Ultra\" width=\"auto\" height=\"auto\" loading=\"lazy\">\n                    <\/div>\n<\/p><\/div>\n<p>                            <button class=\"flex justify-center items-center w-full bg-brand-green text-white text-base font-sans font-medium rounded-md hover:bg-brand-green-700 hover:cursor-pointer md:text-sm w-full h-12 duration-200 ease-in-out hover:bg-brand-green-700 md:hidden md:h-10\"><\/p>\n<p>    Obtenez une offre<br \/>\n<\/button><\/p>\n<div class=\"flex flex-col items-center w-full md:hidden font-sans leading-4 text-black\">\n<div class=\"flex flex-wrap items-center justify-center gap-1 md:justify-start\">\n        <span class=\"font-bold\"><\/p>\n<p>            329,00\u00a0$<br \/>\n                            <span class=\"font-medium\">chez Best Buy<\/span><br \/>\n                    <\/span>\n            <\/div>\n<div class=\"flex items-center justify-center gap-x-1 font-bold md:justify-start\">\n            <span class=\"text-sm line-through\">429,00\u00a0$<\/span><br \/>\n            <span class=\"text-sm text-brand-green\">\u00c9conomisez 100,00\u00a0$<\/span>\n        <\/div>\n<\/p><\/div>\n<div class=\"flex w-full gap-x-5\">\n<div class=\"flex w-full flex-col flex-nowrap justify-center gap-2 text-black no-underline md:order-2 md:gap-y-6\">\n<div class=\"flex flex-col justify-between gap-y-2 md:w-full md:gap-y-1\">\n<div class=\"block w-fit cursor-pointer font-akshar text-lg font-medium leading-5 text-brand-green duration-200 ease-in-out hover:text-brand-green-700 md:text-xl md:leading-6\">\n<p>                            Lenovo &#8211; Ordinateur portable Ideapad 1i 15,6&Prime; \u00e0 \u00e9cran tactile Full HD\n                        <\/p><\/div>\n<\/p><\/div>\n<div class=\"hidden md:flex md:justify-between md:gap-x-4\">\n<div class=\"w-full mb-0 md:flex md:flex-col md:justify-center font-sans leading-4 text-black\">\n<div class=\"flex flex-wrap items-center justify-center gap-1 md:justify-start\">\n        <span class=\"font-bold\"><\/p>\n<p>            399,99\u00a0$<br \/>\n                            <span class=\"font-medium\">chez Best Buy<\/span><br \/>\n                    <\/span>\n            <\/div>\n<div class=\"flex items-center justify-center gap-x-1 font-bold md:justify-start\">\n            <span class=\"text-sm line-through\">699,99\u00a0$<\/span><br \/>\n            <span class=\"text-sm text-brand-green\">\u00c9conomisez 300,00\u00a0$<\/span>\n        <\/div>\n<\/p><\/div>\n<p>                            <button class=\"flex justify-center items-center w-full bg-brand-green text-white text-base font-sans font-medium rounded-md hover:bg-brand-green-700 hover:cursor-pointer md:text-sm hidden self-end h-12 max-w-(10rem) duration-200 ease-in-out hover:bg-brand-green-700 md:flex md:h-10\"><\/p>\n<p>    Obtenez une offre<br \/>\n<\/button>\n                        <\/div>\n<\/p><\/div>\n<div class=\"flex aspect-video h-(90px) shrink-0 items-center justify-center self-center md:order-1\">\n                        <img decoding=\"async\" class=\"m-0 max-h-full max-w-full rounded-md\" src=\"https:\/\/vieassociative.be\/actualites\/wp-content\/uploads\/2025\/11\/1761981451_29_Les-premieres-offres-du-Black-Friday-de-Best-Buy-sont.png\" alt=\"Lenovo-Ideapad 1i 15.6\" full hd touchscreen laptop intel core i5-1334u memory ssd width=\"auto\" height=\"auto\" loading=\"lazy\">\n                    <\/div>\n<\/p><\/div>\n<p>                            <button class=\"flex justify-center items-center w-full bg-brand-green text-white text-base font-sans font-medium rounded-md hover:bg-brand-green-700 hover:cursor-pointer md:text-sm w-full h-12 duration-200 ease-in-out hover:bg-brand-green-700 md:hidden md:h-10\"><\/p>\n<p>    Obtenez une offre<br \/>\n<\/button><\/p>\n<div class=\"flex flex-col items-center w-full md:hidden font-sans leading-4 text-black\">\n<div class=\"flex flex-wrap items-center justify-center gap-1 md:justify-start\">\n        <span class=\"font-bold\"><\/p>\n<p>            399,99\u00a0$<br \/>\n                            <span class=\"font-medium\">chez Best Buy<\/span><br \/>\n                    <\/span>\n            <\/div>\n<div class=\"flex items-center justify-center gap-x-1 font-bold md:justify-start\">\n            <span class=\"text-sm line-through\">699,99\u00a0$<\/span><br \/>\n            <span class=\"text-sm text-brand-green\">\u00c9conomisez 300,00\u00a0$<\/span>\n        <\/div>\n<\/p><\/div>\n<div class=\"flex w-full gap-x-5\">\n<div class=\"flex w-full flex-col flex-nowrap justify-center gap-2 text-black no-underline md:order-2 md:gap-y-6\">\n<div class=\"flex flex-col justify-between gap-y-2 md:w-full md:gap-y-1\">\n<div class=\"block w-fit cursor-pointer font-akshar text-lg font-medium leading-5 text-brand-green duration-200 ease-in-out hover:text-brand-green-700 md:text-xl md:leading-6\">\n<p>                            ASUS &#8211; Ordinateur portable Vivobook 14 14&Prime; FHD &#8211; Intel Core i5 &#8211; M\u00e9moire 12 Go &#8211; SSD 256 Go\n                        <\/p><\/div>\n<\/p><\/div>\n<div class=\"hidden md:flex md:justify-between md:gap-x-4\">\n<div class=\"w-full mb-0 md:flex md:flex-col md:justify-center font-sans leading-4 text-black\">\n<div class=\"flex flex-wrap items-center justify-center gap-1 md:justify-start\">\n        <span class=\"font-bold\"><\/p>\n<p>            299,99\u00a0$<br \/>\n                            <span class=\"font-medium\">chez Best Buy<\/span><br \/>\n                    <\/span>\n            <\/div>\n<div class=\"flex items-center justify-center gap-x-1 font-bold md:justify-start\">\n            <span class=\"text-sm line-through\">599,99\u00a0$<\/span><br \/>\n            <span class=\"text-sm text-brand-green\">\u00c9conomisez 300,00\u00a0$<\/span>\n        <\/div>\n<\/p><\/div>\n<p>                            <button class=\"flex justify-center items-center w-full bg-brand-green text-white text-base font-sans font-medium rounded-md hover:bg-brand-green-700 hover:cursor-pointer md:text-sm hidden self-end h-12 max-w-(10rem) duration-200 ease-in-out hover:bg-brand-green-700 md:flex md:h-10\"><\/p>\n<p>    Obtenez une offre<br \/>\n<\/button>\n                        <\/div>\n<\/p><\/div>\n<div class=\"flex aspect-video h-(90px) shrink-0 items-center justify-center self-center md:order-1\">\n                        <img decoding=\"async\" class=\"m-0 max-h-full max-w-full rounded-md\" src=\"https:\/\/vieassociative.be\/actualites\/wp-content\/uploads\/2025\/11\/1762586288_590_La-deuxieme-serie-doffres-du-Black-Friday-de-Best-Buy.png\" alt=\"ASUS-Vivobook 14 14\" fhd laptop intel core i5 memory ssd width=\"auto\" height=\"auto\" loading=\"lazy\">\n                    <\/div>\n<\/p><\/div>\n<p>                            <button class=\"flex justify-center items-center w-full bg-brand-green text-white text-base font-sans font-medium rounded-md hover:bg-brand-green-700 hover:cursor-pointer md:text-sm w-full h-12 duration-200 ease-in-out hover:bg-brand-green-700 md:hidden md:h-10\"><\/p>\n<p>    Obtenez une offre<br \/>\n<\/button><\/p>\n<div class=\"flex flex-col items-center w-full md:hidden font-sans leading-4 text-black\">\n<div class=\"flex flex-wrap items-center justify-center gap-1 md:justify-start\">\n        <span class=\"font-bold\"><\/p>\n<p>            299,99\u00a0$<br \/>\n                            <span class=\"font-medium\">chez Best Buy<\/span><br \/>\n                    <\/span>\n            <\/div>\n<div class=\"flex items-center justify-center gap-x-1 font-bold md:justify-start\">\n            <span class=\"text-sm line-through\">599,99\u00a0$<\/span><br \/>\n            <span class=\"text-sm text-brand-green\">\u00c9conomisez 300,00\u00a0$<\/span>\n        <\/div>\n<\/p><\/div>\n<\/div>\n<h2 id=\"the-samsung-galaxy-s25-ultra-is-400-off\">Le Samsung Galaxy S25 Ultra est \u00e0 400 $ de r\u00e9duction<\/h2>\n<p>Les utilisateurs d\u2019Android connaissent probablement d\u00e9j\u00e0 le Galaxy S25, sorti cette ann\u00e9e. C\u2019est le meilleur t\u00e9l\u00e9phone qu\u2019Android puisse offrir, mais son prix est \u00e9lev\u00e9. Cependant, vous pouvez l&rsquo;obtenir pour <strong>899,99\u00a0$<\/strong> (\u00e0 l&rsquo;origine 1 299,99 $) apr\u00e8s une r\u00e9duction de 400 $. C&rsquo;est un prix record pour le meilleur Android que votre argent puisse acheter en ce moment.<\/p>\n<h2 id=\"great-prices-on-oled-and-qled-tvs\">Des prix avantageux sur les t\u00e9l\u00e9viseurs OLED et QLED<\/h2>\n<p>TCL m&rsquo;a surpris par sa valeur ces derni\u00e8res ann\u00e9es. Le nouveau QM5K QLED vient de sortir cette ann\u00e9e, et l&rsquo;\u00e9norme 75 pouces est d\u00e9j\u00e0 \u00e0 50\u00a0% de r\u00e9duction, actuellement <strong>599,99\u00a0$<\/strong> (\u00e0 l&rsquo;origine 1 199,99 $) apr\u00e8s une r\u00e9duction de 600 $.<\/p>\n<p>Si vous pr\u00e9f\u00e9rez la qualit\u00e9 \u00e0 la taille du t\u00e9l\u00e9viseur, le LG G5 de 65 pouces conna\u00eet son meilleur prix depuis sa sortie. Vous pouvez l&rsquo;obtenir pour <strong>1\u00a0999,99\u00a0$<\/strong> (\u00e0 l&rsquo;origine 3 399,99 $) apr\u00e8s une remise de 1 400 $. C\u2019est le meilleur t\u00e9l\u00e9viseur OLED de 2025 \u00e0 son meilleur prix.<\/p>\n<p>Pour ceux qui veulent toujours un OLED mais ont un budget plus petit, le Samsung 65&Prime; Classe S84F OLED est<strong> 899,99\u00a0$ <\/strong>(\u00e0 l&rsquo;origine 1999,99 $) \u2013 c&rsquo;est un prix incroyablement bon pour un OLED de 65 pouces. <\/p>\n<h2 id=\"deals-on-bose-headphones\">Offres sur les \u00e9couteurs Bose<\/h2>\n<p>Les \u00e9couteurs Bose Ultra Open Earbuds s\u2019adressent aux personnes qui pr\u00e9f\u00e8rent la conscience \u00e0 l\u2019isolement. Au lieu de vous isoler du monde, ils se placent \u00e0 l\u2019ext\u00e9rieur de vos oreilles, laissant passer le son ambiant tout en offrant un son riche et d\u00e9taill\u00e9. Au prix de <strong>199\u00a0$ <\/strong>(en baisse par rapport \u00e0 ses 299 $ d&rsquo;origine), c&rsquo;est leur prix le plus bas \u00e0 ce jour.<\/p>\n<p>Mais tout le monde n\u2019aime pas le design \u00e0 oreille ouverte. Il existe \u00e9galement leur casque supra-auriculaire phare, le Bose QuietComfort Ultra, qui co\u00fbte actuellement 329 $ (\u00e0 l&rsquo;origine 429 $). <\/p>\n<h2 id=\"laptops-at-great-prices\">Ordinateurs portables \u00e0 des prix avantageux<\/h2>\n<p>Il existe d&rsquo;excellentes options pour les utilisateurs de PC \u00e0 la recherche d&rsquo;ordinateurs portables de milieu de gamme \u00e0 des prix \u00e9conomiques. Le Lenovo Ideapad 15,6 pouces avec un processeur Intel Core i5 et 16 Go de RAM avec 512 Go de stockage SSD est propos\u00e9 <strong>399,99\u00a0$<\/strong> (\u00e0 l\u2019origine 699,99 $), ce qui repr\u00e9sente un excellent prix pour le mat\u00e9riel.<\/p>\n<p>Si vous recherchez une option plus \u00e9conomique sans trop sacrifier les sp\u00e9cifications, je recommande l&rsquo;ASUS Vivobook 14 avec un Intel Core i5 et 12 Go de m\u00e9moire avec 256 Go de stockage SSD pour <strong>299,99\u00a0$<\/strong> (\u00e0 l&rsquo;origine 599,99 $).<\/p>\n<h2 id=\"what-other-sales-is-best-buy-having-this-holiday-season\">Quelles autres ventes Best Buy organise-t-elle cette p\u00e9riode des f\u00eates ?<\/h2>\n<p>Best Buy a annonc\u00e9 les \u00e9v\u00e9nements suivants\u00a0:<\/p>\n<ul>\n<li>\n<p><strong>De nouveaux doorbusters tous les vendredis<\/strong>: Chaque vendredi de la p\u00e9riode des f\u00eates (jusqu&rsquo;au 24 d\u00e9cembre), il y aura de nouvelles offres sur certaines technologies.<\/p>\n<\/li>\n<li>\n<p><strong>Vente anticip\u00e9e du Black Friday<\/strong>: La vente anticip\u00e9e du Black Friday a d\u00e9but\u00e9 le 31 octobre et se poursuivra jusqu&rsquo;au 19 novembre. <\/p>\n<\/li>\n<li>\n<p><strong>Vente du vendredi noir<\/strong>: Best Buy affirme qu&rsquo;il s&rsquo;agira de sa vente principale, qui d\u00e9butera le jeudi 20 novembre et se poursuivra jusqu&rsquo;au 29 novembre avec des offres sur \u00ab\u00a0l&rsquo;informatique, les jeux, le cin\u00e9ma maison, les appareils portables et plus encore\u00a0\u00bb.<\/p>\n<\/li>\n<li>\n<p><strong>Cyber \u200b\u200bdimanche et lundi<\/strong>: Best Buy \u00e9tend le Cyber \u200b\u200b\u200b\u200bMonday \u00e0 deux jours et affirme que vous pouvez trouver des offres allant jusqu&rsquo;\u00e0 50 % de r\u00e9duction sur certaines technologies.<\/p>\n<\/li>\n<li>\n<p><strong>\u00c9conomies de derni\u00e8re minute<\/strong>: La vente de No\u00ebl se d\u00e9roulera du 15 d\u00e9cembre au 24 d\u00e9cembre.<\/p>\n<\/li>\n<\/ul>\n<h2 id=\"what-deals-can-you-expect-during-the-holiday-sale-events\">\u00c0 quelles offres pouvez-vous vous attendre lors des \u00e9v\u00e9nements de soldes de No\u00ebl\u00a0?<\/h2>\n<p>Best Buy annonce qu&rsquo;il proposera des offres et des d\u00e9mos en magasin sur Meta Ray-Ban Display\u00a0; T\u00e9l\u00e9viseurs XXL ; PC Copilot+\u00a0; ventes de petits appareils \u00e9lectrom\u00e9nagers de Shark, Ninja, Dyson et Breville. Best Buy indique qu&rsquo;il b\u00e9n\u00e9ficiera \u00e9galement de sa garantie habituelle d&rsquo;\u00e9galisation des prix, donc si le prix de quelque chose que vous avez achet\u00e9 chez Best Buy descend \u00e0 un prix inf\u00e9rieur pendant la p\u00e9riode des f\u00eates, il l&rsquo;\u00e9galera. Cela prolonge \u00e9galement les heures d&rsquo;ouverture des magasins, qui varient selon l&#8217;emplacement.<\/p>\n<h2 id=\"do-you-need-to-be-a-member-to-shop-best-buys-holiday-sales\">Devez-vous \u00eatre membre pour profiter des soldes des F\u00eates de Best Buy\u00a0?<\/h2>\n<p>Bien que vous n&rsquo;ayez pas besoin d&rsquo;un abonnement Best Buy pour magasiner des offres, les membres peuvent r\u00e9aliser de meilleures \u00e9conomies. Il est gratuit de souscrire \u00e0 un abonnement My Best Buy, qui vous offrira la livraison gratuite, mais si vous adh\u00e9rez \u00e0 l&rsquo;un de ses abonnements payants (My Best Buy Plus pour <strong>49,99\u00a0$<\/strong> par an ou My Best Buy Total pour 179,99 $ par an), vous b\u00e9n\u00e9ficierez d&rsquo;une livraison gratuite plus rapide, de prix et d&rsquo;offres exclusifs, d&rsquo;une fen\u00eatre de retour prolong\u00e9e de 60 jours sur la plupart des produits et d&rsquo;un acc\u00e8s \u00e0 certaines ventes. Les membres payants gagneront \u00e9galement des r\u00e9compenses suppl\u00e9mentaires.<\/p>\n","protected":false},"excerpt":{"rendered":"<p>Un t\u00e9l\u00e9viseur OLED dans la fourchette de 500 $ ? Du jamais vu. Les soldes des f\u00eates de fin d\u2019ann\u00e9e ont officiellement commenc\u00e9. Cette ann\u00e9e,<\/p>\n","protected":false},"author":1,"featured_media":11033,"comment_status":"","ping_status":"","sticky":false,"template":"","format":"standard","meta":{"footnotes":""},"categories":[41],"tags":[73,3038,1256,2525,3683,3522,76,1255,11,606,18],"class_list":["post-11185","post","type-post","status-publish","format-standard","has-post-thumbnail","hentry","category-argent","tag-black","tag-bonnes","tag-buy","tag-deuxieme","tag-doffres","tag-elles","tag-est","tag-friday","tag-ligne","tag-serie","tag-sont","generate-columns","tablet-grid-50","mobile-grid-100","grid-parent","grid-33"],"yoast_head":"<!-- This site is optimized with the Yoast SEO plugin v24.0 - https:\/\/yoast.com\/wordpress\/plugins\/seo\/ -->\n<title>La deuxi\u00e8me s\u00e9rie d&#039;offres du Black Friday de Best Buy est en ligne et elles sont bonnes | Vie Associative<\/title>\n<meta name=\"robots\" content=\"index, follow, max-snippet:-1, max-image-preview:large, max-video-preview:-1\" \/>\n<link rel=\"canonical\" href=\"https:\/\/vieassociative.be\/actualites\/la-deuxieme-serie-doffres-du-black-friday-de-best-buy-est-en-ligne-et-elles-sont-bonnes\/\" \/>\n<meta property=\"og:locale\" content=\"fr_FR\" \/>\n<meta property=\"og:type\" content=\"article\" \/>\n<meta property=\"og:title\" content=\"La deuxi\u00e8me s\u00e9rie d&#039;offres du Black Friday de Best Buy est en ligne et elles sont bonnes | Vie Associative\" \/>\n<meta property=\"og:description\" content=\"Un t\u00e9l\u00e9viseur OLED dans la fourchette de 500 $ ? Du jamais vu. Les soldes des f\u00eates de fin d\u2019ann\u00e9e ont officiellement commenc\u00e9. Cette ann\u00e9e,\" \/>\n<meta property=\"og:url\" content=\"https:\/\/vieassociative.be\/actualites\/la-deuxieme-serie-doffres-du-black-friday-de-best-buy-est-en-ligne-et-elles-sont-bonnes\/\" \/>\n<meta property=\"og:site_name\" content=\"Vie Associative\" \/>\n<meta property=\"article:published_time\" content=\"2025-11-08T07:18:08+00:00\" \/>\n<meta property=\"og:image\" content=\"https:\/\/vieassociative.be\/actualites\/wp-content\/uploads\/2025\/11\/La-deuxieme-serie-doffres-du-Black-Friday-de-Best-Buy.png\" \/>\n<meta name=\"author\" content=\"Julien\" \/>\n<meta name=\"twitter:card\" content=\"summary_large_image\" \/>\n<meta name=\"twitter:label1\" content=\"\u00c9crit par\" \/>\n\t<meta name=\"twitter:data1\" content=\"Julien\" \/>\n\t<meta name=\"twitter:label2\" content=\"Dur\u00e9e de lecture est.\" \/>\n\t<meta name=\"twitter:data2\" content=\"5 minutes\" \/>\n<script type=\"application\/ld+json\" class=\"yoast-schema-graph\">{\"@context\":\"https:\/\/schema.org\",\"@graph\":[{\"@type\":\"Article\",\"@id\":\"https:\/\/vieassociative.be\/actualites\/la-deuxieme-serie-doffres-du-black-friday-de-best-buy-est-en-ligne-et-elles-sont-bonnes\/#article\",\"isPartOf\":{\"@id\":\"https:\/\/vieassociative.be\/actualites\/la-deuxieme-serie-doffres-du-black-friday-de-best-buy-est-en-ligne-et-elles-sont-bonnes\/\"},\"author\":{\"name\":\"Julien\",\"@id\":\"https:\/\/vieassociative.be\/actualites\/#\/schema\/person\/b87ac4f82f9d4e7b7cec7395b679edc4\"},\"headline\":\"La deuxi\u00e8me s\u00e9rie d&rsquo;offres du Black Friday de Best Buy est en ligne et elles sont bonnes\",\"datePublished\":\"2025-11-08T07:18:08+00:00\",\"dateModified\":\"2025-11-08T07:18:08+00:00\",\"mainEntityOfPage\":{\"@id\":\"https:\/\/vieassociative.be\/actualites\/la-deuxieme-serie-doffres-du-black-friday-de-best-buy-est-en-ligne-et-elles-sont-bonnes\/\"},\"wordCount\":1105,\"publisher\":{\"@id\":\"https:\/\/vieassociative.be\/actualites\/#organization\"},\"image\":{\"@id\":\"https:\/\/vieassociative.be\/actualites\/la-deuxieme-serie-doffres-du-black-friday-de-best-buy-est-en-ligne-et-elles-sont-bonnes\/#primaryimage\"},\"thumbnailUrl\":\"https:\/\/vieassociative.be\/actualites\/wp-content\/uploads\/2025\/11\/1761981453_Les-premieres-offres-du-Black-Friday-de-Best-Buy-sont.png\",\"keywords\":[\"Black\",\"bonnes\",\"Buy\",\"deuxi\u00e8me\",\"doffres\",\"elles\",\"est\",\"Friday\",\"ligne\",\"s\u00e9rie\",\"sont\"],\"articleSection\":[\"Argent\"],\"inLanguage\":\"fr-BE\"},{\"@type\":\"WebPage\",\"@id\":\"https:\/\/vieassociative.be\/actualites\/la-deuxieme-serie-doffres-du-black-friday-de-best-buy-est-en-ligne-et-elles-sont-bonnes\/\",\"url\":\"https:\/\/vieassociative.be\/actualites\/la-deuxieme-serie-doffres-du-black-friday-de-best-buy-est-en-ligne-et-elles-sont-bonnes\/\",\"name\":\"La deuxi\u00e8me s\u00e9rie d'offres du Black Friday de Best Buy est en ligne et elles sont bonnes | Vie Associative\",\"isPartOf\":{\"@id\":\"https:\/\/vieassociative.be\/actualites\/#website\"},\"primaryImageOfPage\":{\"@id\":\"https:\/\/vieassociative.be\/actualites\/la-deuxieme-serie-doffres-du-black-friday-de-best-buy-est-en-ligne-et-elles-sont-bonnes\/#primaryimage\"},\"image\":{\"@id\":\"https:\/\/vieassociative.be\/actualites\/la-deuxieme-serie-doffres-du-black-friday-de-best-buy-est-en-ligne-et-elles-sont-bonnes\/#primaryimage\"},\"thumbnailUrl\":\"https:\/\/vieassociative.be\/actualites\/wp-content\/uploads\/2025\/11\/1761981453_Les-premieres-offres-du-Black-Friday-de-Best-Buy-sont.png\",\"datePublished\":\"2025-11-08T07:18:08+00:00\",\"dateModified\":\"2025-11-08T07:18:08+00:00\",\"breadcrumb\":{\"@id\":\"https:\/\/vieassociative.be\/actualites\/la-deuxieme-serie-doffres-du-black-friday-de-best-buy-est-en-ligne-et-elles-sont-bonnes\/#breadcrumb\"},\"inLanguage\":\"fr-BE\",\"potentialAction\":[{\"@type\":\"ReadAction\",\"target\":[\"https:\/\/vieassociative.be\/actualites\/la-deuxieme-serie-doffres-du-black-friday-de-best-buy-est-en-ligne-et-elles-sont-bonnes\/\"]}]},{\"@type\":\"ImageObject\",\"inLanguage\":\"fr-BE\",\"@id\":\"https:\/\/vieassociative.be\/actualites\/la-deuxieme-serie-doffres-du-black-friday-de-best-buy-est-en-ligne-et-elles-sont-bonnes\/#primaryimage\",\"url\":\"https:\/\/vieassociative.be\/actualites\/wp-content\/uploads\/2025\/11\/1761981453_Les-premieres-offres-du-Black-Friday-de-Best-Buy-sont.png\",\"contentUrl\":\"https:\/\/vieassociative.be\/actualites\/wp-content\/uploads\/2025\/11\/1761981453_Les-premieres-offres-du-Black-Friday-de-Best-Buy-sont.png\",\"width\":1200,\"height\":675,\"caption\":\"Les premi\u00e8res offres du Black Friday de Best Buy sont en ligne et elles sont bonnes\"},{\"@type\":\"BreadcrumbList\",\"@id\":\"https:\/\/vieassociative.be\/actualites\/la-deuxieme-serie-doffres-du-black-friday-de-best-buy-est-en-ligne-et-elles-sont-bonnes\/#breadcrumb\",\"itemListElement\":[{\"@type\":\"ListItem\",\"position\":1,\"name\":\"Accueil\",\"item\":\"https:\/\/vieassociative.be\/actualites\/\"},{\"@type\":\"ListItem\",\"position\":2,\"name\":\"La deuxi\u00e8me s\u00e9rie d&rsquo;offres du Black Friday de Best Buy est en ligne et elles sont bonnes\"}]},{\"@type\":\"WebSite\",\"@id\":\"https:\/\/vieassociative.be\/actualites\/#website\",\"url\":\"https:\/\/vieassociative.be\/actualites\/\",\"name\":\"Vie Associative\",\"description\":\"\",\"publisher\":{\"@id\":\"https:\/\/vieassociative.be\/actualites\/#organization\"},\"potentialAction\":[{\"@type\":\"SearchAction\",\"target\":{\"@type\":\"EntryPoint\",\"urlTemplate\":\"https:\/\/vieassociative.be\/actualites\/?s={search_term_string}\"},\"query-input\":{\"@type\":\"PropertyValueSpecification\",\"valueRequired\":true,\"valueName\":\"search_term_string\"}}],\"inLanguage\":\"fr-BE\"},{\"@type\":\"Organization\",\"@id\":\"https:\/\/vieassociative.be\/actualites\/#organization\",\"name\":\"Vie Associative\",\"url\":\"https:\/\/vieassociative.be\/actualites\/\",\"logo\":{\"@type\":\"ImageObject\",\"inLanguage\":\"fr-BE\",\"@id\":\"https:\/\/vieassociative.be\/actualites\/#\/schema\/logo\/image\/\",\"url\":\"https:\/\/vieassociative.be\/actualites\/wp-content\/uploads\/2024\/09\/cropped-vieassociative_favicon.ico.png\",\"contentUrl\":\"https:\/\/vieassociative.be\/actualites\/wp-content\/uploads\/2024\/09\/cropped-vieassociative_favicon.ico.png\",\"width\":512,\"height\":512,\"caption\":\"Vie Associative\"},\"image\":{\"@id\":\"https:\/\/vieassociative.be\/actualites\/#\/schema\/logo\/image\/\"}},{\"@type\":\"Person\",\"@id\":\"https:\/\/vieassociative.be\/actualites\/#\/schema\/person\/b87ac4f82f9d4e7b7cec7395b679edc4\",\"name\":\"Julien\",\"image\":{\"@type\":\"ImageObject\",\"inLanguage\":\"fr-BE\",\"@id\":\"https:\/\/vieassociative.be\/actualites\/#\/schema\/person\/image\/\",\"url\":\"https:\/\/vieassociative.be\/actualites\/wp-content\/uploads\/2024\/09\/vie-associative-1-150x150.jpg\",\"contentUrl\":\"https:\/\/vieassociative.be\/actualites\/wp-content\/uploads\/2024\/09\/vie-associative-1-150x150.jpg\",\"caption\":\"Julien\"},\"description\":\"Je suis Julien, r\u00e9dacteur pour Vie Associative. Passionn\u00e9 par le monde associatif depuis plus de 10 ans, j'ai \u00e0 c\u0153ur de partager des histoires inspirantes et de mettre en lumi\u00e8re les initiatives locales. Mon objectif est de sensibiliser et d'encourager l'engagement communautaire \u00e0 travers mes articles.\",\"sameAs\":[\"https:\/\/vieassociative.be\/\"]}]}<\/script>\n<!-- \/ Yoast SEO plugin. -->","yoast_head_json":{"title":"La deuxi\u00e8me s\u00e9rie d'offres du Black Friday de Best Buy est en ligne et elles sont bonnes | Vie Associative","robots":{"index":"index","follow":"follow","max-snippet":"max-snippet:-1","max-image-preview":"max-image-preview:large","max-video-preview":"max-video-preview:-1"},"canonical":"https:\/\/vieassociative.be\/actualites\/la-deuxieme-serie-doffres-du-black-friday-de-best-buy-est-en-ligne-et-elles-sont-bonnes\/","og_locale":"fr_FR","og_type":"article","og_title":"La deuxi\u00e8me s\u00e9rie d'offres du Black Friday de Best Buy est en ligne et elles sont bonnes | Vie Associative","og_description":"Un t\u00e9l\u00e9viseur OLED dans la fourchette de 500 $ ? Du jamais vu. Les soldes des f\u00eates de fin d\u2019ann\u00e9e ont officiellement commenc\u00e9. Cette ann\u00e9e,","og_url":"https:\/\/vieassociative.be\/actualites\/la-deuxieme-serie-doffres-du-black-friday-de-best-buy-est-en-ligne-et-elles-sont-bonnes\/","og_site_name":"Vie Associative","article_published_time":"2025-11-08T07:18:08+00:00","og_image":[{"url":"https:\/\/vieassociative.be\/actualites\/wp-content\/uploads\/2025\/11\/La-deuxieme-serie-doffres-du-Black-Friday-de-Best-Buy.png","type":"","width":"","height":""}],"author":"Julien","twitter_card":"summary_large_image","twitter_misc":{"\u00c9crit par":"Julien","Dur\u00e9e de lecture est.":"5 minutes"},"schema":{"@context":"https:\/\/schema.org","@graph":[{"@type":"Article","@id":"https:\/\/vieassociative.be\/actualites\/la-deuxieme-serie-doffres-du-black-friday-de-best-buy-est-en-ligne-et-elles-sont-bonnes\/#article","isPartOf":{"@id":"https:\/\/vieassociative.be\/actualites\/la-deuxieme-serie-doffres-du-black-friday-de-best-buy-est-en-ligne-et-elles-sont-bonnes\/"},"author":{"name":"Julien","@id":"https:\/\/vieassociative.be\/actualites\/#\/schema\/person\/b87ac4f82f9d4e7b7cec7395b679edc4"},"headline":"La deuxi\u00e8me s\u00e9rie d&rsquo;offres du Black Friday de Best Buy est en ligne et elles sont bonnes","datePublished":"2025-11-08T07:18:08+00:00","dateModified":"2025-11-08T07:18:08+00:00","mainEntityOfPage":{"@id":"https:\/\/vieassociative.be\/actualites\/la-deuxieme-serie-doffres-du-black-friday-de-best-buy-est-en-ligne-et-elles-sont-bonnes\/"},"wordCount":1105,"publisher":{"@id":"https:\/\/vieassociative.be\/actualites\/#organization"},"image":{"@id":"https:\/\/vieassociative.be\/actualites\/la-deuxieme-serie-doffres-du-black-friday-de-best-buy-est-en-ligne-et-elles-sont-bonnes\/#primaryimage"},"thumbnailUrl":"https:\/\/vieassociative.be\/actualites\/wp-content\/uploads\/2025\/11\/1761981453_Les-premieres-offres-du-Black-Friday-de-Best-Buy-sont.png","keywords":["Black","bonnes","Buy","deuxi\u00e8me","doffres","elles","est","Friday","ligne","s\u00e9rie","sont"],"articleSection":["Argent"],"inLanguage":"fr-BE"},{"@type":"WebPage","@id":"https:\/\/vieassociative.be\/actualites\/la-deuxieme-serie-doffres-du-black-friday-de-best-buy-est-en-ligne-et-elles-sont-bonnes\/","url":"https:\/\/vieassociative.be\/actualites\/la-deuxieme-serie-doffres-du-black-friday-de-best-buy-est-en-ligne-et-elles-sont-bonnes\/","name":"La deuxi\u00e8me s\u00e9rie d'offres du Black Friday de Best Buy est en ligne et elles sont bonnes | Vie Associative","isPartOf":{"@id":"https:\/\/vieassociative.be\/actualites\/#website"},"primaryImageOfPage":{"@id":"https:\/\/vieassociative.be\/actualites\/la-deuxieme-serie-doffres-du-black-friday-de-best-buy-est-en-ligne-et-elles-sont-bonnes\/#primaryimage"},"image":{"@id":"https:\/\/vieassociative.be\/actualites\/la-deuxieme-serie-doffres-du-black-friday-de-best-buy-est-en-ligne-et-elles-sont-bonnes\/#primaryimage"},"thumbnailUrl":"https:\/\/vieassociative.be\/actualites\/wp-content\/uploads\/2025\/11\/1761981453_Les-premieres-offres-du-Black-Friday-de-Best-Buy-sont.png","datePublished":"2025-11-08T07:18:08+00:00","dateModified":"2025-11-08T07:18:08+00:00","breadcrumb":{"@id":"https:\/\/vieassociative.be\/actualites\/la-deuxieme-serie-doffres-du-black-friday-de-best-buy-est-en-ligne-et-elles-sont-bonnes\/#breadcrumb"},"inLanguage":"fr-BE","potentialAction":[{"@type":"ReadAction","target":["https:\/\/vieassociative.be\/actualites\/la-deuxieme-serie-doffres-du-black-friday-de-best-buy-est-en-ligne-et-elles-sont-bonnes\/"]}]},{"@type":"ImageObject","inLanguage":"fr-BE","@id":"https:\/\/vieassociative.be\/actualites\/la-deuxieme-serie-doffres-du-black-friday-de-best-buy-est-en-ligne-et-elles-sont-bonnes\/#primaryimage","url":"https:\/\/vieassociative.be\/actualites\/wp-content\/uploads\/2025\/11\/1761981453_Les-premieres-offres-du-Black-Friday-de-Best-Buy-sont.png","contentUrl":"https:\/\/vieassociative.be\/actualites\/wp-content\/uploads\/2025\/11\/1761981453_Les-premieres-offres-du-Black-Friday-de-Best-Buy-sont.png","width":1200,"height":675,"caption":"Les premi\u00e8res offres du Black Friday de Best Buy sont en ligne et elles sont bonnes"},{"@type":"BreadcrumbList","@id":"https:\/\/vieassociative.be\/actualites\/la-deuxieme-serie-doffres-du-black-friday-de-best-buy-est-en-ligne-et-elles-sont-bonnes\/#breadcrumb","itemListElement":[{"@type":"ListItem","position":1,"name":"Accueil","item":"https:\/\/vieassociative.be\/actualites\/"},{"@type":"ListItem","position":2,"name":"La deuxi\u00e8me s\u00e9rie d&rsquo;offres du Black Friday de Best Buy est en ligne et elles sont bonnes"}]},{"@type":"WebSite","@id":"https:\/\/vieassociative.be\/actualites\/#website","url":"https:\/\/vieassociative.be\/actualites\/","name":"Vie Associative","description":"","publisher":{"@id":"https:\/\/vieassociative.be\/actualites\/#organization"},"potentialAction":[{"@type":"SearchAction","target":{"@type":"EntryPoint","urlTemplate":"https:\/\/vieassociative.be\/actualites\/?s={search_term_string}"},"query-input":{"@type":"PropertyValueSpecification","valueRequired":true,"valueName":"search_term_string"}}],"inLanguage":"fr-BE"},{"@type":"Organization","@id":"https:\/\/vieassociative.be\/actualites\/#organization","name":"Vie Associative","url":"https:\/\/vieassociative.be\/actualites\/","logo":{"@type":"ImageObject","inLanguage":"fr-BE","@id":"https:\/\/vieassociative.be\/actualites\/#\/schema\/logo\/image\/","url":"https:\/\/vieassociative.be\/actualites\/wp-content\/uploads\/2024\/09\/cropped-vieassociative_favicon.ico.png","contentUrl":"https:\/\/vieassociative.be\/actualites\/wp-content\/uploads\/2024\/09\/cropped-vieassociative_favicon.ico.png","width":512,"height":512,"caption":"Vie Associative"},"image":{"@id":"https:\/\/vieassociative.be\/actualites\/#\/schema\/logo\/image\/"}},{"@type":"Person","@id":"https:\/\/vieassociative.be\/actualites\/#\/schema\/person\/b87ac4f82f9d4e7b7cec7395b679edc4","name":"Julien","image":{"@type":"ImageObject","inLanguage":"fr-BE","@id":"https:\/\/vieassociative.be\/actualites\/#\/schema\/person\/image\/","url":"https:\/\/vieassociative.be\/actualites\/wp-content\/uploads\/2024\/09\/vie-associative-1-150x150.jpg","contentUrl":"https:\/\/vieassociative.be\/actualites\/wp-content\/uploads\/2024\/09\/vie-associative-1-150x150.jpg","caption":"Julien"},"description":"Je suis Julien, r\u00e9dacteur pour Vie Associative. Passionn\u00e9 par le monde associatif depuis plus de 10 ans, j'ai \u00e0 c\u0153ur de partager des histoires inspirantes et de mettre en lumi\u00e8re les initiatives locales. Mon objectif est de sensibiliser et d'encourager l'engagement communautaire \u00e0 travers mes articles.","sameAs":["https:\/\/vieassociative.be\/"]}]}},"_links":{"self":[{"href":"https:\/\/vieassociative.be\/actualites\/wp-json\/wp\/v2\/posts\/11185"}],"collection":[{"href":"https:\/\/vieassociative.be\/actualites\/wp-json\/wp\/v2\/posts"}],"about":[{"href":"https:\/\/vieassociative.be\/actualites\/wp-json\/wp\/v2\/types\/post"}],"author":[{"embeddable":true,"href":"https:\/\/vieassociative.be\/actualites\/wp-json\/wp\/v2\/users\/1"}],"replies":[{"embeddable":true,"href":"https:\/\/vieassociative.be\/actualites\/wp-json\/wp\/v2\/comments?post=11185"}],"version-history":[{"count":0,"href":"https:\/\/vieassociative.be\/actualites\/wp-json\/wp\/v2\/posts\/11185\/revisions"}],"wp:featuredmedia":[{"embeddable":true,"href":"https:\/\/vieassociative.be\/actualites\/wp-json\/wp\/v2\/media\/11033"}],"wp:attachment":[{"href":"https:\/\/vieassociative.be\/actualites\/wp-json\/wp\/v2\/media?parent=11185"}],"wp:term":[{"taxonomy":"category","embeddable":true,"href":"https:\/\/vieassociative.be\/actualites\/wp-json\/wp\/v2\/categories?post=11185"},{"taxonomy":"post_tag","embeddable":true,"href":"https:\/\/vieassociative.be\/actualites\/wp-json\/wp\/v2\/tags?post=11185"}],"curies":[{"name":"wp","href":"https:\/\/api.w.org\/{rel}","templated":true}]}}