{"id":11181,"date":"2025-11-08T02:17:10","date_gmt":"2025-11-08T01:17:10","guid":{"rendered":"https:\/\/vieassociative.be\/actualites\/vous-pouvez-obtenir-ce-microsoft-surface-book-3-en-vente-jusqua-60-de-reduction-des-maintenant\/"},"modified":"2025-11-08T02:17:10","modified_gmt":"2025-11-08T01:17:10","slug":"vous-pouvez-obtenir-ce-microsoft-surface-book-3-en-vente-jusqua-60-de-reduction-des-maintenant","status":"publish","type":"post","link":"https:\/\/vieassociative.be\/actualites\/vous-pouvez-obtenir-ce-microsoft-surface-book-3-en-vente-jusqua-60-de-reduction-des-maintenant\/","title":{"rendered":"Vous pouvez obtenir ce Microsoft Surface Book 3 en vente jusqu&rsquo;\u00e0 60 % de r\u00e9duction d\u00e8s maintenant"},"content":{"rendered":"<div class=\"mt-4 leading-6 md:mb-8\">Ces mod\u00e8les 2020 sont en vente pour aussi peu que 699,99 $.<\/div>\n<p><\/p>\n<p>Le Microsoft Surface Book 3 n&rsquo;est pas le mod\u00e8le le plus r\u00e9cent sur le march\u00e9, mais c&rsquo;est l&rsquo;un des rares ordinateurs portables pouvant servir \u00e0 la fois de tablette et de poste de travail cr\u00e9atif, ce qui explique pourquoi il a \u00e9t\u00e9 initialement lanc\u00e9 \u00e0 pr\u00e8s de 1 700 $. Actuellement, StackSocial propose le Surface Book 3 2020 de 15 pouces au prix de 929,99 $, \u00e9quip\u00e9 de 32 Go de RAM et de 512 Go de stockage SSD, ou en vente au prix de 999,99 $ pour la version 1 To. Les mod\u00e8les plus petits de 13,5 pouces sont \u00e9galement disponibles, au prix compris entre 699,99 $ et 799,99 $. Chacun est remis \u00e0 neuf dans un \u00e9tat de qualit\u00e9 A, ce qui signifie qu&rsquo;il a l&rsquo;air presque neuf, a subi des tests approfondis et est accompagn\u00e9 d&rsquo;une garantie d&rsquo;un an.<\/p>\n<p>M\u00eame aujourd\u2019hui, le Surface Book 3 reste un mod\u00e8le remarquable dans le monde r\u00e9el. La combinaison d&rsquo;un processeur Intel Core i7 de 10e g\u00e9n\u00e9ration et d&rsquo;une carte graphique NVIDIA GeForce GTX 1650 g\u00e8re toujours la plupart des charges de travail cr\u00e9atives, telles que la retouche photo, les projets vid\u00e9o ou m\u00eame les jeux occasionnels, avec un ralentissement minimal. L&rsquo;\u00e9cran tactile PixelSense de 15 pouces est net et riche en couleurs, prenant en charge la saisie tactile et au stylet, ce qui le rend id\u00e9al pour dessiner ou prendre des notes manuscrites. L&rsquo;\u00e9cran se d\u00e9tache compl\u00e8tement, le transformant en tablette ou en toile de style studio en cas de besoin. C&rsquo;est dans cette flexibilit\u00e9 que la gamme Surface Book brille vraiment, en particulier pour les personnes qui basculent fr\u00e9quemment entre la productivit\u00e9, le design et le divertissement.<\/p>\n<p>Les 32 Go de RAM et les options de SSD de 512 Go ou 1 To facilitent l&rsquo;ex\u00e9cution de plusieurs applications ou le stockage de grands projets, et la dur\u00e9e de vie de la batterie s&rsquo;\u00e9tend toujours de mani\u00e8re impressionnante \u00e0 pr\u00e8s de 15 heures dans des conditions normales d&rsquo;utilisation. Bien s\u00fbr, il s&rsquo;agit toujours d&rsquo;un mod\u00e8le 2020, il y a donc des compromis : le design n&rsquo;est pas aussi fin que celui des appareils Surface les plus r\u00e9cents et la webcam est limit\u00e9e \u00e0 720p. En outre, il est livr\u00e9 avec Windows 10, mais est enti\u00e8rement \u00e9volutif vers Windows 11. Pour tous ceux qui appr\u00e9cient la flexibilit\u00e9 dans leur configuration (quelque chose qui fonctionne comme un ordinateur portable complet une minute et une tablette de dessin la minute suivante), le Surface Book 3 offre beaucoup de valeur \u00e0 son prix remis \u00e0 neuf.<\/p>\n<ul>\n<li>\n<p>Microsoft Surface Book 3 (2020) 15&Prime; 512 Go (929 $)<\/p>\n<\/li>\n<li>\n<p>Microsoft Surface Book 3 (2020) 15&Prime; 1 To (999 $)<\/p>\n<\/li>\n<li>\n<p>Microsoft Surface Book 3 (2020) 13,5&Prime; 512 Go (699 $)<\/p>\n<\/li>\n<li>\n<p>Microsoft Surface Book 3 (2020) 13,5&Prime; 1 To (799 $)<\/p>\n<\/li>\n<\/ul>\n","protected":false},"excerpt":{"rendered":"<p>Ces mod\u00e8les 2020 sont en vente pour aussi peu que 699,99 $. Le Microsoft Surface Book 3 n&rsquo;est pas le mod\u00e8le le plus r\u00e9cent sur<\/p>\n","protected":false},"author":1,"featured_media":11182,"comment_status":"","ping_status":"","sticky":false,"template":"","format":"standard","meta":{"footnotes":""},"categories":[13],"tags":[5352,29,1269,233,1190,227,5,308,4166,223,4],"class_list":["post-11181","post","type-post","status-publish","format-standard","has-post-thumbnail","hentry","category-technologie","tag-book","tag-des","tag-jusqua","tag-maintenant","tag-microsoft","tag-obtenir","tag-pouvez","tag-reduction","tag-surface","tag-vente","tag-vous","generate-columns","tablet-grid-50","mobile-grid-100","grid-parent","grid-33"],"yoast_head":"<!-- This site is optimized with the Yoast SEO plugin v24.0 - https:\/\/yoast.com\/wordpress\/plugins\/seo\/ -->\n<title>Vous pouvez obtenir ce Microsoft Surface Book 3 en vente jusqu&#039;\u00e0 60 % de r\u00e9duction d\u00e8s maintenant | Vie Associative<\/title>\n<meta name=\"robots\" content=\"index, follow, max-snippet:-1, max-image-preview:large, max-video-preview:-1\" \/>\n<link rel=\"canonical\" href=\"https:\/\/vieassociative.be\/actualites\/vous-pouvez-obtenir-ce-microsoft-surface-book-3-en-vente-jusqua-60-de-reduction-des-maintenant\/\" \/>\n<meta property=\"og:locale\" content=\"fr_FR\" \/>\n<meta property=\"og:type\" content=\"article\" \/>\n<meta property=\"og:title\" content=\"Vous pouvez obtenir ce Microsoft Surface Book 3 en vente jusqu&#039;\u00e0 60 % de r\u00e9duction d\u00e8s maintenant | Vie Associative\" \/>\n<meta property=\"og:description\" content=\"Ces mod\u00e8les 2020 sont en vente pour aussi peu que 699,99 $. Le Microsoft Surface Book 3 n&rsquo;est pas le mod\u00e8le le plus r\u00e9cent sur\" \/>\n<meta property=\"og:url\" content=\"https:\/\/vieassociative.be\/actualites\/vous-pouvez-obtenir-ce-microsoft-surface-book-3-en-vente-jusqua-60-de-reduction-des-maintenant\/\" \/>\n<meta property=\"og:site_name\" content=\"Vie Associative\" \/>\n<meta property=\"article:published_time\" content=\"2025-11-08T01:17:10+00:00\" \/>\n<meta property=\"og:image\" content=\"https:\/\/vieassociative.be\/actualites\/wp-content\/uploads\/2024\/09\/header_backgroundk-01-e1726694325946.png\" \/>\n\t<meta property=\"og:image:width\" content=\"279\" \/>\n\t<meta property=\"og:image:height\" content=\"92\" \/>\n\t<meta property=\"og:image:type\" content=\"image\/png\" \/>\n<meta name=\"author\" content=\"Julien\" \/>\n<meta name=\"twitter:card\" content=\"summary_large_image\" \/>\n<meta name=\"twitter:label1\" content=\"\u00c9crit par\" \/>\n\t<meta name=\"twitter:data1\" content=\"Julien\" \/>\n\t<meta name=\"twitter:label2\" content=\"Dur\u00e9e de lecture est.\" \/>\n\t<meta name=\"twitter:data2\" content=\"2 minutes\" \/>\n<script type=\"application\/ld+json\" class=\"yoast-schema-graph\">{\"@context\":\"https:\/\/schema.org\",\"@graph\":[{\"@type\":\"Article\",\"@id\":\"https:\/\/vieassociative.be\/actualites\/vous-pouvez-obtenir-ce-microsoft-surface-book-3-en-vente-jusqua-60-de-reduction-des-maintenant\/#article\",\"isPartOf\":{\"@id\":\"https:\/\/vieassociative.be\/actualites\/vous-pouvez-obtenir-ce-microsoft-surface-book-3-en-vente-jusqua-60-de-reduction-des-maintenant\/\"},\"author\":{\"name\":\"Julien\",\"@id\":\"https:\/\/vieassociative.be\/actualites\/#\/schema\/person\/b87ac4f82f9d4e7b7cec7395b679edc4\"},\"headline\":\"Vous pouvez obtenir ce Microsoft Surface Book 3 en vente jusqu&rsquo;\u00e0 60 % de r\u00e9duction d\u00e8s maintenant\",\"datePublished\":\"2025-11-08T01:17:10+00:00\",\"dateModified\":\"2025-11-08T01:17:10+00:00\",\"mainEntityOfPage\":{\"@id\":\"https:\/\/vieassociative.be\/actualites\/vous-pouvez-obtenir-ce-microsoft-surface-book-3-en-vente-jusqua-60-de-reduction-des-maintenant\/\"},\"wordCount\":473,\"publisher\":{\"@id\":\"https:\/\/vieassociative.be\/actualites\/#organization\"},\"image\":{\"@id\":\"https:\/\/vieassociative.be\/actualites\/vous-pouvez-obtenir-ce-microsoft-surface-book-3-en-vente-jusqua-60-de-reduction-des-maintenant\/#primaryimage\"},\"thumbnailUrl\":\"https:\/\/vieassociative.be\/actualites\/wp-content\/uploads\/2025\/11\/Vous-pouvez-obtenir-ce-Microsoft-Surface-Book-3-en-vente.png\",\"keywords\":[\"Book\",\"Des\",\"jusqu\u00e0\",\"maintenant\",\"Microsoft\",\"obtenir\",\"pouvez\",\"r\u00e9duction\",\"Surface\",\"vente\",\"Vous\"],\"articleSection\":[\"Technologie\"],\"inLanguage\":\"fr-BE\"},{\"@type\":\"WebPage\",\"@id\":\"https:\/\/vieassociative.be\/actualites\/vous-pouvez-obtenir-ce-microsoft-surface-book-3-en-vente-jusqua-60-de-reduction-des-maintenant\/\",\"url\":\"https:\/\/vieassociative.be\/actualites\/vous-pouvez-obtenir-ce-microsoft-surface-book-3-en-vente-jusqua-60-de-reduction-des-maintenant\/\",\"name\":\"Vous pouvez obtenir ce Microsoft Surface Book 3 en vente jusqu'\u00e0 60 % de r\u00e9duction d\u00e8s maintenant | Vie Associative\",\"isPartOf\":{\"@id\":\"https:\/\/vieassociative.be\/actualites\/#website\"},\"primaryImageOfPage\":{\"@id\":\"https:\/\/vieassociative.be\/actualites\/vous-pouvez-obtenir-ce-microsoft-surface-book-3-en-vente-jusqua-60-de-reduction-des-maintenant\/#primaryimage\"},\"image\":{\"@id\":\"https:\/\/vieassociative.be\/actualites\/vous-pouvez-obtenir-ce-microsoft-surface-book-3-en-vente-jusqua-60-de-reduction-des-maintenant\/#primaryimage\"},\"thumbnailUrl\":\"https:\/\/vieassociative.be\/actualites\/wp-content\/uploads\/2025\/11\/Vous-pouvez-obtenir-ce-Microsoft-Surface-Book-3-en-vente.png\",\"datePublished\":\"2025-11-08T01:17:10+00:00\",\"dateModified\":\"2025-11-08T01:17:10+00:00\",\"breadcrumb\":{\"@id\":\"https:\/\/vieassociative.be\/actualites\/vous-pouvez-obtenir-ce-microsoft-surface-book-3-en-vente-jusqua-60-de-reduction-des-maintenant\/#breadcrumb\"},\"inLanguage\":\"fr-BE\",\"potentialAction\":[{\"@type\":\"ReadAction\",\"target\":[\"https:\/\/vieassociative.be\/actualites\/vous-pouvez-obtenir-ce-microsoft-surface-book-3-en-vente-jusqua-60-de-reduction-des-maintenant\/\"]}]},{\"@type\":\"ImageObject\",\"inLanguage\":\"fr-BE\",\"@id\":\"https:\/\/vieassociative.be\/actualites\/vous-pouvez-obtenir-ce-microsoft-surface-book-3-en-vente-jusqua-60-de-reduction-des-maintenant\/#primaryimage\",\"url\":\"https:\/\/vieassociative.be\/actualites\/wp-content\/uploads\/2025\/11\/Vous-pouvez-obtenir-ce-Microsoft-Surface-Book-3-en-vente.png\",\"contentUrl\":\"https:\/\/vieassociative.be\/actualites\/wp-content\/uploads\/2025\/11\/Vous-pouvez-obtenir-ce-Microsoft-Surface-Book-3-en-vente.png\",\"width\":1200,\"height\":675,\"caption\":\"Vous pouvez obtenir ce Microsoft Surface Book 3 en vente jusqu'\u00e0 60 % de r\u00e9duction d\u00e8s maintenant\"},{\"@type\":\"BreadcrumbList\",\"@id\":\"https:\/\/vieassociative.be\/actualites\/vous-pouvez-obtenir-ce-microsoft-surface-book-3-en-vente-jusqua-60-de-reduction-des-maintenant\/#breadcrumb\",\"itemListElement\":[{\"@type\":\"ListItem\",\"position\":1,\"name\":\"Accueil\",\"item\":\"https:\/\/vieassociative.be\/actualites\/\"},{\"@type\":\"ListItem\",\"position\":2,\"name\":\"Vous pouvez obtenir ce Microsoft Surface Book 3 en vente jusqu&rsquo;\u00e0 60 % de r\u00e9duction d\u00e8s maintenant\"}]},{\"@type\":\"WebSite\",\"@id\":\"https:\/\/vieassociative.be\/actualites\/#website\",\"url\":\"https:\/\/vieassociative.be\/actualites\/\",\"name\":\"Vie Associative\",\"description\":\"\",\"publisher\":{\"@id\":\"https:\/\/vieassociative.be\/actualites\/#organization\"},\"potentialAction\":[{\"@type\":\"SearchAction\",\"target\":{\"@type\":\"EntryPoint\",\"urlTemplate\":\"https:\/\/vieassociative.be\/actualites\/?s={search_term_string}\"},\"query-input\":{\"@type\":\"PropertyValueSpecification\",\"valueRequired\":true,\"valueName\":\"search_term_string\"}}],\"inLanguage\":\"fr-BE\"},{\"@type\":\"Organization\",\"@id\":\"https:\/\/vieassociative.be\/actualites\/#organization\",\"name\":\"Vie Associative\",\"url\":\"https:\/\/vieassociative.be\/actualites\/\",\"logo\":{\"@type\":\"ImageObject\",\"inLanguage\":\"fr-BE\",\"@id\":\"https:\/\/vieassociative.be\/actualites\/#\/schema\/logo\/image\/\",\"url\":\"https:\/\/vieassociative.be\/actualites\/wp-content\/uploads\/2024\/09\/cropped-vieassociative_favicon.ico.png\",\"contentUrl\":\"https:\/\/vieassociative.be\/actualites\/wp-content\/uploads\/2024\/09\/cropped-vieassociative_favicon.ico.png\",\"width\":512,\"height\":512,\"caption\":\"Vie Associative\"},\"image\":{\"@id\":\"https:\/\/vieassociative.be\/actualites\/#\/schema\/logo\/image\/\"}},{\"@type\":\"Person\",\"@id\":\"https:\/\/vieassociative.be\/actualites\/#\/schema\/person\/b87ac4f82f9d4e7b7cec7395b679edc4\",\"name\":\"Julien\",\"image\":{\"@type\":\"ImageObject\",\"inLanguage\":\"fr-BE\",\"@id\":\"https:\/\/vieassociative.be\/actualites\/#\/schema\/person\/image\/\",\"url\":\"https:\/\/vieassociative.be\/actualites\/wp-content\/uploads\/2024\/09\/vie-associative-1-150x150.jpg\",\"contentUrl\":\"https:\/\/vieassociative.be\/actualites\/wp-content\/uploads\/2024\/09\/vie-associative-1-150x150.jpg\",\"caption\":\"Julien\"},\"description\":\"Je suis Julien, r\u00e9dacteur pour Vie Associative. Passionn\u00e9 par le monde associatif depuis plus de 10 ans, j'ai \u00e0 c\u0153ur de partager des histoires inspirantes et de mettre en lumi\u00e8re les initiatives locales. Mon objectif est de sensibiliser et d'encourager l'engagement communautaire \u00e0 travers mes articles.\",\"sameAs\":[\"https:\/\/vieassociative.be\/\"]}]}<\/script>\n<!-- \/ Yoast SEO plugin. -->","yoast_head_json":{"title":"Vous pouvez obtenir ce Microsoft Surface Book 3 en vente jusqu'\u00e0 60 % de r\u00e9duction d\u00e8s maintenant | Vie Associative","robots":{"index":"index","follow":"follow","max-snippet":"max-snippet:-1","max-image-preview":"max-image-preview:large","max-video-preview":"max-video-preview:-1"},"canonical":"https:\/\/vieassociative.be\/actualites\/vous-pouvez-obtenir-ce-microsoft-surface-book-3-en-vente-jusqua-60-de-reduction-des-maintenant\/","og_locale":"fr_FR","og_type":"article","og_title":"Vous pouvez obtenir ce Microsoft Surface Book 3 en vente jusqu'\u00e0 60 % de r\u00e9duction d\u00e8s maintenant | Vie Associative","og_description":"Ces mod\u00e8les 2020 sont en vente pour aussi peu que 699,99 $. Le Microsoft Surface Book 3 n&rsquo;est pas le mod\u00e8le le plus r\u00e9cent sur","og_url":"https:\/\/vieassociative.be\/actualites\/vous-pouvez-obtenir-ce-microsoft-surface-book-3-en-vente-jusqua-60-de-reduction-des-maintenant\/","og_site_name":"Vie Associative","article_published_time":"2025-11-08T01:17:10+00:00","og_image":[{"width":279,"height":92,"url":"https:\/\/vieassociative.be\/actualites\/wp-content\/uploads\/2024\/09\/header_backgroundk-01-e1726694325946.png","type":"image\/png"}],"author":"Julien","twitter_card":"summary_large_image","twitter_misc":{"\u00c9crit par":"Julien","Dur\u00e9e de lecture est.":"2 minutes"},"schema":{"@context":"https:\/\/schema.org","@graph":[{"@type":"Article","@id":"https:\/\/vieassociative.be\/actualites\/vous-pouvez-obtenir-ce-microsoft-surface-book-3-en-vente-jusqua-60-de-reduction-des-maintenant\/#article","isPartOf":{"@id":"https:\/\/vieassociative.be\/actualites\/vous-pouvez-obtenir-ce-microsoft-surface-book-3-en-vente-jusqua-60-de-reduction-des-maintenant\/"},"author":{"name":"Julien","@id":"https:\/\/vieassociative.be\/actualites\/#\/schema\/person\/b87ac4f82f9d4e7b7cec7395b679edc4"},"headline":"Vous pouvez obtenir ce Microsoft Surface Book 3 en vente jusqu&rsquo;\u00e0 60 % de r\u00e9duction d\u00e8s maintenant","datePublished":"2025-11-08T01:17:10+00:00","dateModified":"2025-11-08T01:17:10+00:00","mainEntityOfPage":{"@id":"https:\/\/vieassociative.be\/actualites\/vous-pouvez-obtenir-ce-microsoft-surface-book-3-en-vente-jusqua-60-de-reduction-des-maintenant\/"},"wordCount":473,"publisher":{"@id":"https:\/\/vieassociative.be\/actualites\/#organization"},"image":{"@id":"https:\/\/vieassociative.be\/actualites\/vous-pouvez-obtenir-ce-microsoft-surface-book-3-en-vente-jusqua-60-de-reduction-des-maintenant\/#primaryimage"},"thumbnailUrl":"https:\/\/vieassociative.be\/actualites\/wp-content\/uploads\/2025\/11\/Vous-pouvez-obtenir-ce-Microsoft-Surface-Book-3-en-vente.png","keywords":["Book","Des","jusqu\u00e0","maintenant","Microsoft","obtenir","pouvez","r\u00e9duction","Surface","vente","Vous"],"articleSection":["Technologie"],"inLanguage":"fr-BE"},{"@type":"WebPage","@id":"https:\/\/vieassociative.be\/actualites\/vous-pouvez-obtenir-ce-microsoft-surface-book-3-en-vente-jusqua-60-de-reduction-des-maintenant\/","url":"https:\/\/vieassociative.be\/actualites\/vous-pouvez-obtenir-ce-microsoft-surface-book-3-en-vente-jusqua-60-de-reduction-des-maintenant\/","name":"Vous pouvez obtenir ce Microsoft Surface Book 3 en vente jusqu'\u00e0 60 % de r\u00e9duction d\u00e8s maintenant | Vie Associative","isPartOf":{"@id":"https:\/\/vieassociative.be\/actualites\/#website"},"primaryImageOfPage":{"@id":"https:\/\/vieassociative.be\/actualites\/vous-pouvez-obtenir-ce-microsoft-surface-book-3-en-vente-jusqua-60-de-reduction-des-maintenant\/#primaryimage"},"image":{"@id":"https:\/\/vieassociative.be\/actualites\/vous-pouvez-obtenir-ce-microsoft-surface-book-3-en-vente-jusqua-60-de-reduction-des-maintenant\/#primaryimage"},"thumbnailUrl":"https:\/\/vieassociative.be\/actualites\/wp-content\/uploads\/2025\/11\/Vous-pouvez-obtenir-ce-Microsoft-Surface-Book-3-en-vente.png","datePublished":"2025-11-08T01:17:10+00:00","dateModified":"2025-11-08T01:17:10+00:00","breadcrumb":{"@id":"https:\/\/vieassociative.be\/actualites\/vous-pouvez-obtenir-ce-microsoft-surface-book-3-en-vente-jusqua-60-de-reduction-des-maintenant\/#breadcrumb"},"inLanguage":"fr-BE","potentialAction":[{"@type":"ReadAction","target":["https:\/\/vieassociative.be\/actualites\/vous-pouvez-obtenir-ce-microsoft-surface-book-3-en-vente-jusqua-60-de-reduction-des-maintenant\/"]}]},{"@type":"ImageObject","inLanguage":"fr-BE","@id":"https:\/\/vieassociative.be\/actualites\/vous-pouvez-obtenir-ce-microsoft-surface-book-3-en-vente-jusqua-60-de-reduction-des-maintenant\/#primaryimage","url":"https:\/\/vieassociative.be\/actualites\/wp-content\/uploads\/2025\/11\/Vous-pouvez-obtenir-ce-Microsoft-Surface-Book-3-en-vente.png","contentUrl":"https:\/\/vieassociative.be\/actualites\/wp-content\/uploads\/2025\/11\/Vous-pouvez-obtenir-ce-Microsoft-Surface-Book-3-en-vente.png","width":1200,"height":675,"caption":"Vous pouvez obtenir ce Microsoft Surface Book 3 en vente jusqu'\u00e0 60 % de r\u00e9duction d\u00e8s maintenant"},{"@type":"BreadcrumbList","@id":"https:\/\/vieassociative.be\/actualites\/vous-pouvez-obtenir-ce-microsoft-surface-book-3-en-vente-jusqua-60-de-reduction-des-maintenant\/#breadcrumb","itemListElement":[{"@type":"ListItem","position":1,"name":"Accueil","item":"https:\/\/vieassociative.be\/actualites\/"},{"@type":"ListItem","position":2,"name":"Vous pouvez obtenir ce Microsoft Surface Book 3 en vente jusqu&rsquo;\u00e0 60 % de r\u00e9duction d\u00e8s maintenant"}]},{"@type":"WebSite","@id":"https:\/\/vieassociative.be\/actualites\/#website","url":"https:\/\/vieassociative.be\/actualites\/","name":"Vie Associative","description":"","publisher":{"@id":"https:\/\/vieassociative.be\/actualites\/#organization"},"potentialAction":[{"@type":"SearchAction","target":{"@type":"EntryPoint","urlTemplate":"https:\/\/vieassociative.be\/actualites\/?s={search_term_string}"},"query-input":{"@type":"PropertyValueSpecification","valueRequired":true,"valueName":"search_term_string"}}],"inLanguage":"fr-BE"},{"@type":"Organization","@id":"https:\/\/vieassociative.be\/actualites\/#organization","name":"Vie Associative","url":"https:\/\/vieassociative.be\/actualites\/","logo":{"@type":"ImageObject","inLanguage":"fr-BE","@id":"https:\/\/vieassociative.be\/actualites\/#\/schema\/logo\/image\/","url":"https:\/\/vieassociative.be\/actualites\/wp-content\/uploads\/2024\/09\/cropped-vieassociative_favicon.ico.png","contentUrl":"https:\/\/vieassociative.be\/actualites\/wp-content\/uploads\/2024\/09\/cropped-vieassociative_favicon.ico.png","width":512,"height":512,"caption":"Vie Associative"},"image":{"@id":"https:\/\/vieassociative.be\/actualites\/#\/schema\/logo\/image\/"}},{"@type":"Person","@id":"https:\/\/vieassociative.be\/actualites\/#\/schema\/person\/b87ac4f82f9d4e7b7cec7395b679edc4","name":"Julien","image":{"@type":"ImageObject","inLanguage":"fr-BE","@id":"https:\/\/vieassociative.be\/actualites\/#\/schema\/person\/image\/","url":"https:\/\/vieassociative.be\/actualites\/wp-content\/uploads\/2024\/09\/vie-associative-1-150x150.jpg","contentUrl":"https:\/\/vieassociative.be\/actualites\/wp-content\/uploads\/2024\/09\/vie-associative-1-150x150.jpg","caption":"Julien"},"description":"Je suis Julien, r\u00e9dacteur pour Vie Associative. Passionn\u00e9 par le monde associatif depuis plus de 10 ans, j'ai \u00e0 c\u0153ur de partager des histoires inspirantes et de mettre en lumi\u00e8re les initiatives locales. Mon objectif est de sensibiliser et d'encourager l'engagement communautaire \u00e0 travers mes articles.","sameAs":["https:\/\/vieassociative.be\/"]}]}},"_links":{"self":[{"href":"https:\/\/vieassociative.be\/actualites\/wp-json\/wp\/v2\/posts\/11181"}],"collection":[{"href":"https:\/\/vieassociative.be\/actualites\/wp-json\/wp\/v2\/posts"}],"about":[{"href":"https:\/\/vieassociative.be\/actualites\/wp-json\/wp\/v2\/types\/post"}],"author":[{"embeddable":true,"href":"https:\/\/vieassociative.be\/actualites\/wp-json\/wp\/v2\/users\/1"}],"replies":[{"embeddable":true,"href":"https:\/\/vieassociative.be\/actualites\/wp-json\/wp\/v2\/comments?post=11181"}],"version-history":[{"count":0,"href":"https:\/\/vieassociative.be\/actualites\/wp-json\/wp\/v2\/posts\/11181\/revisions"}],"wp:featuredmedia":[{"embeddable":true,"href":"https:\/\/vieassociative.be\/actualites\/wp-json\/wp\/v2\/media\/11182"}],"wp:attachment":[{"href":"https:\/\/vieassociative.be\/actualites\/wp-json\/wp\/v2\/media?parent=11181"}],"wp:term":[{"taxonomy":"category","embeddable":true,"href":"https:\/\/vieassociative.be\/actualites\/wp-json\/wp\/v2\/categories?post=11181"},{"taxonomy":"post_tag","embeddable":true,"href":"https:\/\/vieassociative.be\/actualites\/wp-json\/wp\/v2\/tags?post=11181"}],"curies":[{"name":"wp","href":"https:\/\/api.w.org\/{rel}","templated":true}]}}