{"id":11175,"date":"2025-11-07T21:17:50","date_gmt":"2025-11-07T20:17:50","guid":{"rendered":"https:\/\/vieassociative.be\/actualites\/la-cuisine-centrale-de-dg-atteint-un-nouveau-record-plus-de-200-000-repas-prepares-pour-la-premiere-fois\/"},"modified":"2025-11-07T21:17:50","modified_gmt":"2025-11-07T20:17:50","slug":"la-cuisine-centrale-de-dg-atteint-un-nouveau-record-plus-de-200-000-repas-prepares-pour-la-premiere-fois","status":"publish","type":"post","link":"https:\/\/vieassociative.be\/actualites\/la-cuisine-centrale-de-dg-atteint-un-nouveau-record-plus-de-200-000-repas-prepares-pour-la-premiere-fois\/","title":{"rendered":"La cuisine centrale de DG atteint un nouveau record : plus de 200 000 repas pr\u00e9par\u00e9s pour la premi\u00e8re fois"},"content":{"rendered":"<p><strong>La cuisine centrale de la communaut\u00e9 germanophone a pr\u00e9par\u00e9 et livr\u00e9 pour la premi\u00e8re fois cette ann\u00e9e plus de 200 000 repas. Cela signifie que l&rsquo;installation, qui a commenc\u00e9 ses activit\u00e9s en 2013, a atteint un nouveau sommet.<\/strong><\/p>\n<p><span id=\"more-429147\"><\/span>Au d\u00e9but, la cuisine centrale alimentait les cuisines de distribution de l&rsquo;Institut Robert Schuman (RSI), de l&rsquo;Ath\u00e9n\u00e9e Royal d&rsquo;Eupen (KAE), du campus de Monschauer Stra\u00dfe (\u00e9cole \u00e9l\u00e9mentaire municipale d&rsquo;Unterstadt, \u00e9cole fran\u00e7aise, centre d&rsquo;\u00e9ducation sp\u00e9cialis\u00e9e) et du premier centre d&rsquo;accueil et d&rsquo;enfance (centre d&rsquo;accueil des enfants, Villa Peters).<\/p>\n<p>Il y avait \u00e9galement trois kiosques dans les \u00e9coles RSI et Kgl. Ath\u00e9n\u00e9e Eupen et l&rsquo;Universit\u00e9 Autonome. En janvier 2019, la cuisine de l&rsquo;Ath\u00e9n\u00e9e C\u00e9sar Franck (ACF) a \u00e9t\u00e9 reprise, suivie en septembre 2020 par le Lyc\u00e9e Pater Damian (PDS), comprenant un autre kiosque.<\/p>\n<\/p>\n<div id=\"attachment_429151\" class=\"wp-caption alignleft\" style=\"max-width: 300px\"><img fetchpriority=\"high\" decoding=\"async\" class=\"wp-image-429151 size-medium\" src=\"https:\/\/vieassociative.be\/actualites\/wp-content\/uploads\/2025\/11\/La-cuisine-centrale-de-DG-atteint-un-nouveau-record.jpg\" alt=\"\" width=\"300\" height=\"200\"><\/div>\n<p>Aujourd&rsquo;hui, la cuisine centrale approvisionne les dix sites ZKB au nord de la DG et garantit une alimentation fiable et bon march\u00e9 50 semaines par an.<\/p>\n<p>L&rsquo;\u00e9quipe de la cuisine centrale (DgGSL) \u00ab Service avec gestion, service et logistique s\u00e9par\u00e9s \u00bb pr\u00e9pare quotidiennement des repas frais entre 5h00 et 9h30 selon un ordre d\u00e9termin\u00e9. Les plats pr\u00e9par\u00e9s sont ensuite distribu\u00e9s dans les diff\u00e9rents lieux dans le respect des conditions d&rsquo;hygi\u00e8ne et y sont termin\u00e9s peu avant le service des plats.<\/p>\n<p>La demande croissante se confirme \u00e9galement au cours de l\u2019ann\u00e9e scolaire en cours. Le nombre d&rsquo;\u00e9tudiants augmente \u00e9galement, mais pas dans la m\u00eame mesure que le nombre de repas servis.<\/p>\n<p>En plus des op\u00e9rations quotidiennes, l&rsquo;\u00e9quipe de cuisine organise environ 35 \u00e9v\u00e9nements sp\u00e9ciaux chaque ann\u00e9e. L&rsquo;\u00e9volution des chiffres de vente montre la croissance constante de ces derni\u00e8res ann\u00e9es :<\/p>\n<ul>\n<li>2013\/14\u00a0: env. 60 000 repas<\/li>\n<li>2016\/17\u00a0: env. 95 000 repas<\/li>\n<li>2018\/19\u00a0: env. 117 000 repas<\/li>\n<li>2021\/22\u00a0: env. 160 000 repas<\/li>\n<li>2024\/25\u00a0: plus de 200\u00a0000 repas (y compris ZKB et \u00e9v\u00e9nements sp\u00e9ciaux)<\/li>\n<\/ul>\n<p>Le ministre de l&rsquo;\u00c9ducation nationale, J\u00e9r\u00f4me Franssen (CSP), explique : \u00ab\u00a0La cuisine centrale fait d\u00e9sormais partie int\u00e9grante et fonctionne efficacement de notre syst\u00e8me d&rsquo;\u00e9ducation et de soins. Elle garantit des repas \u00e0 moindre co\u00fbt. Mes remerciements vont \u00e0 tous les collaborateurs qui veillent, jour apr\u00e8s jour, \u00e0 ce que nos enfants et nos jeunes soient bien pris en charge.\u00a0\u00bb<\/p>\n","protected":false},"excerpt":{"rendered":"<p>La cuisine centrale de la communaut\u00e9 germanophone a pr\u00e9par\u00e9 et livr\u00e9 pour la premi\u00e8re fois cette ann\u00e9e plus de 200 000 repas. Cela signifie que<\/p>\n","protected":false},"author":1,"featured_media":11176,"comment_status":"","ping_status":"","sticky":false,"template":"","format":"standard","meta":{"footnotes":""},"categories":[298],"tags":[2567,9180,1937,774,553,81,610,9181,2568,1330],"class_list":["post-11175","post","type-post","status-publish","format-standard","has-post-thumbnail","hentry","category-belgique","tag-atteint","tag-centrale","tag-cuisine","tag-fois","tag-nouveau","tag-pour","tag-premiere","tag-prepares","tag-record","tag-repas","generate-columns","tablet-grid-50","mobile-grid-100","grid-parent","grid-33"],"yoast_head":"<!-- This site is optimized with the Yoast SEO plugin v24.0 - https:\/\/yoast.com\/wordpress\/plugins\/seo\/ -->\n<title>La cuisine centrale de DG atteint un nouveau record : plus de 200 000 repas pr\u00e9par\u00e9s pour la premi\u00e8re fois | Vie Associative<\/title>\n<meta name=\"robots\" content=\"index, follow, max-snippet:-1, max-image-preview:large, max-video-preview:-1\" \/>\n<link rel=\"canonical\" href=\"https:\/\/vieassociative.be\/actualites\/la-cuisine-centrale-de-dg-atteint-un-nouveau-record-plus-de-200-000-repas-prepares-pour-la-premiere-fois\/\" \/>\n<meta property=\"og:locale\" content=\"fr_FR\" \/>\n<meta property=\"og:type\" content=\"article\" \/>\n<meta property=\"og:title\" content=\"La cuisine centrale de DG atteint un nouveau record : plus de 200 000 repas pr\u00e9par\u00e9s pour la premi\u00e8re fois | Vie Associative\" \/>\n<meta property=\"og:description\" content=\"La cuisine centrale de la communaut\u00e9 germanophone a pr\u00e9par\u00e9 et livr\u00e9 pour la premi\u00e8re fois cette ann\u00e9e plus de 200 000 repas. Cela signifie que\" \/>\n<meta property=\"og:url\" content=\"https:\/\/vieassociative.be\/actualites\/la-cuisine-centrale-de-dg-atteint-un-nouveau-record-plus-de-200-000-repas-prepares-pour-la-premiere-fois\/\" \/>\n<meta property=\"og:site_name\" content=\"Vie Associative\" \/>\n<meta property=\"article:published_time\" content=\"2025-11-07T20:17:50+00:00\" \/>\n<meta property=\"og:image\" content=\"https:\/\/vieassociative.be\/actualites\/wp-content\/uploads\/2024\/09\/header_backgroundk-01-e1726694325946.png\" \/>\n\t<meta property=\"og:image:width\" content=\"279\" \/>\n\t<meta property=\"og:image:height\" content=\"92\" \/>\n\t<meta property=\"og:image:type\" content=\"image\/png\" \/>\n<meta name=\"author\" content=\"Julien\" \/>\n<meta name=\"twitter:card\" content=\"summary_large_image\" \/>\n<meta name=\"twitter:label1\" content=\"\u00c9crit par\" \/>\n\t<meta name=\"twitter:data1\" content=\"Julien\" \/>\n\t<meta name=\"twitter:label2\" content=\"Dur\u00e9e de lecture est.\" \/>\n\t<meta name=\"twitter:data2\" content=\"2 minutes\" \/>\n<script type=\"application\/ld+json\" class=\"yoast-schema-graph\">{\"@context\":\"https:\/\/schema.org\",\"@graph\":[{\"@type\":\"Article\",\"@id\":\"https:\/\/vieassociative.be\/actualites\/la-cuisine-centrale-de-dg-atteint-un-nouveau-record-plus-de-200-000-repas-prepares-pour-la-premiere-fois\/#article\",\"isPartOf\":{\"@id\":\"https:\/\/vieassociative.be\/actualites\/la-cuisine-centrale-de-dg-atteint-un-nouveau-record-plus-de-200-000-repas-prepares-pour-la-premiere-fois\/\"},\"author\":{\"name\":\"Julien\",\"@id\":\"https:\/\/vieassociative.be\/actualites\/#\/schema\/person\/b87ac4f82f9d4e7b7cec7395b679edc4\"},\"headline\":\"La cuisine centrale de DG atteint un nouveau record : plus de 200 000 repas pr\u00e9par\u00e9s pour la premi\u00e8re fois\",\"datePublished\":\"2025-11-07T20:17:50+00:00\",\"dateModified\":\"2025-11-07T20:17:50+00:00\",\"mainEntityOfPage\":{\"@id\":\"https:\/\/vieassociative.be\/actualites\/la-cuisine-centrale-de-dg-atteint-un-nouveau-record-plus-de-200-000-repas-prepares-pour-la-premiere-fois\/\"},\"wordCount\":415,\"publisher\":{\"@id\":\"https:\/\/vieassociative.be\/actualites\/#organization\"},\"image\":{\"@id\":\"https:\/\/vieassociative.be\/actualites\/la-cuisine-centrale-de-dg-atteint-un-nouveau-record-plus-de-200-000-repas-prepares-pour-la-premiere-fois\/#primaryimage\"},\"thumbnailUrl\":\"https:\/\/vieassociative.be\/actualites\/wp-content\/uploads\/2025\/11\/1762546674_La-cuisine-centrale-de-DG-atteint-un-nouveau-record.jpg\",\"keywords\":[\"atteint\",\"centrale\",\"cuisine\",\"fois\",\"nouveau\",\"pour\",\"premi\u00e8re\",\"pr\u00e9par\u00e9s\",\"record\",\"repas\"],\"articleSection\":[\"Belgique\"],\"inLanguage\":\"fr-BE\"},{\"@type\":\"WebPage\",\"@id\":\"https:\/\/vieassociative.be\/actualites\/la-cuisine-centrale-de-dg-atteint-un-nouveau-record-plus-de-200-000-repas-prepares-pour-la-premiere-fois\/\",\"url\":\"https:\/\/vieassociative.be\/actualites\/la-cuisine-centrale-de-dg-atteint-un-nouveau-record-plus-de-200-000-repas-prepares-pour-la-premiere-fois\/\",\"name\":\"La cuisine centrale de DG atteint un nouveau record : plus de 200 000 repas pr\u00e9par\u00e9s pour la premi\u00e8re fois | Vie Associative\",\"isPartOf\":{\"@id\":\"https:\/\/vieassociative.be\/actualites\/#website\"},\"primaryImageOfPage\":{\"@id\":\"https:\/\/vieassociative.be\/actualites\/la-cuisine-centrale-de-dg-atteint-un-nouveau-record-plus-de-200-000-repas-prepares-pour-la-premiere-fois\/#primaryimage\"},\"image\":{\"@id\":\"https:\/\/vieassociative.be\/actualites\/la-cuisine-centrale-de-dg-atteint-un-nouveau-record-plus-de-200-000-repas-prepares-pour-la-premiere-fois\/#primaryimage\"},\"thumbnailUrl\":\"https:\/\/vieassociative.be\/actualites\/wp-content\/uploads\/2025\/11\/1762546674_La-cuisine-centrale-de-DG-atteint-un-nouveau-record.jpg\",\"datePublished\":\"2025-11-07T20:17:50+00:00\",\"dateModified\":\"2025-11-07T20:17:50+00:00\",\"breadcrumb\":{\"@id\":\"https:\/\/vieassociative.be\/actualites\/la-cuisine-centrale-de-dg-atteint-un-nouveau-record-plus-de-200-000-repas-prepares-pour-la-premiere-fois\/#breadcrumb\"},\"inLanguage\":\"fr-BE\",\"potentialAction\":[{\"@type\":\"ReadAction\",\"target\":[\"https:\/\/vieassociative.be\/actualites\/la-cuisine-centrale-de-dg-atteint-un-nouveau-record-plus-de-200-000-repas-prepares-pour-la-premiere-fois\/\"]}]},{\"@type\":\"ImageObject\",\"inLanguage\":\"fr-BE\",\"@id\":\"https:\/\/vieassociative.be\/actualites\/la-cuisine-centrale-de-dg-atteint-un-nouveau-record-plus-de-200-000-repas-prepares-pour-la-premiere-fois\/#primaryimage\",\"url\":\"https:\/\/vieassociative.be\/actualites\/wp-content\/uploads\/2025\/11\/1762546674_La-cuisine-centrale-de-DG-atteint-un-nouveau-record.jpg\",\"contentUrl\":\"https:\/\/vieassociative.be\/actualites\/wp-content\/uploads\/2025\/11\/1762546674_La-cuisine-centrale-de-DG-atteint-un-nouveau-record.jpg\",\"width\":2560,\"height\":852,\"caption\":\"La cuisine centrale de DG atteint un nouveau record : plus de 200 000 repas pr\u00e9par\u00e9s pour la premi\u00e8re fois\"},{\"@type\":\"BreadcrumbList\",\"@id\":\"https:\/\/vieassociative.be\/actualites\/la-cuisine-centrale-de-dg-atteint-un-nouveau-record-plus-de-200-000-repas-prepares-pour-la-premiere-fois\/#breadcrumb\",\"itemListElement\":[{\"@type\":\"ListItem\",\"position\":1,\"name\":\"Accueil\",\"item\":\"https:\/\/vieassociative.be\/actualites\/\"},{\"@type\":\"ListItem\",\"position\":2,\"name\":\"La cuisine centrale de DG atteint un nouveau record : plus de 200 000 repas pr\u00e9par\u00e9s pour la premi\u00e8re fois\"}]},{\"@type\":\"WebSite\",\"@id\":\"https:\/\/vieassociative.be\/actualites\/#website\",\"url\":\"https:\/\/vieassociative.be\/actualites\/\",\"name\":\"Vie Associative\",\"description\":\"\",\"publisher\":{\"@id\":\"https:\/\/vieassociative.be\/actualites\/#organization\"},\"potentialAction\":[{\"@type\":\"SearchAction\",\"target\":{\"@type\":\"EntryPoint\",\"urlTemplate\":\"https:\/\/vieassociative.be\/actualites\/?s={search_term_string}\"},\"query-input\":{\"@type\":\"PropertyValueSpecification\",\"valueRequired\":true,\"valueName\":\"search_term_string\"}}],\"inLanguage\":\"fr-BE\"},{\"@type\":\"Organization\",\"@id\":\"https:\/\/vieassociative.be\/actualites\/#organization\",\"name\":\"Vie Associative\",\"url\":\"https:\/\/vieassociative.be\/actualites\/\",\"logo\":{\"@type\":\"ImageObject\",\"inLanguage\":\"fr-BE\",\"@id\":\"https:\/\/vieassociative.be\/actualites\/#\/schema\/logo\/image\/\",\"url\":\"https:\/\/vieassociative.be\/actualites\/wp-content\/uploads\/2024\/09\/cropped-vieassociative_favicon.ico.png\",\"contentUrl\":\"https:\/\/vieassociative.be\/actualites\/wp-content\/uploads\/2024\/09\/cropped-vieassociative_favicon.ico.png\",\"width\":512,\"height\":512,\"caption\":\"Vie Associative\"},\"image\":{\"@id\":\"https:\/\/vieassociative.be\/actualites\/#\/schema\/logo\/image\/\"}},{\"@type\":\"Person\",\"@id\":\"https:\/\/vieassociative.be\/actualites\/#\/schema\/person\/b87ac4f82f9d4e7b7cec7395b679edc4\",\"name\":\"Julien\",\"image\":{\"@type\":\"ImageObject\",\"inLanguage\":\"fr-BE\",\"@id\":\"https:\/\/vieassociative.be\/actualites\/#\/schema\/person\/image\/\",\"url\":\"https:\/\/vieassociative.be\/actualites\/wp-content\/uploads\/2024\/09\/vie-associative-1-150x150.jpg\",\"contentUrl\":\"https:\/\/vieassociative.be\/actualites\/wp-content\/uploads\/2024\/09\/vie-associative-1-150x150.jpg\",\"caption\":\"Julien\"},\"description\":\"Je suis Julien, r\u00e9dacteur pour Vie Associative. Passionn\u00e9 par le monde associatif depuis plus de 10 ans, j'ai \u00e0 c\u0153ur de partager des histoires inspirantes et de mettre en lumi\u00e8re les initiatives locales. Mon objectif est de sensibiliser et d'encourager l'engagement communautaire \u00e0 travers mes articles.\",\"sameAs\":[\"https:\/\/vieassociative.be\/\"]}]}<\/script>\n<!-- \/ Yoast SEO plugin. -->","yoast_head_json":{"title":"La cuisine centrale de DG atteint un nouveau record : plus de 200 000 repas pr\u00e9par\u00e9s pour la premi\u00e8re fois | Vie Associative","robots":{"index":"index","follow":"follow","max-snippet":"max-snippet:-1","max-image-preview":"max-image-preview:large","max-video-preview":"max-video-preview:-1"},"canonical":"https:\/\/vieassociative.be\/actualites\/la-cuisine-centrale-de-dg-atteint-un-nouveau-record-plus-de-200-000-repas-prepares-pour-la-premiere-fois\/","og_locale":"fr_FR","og_type":"article","og_title":"La cuisine centrale de DG atteint un nouveau record : plus de 200 000 repas pr\u00e9par\u00e9s pour la premi\u00e8re fois | Vie Associative","og_description":"La cuisine centrale de la communaut\u00e9 germanophone a pr\u00e9par\u00e9 et livr\u00e9 pour la premi\u00e8re fois cette ann\u00e9e plus de 200 000 repas. Cela signifie que","og_url":"https:\/\/vieassociative.be\/actualites\/la-cuisine-centrale-de-dg-atteint-un-nouveau-record-plus-de-200-000-repas-prepares-pour-la-premiere-fois\/","og_site_name":"Vie Associative","article_published_time":"2025-11-07T20:17:50+00:00","og_image":[{"width":279,"height":92,"url":"https:\/\/vieassociative.be\/actualites\/wp-content\/uploads\/2024\/09\/header_backgroundk-01-e1726694325946.png","type":"image\/png"}],"author":"Julien","twitter_card":"summary_large_image","twitter_misc":{"\u00c9crit par":"Julien","Dur\u00e9e de lecture est.":"2 minutes"},"schema":{"@context":"https:\/\/schema.org","@graph":[{"@type":"Article","@id":"https:\/\/vieassociative.be\/actualites\/la-cuisine-centrale-de-dg-atteint-un-nouveau-record-plus-de-200-000-repas-prepares-pour-la-premiere-fois\/#article","isPartOf":{"@id":"https:\/\/vieassociative.be\/actualites\/la-cuisine-centrale-de-dg-atteint-un-nouveau-record-plus-de-200-000-repas-prepares-pour-la-premiere-fois\/"},"author":{"name":"Julien","@id":"https:\/\/vieassociative.be\/actualites\/#\/schema\/person\/b87ac4f82f9d4e7b7cec7395b679edc4"},"headline":"La cuisine centrale de DG atteint un nouveau record : plus de 200 000 repas pr\u00e9par\u00e9s pour la premi\u00e8re fois","datePublished":"2025-11-07T20:17:50+00:00","dateModified":"2025-11-07T20:17:50+00:00","mainEntityOfPage":{"@id":"https:\/\/vieassociative.be\/actualites\/la-cuisine-centrale-de-dg-atteint-un-nouveau-record-plus-de-200-000-repas-prepares-pour-la-premiere-fois\/"},"wordCount":415,"publisher":{"@id":"https:\/\/vieassociative.be\/actualites\/#organization"},"image":{"@id":"https:\/\/vieassociative.be\/actualites\/la-cuisine-centrale-de-dg-atteint-un-nouveau-record-plus-de-200-000-repas-prepares-pour-la-premiere-fois\/#primaryimage"},"thumbnailUrl":"https:\/\/vieassociative.be\/actualites\/wp-content\/uploads\/2025\/11\/1762546674_La-cuisine-centrale-de-DG-atteint-un-nouveau-record.jpg","keywords":["atteint","centrale","cuisine","fois","nouveau","pour","premi\u00e8re","pr\u00e9par\u00e9s","record","repas"],"articleSection":["Belgique"],"inLanguage":"fr-BE"},{"@type":"WebPage","@id":"https:\/\/vieassociative.be\/actualites\/la-cuisine-centrale-de-dg-atteint-un-nouveau-record-plus-de-200-000-repas-prepares-pour-la-premiere-fois\/","url":"https:\/\/vieassociative.be\/actualites\/la-cuisine-centrale-de-dg-atteint-un-nouveau-record-plus-de-200-000-repas-prepares-pour-la-premiere-fois\/","name":"La cuisine centrale de DG atteint un nouveau record : plus de 200 000 repas pr\u00e9par\u00e9s pour la premi\u00e8re fois | Vie Associative","isPartOf":{"@id":"https:\/\/vieassociative.be\/actualites\/#website"},"primaryImageOfPage":{"@id":"https:\/\/vieassociative.be\/actualites\/la-cuisine-centrale-de-dg-atteint-un-nouveau-record-plus-de-200-000-repas-prepares-pour-la-premiere-fois\/#primaryimage"},"image":{"@id":"https:\/\/vieassociative.be\/actualites\/la-cuisine-centrale-de-dg-atteint-un-nouveau-record-plus-de-200-000-repas-prepares-pour-la-premiere-fois\/#primaryimage"},"thumbnailUrl":"https:\/\/vieassociative.be\/actualites\/wp-content\/uploads\/2025\/11\/1762546674_La-cuisine-centrale-de-DG-atteint-un-nouveau-record.jpg","datePublished":"2025-11-07T20:17:50+00:00","dateModified":"2025-11-07T20:17:50+00:00","breadcrumb":{"@id":"https:\/\/vieassociative.be\/actualites\/la-cuisine-centrale-de-dg-atteint-un-nouveau-record-plus-de-200-000-repas-prepares-pour-la-premiere-fois\/#breadcrumb"},"inLanguage":"fr-BE","potentialAction":[{"@type":"ReadAction","target":["https:\/\/vieassociative.be\/actualites\/la-cuisine-centrale-de-dg-atteint-un-nouveau-record-plus-de-200-000-repas-prepares-pour-la-premiere-fois\/"]}]},{"@type":"ImageObject","inLanguage":"fr-BE","@id":"https:\/\/vieassociative.be\/actualites\/la-cuisine-centrale-de-dg-atteint-un-nouveau-record-plus-de-200-000-repas-prepares-pour-la-premiere-fois\/#primaryimage","url":"https:\/\/vieassociative.be\/actualites\/wp-content\/uploads\/2025\/11\/1762546674_La-cuisine-centrale-de-DG-atteint-un-nouveau-record.jpg","contentUrl":"https:\/\/vieassociative.be\/actualites\/wp-content\/uploads\/2025\/11\/1762546674_La-cuisine-centrale-de-DG-atteint-un-nouveau-record.jpg","width":2560,"height":852,"caption":"La cuisine centrale de DG atteint un nouveau record : plus de 200 000 repas pr\u00e9par\u00e9s pour la premi\u00e8re fois"},{"@type":"BreadcrumbList","@id":"https:\/\/vieassociative.be\/actualites\/la-cuisine-centrale-de-dg-atteint-un-nouveau-record-plus-de-200-000-repas-prepares-pour-la-premiere-fois\/#breadcrumb","itemListElement":[{"@type":"ListItem","position":1,"name":"Accueil","item":"https:\/\/vieassociative.be\/actualites\/"},{"@type":"ListItem","position":2,"name":"La cuisine centrale de DG atteint un nouveau record : plus de 200 000 repas pr\u00e9par\u00e9s pour la premi\u00e8re fois"}]},{"@type":"WebSite","@id":"https:\/\/vieassociative.be\/actualites\/#website","url":"https:\/\/vieassociative.be\/actualites\/","name":"Vie Associative","description":"","publisher":{"@id":"https:\/\/vieassociative.be\/actualites\/#organization"},"potentialAction":[{"@type":"SearchAction","target":{"@type":"EntryPoint","urlTemplate":"https:\/\/vieassociative.be\/actualites\/?s={search_term_string}"},"query-input":{"@type":"PropertyValueSpecification","valueRequired":true,"valueName":"search_term_string"}}],"inLanguage":"fr-BE"},{"@type":"Organization","@id":"https:\/\/vieassociative.be\/actualites\/#organization","name":"Vie Associative","url":"https:\/\/vieassociative.be\/actualites\/","logo":{"@type":"ImageObject","inLanguage":"fr-BE","@id":"https:\/\/vieassociative.be\/actualites\/#\/schema\/logo\/image\/","url":"https:\/\/vieassociative.be\/actualites\/wp-content\/uploads\/2024\/09\/cropped-vieassociative_favicon.ico.png","contentUrl":"https:\/\/vieassociative.be\/actualites\/wp-content\/uploads\/2024\/09\/cropped-vieassociative_favicon.ico.png","width":512,"height":512,"caption":"Vie Associative"},"image":{"@id":"https:\/\/vieassociative.be\/actualites\/#\/schema\/logo\/image\/"}},{"@type":"Person","@id":"https:\/\/vieassociative.be\/actualites\/#\/schema\/person\/b87ac4f82f9d4e7b7cec7395b679edc4","name":"Julien","image":{"@type":"ImageObject","inLanguage":"fr-BE","@id":"https:\/\/vieassociative.be\/actualites\/#\/schema\/person\/image\/","url":"https:\/\/vieassociative.be\/actualites\/wp-content\/uploads\/2024\/09\/vie-associative-1-150x150.jpg","contentUrl":"https:\/\/vieassociative.be\/actualites\/wp-content\/uploads\/2024\/09\/vie-associative-1-150x150.jpg","caption":"Julien"},"description":"Je suis Julien, r\u00e9dacteur pour Vie Associative. Passionn\u00e9 par le monde associatif depuis plus de 10 ans, j'ai \u00e0 c\u0153ur de partager des histoires inspirantes et de mettre en lumi\u00e8re les initiatives locales. Mon objectif est de sensibiliser et d'encourager l'engagement communautaire \u00e0 travers mes articles.","sameAs":["https:\/\/vieassociative.be\/"]}]}},"_links":{"self":[{"href":"https:\/\/vieassociative.be\/actualites\/wp-json\/wp\/v2\/posts\/11175"}],"collection":[{"href":"https:\/\/vieassociative.be\/actualites\/wp-json\/wp\/v2\/posts"}],"about":[{"href":"https:\/\/vieassociative.be\/actualites\/wp-json\/wp\/v2\/types\/post"}],"author":[{"embeddable":true,"href":"https:\/\/vieassociative.be\/actualites\/wp-json\/wp\/v2\/users\/1"}],"replies":[{"embeddable":true,"href":"https:\/\/vieassociative.be\/actualites\/wp-json\/wp\/v2\/comments?post=11175"}],"version-history":[{"count":0,"href":"https:\/\/vieassociative.be\/actualites\/wp-json\/wp\/v2\/posts\/11175\/revisions"}],"wp:featuredmedia":[{"embeddable":true,"href":"https:\/\/vieassociative.be\/actualites\/wp-json\/wp\/v2\/media\/11176"}],"wp:attachment":[{"href":"https:\/\/vieassociative.be\/actualites\/wp-json\/wp\/v2\/media?parent=11175"}],"wp:term":[{"taxonomy":"category","embeddable":true,"href":"https:\/\/vieassociative.be\/actualites\/wp-json\/wp\/v2\/categories?post=11175"},{"taxonomy":"post_tag","embeddable":true,"href":"https:\/\/vieassociative.be\/actualites\/wp-json\/wp\/v2\/tags?post=11175"}],"curies":[{"name":"wp","href":"https:\/\/api.w.org\/{rel}","templated":true}]}}