{"id":11171,"date":"2025-11-07T15:18:16","date_gmt":"2025-11-07T14:18:16","guid":{"rendered":"https:\/\/vieassociative.be\/actualites\/le-selectionneur-national-garcia-a-convoque-deux-nouveaux-venus-ngoy-et-vermant-dans-lequipe-des-diables-rouges\/"},"modified":"2025-11-07T15:18:16","modified_gmt":"2025-11-07T14:18:16","slug":"le-selectionneur-national-garcia-a-convoque-deux-nouveaux-venus-ngoy-et-vermant-dans-lequipe-des-diables-rouges","status":"publish","type":"post","link":"https:\/\/vieassociative.be\/actualites\/le-selectionneur-national-garcia-a-convoque-deux-nouveaux-venus-ngoy-et-vermant-dans-lequipe-des-diables-rouges\/","title":{"rendered":"Le s\u00e9lectionneur national Garcia a convoqu\u00e9 deux nouveaux venus, Ngoy et Vermant, dans l&rsquo;\u00e9quipe des Diables Rouges."},"content":{"rendered":"<p><strong>L&rsquo;entra\u00eeneur des Diables Rouges Rudi Garcia a annonc\u00e9 sa liste de 26 joueurs qui affronteront le Kazakhstan \u00e0 Astana (le 15 novembre \u00e0 15h) et \u00e0 Sclessin contre le Liechtenstein (le 18 novembre \u00e0 20h45).<\/strong><\/p>\n<p><span id=\"more-429109\"><\/span>Les Diables Rouges disputeront les deux derniers matchs de qualification pour la Coupe du Monde 2026 les 15 et 18 novembre. L&rsquo;\u00e9quipe de Rudi Garcia se rendra d&rsquo;abord au Kazakhstan avant d&rsquo;affronter le Liechtenstein \u00e0 Sclessin. Deux adversaires que notre \u00e9quipe nationale peut d\u00e9finitivement battre.<\/p>\n<p>Au classement, il ne manque plus aux Belges que trois points pour se qualifier directement pour le tournoi qui se d\u00e9roulera en juin prochain aux Etats-Unis, au Canada et au Mexique.<\/p>\n<div id=\"attachment_426173\" class=\"wp-caption alignleft\" style=\"max-width: 300px\"><img fetchpriority=\"high\" decoding=\"async\" class=\"wp-image-426173 size-medium\" src=\"https:\/\/vieassociative.be\/actualites\/wp-content\/uploads\/2025\/11\/Le-selectionneur-national-Garcia-a-convoque-deux-nouveaux-venus-Ngoy.jpg\" alt=\"\" width=\"300\" height=\"198\"><\/div>\n<p>Pour cette liste d\u00e9finitive de 2025, le s\u00e9lectionneur fran\u00e7ais devra une nouvelle fois composer avec de nombreuses blessures. Outre Romelu Lukaku (SSC Naples), d\u00e9j\u00e0 absent lors des deux derni\u00e8res rencontres, Zeno Debast (Sporting Lisbonne), Kevin de Bruyne (SSC Naples) et Malick Fofana (Olympique de Lyon) ne seront pas non plus l\u00e0.<\/p>\n<p>En remplacement, Rudi Garcia a d\u00e9cid\u00e9 de nommer pour la premi\u00e8re fois Nathan Ngoy (OSC Lille) et Romeo Vermant (FC Bruges). Il rappelle \u00e9galement Diego Moreira (RC Strasbourg), d\u00e9j\u00e0 pr\u00e9sent en septembre. Youri Tielemans (Aston Villa) est revenu apr\u00e8s quelques minutes de jeu en Ligue Europa jeudi (\u00ab\u00a0Nous sommes en contact avec lui et son staff, je suis content qu&rsquo;il ait encore eu du temps de jeu jeudi. Il n&rsquo;a pas encore jou\u00e9 90 minutes, mais nous esp\u00e9rons qu&rsquo;il est compl\u00e8tement r\u00e9tabli\u00a0\u00bb).<\/p>\n<p>\u00ab\u00a0Par rapport \u00e0 la s\u00e9lection d&rsquo;octobre, nous avons quelques blessures et un joueur suspendu pour le match au Kazakhstan : Thomas Meunier. C&rsquo;est pour cela que nous avons d\u00fb apporter du sang neuf. Vermant et Ngoy sont l\u00e0 parce qu&rsquo;ils le m\u00e9ritent. Nous allons les conna\u00eetre comme joueurs et comme personnes lors de ce stage\u00a0\u00bb, a expliqu\u00e9 Garcia, qui a \u00e9galement justifi\u00e9 l&rsquo;absence de Michy Batshuayi (Eintracht Frankfurt) : \u00ab\u00a0Il y a d&rsquo;autres attaquants qui jouent plus que lui et ce stage est l&rsquo;occasion de pr\u00e9senter de nouveaux joueurs. \u00a0\u00bb Je ne dois pas n\u00e9cessairement le revoir \u00e0 cette r\u00e9union.<\/p>\n<\/p>\n<div id=\"attachment_380224\" class=\"wp-caption alignleft\" style=\"max-width: 300px\"><img decoding=\"async\" class=\"wp-image-380224 size-medium\" src=\"https:\/\/vieassociative.be\/actualites\/wp-content\/uploads\/2025\/11\/1762525096_573_Le-selectionneur-national-Garcia-a-convoque-deux-nouveaux-venus-Ngoy.jpg\" alt=\"\" width=\"300\" height=\"216\"><\/div>\n<p>Lors de la conf\u00e9rence de presse de vendredi, Garcia n&rsquo;a cess\u00e9 de souligner que les Diables Rouges ne sont pas encore d\u00e9finitivement qualifi\u00e9s pour la Coupe du Monde 2026 et qu&rsquo;ils souhaitent sceller leur qualification d\u00e8s le premier match au Kazakhstan. (cr\u00e9er)<\/p>\n<p><strong>Voici l&rsquo;\u00e9quipe de 26 joueurs pour les deux derniers \u00e9liminatoires de la Coupe du Monde au Kazakhstan et contre le Liechtenstein :<\/strong><\/p>\n<p><strong>Gardien de but:<\/strong> Thibaut Courtois (Real Madrid), Senne Lammens (Manchester United), Matz Sels (Nottingham Forrest), Maarten Vandevoordt (RB Leipzig).<\/p>\n<p><strong>D\u00e9fense:<\/strong> Timothy Castagne (FC Fulham), Maxim De Cuyper (Brighton &#038; Hove Albion), Koni De Winter (AC Milan), Brandon Mechele (FC Bruges), Thomas Meunier (OSC Lille), Diego Moreira (RC Strasbourg), Nathan Ngoy (OSC Lille), Joaquin Seys (FC Bruges), Arthur Theate (Eintracht Francfort).<\/p>\n<p><strong>Milieu de terrain\u00a0:<\/strong> Amadou Onana (Aston Villa), Nicolas Raskin (Glasgow Rangers), Youri Tielemans (Aston Villa), Hans Vanaken (FC Bruges), Charles Vanhoutte (OGC Nice), Axel Witsel (FC G\u00e9rone).<\/p>\n<p><strong>Attaque:<\/strong> Charles De Ketelaere (Atalanta Bergame), J\u00e9r\u00e9my Doku (Manchester City), Dodi Lukebakio (Benfica Lisbonne), Lois Openda (Juventus Turin), Alexis Saelemaekers (AC Milan), Leandro Trossard (Arsenal Londres), Romeo Vermant (FC Bruges).<\/p>\n<p><strong><em>Sur le sujet, voir aussi l&rsquo;article suivant sur l&rsquo;OD :<\/em><\/strong><\/p>\n<div class=\"responsive-embed widescreen\">\n<blockquote class=\"wp-embedded-content\" data-secret=\"XgceSLg7nC\">\n<p>Le nouveau maillot domicile des Diables Rouges a \u00e9t\u00e9 officiellement d\u00e9voil\u00e9<\/p>\n<\/blockquote>\n<p><iframe loading=\"lazy\" class=\"wp-embedded-content\" sandbox=\"allow-scripts\" security=\"restricted\" style=\"position: absolute; visibility: hidden;\" title=\"\u201eDas neue Heimtrikot der Roten Teufel wurde offiziell vorgestellt\u201c \u2014 Ostbelgien Direkt\" src=\"https:\/\/ostbelgiendirekt.be\/about:blank\" data-secret=\"XgceSLg7nC\" width=\"500\" height=\"282\" frameborder=\"0\" marginwidth=\"0\" marginheight=\"0\" scrolling=\"no\" data-rocket-lazyload=\"fitvidscompatible\" data-lazy-src=\"https:\/\/ostbelgiendirekt.be\/neuer-heimtrikot-rote-teufel-429007\/embed#?secret=qAMhoUnS1x#?secret=XgceSLg7nC\"><\/iframe><noscript><iframe class=\"wp-embedded-content\" sandbox=\"allow-scripts\" security=\"restricted\" style=\"position: absolute; visibility: hidden;\" title=\"\u201eDas neue Heimtrikot der Roten Teufel wurde offiziell vorgestellt\u201c \u2014 Ostbelgien Direkt\" src=\"https:\/\/ostbelgiendirekt.be\/neuer-heimtrikot-rote-teufel-429007\/embed#?secret=qAMhoUnS1x#?secret=XgceSLg7nC\" data-secret=\"XgceSLg7nC\" width=\"500\" height=\"282\" frameborder=\"0\" marginwidth=\"0\" marginheight=\"0\" scrolling=\"no\"><\/iframe><\/noscript><\/p>\n<\/div>\n","protected":false},"excerpt":{"rendered":"<p>L&rsquo;entra\u00eeneur des Diables Rouges Rudi Garcia a annonc\u00e9 sa liste de 26 joueurs qui affronteront le Kazakhstan \u00e0 Astana (le 15 novembre \u00e0 15h) et<\/p>\n","protected":false},"author":1,"featured_media":11172,"comment_status":"","ping_status":"","sticky":false,"template":"","format":"standard","meta":{"footnotes":""},"categories":[298],"tags":[9177,166,29,114,2389,4939,537,4580,9178,2052,2366,8912,8799,9179],"class_list":["post-11171","post","type-post","status-publish","format-standard","has-post-thumbnail","hentry","category-belgique","tag-convoque","tag-dans","tag-des","tag-deux","tag-diables","tag-garcia","tag-lequipe","tag-national","tag-ngoy","tag-nouveaux","tag-rouges","tag-selectionneur","tag-venus","tag-vermant","generate-columns","tablet-grid-50","mobile-grid-100","grid-parent","grid-33"],"yoast_head":"<!-- This site is optimized with the Yoast SEO plugin v24.0 - https:\/\/yoast.com\/wordpress\/plugins\/seo\/ -->\n<title>Le s\u00e9lectionneur national Garcia a convoqu\u00e9 deux nouveaux venus, Ngoy et Vermant, dans l&#039;\u00e9quipe des Diables Rouges. | Vie Associative<\/title>\n<meta name=\"robots\" content=\"index, follow, max-snippet:-1, max-image-preview:large, max-video-preview:-1\" \/>\n<link rel=\"canonical\" href=\"https:\/\/vieassociative.be\/actualites\/le-selectionneur-national-garcia-a-convoque-deux-nouveaux-venus-ngoy-et-vermant-dans-lequipe-des-diables-rouges\/\" \/>\n<meta property=\"og:locale\" content=\"fr_FR\" \/>\n<meta property=\"og:type\" content=\"article\" \/>\n<meta property=\"og:title\" content=\"Le s\u00e9lectionneur national Garcia a convoqu\u00e9 deux nouveaux venus, Ngoy et Vermant, dans l&#039;\u00e9quipe des Diables Rouges. | Vie Associative\" \/>\n<meta property=\"og:description\" content=\"L&rsquo;entra\u00eeneur des Diables Rouges Rudi Garcia a annonc\u00e9 sa liste de 26 joueurs qui affronteront le Kazakhstan \u00e0 Astana (le 15 novembre \u00e0 15h) et\" \/>\n<meta property=\"og:url\" content=\"https:\/\/vieassociative.be\/actualites\/le-selectionneur-national-garcia-a-convoque-deux-nouveaux-venus-ngoy-et-vermant-dans-lequipe-des-diables-rouges\/\" \/>\n<meta property=\"og:site_name\" content=\"Vie Associative\" \/>\n<meta property=\"article:published_time\" content=\"2025-11-07T14:18:16+00:00\" \/>\n<meta property=\"og:image\" content=\"https:\/\/vieassociative.be\/actualites\/wp-content\/uploads\/2024\/09\/header_backgroundk-01-e1726694325946.png\" \/>\n\t<meta property=\"og:image:width\" content=\"279\" \/>\n\t<meta property=\"og:image:height\" content=\"92\" \/>\n\t<meta property=\"og:image:type\" content=\"image\/png\" \/>\n<meta name=\"author\" content=\"Julien\" \/>\n<meta name=\"twitter:card\" content=\"summary_large_image\" \/>\n<meta name=\"twitter:label1\" content=\"\u00c9crit par\" \/>\n\t<meta name=\"twitter:data1\" content=\"Julien\" \/>\n\t<meta name=\"twitter:label2\" content=\"Dur\u00e9e de lecture est.\" \/>\n\t<meta name=\"twitter:data2\" content=\"3 minutes\" \/>\n<script type=\"application\/ld+json\" class=\"yoast-schema-graph\">{\"@context\":\"https:\/\/schema.org\",\"@graph\":[{\"@type\":\"Article\",\"@id\":\"https:\/\/vieassociative.be\/actualites\/le-selectionneur-national-garcia-a-convoque-deux-nouveaux-venus-ngoy-et-vermant-dans-lequipe-des-diables-rouges\/#article\",\"isPartOf\":{\"@id\":\"https:\/\/vieassociative.be\/actualites\/le-selectionneur-national-garcia-a-convoque-deux-nouveaux-venus-ngoy-et-vermant-dans-lequipe-des-diables-rouges\/\"},\"author\":{\"name\":\"Julien\",\"@id\":\"https:\/\/vieassociative.be\/actualites\/#\/schema\/person\/b87ac4f82f9d4e7b7cec7395b679edc4\"},\"headline\":\"Le s\u00e9lectionneur national Garcia a convoqu\u00e9 deux nouveaux venus, Ngoy et Vermant, dans l&rsquo;\u00e9quipe des Diables Rouges.\",\"datePublished\":\"2025-11-07T14:18:16+00:00\",\"dateModified\":\"2025-11-07T14:18:16+00:00\",\"mainEntityOfPage\":{\"@id\":\"https:\/\/vieassociative.be\/actualites\/le-selectionneur-national-garcia-a-convoque-deux-nouveaux-venus-ngoy-et-vermant-dans-lequipe-des-diables-rouges\/\"},\"wordCount\":592,\"publisher\":{\"@id\":\"https:\/\/vieassociative.be\/actualites\/#organization\"},\"image\":{\"@id\":\"https:\/\/vieassociative.be\/actualites\/le-selectionneur-national-garcia-a-convoque-deux-nouveaux-venus-ngoy-et-vermant-dans-lequipe-des-diables-rouges\/#primaryimage\"},\"thumbnailUrl\":\"https:\/\/vieassociative.be\/actualites\/wp-content\/uploads\/2025\/11\/1762525097_Le-selectionneur-national-Garcia-a-convoque-deux-nouveaux-venus-Ngoy.jpg\",\"keywords\":[\"convoqu\u00e9\",\"dans\",\"Des\",\"deux\",\"Diables\",\"Garcia\",\"l\u00e9quipe\",\"National\",\"Ngoy\",\"nouveaux\",\"rouges\",\"s\u00e9lectionneur\",\"V\u00e9nus\",\"Vermant\"],\"articleSection\":[\"Belgique\"],\"inLanguage\":\"fr-BE\"},{\"@type\":\"WebPage\",\"@id\":\"https:\/\/vieassociative.be\/actualites\/le-selectionneur-national-garcia-a-convoque-deux-nouveaux-venus-ngoy-et-vermant-dans-lequipe-des-diables-rouges\/\",\"url\":\"https:\/\/vieassociative.be\/actualites\/le-selectionneur-national-garcia-a-convoque-deux-nouveaux-venus-ngoy-et-vermant-dans-lequipe-des-diables-rouges\/\",\"name\":\"Le s\u00e9lectionneur national Garcia a convoqu\u00e9 deux nouveaux venus, Ngoy et Vermant, dans l'\u00e9quipe des Diables Rouges. | Vie Associative\",\"isPartOf\":{\"@id\":\"https:\/\/vieassociative.be\/actualites\/#website\"},\"primaryImageOfPage\":{\"@id\":\"https:\/\/vieassociative.be\/actualites\/le-selectionneur-national-garcia-a-convoque-deux-nouveaux-venus-ngoy-et-vermant-dans-lequipe-des-diables-rouges\/#primaryimage\"},\"image\":{\"@id\":\"https:\/\/vieassociative.be\/actualites\/le-selectionneur-national-garcia-a-convoque-deux-nouveaux-venus-ngoy-et-vermant-dans-lequipe-des-diables-rouges\/#primaryimage\"},\"thumbnailUrl\":\"https:\/\/vieassociative.be\/actualites\/wp-content\/uploads\/2025\/11\/1762525097_Le-selectionneur-national-Garcia-a-convoque-deux-nouveaux-venus-Ngoy.jpg\",\"datePublished\":\"2025-11-07T14:18:16+00:00\",\"dateModified\":\"2025-11-07T14:18:16+00:00\",\"breadcrumb\":{\"@id\":\"https:\/\/vieassociative.be\/actualites\/le-selectionneur-national-garcia-a-convoque-deux-nouveaux-venus-ngoy-et-vermant-dans-lequipe-des-diables-rouges\/#breadcrumb\"},\"inLanguage\":\"fr-BE\",\"potentialAction\":[{\"@type\":\"ReadAction\",\"target\":[\"https:\/\/vieassociative.be\/actualites\/le-selectionneur-national-garcia-a-convoque-deux-nouveaux-venus-ngoy-et-vermant-dans-lequipe-des-diables-rouges\/\"]}]},{\"@type\":\"ImageObject\",\"inLanguage\":\"fr-BE\",\"@id\":\"https:\/\/vieassociative.be\/actualites\/le-selectionneur-national-garcia-a-convoque-deux-nouveaux-venus-ngoy-et-vermant-dans-lequipe-des-diables-rouges\/#primaryimage\",\"url\":\"https:\/\/vieassociative.be\/actualites\/wp-content\/uploads\/2025\/11\/1762525097_Le-selectionneur-national-Garcia-a-convoque-deux-nouveaux-venus-Ngoy.jpg\",\"contentUrl\":\"https:\/\/vieassociative.be\/actualites\/wp-content\/uploads\/2025\/11\/1762525097_Le-selectionneur-national-Garcia-a-convoque-deux-nouveaux-venus-Ngoy.jpg\",\"width\":1200,\"height\":800,\"caption\":\"Le s\u00e9lectionneur national Garcia a convoqu\u00e9 deux nouveaux venus, Ngoy et Vermant, dans l'\u00e9quipe des Diables Rouges.\"},{\"@type\":\"BreadcrumbList\",\"@id\":\"https:\/\/vieassociative.be\/actualites\/le-selectionneur-national-garcia-a-convoque-deux-nouveaux-venus-ngoy-et-vermant-dans-lequipe-des-diables-rouges\/#breadcrumb\",\"itemListElement\":[{\"@type\":\"ListItem\",\"position\":1,\"name\":\"Accueil\",\"item\":\"https:\/\/vieassociative.be\/actualites\/\"},{\"@type\":\"ListItem\",\"position\":2,\"name\":\"Le s\u00e9lectionneur national Garcia a convoqu\u00e9 deux nouveaux venus, Ngoy et Vermant, dans l&rsquo;\u00e9quipe des Diables Rouges.\"}]},{\"@type\":\"WebSite\",\"@id\":\"https:\/\/vieassociative.be\/actualites\/#website\",\"url\":\"https:\/\/vieassociative.be\/actualites\/\",\"name\":\"Vie Associative\",\"description\":\"\",\"publisher\":{\"@id\":\"https:\/\/vieassociative.be\/actualites\/#organization\"},\"potentialAction\":[{\"@type\":\"SearchAction\",\"target\":{\"@type\":\"EntryPoint\",\"urlTemplate\":\"https:\/\/vieassociative.be\/actualites\/?s={search_term_string}\"},\"query-input\":{\"@type\":\"PropertyValueSpecification\",\"valueRequired\":true,\"valueName\":\"search_term_string\"}}],\"inLanguage\":\"fr-BE\"},{\"@type\":\"Organization\",\"@id\":\"https:\/\/vieassociative.be\/actualites\/#organization\",\"name\":\"Vie Associative\",\"url\":\"https:\/\/vieassociative.be\/actualites\/\",\"logo\":{\"@type\":\"ImageObject\",\"inLanguage\":\"fr-BE\",\"@id\":\"https:\/\/vieassociative.be\/actualites\/#\/schema\/logo\/image\/\",\"url\":\"https:\/\/vieassociative.be\/actualites\/wp-content\/uploads\/2024\/09\/cropped-vieassociative_favicon.ico.png\",\"contentUrl\":\"https:\/\/vieassociative.be\/actualites\/wp-content\/uploads\/2024\/09\/cropped-vieassociative_favicon.ico.png\",\"width\":512,\"height\":512,\"caption\":\"Vie Associative\"},\"image\":{\"@id\":\"https:\/\/vieassociative.be\/actualites\/#\/schema\/logo\/image\/\"}},{\"@type\":\"Person\",\"@id\":\"https:\/\/vieassociative.be\/actualites\/#\/schema\/person\/b87ac4f82f9d4e7b7cec7395b679edc4\",\"name\":\"Julien\",\"image\":{\"@type\":\"ImageObject\",\"inLanguage\":\"fr-BE\",\"@id\":\"https:\/\/vieassociative.be\/actualites\/#\/schema\/person\/image\/\",\"url\":\"https:\/\/vieassociative.be\/actualites\/wp-content\/uploads\/2024\/09\/vie-associative-1-150x150.jpg\",\"contentUrl\":\"https:\/\/vieassociative.be\/actualites\/wp-content\/uploads\/2024\/09\/vie-associative-1-150x150.jpg\",\"caption\":\"Julien\"},\"description\":\"Je suis Julien, r\u00e9dacteur pour Vie Associative. Passionn\u00e9 par le monde associatif depuis plus de 10 ans, j'ai \u00e0 c\u0153ur de partager des histoires inspirantes et de mettre en lumi\u00e8re les initiatives locales. Mon objectif est de sensibiliser et d'encourager l'engagement communautaire \u00e0 travers mes articles.\",\"sameAs\":[\"https:\/\/vieassociative.be\/\"]}]}<\/script>\n<!-- \/ Yoast SEO plugin. -->","yoast_head_json":{"title":"Le s\u00e9lectionneur national Garcia a convoqu\u00e9 deux nouveaux venus, Ngoy et Vermant, dans l'\u00e9quipe des Diables Rouges. | Vie Associative","robots":{"index":"index","follow":"follow","max-snippet":"max-snippet:-1","max-image-preview":"max-image-preview:large","max-video-preview":"max-video-preview:-1"},"canonical":"https:\/\/vieassociative.be\/actualites\/le-selectionneur-national-garcia-a-convoque-deux-nouveaux-venus-ngoy-et-vermant-dans-lequipe-des-diables-rouges\/","og_locale":"fr_FR","og_type":"article","og_title":"Le s\u00e9lectionneur national Garcia a convoqu\u00e9 deux nouveaux venus, Ngoy et Vermant, dans l'\u00e9quipe des Diables Rouges. | Vie Associative","og_description":"L&rsquo;entra\u00eeneur des Diables Rouges Rudi Garcia a annonc\u00e9 sa liste de 26 joueurs qui affronteront le Kazakhstan \u00e0 Astana (le 15 novembre \u00e0 15h) et","og_url":"https:\/\/vieassociative.be\/actualites\/le-selectionneur-national-garcia-a-convoque-deux-nouveaux-venus-ngoy-et-vermant-dans-lequipe-des-diables-rouges\/","og_site_name":"Vie Associative","article_published_time":"2025-11-07T14:18:16+00:00","og_image":[{"width":279,"height":92,"url":"https:\/\/vieassociative.be\/actualites\/wp-content\/uploads\/2024\/09\/header_backgroundk-01-e1726694325946.png","type":"image\/png"}],"author":"Julien","twitter_card":"summary_large_image","twitter_misc":{"\u00c9crit par":"Julien","Dur\u00e9e de lecture est.":"3 minutes"},"schema":{"@context":"https:\/\/schema.org","@graph":[{"@type":"Article","@id":"https:\/\/vieassociative.be\/actualites\/le-selectionneur-national-garcia-a-convoque-deux-nouveaux-venus-ngoy-et-vermant-dans-lequipe-des-diables-rouges\/#article","isPartOf":{"@id":"https:\/\/vieassociative.be\/actualites\/le-selectionneur-national-garcia-a-convoque-deux-nouveaux-venus-ngoy-et-vermant-dans-lequipe-des-diables-rouges\/"},"author":{"name":"Julien","@id":"https:\/\/vieassociative.be\/actualites\/#\/schema\/person\/b87ac4f82f9d4e7b7cec7395b679edc4"},"headline":"Le s\u00e9lectionneur national Garcia a convoqu\u00e9 deux nouveaux venus, Ngoy et Vermant, dans l&rsquo;\u00e9quipe des Diables Rouges.","datePublished":"2025-11-07T14:18:16+00:00","dateModified":"2025-11-07T14:18:16+00:00","mainEntityOfPage":{"@id":"https:\/\/vieassociative.be\/actualites\/le-selectionneur-national-garcia-a-convoque-deux-nouveaux-venus-ngoy-et-vermant-dans-lequipe-des-diables-rouges\/"},"wordCount":592,"publisher":{"@id":"https:\/\/vieassociative.be\/actualites\/#organization"},"image":{"@id":"https:\/\/vieassociative.be\/actualites\/le-selectionneur-national-garcia-a-convoque-deux-nouveaux-venus-ngoy-et-vermant-dans-lequipe-des-diables-rouges\/#primaryimage"},"thumbnailUrl":"https:\/\/vieassociative.be\/actualites\/wp-content\/uploads\/2025\/11\/1762525097_Le-selectionneur-national-Garcia-a-convoque-deux-nouveaux-venus-Ngoy.jpg","keywords":["convoqu\u00e9","dans","Des","deux","Diables","Garcia","l\u00e9quipe","National","Ngoy","nouveaux","rouges","s\u00e9lectionneur","V\u00e9nus","Vermant"],"articleSection":["Belgique"],"inLanguage":"fr-BE"},{"@type":"WebPage","@id":"https:\/\/vieassociative.be\/actualites\/le-selectionneur-national-garcia-a-convoque-deux-nouveaux-venus-ngoy-et-vermant-dans-lequipe-des-diables-rouges\/","url":"https:\/\/vieassociative.be\/actualites\/le-selectionneur-national-garcia-a-convoque-deux-nouveaux-venus-ngoy-et-vermant-dans-lequipe-des-diables-rouges\/","name":"Le s\u00e9lectionneur national Garcia a convoqu\u00e9 deux nouveaux venus, Ngoy et Vermant, dans l'\u00e9quipe des Diables Rouges. | Vie Associative","isPartOf":{"@id":"https:\/\/vieassociative.be\/actualites\/#website"},"primaryImageOfPage":{"@id":"https:\/\/vieassociative.be\/actualites\/le-selectionneur-national-garcia-a-convoque-deux-nouveaux-venus-ngoy-et-vermant-dans-lequipe-des-diables-rouges\/#primaryimage"},"image":{"@id":"https:\/\/vieassociative.be\/actualites\/le-selectionneur-national-garcia-a-convoque-deux-nouveaux-venus-ngoy-et-vermant-dans-lequipe-des-diables-rouges\/#primaryimage"},"thumbnailUrl":"https:\/\/vieassociative.be\/actualites\/wp-content\/uploads\/2025\/11\/1762525097_Le-selectionneur-national-Garcia-a-convoque-deux-nouveaux-venus-Ngoy.jpg","datePublished":"2025-11-07T14:18:16+00:00","dateModified":"2025-11-07T14:18:16+00:00","breadcrumb":{"@id":"https:\/\/vieassociative.be\/actualites\/le-selectionneur-national-garcia-a-convoque-deux-nouveaux-venus-ngoy-et-vermant-dans-lequipe-des-diables-rouges\/#breadcrumb"},"inLanguage":"fr-BE","potentialAction":[{"@type":"ReadAction","target":["https:\/\/vieassociative.be\/actualites\/le-selectionneur-national-garcia-a-convoque-deux-nouveaux-venus-ngoy-et-vermant-dans-lequipe-des-diables-rouges\/"]}]},{"@type":"ImageObject","inLanguage":"fr-BE","@id":"https:\/\/vieassociative.be\/actualites\/le-selectionneur-national-garcia-a-convoque-deux-nouveaux-venus-ngoy-et-vermant-dans-lequipe-des-diables-rouges\/#primaryimage","url":"https:\/\/vieassociative.be\/actualites\/wp-content\/uploads\/2025\/11\/1762525097_Le-selectionneur-national-Garcia-a-convoque-deux-nouveaux-venus-Ngoy.jpg","contentUrl":"https:\/\/vieassociative.be\/actualites\/wp-content\/uploads\/2025\/11\/1762525097_Le-selectionneur-national-Garcia-a-convoque-deux-nouveaux-venus-Ngoy.jpg","width":1200,"height":800,"caption":"Le s\u00e9lectionneur national Garcia a convoqu\u00e9 deux nouveaux venus, Ngoy et Vermant, dans l'\u00e9quipe des Diables Rouges."},{"@type":"BreadcrumbList","@id":"https:\/\/vieassociative.be\/actualites\/le-selectionneur-national-garcia-a-convoque-deux-nouveaux-venus-ngoy-et-vermant-dans-lequipe-des-diables-rouges\/#breadcrumb","itemListElement":[{"@type":"ListItem","position":1,"name":"Accueil","item":"https:\/\/vieassociative.be\/actualites\/"},{"@type":"ListItem","position":2,"name":"Le s\u00e9lectionneur national Garcia a convoqu\u00e9 deux nouveaux venus, Ngoy et Vermant, dans l&rsquo;\u00e9quipe des Diables Rouges."}]},{"@type":"WebSite","@id":"https:\/\/vieassociative.be\/actualites\/#website","url":"https:\/\/vieassociative.be\/actualites\/","name":"Vie Associative","description":"","publisher":{"@id":"https:\/\/vieassociative.be\/actualites\/#organization"},"potentialAction":[{"@type":"SearchAction","target":{"@type":"EntryPoint","urlTemplate":"https:\/\/vieassociative.be\/actualites\/?s={search_term_string}"},"query-input":{"@type":"PropertyValueSpecification","valueRequired":true,"valueName":"search_term_string"}}],"inLanguage":"fr-BE"},{"@type":"Organization","@id":"https:\/\/vieassociative.be\/actualites\/#organization","name":"Vie Associative","url":"https:\/\/vieassociative.be\/actualites\/","logo":{"@type":"ImageObject","inLanguage":"fr-BE","@id":"https:\/\/vieassociative.be\/actualites\/#\/schema\/logo\/image\/","url":"https:\/\/vieassociative.be\/actualites\/wp-content\/uploads\/2024\/09\/cropped-vieassociative_favicon.ico.png","contentUrl":"https:\/\/vieassociative.be\/actualites\/wp-content\/uploads\/2024\/09\/cropped-vieassociative_favicon.ico.png","width":512,"height":512,"caption":"Vie Associative"},"image":{"@id":"https:\/\/vieassociative.be\/actualites\/#\/schema\/logo\/image\/"}},{"@type":"Person","@id":"https:\/\/vieassociative.be\/actualites\/#\/schema\/person\/b87ac4f82f9d4e7b7cec7395b679edc4","name":"Julien","image":{"@type":"ImageObject","inLanguage":"fr-BE","@id":"https:\/\/vieassociative.be\/actualites\/#\/schema\/person\/image\/","url":"https:\/\/vieassociative.be\/actualites\/wp-content\/uploads\/2024\/09\/vie-associative-1-150x150.jpg","contentUrl":"https:\/\/vieassociative.be\/actualites\/wp-content\/uploads\/2024\/09\/vie-associative-1-150x150.jpg","caption":"Julien"},"description":"Je suis Julien, r\u00e9dacteur pour Vie Associative. Passionn\u00e9 par le monde associatif depuis plus de 10 ans, j'ai \u00e0 c\u0153ur de partager des histoires inspirantes et de mettre en lumi\u00e8re les initiatives locales. Mon objectif est de sensibiliser et d'encourager l'engagement communautaire \u00e0 travers mes articles.","sameAs":["https:\/\/vieassociative.be\/"]}]}},"_links":{"self":[{"href":"https:\/\/vieassociative.be\/actualites\/wp-json\/wp\/v2\/posts\/11171"}],"collection":[{"href":"https:\/\/vieassociative.be\/actualites\/wp-json\/wp\/v2\/posts"}],"about":[{"href":"https:\/\/vieassociative.be\/actualites\/wp-json\/wp\/v2\/types\/post"}],"author":[{"embeddable":true,"href":"https:\/\/vieassociative.be\/actualites\/wp-json\/wp\/v2\/users\/1"}],"replies":[{"embeddable":true,"href":"https:\/\/vieassociative.be\/actualites\/wp-json\/wp\/v2\/comments?post=11171"}],"version-history":[{"count":0,"href":"https:\/\/vieassociative.be\/actualites\/wp-json\/wp\/v2\/posts\/11171\/revisions"}],"wp:featuredmedia":[{"embeddable":true,"href":"https:\/\/vieassociative.be\/actualites\/wp-json\/wp\/v2\/media\/11172"}],"wp:attachment":[{"href":"https:\/\/vieassociative.be\/actualites\/wp-json\/wp\/v2\/media?parent=11171"}],"wp:term":[{"taxonomy":"category","embeddable":true,"href":"https:\/\/vieassociative.be\/actualites\/wp-json\/wp\/v2\/categories?post=11171"},{"taxonomy":"post_tag","embeddable":true,"href":"https:\/\/vieassociative.be\/actualites\/wp-json\/wp\/v2\/tags?post=11171"}],"curies":[{"name":"wp","href":"https:\/\/api.w.org\/{rel}","templated":true}]}}