{"id":11155,"date":"2025-11-07T01:19:05","date_gmt":"2025-11-07T00:19:05","guid":{"rendered":"https:\/\/vieassociative.be\/actualites\/ameliorez-votre-productivite-avec-les-poches-de-temps\/"},"modified":"2025-11-07T01:19:05","modified_gmt":"2025-11-07T00:19:05","slug":"ameliorez-votre-productivite-avec-les-poches-de-temps","status":"publish","type":"post","link":"https:\/\/vieassociative.be\/actualites\/ameliorez-votre-productivite-avec-les-poches-de-temps\/","title":{"rendered":"Am\u00e9liorez votre productivit\u00e9 avec les \u00ab\u00a0poches de temps\u00a0\u00bb"},"content":{"rendered":"<div class=\"mt-4 leading-6 md:mb-8\">Transformez votre temps d&rsquo;arr\u00eat en quelque chose d&rsquo;utile en restant au courant des moments inoccup\u00e9s.<\/div>\n<p><\/p>\n<p>Je r\u00e9p\u00e8te toujours comment tout le monde devrait se familiariser et commencer \u00e0 utiliser le time boxing et le time blocking, les techniques qui vous demandent de planifier votre journ\u00e9e enti\u00e8re \u00e0 la minute pr\u00e8s, en remplissant chaque espace de votre calendrier avec des t\u00e2ches d\u00e9finies. Je maintiens mon enthousiasme pour les m\u00e9thodes, mais m\u00eame lorsque vous boxez toute la journ\u00e9e, vous remarquerez que vous vous retrouvez avec quelques poches de temps al\u00e9atoires r\u00e9parties dans votre emploi du temps. Si vous n&rsquo;avez pas de plan pour savoir quoi en faire, ils deviendront improductifs. Alors commencez \u00e0 r\u00e9fl\u00e9chir \u00e0 la mani\u00e8re dont vous pouvez maximiser votre productivit\u00e9 avec des \u00ab poches de temps \u00bb.<\/p>\n<h2 id=\"what-are-time-pockets\">Que sont les poches de temps ?<\/h2>\n<p>Les poches de temps sont de petites p\u00e9riodes de temps au cours de votre journ\u00e9e habituelle qui ne sont pas vraiment occup\u00e9es par quoi que ce soit, mais qui peuvent vous donner un avantage majeur lorsqu&rsquo;il s&rsquo;agit de r\u00e9aliser de grands projets. Ils ne sont g\u00e9n\u00e9ralement pas fiables et ne viennent pas \u00e0 la m\u00eame heure chaque jour, voire pas du tout. Supposons que vous r\u00e9serviez les 45 premi\u00e8res minutes de chaque journ\u00e9e de travail pour vous occuper de votre bo\u00eete de r\u00e9ception e-mail. Si vous terminez en 30 minutes un jour, vous disposez de 15 minutes bonus. C&rsquo;est une poche de temps. <\/p>\n<p>Parce que prendre des pauses et avoir des temps d&rsquo;arr\u00eat sont essentiels pour rester productif, vous pourriez penser que c&rsquo;est le moment id\u00e9al pour se d\u00e9tendre, parcourir les r\u00e9seaux sociaux ou autrement fl\u00e2ner, mais je ne suis pas un grand partisan de l&rsquo;utilisation de poches de temps pour se d\u00e9tendre. Tout d\u2019abord, dans l\u2019exemple ci-dessus, la poche horaire appara\u00eet \u00e0 peine 30 minutes apr\u00e8s le d\u00e9but de la journ\u00e9e de travail. Vous n\u2019avez probablement pas besoin de faire une pause \u00e0 ce stade. Deuxi\u00e8mement, vous devriez r\u00e9ellement planifier vos temps d\u2019arr\u00eat. Vous devez savoir quand cela arrive \u00e0 l&rsquo;avance, car c&rsquo;est aussi un \u00e9l\u00e9ment majeur pour \u00eatre et rester productif. S\u2019en remettre \u00e0 des poches de temps impr\u00e9visibles est une mauvaise id\u00e9e. <\/p>\n<div class=\"mx-auto mb-12 mt-5 w-full max-w-3xl rounded-md border-2 border-gray-100 p-3 shadow-md md:px-7 md:pb-7 md:pt-5\" id=\"related-video\">\n<div class=\"mb-3 flex items-center md:mb-5\">\n        <img decoding=\"async\" class=\"mr-4 mt-0 h-10 w-10 md:mr-5 md:h-12 md:w-12\" src=\"https:\/\/vieassociative.be\/actualites\/wp-content\/uploads\/2025\/09\/1757726237_608_Meta-pourrait-devoiler-une-montre-intelligente-pour-controler-ses-lunettes.jpg\" alt=\"Logo du pirate de la vie\"><\/p><\/div>\n<div class=\"aspect-video w-full overflow-hidden rounded-md\">\n<div id=\"video-container-01K9DTWQM8RPFRY14F82KTAPNA\"><\/div>\n<\/p><\/div>\n<\/div>\n<h2 id=\"two-better-ways-to-use-time-pockets\">Deux meilleures fa\u00e7ons d\u2019utiliser les poches de temps<\/h2>\n<p>La premi\u00e8re fa\u00e7on d\u2019utiliser vos petits moments libres pour faire avancer les choses est de vous engager \u00e0 respecter la r\u00e8gle des deux minutes. Cela fonctionne bien pour les plages de temps auxquelles vous ne vous attendez pas, comme dans l&rsquo;exemple ci-dessus, lorsque vous terminez une autre t\u00e2che avant l&rsquo;expiration du temps que vous lui avez imparti. Gardez une liste de t\u00e2ches simples que vous pourriez raisonnablement accomplir en deux minutes, quelle que soit leur importance, comme rassembler la vaisselle de votre espace de travail ou remplir un formulaire. Chaque fois que vous avez une poche de temps inattendue, r\u00e9f\u00e9rez-vous imm\u00e9diatement \u00e0 votre liste, choisissez le premier \u00e9l\u00e9ment et lancez-le. Chaque fois qu&rsquo;une autre t\u00e2che simple de deux minutes appara\u00eet au cours de la journ\u00e9e, ajoutez-la \u00e0 la liste afin d&rsquo;avoir toujours une r\u00e9serve de petites choses \u00e0 faire pendant les temps d&rsquo;arr\u00eat impr\u00e9vus.<\/p>\n<p>L&rsquo;autre fa\u00e7on d&rsquo;utiliser vos poches de temps est de noter dans votre emploi du temps quand vous avez une petite pause et d&rsquo;en tirer parti. Parfois, vous disposerez de 15 ou 20 minutes entre les r\u00e9unions ou les activit\u00e9s. Au lieu de chercher quelque chose \u00e0 faire avec eux sur le moment, vous devriez vous attaquer \u00e0 une plus petite partie d\u2019un projet plus vaste. La meilleure fa\u00e7on d&rsquo;y parvenir est de cr\u00e9er un tableau Kanban ou quelque chose de similaire, d\u00e9composant les t\u00e2ches importantes en t\u00e2ches plus petites et plus faciles \u00e0 g\u00e9rer. Glissez les petites t\u00e2ches des projets plus importants dans ces poches de temps \u00e9videntes de votre emploi du temps, ce qui vous aidera \u00e0 rester plus productif et concentr\u00e9 pendant la journ\u00e9e et vous aidera \u00e0 rester plus productif et plus concentr\u00e9 pendant la journ\u00e9e. <em>aussi <\/em>r\u00e9duisez \u00e0 quel point vous vous sentez d\u00e9pass\u00e9 lorsque vous travaillez sur des activit\u00e9s \u00e0 long terme. Au lieu de tout faire d\u2019un seul coup, r\u00e9partissez le travail, en le faisant dans les poches o\u00f9 vous n\u2019avez rien d\u2019autre \u00e0 faire. Dans ces cas-l\u00e0, vous devez toujours compter sur le timeboxing pour \u00e9tablir un enregistrement et un calendrier clairs, en notant clairement dans votre calendrier que pendant ces 15 ou 20 minutes, vous travaillerez sur une petite t\u00e2che. <\/p>\n","protected":false},"excerpt":{"rendered":"<p>Transformez votre temps d&rsquo;arr\u00eat en quelque chose d&rsquo;utile en restant au courant des moments inoccup\u00e9s. Je r\u00e9p\u00e8te toujours comment tout le monde devrait se familiariser<\/p>\n","protected":false},"author":1,"featured_media":11156,"comment_status":"","ping_status":"","sticky":false,"template":"","format":"standard","meta":{"footnotes":""},"categories":[43],"tags":[9170,61,14,9171,737,790,8],"class_list":["post-11155","post","type-post","status-publish","format-standard","has-post-thumbnail","hentry","category-travail","tag-ameliorez","tag-avec","tag-les","tag-poches","tag-productivite","tag-temps","tag-votre","generate-columns","tablet-grid-50","mobile-grid-100","grid-parent","grid-33"],"yoast_head":"<!-- This site is optimized with the Yoast SEO plugin v24.0 - https:\/\/yoast.com\/wordpress\/plugins\/seo\/ -->\n<title>Am\u00e9liorez votre productivit\u00e9 avec les \u00ab\u00a0poches de temps\u00a0\u00bb | Vie Associative<\/title>\n<meta name=\"robots\" content=\"index, follow, max-snippet:-1, max-image-preview:large, max-video-preview:-1\" \/>\n<link rel=\"canonical\" href=\"https:\/\/vieassociative.be\/actualites\/ameliorez-votre-productivite-avec-les-poches-de-temps\/\" \/>\n<meta property=\"og:locale\" content=\"fr_FR\" \/>\n<meta property=\"og:type\" content=\"article\" \/>\n<meta property=\"og:title\" content=\"Am\u00e9liorez votre productivit\u00e9 avec les \u00ab\u00a0poches de temps\u00a0\u00bb | Vie Associative\" \/>\n<meta property=\"og:description\" content=\"Transformez votre temps d&rsquo;arr\u00eat en quelque chose d&rsquo;utile en restant au courant des moments inoccup\u00e9s. Je r\u00e9p\u00e8te toujours comment tout le monde devrait se familiariser\" \/>\n<meta property=\"og:url\" content=\"https:\/\/vieassociative.be\/actualites\/ameliorez-votre-productivite-avec-les-poches-de-temps\/\" \/>\n<meta property=\"og:site_name\" content=\"Vie Associative\" \/>\n<meta property=\"article:published_time\" content=\"2025-11-07T00:19:05+00:00\" \/>\n<meta property=\"og:image\" content=\"https:\/\/vieassociative.be\/actualites\/wp-content\/uploads\/2025\/09\/1757726237_608_Meta-pourrait-devoiler-une-montre-intelligente-pour-controler-ses-lunettes.jpg\" \/>\n<meta name=\"author\" content=\"Julien\" \/>\n<meta name=\"twitter:card\" content=\"summary_large_image\" \/>\n<meta name=\"twitter:label1\" content=\"\u00c9crit par\" \/>\n\t<meta name=\"twitter:data1\" content=\"Julien\" \/>\n\t<meta name=\"twitter:label2\" content=\"Dur\u00e9e de lecture est.\" \/>\n\t<meta name=\"twitter:data2\" content=\"4 minutes\" \/>\n<script type=\"application\/ld+json\" class=\"yoast-schema-graph\">{\"@context\":\"https:\/\/schema.org\",\"@graph\":[{\"@type\":\"Article\",\"@id\":\"https:\/\/vieassociative.be\/actualites\/ameliorez-votre-productivite-avec-les-poches-de-temps\/#article\",\"isPartOf\":{\"@id\":\"https:\/\/vieassociative.be\/actualites\/ameliorez-votre-productivite-avec-les-poches-de-temps\/\"},\"author\":{\"name\":\"Julien\",\"@id\":\"https:\/\/vieassociative.be\/actualites\/#\/schema\/person\/b87ac4f82f9d4e7b7cec7395b679edc4\"},\"headline\":\"Am\u00e9liorez votre productivit\u00e9 avec les \u00ab\u00a0poches de temps\u00a0\u00bb\",\"datePublished\":\"2025-11-07T00:19:05+00:00\",\"dateModified\":\"2025-11-07T00:19:05+00:00\",\"mainEntityOfPage\":{\"@id\":\"https:\/\/vieassociative.be\/actualites\/ameliorez-votre-productivite-avec-les-poches-de-temps\/\"},\"wordCount\":816,\"publisher\":{\"@id\":\"https:\/\/vieassociative.be\/actualites\/#organization\"},\"image\":{\"@id\":\"https:\/\/vieassociative.be\/actualites\/ameliorez-votre-productivite-avec-les-poches-de-temps\/#primaryimage\"},\"thumbnailUrl\":\"https:\/\/vieassociative.be\/actualites\/wp-content\/uploads\/2025\/11\/Ameliorez-votre-productivite-avec-les-poches-de-temps.jpg\",\"keywords\":[\"Am\u00e9liorez\",\"avec\",\"Les\",\"poches\",\"productivit\u00e9\",\"temps\",\"votre\"],\"articleSection\":[\"Travail\"],\"inLanguage\":\"fr-BE\"},{\"@type\":\"WebPage\",\"@id\":\"https:\/\/vieassociative.be\/actualites\/ameliorez-votre-productivite-avec-les-poches-de-temps\/\",\"url\":\"https:\/\/vieassociative.be\/actualites\/ameliorez-votre-productivite-avec-les-poches-de-temps\/\",\"name\":\"Am\u00e9liorez votre productivit\u00e9 avec les \u00ab\u00a0poches de temps\u00a0\u00bb | Vie Associative\",\"isPartOf\":{\"@id\":\"https:\/\/vieassociative.be\/actualites\/#website\"},\"primaryImageOfPage\":{\"@id\":\"https:\/\/vieassociative.be\/actualites\/ameliorez-votre-productivite-avec-les-poches-de-temps\/#primaryimage\"},\"image\":{\"@id\":\"https:\/\/vieassociative.be\/actualites\/ameliorez-votre-productivite-avec-les-poches-de-temps\/#primaryimage\"},\"thumbnailUrl\":\"https:\/\/vieassociative.be\/actualites\/wp-content\/uploads\/2025\/11\/Ameliorez-votre-productivite-avec-les-poches-de-temps.jpg\",\"datePublished\":\"2025-11-07T00:19:05+00:00\",\"dateModified\":\"2025-11-07T00:19:05+00:00\",\"breadcrumb\":{\"@id\":\"https:\/\/vieassociative.be\/actualites\/ameliorez-votre-productivite-avec-les-poches-de-temps\/#breadcrumb\"},\"inLanguage\":\"fr-BE\",\"potentialAction\":[{\"@type\":\"ReadAction\",\"target\":[\"https:\/\/vieassociative.be\/actualites\/ameliorez-votre-productivite-avec-les-poches-de-temps\/\"]}]},{\"@type\":\"ImageObject\",\"inLanguage\":\"fr-BE\",\"@id\":\"https:\/\/vieassociative.be\/actualites\/ameliorez-votre-productivite-avec-les-poches-de-temps\/#primaryimage\",\"url\":\"https:\/\/vieassociative.be\/actualites\/wp-content\/uploads\/2025\/11\/Ameliorez-votre-productivite-avec-les-poches-de-temps.jpg\",\"contentUrl\":\"https:\/\/vieassociative.be\/actualites\/wp-content\/uploads\/2025\/11\/Ameliorez-votre-productivite-avec-les-poches-de-temps.jpg\",\"width\":1200,\"height\":675,\"caption\":\"Am\u00e9liorez votre productivit\u00e9 avec les \u00ab\u00a0poches de temps\u00a0\u00bb\"},{\"@type\":\"BreadcrumbList\",\"@id\":\"https:\/\/vieassociative.be\/actualites\/ameliorez-votre-productivite-avec-les-poches-de-temps\/#breadcrumb\",\"itemListElement\":[{\"@type\":\"ListItem\",\"position\":1,\"name\":\"Accueil\",\"item\":\"https:\/\/vieassociative.be\/actualites\/\"},{\"@type\":\"ListItem\",\"position\":2,\"name\":\"Am\u00e9liorez votre productivit\u00e9 avec les \u00ab\u00a0poches de temps\u00a0\u00bb\"}]},{\"@type\":\"WebSite\",\"@id\":\"https:\/\/vieassociative.be\/actualites\/#website\",\"url\":\"https:\/\/vieassociative.be\/actualites\/\",\"name\":\"Vie Associative\",\"description\":\"\",\"publisher\":{\"@id\":\"https:\/\/vieassociative.be\/actualites\/#organization\"},\"potentialAction\":[{\"@type\":\"SearchAction\",\"target\":{\"@type\":\"EntryPoint\",\"urlTemplate\":\"https:\/\/vieassociative.be\/actualites\/?s={search_term_string}\"},\"query-input\":{\"@type\":\"PropertyValueSpecification\",\"valueRequired\":true,\"valueName\":\"search_term_string\"}}],\"inLanguage\":\"fr-BE\"},{\"@type\":\"Organization\",\"@id\":\"https:\/\/vieassociative.be\/actualites\/#organization\",\"name\":\"Vie Associative\",\"url\":\"https:\/\/vieassociative.be\/actualites\/\",\"logo\":{\"@type\":\"ImageObject\",\"inLanguage\":\"fr-BE\",\"@id\":\"https:\/\/vieassociative.be\/actualites\/#\/schema\/logo\/image\/\",\"url\":\"https:\/\/vieassociative.be\/actualites\/wp-content\/uploads\/2024\/09\/cropped-vieassociative_favicon.ico.png\",\"contentUrl\":\"https:\/\/vieassociative.be\/actualites\/wp-content\/uploads\/2024\/09\/cropped-vieassociative_favicon.ico.png\",\"width\":512,\"height\":512,\"caption\":\"Vie Associative\"},\"image\":{\"@id\":\"https:\/\/vieassociative.be\/actualites\/#\/schema\/logo\/image\/\"}},{\"@type\":\"Person\",\"@id\":\"https:\/\/vieassociative.be\/actualites\/#\/schema\/person\/b87ac4f82f9d4e7b7cec7395b679edc4\",\"name\":\"Julien\",\"image\":{\"@type\":\"ImageObject\",\"inLanguage\":\"fr-BE\",\"@id\":\"https:\/\/vieassociative.be\/actualites\/#\/schema\/person\/image\/\",\"url\":\"https:\/\/vieassociative.be\/actualites\/wp-content\/uploads\/2024\/09\/vie-associative-1-150x150.jpg\",\"contentUrl\":\"https:\/\/vieassociative.be\/actualites\/wp-content\/uploads\/2024\/09\/vie-associative-1-150x150.jpg\",\"caption\":\"Julien\"},\"description\":\"Je suis Julien, r\u00e9dacteur pour Vie Associative. Passionn\u00e9 par le monde associatif depuis plus de 10 ans, j'ai \u00e0 c\u0153ur de partager des histoires inspirantes et de mettre en lumi\u00e8re les initiatives locales. Mon objectif est de sensibiliser et d'encourager l'engagement communautaire \u00e0 travers mes articles.\",\"sameAs\":[\"https:\/\/vieassociative.be\/\"]}]}<\/script>\n<!-- \/ Yoast SEO plugin. -->","yoast_head_json":{"title":"Am\u00e9liorez votre productivit\u00e9 avec les \u00ab\u00a0poches de temps\u00a0\u00bb | Vie Associative","robots":{"index":"index","follow":"follow","max-snippet":"max-snippet:-1","max-image-preview":"max-image-preview:large","max-video-preview":"max-video-preview:-1"},"canonical":"https:\/\/vieassociative.be\/actualites\/ameliorez-votre-productivite-avec-les-poches-de-temps\/","og_locale":"fr_FR","og_type":"article","og_title":"Am\u00e9liorez votre productivit\u00e9 avec les \u00ab\u00a0poches de temps\u00a0\u00bb | Vie Associative","og_description":"Transformez votre temps d&rsquo;arr\u00eat en quelque chose d&rsquo;utile en restant au courant des moments inoccup\u00e9s. Je r\u00e9p\u00e8te toujours comment tout le monde devrait se familiariser","og_url":"https:\/\/vieassociative.be\/actualites\/ameliorez-votre-productivite-avec-les-poches-de-temps\/","og_site_name":"Vie Associative","article_published_time":"2025-11-07T00:19:05+00:00","og_image":[{"url":"https:\/\/vieassociative.be\/actualites\/wp-content\/uploads\/2025\/09\/1757726237_608_Meta-pourrait-devoiler-une-montre-intelligente-pour-controler-ses-lunettes.jpg","type":"","width":"","height":""}],"author":"Julien","twitter_card":"summary_large_image","twitter_misc":{"\u00c9crit par":"Julien","Dur\u00e9e de lecture est.":"4 minutes"},"schema":{"@context":"https:\/\/schema.org","@graph":[{"@type":"Article","@id":"https:\/\/vieassociative.be\/actualites\/ameliorez-votre-productivite-avec-les-poches-de-temps\/#article","isPartOf":{"@id":"https:\/\/vieassociative.be\/actualites\/ameliorez-votre-productivite-avec-les-poches-de-temps\/"},"author":{"name":"Julien","@id":"https:\/\/vieassociative.be\/actualites\/#\/schema\/person\/b87ac4f82f9d4e7b7cec7395b679edc4"},"headline":"Am\u00e9liorez votre productivit\u00e9 avec les \u00ab\u00a0poches de temps\u00a0\u00bb","datePublished":"2025-11-07T00:19:05+00:00","dateModified":"2025-11-07T00:19:05+00:00","mainEntityOfPage":{"@id":"https:\/\/vieassociative.be\/actualites\/ameliorez-votre-productivite-avec-les-poches-de-temps\/"},"wordCount":816,"publisher":{"@id":"https:\/\/vieassociative.be\/actualites\/#organization"},"image":{"@id":"https:\/\/vieassociative.be\/actualites\/ameliorez-votre-productivite-avec-les-poches-de-temps\/#primaryimage"},"thumbnailUrl":"https:\/\/vieassociative.be\/actualites\/wp-content\/uploads\/2025\/11\/Ameliorez-votre-productivite-avec-les-poches-de-temps.jpg","keywords":["Am\u00e9liorez","avec","Les","poches","productivit\u00e9","temps","votre"],"articleSection":["Travail"],"inLanguage":"fr-BE"},{"@type":"WebPage","@id":"https:\/\/vieassociative.be\/actualites\/ameliorez-votre-productivite-avec-les-poches-de-temps\/","url":"https:\/\/vieassociative.be\/actualites\/ameliorez-votre-productivite-avec-les-poches-de-temps\/","name":"Am\u00e9liorez votre productivit\u00e9 avec les \u00ab\u00a0poches de temps\u00a0\u00bb | Vie Associative","isPartOf":{"@id":"https:\/\/vieassociative.be\/actualites\/#website"},"primaryImageOfPage":{"@id":"https:\/\/vieassociative.be\/actualites\/ameliorez-votre-productivite-avec-les-poches-de-temps\/#primaryimage"},"image":{"@id":"https:\/\/vieassociative.be\/actualites\/ameliorez-votre-productivite-avec-les-poches-de-temps\/#primaryimage"},"thumbnailUrl":"https:\/\/vieassociative.be\/actualites\/wp-content\/uploads\/2025\/11\/Ameliorez-votre-productivite-avec-les-poches-de-temps.jpg","datePublished":"2025-11-07T00:19:05+00:00","dateModified":"2025-11-07T00:19:05+00:00","breadcrumb":{"@id":"https:\/\/vieassociative.be\/actualites\/ameliorez-votre-productivite-avec-les-poches-de-temps\/#breadcrumb"},"inLanguage":"fr-BE","potentialAction":[{"@type":"ReadAction","target":["https:\/\/vieassociative.be\/actualites\/ameliorez-votre-productivite-avec-les-poches-de-temps\/"]}]},{"@type":"ImageObject","inLanguage":"fr-BE","@id":"https:\/\/vieassociative.be\/actualites\/ameliorez-votre-productivite-avec-les-poches-de-temps\/#primaryimage","url":"https:\/\/vieassociative.be\/actualites\/wp-content\/uploads\/2025\/11\/Ameliorez-votre-productivite-avec-les-poches-de-temps.jpg","contentUrl":"https:\/\/vieassociative.be\/actualites\/wp-content\/uploads\/2025\/11\/Ameliorez-votre-productivite-avec-les-poches-de-temps.jpg","width":1200,"height":675,"caption":"Am\u00e9liorez votre productivit\u00e9 avec les \u00ab\u00a0poches de temps\u00a0\u00bb"},{"@type":"BreadcrumbList","@id":"https:\/\/vieassociative.be\/actualites\/ameliorez-votre-productivite-avec-les-poches-de-temps\/#breadcrumb","itemListElement":[{"@type":"ListItem","position":1,"name":"Accueil","item":"https:\/\/vieassociative.be\/actualites\/"},{"@type":"ListItem","position":2,"name":"Am\u00e9liorez votre productivit\u00e9 avec les \u00ab\u00a0poches de temps\u00a0\u00bb"}]},{"@type":"WebSite","@id":"https:\/\/vieassociative.be\/actualites\/#website","url":"https:\/\/vieassociative.be\/actualites\/","name":"Vie Associative","description":"","publisher":{"@id":"https:\/\/vieassociative.be\/actualites\/#organization"},"potentialAction":[{"@type":"SearchAction","target":{"@type":"EntryPoint","urlTemplate":"https:\/\/vieassociative.be\/actualites\/?s={search_term_string}"},"query-input":{"@type":"PropertyValueSpecification","valueRequired":true,"valueName":"search_term_string"}}],"inLanguage":"fr-BE"},{"@type":"Organization","@id":"https:\/\/vieassociative.be\/actualites\/#organization","name":"Vie Associative","url":"https:\/\/vieassociative.be\/actualites\/","logo":{"@type":"ImageObject","inLanguage":"fr-BE","@id":"https:\/\/vieassociative.be\/actualites\/#\/schema\/logo\/image\/","url":"https:\/\/vieassociative.be\/actualites\/wp-content\/uploads\/2024\/09\/cropped-vieassociative_favicon.ico.png","contentUrl":"https:\/\/vieassociative.be\/actualites\/wp-content\/uploads\/2024\/09\/cropped-vieassociative_favicon.ico.png","width":512,"height":512,"caption":"Vie Associative"},"image":{"@id":"https:\/\/vieassociative.be\/actualites\/#\/schema\/logo\/image\/"}},{"@type":"Person","@id":"https:\/\/vieassociative.be\/actualites\/#\/schema\/person\/b87ac4f82f9d4e7b7cec7395b679edc4","name":"Julien","image":{"@type":"ImageObject","inLanguage":"fr-BE","@id":"https:\/\/vieassociative.be\/actualites\/#\/schema\/person\/image\/","url":"https:\/\/vieassociative.be\/actualites\/wp-content\/uploads\/2024\/09\/vie-associative-1-150x150.jpg","contentUrl":"https:\/\/vieassociative.be\/actualites\/wp-content\/uploads\/2024\/09\/vie-associative-1-150x150.jpg","caption":"Julien"},"description":"Je suis Julien, r\u00e9dacteur pour Vie Associative. Passionn\u00e9 par le monde associatif depuis plus de 10 ans, j'ai \u00e0 c\u0153ur de partager des histoires inspirantes et de mettre en lumi\u00e8re les initiatives locales. Mon objectif est de sensibiliser et d'encourager l'engagement communautaire \u00e0 travers mes articles.","sameAs":["https:\/\/vieassociative.be\/"]}]}},"_links":{"self":[{"href":"https:\/\/vieassociative.be\/actualites\/wp-json\/wp\/v2\/posts\/11155"}],"collection":[{"href":"https:\/\/vieassociative.be\/actualites\/wp-json\/wp\/v2\/posts"}],"about":[{"href":"https:\/\/vieassociative.be\/actualites\/wp-json\/wp\/v2\/types\/post"}],"author":[{"embeddable":true,"href":"https:\/\/vieassociative.be\/actualites\/wp-json\/wp\/v2\/users\/1"}],"replies":[{"embeddable":true,"href":"https:\/\/vieassociative.be\/actualites\/wp-json\/wp\/v2\/comments?post=11155"}],"version-history":[{"count":0,"href":"https:\/\/vieassociative.be\/actualites\/wp-json\/wp\/v2\/posts\/11155\/revisions"}],"wp:featuredmedia":[{"embeddable":true,"href":"https:\/\/vieassociative.be\/actualites\/wp-json\/wp\/v2\/media\/11156"}],"wp:attachment":[{"href":"https:\/\/vieassociative.be\/actualites\/wp-json\/wp\/v2\/media?parent=11155"}],"wp:term":[{"taxonomy":"category","embeddable":true,"href":"https:\/\/vieassociative.be\/actualites\/wp-json\/wp\/v2\/categories?post=11155"},{"taxonomy":"post_tag","embeddable":true,"href":"https:\/\/vieassociative.be\/actualites\/wp-json\/wp\/v2\/tags?post=11155"}],"curies":[{"name":"wp","href":"https:\/\/api.w.org\/{rel}","templated":true}]}}