{"id":11153,"date":"2025-11-06T21:17:25","date_gmt":"2025-11-06T20:17:25","guid":{"rendered":"https:\/\/vieassociative.be\/actualites\/mersad-selimbegovic-ancien-entraineur-de-las-eupen-entraineur-chef-de-lequipe-de-troisieme-division-alemannia-aachen\/"},"modified":"2025-11-06T21:17:25","modified_gmt":"2025-11-06T20:17:25","slug":"mersad-selimbegovic-ancien-entraineur-de-las-eupen-entraineur-chef-de-lequipe-de-troisieme-division-alemannia-aachen","status":"publish","type":"post","link":"https:\/\/vieassociative.be\/actualites\/mersad-selimbegovic-ancien-entraineur-de-las-eupen-entraineur-chef-de-lequipe-de-troisieme-division-alemannia-aachen\/","title":{"rendered":"Mersad Selimbegovic, ancien entra\u00eeneur de l&rsquo;AS Eupen, entra\u00eeneur-chef de l&rsquo;\u00e9quipe de troisi\u00e8me division Alemannia Aachen"},"content":{"rendered":"<p><strong>L&rsquo;Alemannia Aachen cr\u00e9e de la clart\u00e9 dans le poste d&rsquo;entra\u00eeneur : Mersad Selimbegovic, entra\u00eeneur de l&rsquo;AS Eupen la saison derni\u00e8re, prendra la rel\u00e8ve en tant qu&rsquo;entra\u00eeneur-chef du club de troisi\u00e8me division avec effet imm\u00e9diat. Le Bosniaque a sign\u00e9 un contrat \u00e0 Tivoli jusqu&rsquo;en 2027.<\/strong><\/p>\n<p><span id=\"more-429083\"><\/span>Selimbegovic n&rsquo;a eu aucun succ\u00e8s avec l&rsquo;AS Eupen. Au final, les noirs et blancs n&rsquo;ont termin\u00e9 que 10\u00e8me du classement de la Challenger Pro League avec 30 points en 28 matchs. Son contrat a donc \u00e9t\u00e9 prolong\u00e9. Reste toutefois \u00e0 savoir si son successeur Bruno Pinheiro fera mieux sur l&rsquo;Eupener Kehhrweg. Tout d\u00e9pend si Eupen atteint son objectif de participer aux barrages de promotion (places 3 \u00e0 6).<\/p>\n<p>La carri\u00e8re d&rsquo;entra\u00eeneur de Selimbegovi\u0107 a d\u00e9but\u00e9 en 2012 au SSV Jahn Regensburg, pour lequel l&rsquo;ancien d\u00e9fenseur central a d\u00e9j\u00e0 disput\u00e9 99 matchs en tant que joueur. Apr\u00e8s quatre ann\u00e9es au sein de l\u2019\u00e9quipe d\u2019entra\u00eeneurs de l\u2019\u00e9quipe deuxi\u00e8me, il reprend l\u2019\u00e9quipe U19 en 2016 et devient entra\u00eeneur adjoint de l\u2019\u00e9quipe premi\u00e8re un an plus tard.<\/p>\n<div id=\"attachment_403611\" class=\"wp-caption alignleft\" style=\"max-width: 300px\"><img fetchpriority=\"high\" decoding=\"async\" class=\"wp-image-403611 size-medium\" src=\"https:\/\/vieassociative.be\/actualites\/wp-content\/uploads\/2024\/12\/1733689145_956_Defaite-23-AS-sest-embarrasse-face-a-la-derniere.jpg\" alt=\"\" width=\"300\" height=\"200\"  ><\/div>\n<p>Pour la saison 2019\/20, le Bosniaque a \u00e9t\u00e9 promu entra\u00eeneur-chef et a permis \u00e0 Ratisbonne de rester en 2e Bundesliga pendant trois ann\u00e9es cons\u00e9cutives. Apr\u00e8s un total de 17 ans, son passage au SSV Jahn a pris fin en 2023. Avant de rejoindre l&rsquo;AS Eupen, Selimbegovi\u0107 a travaill\u00e9 pour le FC Hansa Rostock en 2e Bundesliga. Au total, il a disput\u00e9 150 matchs en tant qu&rsquo;entra\u00eeneur-chef de la deuxi\u00e8me ligue allemande.<\/p>\n<p>\u00ab\u00a0Mersad est un entra\u00eeneur-chef tr\u00e8s ambitieux qui sait comment construire \u00e9tape par \u00e9tape quelque chose \u00e0 partir d&rsquo;une \u00e9quipe structur\u00e9e. Du football clair et structur\u00e9 \u00e0 des performances ludiques convaincantes. Il a notamment montr\u00e9 au cours de ses mandats qu&rsquo;il emmenait tout le club avec lui, d\u00e9veloppait les joueurs individuellement et avait un \u0153il clair pour les jeunes talents. Nous sommes tr\u00e8s heureux qu&rsquo;il ait choisi l&rsquo;Alemannia Aachen\u00a0\u00bb, a expliqu\u00e9 Rachid Azzouzi, directeur g\u00e9n\u00e9ral des sports.<\/p>\n<p>Mersad Selimbegovi\u0107 se r\u00e9jouit de son nouveau r\u00f4le d&rsquo;entra\u00eeneur-chef de l&rsquo;Alemannia Aachen : \u00ab\u00a0J&rsquo;ai imm\u00e9diatement senti que les deux \u00e9quipes avaient des id\u00e9es tr\u00e8s similaires sur leur fa\u00e7on de jouer et de travailler. L&rsquo;Alemannia Aachen est un club de football \u00e9motionnel dans lequel je peux m&rsquo;identifier &#8211; j&rsquo;ai h\u00e2te de d\u00e9couvrir moi-m\u00eame l&rsquo;atmosph\u00e8re particuli\u00e8re du Tivoli. Maintenant, j&rsquo;ai h\u00e2te de d\u00e9buter avec l&rsquo;\u00e9quipe, de conna\u00eetre les gens du club et de construire quelque chose ensemble.\u00a0\u00bb<\/p>\n<p>Le joueur de 43 ans a dirig\u00e9 pour la premi\u00e8re fois la s\u00e9ance d&rsquo;entra\u00eenement de l&rsquo;\u00e9quipe noire et jaune jeudi. Au 3\u00e8me classement, Aix-la-Chapelle occupe la 15\u00e8me place apr\u00e8s 13 journ\u00e9es de match. Seuls deux points s\u00e9parent l&rsquo;Alemannia des places de rel\u00e9gation 17 \u00e0 20. Dimanche, ils seront les invit\u00e9s de la 2e \u00e9quipe du VfB Stuttgart. (cr\u00e9er)<\/p>\n","protected":false},"excerpt":{"rendered":"<p>L&rsquo;Alemannia Aachen cr\u00e9e de la clart\u00e9 dans le poste d&rsquo;entra\u00eeneur : Mersad Selimbegovic, entra\u00eeneur de l&rsquo;AS Eupen la saison derni\u00e8re, prendra la rel\u00e8ve en tant<\/p>\n","protected":false},"author":1,"featured_media":11154,"comment_status":"","ping_status":"","sticky":false,"template":"","format":"standard","meta":{"footnotes":""},"categories":[298],"tags":[3446,5813,2252,2526,930,9169,2329,2353,537,9168,3395,3868],"class_list":["post-11153","post","type-post","status-publish","format-standard","has-post-thumbnail","hentry","category-belgique","tag-aachen","tag-alemannia","tag-ancien","tag-division","tag-entraineur","tag-entraineurchef","tag-eupen","tag-las","tag-lequipe","tag-mersad","tag-selimbegovic","tag-troisieme","generate-columns","tablet-grid-50","mobile-grid-100","grid-parent","grid-33"],"yoast_head":"<!-- This site is optimized with the Yoast SEO plugin v24.0 - https:\/\/yoast.com\/wordpress\/plugins\/seo\/ -->\n<title>Mersad Selimbegovic, ancien entra\u00eeneur de l&#039;AS Eupen, entra\u00eeneur-chef de l&#039;\u00e9quipe de troisi\u00e8me division Alemannia Aachen | Vie Associative<\/title>\n<meta name=\"robots\" content=\"index, follow, max-snippet:-1, max-image-preview:large, max-video-preview:-1\" \/>\n<link rel=\"canonical\" href=\"https:\/\/vieassociative.be\/actualites\/mersad-selimbegovic-ancien-entraineur-de-las-eupen-entraineur-chef-de-lequipe-de-troisieme-division-alemannia-aachen\/\" \/>\n<meta property=\"og:locale\" content=\"fr_FR\" \/>\n<meta property=\"og:type\" content=\"article\" \/>\n<meta property=\"og:title\" content=\"Mersad Selimbegovic, ancien entra\u00eeneur de l&#039;AS Eupen, entra\u00eeneur-chef de l&#039;\u00e9quipe de troisi\u00e8me division Alemannia Aachen | Vie Associative\" \/>\n<meta property=\"og:description\" content=\"L&rsquo;Alemannia Aachen cr\u00e9e de la clart\u00e9 dans le poste d&rsquo;entra\u00eeneur : Mersad Selimbegovic, entra\u00eeneur de l&rsquo;AS Eupen la saison derni\u00e8re, prendra la rel\u00e8ve en tant\" \/>\n<meta property=\"og:url\" content=\"https:\/\/vieassociative.be\/actualites\/mersad-selimbegovic-ancien-entraineur-de-las-eupen-entraineur-chef-de-lequipe-de-troisieme-division-alemannia-aachen\/\" \/>\n<meta property=\"og:site_name\" content=\"Vie Associative\" \/>\n<meta property=\"article:published_time\" content=\"2025-11-06T20:17:25+00:00\" \/>\n<meta property=\"og:image\" content=\"https:\/\/vieassociative.be\/actualites\/wp-content\/uploads\/2024\/09\/header_backgroundk-01-e1726694325946.png\" \/>\n\t<meta property=\"og:image:width\" content=\"279\" \/>\n\t<meta property=\"og:image:height\" content=\"92\" \/>\n\t<meta property=\"og:image:type\" content=\"image\/png\" \/>\n<meta name=\"author\" content=\"Julien\" \/>\n<meta name=\"twitter:card\" content=\"summary_large_image\" \/>\n<meta name=\"twitter:label1\" content=\"\u00c9crit par\" \/>\n\t<meta name=\"twitter:data1\" content=\"Julien\" \/>\n\t<meta name=\"twitter:label2\" content=\"Dur\u00e9e de lecture est.\" \/>\n\t<meta name=\"twitter:data2\" content=\"2 minutes\" \/>\n<script type=\"application\/ld+json\" class=\"yoast-schema-graph\">{\"@context\":\"https:\/\/schema.org\",\"@graph\":[{\"@type\":\"Article\",\"@id\":\"https:\/\/vieassociative.be\/actualites\/mersad-selimbegovic-ancien-entraineur-de-las-eupen-entraineur-chef-de-lequipe-de-troisieme-division-alemannia-aachen\/#article\",\"isPartOf\":{\"@id\":\"https:\/\/vieassociative.be\/actualites\/mersad-selimbegovic-ancien-entraineur-de-las-eupen-entraineur-chef-de-lequipe-de-troisieme-division-alemannia-aachen\/\"},\"author\":{\"name\":\"Julien\",\"@id\":\"https:\/\/vieassociative.be\/actualites\/#\/schema\/person\/b87ac4f82f9d4e7b7cec7395b679edc4\"},\"headline\":\"Mersad Selimbegovic, ancien entra\u00eeneur de l&rsquo;AS Eupen, entra\u00eeneur-chef de l&rsquo;\u00e9quipe de troisi\u00e8me division Alemannia Aachen\",\"datePublished\":\"2025-11-06T20:17:25+00:00\",\"dateModified\":\"2025-11-06T20:17:25+00:00\",\"mainEntityOfPage\":{\"@id\":\"https:\/\/vieassociative.be\/actualites\/mersad-selimbegovic-ancien-entraineur-de-las-eupen-entraineur-chef-de-lequipe-de-troisieme-division-alemannia-aachen\/\"},\"wordCount\":534,\"publisher\":{\"@id\":\"https:\/\/vieassociative.be\/actualites\/#organization\"},\"image\":{\"@id\":\"https:\/\/vieassociative.be\/actualites\/mersad-selimbegovic-ancien-entraineur-de-las-eupen-entraineur-chef-de-lequipe-de-troisieme-division-alemannia-aachen\/#primaryimage\"},\"thumbnailUrl\":\"https:\/\/vieassociative.be\/actualites\/wp-content\/uploads\/2025\/11\/Mersad-Selimbegovic-ancien-entraineur-de-lAS-Eupen-entraineur-chef-de-lequipe.jpeg\",\"keywords\":[\"Aachen\",\"Alemannia\",\"ancien\",\"division\",\"entra\u00eeneur\",\"entra\u00eeneurchef\",\"Eupen\",\"lAS\",\"l\u00e9quipe\",\"Mersad\",\"Selimbegovic\",\"troisi\u00e8me\"],\"articleSection\":[\"Belgique\"],\"inLanguage\":\"fr-BE\"},{\"@type\":\"WebPage\",\"@id\":\"https:\/\/vieassociative.be\/actualites\/mersad-selimbegovic-ancien-entraineur-de-las-eupen-entraineur-chef-de-lequipe-de-troisieme-division-alemannia-aachen\/\",\"url\":\"https:\/\/vieassociative.be\/actualites\/mersad-selimbegovic-ancien-entraineur-de-las-eupen-entraineur-chef-de-lequipe-de-troisieme-division-alemannia-aachen\/\",\"name\":\"Mersad Selimbegovic, ancien entra\u00eeneur de l'AS Eupen, entra\u00eeneur-chef de l'\u00e9quipe de troisi\u00e8me division Alemannia Aachen | Vie Associative\",\"isPartOf\":{\"@id\":\"https:\/\/vieassociative.be\/actualites\/#website\"},\"primaryImageOfPage\":{\"@id\":\"https:\/\/vieassociative.be\/actualites\/mersad-selimbegovic-ancien-entraineur-de-las-eupen-entraineur-chef-de-lequipe-de-troisieme-division-alemannia-aachen\/#primaryimage\"},\"image\":{\"@id\":\"https:\/\/vieassociative.be\/actualites\/mersad-selimbegovic-ancien-entraineur-de-las-eupen-entraineur-chef-de-lequipe-de-troisieme-division-alemannia-aachen\/#primaryimage\"},\"thumbnailUrl\":\"https:\/\/vieassociative.be\/actualites\/wp-content\/uploads\/2025\/11\/Mersad-Selimbegovic-ancien-entraineur-de-lAS-Eupen-entraineur-chef-de-lequipe.jpeg\",\"datePublished\":\"2025-11-06T20:17:25+00:00\",\"dateModified\":\"2025-11-06T20:17:25+00:00\",\"breadcrumb\":{\"@id\":\"https:\/\/vieassociative.be\/actualites\/mersad-selimbegovic-ancien-entraineur-de-las-eupen-entraineur-chef-de-lequipe-de-troisieme-division-alemannia-aachen\/#breadcrumb\"},\"inLanguage\":\"fr-BE\",\"potentialAction\":[{\"@type\":\"ReadAction\",\"target\":[\"https:\/\/vieassociative.be\/actualites\/mersad-selimbegovic-ancien-entraineur-de-las-eupen-entraineur-chef-de-lequipe-de-troisieme-division-alemannia-aachen\/\"]}]},{\"@type\":\"ImageObject\",\"inLanguage\":\"fr-BE\",\"@id\":\"https:\/\/vieassociative.be\/actualites\/mersad-selimbegovic-ancien-entraineur-de-las-eupen-entraineur-chef-de-lequipe-de-troisieme-division-alemannia-aachen\/#primaryimage\",\"url\":\"https:\/\/vieassociative.be\/actualites\/wp-content\/uploads\/2025\/11\/Mersad-Selimbegovic-ancien-entraineur-de-lAS-Eupen-entraineur-chef-de-lequipe.jpeg\",\"contentUrl\":\"https:\/\/vieassociative.be\/actualites\/wp-content\/uploads\/2025\/11\/Mersad-Selimbegovic-ancien-entraineur-de-lAS-Eupen-entraineur-chef-de-lequipe.jpeg\",\"width\":1200,\"height\":683,\"caption\":\"Mersad Selimbegovic, ancien entra\u00eeneur de l'AS Eupen, entra\u00eeneur-chef de l'\u00e9quipe de troisi\u00e8me division Alemannia Aachen\"},{\"@type\":\"BreadcrumbList\",\"@id\":\"https:\/\/vieassociative.be\/actualites\/mersad-selimbegovic-ancien-entraineur-de-las-eupen-entraineur-chef-de-lequipe-de-troisieme-division-alemannia-aachen\/#breadcrumb\",\"itemListElement\":[{\"@type\":\"ListItem\",\"position\":1,\"name\":\"Accueil\",\"item\":\"https:\/\/vieassociative.be\/actualites\/\"},{\"@type\":\"ListItem\",\"position\":2,\"name\":\"Mersad Selimbegovic, ancien entra\u00eeneur de l&rsquo;AS Eupen, entra\u00eeneur-chef de l&rsquo;\u00e9quipe de troisi\u00e8me division Alemannia Aachen\"}]},{\"@type\":\"WebSite\",\"@id\":\"https:\/\/vieassociative.be\/actualites\/#website\",\"url\":\"https:\/\/vieassociative.be\/actualites\/\",\"name\":\"Vie Associative\",\"description\":\"\",\"publisher\":{\"@id\":\"https:\/\/vieassociative.be\/actualites\/#organization\"},\"potentialAction\":[{\"@type\":\"SearchAction\",\"target\":{\"@type\":\"EntryPoint\",\"urlTemplate\":\"https:\/\/vieassociative.be\/actualites\/?s={search_term_string}\"},\"query-input\":{\"@type\":\"PropertyValueSpecification\",\"valueRequired\":true,\"valueName\":\"search_term_string\"}}],\"inLanguage\":\"fr-BE\"},{\"@type\":\"Organization\",\"@id\":\"https:\/\/vieassociative.be\/actualites\/#organization\",\"name\":\"Vie Associative\",\"url\":\"https:\/\/vieassociative.be\/actualites\/\",\"logo\":{\"@type\":\"ImageObject\",\"inLanguage\":\"fr-BE\",\"@id\":\"https:\/\/vieassociative.be\/actualites\/#\/schema\/logo\/image\/\",\"url\":\"https:\/\/vieassociative.be\/actualites\/wp-content\/uploads\/2024\/09\/cropped-vieassociative_favicon.ico.png\",\"contentUrl\":\"https:\/\/vieassociative.be\/actualites\/wp-content\/uploads\/2024\/09\/cropped-vieassociative_favicon.ico.png\",\"width\":512,\"height\":512,\"caption\":\"Vie Associative\"},\"image\":{\"@id\":\"https:\/\/vieassociative.be\/actualites\/#\/schema\/logo\/image\/\"}},{\"@type\":\"Person\",\"@id\":\"https:\/\/vieassociative.be\/actualites\/#\/schema\/person\/b87ac4f82f9d4e7b7cec7395b679edc4\",\"name\":\"Julien\",\"image\":{\"@type\":\"ImageObject\",\"inLanguage\":\"fr-BE\",\"@id\":\"https:\/\/vieassociative.be\/actualites\/#\/schema\/person\/image\/\",\"url\":\"https:\/\/vieassociative.be\/actualites\/wp-content\/uploads\/2024\/09\/vie-associative-1-150x150.jpg\",\"contentUrl\":\"https:\/\/vieassociative.be\/actualites\/wp-content\/uploads\/2024\/09\/vie-associative-1-150x150.jpg\",\"caption\":\"Julien\"},\"description\":\"Je suis Julien, r\u00e9dacteur pour Vie Associative. Passionn\u00e9 par le monde associatif depuis plus de 10 ans, j'ai \u00e0 c\u0153ur de partager des histoires inspirantes et de mettre en lumi\u00e8re les initiatives locales. Mon objectif est de sensibiliser et d'encourager l'engagement communautaire \u00e0 travers mes articles.\",\"sameAs\":[\"https:\/\/vieassociative.be\/\"]}]}<\/script>\n<!-- \/ Yoast SEO plugin. -->","yoast_head_json":{"title":"Mersad Selimbegovic, ancien entra\u00eeneur de l'AS Eupen, entra\u00eeneur-chef de l'\u00e9quipe de troisi\u00e8me division Alemannia Aachen | Vie Associative","robots":{"index":"index","follow":"follow","max-snippet":"max-snippet:-1","max-image-preview":"max-image-preview:large","max-video-preview":"max-video-preview:-1"},"canonical":"https:\/\/vieassociative.be\/actualites\/mersad-selimbegovic-ancien-entraineur-de-las-eupen-entraineur-chef-de-lequipe-de-troisieme-division-alemannia-aachen\/","og_locale":"fr_FR","og_type":"article","og_title":"Mersad Selimbegovic, ancien entra\u00eeneur de l'AS Eupen, entra\u00eeneur-chef de l'\u00e9quipe de troisi\u00e8me division Alemannia Aachen | Vie Associative","og_description":"L&rsquo;Alemannia Aachen cr\u00e9e de la clart\u00e9 dans le poste d&rsquo;entra\u00eeneur : Mersad Selimbegovic, entra\u00eeneur de l&rsquo;AS Eupen la saison derni\u00e8re, prendra la rel\u00e8ve en tant","og_url":"https:\/\/vieassociative.be\/actualites\/mersad-selimbegovic-ancien-entraineur-de-las-eupen-entraineur-chef-de-lequipe-de-troisieme-division-alemannia-aachen\/","og_site_name":"Vie Associative","article_published_time":"2025-11-06T20:17:25+00:00","og_image":[{"width":279,"height":92,"url":"https:\/\/vieassociative.be\/actualites\/wp-content\/uploads\/2024\/09\/header_backgroundk-01-e1726694325946.png","type":"image\/png"}],"author":"Julien","twitter_card":"summary_large_image","twitter_misc":{"\u00c9crit par":"Julien","Dur\u00e9e de lecture est.":"2 minutes"},"schema":{"@context":"https:\/\/schema.org","@graph":[{"@type":"Article","@id":"https:\/\/vieassociative.be\/actualites\/mersad-selimbegovic-ancien-entraineur-de-las-eupen-entraineur-chef-de-lequipe-de-troisieme-division-alemannia-aachen\/#article","isPartOf":{"@id":"https:\/\/vieassociative.be\/actualites\/mersad-selimbegovic-ancien-entraineur-de-las-eupen-entraineur-chef-de-lequipe-de-troisieme-division-alemannia-aachen\/"},"author":{"name":"Julien","@id":"https:\/\/vieassociative.be\/actualites\/#\/schema\/person\/b87ac4f82f9d4e7b7cec7395b679edc4"},"headline":"Mersad Selimbegovic, ancien entra\u00eeneur de l&rsquo;AS Eupen, entra\u00eeneur-chef de l&rsquo;\u00e9quipe de troisi\u00e8me division Alemannia Aachen","datePublished":"2025-11-06T20:17:25+00:00","dateModified":"2025-11-06T20:17:25+00:00","mainEntityOfPage":{"@id":"https:\/\/vieassociative.be\/actualites\/mersad-selimbegovic-ancien-entraineur-de-las-eupen-entraineur-chef-de-lequipe-de-troisieme-division-alemannia-aachen\/"},"wordCount":534,"publisher":{"@id":"https:\/\/vieassociative.be\/actualites\/#organization"},"image":{"@id":"https:\/\/vieassociative.be\/actualites\/mersad-selimbegovic-ancien-entraineur-de-las-eupen-entraineur-chef-de-lequipe-de-troisieme-division-alemannia-aachen\/#primaryimage"},"thumbnailUrl":"https:\/\/vieassociative.be\/actualites\/wp-content\/uploads\/2025\/11\/Mersad-Selimbegovic-ancien-entraineur-de-lAS-Eupen-entraineur-chef-de-lequipe.jpeg","keywords":["Aachen","Alemannia","ancien","division","entra\u00eeneur","entra\u00eeneurchef","Eupen","lAS","l\u00e9quipe","Mersad","Selimbegovic","troisi\u00e8me"],"articleSection":["Belgique"],"inLanguage":"fr-BE"},{"@type":"WebPage","@id":"https:\/\/vieassociative.be\/actualites\/mersad-selimbegovic-ancien-entraineur-de-las-eupen-entraineur-chef-de-lequipe-de-troisieme-division-alemannia-aachen\/","url":"https:\/\/vieassociative.be\/actualites\/mersad-selimbegovic-ancien-entraineur-de-las-eupen-entraineur-chef-de-lequipe-de-troisieme-division-alemannia-aachen\/","name":"Mersad Selimbegovic, ancien entra\u00eeneur de l'AS Eupen, entra\u00eeneur-chef de l'\u00e9quipe de troisi\u00e8me division Alemannia Aachen | Vie Associative","isPartOf":{"@id":"https:\/\/vieassociative.be\/actualites\/#website"},"primaryImageOfPage":{"@id":"https:\/\/vieassociative.be\/actualites\/mersad-selimbegovic-ancien-entraineur-de-las-eupen-entraineur-chef-de-lequipe-de-troisieme-division-alemannia-aachen\/#primaryimage"},"image":{"@id":"https:\/\/vieassociative.be\/actualites\/mersad-selimbegovic-ancien-entraineur-de-las-eupen-entraineur-chef-de-lequipe-de-troisieme-division-alemannia-aachen\/#primaryimage"},"thumbnailUrl":"https:\/\/vieassociative.be\/actualites\/wp-content\/uploads\/2025\/11\/Mersad-Selimbegovic-ancien-entraineur-de-lAS-Eupen-entraineur-chef-de-lequipe.jpeg","datePublished":"2025-11-06T20:17:25+00:00","dateModified":"2025-11-06T20:17:25+00:00","breadcrumb":{"@id":"https:\/\/vieassociative.be\/actualites\/mersad-selimbegovic-ancien-entraineur-de-las-eupen-entraineur-chef-de-lequipe-de-troisieme-division-alemannia-aachen\/#breadcrumb"},"inLanguage":"fr-BE","potentialAction":[{"@type":"ReadAction","target":["https:\/\/vieassociative.be\/actualites\/mersad-selimbegovic-ancien-entraineur-de-las-eupen-entraineur-chef-de-lequipe-de-troisieme-division-alemannia-aachen\/"]}]},{"@type":"ImageObject","inLanguage":"fr-BE","@id":"https:\/\/vieassociative.be\/actualites\/mersad-selimbegovic-ancien-entraineur-de-las-eupen-entraineur-chef-de-lequipe-de-troisieme-division-alemannia-aachen\/#primaryimage","url":"https:\/\/vieassociative.be\/actualites\/wp-content\/uploads\/2025\/11\/Mersad-Selimbegovic-ancien-entraineur-de-lAS-Eupen-entraineur-chef-de-lequipe.jpeg","contentUrl":"https:\/\/vieassociative.be\/actualites\/wp-content\/uploads\/2025\/11\/Mersad-Selimbegovic-ancien-entraineur-de-lAS-Eupen-entraineur-chef-de-lequipe.jpeg","width":1200,"height":683,"caption":"Mersad Selimbegovic, ancien entra\u00eeneur de l'AS Eupen, entra\u00eeneur-chef de l'\u00e9quipe de troisi\u00e8me division Alemannia Aachen"},{"@type":"BreadcrumbList","@id":"https:\/\/vieassociative.be\/actualites\/mersad-selimbegovic-ancien-entraineur-de-las-eupen-entraineur-chef-de-lequipe-de-troisieme-division-alemannia-aachen\/#breadcrumb","itemListElement":[{"@type":"ListItem","position":1,"name":"Accueil","item":"https:\/\/vieassociative.be\/actualites\/"},{"@type":"ListItem","position":2,"name":"Mersad Selimbegovic, ancien entra\u00eeneur de l&rsquo;AS Eupen, entra\u00eeneur-chef de l&rsquo;\u00e9quipe de troisi\u00e8me division Alemannia Aachen"}]},{"@type":"WebSite","@id":"https:\/\/vieassociative.be\/actualites\/#website","url":"https:\/\/vieassociative.be\/actualites\/","name":"Vie Associative","description":"","publisher":{"@id":"https:\/\/vieassociative.be\/actualites\/#organization"},"potentialAction":[{"@type":"SearchAction","target":{"@type":"EntryPoint","urlTemplate":"https:\/\/vieassociative.be\/actualites\/?s={search_term_string}"},"query-input":{"@type":"PropertyValueSpecification","valueRequired":true,"valueName":"search_term_string"}}],"inLanguage":"fr-BE"},{"@type":"Organization","@id":"https:\/\/vieassociative.be\/actualites\/#organization","name":"Vie Associative","url":"https:\/\/vieassociative.be\/actualites\/","logo":{"@type":"ImageObject","inLanguage":"fr-BE","@id":"https:\/\/vieassociative.be\/actualites\/#\/schema\/logo\/image\/","url":"https:\/\/vieassociative.be\/actualites\/wp-content\/uploads\/2024\/09\/cropped-vieassociative_favicon.ico.png","contentUrl":"https:\/\/vieassociative.be\/actualites\/wp-content\/uploads\/2024\/09\/cropped-vieassociative_favicon.ico.png","width":512,"height":512,"caption":"Vie Associative"},"image":{"@id":"https:\/\/vieassociative.be\/actualites\/#\/schema\/logo\/image\/"}},{"@type":"Person","@id":"https:\/\/vieassociative.be\/actualites\/#\/schema\/person\/b87ac4f82f9d4e7b7cec7395b679edc4","name":"Julien","image":{"@type":"ImageObject","inLanguage":"fr-BE","@id":"https:\/\/vieassociative.be\/actualites\/#\/schema\/person\/image\/","url":"https:\/\/vieassociative.be\/actualites\/wp-content\/uploads\/2024\/09\/vie-associative-1-150x150.jpg","contentUrl":"https:\/\/vieassociative.be\/actualites\/wp-content\/uploads\/2024\/09\/vie-associative-1-150x150.jpg","caption":"Julien"},"description":"Je suis Julien, r\u00e9dacteur pour Vie Associative. Passionn\u00e9 par le monde associatif depuis plus de 10 ans, j'ai \u00e0 c\u0153ur de partager des histoires inspirantes et de mettre en lumi\u00e8re les initiatives locales. Mon objectif est de sensibiliser et d'encourager l'engagement communautaire \u00e0 travers mes articles.","sameAs":["https:\/\/vieassociative.be\/"]}]}},"_links":{"self":[{"href":"https:\/\/vieassociative.be\/actualites\/wp-json\/wp\/v2\/posts\/11153"}],"collection":[{"href":"https:\/\/vieassociative.be\/actualites\/wp-json\/wp\/v2\/posts"}],"about":[{"href":"https:\/\/vieassociative.be\/actualites\/wp-json\/wp\/v2\/types\/post"}],"author":[{"embeddable":true,"href":"https:\/\/vieassociative.be\/actualites\/wp-json\/wp\/v2\/users\/1"}],"replies":[{"embeddable":true,"href":"https:\/\/vieassociative.be\/actualites\/wp-json\/wp\/v2\/comments?post=11153"}],"version-history":[{"count":0,"href":"https:\/\/vieassociative.be\/actualites\/wp-json\/wp\/v2\/posts\/11153\/revisions"}],"wp:featuredmedia":[{"embeddable":true,"href":"https:\/\/vieassociative.be\/actualites\/wp-json\/wp\/v2\/media\/11154"}],"wp:attachment":[{"href":"https:\/\/vieassociative.be\/actualites\/wp-json\/wp\/v2\/media?parent=11153"}],"wp:term":[{"taxonomy":"category","embeddable":true,"href":"https:\/\/vieassociative.be\/actualites\/wp-json\/wp\/v2\/categories?post=11153"},{"taxonomy":"post_tag","embeddable":true,"href":"https:\/\/vieassociative.be\/actualites\/wp-json\/wp\/v2\/tags?post=11153"}],"curies":[{"name":"wp","href":"https:\/\/api.w.org\/{rel}","templated":true}]}}