{"id":1115,"date":"2024-10-11T22:22:12","date_gmt":"2024-10-11T20:22:12","guid":{"rendered":"https:\/\/vieassociative.be\/actualites\/que-faire-si-vous-realisez-que-vous-etes-parent-de-votre-partenaire\/"},"modified":"2024-10-11T22:22:12","modified_gmt":"2024-10-11T20:22:12","slug":"que-faire-si-vous-realisez-que-vous-etes-parent-de-votre-partenaire","status":"publish","type":"post","link":"https:\/\/vieassociative.be\/actualites\/que-faire-si-vous-realisez-que-vous-etes-parent-de-votre-partenaire\/","title":{"rendered":"Que faire si vous r\u00e9alisez que vous \u00eates \u00ab parent \u00bb de votre partenaire"},"content":{"rendered":"<div class=\"mt-4 leading-6 md:mb-8\">En fin de compte, personne ne profite de cette dynamique relationnelle.<\/div>\n<p><\/p>\n<p>Chaque relation est diff\u00e9rente, y compris en mati\u00e8re de dynamique de pouvoir. M\u00eame lorsqu\u2019un couple s\u2019efforce d\u2019\u00e9tablir un partenariat \u00e9gal \u2013 et, dans certains cas, croit sinc\u00e8rement en avoir un \u2013, la r\u00e9alit\u00e9 est qu\u2019il peut tomber dans certains comportements malsains.<\/p>\n<p>Un exemple est lorsqu\u2019un partenaire finit par \u00ab \u00e9lever \u00bb l\u2019autre. Au d\u00e9but, cette dynamique parent-enfant peut sembler fonctionner\u00a0: le \u00ab parent \u00bb dans la relation peut appr\u00e9cier d&rsquo;avoir un but et de se sentir utile, tandis que \u00ab l&rsquo;enfant \u00bb peut appr\u00e9cier l&rsquo;attention et ne pas avoir \u00e0 prendre le temps. diriger les choses. <\/p>\n<p>Mais sans surprise, cet arrangement n\u2019est pas id\u00e9al \u00e0 long terme. Voici ce qu&rsquo;il faut faire si vous r\u00e9alisez que vous \u00eates \u00ab parent \u00bb de votre partenaire.<\/p>\n<h2 id=\"how-to-change-the-parent-child-dynamic-in-a-relationship\">Comment changer la dynamique parent-enfant dans une relation<\/h2>\n<p>Il existe de nombreuses raisons pour lesquelles vous pourriez vous retrouver dans le r\u00f4le de \u00ab parent \u00bb dans une relation amoureuse, au-del\u00e0 de l&rsquo;hypoth\u00e8se de base selon laquelle votre partenaire est immature ou n&rsquo;a pas encore \u00ab appris \u00bb \u00e0 \u00eatre un adulte. <\/p>\n<p>C&rsquo;est peut-\u00eatre \u00e0 cela que ressemblait le mariage de vos parents, ou peut-\u00eatre qu&rsquo;on vous a dit en grandissant qu&rsquo;une fois que vous aurez rencontr\u00e9 un mari ou une femme potentiel, vous devrez le \u00ab former \u00bb. Ou peut-\u00eatre avez-vous fait face \u00e0 de l&rsquo;anxi\u00e9t\u00e9, des traumatismes et\/ou de l&rsquo;incertitude tout au long de votre vie et essayez sans le savoir de fa\u00e7onner votre partenaire pour qu&rsquo;il soit celui dont vous avez besoin afin que vous vous sentiez en s\u00e9curit\u00e9 et stable. <\/p>\n<p>Quelle que soit la raison, une fois que vous avez identifi\u00e9 ce probl\u00e8me dans votre relation, il est probablement temps d&rsquo;y rem\u00e9dier. Voici quelques fa\u00e7ons de commencer\u00a0:<\/p>\n<h3>D\u00e9terminez ce que vous voulez<\/h3>\n<p>Si vous n&rsquo;y avez pas r\u00e9fl\u00e9chi s\u00e9rieusement depuis le d\u00e9but de votre relation, prenez le temps de d\u00e9terminer s&rsquo;il s&rsquo;agit d&rsquo;une relation que vous aimeriez poursuivre ou s&rsquo;il est pr\u00e9f\u00e9rable de vous s\u00e9parer. Dans un article pour Psychology Today, la th\u00e9rapeute Yvonne Casta\u00f1eda sugg\u00e8re de vous poser deux questions simples sur votre partenaire : \u00ab Est-ce que je l&rsquo;aime vraiment ? et \u00ab\u00a0Qu&rsquo;est-ce que j&rsquo;aime exactement?\u00a0\u00bb <\/p>\n<p>Faire cela pourrait vous aider \u00e0 r\u00e9aliser que vous et votre partenaire avez un ensemble solide de valeurs et de croyances communes, et que consacrer du travail \u00e0 votre relation en vaut la peine. Ou bien, vous pourriez arriver \u00e0 la conclusion oppos\u00e9e. Dans tous les cas, vous aurez une meilleure id\u00e9e de ce que vous voulez.<\/p>\n<h3>Reculer<\/h3>\n<p>Aussi difficile que cela puisse \u00eatre, il est temps de prendre du recul et de donner \u00e0 votre partenaire davantage d&rsquo;opportunit\u00e9s de contribuer et de prendre les devants dans la relation. Demandez-leur leur avis sur la fa\u00e7on dont ils feraient quelque chose, plut\u00f4t que de simplement le faire vous-m\u00eame. Prenez des d\u00e9cisions ensemble et partagez la responsabilit\u00e9 des r\u00e9sultats, y compris pour des choses apparemment \u00e0 faibles enjeux, comme les t\u00e2ches m\u00e9nag\u00e8res.<\/p>\n<p>M\u00eame si cela peut vous causer une certaine anxi\u00e9t\u00e9 au d\u00e9but, l&rsquo;espoir est que votre partenaire s&rsquo;en sortira, et ce sera une \u00e9tape vers l&rsquo;instauration d&rsquo;une plus grande confiance en lui.<\/p>\n<h3>Concentrez-vous sur vous-m\u00eame<\/h3>\n<p>Si vous avez d\u00e9cid\u00e9 de poursuivre la relation, il est peut-\u00eatre temps de faire un travail sur vous-m\u00eame, plut\u00f4t que de vous concentrer uniquement sur l&rsquo;am\u00e9lioration ou l&rsquo;\u00e9ducation de votre partenaire. Par exemple, vous voudrez peut-\u00eatre parler \u00e0 un th\u00e9rapeute pour vous aider \u00e0 identifier vos mod\u00e8les relationnels typiques et comment vous pouvez remettre en question les croyances qui incitent \u00e0 ce comportement. <\/p>\n<p>De plus, au lieu de corriger les choses que fait votre partenaire, vous pouvez essayer d&rsquo;\u00eatre plus ouvert lorsque vous communiquez vos besoins. Selon Keir Brady, th\u00e9rapeute conjugal et familial agr\u00e9\u00e9, cela peut emp\u00eacher le ressentiment de se d\u00e9velopper et approfondir votre lien avec votre partenaire.<\/p>\n<p><\/p>\n","protected":false},"excerpt":{"rendered":"<p>En fin de compte, personne ne profite de cette dynamique relationnelle. Chaque relation est diff\u00e9rente, y compris en mati\u00e8re de dynamique de pouvoir. M\u00eame lorsqu\u2019un<\/p>\n","protected":false},"author":1,"featured_media":1116,"comment_status":"","ping_status":"","sticky":false,"template":"","format":"standard","meta":{"footnotes":""},"categories":[42],"tags":[184,127,92,113,1681,8,4],"class_list":["post-1115","post","type-post","status-publish","format-standard","has-post-thumbnail","hentry","category-relations","tag-etes","tag-faire","tag-parent","tag-partenaire","tag-realisez","tag-votre","tag-vous","generate-columns","tablet-grid-50","mobile-grid-100","grid-parent","grid-33"],"yoast_head":"<!-- This site is optimized with the Yoast SEO plugin v24.0 - https:\/\/yoast.com\/wordpress\/plugins\/seo\/ -->\n<title>Que faire si vous r\u00e9alisez que vous \u00eates \u00ab parent \u00bb de votre partenaire | Vie Associative<\/title>\n<meta name=\"robots\" content=\"index, follow, max-snippet:-1, max-image-preview:large, max-video-preview:-1\" \/>\n<link rel=\"canonical\" href=\"https:\/\/vieassociative.be\/actualites\/que-faire-si-vous-realisez-que-vous-etes-parent-de-votre-partenaire\/\" \/>\n<meta property=\"og:locale\" content=\"fr_FR\" \/>\n<meta property=\"og:type\" content=\"article\" \/>\n<meta property=\"og:title\" content=\"Que faire si vous r\u00e9alisez que vous \u00eates \u00ab parent \u00bb de votre partenaire | Vie Associative\" \/>\n<meta property=\"og:description\" content=\"En fin de compte, personne ne profite de cette dynamique relationnelle. Chaque relation est diff\u00e9rente, y compris en mati\u00e8re de dynamique de pouvoir. M\u00eame lorsqu\u2019un\" \/>\n<meta property=\"og:url\" content=\"https:\/\/vieassociative.be\/actualites\/que-faire-si-vous-realisez-que-vous-etes-parent-de-votre-partenaire\/\" \/>\n<meta property=\"og:site_name\" content=\"Vie Associative\" \/>\n<meta property=\"article:published_time\" content=\"2024-10-11T20:22:12+00:00\" \/>\n<meta property=\"og:image\" content=\"https:\/\/vieassociative.be\/actualites\/wp-content\/uploads\/2024\/09\/header_backgroundk-01-e1726694325946.png\" \/>\n\t<meta property=\"og:image:width\" content=\"279\" \/>\n\t<meta property=\"og:image:height\" content=\"92\" \/>\n\t<meta property=\"og:image:type\" content=\"image\/png\" \/>\n<meta name=\"author\" content=\"Julien\" \/>\n<meta name=\"twitter:card\" content=\"summary_large_image\" \/>\n<meta name=\"twitter:label1\" content=\"\u00c9crit par\" \/>\n\t<meta name=\"twitter:data1\" content=\"Julien\" \/>\n\t<meta name=\"twitter:label2\" content=\"Dur\u00e9e de lecture est.\" \/>\n\t<meta name=\"twitter:data2\" content=\"3 minutes\" \/>\n<script type=\"application\/ld+json\" class=\"yoast-schema-graph\">{\"@context\":\"https:\/\/schema.org\",\"@graph\":[{\"@type\":\"Article\",\"@id\":\"https:\/\/vieassociative.be\/actualites\/que-faire-si-vous-realisez-que-vous-etes-parent-de-votre-partenaire\/#article\",\"isPartOf\":{\"@id\":\"https:\/\/vieassociative.be\/actualites\/que-faire-si-vous-realisez-que-vous-etes-parent-de-votre-partenaire\/\"},\"author\":{\"name\":\"Julien\",\"@id\":\"https:\/\/vieassociative.be\/actualites\/#\/schema\/person\/b87ac4f82f9d4e7b7cec7395b679edc4\"},\"headline\":\"Que faire si vous r\u00e9alisez que vous \u00eates \u00ab parent \u00bb de votre partenaire\",\"datePublished\":\"2024-10-11T20:22:12+00:00\",\"dateModified\":\"2024-10-11T20:22:12+00:00\",\"mainEntityOfPage\":{\"@id\":\"https:\/\/vieassociative.be\/actualites\/que-faire-si-vous-realisez-que-vous-etes-parent-de-votre-partenaire\/\"},\"wordCount\":718,\"publisher\":{\"@id\":\"https:\/\/vieassociative.be\/actualites\/#organization\"},\"image\":{\"@id\":\"https:\/\/vieassociative.be\/actualites\/que-faire-si-vous-realisez-que-vous-etes-parent-de-votre-partenaire\/#primaryimage\"},\"thumbnailUrl\":\"https:\/\/vieassociative.be\/actualites\/wp-content\/uploads\/2024\/10\/Que-faire-si-vous-realisez-que-vous-etes-parent.jpg\",\"keywords\":[\"\u00eates\",\"faire\",\"parent\",\"partenaire\",\"r\u00e9alisez\",\"votre\",\"Vous\"],\"articleSection\":[\"Relations\"],\"inLanguage\":\"fr-BE\"},{\"@type\":\"WebPage\",\"@id\":\"https:\/\/vieassociative.be\/actualites\/que-faire-si-vous-realisez-que-vous-etes-parent-de-votre-partenaire\/\",\"url\":\"https:\/\/vieassociative.be\/actualites\/que-faire-si-vous-realisez-que-vous-etes-parent-de-votre-partenaire\/\",\"name\":\"Que faire si vous r\u00e9alisez que vous \u00eates \u00ab parent \u00bb de votre partenaire | Vie Associative\",\"isPartOf\":{\"@id\":\"https:\/\/vieassociative.be\/actualites\/#website\"},\"primaryImageOfPage\":{\"@id\":\"https:\/\/vieassociative.be\/actualites\/que-faire-si-vous-realisez-que-vous-etes-parent-de-votre-partenaire\/#primaryimage\"},\"image\":{\"@id\":\"https:\/\/vieassociative.be\/actualites\/que-faire-si-vous-realisez-que-vous-etes-parent-de-votre-partenaire\/#primaryimage\"},\"thumbnailUrl\":\"https:\/\/vieassociative.be\/actualites\/wp-content\/uploads\/2024\/10\/Que-faire-si-vous-realisez-que-vous-etes-parent.jpg\",\"datePublished\":\"2024-10-11T20:22:12+00:00\",\"dateModified\":\"2024-10-11T20:22:12+00:00\",\"breadcrumb\":{\"@id\":\"https:\/\/vieassociative.be\/actualites\/que-faire-si-vous-realisez-que-vous-etes-parent-de-votre-partenaire\/#breadcrumb\"},\"inLanguage\":\"fr-BE\",\"potentialAction\":[{\"@type\":\"ReadAction\",\"target\":[\"https:\/\/vieassociative.be\/actualites\/que-faire-si-vous-realisez-que-vous-etes-parent-de-votre-partenaire\/\"]}]},{\"@type\":\"ImageObject\",\"inLanguage\":\"fr-BE\",\"@id\":\"https:\/\/vieassociative.be\/actualites\/que-faire-si-vous-realisez-que-vous-etes-parent-de-votre-partenaire\/#primaryimage\",\"url\":\"https:\/\/vieassociative.be\/actualites\/wp-content\/uploads\/2024\/10\/Que-faire-si-vous-realisez-que-vous-etes-parent.jpg\",\"contentUrl\":\"https:\/\/vieassociative.be\/actualites\/wp-content\/uploads\/2024\/10\/Que-faire-si-vous-realisez-que-vous-etes-parent.jpg\",\"width\":1200,\"height\":675,\"caption\":\"Que faire si vous r\u00e9alisez que vous \u00eates \u00ab parent \u00bb de votre partenaire\"},{\"@type\":\"BreadcrumbList\",\"@id\":\"https:\/\/vieassociative.be\/actualites\/que-faire-si-vous-realisez-que-vous-etes-parent-de-votre-partenaire\/#breadcrumb\",\"itemListElement\":[{\"@type\":\"ListItem\",\"position\":1,\"name\":\"Accueil\",\"item\":\"https:\/\/vieassociative.be\/actualites\/\"},{\"@type\":\"ListItem\",\"position\":2,\"name\":\"Que faire si vous r\u00e9alisez que vous \u00eates \u00ab parent \u00bb de votre partenaire\"}]},{\"@type\":\"WebSite\",\"@id\":\"https:\/\/vieassociative.be\/actualites\/#website\",\"url\":\"https:\/\/vieassociative.be\/actualites\/\",\"name\":\"Vie Associative\",\"description\":\"\",\"publisher\":{\"@id\":\"https:\/\/vieassociative.be\/actualites\/#organization\"},\"potentialAction\":[{\"@type\":\"SearchAction\",\"target\":{\"@type\":\"EntryPoint\",\"urlTemplate\":\"https:\/\/vieassociative.be\/actualites\/?s={search_term_string}\"},\"query-input\":{\"@type\":\"PropertyValueSpecification\",\"valueRequired\":true,\"valueName\":\"search_term_string\"}}],\"inLanguage\":\"fr-BE\"},{\"@type\":\"Organization\",\"@id\":\"https:\/\/vieassociative.be\/actualites\/#organization\",\"name\":\"Vie Associative\",\"url\":\"https:\/\/vieassociative.be\/actualites\/\",\"logo\":{\"@type\":\"ImageObject\",\"inLanguage\":\"fr-BE\",\"@id\":\"https:\/\/vieassociative.be\/actualites\/#\/schema\/logo\/image\/\",\"url\":\"https:\/\/vieassociative.be\/actualites\/wp-content\/uploads\/2024\/09\/cropped-vieassociative_favicon.ico.png\",\"contentUrl\":\"https:\/\/vieassociative.be\/actualites\/wp-content\/uploads\/2024\/09\/cropped-vieassociative_favicon.ico.png\",\"width\":512,\"height\":512,\"caption\":\"Vie Associative\"},\"image\":{\"@id\":\"https:\/\/vieassociative.be\/actualites\/#\/schema\/logo\/image\/\"}},{\"@type\":\"Person\",\"@id\":\"https:\/\/vieassociative.be\/actualites\/#\/schema\/person\/b87ac4f82f9d4e7b7cec7395b679edc4\",\"name\":\"Julien\",\"image\":{\"@type\":\"ImageObject\",\"inLanguage\":\"fr-BE\",\"@id\":\"https:\/\/vieassociative.be\/actualites\/#\/schema\/person\/image\/\",\"url\":\"https:\/\/vieassociative.be\/actualites\/wp-content\/uploads\/2024\/09\/vie-associative-1-150x150.jpg\",\"contentUrl\":\"https:\/\/vieassociative.be\/actualites\/wp-content\/uploads\/2024\/09\/vie-associative-1-150x150.jpg\",\"caption\":\"Julien\"},\"description\":\"Je suis Julien, r\u00e9dacteur pour Vie Associative. Passionn\u00e9 par le monde associatif depuis plus de 10 ans, j'ai \u00e0 c\u0153ur de partager des histoires inspirantes et de mettre en lumi\u00e8re les initiatives locales. Mon objectif est de sensibiliser et d'encourager l'engagement communautaire \u00e0 travers mes articles.\",\"sameAs\":[\"https:\/\/vieassociative.be\/\"]}]}<\/script>\n<!-- \/ Yoast SEO plugin. -->","yoast_head_json":{"title":"Que faire si vous r\u00e9alisez que vous \u00eates \u00ab parent \u00bb de votre partenaire | Vie Associative","robots":{"index":"index","follow":"follow","max-snippet":"max-snippet:-1","max-image-preview":"max-image-preview:large","max-video-preview":"max-video-preview:-1"},"canonical":"https:\/\/vieassociative.be\/actualites\/que-faire-si-vous-realisez-que-vous-etes-parent-de-votre-partenaire\/","og_locale":"fr_FR","og_type":"article","og_title":"Que faire si vous r\u00e9alisez que vous \u00eates \u00ab parent \u00bb de votre partenaire | Vie Associative","og_description":"En fin de compte, personne ne profite de cette dynamique relationnelle. Chaque relation est diff\u00e9rente, y compris en mati\u00e8re de dynamique de pouvoir. M\u00eame lorsqu\u2019un","og_url":"https:\/\/vieassociative.be\/actualites\/que-faire-si-vous-realisez-que-vous-etes-parent-de-votre-partenaire\/","og_site_name":"Vie Associative","article_published_time":"2024-10-11T20:22:12+00:00","og_image":[{"width":279,"height":92,"url":"https:\/\/vieassociative.be\/actualites\/wp-content\/uploads\/2024\/09\/header_backgroundk-01-e1726694325946.png","type":"image\/png"}],"author":"Julien","twitter_card":"summary_large_image","twitter_misc":{"\u00c9crit par":"Julien","Dur\u00e9e de lecture est.":"3 minutes"},"schema":{"@context":"https:\/\/schema.org","@graph":[{"@type":"Article","@id":"https:\/\/vieassociative.be\/actualites\/que-faire-si-vous-realisez-que-vous-etes-parent-de-votre-partenaire\/#article","isPartOf":{"@id":"https:\/\/vieassociative.be\/actualites\/que-faire-si-vous-realisez-que-vous-etes-parent-de-votre-partenaire\/"},"author":{"name":"Julien","@id":"https:\/\/vieassociative.be\/actualites\/#\/schema\/person\/b87ac4f82f9d4e7b7cec7395b679edc4"},"headline":"Que faire si vous r\u00e9alisez que vous \u00eates \u00ab parent \u00bb de votre partenaire","datePublished":"2024-10-11T20:22:12+00:00","dateModified":"2024-10-11T20:22:12+00:00","mainEntityOfPage":{"@id":"https:\/\/vieassociative.be\/actualites\/que-faire-si-vous-realisez-que-vous-etes-parent-de-votre-partenaire\/"},"wordCount":718,"publisher":{"@id":"https:\/\/vieassociative.be\/actualites\/#organization"},"image":{"@id":"https:\/\/vieassociative.be\/actualites\/que-faire-si-vous-realisez-que-vous-etes-parent-de-votre-partenaire\/#primaryimage"},"thumbnailUrl":"https:\/\/vieassociative.be\/actualites\/wp-content\/uploads\/2024\/10\/Que-faire-si-vous-realisez-que-vous-etes-parent.jpg","keywords":["\u00eates","faire","parent","partenaire","r\u00e9alisez","votre","Vous"],"articleSection":["Relations"],"inLanguage":"fr-BE"},{"@type":"WebPage","@id":"https:\/\/vieassociative.be\/actualites\/que-faire-si-vous-realisez-que-vous-etes-parent-de-votre-partenaire\/","url":"https:\/\/vieassociative.be\/actualites\/que-faire-si-vous-realisez-que-vous-etes-parent-de-votre-partenaire\/","name":"Que faire si vous r\u00e9alisez que vous \u00eates \u00ab parent \u00bb de votre partenaire | Vie Associative","isPartOf":{"@id":"https:\/\/vieassociative.be\/actualites\/#website"},"primaryImageOfPage":{"@id":"https:\/\/vieassociative.be\/actualites\/que-faire-si-vous-realisez-que-vous-etes-parent-de-votre-partenaire\/#primaryimage"},"image":{"@id":"https:\/\/vieassociative.be\/actualites\/que-faire-si-vous-realisez-que-vous-etes-parent-de-votre-partenaire\/#primaryimage"},"thumbnailUrl":"https:\/\/vieassociative.be\/actualites\/wp-content\/uploads\/2024\/10\/Que-faire-si-vous-realisez-que-vous-etes-parent.jpg","datePublished":"2024-10-11T20:22:12+00:00","dateModified":"2024-10-11T20:22:12+00:00","breadcrumb":{"@id":"https:\/\/vieassociative.be\/actualites\/que-faire-si-vous-realisez-que-vous-etes-parent-de-votre-partenaire\/#breadcrumb"},"inLanguage":"fr-BE","potentialAction":[{"@type":"ReadAction","target":["https:\/\/vieassociative.be\/actualites\/que-faire-si-vous-realisez-que-vous-etes-parent-de-votre-partenaire\/"]}]},{"@type":"ImageObject","inLanguage":"fr-BE","@id":"https:\/\/vieassociative.be\/actualites\/que-faire-si-vous-realisez-que-vous-etes-parent-de-votre-partenaire\/#primaryimage","url":"https:\/\/vieassociative.be\/actualites\/wp-content\/uploads\/2024\/10\/Que-faire-si-vous-realisez-que-vous-etes-parent.jpg","contentUrl":"https:\/\/vieassociative.be\/actualites\/wp-content\/uploads\/2024\/10\/Que-faire-si-vous-realisez-que-vous-etes-parent.jpg","width":1200,"height":675,"caption":"Que faire si vous r\u00e9alisez que vous \u00eates \u00ab parent \u00bb de votre partenaire"},{"@type":"BreadcrumbList","@id":"https:\/\/vieassociative.be\/actualites\/que-faire-si-vous-realisez-que-vous-etes-parent-de-votre-partenaire\/#breadcrumb","itemListElement":[{"@type":"ListItem","position":1,"name":"Accueil","item":"https:\/\/vieassociative.be\/actualites\/"},{"@type":"ListItem","position":2,"name":"Que faire si vous r\u00e9alisez que vous \u00eates \u00ab parent \u00bb de votre partenaire"}]},{"@type":"WebSite","@id":"https:\/\/vieassociative.be\/actualites\/#website","url":"https:\/\/vieassociative.be\/actualites\/","name":"Vie Associative","description":"","publisher":{"@id":"https:\/\/vieassociative.be\/actualites\/#organization"},"potentialAction":[{"@type":"SearchAction","target":{"@type":"EntryPoint","urlTemplate":"https:\/\/vieassociative.be\/actualites\/?s={search_term_string}"},"query-input":{"@type":"PropertyValueSpecification","valueRequired":true,"valueName":"search_term_string"}}],"inLanguage":"fr-BE"},{"@type":"Organization","@id":"https:\/\/vieassociative.be\/actualites\/#organization","name":"Vie Associative","url":"https:\/\/vieassociative.be\/actualites\/","logo":{"@type":"ImageObject","inLanguage":"fr-BE","@id":"https:\/\/vieassociative.be\/actualites\/#\/schema\/logo\/image\/","url":"https:\/\/vieassociative.be\/actualites\/wp-content\/uploads\/2024\/09\/cropped-vieassociative_favicon.ico.png","contentUrl":"https:\/\/vieassociative.be\/actualites\/wp-content\/uploads\/2024\/09\/cropped-vieassociative_favicon.ico.png","width":512,"height":512,"caption":"Vie Associative"},"image":{"@id":"https:\/\/vieassociative.be\/actualites\/#\/schema\/logo\/image\/"}},{"@type":"Person","@id":"https:\/\/vieassociative.be\/actualites\/#\/schema\/person\/b87ac4f82f9d4e7b7cec7395b679edc4","name":"Julien","image":{"@type":"ImageObject","inLanguage":"fr-BE","@id":"https:\/\/vieassociative.be\/actualites\/#\/schema\/person\/image\/","url":"https:\/\/vieassociative.be\/actualites\/wp-content\/uploads\/2024\/09\/vie-associative-1-150x150.jpg","contentUrl":"https:\/\/vieassociative.be\/actualites\/wp-content\/uploads\/2024\/09\/vie-associative-1-150x150.jpg","caption":"Julien"},"description":"Je suis Julien, r\u00e9dacteur pour Vie Associative. Passionn\u00e9 par le monde associatif depuis plus de 10 ans, j'ai \u00e0 c\u0153ur de partager des histoires inspirantes et de mettre en lumi\u00e8re les initiatives locales. Mon objectif est de sensibiliser et d'encourager l'engagement communautaire \u00e0 travers mes articles.","sameAs":["https:\/\/vieassociative.be\/"]}]}},"_links":{"self":[{"href":"https:\/\/vieassociative.be\/actualites\/wp-json\/wp\/v2\/posts\/1115"}],"collection":[{"href":"https:\/\/vieassociative.be\/actualites\/wp-json\/wp\/v2\/posts"}],"about":[{"href":"https:\/\/vieassociative.be\/actualites\/wp-json\/wp\/v2\/types\/post"}],"author":[{"embeddable":true,"href":"https:\/\/vieassociative.be\/actualites\/wp-json\/wp\/v2\/users\/1"}],"replies":[{"embeddable":true,"href":"https:\/\/vieassociative.be\/actualites\/wp-json\/wp\/v2\/comments?post=1115"}],"version-history":[{"count":0,"href":"https:\/\/vieassociative.be\/actualites\/wp-json\/wp\/v2\/posts\/1115\/revisions"}],"wp:featuredmedia":[{"embeddable":true,"href":"https:\/\/vieassociative.be\/actualites\/wp-json\/wp\/v2\/media\/1116"}],"wp:attachment":[{"href":"https:\/\/vieassociative.be\/actualites\/wp-json\/wp\/v2\/media?parent=1115"}],"wp:term":[{"taxonomy":"category","embeddable":true,"href":"https:\/\/vieassociative.be\/actualites\/wp-json\/wp\/v2\/categories?post=1115"},{"taxonomy":"post_tag","embeddable":true,"href":"https:\/\/vieassociative.be\/actualites\/wp-json\/wp\/v2\/tags?post=1115"}],"curies":[{"name":"wp","href":"https:\/\/api.w.org\/{rel}","templated":true}]}}