{"id":11149,"date":"2025-11-06T18:17:24","date_gmt":"2025-11-06T17:17:24","guid":{"rendered":"https:\/\/vieassociative.be\/actualites\/comment-nous-avons-perdu-la-culture-du-gym-et-comment-vous-pouvez-la-recuperer\/"},"modified":"2025-11-06T18:17:24","modified_gmt":"2025-11-06T17:17:24","slug":"comment-nous-avons-perdu-la-culture-du-gym-et-comment-vous-pouvez-la-recuperer","status":"publish","type":"post","link":"https:\/\/vieassociative.be\/actualites\/comment-nous-avons-perdu-la-culture-du-gym-et-comment-vous-pouvez-la-recuperer\/","title":{"rendered":"Comment nous avons perdu la \u00ab culture du gym \u00bb (et comment vous pouvez la r\u00e9cup\u00e9rer)"},"content":{"rendered":"<div class=\"mt-4 leading-6 md:mb-8\">Demandez \u00e0 un inconnu de vous rep\u00e9rer aujourd&rsquo;hui.<\/div>\n<p><\/p>\n<p>Dans mon Blink Fitness local, qui est maintenant un PureGym, j&rsquo;ai r\u00e9cemment travaill\u00e9 avec une autre femme sur la machine de traction assist\u00e9e. Pour moi, l\u2019ambiance \u00e9tait un soulagement total. Personne n&rsquo;\u00e9tait impoli \u00e0 propos du partage d&rsquo;\u00e9quipement, cela ne semblait pas du tout comp\u00e9titif, et il y avait une s\u00e9curit\u00e9 et une solidarit\u00e9 \u00e0 \u00eatre les deux seules femmes dans ce quadrant du gymnase \u00e0 ce moment-l\u00e0. Pendant une br\u00e8ve p\u00e9riode, la salle de sport ressemblait \u00e0 un espace \u00e0 la fois de catharsis et de camaraderie. Malheureusement, ce moment m\u2019a seulement fait r\u00e9aliser \u00e0 quel point ce type de culture de gym partag\u00e9e est devenu rare. <\/p>\n<p>\u00c0 vrai dire, je ne sais pas si la culture du gym a jamais \u00e9t\u00e9 faite pour moi. Le st\u00e9r\u00e9otype est que ce sont tous des fr\u00e8res, n&rsquo;est-ce pas ? Je ne suis pas Joey Swoll, qui se d\u00e9crit lui-m\u00eame comme \u00ab\u00a0PDG de la positivit\u00e9 en salle de sport\u00a0\u00bb, un de ces types d&rsquo;influenceurs avec une positivit\u00e9 maniaque qui est soit r\u00e9pulsive, soit inspirante, selon \u00e0 qui vous demandez. En tant que pratiquante occasionnelle de gym et en tant que femme, j&rsquo;ai toujours ressenti le besoin de trouver l&rsquo;\u00e9quilibre parfait entre respirer la confiance et rester quelque peu invisible. Ce n&rsquo;est pas exactement une recette pour la communaut\u00e9. <\/p>\n<p>Je pourrais donc en dire beaucoup sur ce qu&rsquo;est cette pi\u00e8ce <em>pas<\/em> \u00e0 propos de. Il ne s\u2019agit pas d\u2019\u00ab \u00eatre une femme \u00bb et d\u2019\u00e9viter le harc\u00e8lement sexuel. Il ne s\u2019agit pas non plus de studios de cours, qui ont leur propre monde et leur propre politique bas\u00e9e sur le Pilates. <\/p>\n<div class=\"mx-auto mb-12 mt-5 w-full max-w-3xl rounded-md border-2 border-gray-100 p-3 shadow-md md:px-7 md:pb-7 md:pt-5\" id=\"related-video\">\n<div class=\"mb-3 flex items-center md:mb-5\">\n        <img decoding=\"async\" class=\"mr-4 mt-0 h-10 w-10 md:mr-5 md:h-12 md:w-12\" src=\"https:\/\/vieassociative.be\/actualites\/wp-content\/uploads\/2025\/09\/1757726237_608_Meta-pourrait-devoiler-une-montre-intelligente-pour-controler-ses-lunettes.jpg\" alt=\"Logo du pirate de la vie\"><\/p><\/div>\n<div class=\"aspect-video w-full overflow-hidden rounded-md\">\n<div id=\"video-container-01K9D29GMZSH9FYBCH2ZXBEQWN\"><\/div>\n<\/p><\/div>\n<\/div>\n<p>Aujourd&rsquo;hui, je me concentre sur quelque chose de plus simple et de plus vaste\u00a0: la disparition discr\u00e8te de la culture du gymnase et ce qui a \u00e9t\u00e9 perdu \u00e0 mesure que les entra\u00eenements en solo \u00e0 la maison deviennent de plus en plus high-tech et accessibles. Mon travail a approfondi cette \u00e9trange distance. Je passe mes journ\u00e9es \u00e0 tester les derniers rameurs intelligents, les halt\u00e8res r\u00e9glables et les marche-escaliers, des \u00e9quipements si sophistiqu\u00e9s et pratiques que la question n&rsquo;est pas de savoir si vous <em>peut<\/em> reproduire une exp\u00e9rience de gym \u00e0 la maison, mais pourquoi prendriez-vous la peine de partir. J&rsquo;ai utilis\u00e9 suffisamment d&rsquo;\u00e9quipement pour \u00e9quiper un petit studio de fitness, chaque pi\u00e8ce promettant de fournir des r\u00e9sultats professionnels sans les d\u00e9placements, les frais d&rsquo;adh\u00e9sion ou le potentiel d&rsquo;interactions inconfortables. Et \u00e7a marche. La technologie est l\u00e9gitimement impressionnante. <\/p>\n<p>Mais quelque chose a \u00e9t\u00e9 perdu dans cette transition harmonieuse vers la commodit\u00e9. J&rsquo;\u00e9cris ceci maintenant avec un regard un peu na\u00eff et romanc\u00e9, me demandant \u00e0 quoi aurait pu ressembler la vie pour moi si j&rsquo;\u00e9tais un homme grand et sympathique dans la culture id\u00e9alis\u00e9e du gymnase d&rsquo;autrefois. De ce point de vue, quelle est cette culture id\u00e9ale du gym que j\u2019imagine ? Et cela vaut-il la peine de pleurer quelque chose qui n\u2019a peut-\u00eatre jamais vraiment exist\u00e9 pour tout le monde ?<\/p>\n<h2 id=\"the-quiet-disappearance-of-shared-gym-culture\">La disparition discr\u00e8te de la culture partag\u00e9e du gym<\/h2>\n<p>\u00c0 mesure que la technologie du fitness \u00e0 domicile intelligent se d\u00e9veloppe, nous \u00e9changeons la communaut\u00e9 pour plus de commodit\u00e9, et nous pourrions ne pas la r\u00e9cup\u00e9rer. Echo Wang, professeur de yoga certifi\u00e9 et fondateur de Yoga Kawa, d\u00e9clare : \u00ab la salle de sport \u00e9tait autrefois un point d&rsquo;ancrage social. Les gens n&rsquo;y allaient pas seulement pour s&rsquo;entra\u00eener, mais aussi pour avoir leur place \u00bb. Maintenant que les \u00e9quipements de fitness \u00e0 domicile ont simplifi\u00e9 l\u2019entra\u00eenement \u00e0 la maison, l\u2019atmosph\u00e8re de la salle de sport s\u2019estompe. Wang dit que regarder quelqu&rsquo;un se d\u00e9passer \u00e0 vos c\u00f4t\u00e9s a fourni une motivation suppl\u00e9mentaire \u2013 c&rsquo;\u00e9tait contagieux. Ces conversations entre les s\u00e9ries ont permis aux gens de rester engag\u00e9s, tandis que faire de l&rsquo;exercice seul \u00e0 la maison permet de sauter plus facilement des s\u00e9ances d&rsquo;entra\u00eenement et de perdre de l&rsquo;\u00e9lan.<\/p>\n<p>M\u00eame ceux qui fr\u00e9quentent encore les salles de sport vivent dans des mondes isol\u00e9s, des \u00e9couteurs antibruit bloquant les sons des poids et de l&rsquo;\u00e9nergie ambiante qui donnaient autrefois l&rsquo;impression que les salles de sport \u00e9taient vivantes. Le contact visuel a disparu, les bavardages ont disparu : il ne reste que les r\u00e9p\u00e9titions et les listes de lecture personnelles. \u00ab\u00a0La commodit\u00e9 vous fait avancer\u00a0\u00bb, dit Wang, \u00ab\u00a0mais faire partie de quelque chose vous fait revenir.\u00a0\u00bb<\/p>\n<p>Le Dr Jesse Shaw, professeur agr\u00e9g\u00e9 de m\u00e9decine du sport \u00e0 l&rsquo;Universit\u00e9 de Western States, affirme qu&rsquo;il a construit sa philosophie d&rsquo;entra\u00eenement autour de l&rsquo;\u00e9nergie comp\u00e9titive. Depuis ses ann\u00e9es militaires jusqu&rsquo;\u00e0 son travail actuel dans l&rsquo;athl\u00e9tisme coll\u00e9gial, il a cherch\u00e9 \u00e0 devenir la personne la plus grande et la plus rapide du gymnase &#8211; et quand il ne l&rsquo;\u00e9tait pas, cela l&rsquo;a pouss\u00e9 \u00e0 s&rsquo;entra\u00eener plus dur. Il voit comment la technologie domestique peut combler cette lacune, soulignant comment Peloton a cr\u00e9\u00e9 une communaut\u00e9 et une culture autour de son \u00e9quipement qui imite cet aspect de motivation.<\/p>\n<p>Mais Shaw a \u00e9galement \u00e9t\u00e9 t\u00e9moin de changements troublants. Il a observ\u00e9 un changement malheureux pour les amateurs de gym qui souhaitent se concentrer sur un entra\u00eenement s\u00e9rieux sans \u00eatre film\u00e9s ni attendre que quelqu&rsquo;un termine leur cr\u00e9ation de contenu \u00ab d&rsquo;entra\u00eenement \u00bb. Comme je l&rsquo;ai r\u00e9cemment expliqu\u00e9, la publication d&rsquo;entra\u00eenements en ligne consiste moins \u00e0 documenter les progr\u00e8s personnels qu&rsquo;\u00e0 effectuer une remise en forme pour un public &#8211; un changement qui change fondamentalement l&rsquo;environnement du gymnase lui-m\u00eame. L\u2019\u00e8re des \u00ab t\u00eates de viande \u00bb classiques \u2013 des gens gros et costauds qui bougent beaucoup de poids \u2013 a largement disparu. Shaw note \u00e9galement l&rsquo;\u00e9volution de la dynamique de groupe : pendant son service militaire, il s&rsquo;entra\u00eenait seul \u00e0 l&rsquo;aise et demandait simplement \u00e0 quelqu&rsquo;un \u00e0 proximit\u00e9 de lui fournir une place en cas de besoin. Aujourd\u2019hui, il constate que la plupart des gens arrivent en groupe et ont tendance \u00e0 \u00e9viter de soulever des poids lourds de mani\u00e8re efficace.<\/p>\n<p>Shaw estime que la commodit\u00e9 de l&rsquo;entra\u00eenement \u00e0 domicile, n\u00e9e d&rsquo;une n\u00e9cessit\u00e9 sociale et m\u00e9dicale, reste une option d&rsquo;exercice pr\u00e9cieuse. Cependant, il a \u00e9t\u00e9 t\u00e9moin de nombreuses fermetures de salles de sport en raison d&rsquo;une faible fr\u00e9quentation et d&rsquo;une mauvaise r\u00e9cup\u00e9ration du nombre de membres. La technologie a modifi\u00e9 \u00e0 la fois le rythme et la concentration des adeptes actuels des salles de sport, cr\u00e9ant un besoin de documenter et de partager les entra\u00eenements en ligne pour ressentir un sentiment d&rsquo;accomplissement. Certaines technologies domestiques, comme Peloton, d\u00e9pendent fortement des fonctionnalit\u00e9s sociales, cr\u00e9ant une culture et une volont\u00e9 commune de s&rsquo;am\u00e9liorer et de rivaliser dans les classements.<\/p>\n<h2 id=\"the-type-of-gym-you-go-to-matters\">Le type de salle de sport que vous fr\u00e9quentez compte<\/h2>\n<p>Le co\u00fbt et le type jouent un r\u00f4le important dans la dynamique du gymnase. Ma coll\u00e8gue Lindsey Ellefson a expliqu\u00e9 comment, lorsqu&rsquo;elle enseignait le spin au gymnase communautaire de NYU, gratuit pour les \u00e9tudiants, elle a trouv\u00e9 l&rsquo;environnement bavard, amical et extr\u00eamement coll\u00e9gial. Mais l\u00e0 o\u00f9 elle travaille maintenant, une \u00ab salle de sport de luxe \u00bb, elle semble beaucoup plus insulaire et tout le monde est en quelque sorte ferm\u00e9. Dans la m\u00eame veine, j&rsquo;ai parl\u00e9 avec un ami qui a une salle de sport dans son immeuble, qui m&rsquo;a dit \u00e0 quel point interagir avec des gens que vous savez \u00eatre vos voisins peut \u00eatre plus s\u00fbr et plus facile que de rencontrer de parfaits inconnus dans un \u00e9tablissement plus grand. <\/p>\n<p>Pour Kris Herbert, fondateur et propri\u00e9taire de The Gym Venice, la d\u00e9t\u00e9rioration culturelle est plus profonde. Il est particuli\u00e8rement pr\u00e9occup\u00e9 par les salles de sport \u00e0 faible co\u00fbt et \u00e0 forte valeur ajout\u00e9e, o\u00f9 un investissement financier et personnel minimal conduit \u00e0 la disparition de la responsabilit\u00e9 individuelle. Ce manque de propri\u00e9t\u00e9 cr\u00e9e des espaces souvent sales, d\u00e9sorganis\u00e9s et dangereux. Ces gymnases sont des lieux que les gens utilisent plut\u00f4t que n\u2019appartiennent.<\/p>\n<p>Herbert a observ\u00e9 une nette transformation culturelle\u00a0: autrefois, les gens s&rsquo;entra\u00eenaient ensemble, se rep\u00e9raient et conversaient entre les sets. Aujourd&rsquo;hui, la plupart des membres s&rsquo;entra\u00eenent isol\u00e9s, les \u00e9couteurs ins\u00e9r\u00e9s, les yeux d\u00e9tourn\u00e9s. Il fut un temps o\u00f9 entrer dans le gymnase, c&rsquo;\u00e9tait comme entrer dans \u00ab\u00a0Cheers\u00a0\u00bb, o\u00f9 tout le monde connaissait votre nom. Ce sentiment de communaut\u00e9 a \u00e9t\u00e9 largement remplac\u00e9 par la commodit\u00e9.<\/p>\n<p>Une partie de ce changement vient de l&rsquo;accessibilit\u00e9 : aujourd&rsquo;hui, vous pouvez trouver des r\u00e9ponses \u00e0 pratiquement toutes les questions de formation en ligne sans interaction humaine. M\u00eame si l&rsquo;acc\u00e8s \u00e0 des informations cr\u00e9dibles peut acc\u00e9l\u00e9rer les progr\u00e8s, il ne peut pas reproduire la responsabilit\u00e9, la camaraderie et l&rsquo;\u00e9nergie partag\u00e9e de la formation avec d&rsquo;autres.<\/p>\n<p>Herbert souligne que la dimension sociale de la formation est l\u2019un des outils d\u2019am\u00e9lioration des performances les plus sous-\u00e9valu\u00e9s. Lorsque vous vous entra\u00eenez aux c\u00f4t\u00e9s d\u2019autres personnes qui remarquent vos efforts, encouragent votre d\u00e9veloppement et vous tiennent responsable, vous poussez naturellement plus fort, maintenez une meilleure coh\u00e9rence et appr\u00e9ciez davantage l\u2019exp\u00e9rience. Ce sentiment d&rsquo;appartenance alimente non seulement de meilleurs r\u00e9sultats en salle de sport, mais \u00e9galement une meilleure humeur, une meilleure confiance en soi et une meilleure sant\u00e9 mentale en g\u00e9n\u00e9ral.<\/p>\n<h2 id=\"how-we-can-rebuild-gym-culture\">Comment nous pouvons reconstruire la culture du gym<\/h2>\n<p>Pour reconstruire cette culture, Herbert sugg\u00e8re de commencer petit. Pr\u00e9sentez-vous aux habitu\u00e9s, proposez de rep\u00e9rer quelqu&rsquo;un, posez une question, reconnaissez la coh\u00e9rence de quelqu&rsquo;un. Ces interactions simples nous rappellent que la forme physique englobe des \u00e9l\u00e9ments sociaux, \u00e9motionnels et profond\u00e9ment humains au-del\u00e0 du physique. La salle de sport devrait \u00eatre un endroit o\u00f9 les gens non seulement deviennent plus forts, mais aussi ont leur place.<\/p>\n<p>La technologie de fitness intelligente a rendu l&rsquo;entra\u00eenement plus accessible\u00a0: vous pouvez suivre des programmes, suivre des mesures et recevoir des commentaires depuis votre salon. Mais si cette commodit\u00e9 \u00e9limine les frictions, elle \u00e9limine \u00e9galement la connexion. Les \u00e9l\u00e9ments humains de la formation \u2013 les signaux, les corrections et l\u2019\u00e9nergie partag\u00e9e \u2013 sont v\u00e9ritablement le moteur du progr\u00e8s et de l\u2019\u00e9panouissement \u00e0 long terme. La technologie intelligente facilite peut-\u00eatre l\u2019entra\u00eenement, mais elle ne remplacera jamais le pouvoir de la connexion humaine.<\/p>\n<p>Je teste toujours du mat\u00e9riel \u00e0 la maison. J&rsquo;appr\u00e9cie toujours la commodit\u00e9 de sortir du lit et de monter sur un rameur sans naviguer dans des dynamiques sociales compliqu\u00e9es ni attendre de l&rsquo;\u00e9quipement. Mais j&rsquo;ai commenc\u00e9 \u00e0 retourner au gymnase deux fois par semaine, essayant de comprendre ce que toute cette culture du gym pourrait signifier pour quelqu&rsquo;un comme moi.<\/p>\n<p>Peut-\u00eatre que cette culture id\u00e9ale du gymnase que j&rsquo;imagine \u2013 celle \u00e0 laquelle les gens appartenaient, o\u00f9 la communaut\u00e9 prosp\u00e9rait \u2013 a toujours \u00e9t\u00e9 plus accessible \u00e0 certains qu&rsquo;\u00e0 d&rsquo;autres. Peut-\u00eatre que cela n\u2019a jamais \u00e9t\u00e9 parfait. Mais bon, m\u00eame une communaut\u00e9 imparfaite bat l\u2019isolement. Et peut-\u00eatre que, si nous le faisons intentionnellement, nous pourrons construire quelque chose de mieux que ce qui existait auparavant\u00a0: un ensemble partag\u00e9 \u00e0 la fois sur la machine de traction assist\u00e9e.<\/p>\n<p><script async src=\"\/\/www.instagram.com\/embed.js\"><\/script><\/p>\n","protected":false},"excerpt":{"rendered":"<p>Demandez \u00e0 un inconnu de vous rep\u00e9rer aujourd&rsquo;hui. Dans mon Blink Fitness local, qui est maintenant un PureGym, j&rsquo;ai r\u00e9cemment travaill\u00e9 avec une autre femme<\/p>\n","protected":false},"author":1,"featured_media":11150,"comment_status":"","ping_status":"","sticky":false,"template":"","format":"standard","meta":{"footnotes":""},"categories":[38],"tags":[607,44,2805,6932,393,2207,5,2394,4],"class_list":["post-11149","post","type-post","status-publish","format-standard","has-post-thumbnail","hentry","category-sante","tag-avons","tag-comment","tag-culture","tag-gym","tag-nous","tag-perdu","tag-pouvez","tag-recuperer","tag-vous","generate-columns","tablet-grid-50","mobile-grid-100","grid-parent","grid-33"],"yoast_head":"<!-- This site is optimized with the Yoast SEO plugin v24.0 - https:\/\/yoast.com\/wordpress\/plugins\/seo\/ -->\n<title>Comment nous avons perdu la \u00ab culture du gym \u00bb (et comment vous pouvez la r\u00e9cup\u00e9rer) | Vie Associative<\/title>\n<meta name=\"robots\" content=\"index, follow, max-snippet:-1, max-image-preview:large, max-video-preview:-1\" \/>\n<link rel=\"canonical\" href=\"https:\/\/vieassociative.be\/actualites\/comment-nous-avons-perdu-la-culture-du-gym-et-comment-vous-pouvez-la-recuperer\/\" \/>\n<meta property=\"og:locale\" content=\"fr_FR\" \/>\n<meta property=\"og:type\" content=\"article\" \/>\n<meta property=\"og:title\" content=\"Comment nous avons perdu la \u00ab culture du gym \u00bb (et comment vous pouvez la r\u00e9cup\u00e9rer) | Vie Associative\" \/>\n<meta property=\"og:description\" content=\"Demandez \u00e0 un inconnu de vous rep\u00e9rer aujourd&rsquo;hui. Dans mon Blink Fitness local, qui est maintenant un PureGym, j&rsquo;ai r\u00e9cemment travaill\u00e9 avec une autre femme\" \/>\n<meta property=\"og:url\" content=\"https:\/\/vieassociative.be\/actualites\/comment-nous-avons-perdu-la-culture-du-gym-et-comment-vous-pouvez-la-recuperer\/\" \/>\n<meta property=\"og:site_name\" content=\"Vie Associative\" \/>\n<meta property=\"article:published_time\" content=\"2025-11-06T17:17:24+00:00\" \/>\n<meta property=\"og:image\" content=\"https:\/\/vieassociative.be\/actualites\/wp-content\/uploads\/2025\/09\/1757726237_608_Meta-pourrait-devoiler-une-montre-intelligente-pour-controler-ses-lunettes.jpg\" \/>\n<meta name=\"author\" content=\"Julien\" \/>\n<meta name=\"twitter:card\" content=\"summary_large_image\" \/>\n<meta name=\"twitter:label1\" content=\"\u00c9crit par\" \/>\n\t<meta name=\"twitter:data1\" content=\"Julien\" \/>\n\t<meta name=\"twitter:label2\" content=\"Dur\u00e9e de lecture est.\" \/>\n\t<meta name=\"twitter:data2\" content=\"10 minutes\" \/>\n<script type=\"application\/ld+json\" class=\"yoast-schema-graph\">{\"@context\":\"https:\/\/schema.org\",\"@graph\":[{\"@type\":\"Article\",\"@id\":\"https:\/\/vieassociative.be\/actualites\/comment-nous-avons-perdu-la-culture-du-gym-et-comment-vous-pouvez-la-recuperer\/#article\",\"isPartOf\":{\"@id\":\"https:\/\/vieassociative.be\/actualites\/comment-nous-avons-perdu-la-culture-du-gym-et-comment-vous-pouvez-la-recuperer\/\"},\"author\":{\"name\":\"Julien\",\"@id\":\"https:\/\/vieassociative.be\/actualites\/#\/schema\/person\/b87ac4f82f9d4e7b7cec7395b679edc4\"},\"headline\":\"Comment nous avons perdu la \u00ab culture du gym \u00bb (et comment vous pouvez la r\u00e9cup\u00e9rer)\",\"datePublished\":\"2025-11-06T17:17:24+00:00\",\"dateModified\":\"2025-11-06T17:17:24+00:00\",\"mainEntityOfPage\":{\"@id\":\"https:\/\/vieassociative.be\/actualites\/comment-nous-avons-perdu-la-culture-du-gym-et-comment-vous-pouvez-la-recuperer\/\"},\"wordCount\":1995,\"publisher\":{\"@id\":\"https:\/\/vieassociative.be\/actualites\/#organization\"},\"image\":{\"@id\":\"https:\/\/vieassociative.be\/actualites\/comment-nous-avons-perdu-la-culture-du-gym-et-comment-vous-pouvez-la-recuperer\/#primaryimage\"},\"thumbnailUrl\":\"https:\/\/vieassociative.be\/actualites\/wp-content\/uploads\/2025\/11\/Comment-nous-avons-perdu-la-culture-du-gym.jpg\",\"keywords\":[\"avons\",\"Comment\",\"culture\",\"gym\",\"nous\",\"perdu\",\"pouvez\",\"r\u00e9cup\u00e9rer\",\"Vous\"],\"articleSection\":[\"Sant\u00e9\"],\"inLanguage\":\"fr-BE\"},{\"@type\":\"WebPage\",\"@id\":\"https:\/\/vieassociative.be\/actualites\/comment-nous-avons-perdu-la-culture-du-gym-et-comment-vous-pouvez-la-recuperer\/\",\"url\":\"https:\/\/vieassociative.be\/actualites\/comment-nous-avons-perdu-la-culture-du-gym-et-comment-vous-pouvez-la-recuperer\/\",\"name\":\"Comment nous avons perdu la \u00ab culture du gym \u00bb (et comment vous pouvez la r\u00e9cup\u00e9rer) | Vie Associative\",\"isPartOf\":{\"@id\":\"https:\/\/vieassociative.be\/actualites\/#website\"},\"primaryImageOfPage\":{\"@id\":\"https:\/\/vieassociative.be\/actualites\/comment-nous-avons-perdu-la-culture-du-gym-et-comment-vous-pouvez-la-recuperer\/#primaryimage\"},\"image\":{\"@id\":\"https:\/\/vieassociative.be\/actualites\/comment-nous-avons-perdu-la-culture-du-gym-et-comment-vous-pouvez-la-recuperer\/#primaryimage\"},\"thumbnailUrl\":\"https:\/\/vieassociative.be\/actualites\/wp-content\/uploads\/2025\/11\/Comment-nous-avons-perdu-la-culture-du-gym.jpg\",\"datePublished\":\"2025-11-06T17:17:24+00:00\",\"dateModified\":\"2025-11-06T17:17:24+00:00\",\"breadcrumb\":{\"@id\":\"https:\/\/vieassociative.be\/actualites\/comment-nous-avons-perdu-la-culture-du-gym-et-comment-vous-pouvez-la-recuperer\/#breadcrumb\"},\"inLanguage\":\"fr-BE\",\"potentialAction\":[{\"@type\":\"ReadAction\",\"target\":[\"https:\/\/vieassociative.be\/actualites\/comment-nous-avons-perdu-la-culture-du-gym-et-comment-vous-pouvez-la-recuperer\/\"]}]},{\"@type\":\"ImageObject\",\"inLanguage\":\"fr-BE\",\"@id\":\"https:\/\/vieassociative.be\/actualites\/comment-nous-avons-perdu-la-culture-du-gym-et-comment-vous-pouvez-la-recuperer\/#primaryimage\",\"url\":\"https:\/\/vieassociative.be\/actualites\/wp-content\/uploads\/2025\/11\/Comment-nous-avons-perdu-la-culture-du-gym.jpg\",\"contentUrl\":\"https:\/\/vieassociative.be\/actualites\/wp-content\/uploads\/2025\/11\/Comment-nous-avons-perdu-la-culture-du-gym.jpg\",\"width\":1200,\"height\":675,\"caption\":\"Comment nous avons perdu la \u00ab culture du gym \u00bb (et comment vous pouvez la r\u00e9cup\u00e9rer)\"},{\"@type\":\"BreadcrumbList\",\"@id\":\"https:\/\/vieassociative.be\/actualites\/comment-nous-avons-perdu-la-culture-du-gym-et-comment-vous-pouvez-la-recuperer\/#breadcrumb\",\"itemListElement\":[{\"@type\":\"ListItem\",\"position\":1,\"name\":\"Accueil\",\"item\":\"https:\/\/vieassociative.be\/actualites\/\"},{\"@type\":\"ListItem\",\"position\":2,\"name\":\"Comment nous avons perdu la \u00ab culture du gym \u00bb (et comment vous pouvez la r\u00e9cup\u00e9rer)\"}]},{\"@type\":\"WebSite\",\"@id\":\"https:\/\/vieassociative.be\/actualites\/#website\",\"url\":\"https:\/\/vieassociative.be\/actualites\/\",\"name\":\"Vie Associative\",\"description\":\"\",\"publisher\":{\"@id\":\"https:\/\/vieassociative.be\/actualites\/#organization\"},\"potentialAction\":[{\"@type\":\"SearchAction\",\"target\":{\"@type\":\"EntryPoint\",\"urlTemplate\":\"https:\/\/vieassociative.be\/actualites\/?s={search_term_string}\"},\"query-input\":{\"@type\":\"PropertyValueSpecification\",\"valueRequired\":true,\"valueName\":\"search_term_string\"}}],\"inLanguage\":\"fr-BE\"},{\"@type\":\"Organization\",\"@id\":\"https:\/\/vieassociative.be\/actualites\/#organization\",\"name\":\"Vie Associative\",\"url\":\"https:\/\/vieassociative.be\/actualites\/\",\"logo\":{\"@type\":\"ImageObject\",\"inLanguage\":\"fr-BE\",\"@id\":\"https:\/\/vieassociative.be\/actualites\/#\/schema\/logo\/image\/\",\"url\":\"https:\/\/vieassociative.be\/actualites\/wp-content\/uploads\/2024\/09\/cropped-vieassociative_favicon.ico.png\",\"contentUrl\":\"https:\/\/vieassociative.be\/actualites\/wp-content\/uploads\/2024\/09\/cropped-vieassociative_favicon.ico.png\",\"width\":512,\"height\":512,\"caption\":\"Vie Associative\"},\"image\":{\"@id\":\"https:\/\/vieassociative.be\/actualites\/#\/schema\/logo\/image\/\"}},{\"@type\":\"Person\",\"@id\":\"https:\/\/vieassociative.be\/actualites\/#\/schema\/person\/b87ac4f82f9d4e7b7cec7395b679edc4\",\"name\":\"Julien\",\"image\":{\"@type\":\"ImageObject\",\"inLanguage\":\"fr-BE\",\"@id\":\"https:\/\/vieassociative.be\/actualites\/#\/schema\/person\/image\/\",\"url\":\"https:\/\/vieassociative.be\/actualites\/wp-content\/uploads\/2024\/09\/vie-associative-1-150x150.jpg\",\"contentUrl\":\"https:\/\/vieassociative.be\/actualites\/wp-content\/uploads\/2024\/09\/vie-associative-1-150x150.jpg\",\"caption\":\"Julien\"},\"description\":\"Je suis Julien, r\u00e9dacteur pour Vie Associative. Passionn\u00e9 par le monde associatif depuis plus de 10 ans, j'ai \u00e0 c\u0153ur de partager des histoires inspirantes et de mettre en lumi\u00e8re les initiatives locales. Mon objectif est de sensibiliser et d'encourager l'engagement communautaire \u00e0 travers mes articles.\",\"sameAs\":[\"https:\/\/vieassociative.be\/\"]}]}<\/script>\n<!-- \/ Yoast SEO plugin. -->","yoast_head_json":{"title":"Comment nous avons perdu la \u00ab culture du gym \u00bb (et comment vous pouvez la r\u00e9cup\u00e9rer) | Vie Associative","robots":{"index":"index","follow":"follow","max-snippet":"max-snippet:-1","max-image-preview":"max-image-preview:large","max-video-preview":"max-video-preview:-1"},"canonical":"https:\/\/vieassociative.be\/actualites\/comment-nous-avons-perdu-la-culture-du-gym-et-comment-vous-pouvez-la-recuperer\/","og_locale":"fr_FR","og_type":"article","og_title":"Comment nous avons perdu la \u00ab culture du gym \u00bb (et comment vous pouvez la r\u00e9cup\u00e9rer) | Vie Associative","og_description":"Demandez \u00e0 un inconnu de vous rep\u00e9rer aujourd&rsquo;hui. Dans mon Blink Fitness local, qui est maintenant un PureGym, j&rsquo;ai r\u00e9cemment travaill\u00e9 avec une autre femme","og_url":"https:\/\/vieassociative.be\/actualites\/comment-nous-avons-perdu-la-culture-du-gym-et-comment-vous-pouvez-la-recuperer\/","og_site_name":"Vie Associative","article_published_time":"2025-11-06T17:17:24+00:00","og_image":[{"url":"https:\/\/vieassociative.be\/actualites\/wp-content\/uploads\/2025\/09\/1757726237_608_Meta-pourrait-devoiler-une-montre-intelligente-pour-controler-ses-lunettes.jpg","type":"","width":"","height":""}],"author":"Julien","twitter_card":"summary_large_image","twitter_misc":{"\u00c9crit par":"Julien","Dur\u00e9e de lecture est.":"10 minutes"},"schema":{"@context":"https:\/\/schema.org","@graph":[{"@type":"Article","@id":"https:\/\/vieassociative.be\/actualites\/comment-nous-avons-perdu-la-culture-du-gym-et-comment-vous-pouvez-la-recuperer\/#article","isPartOf":{"@id":"https:\/\/vieassociative.be\/actualites\/comment-nous-avons-perdu-la-culture-du-gym-et-comment-vous-pouvez-la-recuperer\/"},"author":{"name":"Julien","@id":"https:\/\/vieassociative.be\/actualites\/#\/schema\/person\/b87ac4f82f9d4e7b7cec7395b679edc4"},"headline":"Comment nous avons perdu la \u00ab culture du gym \u00bb (et comment vous pouvez la r\u00e9cup\u00e9rer)","datePublished":"2025-11-06T17:17:24+00:00","dateModified":"2025-11-06T17:17:24+00:00","mainEntityOfPage":{"@id":"https:\/\/vieassociative.be\/actualites\/comment-nous-avons-perdu-la-culture-du-gym-et-comment-vous-pouvez-la-recuperer\/"},"wordCount":1995,"publisher":{"@id":"https:\/\/vieassociative.be\/actualites\/#organization"},"image":{"@id":"https:\/\/vieassociative.be\/actualites\/comment-nous-avons-perdu-la-culture-du-gym-et-comment-vous-pouvez-la-recuperer\/#primaryimage"},"thumbnailUrl":"https:\/\/vieassociative.be\/actualites\/wp-content\/uploads\/2025\/11\/Comment-nous-avons-perdu-la-culture-du-gym.jpg","keywords":["avons","Comment","culture","gym","nous","perdu","pouvez","r\u00e9cup\u00e9rer","Vous"],"articleSection":["Sant\u00e9"],"inLanguage":"fr-BE"},{"@type":"WebPage","@id":"https:\/\/vieassociative.be\/actualites\/comment-nous-avons-perdu-la-culture-du-gym-et-comment-vous-pouvez-la-recuperer\/","url":"https:\/\/vieassociative.be\/actualites\/comment-nous-avons-perdu-la-culture-du-gym-et-comment-vous-pouvez-la-recuperer\/","name":"Comment nous avons perdu la \u00ab culture du gym \u00bb (et comment vous pouvez la r\u00e9cup\u00e9rer) | Vie Associative","isPartOf":{"@id":"https:\/\/vieassociative.be\/actualites\/#website"},"primaryImageOfPage":{"@id":"https:\/\/vieassociative.be\/actualites\/comment-nous-avons-perdu-la-culture-du-gym-et-comment-vous-pouvez-la-recuperer\/#primaryimage"},"image":{"@id":"https:\/\/vieassociative.be\/actualites\/comment-nous-avons-perdu-la-culture-du-gym-et-comment-vous-pouvez-la-recuperer\/#primaryimage"},"thumbnailUrl":"https:\/\/vieassociative.be\/actualites\/wp-content\/uploads\/2025\/11\/Comment-nous-avons-perdu-la-culture-du-gym.jpg","datePublished":"2025-11-06T17:17:24+00:00","dateModified":"2025-11-06T17:17:24+00:00","breadcrumb":{"@id":"https:\/\/vieassociative.be\/actualites\/comment-nous-avons-perdu-la-culture-du-gym-et-comment-vous-pouvez-la-recuperer\/#breadcrumb"},"inLanguage":"fr-BE","potentialAction":[{"@type":"ReadAction","target":["https:\/\/vieassociative.be\/actualites\/comment-nous-avons-perdu-la-culture-du-gym-et-comment-vous-pouvez-la-recuperer\/"]}]},{"@type":"ImageObject","inLanguage":"fr-BE","@id":"https:\/\/vieassociative.be\/actualites\/comment-nous-avons-perdu-la-culture-du-gym-et-comment-vous-pouvez-la-recuperer\/#primaryimage","url":"https:\/\/vieassociative.be\/actualites\/wp-content\/uploads\/2025\/11\/Comment-nous-avons-perdu-la-culture-du-gym.jpg","contentUrl":"https:\/\/vieassociative.be\/actualites\/wp-content\/uploads\/2025\/11\/Comment-nous-avons-perdu-la-culture-du-gym.jpg","width":1200,"height":675,"caption":"Comment nous avons perdu la \u00ab culture du gym \u00bb (et comment vous pouvez la r\u00e9cup\u00e9rer)"},{"@type":"BreadcrumbList","@id":"https:\/\/vieassociative.be\/actualites\/comment-nous-avons-perdu-la-culture-du-gym-et-comment-vous-pouvez-la-recuperer\/#breadcrumb","itemListElement":[{"@type":"ListItem","position":1,"name":"Accueil","item":"https:\/\/vieassociative.be\/actualites\/"},{"@type":"ListItem","position":2,"name":"Comment nous avons perdu la \u00ab culture du gym \u00bb (et comment vous pouvez la r\u00e9cup\u00e9rer)"}]},{"@type":"WebSite","@id":"https:\/\/vieassociative.be\/actualites\/#website","url":"https:\/\/vieassociative.be\/actualites\/","name":"Vie Associative","description":"","publisher":{"@id":"https:\/\/vieassociative.be\/actualites\/#organization"},"potentialAction":[{"@type":"SearchAction","target":{"@type":"EntryPoint","urlTemplate":"https:\/\/vieassociative.be\/actualites\/?s={search_term_string}"},"query-input":{"@type":"PropertyValueSpecification","valueRequired":true,"valueName":"search_term_string"}}],"inLanguage":"fr-BE"},{"@type":"Organization","@id":"https:\/\/vieassociative.be\/actualites\/#organization","name":"Vie Associative","url":"https:\/\/vieassociative.be\/actualites\/","logo":{"@type":"ImageObject","inLanguage":"fr-BE","@id":"https:\/\/vieassociative.be\/actualites\/#\/schema\/logo\/image\/","url":"https:\/\/vieassociative.be\/actualites\/wp-content\/uploads\/2024\/09\/cropped-vieassociative_favicon.ico.png","contentUrl":"https:\/\/vieassociative.be\/actualites\/wp-content\/uploads\/2024\/09\/cropped-vieassociative_favicon.ico.png","width":512,"height":512,"caption":"Vie Associative"},"image":{"@id":"https:\/\/vieassociative.be\/actualites\/#\/schema\/logo\/image\/"}},{"@type":"Person","@id":"https:\/\/vieassociative.be\/actualites\/#\/schema\/person\/b87ac4f82f9d4e7b7cec7395b679edc4","name":"Julien","image":{"@type":"ImageObject","inLanguage":"fr-BE","@id":"https:\/\/vieassociative.be\/actualites\/#\/schema\/person\/image\/","url":"https:\/\/vieassociative.be\/actualites\/wp-content\/uploads\/2024\/09\/vie-associative-1-150x150.jpg","contentUrl":"https:\/\/vieassociative.be\/actualites\/wp-content\/uploads\/2024\/09\/vie-associative-1-150x150.jpg","caption":"Julien"},"description":"Je suis Julien, r\u00e9dacteur pour Vie Associative. Passionn\u00e9 par le monde associatif depuis plus de 10 ans, j'ai \u00e0 c\u0153ur de partager des histoires inspirantes et de mettre en lumi\u00e8re les initiatives locales. Mon objectif est de sensibiliser et d'encourager l'engagement communautaire \u00e0 travers mes articles.","sameAs":["https:\/\/vieassociative.be\/"]}]}},"_links":{"self":[{"href":"https:\/\/vieassociative.be\/actualites\/wp-json\/wp\/v2\/posts\/11149"}],"collection":[{"href":"https:\/\/vieassociative.be\/actualites\/wp-json\/wp\/v2\/posts"}],"about":[{"href":"https:\/\/vieassociative.be\/actualites\/wp-json\/wp\/v2\/types\/post"}],"author":[{"embeddable":true,"href":"https:\/\/vieassociative.be\/actualites\/wp-json\/wp\/v2\/users\/1"}],"replies":[{"embeddable":true,"href":"https:\/\/vieassociative.be\/actualites\/wp-json\/wp\/v2\/comments?post=11149"}],"version-history":[{"count":0,"href":"https:\/\/vieassociative.be\/actualites\/wp-json\/wp\/v2\/posts\/11149\/revisions"}],"wp:featuredmedia":[{"embeddable":true,"href":"https:\/\/vieassociative.be\/actualites\/wp-json\/wp\/v2\/media\/11150"}],"wp:attachment":[{"href":"https:\/\/vieassociative.be\/actualites\/wp-json\/wp\/v2\/media?parent=11149"}],"wp:term":[{"taxonomy":"category","embeddable":true,"href":"https:\/\/vieassociative.be\/actualites\/wp-json\/wp\/v2\/categories?post=11149"},{"taxonomy":"post_tag","embeddable":true,"href":"https:\/\/vieassociative.be\/actualites\/wp-json\/wp\/v2\/tags?post=11149"}],"curies":[{"name":"wp","href":"https:\/\/api.w.org\/{rel}","templated":true}]}}