{"id":11148,"date":"2025-11-06T15:18:19","date_gmt":"2025-11-06T14:18:19","guid":{"rendered":"https:\/\/vieassociative.be\/actualites\/brf-annonce-un-plan-deconomies-le-magazine-televise-blickpunkt-nest-plus-quotidien-mais-seulement-une-fois-par-semaine\/"},"modified":"2025-11-06T15:18:19","modified_gmt":"2025-11-06T14:18:19","slug":"brf-annonce-un-plan-deconomies-le-magazine-televise-blickpunkt-nest-plus-quotidien-mais-seulement-une-fois-par-semaine","status":"publish","type":"post","link":"https:\/\/vieassociative.be\/actualites\/brf-annonce-un-plan-deconomies-le-magazine-televise-blickpunkt-nest-plus-quotidien-mais-seulement-une-fois-par-semaine\/","title":{"rendered":"BRF annonce un plan d&rsquo;\u00e9conomies : le magazine t\u00e9l\u00e9vis\u00e9 \u00ab Blickpunkt \u00bb n&rsquo;est plus quotidien, mais seulement une fois par semaine"},"content":{"rendered":"<p><strong>Le Conseil d&rsquo;Administration de la Soci\u00e9t\u00e9 Belge de Radiodiffusion (BRF) a approuv\u00e9 \u00e0 l&rsquo;unanimit\u00e9 le plan d&rsquo;\u00e9conomies 2026 lors de sa derni\u00e8re r\u00e9union. En toile de fond, la situation budg\u00e9taire actuelle de la Communaut\u00e9 germanophone : la dotation du BRF pour 2026 a \u00e9t\u00e9 gel\u00e9e au niveau de l&rsquo;ann\u00e9e pr\u00e9c\u00e9dente (6 783 000 euros).<\/strong><\/p>\n<p><span id=\"more-429069\"><\/span>Face \u00e0 l&rsquo;augmentation des co\u00fbts de personnel et de mat\u00e9riel, la cha\u00eene est oblig\u00e9e d&rsquo;agir pour \u00e9viter des difficult\u00e9s financi\u00e8res au cours de l&rsquo;ann\u00e9e \u00e0 venir. Ces derni\u00e8res ann\u00e9es, la BRF avait d\u00e9j\u00e0 mis en \u0153uvre des mesures internes de r\u00e9duction des co\u00fbts en raison de la hausse g\u00e9n\u00e9rale des prix.<\/p>\n<p>Le plan d&rsquo;\u00e9conomies d\u00e9sormais approuv\u00e9 comprend plus de 20 mesures individuelles ayant pour objectifs de\u00a0:<\/p>\n<p>\u2022 r\u00e9duire les co\u00fbts,<br \/>\n\u2022 investir sp\u00e9cifiquement dans les domaines d&rsquo;avenir et<br \/>\n\u2022 continuer \u00e0 remplir le mandat essentiel de droit public.<\/p>\n<div id=\"attachment_419157\" class=\"wp-caption alignleft\" style=\"max-width: 300px\"><img fetchpriority=\"high\" decoding=\"async\" class=\"wp-image-419157 size-medium\" src=\"https:\/\/vieassociative.be\/actualites\/wp-content\/uploads\/2025\/07\/1751487641_722_Premier-de-Wever-dans-Eupen-la-representation-garantie-pour-la.jpg\" alt=\"\" width=\"300\" height=\"199\"  ><\/div>\n<p>Les mesures adopt\u00e9es comprennent, entre autres :<\/p>\n<p>\u2022 Les d\u00e9parts de personnel pr\u00e9vus ne seront pas remplac\u00e9s ou ne le seront que partiellement dans les ann\u00e9es \u00e0 venir.<br \/>\n\u2022 Le format de divertissement populaire \u00ab Doheem is Carnival \u00bb n&rsquo;est plus produit.<br \/>\n\u2022 La pr\u00e9sence live \u00e0 l&rsquo;Eupen Music Marathon sera sensiblement r\u00e9duite.<br \/>\n\u2022 Les programmes de la radio BRF de l&rsquo;agglom\u00e9ration bruxelloise sont diffus\u00e9s exclusivement via la radio num\u00e9rique DAB+. La fr\u00e9quence FM 95,2 MHz a d\u00e9j\u00e0 \u00e9t\u00e9 d\u00e9sactiv\u00e9e.<\/p>\n<p><strong>\u2013 Coupures dans le programme TV lin\u00e9aire :<\/strong> Le changement le plus important concerne la diffusion TV lin\u00e9aire : \u00e0 partir de janvier 2026, le magazine t\u00e9l\u00e9vis\u00e9 \u00ab Blickpunkt \u00bb ne sera plus diffus\u00e9 quotidiennement, mais une fois par semaine sur la t\u00e9l\u00e9vision BRF, le vendredi et le week-end.<\/p>\n<div id=\"attachment_336068\" class=\"wp-caption alignleft\" style=\"max-width: 300px\"><img decoding=\"async\" class=\"wp-image-336068 size-medium\" src=\"https:\/\/vieassociative.be\/actualites\/wp-content\/uploads\/2025\/11\/BRF-annonce-un-plan-deconomies-le-magazine-televise.jpeg\" alt=\"\" width=\"300\" height=\"180\"  ><\/div>\n<p>Toutefois, des contributions vid\u00e9o continueront \u00e0 \u00eatre produites et publi\u00e9es quotidiennement pour les cha\u00eenes num\u00e9riques (brf.be, BRF Mediathek, Social Media, Auvio, etc.).<\/p>\n<p>Ce changement lib\u00e9rera des ressources humaines suppl\u00e9mentaires dans les domaines r\u00e9dactionnels et techniques, qui seront sp\u00e9cifiquement investies dans l&rsquo;expansion des formats num\u00e9riques \u00e0 l&rsquo;avenir. Avec le plan d&rsquo;\u00e9conomies 2026, la BRF se concentre sur la durabilit\u00e9 et la viabilit\u00e9 future &#8211; avec l&rsquo;objectif clair de garantir que la cha\u00eene soit un fournisseur d&rsquo;informations et de m\u00e9dias fiable pour les personnes de la DG et au-del\u00e0, m\u00eame dans des conditions difficiles.<\/p>\n<p>Alain Kniebs, directeur de la BRF : \u00ab Nous sommes conscients de l&rsquo;importance de cette r\u00e9forme des programmes et savons que nous d\u00e9cevrons les t\u00e9l\u00e9spectateurs de notre format de t\u00e9l\u00e9vision lin\u00e9aire classique. (cr\u00e9er)<\/p>\n","protected":false},"excerpt":{"rendered":"<p>Le Conseil d&rsquo;Administration de la Soci\u00e9t\u00e9 Belge de Radiodiffusion (BRF) a approuv\u00e9 \u00e0 l&rsquo;unanimit\u00e9 le plan d&rsquo;\u00e9conomies 2026 lors de sa derni\u00e8re r\u00e9union. En toile<\/p>\n","protected":false},"author":1,"featured_media":6802,"comment_status":"","ping_status":"","sticky":false,"template":"","format":"standard","meta":{"footnotes":""},"categories":[298],"tags":[1987,9167,3600,9165,774,3968,156,1082,676,682,5962,1348,2583,9166,110],"class_list":["post-11148","post","type-post","status-publish","format-standard","has-post-thumbnail","hentry","category-belgique","tag-annonce","tag-blickpunkt","tag-brf","tag-deconomies","tag-fois","tag-magazine","tag-mais","tag-nest","tag-par","tag-plan","tag-quotidien","tag-semaine","tag-seulement","tag-televise","tag-une","generate-columns","tablet-grid-50","mobile-grid-100","grid-parent","grid-33"],"yoast_head":"<!-- This site is optimized with the Yoast SEO plugin v24.0 - https:\/\/yoast.com\/wordpress\/plugins\/seo\/ -->\n<title>BRF annonce un plan d&#039;\u00e9conomies : le magazine t\u00e9l\u00e9vis\u00e9 \u00ab Blickpunkt \u00bb n&#039;est plus quotidien, mais seulement une fois par semaine | Vie Associative<\/title>\n<meta name=\"robots\" content=\"index, follow, max-snippet:-1, max-image-preview:large, max-video-preview:-1\" \/>\n<link rel=\"canonical\" href=\"https:\/\/vieassociative.be\/actualites\/brf-annonce-un-plan-deconomies-le-magazine-televise-blickpunkt-nest-plus-quotidien-mais-seulement-une-fois-par-semaine\/\" \/>\n<meta property=\"og:locale\" content=\"fr_FR\" \/>\n<meta property=\"og:type\" content=\"article\" \/>\n<meta property=\"og:title\" content=\"BRF annonce un plan d&#039;\u00e9conomies : le magazine t\u00e9l\u00e9vis\u00e9 \u00ab Blickpunkt \u00bb n&#039;est plus quotidien, mais seulement une fois par semaine | Vie Associative\" \/>\n<meta property=\"og:description\" content=\"Le Conseil d&rsquo;Administration de la Soci\u00e9t\u00e9 Belge de Radiodiffusion (BRF) a approuv\u00e9 \u00e0 l&rsquo;unanimit\u00e9 le plan d&rsquo;\u00e9conomies 2026 lors de sa derni\u00e8re r\u00e9union. En toile\" \/>\n<meta property=\"og:url\" content=\"https:\/\/vieassociative.be\/actualites\/brf-annonce-un-plan-deconomies-le-magazine-televise-blickpunkt-nest-plus-quotidien-mais-seulement-une-fois-par-semaine\/\" \/>\n<meta property=\"og:site_name\" content=\"Vie Associative\" \/>\n<meta property=\"article:published_time\" content=\"2025-11-06T14:18:19+00:00\" \/>\n<meta property=\"og:image\" content=\"https:\/\/vieassociative.be\/actualites\/wp-content\/uploads\/2024\/09\/header_backgroundk-01-e1726694325946.png\" \/>\n\t<meta property=\"og:image:width\" content=\"279\" \/>\n\t<meta property=\"og:image:height\" content=\"92\" \/>\n\t<meta property=\"og:image:type\" content=\"image\/png\" \/>\n<meta name=\"author\" content=\"Julien\" \/>\n<meta name=\"twitter:card\" content=\"summary_large_image\" \/>\n<meta name=\"twitter:label1\" content=\"\u00c9crit par\" \/>\n\t<meta name=\"twitter:data1\" content=\"Julien\" \/>\n\t<meta name=\"twitter:label2\" content=\"Dur\u00e9e de lecture est.\" \/>\n\t<meta name=\"twitter:data2\" content=\"2 minutes\" \/>\n<script type=\"application\/ld+json\" class=\"yoast-schema-graph\">{\"@context\":\"https:\/\/schema.org\",\"@graph\":[{\"@type\":\"Article\",\"@id\":\"https:\/\/vieassociative.be\/actualites\/brf-annonce-un-plan-deconomies-le-magazine-televise-blickpunkt-nest-plus-quotidien-mais-seulement-une-fois-par-semaine\/#article\",\"isPartOf\":{\"@id\":\"https:\/\/vieassociative.be\/actualites\/brf-annonce-un-plan-deconomies-le-magazine-televise-blickpunkt-nest-plus-quotidien-mais-seulement-une-fois-par-semaine\/\"},\"author\":{\"name\":\"Julien\",\"@id\":\"https:\/\/vieassociative.be\/actualites\/#\/schema\/person\/b87ac4f82f9d4e7b7cec7395b679edc4\"},\"headline\":\"BRF annonce un plan d&rsquo;\u00e9conomies : le magazine t\u00e9l\u00e9vis\u00e9 \u00ab Blickpunkt \u00bb n&rsquo;est plus quotidien, mais seulement une fois par semaine\",\"datePublished\":\"2025-11-06T14:18:19+00:00\",\"dateModified\":\"2025-11-06T14:18:19+00:00\",\"mainEntityOfPage\":{\"@id\":\"https:\/\/vieassociative.be\/actualites\/brf-annonce-un-plan-deconomies-le-magazine-televise-blickpunkt-nest-plus-quotidien-mais-seulement-une-fois-par-semaine\/\"},\"wordCount\":467,\"publisher\":{\"@id\":\"https:\/\/vieassociative.be\/actualites\/#organization\"},\"image\":{\"@id\":\"https:\/\/vieassociative.be\/actualites\/brf-annonce-un-plan-deconomies-le-magazine-televise-blickpunkt-nest-plus-quotidien-mais-seulement-une-fois-par-semaine\/#primaryimage\"},\"thumbnailUrl\":\"https:\/\/vieassociative.be\/actualites\/wp-content\/uploads\/2025\/04\/1744899485_Le-BRF-est-comme-le-AS-Eupen-les-deux-sur.jpg\",\"keywords\":[\"annonce\",\"Blickpunkt\",\"BRF\",\"d\u00e9conomies\",\"fois\",\"magazine\",\"mais\",\"nest\",\"par\",\"plan\",\"quotidien\",\"semaine\",\"seulement\",\"t\u00e9l\u00e9vis\u00e9\",\"une\"],\"articleSection\":[\"Belgique\"],\"inLanguage\":\"fr-BE\"},{\"@type\":\"WebPage\",\"@id\":\"https:\/\/vieassociative.be\/actualites\/brf-annonce-un-plan-deconomies-le-magazine-televise-blickpunkt-nest-plus-quotidien-mais-seulement-une-fois-par-semaine\/\",\"url\":\"https:\/\/vieassociative.be\/actualites\/brf-annonce-un-plan-deconomies-le-magazine-televise-blickpunkt-nest-plus-quotidien-mais-seulement-une-fois-par-semaine\/\",\"name\":\"BRF annonce un plan d'\u00e9conomies : le magazine t\u00e9l\u00e9vis\u00e9 \u00ab Blickpunkt \u00bb n'est plus quotidien, mais seulement une fois par semaine | Vie Associative\",\"isPartOf\":{\"@id\":\"https:\/\/vieassociative.be\/actualites\/#website\"},\"primaryImageOfPage\":{\"@id\":\"https:\/\/vieassociative.be\/actualites\/brf-annonce-un-plan-deconomies-le-magazine-televise-blickpunkt-nest-plus-quotidien-mais-seulement-une-fois-par-semaine\/#primaryimage\"},\"image\":{\"@id\":\"https:\/\/vieassociative.be\/actualites\/brf-annonce-un-plan-deconomies-le-magazine-televise-blickpunkt-nest-plus-quotidien-mais-seulement-une-fois-par-semaine\/#primaryimage\"},\"thumbnailUrl\":\"https:\/\/vieassociative.be\/actualites\/wp-content\/uploads\/2025\/04\/1744899485_Le-BRF-est-comme-le-AS-Eupen-les-deux-sur.jpg\",\"datePublished\":\"2025-11-06T14:18:19+00:00\",\"dateModified\":\"2025-11-06T14:18:19+00:00\",\"breadcrumb\":{\"@id\":\"https:\/\/vieassociative.be\/actualites\/brf-annonce-un-plan-deconomies-le-magazine-televise-blickpunkt-nest-plus-quotidien-mais-seulement-une-fois-par-semaine\/#breadcrumb\"},\"inLanguage\":\"fr-BE\",\"potentialAction\":[{\"@type\":\"ReadAction\",\"target\":[\"https:\/\/vieassociative.be\/actualites\/brf-annonce-un-plan-deconomies-le-magazine-televise-blickpunkt-nest-plus-quotidien-mais-seulement-une-fois-par-semaine\/\"]}]},{\"@type\":\"ImageObject\",\"inLanguage\":\"fr-BE\",\"@id\":\"https:\/\/vieassociative.be\/actualites\/brf-annonce-un-plan-deconomies-le-magazine-televise-blickpunkt-nest-plus-quotidien-mais-seulement-une-fois-par-semaine\/#primaryimage\",\"url\":\"https:\/\/vieassociative.be\/actualites\/wp-content\/uploads\/2025\/04\/1744899485_Le-BRF-est-comme-le-AS-Eupen-les-deux-sur.jpg\",\"contentUrl\":\"https:\/\/vieassociative.be\/actualites\/wp-content\/uploads\/2025\/04\/1744899485_Le-BRF-est-comme-le-AS-Eupen-les-deux-sur.jpg\",\"width\":1200,\"height\":900,\"caption\":\"Le BRF est comme le AS Eupen: les deux sur le Kehrweg, \u00e0 la fois 80 ans et les deux num\u00e9ro 1 dans la r\u00e9gion\"},{\"@type\":\"BreadcrumbList\",\"@id\":\"https:\/\/vieassociative.be\/actualites\/brf-annonce-un-plan-deconomies-le-magazine-televise-blickpunkt-nest-plus-quotidien-mais-seulement-une-fois-par-semaine\/#breadcrumb\",\"itemListElement\":[{\"@type\":\"ListItem\",\"position\":1,\"name\":\"Accueil\",\"item\":\"https:\/\/vieassociative.be\/actualites\/\"},{\"@type\":\"ListItem\",\"position\":2,\"name\":\"BRF annonce un plan d&rsquo;\u00e9conomies : le magazine t\u00e9l\u00e9vis\u00e9 \u00ab Blickpunkt \u00bb n&rsquo;est plus quotidien, mais seulement une fois par semaine\"}]},{\"@type\":\"WebSite\",\"@id\":\"https:\/\/vieassociative.be\/actualites\/#website\",\"url\":\"https:\/\/vieassociative.be\/actualites\/\",\"name\":\"Vie Associative\",\"description\":\"\",\"publisher\":{\"@id\":\"https:\/\/vieassociative.be\/actualites\/#organization\"},\"potentialAction\":[{\"@type\":\"SearchAction\",\"target\":{\"@type\":\"EntryPoint\",\"urlTemplate\":\"https:\/\/vieassociative.be\/actualites\/?s={search_term_string}\"},\"query-input\":{\"@type\":\"PropertyValueSpecification\",\"valueRequired\":true,\"valueName\":\"search_term_string\"}}],\"inLanguage\":\"fr-BE\"},{\"@type\":\"Organization\",\"@id\":\"https:\/\/vieassociative.be\/actualites\/#organization\",\"name\":\"Vie Associative\",\"url\":\"https:\/\/vieassociative.be\/actualites\/\",\"logo\":{\"@type\":\"ImageObject\",\"inLanguage\":\"fr-BE\",\"@id\":\"https:\/\/vieassociative.be\/actualites\/#\/schema\/logo\/image\/\",\"url\":\"https:\/\/vieassociative.be\/actualites\/wp-content\/uploads\/2024\/09\/cropped-vieassociative_favicon.ico.png\",\"contentUrl\":\"https:\/\/vieassociative.be\/actualites\/wp-content\/uploads\/2024\/09\/cropped-vieassociative_favicon.ico.png\",\"width\":512,\"height\":512,\"caption\":\"Vie Associative\"},\"image\":{\"@id\":\"https:\/\/vieassociative.be\/actualites\/#\/schema\/logo\/image\/\"}},{\"@type\":\"Person\",\"@id\":\"https:\/\/vieassociative.be\/actualites\/#\/schema\/person\/b87ac4f82f9d4e7b7cec7395b679edc4\",\"name\":\"Julien\",\"image\":{\"@type\":\"ImageObject\",\"inLanguage\":\"fr-BE\",\"@id\":\"https:\/\/vieassociative.be\/actualites\/#\/schema\/person\/image\/\",\"url\":\"https:\/\/vieassociative.be\/actualites\/wp-content\/uploads\/2024\/09\/vie-associative-1-150x150.jpg\",\"contentUrl\":\"https:\/\/vieassociative.be\/actualites\/wp-content\/uploads\/2024\/09\/vie-associative-1-150x150.jpg\",\"caption\":\"Julien\"},\"description\":\"Je suis Julien, r\u00e9dacteur pour Vie Associative. Passionn\u00e9 par le monde associatif depuis plus de 10 ans, j'ai \u00e0 c\u0153ur de partager des histoires inspirantes et de mettre en lumi\u00e8re les initiatives locales. Mon objectif est de sensibiliser et d'encourager l'engagement communautaire \u00e0 travers mes articles.\",\"sameAs\":[\"https:\/\/vieassociative.be\/\"]}]}<\/script>\n<!-- \/ Yoast SEO plugin. -->","yoast_head_json":{"title":"BRF annonce un plan d'\u00e9conomies : le magazine t\u00e9l\u00e9vis\u00e9 \u00ab Blickpunkt \u00bb n'est plus quotidien, mais seulement une fois par semaine | Vie Associative","robots":{"index":"index","follow":"follow","max-snippet":"max-snippet:-1","max-image-preview":"max-image-preview:large","max-video-preview":"max-video-preview:-1"},"canonical":"https:\/\/vieassociative.be\/actualites\/brf-annonce-un-plan-deconomies-le-magazine-televise-blickpunkt-nest-plus-quotidien-mais-seulement-une-fois-par-semaine\/","og_locale":"fr_FR","og_type":"article","og_title":"BRF annonce un plan d'\u00e9conomies : le magazine t\u00e9l\u00e9vis\u00e9 \u00ab Blickpunkt \u00bb n'est plus quotidien, mais seulement une fois par semaine | Vie Associative","og_description":"Le Conseil d&rsquo;Administration de la Soci\u00e9t\u00e9 Belge de Radiodiffusion (BRF) a approuv\u00e9 \u00e0 l&rsquo;unanimit\u00e9 le plan d&rsquo;\u00e9conomies 2026 lors de sa derni\u00e8re r\u00e9union. En toile","og_url":"https:\/\/vieassociative.be\/actualites\/brf-annonce-un-plan-deconomies-le-magazine-televise-blickpunkt-nest-plus-quotidien-mais-seulement-une-fois-par-semaine\/","og_site_name":"Vie Associative","article_published_time":"2025-11-06T14:18:19+00:00","og_image":[{"width":279,"height":92,"url":"https:\/\/vieassociative.be\/actualites\/wp-content\/uploads\/2024\/09\/header_backgroundk-01-e1726694325946.png","type":"image\/png"}],"author":"Julien","twitter_card":"summary_large_image","twitter_misc":{"\u00c9crit par":"Julien","Dur\u00e9e de lecture est.":"2 minutes"},"schema":{"@context":"https:\/\/schema.org","@graph":[{"@type":"Article","@id":"https:\/\/vieassociative.be\/actualites\/brf-annonce-un-plan-deconomies-le-magazine-televise-blickpunkt-nest-plus-quotidien-mais-seulement-une-fois-par-semaine\/#article","isPartOf":{"@id":"https:\/\/vieassociative.be\/actualites\/brf-annonce-un-plan-deconomies-le-magazine-televise-blickpunkt-nest-plus-quotidien-mais-seulement-une-fois-par-semaine\/"},"author":{"name":"Julien","@id":"https:\/\/vieassociative.be\/actualites\/#\/schema\/person\/b87ac4f82f9d4e7b7cec7395b679edc4"},"headline":"BRF annonce un plan d&rsquo;\u00e9conomies : le magazine t\u00e9l\u00e9vis\u00e9 \u00ab Blickpunkt \u00bb n&rsquo;est plus quotidien, mais seulement une fois par semaine","datePublished":"2025-11-06T14:18:19+00:00","dateModified":"2025-11-06T14:18:19+00:00","mainEntityOfPage":{"@id":"https:\/\/vieassociative.be\/actualites\/brf-annonce-un-plan-deconomies-le-magazine-televise-blickpunkt-nest-plus-quotidien-mais-seulement-une-fois-par-semaine\/"},"wordCount":467,"publisher":{"@id":"https:\/\/vieassociative.be\/actualites\/#organization"},"image":{"@id":"https:\/\/vieassociative.be\/actualites\/brf-annonce-un-plan-deconomies-le-magazine-televise-blickpunkt-nest-plus-quotidien-mais-seulement-une-fois-par-semaine\/#primaryimage"},"thumbnailUrl":"https:\/\/vieassociative.be\/actualites\/wp-content\/uploads\/2025\/04\/1744899485_Le-BRF-est-comme-le-AS-Eupen-les-deux-sur.jpg","keywords":["annonce","Blickpunkt","BRF","d\u00e9conomies","fois","magazine","mais","nest","par","plan","quotidien","semaine","seulement","t\u00e9l\u00e9vis\u00e9","une"],"articleSection":["Belgique"],"inLanguage":"fr-BE"},{"@type":"WebPage","@id":"https:\/\/vieassociative.be\/actualites\/brf-annonce-un-plan-deconomies-le-magazine-televise-blickpunkt-nest-plus-quotidien-mais-seulement-une-fois-par-semaine\/","url":"https:\/\/vieassociative.be\/actualites\/brf-annonce-un-plan-deconomies-le-magazine-televise-blickpunkt-nest-plus-quotidien-mais-seulement-une-fois-par-semaine\/","name":"BRF annonce un plan d'\u00e9conomies : le magazine t\u00e9l\u00e9vis\u00e9 \u00ab Blickpunkt \u00bb n'est plus quotidien, mais seulement une fois par semaine | Vie Associative","isPartOf":{"@id":"https:\/\/vieassociative.be\/actualites\/#website"},"primaryImageOfPage":{"@id":"https:\/\/vieassociative.be\/actualites\/brf-annonce-un-plan-deconomies-le-magazine-televise-blickpunkt-nest-plus-quotidien-mais-seulement-une-fois-par-semaine\/#primaryimage"},"image":{"@id":"https:\/\/vieassociative.be\/actualites\/brf-annonce-un-plan-deconomies-le-magazine-televise-blickpunkt-nest-plus-quotidien-mais-seulement-une-fois-par-semaine\/#primaryimage"},"thumbnailUrl":"https:\/\/vieassociative.be\/actualites\/wp-content\/uploads\/2025\/04\/1744899485_Le-BRF-est-comme-le-AS-Eupen-les-deux-sur.jpg","datePublished":"2025-11-06T14:18:19+00:00","dateModified":"2025-11-06T14:18:19+00:00","breadcrumb":{"@id":"https:\/\/vieassociative.be\/actualites\/brf-annonce-un-plan-deconomies-le-magazine-televise-blickpunkt-nest-plus-quotidien-mais-seulement-une-fois-par-semaine\/#breadcrumb"},"inLanguage":"fr-BE","potentialAction":[{"@type":"ReadAction","target":["https:\/\/vieassociative.be\/actualites\/brf-annonce-un-plan-deconomies-le-magazine-televise-blickpunkt-nest-plus-quotidien-mais-seulement-une-fois-par-semaine\/"]}]},{"@type":"ImageObject","inLanguage":"fr-BE","@id":"https:\/\/vieassociative.be\/actualites\/brf-annonce-un-plan-deconomies-le-magazine-televise-blickpunkt-nest-plus-quotidien-mais-seulement-une-fois-par-semaine\/#primaryimage","url":"https:\/\/vieassociative.be\/actualites\/wp-content\/uploads\/2025\/04\/1744899485_Le-BRF-est-comme-le-AS-Eupen-les-deux-sur.jpg","contentUrl":"https:\/\/vieassociative.be\/actualites\/wp-content\/uploads\/2025\/04\/1744899485_Le-BRF-est-comme-le-AS-Eupen-les-deux-sur.jpg","width":1200,"height":900,"caption":"Le BRF est comme le AS Eupen: les deux sur le Kehrweg, \u00e0 la fois 80 ans et les deux num\u00e9ro 1 dans la r\u00e9gion"},{"@type":"BreadcrumbList","@id":"https:\/\/vieassociative.be\/actualites\/brf-annonce-un-plan-deconomies-le-magazine-televise-blickpunkt-nest-plus-quotidien-mais-seulement-une-fois-par-semaine\/#breadcrumb","itemListElement":[{"@type":"ListItem","position":1,"name":"Accueil","item":"https:\/\/vieassociative.be\/actualites\/"},{"@type":"ListItem","position":2,"name":"BRF annonce un plan d&rsquo;\u00e9conomies : le magazine t\u00e9l\u00e9vis\u00e9 \u00ab Blickpunkt \u00bb n&rsquo;est plus quotidien, mais seulement une fois par semaine"}]},{"@type":"WebSite","@id":"https:\/\/vieassociative.be\/actualites\/#website","url":"https:\/\/vieassociative.be\/actualites\/","name":"Vie Associative","description":"","publisher":{"@id":"https:\/\/vieassociative.be\/actualites\/#organization"},"potentialAction":[{"@type":"SearchAction","target":{"@type":"EntryPoint","urlTemplate":"https:\/\/vieassociative.be\/actualites\/?s={search_term_string}"},"query-input":{"@type":"PropertyValueSpecification","valueRequired":true,"valueName":"search_term_string"}}],"inLanguage":"fr-BE"},{"@type":"Organization","@id":"https:\/\/vieassociative.be\/actualites\/#organization","name":"Vie Associative","url":"https:\/\/vieassociative.be\/actualites\/","logo":{"@type":"ImageObject","inLanguage":"fr-BE","@id":"https:\/\/vieassociative.be\/actualites\/#\/schema\/logo\/image\/","url":"https:\/\/vieassociative.be\/actualites\/wp-content\/uploads\/2024\/09\/cropped-vieassociative_favicon.ico.png","contentUrl":"https:\/\/vieassociative.be\/actualites\/wp-content\/uploads\/2024\/09\/cropped-vieassociative_favicon.ico.png","width":512,"height":512,"caption":"Vie Associative"},"image":{"@id":"https:\/\/vieassociative.be\/actualites\/#\/schema\/logo\/image\/"}},{"@type":"Person","@id":"https:\/\/vieassociative.be\/actualites\/#\/schema\/person\/b87ac4f82f9d4e7b7cec7395b679edc4","name":"Julien","image":{"@type":"ImageObject","inLanguage":"fr-BE","@id":"https:\/\/vieassociative.be\/actualites\/#\/schema\/person\/image\/","url":"https:\/\/vieassociative.be\/actualites\/wp-content\/uploads\/2024\/09\/vie-associative-1-150x150.jpg","contentUrl":"https:\/\/vieassociative.be\/actualites\/wp-content\/uploads\/2024\/09\/vie-associative-1-150x150.jpg","caption":"Julien"},"description":"Je suis Julien, r\u00e9dacteur pour Vie Associative. Passionn\u00e9 par le monde associatif depuis plus de 10 ans, j'ai \u00e0 c\u0153ur de partager des histoires inspirantes et de mettre en lumi\u00e8re les initiatives locales. Mon objectif est de sensibiliser et d'encourager l'engagement communautaire \u00e0 travers mes articles.","sameAs":["https:\/\/vieassociative.be\/"]}]}},"_links":{"self":[{"href":"https:\/\/vieassociative.be\/actualites\/wp-json\/wp\/v2\/posts\/11148"}],"collection":[{"href":"https:\/\/vieassociative.be\/actualites\/wp-json\/wp\/v2\/posts"}],"about":[{"href":"https:\/\/vieassociative.be\/actualites\/wp-json\/wp\/v2\/types\/post"}],"author":[{"embeddable":true,"href":"https:\/\/vieassociative.be\/actualites\/wp-json\/wp\/v2\/users\/1"}],"replies":[{"embeddable":true,"href":"https:\/\/vieassociative.be\/actualites\/wp-json\/wp\/v2\/comments?post=11148"}],"version-history":[{"count":0,"href":"https:\/\/vieassociative.be\/actualites\/wp-json\/wp\/v2\/posts\/11148\/revisions"}],"wp:featuredmedia":[{"embeddable":true,"href":"https:\/\/vieassociative.be\/actualites\/wp-json\/wp\/v2\/media\/6802"}],"wp:attachment":[{"href":"https:\/\/vieassociative.be\/actualites\/wp-json\/wp\/v2\/media?parent=11148"}],"wp:term":[{"taxonomy":"category","embeddable":true,"href":"https:\/\/vieassociative.be\/actualites\/wp-json\/wp\/v2\/categories?post=11148"},{"taxonomy":"post_tag","embeddable":true,"href":"https:\/\/vieassociative.be\/actualites\/wp-json\/wp\/v2\/tags?post=11148"}],"curies":[{"name":"wp","href":"https:\/\/api.w.org\/{rel}","templated":true}]}}