{"id":11146,"date":"2025-11-06T14:17:45","date_gmt":"2025-11-06T13:17:45","guid":{"rendered":"https:\/\/vieassociative.be\/actualites\/le-google-pixel-10-pro-xl-est-actuellement-a-son-prix-le-plus-bas-jamais-vu\/"},"modified":"2025-11-06T14:17:45","modified_gmt":"2025-11-06T13:17:45","slug":"le-google-pixel-10-pro-xl-est-actuellement-a-son-prix-le-plus-bas-jamais-vu","status":"publish","type":"post","link":"https:\/\/vieassociative.be\/actualites\/le-google-pixel-10-pro-xl-est-actuellement-a-son-prix-le-plus-bas-jamais-vu\/","title":{"rendered":"Le Google Pixel 10 Pro XL est actuellement \u00e0 son prix le plus bas jamais vu"},"content":{"rendered":"<div class=\"mt-4 leading-6 md:mb-8\">Un \u00e9cran plus lumineux et plus grand, des sp\u00e9cifications d&rsquo;appareil photo impressionnantes et sept ans de support logiciel.<\/div>\n<p><\/p>\n<p>Avant le Black Friday, Amazon a propos\u00e9 plusieurs versions du Google Pixel 10. \u00c0 l&rsquo;heure actuelle, vous pouvez obtenir le Google Pixel 10 Pro XL avec 256 Go de stockage et 16 Go de RAM pour 899 $ (\u00e0 l&rsquo;origine 1\u00a0199 $), ce qui repr\u00e9sente un prix record selon les outils de suivi des prix.<\/p>\n<div class=\"pogoClear mb-12 mt-10 rounded-md border-2 border-gray-100 py-7 shadow-xl md:py-6\">\n<div class=\"flex flex-wrap justify-between px-7 text-black no-underline md:flex-nowrap md:px-8\">\n<div class=\"order-1 mx-auto flex flex-col justify-center md:order-2 md:ml-4 md:w-full md:grow\">\n<div class=\"block cursor-pointer text-center font-akshar text-2xl font-medium leading-7 text-brand-green duration-200 ease-in-out hover:text-brand-green-700 md:text-left md:text-xl md:leading-6\">Google Pixel 10 Pro XL\n                <\/div>\n<div class=\"mt-4 hidden md:flex md:justify-between\">\n<div class=\"self-end\">\n<div class=\"mb-0 h-11 md:flex md:flex-col md:justify-center\">\n<div class=\" font-sans leading-4 text-black\">\n<div class=\"flex flex-wrap items-center justify-center gap-1 md:justify-start\">\n        <span class=\"font-bold\"><\/p>\n<p>            899,00\u00a0$<br \/>\n                            <span class=\"font-medium\">chez Amazon<\/span><br \/>\n                    <\/span>\n            <\/div>\n<div class=\"flex items-center justify-center gap-x-1 font-bold md:justify-start\">\n            <span class=\"text-sm line-through\">1\u00a0199,00\u00a0$<\/span><br \/>\n            <span class=\"text-sm text-brand-green\">\u00c9conomisez 300,00\u00a0$<\/span>\n        <\/div>\n<\/p><\/div>\n<\/p><\/div>\n<\/p><\/div>\n<div class=\"w-44 self-end\">\n                            <button class=\"flex justify-center items-center w-full bg-brand-green text-white text-base font-sans font-medium rounded-md hover:bg-brand-green-700 hover:cursor-pointer md:text-sm h-11\"><\/p>\n<p>    Obtenez une offre<br \/>\n<\/button>\n                        <\/div>\n<\/p><\/div>\n<\/p><\/div>\n<div class=\"order-2 mt-5 h-auto w-full md:order-1 md:mt-0 md:hidden\">\n<div class=\"flex aspect-video items-center justify-center\">\n                                            <img decoding=\"async\" class=\"m-0 max-h-full max-w-full rounded-md\" src=\"https:\/\/vieassociative.be\/actualites\/wp-content\/uploads\/2025\/11\/Le-Google-Pixel-10-Pro-XL-est-actuellement-a-son.jpg\" alt=\"Google Pixel 10 Pro XL\" width=\"auto\" height=\"auto\" loading=\"lazy\">\n                                    <\/div>\n<\/p><\/div>\n<div class=\"order-2 ml-2 hidden w-32 shrink-0 items-center md:order-1 md:ml-0 md:flex\">\n<div class=\"flex aspect-video items-center justify-center\">\n                                            <img decoding=\"async\" class=\"m-0 max-h-full max-w-full rounded-md\" src=\"https:\/\/vieassociative.be\/actualites\/wp-content\/uploads\/2025\/11\/Le-Google-Pixel-10-Pro-XL-est-actuellement-a-son.jpg\" alt=\"Google Pixel 10 Pro XL\" width=\"auto\" height=\"auto\" loading=\"lazy\">\n                                    <\/div>\n<\/p><\/div>\n<div class=\"order-3 flex grow flex-wrap md:hidden md:grow-0\">\n<div class=\"mt-4 w-full\">\n                        <button class=\"flex justify-center items-center w-full bg-brand-green text-white text-base font-sans font-medium rounded-md hover:bg-brand-green-700 hover:cursor-pointer md:text-sm h-11\"><\/p>\n<p>    Obtenez une offre<br \/>\n<\/button>\n                    <\/div>\n<div class=\"mx-2 mt-4 w-full\">\n<div class=\" font-sans leading-4 text-black\">\n<div class=\"flex flex-wrap items-center justify-center gap-1 md:justify-start\">\n        <span class=\"font-bold\"><\/p>\n<p>            899,00\u00a0$<br \/>\n                            <span class=\"font-medium\">chez Amazon<\/span><br \/>\n                    <\/span>\n            <\/div>\n<div class=\"flex items-center justify-center gap-x-1 font-bold md:justify-start\">\n            <span class=\"text-sm line-through\">1\u00a0199,00\u00a0$<\/span><br \/>\n            <span class=\"text-sm text-brand-green\">\u00c9conomisez 300,00\u00a0$<\/span>\n        <\/div>\n<\/p><\/div>\n<\/p><\/div>\n<\/p><\/div>\n<\/p><\/div>\n<\/div>\n<p>Construit en aluminium et en Corning Gorilla Glass Victus 2, le t\u00e9l\u00e9phone a un indice IP68, ce qui signifie qu&rsquo;il peut r\u00e9sister \u00e0 la poussi\u00e8re et \u00eatre immerg\u00e9 jusqu&rsquo;\u00e0 1,5 m\u00e8tre pendant 30 minutes maximum. Son \u00e9cran Super Actua de 6,8 pouces atteint une luminosit\u00e9 maximale de 3 300 nits, ce qui facilite son utilisation en plein soleil. Aliment\u00e9 par la puce Google Tensor G5, il int\u00e8gre des outils d&rsquo;IA tels que Magic Cue et Gemini Live, qui vous aident \u00e0 r\u00e9fl\u00e9chir ou \u00e0 pointer votre appareil photo vers quelque chose sur lequel vous souhaitez plus d&rsquo;informations. <\/p>\n<p>Le syst\u00e8me de cam\u00e9ra offre des images de 50 MP et des vid\u00e9os 8K en basse lumi\u00e8re. Il poss\u00e8de un objectif principal de 42 MP, un objectif ultra-large de 48 MP et un t\u00e9l\u00e9objectif de 48 MP avec un zoom num\u00e9rique jusqu&rsquo;\u00e0 100\u00d7. La batterie devrait durer plus de 24 heures avec une charge et jusqu&rsquo;\u00e0 100 heures avec Extreme Battery Saver activ\u00e9. Il faut entre 77 et 90 minutes pour charger compl\u00e8tement et atteint environ 70 % en une demi-heure avec un chargeur filaire de 45 W. <\/p>\n<p>Google promet sept ans de support logiciel, ce qui garantit des performances durables et des mises \u00e0 jour de s\u00e9curit\u00e9 sur toute la ligne. Au total, le Google Pixel 10 Pro XL actuellement \u00e0 prix r\u00e9duit<strong> <\/strong>est une excellente option pour les utilisateurs d&rsquo;Android qui souhaitent passer au niveau sup\u00e9rieur avec un t\u00e9l\u00e9phone plus grand, plus rapide et plus puissant avec des performances d&rsquo;appareil photo impressionnantes.<\/p>\n","protected":false},"excerpt":{"rendered":"<p>Un \u00e9cran plus lumineux et plus grand, des sp\u00e9cifications d&rsquo;appareil photo impressionnantes et sept ans de support logiciel. Avant le Black Friday, Amazon a propos\u00e9<\/p>\n","protected":false},"author":1,"featured_media":11147,"comment_status":"","ping_status":"","sticky":false,"template":"","format":"standard","meta":{"footnotes":""},"categories":[13],"tags":[19,700,76,968,851,1278,1399,630,800],"class_list":["post-11146","post","type-post","status-publish","format-standard","has-post-thumbnail","hentry","category-technologie","tag-actuellement","tag-bas","tag-est","tag-google","tag-jamais","tag-pixel","tag-prix","tag-pro","tag-son","generate-columns","tablet-grid-50","mobile-grid-100","grid-parent","grid-33"],"yoast_head":"<!-- This site is optimized with the Yoast SEO plugin v24.0 - https:\/\/yoast.com\/wordpress\/plugins\/seo\/ -->\n<title>Le Google Pixel 10 Pro XL est actuellement \u00e0 son prix le plus bas jamais vu | Vie Associative<\/title>\n<meta name=\"robots\" content=\"index, follow, max-snippet:-1, max-image-preview:large, max-video-preview:-1\" \/>\n<link rel=\"canonical\" href=\"https:\/\/vieassociative.be\/actualites\/le-google-pixel-10-pro-xl-est-actuellement-a-son-prix-le-plus-bas-jamais-vu\/\" \/>\n<meta property=\"og:locale\" content=\"fr_FR\" \/>\n<meta property=\"og:type\" content=\"article\" \/>\n<meta property=\"og:title\" content=\"Le Google Pixel 10 Pro XL est actuellement \u00e0 son prix le plus bas jamais vu | Vie Associative\" \/>\n<meta property=\"og:description\" content=\"Un \u00e9cran plus lumineux et plus grand, des sp\u00e9cifications d&rsquo;appareil photo impressionnantes et sept ans de support logiciel. Avant le Black Friday, Amazon a propos\u00e9\" \/>\n<meta property=\"og:url\" content=\"https:\/\/vieassociative.be\/actualites\/le-google-pixel-10-pro-xl-est-actuellement-a-son-prix-le-plus-bas-jamais-vu\/\" \/>\n<meta property=\"og:site_name\" content=\"Vie Associative\" \/>\n<meta property=\"article:published_time\" content=\"2025-11-06T13:17:45+00:00\" \/>\n<meta property=\"og:image\" content=\"https:\/\/vieassociative.be\/actualites\/wp-content\/uploads\/2025\/11\/Le-Google-Pixel-10-Pro-XL-est-actuellement-a-son.jpg\" \/>\n<meta name=\"author\" content=\"Julien\" \/>\n<meta name=\"twitter:card\" content=\"summary_large_image\" \/>\n<meta name=\"twitter:label1\" content=\"\u00c9crit par\" \/>\n\t<meta name=\"twitter:data1\" content=\"Julien\" \/>\n\t<meta name=\"twitter:label2\" content=\"Dur\u00e9e de lecture est.\" \/>\n\t<meta name=\"twitter:data2\" content=\"2 minutes\" \/>\n<script type=\"application\/ld+json\" class=\"yoast-schema-graph\">{\"@context\":\"https:\/\/schema.org\",\"@graph\":[{\"@type\":\"Article\",\"@id\":\"https:\/\/vieassociative.be\/actualites\/le-google-pixel-10-pro-xl-est-actuellement-a-son-prix-le-plus-bas-jamais-vu\/#article\",\"isPartOf\":{\"@id\":\"https:\/\/vieassociative.be\/actualites\/le-google-pixel-10-pro-xl-est-actuellement-a-son-prix-le-plus-bas-jamais-vu\/\"},\"author\":{\"name\":\"Julien\",\"@id\":\"https:\/\/vieassociative.be\/actualites\/#\/schema\/person\/b87ac4f82f9d4e7b7cec7395b679edc4\"},\"headline\":\"Le Google Pixel 10 Pro XL est actuellement \u00e0 son prix le plus bas jamais vu\",\"datePublished\":\"2025-11-06T13:17:45+00:00\",\"dateModified\":\"2025-11-06T13:17:45+00:00\",\"mainEntityOfPage\":{\"@id\":\"https:\/\/vieassociative.be\/actualites\/le-google-pixel-10-pro-xl-est-actuellement-a-son-prix-le-plus-bas-jamais-vu\/\"},\"wordCount\":352,\"publisher\":{\"@id\":\"https:\/\/vieassociative.be\/actualites\/#organization\"},\"image\":{\"@id\":\"https:\/\/vieassociative.be\/actualites\/le-google-pixel-10-pro-xl-est-actuellement-a-son-prix-le-plus-bas-jamais-vu\/#primaryimage\"},\"thumbnailUrl\":\"https:\/\/vieassociative.be\/actualites\/wp-content\/uploads\/2025\/11\/Le-Google-Pixel-10-Pro-XL-est-actuellement-a-son.png\",\"keywords\":[\"actuellement\",\"bas\",\"est\",\"Google\",\"jamais\",\"Pixel\",\"prix\",\"Pro\",\"son\"],\"articleSection\":[\"Technologie\"],\"inLanguage\":\"fr-BE\"},{\"@type\":\"WebPage\",\"@id\":\"https:\/\/vieassociative.be\/actualites\/le-google-pixel-10-pro-xl-est-actuellement-a-son-prix-le-plus-bas-jamais-vu\/\",\"url\":\"https:\/\/vieassociative.be\/actualites\/le-google-pixel-10-pro-xl-est-actuellement-a-son-prix-le-plus-bas-jamais-vu\/\",\"name\":\"Le Google Pixel 10 Pro XL est actuellement \u00e0 son prix le plus bas jamais vu | Vie Associative\",\"isPartOf\":{\"@id\":\"https:\/\/vieassociative.be\/actualites\/#website\"},\"primaryImageOfPage\":{\"@id\":\"https:\/\/vieassociative.be\/actualites\/le-google-pixel-10-pro-xl-est-actuellement-a-son-prix-le-plus-bas-jamais-vu\/#primaryimage\"},\"image\":{\"@id\":\"https:\/\/vieassociative.be\/actualites\/le-google-pixel-10-pro-xl-est-actuellement-a-son-prix-le-plus-bas-jamais-vu\/#primaryimage\"},\"thumbnailUrl\":\"https:\/\/vieassociative.be\/actualites\/wp-content\/uploads\/2025\/11\/Le-Google-Pixel-10-Pro-XL-est-actuellement-a-son.png\",\"datePublished\":\"2025-11-06T13:17:45+00:00\",\"dateModified\":\"2025-11-06T13:17:45+00:00\",\"breadcrumb\":{\"@id\":\"https:\/\/vieassociative.be\/actualites\/le-google-pixel-10-pro-xl-est-actuellement-a-son-prix-le-plus-bas-jamais-vu\/#breadcrumb\"},\"inLanguage\":\"fr-BE\",\"potentialAction\":[{\"@type\":\"ReadAction\",\"target\":[\"https:\/\/vieassociative.be\/actualites\/le-google-pixel-10-pro-xl-est-actuellement-a-son-prix-le-plus-bas-jamais-vu\/\"]}]},{\"@type\":\"ImageObject\",\"inLanguage\":\"fr-BE\",\"@id\":\"https:\/\/vieassociative.be\/actualites\/le-google-pixel-10-pro-xl-est-actuellement-a-son-prix-le-plus-bas-jamais-vu\/#primaryimage\",\"url\":\"https:\/\/vieassociative.be\/actualites\/wp-content\/uploads\/2025\/11\/Le-Google-Pixel-10-Pro-XL-est-actuellement-a-son.png\",\"contentUrl\":\"https:\/\/vieassociative.be\/actualites\/wp-content\/uploads\/2025\/11\/Le-Google-Pixel-10-Pro-XL-est-actuellement-a-son.png\",\"width\":1200,\"height\":675,\"caption\":\"Le Google Pixel 10 Pro XL est actuellement \u00e0 son prix le plus bas jamais vu\"},{\"@type\":\"BreadcrumbList\",\"@id\":\"https:\/\/vieassociative.be\/actualites\/le-google-pixel-10-pro-xl-est-actuellement-a-son-prix-le-plus-bas-jamais-vu\/#breadcrumb\",\"itemListElement\":[{\"@type\":\"ListItem\",\"position\":1,\"name\":\"Accueil\",\"item\":\"https:\/\/vieassociative.be\/actualites\/\"},{\"@type\":\"ListItem\",\"position\":2,\"name\":\"Le Google Pixel 10 Pro XL est actuellement \u00e0 son prix le plus bas jamais vu\"}]},{\"@type\":\"WebSite\",\"@id\":\"https:\/\/vieassociative.be\/actualites\/#website\",\"url\":\"https:\/\/vieassociative.be\/actualites\/\",\"name\":\"Vie Associative\",\"description\":\"\",\"publisher\":{\"@id\":\"https:\/\/vieassociative.be\/actualites\/#organization\"},\"potentialAction\":[{\"@type\":\"SearchAction\",\"target\":{\"@type\":\"EntryPoint\",\"urlTemplate\":\"https:\/\/vieassociative.be\/actualites\/?s={search_term_string}\"},\"query-input\":{\"@type\":\"PropertyValueSpecification\",\"valueRequired\":true,\"valueName\":\"search_term_string\"}}],\"inLanguage\":\"fr-BE\"},{\"@type\":\"Organization\",\"@id\":\"https:\/\/vieassociative.be\/actualites\/#organization\",\"name\":\"Vie Associative\",\"url\":\"https:\/\/vieassociative.be\/actualites\/\",\"logo\":{\"@type\":\"ImageObject\",\"inLanguage\":\"fr-BE\",\"@id\":\"https:\/\/vieassociative.be\/actualites\/#\/schema\/logo\/image\/\",\"url\":\"https:\/\/vieassociative.be\/actualites\/wp-content\/uploads\/2024\/09\/cropped-vieassociative_favicon.ico.png\",\"contentUrl\":\"https:\/\/vieassociative.be\/actualites\/wp-content\/uploads\/2024\/09\/cropped-vieassociative_favicon.ico.png\",\"width\":512,\"height\":512,\"caption\":\"Vie Associative\"},\"image\":{\"@id\":\"https:\/\/vieassociative.be\/actualites\/#\/schema\/logo\/image\/\"}},{\"@type\":\"Person\",\"@id\":\"https:\/\/vieassociative.be\/actualites\/#\/schema\/person\/b87ac4f82f9d4e7b7cec7395b679edc4\",\"name\":\"Julien\",\"image\":{\"@type\":\"ImageObject\",\"inLanguage\":\"fr-BE\",\"@id\":\"https:\/\/vieassociative.be\/actualites\/#\/schema\/person\/image\/\",\"url\":\"https:\/\/vieassociative.be\/actualites\/wp-content\/uploads\/2024\/09\/vie-associative-1-150x150.jpg\",\"contentUrl\":\"https:\/\/vieassociative.be\/actualites\/wp-content\/uploads\/2024\/09\/vie-associative-1-150x150.jpg\",\"caption\":\"Julien\"},\"description\":\"Je suis Julien, r\u00e9dacteur pour Vie Associative. Passionn\u00e9 par le monde associatif depuis plus de 10 ans, j'ai \u00e0 c\u0153ur de partager des histoires inspirantes et de mettre en lumi\u00e8re les initiatives locales. Mon objectif est de sensibiliser et d'encourager l'engagement communautaire \u00e0 travers mes articles.\",\"sameAs\":[\"https:\/\/vieassociative.be\/\"]}]}<\/script>\n<!-- \/ Yoast SEO plugin. -->","yoast_head_json":{"title":"Le Google Pixel 10 Pro XL est actuellement \u00e0 son prix le plus bas jamais vu | Vie Associative","robots":{"index":"index","follow":"follow","max-snippet":"max-snippet:-1","max-image-preview":"max-image-preview:large","max-video-preview":"max-video-preview:-1"},"canonical":"https:\/\/vieassociative.be\/actualites\/le-google-pixel-10-pro-xl-est-actuellement-a-son-prix-le-plus-bas-jamais-vu\/","og_locale":"fr_FR","og_type":"article","og_title":"Le Google Pixel 10 Pro XL est actuellement \u00e0 son prix le plus bas jamais vu | Vie Associative","og_description":"Un \u00e9cran plus lumineux et plus grand, des sp\u00e9cifications d&rsquo;appareil photo impressionnantes et sept ans de support logiciel. Avant le Black Friday, Amazon a propos\u00e9","og_url":"https:\/\/vieassociative.be\/actualites\/le-google-pixel-10-pro-xl-est-actuellement-a-son-prix-le-plus-bas-jamais-vu\/","og_site_name":"Vie Associative","article_published_time":"2025-11-06T13:17:45+00:00","og_image":[{"url":"https:\/\/vieassociative.be\/actualites\/wp-content\/uploads\/2025\/11\/Le-Google-Pixel-10-Pro-XL-est-actuellement-a-son.jpg","type":"","width":"","height":""}],"author":"Julien","twitter_card":"summary_large_image","twitter_misc":{"\u00c9crit par":"Julien","Dur\u00e9e de lecture est.":"2 minutes"},"schema":{"@context":"https:\/\/schema.org","@graph":[{"@type":"Article","@id":"https:\/\/vieassociative.be\/actualites\/le-google-pixel-10-pro-xl-est-actuellement-a-son-prix-le-plus-bas-jamais-vu\/#article","isPartOf":{"@id":"https:\/\/vieassociative.be\/actualites\/le-google-pixel-10-pro-xl-est-actuellement-a-son-prix-le-plus-bas-jamais-vu\/"},"author":{"name":"Julien","@id":"https:\/\/vieassociative.be\/actualites\/#\/schema\/person\/b87ac4f82f9d4e7b7cec7395b679edc4"},"headline":"Le Google Pixel 10 Pro XL est actuellement \u00e0 son prix le plus bas jamais vu","datePublished":"2025-11-06T13:17:45+00:00","dateModified":"2025-11-06T13:17:45+00:00","mainEntityOfPage":{"@id":"https:\/\/vieassociative.be\/actualites\/le-google-pixel-10-pro-xl-est-actuellement-a-son-prix-le-plus-bas-jamais-vu\/"},"wordCount":352,"publisher":{"@id":"https:\/\/vieassociative.be\/actualites\/#organization"},"image":{"@id":"https:\/\/vieassociative.be\/actualites\/le-google-pixel-10-pro-xl-est-actuellement-a-son-prix-le-plus-bas-jamais-vu\/#primaryimage"},"thumbnailUrl":"https:\/\/vieassociative.be\/actualites\/wp-content\/uploads\/2025\/11\/Le-Google-Pixel-10-Pro-XL-est-actuellement-a-son.png","keywords":["actuellement","bas","est","Google","jamais","Pixel","prix","Pro","son"],"articleSection":["Technologie"],"inLanguage":"fr-BE"},{"@type":"WebPage","@id":"https:\/\/vieassociative.be\/actualites\/le-google-pixel-10-pro-xl-est-actuellement-a-son-prix-le-plus-bas-jamais-vu\/","url":"https:\/\/vieassociative.be\/actualites\/le-google-pixel-10-pro-xl-est-actuellement-a-son-prix-le-plus-bas-jamais-vu\/","name":"Le Google Pixel 10 Pro XL est actuellement \u00e0 son prix le plus bas jamais vu | Vie Associative","isPartOf":{"@id":"https:\/\/vieassociative.be\/actualites\/#website"},"primaryImageOfPage":{"@id":"https:\/\/vieassociative.be\/actualites\/le-google-pixel-10-pro-xl-est-actuellement-a-son-prix-le-plus-bas-jamais-vu\/#primaryimage"},"image":{"@id":"https:\/\/vieassociative.be\/actualites\/le-google-pixel-10-pro-xl-est-actuellement-a-son-prix-le-plus-bas-jamais-vu\/#primaryimage"},"thumbnailUrl":"https:\/\/vieassociative.be\/actualites\/wp-content\/uploads\/2025\/11\/Le-Google-Pixel-10-Pro-XL-est-actuellement-a-son.png","datePublished":"2025-11-06T13:17:45+00:00","dateModified":"2025-11-06T13:17:45+00:00","breadcrumb":{"@id":"https:\/\/vieassociative.be\/actualites\/le-google-pixel-10-pro-xl-est-actuellement-a-son-prix-le-plus-bas-jamais-vu\/#breadcrumb"},"inLanguage":"fr-BE","potentialAction":[{"@type":"ReadAction","target":["https:\/\/vieassociative.be\/actualites\/le-google-pixel-10-pro-xl-est-actuellement-a-son-prix-le-plus-bas-jamais-vu\/"]}]},{"@type":"ImageObject","inLanguage":"fr-BE","@id":"https:\/\/vieassociative.be\/actualites\/le-google-pixel-10-pro-xl-est-actuellement-a-son-prix-le-plus-bas-jamais-vu\/#primaryimage","url":"https:\/\/vieassociative.be\/actualites\/wp-content\/uploads\/2025\/11\/Le-Google-Pixel-10-Pro-XL-est-actuellement-a-son.png","contentUrl":"https:\/\/vieassociative.be\/actualites\/wp-content\/uploads\/2025\/11\/Le-Google-Pixel-10-Pro-XL-est-actuellement-a-son.png","width":1200,"height":675,"caption":"Le Google Pixel 10 Pro XL est actuellement \u00e0 son prix le plus bas jamais vu"},{"@type":"BreadcrumbList","@id":"https:\/\/vieassociative.be\/actualites\/le-google-pixel-10-pro-xl-est-actuellement-a-son-prix-le-plus-bas-jamais-vu\/#breadcrumb","itemListElement":[{"@type":"ListItem","position":1,"name":"Accueil","item":"https:\/\/vieassociative.be\/actualites\/"},{"@type":"ListItem","position":2,"name":"Le Google Pixel 10 Pro XL est actuellement \u00e0 son prix le plus bas jamais vu"}]},{"@type":"WebSite","@id":"https:\/\/vieassociative.be\/actualites\/#website","url":"https:\/\/vieassociative.be\/actualites\/","name":"Vie Associative","description":"","publisher":{"@id":"https:\/\/vieassociative.be\/actualites\/#organization"},"potentialAction":[{"@type":"SearchAction","target":{"@type":"EntryPoint","urlTemplate":"https:\/\/vieassociative.be\/actualites\/?s={search_term_string}"},"query-input":{"@type":"PropertyValueSpecification","valueRequired":true,"valueName":"search_term_string"}}],"inLanguage":"fr-BE"},{"@type":"Organization","@id":"https:\/\/vieassociative.be\/actualites\/#organization","name":"Vie Associative","url":"https:\/\/vieassociative.be\/actualites\/","logo":{"@type":"ImageObject","inLanguage":"fr-BE","@id":"https:\/\/vieassociative.be\/actualites\/#\/schema\/logo\/image\/","url":"https:\/\/vieassociative.be\/actualites\/wp-content\/uploads\/2024\/09\/cropped-vieassociative_favicon.ico.png","contentUrl":"https:\/\/vieassociative.be\/actualites\/wp-content\/uploads\/2024\/09\/cropped-vieassociative_favicon.ico.png","width":512,"height":512,"caption":"Vie Associative"},"image":{"@id":"https:\/\/vieassociative.be\/actualites\/#\/schema\/logo\/image\/"}},{"@type":"Person","@id":"https:\/\/vieassociative.be\/actualites\/#\/schema\/person\/b87ac4f82f9d4e7b7cec7395b679edc4","name":"Julien","image":{"@type":"ImageObject","inLanguage":"fr-BE","@id":"https:\/\/vieassociative.be\/actualites\/#\/schema\/person\/image\/","url":"https:\/\/vieassociative.be\/actualites\/wp-content\/uploads\/2024\/09\/vie-associative-1-150x150.jpg","contentUrl":"https:\/\/vieassociative.be\/actualites\/wp-content\/uploads\/2024\/09\/vie-associative-1-150x150.jpg","caption":"Julien"},"description":"Je suis Julien, r\u00e9dacteur pour Vie Associative. Passionn\u00e9 par le monde associatif depuis plus de 10 ans, j'ai \u00e0 c\u0153ur de partager des histoires inspirantes et de mettre en lumi\u00e8re les initiatives locales. Mon objectif est de sensibiliser et d'encourager l'engagement communautaire \u00e0 travers mes articles.","sameAs":["https:\/\/vieassociative.be\/"]}]}},"_links":{"self":[{"href":"https:\/\/vieassociative.be\/actualites\/wp-json\/wp\/v2\/posts\/11146"}],"collection":[{"href":"https:\/\/vieassociative.be\/actualites\/wp-json\/wp\/v2\/posts"}],"about":[{"href":"https:\/\/vieassociative.be\/actualites\/wp-json\/wp\/v2\/types\/post"}],"author":[{"embeddable":true,"href":"https:\/\/vieassociative.be\/actualites\/wp-json\/wp\/v2\/users\/1"}],"replies":[{"embeddable":true,"href":"https:\/\/vieassociative.be\/actualites\/wp-json\/wp\/v2\/comments?post=11146"}],"version-history":[{"count":0,"href":"https:\/\/vieassociative.be\/actualites\/wp-json\/wp\/v2\/posts\/11146\/revisions"}],"wp:featuredmedia":[{"embeddable":true,"href":"https:\/\/vieassociative.be\/actualites\/wp-json\/wp\/v2\/media\/11147"}],"wp:attachment":[{"href":"https:\/\/vieassociative.be\/actualites\/wp-json\/wp\/v2\/media?parent=11146"}],"wp:term":[{"taxonomy":"category","embeddable":true,"href":"https:\/\/vieassociative.be\/actualites\/wp-json\/wp\/v2\/categories?post=11146"},{"taxonomy":"post_tag","embeddable":true,"href":"https:\/\/vieassociative.be\/actualites\/wp-json\/wp\/v2\/tags?post=11146"}],"curies":[{"name":"wp","href":"https:\/\/api.w.org\/{rel}","templated":true}]}}