{"id":11141,"date":"2025-11-06T09:21:14","date_gmt":"2025-11-06T08:21:14","guid":{"rendered":"https:\/\/vieassociative.be\/actualites\/ministre-freches-laccueil-des-special-olympics-belgium-dans-lest-de-la-belgique-est-possible-au-plus-tard-en-2030\/"},"modified":"2025-11-06T09:21:14","modified_gmt":"2025-11-06T08:21:14","slug":"ministre-freches-laccueil-des-special-olympics-belgium-dans-lest-de-la-belgique-est-possible-au-plus-tard-en-2030","status":"publish","type":"post","link":"https:\/\/vieassociative.be\/actualites\/ministre-freches-laccueil-des-special-olympics-belgium-dans-lest-de-la-belgique-est-possible-au-plus-tard-en-2030\/","title":{"rendered":"Ministre Freches : \u00ab L\u2019accueil des Special Olympics Belgium dans l\u2019Est de la Belgique est possible au plus tard en 2030 \u00bb"},"content":{"rendered":"<p><strong>Le DG Ministre charg\u00e9 du Sport, Gregor Freches (PFF), est convaincu que la Communaut\u00e9 germanophone remplira bient\u00f4t toutes les conditions pour accueillir les Special Olympics Belgium d&rsquo;ici 2030 au plus tard.<\/strong><\/p>\n<p><span id=\"more-428891\"><\/span>Freches l&rsquo;a expliqu\u00e9 mardi devant la commission parlementaire comp\u00e9tente du DG en r\u00e9ponse \u00e0 une question du d\u00e9put\u00e9 SP Bj\u00f6rn Klinkenberg. Les Special Olympics Belgique sont \u00ab le plus grand \u00e9v\u00e9nement sportif pour personnes handicap\u00e9es mentales dans notre pays \u00bb.<\/p>\n<p>Freches : \u00ab Cet \u00e9v\u00e9nement majeur rassemble non seulement les athl\u00e8tes, mais aussi leurs familles, leurs entra\u00eeneurs, des b\u00e9n\u00e9voles, un large public ainsi que des partenaires institutionnels et priv\u00e9s et, in fine, des sponsors \u00bb, a d\u00e9clar\u00e9 Freches. \u00ab\u00a0J&rsquo;entretiens des contacts \u00e9troits avec les organisateurs et l&rsquo;id\u00e9e est que les Jeux se d\u00e9roulent dans l&rsquo;Est de la Belgique dans un avenir proche, au mieux jusqu&rsquo;en 2030.\u00a0\u00bb<\/p>\n<div id=\"attachment_428992\" class=\"wp-caption alignleft\" style=\"max-width: 300px\"><img fetchpriority=\"high\" decoding=\"async\" class=\"wp-image-428992 size-medium\" src=\"https:\/\/vieassociative.be\/actualites\/wp-content\/uploads\/2025\/11\/Ministre-Freches-Laccueil-des-Special-Olympics-Belgium-dans.jpg\" alt=\"\" width=\"300\" height=\"200\"  ><\/div>\n<p>En ce qui concerne les conditions infrastructurelles, selon Freches, la DG r\u00e9pondrait \u00e0 toutes les exigences.<\/p>\n<p>\u00ab\u00a0Apr\u00e8s l&rsquo;ach\u00e8vement du Stade Roi Baudouin \u00e0 Eupen &#8211; et il s&rsquo;agit principalement de la piste d&rsquo;athl\u00e9tisme &#8211; la Communaut\u00e9 germanophone disposera au cours de l&rsquo;ann\u00e9e prochaine des infrastructures sportives n\u00e9cessaires sur son territoire pour pouvoir organiser tous les sports de Special Olympics Belgium. Cela impliquera les communaut\u00e9s qui souhaiteront alors y participer\u00a0\u00bb, a d\u00e9clar\u00e9 le ministre.<\/p>\n<p>Aux \u00e9v\u00e9nements sportifs s&rsquo;ajoutent \u00e9galement des conditions g\u00e9n\u00e9rales : une c\u00e9r\u00e9monie d&rsquo;ouverture pour 7 000 \u00e0 8 000 spectateurs (au stade Eupen Kehrweg ?), un soi-disant village olympique et un h\u00e9bergement pour les nombreux visiteurs de la r\u00e9gion.<\/p>\n<p>Freches : \u00ab Je tiens \u00e0 souligner qu&rsquo;il sera tout \u00e0 fait possible d&rsquo;accueillir les Jeux Nationaux dans leur int\u00e9gralit\u00e9 dans l&rsquo;Est de la Belgique, ce qui constitue \u00e9galement une \u00e9tape importante dans nos efforts pour parvenir \u00e0 une plus grande inclusion dans notre soci\u00e9t\u00e9. \u00bb (cr\u00e9er)<\/p>\n","protected":false},"excerpt":{"rendered":"<p>Le DG Ministre charg\u00e9 du Sport, Gregor Freches (PFF), est convaincu que la Communaut\u00e9 germanophone remplira bient\u00f4t toutes les conditions pour accueillir les Special Olympics<\/p>\n","protected":false},"author":1,"featured_media":11142,"comment_status":"","ping_status":"","sticky":false,"template":"","format":"standard","meta":{"footnotes":""},"categories":[298],"tags":[383,9164,166,29,76,2593,9162,1245,9163,5650,2483],"class_list":["post-11141","post","type-post","status-publish","format-standard","has-post-thumbnail","hentry","category-belgique","tag-belgique","tag-belgium","tag-dans","tag-des","tag-est","tag-freches","tag-laccueil","tag-ministre","tag-olympics","tag-special","tag-tard","generate-columns","tablet-grid-50","mobile-grid-100","grid-parent","grid-33"],"yoast_head":"<!-- This site is optimized with the Yoast SEO plugin v24.0 - https:\/\/yoast.com\/wordpress\/plugins\/seo\/ -->\n<title>Ministre Freches : \u00ab L\u2019accueil des Special Olympics Belgium dans l\u2019Est de la Belgique est possible au plus tard en 2030 \u00bb | Vie Associative<\/title>\n<meta name=\"robots\" content=\"index, follow, max-snippet:-1, max-image-preview:large, max-video-preview:-1\" \/>\n<link rel=\"canonical\" href=\"https:\/\/vieassociative.be\/actualites\/ministre-freches-laccueil-des-special-olympics-belgium-dans-lest-de-la-belgique-est-possible-au-plus-tard-en-2030\/\" \/>\n<meta property=\"og:locale\" content=\"fr_FR\" \/>\n<meta property=\"og:type\" content=\"article\" \/>\n<meta property=\"og:title\" content=\"Ministre Freches : \u00ab L\u2019accueil des Special Olympics Belgium dans l\u2019Est de la Belgique est possible au plus tard en 2030 \u00bb | Vie Associative\" \/>\n<meta property=\"og:description\" content=\"Le DG Ministre charg\u00e9 du Sport, Gregor Freches (PFF), est convaincu que la Communaut\u00e9 germanophone remplira bient\u00f4t toutes les conditions pour accueillir les Special Olympics\" \/>\n<meta property=\"og:url\" content=\"https:\/\/vieassociative.be\/actualites\/ministre-freches-laccueil-des-special-olympics-belgium-dans-lest-de-la-belgique-est-possible-au-plus-tard-en-2030\/\" \/>\n<meta property=\"og:site_name\" content=\"Vie Associative\" \/>\n<meta property=\"article:published_time\" content=\"2025-11-06T08:21:14+00:00\" \/>\n<meta property=\"og:image\" content=\"https:\/\/vieassociative.be\/actualites\/wp-content\/uploads\/2024\/09\/header_backgroundk-01-e1726694325946.png\" \/>\n\t<meta property=\"og:image:width\" content=\"279\" \/>\n\t<meta property=\"og:image:height\" content=\"92\" \/>\n\t<meta property=\"og:image:type\" content=\"image\/png\" \/>\n<meta name=\"author\" content=\"Julien\" \/>\n<meta name=\"twitter:card\" content=\"summary_large_image\" \/>\n<meta name=\"twitter:label1\" content=\"\u00c9crit par\" \/>\n\t<meta name=\"twitter:data1\" content=\"Julien\" \/>\n\t<meta name=\"twitter:label2\" content=\"Dur\u00e9e de lecture est.\" \/>\n\t<meta name=\"twitter:data2\" content=\"2 minutes\" \/>\n<script type=\"application\/ld+json\" class=\"yoast-schema-graph\">{\"@context\":\"https:\/\/schema.org\",\"@graph\":[{\"@type\":\"Article\",\"@id\":\"https:\/\/vieassociative.be\/actualites\/ministre-freches-laccueil-des-special-olympics-belgium-dans-lest-de-la-belgique-est-possible-au-plus-tard-en-2030\/#article\",\"isPartOf\":{\"@id\":\"https:\/\/vieassociative.be\/actualites\/ministre-freches-laccueil-des-special-olympics-belgium-dans-lest-de-la-belgique-est-possible-au-plus-tard-en-2030\/\"},\"author\":{\"name\":\"Julien\",\"@id\":\"https:\/\/vieassociative.be\/actualites\/#\/schema\/person\/b87ac4f82f9d4e7b7cec7395b679edc4\"},\"headline\":\"Ministre Freches : \u00ab L\u2019accueil des Special Olympics Belgium dans l\u2019Est de la Belgique est possible au plus tard en 2030 \u00bb\",\"datePublished\":\"2025-11-06T08:21:14+00:00\",\"dateModified\":\"2025-11-06T08:21:14+00:00\",\"mainEntityOfPage\":{\"@id\":\"https:\/\/vieassociative.be\/actualites\/ministre-freches-laccueil-des-special-olympics-belgium-dans-lest-de-la-belgique-est-possible-au-plus-tard-en-2030\/\"},\"wordCount\":341,\"publisher\":{\"@id\":\"https:\/\/vieassociative.be\/actualites\/#organization\"},\"image\":{\"@id\":\"https:\/\/vieassociative.be\/actualites\/ministre-freches-laccueil-des-special-olympics-belgium-dans-lest-de-la-belgique-est-possible-au-plus-tard-en-2030\/#primaryimage\"},\"thumbnailUrl\":\"https:\/\/vieassociative.be\/actualites\/wp-content\/uploads\/2025\/11\/1762417274_Ministre-Freches-Laccueil-des-Special-Olympics-Belgium-dans.jpg\",\"keywords\":[\"Belgique\",\"Belgium\",\"dans\",\"Des\",\"est\",\"Freches\",\"Laccueil\",\"ministre\",\"Olympics\",\"sp\u00e9cial\",\"tard\"],\"articleSection\":[\"Belgique\"],\"inLanguage\":\"fr-BE\"},{\"@type\":\"WebPage\",\"@id\":\"https:\/\/vieassociative.be\/actualites\/ministre-freches-laccueil-des-special-olympics-belgium-dans-lest-de-la-belgique-est-possible-au-plus-tard-en-2030\/\",\"url\":\"https:\/\/vieassociative.be\/actualites\/ministre-freches-laccueil-des-special-olympics-belgium-dans-lest-de-la-belgique-est-possible-au-plus-tard-en-2030\/\",\"name\":\"Ministre Freches : \u00ab L\u2019accueil des Special Olympics Belgium dans l\u2019Est de la Belgique est possible au plus tard en 2030 \u00bb | Vie Associative\",\"isPartOf\":{\"@id\":\"https:\/\/vieassociative.be\/actualites\/#website\"},\"primaryImageOfPage\":{\"@id\":\"https:\/\/vieassociative.be\/actualites\/ministre-freches-laccueil-des-special-olympics-belgium-dans-lest-de-la-belgique-est-possible-au-plus-tard-en-2030\/#primaryimage\"},\"image\":{\"@id\":\"https:\/\/vieassociative.be\/actualites\/ministre-freches-laccueil-des-special-olympics-belgium-dans-lest-de-la-belgique-est-possible-au-plus-tard-en-2030\/#primaryimage\"},\"thumbnailUrl\":\"https:\/\/vieassociative.be\/actualites\/wp-content\/uploads\/2025\/11\/1762417274_Ministre-Freches-Laccueil-des-Special-Olympics-Belgium-dans.jpg\",\"datePublished\":\"2025-11-06T08:21:14+00:00\",\"dateModified\":\"2025-11-06T08:21:14+00:00\",\"breadcrumb\":{\"@id\":\"https:\/\/vieassociative.be\/actualites\/ministre-freches-laccueil-des-special-olympics-belgium-dans-lest-de-la-belgique-est-possible-au-plus-tard-en-2030\/#breadcrumb\"},\"inLanguage\":\"fr-BE\",\"potentialAction\":[{\"@type\":\"ReadAction\",\"target\":[\"https:\/\/vieassociative.be\/actualites\/ministre-freches-laccueil-des-special-olympics-belgium-dans-lest-de-la-belgique-est-possible-au-plus-tard-en-2030\/\"]}]},{\"@type\":\"ImageObject\",\"inLanguage\":\"fr-BE\",\"@id\":\"https:\/\/vieassociative.be\/actualites\/ministre-freches-laccueil-des-special-olympics-belgium-dans-lest-de-la-belgique-est-possible-au-plus-tard-en-2030\/#primaryimage\",\"url\":\"https:\/\/vieassociative.be\/actualites\/wp-content\/uploads\/2025\/11\/1762417274_Ministre-Freches-Laccueil-des-Special-Olympics-Belgium-dans.jpg\",\"contentUrl\":\"https:\/\/vieassociative.be\/actualites\/wp-content\/uploads\/2025\/11\/1762417274_Ministre-Freches-Laccueil-des-Special-Olympics-Belgium-dans.jpg\",\"width\":1200,\"height\":800,\"caption\":\"Ministre Freches : \u00ab L\u2019accueil des Special Olympics Belgium dans l\u2019Est de la Belgique est possible au plus tard en 2030 \u00bb\"},{\"@type\":\"BreadcrumbList\",\"@id\":\"https:\/\/vieassociative.be\/actualites\/ministre-freches-laccueil-des-special-olympics-belgium-dans-lest-de-la-belgique-est-possible-au-plus-tard-en-2030\/#breadcrumb\",\"itemListElement\":[{\"@type\":\"ListItem\",\"position\":1,\"name\":\"Accueil\",\"item\":\"https:\/\/vieassociative.be\/actualites\/\"},{\"@type\":\"ListItem\",\"position\":2,\"name\":\"Ministre Freches : \u00ab L\u2019accueil des Special Olympics Belgium dans l\u2019Est de la Belgique est possible au plus tard en 2030 \u00bb\"}]},{\"@type\":\"WebSite\",\"@id\":\"https:\/\/vieassociative.be\/actualites\/#website\",\"url\":\"https:\/\/vieassociative.be\/actualites\/\",\"name\":\"Vie Associative\",\"description\":\"\",\"publisher\":{\"@id\":\"https:\/\/vieassociative.be\/actualites\/#organization\"},\"potentialAction\":[{\"@type\":\"SearchAction\",\"target\":{\"@type\":\"EntryPoint\",\"urlTemplate\":\"https:\/\/vieassociative.be\/actualites\/?s={search_term_string}\"},\"query-input\":{\"@type\":\"PropertyValueSpecification\",\"valueRequired\":true,\"valueName\":\"search_term_string\"}}],\"inLanguage\":\"fr-BE\"},{\"@type\":\"Organization\",\"@id\":\"https:\/\/vieassociative.be\/actualites\/#organization\",\"name\":\"Vie Associative\",\"url\":\"https:\/\/vieassociative.be\/actualites\/\",\"logo\":{\"@type\":\"ImageObject\",\"inLanguage\":\"fr-BE\",\"@id\":\"https:\/\/vieassociative.be\/actualites\/#\/schema\/logo\/image\/\",\"url\":\"https:\/\/vieassociative.be\/actualites\/wp-content\/uploads\/2024\/09\/cropped-vieassociative_favicon.ico.png\",\"contentUrl\":\"https:\/\/vieassociative.be\/actualites\/wp-content\/uploads\/2024\/09\/cropped-vieassociative_favicon.ico.png\",\"width\":512,\"height\":512,\"caption\":\"Vie Associative\"},\"image\":{\"@id\":\"https:\/\/vieassociative.be\/actualites\/#\/schema\/logo\/image\/\"}},{\"@type\":\"Person\",\"@id\":\"https:\/\/vieassociative.be\/actualites\/#\/schema\/person\/b87ac4f82f9d4e7b7cec7395b679edc4\",\"name\":\"Julien\",\"image\":{\"@type\":\"ImageObject\",\"inLanguage\":\"fr-BE\",\"@id\":\"https:\/\/vieassociative.be\/actualites\/#\/schema\/person\/image\/\",\"url\":\"https:\/\/vieassociative.be\/actualites\/wp-content\/uploads\/2024\/09\/vie-associative-1-150x150.jpg\",\"contentUrl\":\"https:\/\/vieassociative.be\/actualites\/wp-content\/uploads\/2024\/09\/vie-associative-1-150x150.jpg\",\"caption\":\"Julien\"},\"description\":\"Je suis Julien, r\u00e9dacteur pour Vie Associative. Passionn\u00e9 par le monde associatif depuis plus de 10 ans, j'ai \u00e0 c\u0153ur de partager des histoires inspirantes et de mettre en lumi\u00e8re les initiatives locales. Mon objectif est de sensibiliser et d'encourager l'engagement communautaire \u00e0 travers mes articles.\",\"sameAs\":[\"https:\/\/vieassociative.be\/\"]}]}<\/script>\n<!-- \/ Yoast SEO plugin. -->","yoast_head_json":{"title":"Ministre Freches : \u00ab L\u2019accueil des Special Olympics Belgium dans l\u2019Est de la Belgique est possible au plus tard en 2030 \u00bb | Vie Associative","robots":{"index":"index","follow":"follow","max-snippet":"max-snippet:-1","max-image-preview":"max-image-preview:large","max-video-preview":"max-video-preview:-1"},"canonical":"https:\/\/vieassociative.be\/actualites\/ministre-freches-laccueil-des-special-olympics-belgium-dans-lest-de-la-belgique-est-possible-au-plus-tard-en-2030\/","og_locale":"fr_FR","og_type":"article","og_title":"Ministre Freches : \u00ab L\u2019accueil des Special Olympics Belgium dans l\u2019Est de la Belgique est possible au plus tard en 2030 \u00bb | Vie Associative","og_description":"Le DG Ministre charg\u00e9 du Sport, Gregor Freches (PFF), est convaincu que la Communaut\u00e9 germanophone remplira bient\u00f4t toutes les conditions pour accueillir les Special Olympics","og_url":"https:\/\/vieassociative.be\/actualites\/ministre-freches-laccueil-des-special-olympics-belgium-dans-lest-de-la-belgique-est-possible-au-plus-tard-en-2030\/","og_site_name":"Vie Associative","article_published_time":"2025-11-06T08:21:14+00:00","og_image":[{"width":279,"height":92,"url":"https:\/\/vieassociative.be\/actualites\/wp-content\/uploads\/2024\/09\/header_backgroundk-01-e1726694325946.png","type":"image\/png"}],"author":"Julien","twitter_card":"summary_large_image","twitter_misc":{"\u00c9crit par":"Julien","Dur\u00e9e de lecture est.":"2 minutes"},"schema":{"@context":"https:\/\/schema.org","@graph":[{"@type":"Article","@id":"https:\/\/vieassociative.be\/actualites\/ministre-freches-laccueil-des-special-olympics-belgium-dans-lest-de-la-belgique-est-possible-au-plus-tard-en-2030\/#article","isPartOf":{"@id":"https:\/\/vieassociative.be\/actualites\/ministre-freches-laccueil-des-special-olympics-belgium-dans-lest-de-la-belgique-est-possible-au-plus-tard-en-2030\/"},"author":{"name":"Julien","@id":"https:\/\/vieassociative.be\/actualites\/#\/schema\/person\/b87ac4f82f9d4e7b7cec7395b679edc4"},"headline":"Ministre Freches : \u00ab L\u2019accueil des Special Olympics Belgium dans l\u2019Est de la Belgique est possible au plus tard en 2030 \u00bb","datePublished":"2025-11-06T08:21:14+00:00","dateModified":"2025-11-06T08:21:14+00:00","mainEntityOfPage":{"@id":"https:\/\/vieassociative.be\/actualites\/ministre-freches-laccueil-des-special-olympics-belgium-dans-lest-de-la-belgique-est-possible-au-plus-tard-en-2030\/"},"wordCount":341,"publisher":{"@id":"https:\/\/vieassociative.be\/actualites\/#organization"},"image":{"@id":"https:\/\/vieassociative.be\/actualites\/ministre-freches-laccueil-des-special-olympics-belgium-dans-lest-de-la-belgique-est-possible-au-plus-tard-en-2030\/#primaryimage"},"thumbnailUrl":"https:\/\/vieassociative.be\/actualites\/wp-content\/uploads\/2025\/11\/1762417274_Ministre-Freches-Laccueil-des-Special-Olympics-Belgium-dans.jpg","keywords":["Belgique","Belgium","dans","Des","est","Freches","Laccueil","ministre","Olympics","sp\u00e9cial","tard"],"articleSection":["Belgique"],"inLanguage":"fr-BE"},{"@type":"WebPage","@id":"https:\/\/vieassociative.be\/actualites\/ministre-freches-laccueil-des-special-olympics-belgium-dans-lest-de-la-belgique-est-possible-au-plus-tard-en-2030\/","url":"https:\/\/vieassociative.be\/actualites\/ministre-freches-laccueil-des-special-olympics-belgium-dans-lest-de-la-belgique-est-possible-au-plus-tard-en-2030\/","name":"Ministre Freches : \u00ab L\u2019accueil des Special Olympics Belgium dans l\u2019Est de la Belgique est possible au plus tard en 2030 \u00bb | Vie Associative","isPartOf":{"@id":"https:\/\/vieassociative.be\/actualites\/#website"},"primaryImageOfPage":{"@id":"https:\/\/vieassociative.be\/actualites\/ministre-freches-laccueil-des-special-olympics-belgium-dans-lest-de-la-belgique-est-possible-au-plus-tard-en-2030\/#primaryimage"},"image":{"@id":"https:\/\/vieassociative.be\/actualites\/ministre-freches-laccueil-des-special-olympics-belgium-dans-lest-de-la-belgique-est-possible-au-plus-tard-en-2030\/#primaryimage"},"thumbnailUrl":"https:\/\/vieassociative.be\/actualites\/wp-content\/uploads\/2025\/11\/1762417274_Ministre-Freches-Laccueil-des-Special-Olympics-Belgium-dans.jpg","datePublished":"2025-11-06T08:21:14+00:00","dateModified":"2025-11-06T08:21:14+00:00","breadcrumb":{"@id":"https:\/\/vieassociative.be\/actualites\/ministre-freches-laccueil-des-special-olympics-belgium-dans-lest-de-la-belgique-est-possible-au-plus-tard-en-2030\/#breadcrumb"},"inLanguage":"fr-BE","potentialAction":[{"@type":"ReadAction","target":["https:\/\/vieassociative.be\/actualites\/ministre-freches-laccueil-des-special-olympics-belgium-dans-lest-de-la-belgique-est-possible-au-plus-tard-en-2030\/"]}]},{"@type":"ImageObject","inLanguage":"fr-BE","@id":"https:\/\/vieassociative.be\/actualites\/ministre-freches-laccueil-des-special-olympics-belgium-dans-lest-de-la-belgique-est-possible-au-plus-tard-en-2030\/#primaryimage","url":"https:\/\/vieassociative.be\/actualites\/wp-content\/uploads\/2025\/11\/1762417274_Ministre-Freches-Laccueil-des-Special-Olympics-Belgium-dans.jpg","contentUrl":"https:\/\/vieassociative.be\/actualites\/wp-content\/uploads\/2025\/11\/1762417274_Ministre-Freches-Laccueil-des-Special-Olympics-Belgium-dans.jpg","width":1200,"height":800,"caption":"Ministre Freches : \u00ab L\u2019accueil des Special Olympics Belgium dans l\u2019Est de la Belgique est possible au plus tard en 2030 \u00bb"},{"@type":"BreadcrumbList","@id":"https:\/\/vieassociative.be\/actualites\/ministre-freches-laccueil-des-special-olympics-belgium-dans-lest-de-la-belgique-est-possible-au-plus-tard-en-2030\/#breadcrumb","itemListElement":[{"@type":"ListItem","position":1,"name":"Accueil","item":"https:\/\/vieassociative.be\/actualites\/"},{"@type":"ListItem","position":2,"name":"Ministre Freches : \u00ab L\u2019accueil des Special Olympics Belgium dans l\u2019Est de la Belgique est possible au plus tard en 2030 \u00bb"}]},{"@type":"WebSite","@id":"https:\/\/vieassociative.be\/actualites\/#website","url":"https:\/\/vieassociative.be\/actualites\/","name":"Vie Associative","description":"","publisher":{"@id":"https:\/\/vieassociative.be\/actualites\/#organization"},"potentialAction":[{"@type":"SearchAction","target":{"@type":"EntryPoint","urlTemplate":"https:\/\/vieassociative.be\/actualites\/?s={search_term_string}"},"query-input":{"@type":"PropertyValueSpecification","valueRequired":true,"valueName":"search_term_string"}}],"inLanguage":"fr-BE"},{"@type":"Organization","@id":"https:\/\/vieassociative.be\/actualites\/#organization","name":"Vie Associative","url":"https:\/\/vieassociative.be\/actualites\/","logo":{"@type":"ImageObject","inLanguage":"fr-BE","@id":"https:\/\/vieassociative.be\/actualites\/#\/schema\/logo\/image\/","url":"https:\/\/vieassociative.be\/actualites\/wp-content\/uploads\/2024\/09\/cropped-vieassociative_favicon.ico.png","contentUrl":"https:\/\/vieassociative.be\/actualites\/wp-content\/uploads\/2024\/09\/cropped-vieassociative_favicon.ico.png","width":512,"height":512,"caption":"Vie Associative"},"image":{"@id":"https:\/\/vieassociative.be\/actualites\/#\/schema\/logo\/image\/"}},{"@type":"Person","@id":"https:\/\/vieassociative.be\/actualites\/#\/schema\/person\/b87ac4f82f9d4e7b7cec7395b679edc4","name":"Julien","image":{"@type":"ImageObject","inLanguage":"fr-BE","@id":"https:\/\/vieassociative.be\/actualites\/#\/schema\/person\/image\/","url":"https:\/\/vieassociative.be\/actualites\/wp-content\/uploads\/2024\/09\/vie-associative-1-150x150.jpg","contentUrl":"https:\/\/vieassociative.be\/actualites\/wp-content\/uploads\/2024\/09\/vie-associative-1-150x150.jpg","caption":"Julien"},"description":"Je suis Julien, r\u00e9dacteur pour Vie Associative. Passionn\u00e9 par le monde associatif depuis plus de 10 ans, j'ai \u00e0 c\u0153ur de partager des histoires inspirantes et de mettre en lumi\u00e8re les initiatives locales. Mon objectif est de sensibiliser et d'encourager l'engagement communautaire \u00e0 travers mes articles.","sameAs":["https:\/\/vieassociative.be\/"]}]}},"_links":{"self":[{"href":"https:\/\/vieassociative.be\/actualites\/wp-json\/wp\/v2\/posts\/11141"}],"collection":[{"href":"https:\/\/vieassociative.be\/actualites\/wp-json\/wp\/v2\/posts"}],"about":[{"href":"https:\/\/vieassociative.be\/actualites\/wp-json\/wp\/v2\/types\/post"}],"author":[{"embeddable":true,"href":"https:\/\/vieassociative.be\/actualites\/wp-json\/wp\/v2\/users\/1"}],"replies":[{"embeddable":true,"href":"https:\/\/vieassociative.be\/actualites\/wp-json\/wp\/v2\/comments?post=11141"}],"version-history":[{"count":0,"href":"https:\/\/vieassociative.be\/actualites\/wp-json\/wp\/v2\/posts\/11141\/revisions"}],"wp:featuredmedia":[{"embeddable":true,"href":"https:\/\/vieassociative.be\/actualites\/wp-json\/wp\/v2\/media\/11142"}],"wp:attachment":[{"href":"https:\/\/vieassociative.be\/actualites\/wp-json\/wp\/v2\/media?parent=11141"}],"wp:term":[{"taxonomy":"category","embeddable":true,"href":"https:\/\/vieassociative.be\/actualites\/wp-json\/wp\/v2\/categories?post=11141"},{"taxonomy":"post_tag","embeddable":true,"href":"https:\/\/vieassociative.be\/actualites\/wp-json\/wp\/v2\/tags?post=11141"}],"curies":[{"name":"wp","href":"https:\/\/api.w.org\/{rel}","templated":true}]}}