{"id":11139,"date":"2025-11-06T08:20:47","date_gmt":"2025-11-06T07:20:47","guid":{"rendered":"https:\/\/vieassociative.be\/actualites\/la-derniere-mise-a-jour-des-lunettes-intelligentes-de-meta-apporte-une-meilleure-integration-video-et-garmin\/"},"modified":"2025-11-06T08:20:47","modified_gmt":"2025-11-06T07:20:47","slug":"la-derniere-mise-a-jour-des-lunettes-intelligentes-de-meta-apporte-une-meilleure-integration-video-et-garmin","status":"publish","type":"post","link":"https:\/\/vieassociative.be\/actualites\/la-derniere-mise-a-jour-des-lunettes-intelligentes-de-meta-apporte-une-meilleure-integration-video-et-garmin\/","title":{"rendered":"La derni\u00e8re mise \u00e0 jour des lunettes intelligentes de Meta apporte une meilleure int\u00e9gration vid\u00e9o et Garmin"},"content":{"rendered":"<div class=\"mt-4 leading-6 md:mb-8\">Vos lunettes intelligentes deviennent plus intelligentes.<\/div>\n<p><\/p>\n<p>Meta a commenc\u00e9 \u00e0 d\u00e9ployer sa derni\u00e8re mise \u00e0 jour du firmware pour ses lunettes intelligentes Ray-Ban et Oakley. La mise \u00e0 jour, V19.2, est disponible cette semaine et am\u00e9liore l&rsquo;int\u00e9gration Garmin et l&rsquo;enregistrement vid\u00e9o pour les appareils portables Ray-Ban Meta et Oakley Meta de premi\u00e8re et deuxi\u00e8me g\u00e9n\u00e9ration.<\/p>\n<div class=\"pogoClear mb-12 mt-10 rounded-md border-2 border-gray-100 py-7 shadow-xl md:py-6\">\n<div class=\"flex flex-wrap justify-between px-7 text-black no-underline md:flex-nowrap md:px-8\">\n<div class=\"order-1 mx-auto flex flex-col justify-center md:order-2 md:ml-4 md:w-full md:grow\">\n<div class=\"block cursor-pointer text-center font-akshar text-2xl font-medium leading-7 text-brand-green duration-200 ease-in-out hover:text-brand-green-700 md:text-left md:text-xl md:leading-6\">Ray-Ban Meta &#8211; Wayfarer Large lunettes avec compatibilit\u00e9 Meta AI, audio, photo, vid\u00e9o &#8211; Verres polaris\u00e9s en graphite d\u00e9grad\u00e9 (remis \u00e0 neuf) &#8211; Noir mat\n                <\/div>\n<div class=\"mt-4 hidden md:flex md:justify-between\">\n<div class=\"self-end\">\n<div class=\"mb-0 h-11 md:flex md:flex-col md:justify-center\">\n<div class=\" font-sans leading-4 text-black\">\n<div class=\"flex flex-wrap items-center justify-center gap-1 md:justify-start\">\n        <span class=\"font-bold\"><\/p>\n<p>            263,00\u00a0$<br \/>\n                            <span class=\"font-medium\">chez Best Buy<\/span><br \/>\n                    <\/span>\n            <\/div>\n<\/p><\/div>\n<\/p><\/div>\n<\/p><\/div>\n<div class=\"w-44 self-end\">\n                            <button class=\"flex justify-center items-center w-full bg-brand-green text-white text-base font-sans font-medium rounded-md hover:bg-brand-green-700 hover:cursor-pointer md:text-sm h-11\"><\/p>\n<p>    Obtenez une offre<br \/>\n<\/button>\n                        <\/div>\n<\/p><\/div>\n<\/p><\/div>\n<div class=\"order-2 mt-5 h-auto w-full md:order-1 md:mt-0 md:hidden\">\n<div class=\"flex aspect-video items-center justify-center\">\n                                            <img decoding=\"async\" class=\"m-0 max-h-full max-w-full rounded-md\" src=\"https:\/\/vieassociative.be\/actualites\/wp-content\/uploads\/2025\/05\/Voici-ce-que-jai-appris-apres-six-mois-de-port.jpg\" alt=\"Ray-Ban Meta - Wayfarer Large lunettes avec compatibilit\u00e9 Meta AI, audio, photo, vid\u00e9o - Verres polaris\u00e9s en graphite d\u00e9grad\u00e9 (remis \u00e0 neuf) - Noir mat\" width=\"auto\" height=\"auto\" loading=\"lazy\">\n                                    <\/div>\n<\/p><\/div>\n<div class=\"order-2 ml-2 hidden w-32 shrink-0 items-center md:order-1 md:ml-0 md:flex\">\n<div class=\"flex aspect-video items-center justify-center\">\n                                            <img decoding=\"async\" class=\"m-0 max-h-full max-w-full rounded-md\" src=\"https:\/\/vieassociative.be\/actualites\/wp-content\/uploads\/2025\/05\/Voici-ce-que-jai-appris-apres-six-mois-de-port.jpg\" alt=\"Ray-Ban Meta - Wayfarer Large lunettes avec compatibilit\u00e9 Meta AI, audio, photo, vid\u00e9o - Verres polaris\u00e9s en graphite d\u00e9grad\u00e9 (remis \u00e0 neuf) - Noir mat\" width=\"auto\" height=\"auto\" loading=\"lazy\">\n                                    <\/div>\n<\/p><\/div>\n<div class=\"order-3 flex grow flex-wrap md:hidden md:grow-0\">\n<div class=\"mt-4 w-full\">\n                        <button class=\"flex justify-center items-center w-full bg-brand-green text-white text-base font-sans font-medium rounded-md hover:bg-brand-green-700 hover:cursor-pointer md:text-sm h-11\"><\/p>\n<p>    Obtenez une offre<br \/>\n<\/button>\n                    <\/div>\n<div class=\"mx-2 mt-4 w-full\">\n<div class=\" font-sans leading-4 text-black\">\n<div class=\"flex flex-wrap items-center justify-center gap-1 md:justify-start\">\n        <span class=\"font-bold\"><\/p>\n<p>            263,00\u00a0$<br \/>\n                            <span class=\"font-medium\">chez Best Buy<\/span><br \/>\n                    <\/span>\n            <\/div>\n<\/p><\/div>\n<\/p><\/div>\n<\/p><\/div>\n<\/p><\/div>\n<\/div>\n<p>Les am\u00e9liorations apport\u00e9es \u00e0 l&rsquo;int\u00e9gration des appareils Garmin permettent aux utilisateurs de Meta de synchroniser les statistiques Garmin avec des vid\u00e9os et des photos, de demander \u00e0 Meta AI des informations sur la sant\u00e9 et d&rsquo;obtenir des mises \u00e0 jour vocales en temps r\u00e9el des mesures de condition physique lorsqu&rsquo;ils sont actifs. Ces fonctionnalit\u00e9s \u00e9taient auparavant exclusives aux lunettes Oakley Meta Vanguard, mais d\u00e9sormais tout le monde y a acc\u00e8s. <\/p>\n<p>En ce qui concerne les am\u00e9liorations apport\u00e9es aux vid\u00e9os, la mise \u00e0 jour introduit des modes de stabilisation s\u00e9lectionnables (auto, faible, moyen et \u00e9lev\u00e9), la possibilit\u00e9 d&rsquo;enregistrer des clips d&rsquo;une dur\u00e9e de cinq minutes (au lieu de trois minutes) et la possibilit\u00e9 d&rsquo;enregistrer une vid\u00e9o 1080p \u00e0 60 FPS, ce qui n&rsquo;est pas mal pour un appareil photo que vous portez sur votre visage. <\/p>\n<div class=\"mx-auto mb-12 mt-5 w-full max-w-3xl rounded-md border-2 border-gray-100 p-3 shadow-md md:px-7 md:pb-7 md:pt-5\" id=\"related-video\">\n<div class=\"mb-3 flex items-center md:mb-5\">\n        <img decoding=\"async\" class=\"mr-4 mt-0 h-10 w-10 md:mr-5 md:h-12 md:w-12\" src=\"https:\/\/vieassociative.be\/actualites\/wp-content\/uploads\/2025\/09\/1757726237_608_Meta-pourrait-devoiler-une-montre-intelligente-pour-controler-ses-lunettes.jpg\" alt=\"Logo du pirate de la vie\"><\/p><\/div>\n<div class=\"aspect-video w-full overflow-hidden rounded-md\">\n<div id=\"video-container-01K9BZRKCAKRWPTMBDG187E1NA\"><\/div>\n<\/p><\/div>\n<\/div>\n<div class=\"pogoClear mb-12 mt-10 rounded-md border-2 border-gray-100 py-7 shadow-xl md:py-6\">\n<div class=\"flex flex-wrap justify-between px-7 text-black no-underline md:flex-nowrap md:px-8\">\n<div class=\"order-1 mx-auto flex flex-col justify-center md:order-2 md:ml-4 md:w-full md:grow\">\n<div class=\"block cursor-pointer text-center font-akshar text-2xl font-medium leading-7 text-brand-green duration-200 ease-in-out hover:text-brand-green-700 md:text-left md:text-xl md:leading-6\">Oakley | Meta HSTN &#8211; avec compatibilit\u00e9 Meta AI, audio, photo, vid\u00e9o &#8211; Noir, Prizm\u2122 Noir Polaris\u00e9\n                <\/div>\n<div class=\"mt-4 hidden md:flex md:justify-between\">\n<div class=\"self-end\">\n<div class=\"mb-0 h-11 md:flex md:flex-col md:justify-center\">\n<div class=\" font-sans leading-4 text-black\">\n<div class=\"flex flex-wrap items-center justify-center gap-1 md:justify-start\">\n        <span class=\"font-bold\"><\/p>\n<p>            449,00\u00a0$<br \/>\n                            <span class=\"font-medium\">chez Amazon<\/span><br \/>\n                    <\/span>\n            <\/div>\n<\/p><\/div>\n<\/p><\/div>\n<\/p><\/div>\n<div class=\"w-44 self-end\">\n                            <button class=\"flex justify-center items-center w-full bg-brand-green text-white text-base font-sans font-medium rounded-md hover:bg-brand-green-700 hover:cursor-pointer md:text-sm h-11\"><\/p>\n<p>    Obtenez une offre<br \/>\n<\/button>\n                        <\/div>\n<\/p><\/div>\n<\/p><\/div>\n<div class=\"order-2 mt-5 h-auto w-full md:order-1 md:mt-0 md:hidden\">\n<div class=\"flex aspect-video items-center justify-center\">\n                                            <img decoding=\"async\" class=\"m-0 max-h-full max-w-full rounded-md\" src=\"https:\/\/vieassociative.be\/actualites\/wp-content\/uploads\/2025\/11\/La-derniere-mise-a-jour-des-lunettes-intelligentes-de-Meta.jpg\" alt=\"Oakley | Meta HSTN - avec compatibilit\u00e9 Meta AI, audio, photo, vid\u00e9o - Noir, Prizm\u2122 Noir Polaris\u00e9\" width=\"auto\" height=\"auto\" loading=\"lazy\">\n                                    <\/div>\n<\/p><\/div>\n<div class=\"order-2 ml-2 hidden w-32 shrink-0 items-center md:order-1 md:ml-0 md:flex\">\n<div class=\"flex aspect-video items-center justify-center\">\n                                            <img decoding=\"async\" class=\"m-0 max-h-full max-w-full rounded-md\" src=\"https:\/\/vieassociative.be\/actualites\/wp-content\/uploads\/2025\/11\/La-derniere-mise-a-jour-des-lunettes-intelligentes-de-Meta.jpg\" alt=\"Oakley | Meta HSTN - avec compatibilit\u00e9 Meta AI, audio, photo, vid\u00e9o - Noir, Prizm\u2122 Noir Polaris\u00e9\" width=\"auto\" height=\"auto\" loading=\"lazy\">\n                                    <\/div>\n<\/p><\/div>\n<div class=\"order-3 flex grow flex-wrap md:hidden md:grow-0\">\n<div class=\"mt-4 w-full\">\n                        <button class=\"flex justify-center items-center w-full bg-brand-green text-white text-base font-sans font-medium rounded-md hover:bg-brand-green-700 hover:cursor-pointer md:text-sm h-11\"><\/p>\n<p>    Obtenez une offre<br \/>\n<\/button>\n                    <\/div>\n<div class=\"mx-2 mt-4 w-full\">\n<div class=\" font-sans leading-4 text-black\">\n<div class=\"flex flex-wrap items-center justify-center gap-1 md:justify-start\">\n        <span class=\"font-bold\"><\/p>\n<p>            449,00\u00a0$<br \/>\n                            <span class=\"font-medium\">chez Amazon<\/span><br \/>\n                    <\/span>\n            <\/div>\n<\/p><\/div>\n<\/p><\/div>\n<\/p><\/div>\n<\/p><\/div>\n<\/div>\n<h2 id=\"how-to-update-your-meta-smart-glasses\">Comment mettre \u00e0 jour vos lunettes intelligentes Meta<\/h2>\n<p>Si vos lunettes Meta sont r\u00e9gl\u00e9es sur \u00ab\u00a0mise \u00e0 jour automatique\u00a0\u00bb, tout ce que vous avez \u00e0 faire est de vous assurer que vos sp\u00e9cifications sont aliment\u00e9es et sont connect\u00e9es \u00e0 votre t\u00e9l\u00e9phone via Bluetooth et qu&rsquo;elles seront automatiquement mises \u00e0 jour par liaison radio. Si vous souhaitez rechercher une mise \u00e0 jour manuellement, proc\u00e9dez comme suit\u00a0:<\/p>\n<ul>\n<li>\n<p>Ouvrez l&rsquo;application Meta AI.<\/p>\n<\/li>\n<li>\n<p>Cliquez sur l&rsquo;ic\u00f4ne des lunettes en haut \u00e0 droite.<\/p>\n<\/li>\n<li>\n<p>S\u00e9lectionnez l&rsquo;ic\u00f4ne d&rsquo;engrenage \u00e0 c\u00f4t\u00e9 des lunettes.<\/p>\n<\/li>\n<li>\n<p>Cliquez sur \u00ab\u00a0Mises \u00e0 jour\u00a0\u00bb<\/p>\n<\/li>\n<li>\n<p>Appuyez sur \u00ab\u00a0V\u00e9rifier\u00a0\u00bb pour voir si votre appareil est \u00e0 jour.<\/p>\n<\/li>\n<\/ul>\n<h2 id=\"metas-update-schedule-is-impressive\">Le calendrier de mise \u00e0 jour de Meta est impressionnant<\/h2>\n<p>Les Ray-Ban Metas sont mes lunettes \u00e0 porter au quotidien depuis plus d&rsquo;un an maintenant et elles sont mon choix pour les meilleures lunettes intelligentes du march\u00e9. L&rsquo;une des raisons pour lesquelles je les aime tant est que Meta fournit des mises \u00e0 jour logicielles r\u00e9guli\u00e8res. La soci\u00e9t\u00e9 apporte des correctifs et ajoute des fonctionnalit\u00e9s environ toutes les six \u00e0 huit semaines, et il s&rsquo;agit g\u00e9n\u00e9ralement d&rsquo;am\u00e9liorations notables.<\/p>\n<p>La mise \u00e0 jour d&rsquo;ao\u00fbt a ajout\u00e9 le relookage des photos par l&rsquo;IA et l&rsquo;int\u00e9gration des calendriers Google et Outlook, et la mise \u00e0 jour de mai a ajout\u00e9 des fonctionnalit\u00e9s d&rsquo;IA en direct et de traduction. Le rythme des mises \u00e0 jour est comparable \u00e0 celui d&rsquo;une plate-forme plut\u00f4t que d&rsquo;un gadget, ce qui donne \u00e0 ces lunettes intelligentes l&rsquo;impression d&rsquo;\u00eatre con\u00e7ues pour le long terme, au lieu d&rsquo;un gadget \u00ab achetez-en une cette ann\u00e9e, puis achetez-en une nouvelle l&rsquo;ann\u00e9e prochaine \u00bb. <\/p>\n","protected":false},"excerpt":{"rendered":"<p>Vos lunettes intelligentes deviennent plus intelligentes. Meta a commenc\u00e9 \u00e0 d\u00e9ployer sa derni\u00e8re mise \u00e0 jour du firmware pour ses lunettes intelligentes Ray-Ban et Oakley.<\/p>\n","protected":false},"author":1,"featured_media":11140,"comment_status":"","ping_status":"","sticky":false,"template":"","format":"standard","meta":{"footnotes":""},"categories":[13],"tags":[434,139,29,3685,5030,2170,53,3912,530,487,2183,110,1204],"class_list":["post-11139","post","type-post","status-publish","format-standard","has-post-thumbnail","hentry","category-technologie","tag-apporte","tag-derniere","tag-des","tag-garmin","tag-integration","tag-intelligentes","tag-jour","tag-lunettes","tag-meilleure","tag-meta","tag-mise","tag-une","tag-video","generate-columns","tablet-grid-50","mobile-grid-100","grid-parent","grid-33"],"yoast_head":"<!-- This site is optimized with the Yoast SEO plugin v24.0 - https:\/\/yoast.com\/wordpress\/plugins\/seo\/ -->\n<title>La derni\u00e8re mise \u00e0 jour des lunettes intelligentes de Meta apporte une meilleure int\u00e9gration vid\u00e9o et Garmin | Vie Associative<\/title>\n<meta name=\"robots\" content=\"index, follow, max-snippet:-1, max-image-preview:large, max-video-preview:-1\" \/>\n<link rel=\"canonical\" href=\"https:\/\/vieassociative.be\/actualites\/la-derniere-mise-a-jour-des-lunettes-intelligentes-de-meta-apporte-une-meilleure-integration-video-et-garmin\/\" \/>\n<meta property=\"og:locale\" content=\"fr_FR\" \/>\n<meta property=\"og:type\" content=\"article\" \/>\n<meta property=\"og:title\" content=\"La derni\u00e8re mise \u00e0 jour des lunettes intelligentes de Meta apporte une meilleure int\u00e9gration vid\u00e9o et Garmin | Vie Associative\" \/>\n<meta property=\"og:description\" content=\"Vos lunettes intelligentes deviennent plus intelligentes. Meta a commenc\u00e9 \u00e0 d\u00e9ployer sa derni\u00e8re mise \u00e0 jour du firmware pour ses lunettes intelligentes Ray-Ban et Oakley.\" \/>\n<meta property=\"og:url\" content=\"https:\/\/vieassociative.be\/actualites\/la-derniere-mise-a-jour-des-lunettes-intelligentes-de-meta-apporte-une-meilleure-integration-video-et-garmin\/\" \/>\n<meta property=\"og:site_name\" content=\"Vie Associative\" \/>\n<meta property=\"article:published_time\" content=\"2025-11-06T07:20:47+00:00\" \/>\n<meta property=\"og:image\" content=\"https:\/\/vieassociative.be\/actualites\/wp-content\/uploads\/2025\/05\/Voici-ce-que-jai-appris-apres-six-mois-de-port.jpg\" \/>\n<meta name=\"author\" content=\"Julien\" \/>\n<meta name=\"twitter:card\" content=\"summary_large_image\" \/>\n<meta name=\"twitter:label1\" content=\"\u00c9crit par\" \/>\n\t<meta name=\"twitter:data1\" content=\"Julien\" \/>\n\t<meta name=\"twitter:label2\" content=\"Dur\u00e9e de lecture est.\" \/>\n\t<meta name=\"twitter:data2\" content=\"3 minutes\" \/>\n<script type=\"application\/ld+json\" class=\"yoast-schema-graph\">{\"@context\":\"https:\/\/schema.org\",\"@graph\":[{\"@type\":\"Article\",\"@id\":\"https:\/\/vieassociative.be\/actualites\/la-derniere-mise-a-jour-des-lunettes-intelligentes-de-meta-apporte-une-meilleure-integration-video-et-garmin\/#article\",\"isPartOf\":{\"@id\":\"https:\/\/vieassociative.be\/actualites\/la-derniere-mise-a-jour-des-lunettes-intelligentes-de-meta-apporte-une-meilleure-integration-video-et-garmin\/\"},\"author\":{\"name\":\"Julien\",\"@id\":\"https:\/\/vieassociative.be\/actualites\/#\/schema\/person\/b87ac4f82f9d4e7b7cec7395b679edc4\"},\"headline\":\"La derni\u00e8re mise \u00e0 jour des lunettes intelligentes de Meta apporte une meilleure int\u00e9gration vid\u00e9o et Garmin\",\"datePublished\":\"2025-11-06T07:20:47+00:00\",\"dateModified\":\"2025-11-06T07:20:47+00:00\",\"mainEntityOfPage\":{\"@id\":\"https:\/\/vieassociative.be\/actualites\/la-derniere-mise-a-jour-des-lunettes-intelligentes-de-meta-apporte-une-meilleure-integration-video-et-garmin\/\"},\"wordCount\":584,\"publisher\":{\"@id\":\"https:\/\/vieassociative.be\/actualites\/#organization\"},\"image\":{\"@id\":\"https:\/\/vieassociative.be\/actualites\/la-derniere-mise-a-jour-des-lunettes-intelligentes-de-meta-apporte-une-meilleure-integration-video-et-garmin\/#primaryimage\"},\"thumbnailUrl\":\"https:\/\/vieassociative.be\/actualites\/wp-content\/uploads\/2025\/11\/La-derniere-mise-a-jour-des-lunettes-intelligentes-de-Meta.png\",\"keywords\":[\"apporte\",\"derni\u00e8re\",\"Des\",\"Garmin\",\"int\u00e9gration\",\"intelligentes\",\"jour\",\"lunettes\",\"meilleure\",\"Meta\",\"mise\",\"une\",\"vid\u00e9o\"],\"articleSection\":[\"Technologie\"],\"inLanguage\":\"fr-BE\"},{\"@type\":\"WebPage\",\"@id\":\"https:\/\/vieassociative.be\/actualites\/la-derniere-mise-a-jour-des-lunettes-intelligentes-de-meta-apporte-une-meilleure-integration-video-et-garmin\/\",\"url\":\"https:\/\/vieassociative.be\/actualites\/la-derniere-mise-a-jour-des-lunettes-intelligentes-de-meta-apporte-une-meilleure-integration-video-et-garmin\/\",\"name\":\"La derni\u00e8re mise \u00e0 jour des lunettes intelligentes de Meta apporte une meilleure int\u00e9gration vid\u00e9o et Garmin | Vie Associative\",\"isPartOf\":{\"@id\":\"https:\/\/vieassociative.be\/actualites\/#website\"},\"primaryImageOfPage\":{\"@id\":\"https:\/\/vieassociative.be\/actualites\/la-derniere-mise-a-jour-des-lunettes-intelligentes-de-meta-apporte-une-meilleure-integration-video-et-garmin\/#primaryimage\"},\"image\":{\"@id\":\"https:\/\/vieassociative.be\/actualites\/la-derniere-mise-a-jour-des-lunettes-intelligentes-de-meta-apporte-une-meilleure-integration-video-et-garmin\/#primaryimage\"},\"thumbnailUrl\":\"https:\/\/vieassociative.be\/actualites\/wp-content\/uploads\/2025\/11\/La-derniere-mise-a-jour-des-lunettes-intelligentes-de-Meta.png\",\"datePublished\":\"2025-11-06T07:20:47+00:00\",\"dateModified\":\"2025-11-06T07:20:47+00:00\",\"breadcrumb\":{\"@id\":\"https:\/\/vieassociative.be\/actualites\/la-derniere-mise-a-jour-des-lunettes-intelligentes-de-meta-apporte-une-meilleure-integration-video-et-garmin\/#breadcrumb\"},\"inLanguage\":\"fr-BE\",\"potentialAction\":[{\"@type\":\"ReadAction\",\"target\":[\"https:\/\/vieassociative.be\/actualites\/la-derniere-mise-a-jour-des-lunettes-intelligentes-de-meta-apporte-une-meilleure-integration-video-et-garmin\/\"]}]},{\"@type\":\"ImageObject\",\"inLanguage\":\"fr-BE\",\"@id\":\"https:\/\/vieassociative.be\/actualites\/la-derniere-mise-a-jour-des-lunettes-intelligentes-de-meta-apporte-une-meilleure-integration-video-et-garmin\/#primaryimage\",\"url\":\"https:\/\/vieassociative.be\/actualites\/wp-content\/uploads\/2025\/11\/La-derniere-mise-a-jour-des-lunettes-intelligentes-de-Meta.png\",\"contentUrl\":\"https:\/\/vieassociative.be\/actualites\/wp-content\/uploads\/2025\/11\/La-derniere-mise-a-jour-des-lunettes-intelligentes-de-Meta.png\",\"width\":1200,\"height\":675,\"caption\":\"La derni\u00e8re mise \u00e0 jour des lunettes intelligentes de Meta apporte une meilleure int\u00e9gration vid\u00e9o et Garmin\"},{\"@type\":\"BreadcrumbList\",\"@id\":\"https:\/\/vieassociative.be\/actualites\/la-derniere-mise-a-jour-des-lunettes-intelligentes-de-meta-apporte-une-meilleure-integration-video-et-garmin\/#breadcrumb\",\"itemListElement\":[{\"@type\":\"ListItem\",\"position\":1,\"name\":\"Accueil\",\"item\":\"https:\/\/vieassociative.be\/actualites\/\"},{\"@type\":\"ListItem\",\"position\":2,\"name\":\"La derni\u00e8re mise \u00e0 jour des lunettes intelligentes de Meta apporte une meilleure int\u00e9gration vid\u00e9o et Garmin\"}]},{\"@type\":\"WebSite\",\"@id\":\"https:\/\/vieassociative.be\/actualites\/#website\",\"url\":\"https:\/\/vieassociative.be\/actualites\/\",\"name\":\"Vie Associative\",\"description\":\"\",\"publisher\":{\"@id\":\"https:\/\/vieassociative.be\/actualites\/#organization\"},\"potentialAction\":[{\"@type\":\"SearchAction\",\"target\":{\"@type\":\"EntryPoint\",\"urlTemplate\":\"https:\/\/vieassociative.be\/actualites\/?s={search_term_string}\"},\"query-input\":{\"@type\":\"PropertyValueSpecification\",\"valueRequired\":true,\"valueName\":\"search_term_string\"}}],\"inLanguage\":\"fr-BE\"},{\"@type\":\"Organization\",\"@id\":\"https:\/\/vieassociative.be\/actualites\/#organization\",\"name\":\"Vie Associative\",\"url\":\"https:\/\/vieassociative.be\/actualites\/\",\"logo\":{\"@type\":\"ImageObject\",\"inLanguage\":\"fr-BE\",\"@id\":\"https:\/\/vieassociative.be\/actualites\/#\/schema\/logo\/image\/\",\"url\":\"https:\/\/vieassociative.be\/actualites\/wp-content\/uploads\/2024\/09\/cropped-vieassociative_favicon.ico.png\",\"contentUrl\":\"https:\/\/vieassociative.be\/actualites\/wp-content\/uploads\/2024\/09\/cropped-vieassociative_favicon.ico.png\",\"width\":512,\"height\":512,\"caption\":\"Vie Associative\"},\"image\":{\"@id\":\"https:\/\/vieassociative.be\/actualites\/#\/schema\/logo\/image\/\"}},{\"@type\":\"Person\",\"@id\":\"https:\/\/vieassociative.be\/actualites\/#\/schema\/person\/b87ac4f82f9d4e7b7cec7395b679edc4\",\"name\":\"Julien\",\"image\":{\"@type\":\"ImageObject\",\"inLanguage\":\"fr-BE\",\"@id\":\"https:\/\/vieassociative.be\/actualites\/#\/schema\/person\/image\/\",\"url\":\"https:\/\/vieassociative.be\/actualites\/wp-content\/uploads\/2024\/09\/vie-associative-1-150x150.jpg\",\"contentUrl\":\"https:\/\/vieassociative.be\/actualites\/wp-content\/uploads\/2024\/09\/vie-associative-1-150x150.jpg\",\"caption\":\"Julien\"},\"description\":\"Je suis Julien, r\u00e9dacteur pour Vie Associative. Passionn\u00e9 par le monde associatif depuis plus de 10 ans, j'ai \u00e0 c\u0153ur de partager des histoires inspirantes et de mettre en lumi\u00e8re les initiatives locales. Mon objectif est de sensibiliser et d'encourager l'engagement communautaire \u00e0 travers mes articles.\",\"sameAs\":[\"https:\/\/vieassociative.be\/\"]}]}<\/script>\n<!-- \/ Yoast SEO plugin. -->","yoast_head_json":{"title":"La derni\u00e8re mise \u00e0 jour des lunettes intelligentes de Meta apporte une meilleure int\u00e9gration vid\u00e9o et Garmin | Vie Associative","robots":{"index":"index","follow":"follow","max-snippet":"max-snippet:-1","max-image-preview":"max-image-preview:large","max-video-preview":"max-video-preview:-1"},"canonical":"https:\/\/vieassociative.be\/actualites\/la-derniere-mise-a-jour-des-lunettes-intelligentes-de-meta-apporte-une-meilleure-integration-video-et-garmin\/","og_locale":"fr_FR","og_type":"article","og_title":"La derni\u00e8re mise \u00e0 jour des lunettes intelligentes de Meta apporte une meilleure int\u00e9gration vid\u00e9o et Garmin | Vie Associative","og_description":"Vos lunettes intelligentes deviennent plus intelligentes. Meta a commenc\u00e9 \u00e0 d\u00e9ployer sa derni\u00e8re mise \u00e0 jour du firmware pour ses lunettes intelligentes Ray-Ban et Oakley.","og_url":"https:\/\/vieassociative.be\/actualites\/la-derniere-mise-a-jour-des-lunettes-intelligentes-de-meta-apporte-une-meilleure-integration-video-et-garmin\/","og_site_name":"Vie Associative","article_published_time":"2025-11-06T07:20:47+00:00","og_image":[{"url":"https:\/\/vieassociative.be\/actualites\/wp-content\/uploads\/2025\/05\/Voici-ce-que-jai-appris-apres-six-mois-de-port.jpg","type":"","width":"","height":""}],"author":"Julien","twitter_card":"summary_large_image","twitter_misc":{"\u00c9crit par":"Julien","Dur\u00e9e de lecture est.":"3 minutes"},"schema":{"@context":"https:\/\/schema.org","@graph":[{"@type":"Article","@id":"https:\/\/vieassociative.be\/actualites\/la-derniere-mise-a-jour-des-lunettes-intelligentes-de-meta-apporte-une-meilleure-integration-video-et-garmin\/#article","isPartOf":{"@id":"https:\/\/vieassociative.be\/actualites\/la-derniere-mise-a-jour-des-lunettes-intelligentes-de-meta-apporte-une-meilleure-integration-video-et-garmin\/"},"author":{"name":"Julien","@id":"https:\/\/vieassociative.be\/actualites\/#\/schema\/person\/b87ac4f82f9d4e7b7cec7395b679edc4"},"headline":"La derni\u00e8re mise \u00e0 jour des lunettes intelligentes de Meta apporte une meilleure int\u00e9gration vid\u00e9o et Garmin","datePublished":"2025-11-06T07:20:47+00:00","dateModified":"2025-11-06T07:20:47+00:00","mainEntityOfPage":{"@id":"https:\/\/vieassociative.be\/actualites\/la-derniere-mise-a-jour-des-lunettes-intelligentes-de-meta-apporte-une-meilleure-integration-video-et-garmin\/"},"wordCount":584,"publisher":{"@id":"https:\/\/vieassociative.be\/actualites\/#organization"},"image":{"@id":"https:\/\/vieassociative.be\/actualites\/la-derniere-mise-a-jour-des-lunettes-intelligentes-de-meta-apporte-une-meilleure-integration-video-et-garmin\/#primaryimage"},"thumbnailUrl":"https:\/\/vieassociative.be\/actualites\/wp-content\/uploads\/2025\/11\/La-derniere-mise-a-jour-des-lunettes-intelligentes-de-Meta.png","keywords":["apporte","derni\u00e8re","Des","Garmin","int\u00e9gration","intelligentes","jour","lunettes","meilleure","Meta","mise","une","vid\u00e9o"],"articleSection":["Technologie"],"inLanguage":"fr-BE"},{"@type":"WebPage","@id":"https:\/\/vieassociative.be\/actualites\/la-derniere-mise-a-jour-des-lunettes-intelligentes-de-meta-apporte-une-meilleure-integration-video-et-garmin\/","url":"https:\/\/vieassociative.be\/actualites\/la-derniere-mise-a-jour-des-lunettes-intelligentes-de-meta-apporte-une-meilleure-integration-video-et-garmin\/","name":"La derni\u00e8re mise \u00e0 jour des lunettes intelligentes de Meta apporte une meilleure int\u00e9gration vid\u00e9o et Garmin | Vie Associative","isPartOf":{"@id":"https:\/\/vieassociative.be\/actualites\/#website"},"primaryImageOfPage":{"@id":"https:\/\/vieassociative.be\/actualites\/la-derniere-mise-a-jour-des-lunettes-intelligentes-de-meta-apporte-une-meilleure-integration-video-et-garmin\/#primaryimage"},"image":{"@id":"https:\/\/vieassociative.be\/actualites\/la-derniere-mise-a-jour-des-lunettes-intelligentes-de-meta-apporte-une-meilleure-integration-video-et-garmin\/#primaryimage"},"thumbnailUrl":"https:\/\/vieassociative.be\/actualites\/wp-content\/uploads\/2025\/11\/La-derniere-mise-a-jour-des-lunettes-intelligentes-de-Meta.png","datePublished":"2025-11-06T07:20:47+00:00","dateModified":"2025-11-06T07:20:47+00:00","breadcrumb":{"@id":"https:\/\/vieassociative.be\/actualites\/la-derniere-mise-a-jour-des-lunettes-intelligentes-de-meta-apporte-une-meilleure-integration-video-et-garmin\/#breadcrumb"},"inLanguage":"fr-BE","potentialAction":[{"@type":"ReadAction","target":["https:\/\/vieassociative.be\/actualites\/la-derniere-mise-a-jour-des-lunettes-intelligentes-de-meta-apporte-une-meilleure-integration-video-et-garmin\/"]}]},{"@type":"ImageObject","inLanguage":"fr-BE","@id":"https:\/\/vieassociative.be\/actualites\/la-derniere-mise-a-jour-des-lunettes-intelligentes-de-meta-apporte-une-meilleure-integration-video-et-garmin\/#primaryimage","url":"https:\/\/vieassociative.be\/actualites\/wp-content\/uploads\/2025\/11\/La-derniere-mise-a-jour-des-lunettes-intelligentes-de-Meta.png","contentUrl":"https:\/\/vieassociative.be\/actualites\/wp-content\/uploads\/2025\/11\/La-derniere-mise-a-jour-des-lunettes-intelligentes-de-Meta.png","width":1200,"height":675,"caption":"La derni\u00e8re mise \u00e0 jour des lunettes intelligentes de Meta apporte une meilleure int\u00e9gration vid\u00e9o et Garmin"},{"@type":"BreadcrumbList","@id":"https:\/\/vieassociative.be\/actualites\/la-derniere-mise-a-jour-des-lunettes-intelligentes-de-meta-apporte-une-meilleure-integration-video-et-garmin\/#breadcrumb","itemListElement":[{"@type":"ListItem","position":1,"name":"Accueil","item":"https:\/\/vieassociative.be\/actualites\/"},{"@type":"ListItem","position":2,"name":"La derni\u00e8re mise \u00e0 jour des lunettes intelligentes de Meta apporte une meilleure int\u00e9gration vid\u00e9o et Garmin"}]},{"@type":"WebSite","@id":"https:\/\/vieassociative.be\/actualites\/#website","url":"https:\/\/vieassociative.be\/actualites\/","name":"Vie Associative","description":"","publisher":{"@id":"https:\/\/vieassociative.be\/actualites\/#organization"},"potentialAction":[{"@type":"SearchAction","target":{"@type":"EntryPoint","urlTemplate":"https:\/\/vieassociative.be\/actualites\/?s={search_term_string}"},"query-input":{"@type":"PropertyValueSpecification","valueRequired":true,"valueName":"search_term_string"}}],"inLanguage":"fr-BE"},{"@type":"Organization","@id":"https:\/\/vieassociative.be\/actualites\/#organization","name":"Vie Associative","url":"https:\/\/vieassociative.be\/actualites\/","logo":{"@type":"ImageObject","inLanguage":"fr-BE","@id":"https:\/\/vieassociative.be\/actualites\/#\/schema\/logo\/image\/","url":"https:\/\/vieassociative.be\/actualites\/wp-content\/uploads\/2024\/09\/cropped-vieassociative_favicon.ico.png","contentUrl":"https:\/\/vieassociative.be\/actualites\/wp-content\/uploads\/2024\/09\/cropped-vieassociative_favicon.ico.png","width":512,"height":512,"caption":"Vie Associative"},"image":{"@id":"https:\/\/vieassociative.be\/actualites\/#\/schema\/logo\/image\/"}},{"@type":"Person","@id":"https:\/\/vieassociative.be\/actualites\/#\/schema\/person\/b87ac4f82f9d4e7b7cec7395b679edc4","name":"Julien","image":{"@type":"ImageObject","inLanguage":"fr-BE","@id":"https:\/\/vieassociative.be\/actualites\/#\/schema\/person\/image\/","url":"https:\/\/vieassociative.be\/actualites\/wp-content\/uploads\/2024\/09\/vie-associative-1-150x150.jpg","contentUrl":"https:\/\/vieassociative.be\/actualites\/wp-content\/uploads\/2024\/09\/vie-associative-1-150x150.jpg","caption":"Julien"},"description":"Je suis Julien, r\u00e9dacteur pour Vie Associative. Passionn\u00e9 par le monde associatif depuis plus de 10 ans, j'ai \u00e0 c\u0153ur de partager des histoires inspirantes et de mettre en lumi\u00e8re les initiatives locales. Mon objectif est de sensibiliser et d'encourager l'engagement communautaire \u00e0 travers mes articles.","sameAs":["https:\/\/vieassociative.be\/"]}]}},"_links":{"self":[{"href":"https:\/\/vieassociative.be\/actualites\/wp-json\/wp\/v2\/posts\/11139"}],"collection":[{"href":"https:\/\/vieassociative.be\/actualites\/wp-json\/wp\/v2\/posts"}],"about":[{"href":"https:\/\/vieassociative.be\/actualites\/wp-json\/wp\/v2\/types\/post"}],"author":[{"embeddable":true,"href":"https:\/\/vieassociative.be\/actualites\/wp-json\/wp\/v2\/users\/1"}],"replies":[{"embeddable":true,"href":"https:\/\/vieassociative.be\/actualites\/wp-json\/wp\/v2\/comments?post=11139"}],"version-history":[{"count":0,"href":"https:\/\/vieassociative.be\/actualites\/wp-json\/wp\/v2\/posts\/11139\/revisions"}],"wp:featuredmedia":[{"embeddable":true,"href":"https:\/\/vieassociative.be\/actualites\/wp-json\/wp\/v2\/media\/11140"}],"wp:attachment":[{"href":"https:\/\/vieassociative.be\/actualites\/wp-json\/wp\/v2\/media?parent=11139"}],"wp:term":[{"taxonomy":"category","embeddable":true,"href":"https:\/\/vieassociative.be\/actualites\/wp-json\/wp\/v2\/categories?post=11139"},{"taxonomy":"post_tag","embeddable":true,"href":"https:\/\/vieassociative.be\/actualites\/wp-json\/wp\/v2\/tags?post=11139"}],"curies":[{"name":"wp","href":"https:\/\/api.w.org\/{rel}","templated":true}]}}