{"id":11136,"date":"2025-11-06T03:17:08","date_gmt":"2025-11-06T02:17:08","guid":{"rendered":"https:\/\/vieassociative.be\/actualites\/33-le-fc-bruges-apprend-au-fc-barcelone-a-avoir-peur-le-var-empeche-meme-le-but-vainqueur-dans-les-arrets-de-jeu\/"},"modified":"2025-11-06T03:17:08","modified_gmt":"2025-11-06T02:17:08","slug":"33-le-fc-bruges-apprend-au-fc-barcelone-a-avoir-peur-le-var-empeche-meme-le-but-vainqueur-dans-les-arrets-de-jeu","status":"publish","type":"post","link":"https:\/\/vieassociative.be\/actualites\/33-le-fc-bruges-apprend-au-fc-barcelone-a-avoir-peur-le-var-empeche-meme-le-but-vainqueur-dans-les-arrets-de-jeu\/","title":{"rendered":"3:3 \u2013 Le FC Bruges apprend au FC Barcelone \u00e0 avoir peur \u2013 Le VAR emp\u00eache m\u00eame le but vainqueur dans les arr\u00eats de jeu"},"content":{"rendered":"<p><strong>Le FC Bruges a prouv\u00e9 une fois de plus mercredi qu&rsquo;il n&rsquo;a pas \u00e0 craindre d&rsquo;adversaires dans son stade Jan Breydel. Le vice-champion belge a obtenu un match nul 3-3 en phase de championnat de la Ligue des Champions contre le FC Barcelone apr\u00e8s un match spectaculaire.<\/strong><\/p>\n<p><span id=\"more-429021\"><\/span>D\u00e8s le d\u00e9but, les Brugeois ont montr\u00e9 qu\u2019ils ne se laisseraient pas intimider. Tzolis attire l&rsquo;attention d&rsquo;un tir sans r\u00e9el danger. Une premi\u00e8re offensive fut couronn\u00e9e de succ\u00e8s. Forbs a commenc\u00e9 sur la ligne de hors-jeu et a nourri Tresoldi. L&rsquo;Allemand, pr\u00e9f\u00e9r\u00e9 \u00e0 Vermant, a mis son \u00e9quipe en t\u00eate (6e).<\/p>\n<p>La joie dans le camp de l&rsquo;\u00e9quipe locale \u00e9tait grande, mais de courte dur\u00e9e. Apr\u00e8s une contre-attaque bien ex\u00e9cut\u00e9e, Torres \u00e9galisait rapidement (8e). Apr\u00e8s ce d\u00e9but intense, le jeu s&rsquo;est un peu calm\u00e9. Les invit\u00e9s ont essay\u00e9 de laisser courir le ballon. Sans grand danger.<\/p>\n<div id=\"attachment_429030\" class=\"wp-caption alignleft\" style=\"max-width: 300px\"><img fetchpriority=\"high\" decoding=\"async\" class=\"wp-image-429030 size-medium\" src=\"https:\/\/vieassociative.be\/actualites\/wp-content\/uploads\/2025\/11\/33-\u2013-Le-FC-Bruges-apprend-au-FC-Barcelone-a.jpg\" alt=\"\" width=\"300\" height=\"200\"><\/div>\n<p>C&rsquo;est m\u00eame \u00ab Blauw en Zwart \u00bb qui a repris la t\u00eate du classement. Apr\u00e8s un corner des Catalans, Vanaken and Co. s&rsquo;en sortait bien. Forbs et Tzolis combinaient avant que les Portugais ne d\u00e9jouent le gardien barcelonais Szcz\u0119sny (17e).<\/p>\n<p>Cette fois, les prot\u00e9g\u00e9s du coach Nicky Hayen ont mieux r\u00e9sist\u00e9 et ont conserv\u00e9 l&rsquo;avantage 2-1 jusqu&rsquo;\u00e0 la pause.<\/p>\n<p>Apr\u00e8s la pause, les choses sont all\u00e9es dans tous les sens. Le ballon passait d&rsquo;un c\u00f4t\u00e9 \u00e0 l&rsquo;autre et les occasions de marquer se multipliaient. Seys manque de peu de prendre l&rsquo;avantage, tandis que Jackers se jette r\u00e9solument devant Yam. Le gardien, qui s&rsquo;en sortait bien dans le jeu, a \u00e9t\u00e9 sauv\u00e9 par sa barre transversale un peu plus tard.<\/p>\n<p>Cependant, si Yamal faisait cavalier seul, personne ne pourrait rien faire. L&rsquo;Espagnol traverse la d\u00e9fense brugeoise avec une \u00e9l\u00e9gance incroyable et \u00e9galise (61e).<\/p>\n<\/p>\n<div id=\"attachment_429031\" class=\"wp-caption alignleft\" style=\"max-width: 300px\"><img decoding=\"async\" class=\"wp-image-429031 size-medium\" src=\"https:\/\/vieassociative.be\/actualites\/wp-content\/uploads\/2025\/11\/1762395428_857_33-\u2013-Le-FC-Bruges-apprend-au-FC-Barcelone-a.jpg\" alt=\"\" width=\"300\" height=\"200\"><\/div>\n<p>Les Brugeois ne se laissent pas abattre par ce revers. Au contraire. Malgr\u00e9 un gros rat\u00e9 peu avant, Forbs profitait d&rsquo;une belle passe de Vanaken (62e) pour remettre le FC Bruges en t\u00eate, 3-2.<\/p>\n<p>Les Blaugrana, qui n&rsquo;ont pas r\u00e9ussi \u00e0 contr\u00f4ler leur adversaire, ont d\u00fb attaquer \u00e0 nouveau. Les Belges ont fait preuve de courage et se sont d\u00e9fendus contre le d\u00e9sastre imminent. Une solidarit\u00e9 qui n&rsquo;a toutefois pas \u00e9t\u00e9 r\u00e9compens\u00e9e puisque Tzolis a inscrit un but contre son camp de la t\u00eate, 3:3 (77e).<\/p>\n<p>La fin de partie a \u00e9t\u00e9 plut\u00f4t chaotique. Le rempla\u00e7ant Vermant pensait avoir enfin lib\u00e9r\u00e9 son \u00e9quipe, mais son but fut refus\u00e9 pour une faute sur Szcz\u0119sny. Ainsi, au coup de sifflet final, l&rsquo;\u00e9quipe de Bruges ne savait pas vraiment si elle devait \u00eatre heureuse du match nul ou en col\u00e8re de rater une victoire.<\/p>\n<p>Au classement apr\u00e8s la mi-match de championnat, le FC Bruges occupe la 22\u00e8me place. Les quatre prochains adversaires sont le Sporting Lisbonne (A), Arsenal Londres (H), le Kairat Almaty (A) et l&rsquo;Olympique de Marseille (H). Cela signifie que le vice-champion belge a de r\u00e9elles chances d&rsquo;acc\u00e9der aux playoffs, tout comme la saison derni\u00e8re, pour lesquels les \u00e9quipes class\u00e9es 9 \u00e0 24 sont qualifi\u00e9es. (cr\u00e9er)<\/p>\n<p><em><strong>Sur le sujet, voir aussi l&rsquo;article suivant sur l&rsquo;OD :<\/strong><\/em><\/p>\n<div class=\"responsive-embed widescreen\">\n<blockquote class=\"wp-embedded-content\" data-secret=\"xzRpl4WFJb\">\n<p>Malgr\u00e9 le rouge pour Diaz, le FC Bayern s&rsquo;est impos\u00e9 2-1 au Paris SG \u2013 l&rsquo;Union a perdu honorablement 1-3 \u00e0 Madrid<\/p>\n<\/blockquote>\n<p><iframe loading=\"lazy\" class=\"wp-embedded-content\" sandbox=\"allow-scripts\" security=\"restricted\" style=\"position: absolute; visibility: hidden;\" title=\"\u201eFC Bayern siegt trotz Rot f\u00fcr Diaz 2:1 bei Paris SG \u2013 Union verliert ehrenvoll 1:3 in Madrid\u201c \u2014 Ostbelgien Direkt\" src=\"https:\/\/ostbelgiendirekt.be\/about:blank\" data-secret=\"xzRpl4WFJb\" width=\"500\" height=\"282\" frameborder=\"0\" marginwidth=\"0\" marginheight=\"0\" scrolling=\"no\" data-rocket-lazyload=\"fitvidscompatible\" data-lazy-src=\"https:\/\/ostbelgiendirekt.be\/bayern-siegt-union-verliert-428938\/embed#?secret=WEpxB0IXhb#?secret=xzRpl4WFJb\"><\/iframe><noscript><iframe class=\"wp-embedded-content\" sandbox=\"allow-scripts\" security=\"restricted\" style=\"position: absolute; visibility: hidden;\" title=\"\u201eFC Bayern siegt trotz Rot f\u00fcr Diaz 2:1 bei Paris SG \u2013 Union verliert ehrenvoll 1:3 in Madrid\u201c \u2014 Ostbelgien Direkt\" src=\"https:\/\/ostbelgiendirekt.be\/bayern-siegt-union-verliert-428938\/embed#?secret=WEpxB0IXhb#?secret=xzRpl4WFJb\" data-secret=\"xzRpl4WFJb\" width=\"500\" height=\"282\" frameborder=\"0\" marginwidth=\"0\" marginheight=\"0\" scrolling=\"no\"><\/iframe><\/noscript><\/p>\n<\/div>\n","protected":false},"excerpt":{"rendered":"<p>Le FC Bruges a prouv\u00e9 une fois de plus mercredi qu&rsquo;il n&rsquo;a pas \u00e0 craindre d&rsquo;adversaires dans son stade Jan Breydel. Le vice-champion belge a<\/p>\n","protected":false},"author":1,"featured_media":11137,"comment_status":"","ping_status":"","sticky":false,"template":"","format":"standard","meta":{"footnotes":""},"categories":[298],"tags":[9159,9161,224,371,2851,166,4924,477,14,891,1923,3641,9160],"class_list":["post-11136","post","type-post","status-publish","format-standard","has-post-thumbnail","hentry","category-belgique","tag-apprend","tag-arrets","tag-avoir","tag-barcelone","tag-bruges","tag-dans","tag-empeche","tag-jeu","tag-les","tag-meme","tag-peur","tag-vainqueur","tag-var","generate-columns","tablet-grid-50","mobile-grid-100","grid-parent","grid-33"],"yoast_head":"<!-- This site is optimized with the Yoast SEO plugin v24.0 - https:\/\/yoast.com\/wordpress\/plugins\/seo\/ -->\n<title>3:3 \u2013 Le FC Bruges apprend au FC Barcelone \u00e0 avoir peur \u2013 Le VAR emp\u00eache m\u00eame le but vainqueur dans les arr\u00eats de jeu | Vie Associative<\/title>\n<meta name=\"robots\" content=\"index, follow, max-snippet:-1, max-image-preview:large, max-video-preview:-1\" \/>\n<link rel=\"canonical\" href=\"https:\/\/vieassociative.be\/actualites\/33-le-fc-bruges-apprend-au-fc-barcelone-a-avoir-peur-le-var-empeche-meme-le-but-vainqueur-dans-les-arrets-de-jeu\/\" \/>\n<meta property=\"og:locale\" content=\"fr_FR\" \/>\n<meta property=\"og:type\" content=\"article\" \/>\n<meta property=\"og:title\" content=\"3:3 \u2013 Le FC Bruges apprend au FC Barcelone \u00e0 avoir peur \u2013 Le VAR emp\u00eache m\u00eame le but vainqueur dans les arr\u00eats de jeu | Vie Associative\" \/>\n<meta property=\"og:description\" content=\"Le FC Bruges a prouv\u00e9 une fois de plus mercredi qu&rsquo;il n&rsquo;a pas \u00e0 craindre d&rsquo;adversaires dans son stade Jan Breydel. Le vice-champion belge a\" \/>\n<meta property=\"og:url\" content=\"https:\/\/vieassociative.be\/actualites\/33-le-fc-bruges-apprend-au-fc-barcelone-a-avoir-peur-le-var-empeche-meme-le-but-vainqueur-dans-les-arrets-de-jeu\/\" \/>\n<meta property=\"og:site_name\" content=\"Vie Associative\" \/>\n<meta property=\"article:published_time\" content=\"2025-11-06T02:17:08+00:00\" \/>\n<meta property=\"og:image\" content=\"https:\/\/vieassociative.be\/actualites\/wp-content\/uploads\/2024\/09\/header_backgroundk-01-e1726694325946.png\" \/>\n\t<meta property=\"og:image:width\" content=\"279\" \/>\n\t<meta property=\"og:image:height\" content=\"92\" \/>\n\t<meta property=\"og:image:type\" content=\"image\/png\" \/>\n<meta name=\"author\" content=\"Julien\" \/>\n<meta name=\"twitter:card\" content=\"summary_large_image\" \/>\n<meta name=\"twitter:label1\" content=\"\u00c9crit par\" \/>\n\t<meta name=\"twitter:data1\" content=\"Julien\" \/>\n\t<meta name=\"twitter:label2\" content=\"Dur\u00e9e de lecture est.\" \/>\n\t<meta name=\"twitter:data2\" content=\"3 minutes\" \/>\n<script type=\"application\/ld+json\" class=\"yoast-schema-graph\">{\"@context\":\"https:\/\/schema.org\",\"@graph\":[{\"@type\":\"Article\",\"@id\":\"https:\/\/vieassociative.be\/actualites\/33-le-fc-bruges-apprend-au-fc-barcelone-a-avoir-peur-le-var-empeche-meme-le-but-vainqueur-dans-les-arrets-de-jeu\/#article\",\"isPartOf\":{\"@id\":\"https:\/\/vieassociative.be\/actualites\/33-le-fc-bruges-apprend-au-fc-barcelone-a-avoir-peur-le-var-empeche-meme-le-but-vainqueur-dans-les-arrets-de-jeu\/\"},\"author\":{\"name\":\"Julien\",\"@id\":\"https:\/\/vieassociative.be\/actualites\/#\/schema\/person\/b87ac4f82f9d4e7b7cec7395b679edc4\"},\"headline\":\"3:3 \u2013 Le FC Bruges apprend au FC Barcelone \u00e0 avoir peur \u2013 Le VAR emp\u00eache m\u00eame le but vainqueur dans les arr\u00eats de jeu\",\"datePublished\":\"2025-11-06T02:17:08+00:00\",\"dateModified\":\"2025-11-06T02:17:08+00:00\",\"mainEntityOfPage\":{\"@id\":\"https:\/\/vieassociative.be\/actualites\/33-le-fc-bruges-apprend-au-fc-barcelone-a-avoir-peur-le-var-empeche-meme-le-but-vainqueur-dans-les-arrets-de-jeu\/\"},\"wordCount\":610,\"publisher\":{\"@id\":\"https:\/\/vieassociative.be\/actualites\/#organization\"},\"image\":{\"@id\":\"https:\/\/vieassociative.be\/actualites\/33-le-fc-bruges-apprend-au-fc-barcelone-a-avoir-peur-le-var-empeche-meme-le-but-vainqueur-dans-les-arrets-de-jeu\/#primaryimage\"},\"thumbnailUrl\":\"https:\/\/vieassociative.be\/actualites\/wp-content\/uploads\/2025\/11\/1762395428_33-\u2013-Le-FC-Bruges-apprend-au-FC-Barcelone-a.jpg\",\"keywords\":[\"apprend\",\"arr\u00eats\",\"avoir\",\"Barcelone\",\"Bruges\",\"dans\",\"emp\u00eache\",\"jeu\",\"Les\",\"m\u00eame\",\"peur\",\"vainqueur\",\"VAR\"],\"articleSection\":[\"Belgique\"],\"inLanguage\":\"fr-BE\"},{\"@type\":\"WebPage\",\"@id\":\"https:\/\/vieassociative.be\/actualites\/33-le-fc-bruges-apprend-au-fc-barcelone-a-avoir-peur-le-var-empeche-meme-le-but-vainqueur-dans-les-arrets-de-jeu\/\",\"url\":\"https:\/\/vieassociative.be\/actualites\/33-le-fc-bruges-apprend-au-fc-barcelone-a-avoir-peur-le-var-empeche-meme-le-but-vainqueur-dans-les-arrets-de-jeu\/\",\"name\":\"3:3 \u2013 Le FC Bruges apprend au FC Barcelone \u00e0 avoir peur \u2013 Le VAR emp\u00eache m\u00eame le but vainqueur dans les arr\u00eats de jeu | Vie Associative\",\"isPartOf\":{\"@id\":\"https:\/\/vieassociative.be\/actualites\/#website\"},\"primaryImageOfPage\":{\"@id\":\"https:\/\/vieassociative.be\/actualites\/33-le-fc-bruges-apprend-au-fc-barcelone-a-avoir-peur-le-var-empeche-meme-le-but-vainqueur-dans-les-arrets-de-jeu\/#primaryimage\"},\"image\":{\"@id\":\"https:\/\/vieassociative.be\/actualites\/33-le-fc-bruges-apprend-au-fc-barcelone-a-avoir-peur-le-var-empeche-meme-le-but-vainqueur-dans-les-arrets-de-jeu\/#primaryimage\"},\"thumbnailUrl\":\"https:\/\/vieassociative.be\/actualites\/wp-content\/uploads\/2025\/11\/1762395428_33-\u2013-Le-FC-Bruges-apprend-au-FC-Barcelone-a.jpg\",\"datePublished\":\"2025-11-06T02:17:08+00:00\",\"dateModified\":\"2025-11-06T02:17:08+00:00\",\"breadcrumb\":{\"@id\":\"https:\/\/vieassociative.be\/actualites\/33-le-fc-bruges-apprend-au-fc-barcelone-a-avoir-peur-le-var-empeche-meme-le-but-vainqueur-dans-les-arrets-de-jeu\/#breadcrumb\"},\"inLanguage\":\"fr-BE\",\"potentialAction\":[{\"@type\":\"ReadAction\",\"target\":[\"https:\/\/vieassociative.be\/actualites\/33-le-fc-bruges-apprend-au-fc-barcelone-a-avoir-peur-le-var-empeche-meme-le-but-vainqueur-dans-les-arrets-de-jeu\/\"]}]},{\"@type\":\"ImageObject\",\"inLanguage\":\"fr-BE\",\"@id\":\"https:\/\/vieassociative.be\/actualites\/33-le-fc-bruges-apprend-au-fc-barcelone-a-avoir-peur-le-var-empeche-meme-le-but-vainqueur-dans-les-arrets-de-jeu\/#primaryimage\",\"url\":\"https:\/\/vieassociative.be\/actualites\/wp-content\/uploads\/2025\/11\/1762395428_33-\u2013-Le-FC-Bruges-apprend-au-FC-Barcelone-a.jpg\",\"contentUrl\":\"https:\/\/vieassociative.be\/actualites\/wp-content\/uploads\/2025\/11\/1762395428_33-\u2013-Le-FC-Bruges-apprend-au-FC-Barcelone-a.jpg\",\"width\":1200,\"height\":801,\"caption\":\"3:3 \u2013 Le FC Bruges apprend au FC Barcelone \u00e0 avoir peur \u2013 Le VAR emp\u00eache m\u00eame le but vainqueur dans les arr\u00eats de jeu\"},{\"@type\":\"BreadcrumbList\",\"@id\":\"https:\/\/vieassociative.be\/actualites\/33-le-fc-bruges-apprend-au-fc-barcelone-a-avoir-peur-le-var-empeche-meme-le-but-vainqueur-dans-les-arrets-de-jeu\/#breadcrumb\",\"itemListElement\":[{\"@type\":\"ListItem\",\"position\":1,\"name\":\"Accueil\",\"item\":\"https:\/\/vieassociative.be\/actualites\/\"},{\"@type\":\"ListItem\",\"position\":2,\"name\":\"3:3 \u2013 Le FC Bruges apprend au FC Barcelone \u00e0 avoir peur \u2013 Le VAR emp\u00eache m\u00eame le but vainqueur dans les arr\u00eats de jeu\"}]},{\"@type\":\"WebSite\",\"@id\":\"https:\/\/vieassociative.be\/actualites\/#website\",\"url\":\"https:\/\/vieassociative.be\/actualites\/\",\"name\":\"Vie Associative\",\"description\":\"\",\"publisher\":{\"@id\":\"https:\/\/vieassociative.be\/actualites\/#organization\"},\"potentialAction\":[{\"@type\":\"SearchAction\",\"target\":{\"@type\":\"EntryPoint\",\"urlTemplate\":\"https:\/\/vieassociative.be\/actualites\/?s={search_term_string}\"},\"query-input\":{\"@type\":\"PropertyValueSpecification\",\"valueRequired\":true,\"valueName\":\"search_term_string\"}}],\"inLanguage\":\"fr-BE\"},{\"@type\":\"Organization\",\"@id\":\"https:\/\/vieassociative.be\/actualites\/#organization\",\"name\":\"Vie Associative\",\"url\":\"https:\/\/vieassociative.be\/actualites\/\",\"logo\":{\"@type\":\"ImageObject\",\"inLanguage\":\"fr-BE\",\"@id\":\"https:\/\/vieassociative.be\/actualites\/#\/schema\/logo\/image\/\",\"url\":\"https:\/\/vieassociative.be\/actualites\/wp-content\/uploads\/2024\/09\/cropped-vieassociative_favicon.ico.png\",\"contentUrl\":\"https:\/\/vieassociative.be\/actualites\/wp-content\/uploads\/2024\/09\/cropped-vieassociative_favicon.ico.png\",\"width\":512,\"height\":512,\"caption\":\"Vie Associative\"},\"image\":{\"@id\":\"https:\/\/vieassociative.be\/actualites\/#\/schema\/logo\/image\/\"}},{\"@type\":\"Person\",\"@id\":\"https:\/\/vieassociative.be\/actualites\/#\/schema\/person\/b87ac4f82f9d4e7b7cec7395b679edc4\",\"name\":\"Julien\",\"image\":{\"@type\":\"ImageObject\",\"inLanguage\":\"fr-BE\",\"@id\":\"https:\/\/vieassociative.be\/actualites\/#\/schema\/person\/image\/\",\"url\":\"https:\/\/vieassociative.be\/actualites\/wp-content\/uploads\/2024\/09\/vie-associative-1-150x150.jpg\",\"contentUrl\":\"https:\/\/vieassociative.be\/actualites\/wp-content\/uploads\/2024\/09\/vie-associative-1-150x150.jpg\",\"caption\":\"Julien\"},\"description\":\"Je suis Julien, r\u00e9dacteur pour Vie Associative. Passionn\u00e9 par le monde associatif depuis plus de 10 ans, j'ai \u00e0 c\u0153ur de partager des histoires inspirantes et de mettre en lumi\u00e8re les initiatives locales. Mon objectif est de sensibiliser et d'encourager l'engagement communautaire \u00e0 travers mes articles.\",\"sameAs\":[\"https:\/\/vieassociative.be\/\"]}]}<\/script>\n<!-- \/ Yoast SEO plugin. -->","yoast_head_json":{"title":"3:3 \u2013 Le FC Bruges apprend au FC Barcelone \u00e0 avoir peur \u2013 Le VAR emp\u00eache m\u00eame le but vainqueur dans les arr\u00eats de jeu | Vie Associative","robots":{"index":"index","follow":"follow","max-snippet":"max-snippet:-1","max-image-preview":"max-image-preview:large","max-video-preview":"max-video-preview:-1"},"canonical":"https:\/\/vieassociative.be\/actualites\/33-le-fc-bruges-apprend-au-fc-barcelone-a-avoir-peur-le-var-empeche-meme-le-but-vainqueur-dans-les-arrets-de-jeu\/","og_locale":"fr_FR","og_type":"article","og_title":"3:3 \u2013 Le FC Bruges apprend au FC Barcelone \u00e0 avoir peur \u2013 Le VAR emp\u00eache m\u00eame le but vainqueur dans les arr\u00eats de jeu | Vie Associative","og_description":"Le FC Bruges a prouv\u00e9 une fois de plus mercredi qu&rsquo;il n&rsquo;a pas \u00e0 craindre d&rsquo;adversaires dans son stade Jan Breydel. Le vice-champion belge a","og_url":"https:\/\/vieassociative.be\/actualites\/33-le-fc-bruges-apprend-au-fc-barcelone-a-avoir-peur-le-var-empeche-meme-le-but-vainqueur-dans-les-arrets-de-jeu\/","og_site_name":"Vie Associative","article_published_time":"2025-11-06T02:17:08+00:00","og_image":[{"width":279,"height":92,"url":"https:\/\/vieassociative.be\/actualites\/wp-content\/uploads\/2024\/09\/header_backgroundk-01-e1726694325946.png","type":"image\/png"}],"author":"Julien","twitter_card":"summary_large_image","twitter_misc":{"\u00c9crit par":"Julien","Dur\u00e9e de lecture est.":"3 minutes"},"schema":{"@context":"https:\/\/schema.org","@graph":[{"@type":"Article","@id":"https:\/\/vieassociative.be\/actualites\/33-le-fc-bruges-apprend-au-fc-barcelone-a-avoir-peur-le-var-empeche-meme-le-but-vainqueur-dans-les-arrets-de-jeu\/#article","isPartOf":{"@id":"https:\/\/vieassociative.be\/actualites\/33-le-fc-bruges-apprend-au-fc-barcelone-a-avoir-peur-le-var-empeche-meme-le-but-vainqueur-dans-les-arrets-de-jeu\/"},"author":{"name":"Julien","@id":"https:\/\/vieassociative.be\/actualites\/#\/schema\/person\/b87ac4f82f9d4e7b7cec7395b679edc4"},"headline":"3:3 \u2013 Le FC Bruges apprend au FC Barcelone \u00e0 avoir peur \u2013 Le VAR emp\u00eache m\u00eame le but vainqueur dans les arr\u00eats de jeu","datePublished":"2025-11-06T02:17:08+00:00","dateModified":"2025-11-06T02:17:08+00:00","mainEntityOfPage":{"@id":"https:\/\/vieassociative.be\/actualites\/33-le-fc-bruges-apprend-au-fc-barcelone-a-avoir-peur-le-var-empeche-meme-le-but-vainqueur-dans-les-arrets-de-jeu\/"},"wordCount":610,"publisher":{"@id":"https:\/\/vieassociative.be\/actualites\/#organization"},"image":{"@id":"https:\/\/vieassociative.be\/actualites\/33-le-fc-bruges-apprend-au-fc-barcelone-a-avoir-peur-le-var-empeche-meme-le-but-vainqueur-dans-les-arrets-de-jeu\/#primaryimage"},"thumbnailUrl":"https:\/\/vieassociative.be\/actualites\/wp-content\/uploads\/2025\/11\/1762395428_33-\u2013-Le-FC-Bruges-apprend-au-FC-Barcelone-a.jpg","keywords":["apprend","arr\u00eats","avoir","Barcelone","Bruges","dans","emp\u00eache","jeu","Les","m\u00eame","peur","vainqueur","VAR"],"articleSection":["Belgique"],"inLanguage":"fr-BE"},{"@type":"WebPage","@id":"https:\/\/vieassociative.be\/actualites\/33-le-fc-bruges-apprend-au-fc-barcelone-a-avoir-peur-le-var-empeche-meme-le-but-vainqueur-dans-les-arrets-de-jeu\/","url":"https:\/\/vieassociative.be\/actualites\/33-le-fc-bruges-apprend-au-fc-barcelone-a-avoir-peur-le-var-empeche-meme-le-but-vainqueur-dans-les-arrets-de-jeu\/","name":"3:3 \u2013 Le FC Bruges apprend au FC Barcelone \u00e0 avoir peur \u2013 Le VAR emp\u00eache m\u00eame le but vainqueur dans les arr\u00eats de jeu | Vie Associative","isPartOf":{"@id":"https:\/\/vieassociative.be\/actualites\/#website"},"primaryImageOfPage":{"@id":"https:\/\/vieassociative.be\/actualites\/33-le-fc-bruges-apprend-au-fc-barcelone-a-avoir-peur-le-var-empeche-meme-le-but-vainqueur-dans-les-arrets-de-jeu\/#primaryimage"},"image":{"@id":"https:\/\/vieassociative.be\/actualites\/33-le-fc-bruges-apprend-au-fc-barcelone-a-avoir-peur-le-var-empeche-meme-le-but-vainqueur-dans-les-arrets-de-jeu\/#primaryimage"},"thumbnailUrl":"https:\/\/vieassociative.be\/actualites\/wp-content\/uploads\/2025\/11\/1762395428_33-\u2013-Le-FC-Bruges-apprend-au-FC-Barcelone-a.jpg","datePublished":"2025-11-06T02:17:08+00:00","dateModified":"2025-11-06T02:17:08+00:00","breadcrumb":{"@id":"https:\/\/vieassociative.be\/actualites\/33-le-fc-bruges-apprend-au-fc-barcelone-a-avoir-peur-le-var-empeche-meme-le-but-vainqueur-dans-les-arrets-de-jeu\/#breadcrumb"},"inLanguage":"fr-BE","potentialAction":[{"@type":"ReadAction","target":["https:\/\/vieassociative.be\/actualites\/33-le-fc-bruges-apprend-au-fc-barcelone-a-avoir-peur-le-var-empeche-meme-le-but-vainqueur-dans-les-arrets-de-jeu\/"]}]},{"@type":"ImageObject","inLanguage":"fr-BE","@id":"https:\/\/vieassociative.be\/actualites\/33-le-fc-bruges-apprend-au-fc-barcelone-a-avoir-peur-le-var-empeche-meme-le-but-vainqueur-dans-les-arrets-de-jeu\/#primaryimage","url":"https:\/\/vieassociative.be\/actualites\/wp-content\/uploads\/2025\/11\/1762395428_33-\u2013-Le-FC-Bruges-apprend-au-FC-Barcelone-a.jpg","contentUrl":"https:\/\/vieassociative.be\/actualites\/wp-content\/uploads\/2025\/11\/1762395428_33-\u2013-Le-FC-Bruges-apprend-au-FC-Barcelone-a.jpg","width":1200,"height":801,"caption":"3:3 \u2013 Le FC Bruges apprend au FC Barcelone \u00e0 avoir peur \u2013 Le VAR emp\u00eache m\u00eame le but vainqueur dans les arr\u00eats de jeu"},{"@type":"BreadcrumbList","@id":"https:\/\/vieassociative.be\/actualites\/33-le-fc-bruges-apprend-au-fc-barcelone-a-avoir-peur-le-var-empeche-meme-le-but-vainqueur-dans-les-arrets-de-jeu\/#breadcrumb","itemListElement":[{"@type":"ListItem","position":1,"name":"Accueil","item":"https:\/\/vieassociative.be\/actualites\/"},{"@type":"ListItem","position":2,"name":"3:3 \u2013 Le FC Bruges apprend au FC Barcelone \u00e0 avoir peur \u2013 Le VAR emp\u00eache m\u00eame le but vainqueur dans les arr\u00eats de jeu"}]},{"@type":"WebSite","@id":"https:\/\/vieassociative.be\/actualites\/#website","url":"https:\/\/vieassociative.be\/actualites\/","name":"Vie Associative","description":"","publisher":{"@id":"https:\/\/vieassociative.be\/actualites\/#organization"},"potentialAction":[{"@type":"SearchAction","target":{"@type":"EntryPoint","urlTemplate":"https:\/\/vieassociative.be\/actualites\/?s={search_term_string}"},"query-input":{"@type":"PropertyValueSpecification","valueRequired":true,"valueName":"search_term_string"}}],"inLanguage":"fr-BE"},{"@type":"Organization","@id":"https:\/\/vieassociative.be\/actualites\/#organization","name":"Vie Associative","url":"https:\/\/vieassociative.be\/actualites\/","logo":{"@type":"ImageObject","inLanguage":"fr-BE","@id":"https:\/\/vieassociative.be\/actualites\/#\/schema\/logo\/image\/","url":"https:\/\/vieassociative.be\/actualites\/wp-content\/uploads\/2024\/09\/cropped-vieassociative_favicon.ico.png","contentUrl":"https:\/\/vieassociative.be\/actualites\/wp-content\/uploads\/2024\/09\/cropped-vieassociative_favicon.ico.png","width":512,"height":512,"caption":"Vie Associative"},"image":{"@id":"https:\/\/vieassociative.be\/actualites\/#\/schema\/logo\/image\/"}},{"@type":"Person","@id":"https:\/\/vieassociative.be\/actualites\/#\/schema\/person\/b87ac4f82f9d4e7b7cec7395b679edc4","name":"Julien","image":{"@type":"ImageObject","inLanguage":"fr-BE","@id":"https:\/\/vieassociative.be\/actualites\/#\/schema\/person\/image\/","url":"https:\/\/vieassociative.be\/actualites\/wp-content\/uploads\/2024\/09\/vie-associative-1-150x150.jpg","contentUrl":"https:\/\/vieassociative.be\/actualites\/wp-content\/uploads\/2024\/09\/vie-associative-1-150x150.jpg","caption":"Julien"},"description":"Je suis Julien, r\u00e9dacteur pour Vie Associative. Passionn\u00e9 par le monde associatif depuis plus de 10 ans, j'ai \u00e0 c\u0153ur de partager des histoires inspirantes et de mettre en lumi\u00e8re les initiatives locales. Mon objectif est de sensibiliser et d'encourager l'engagement communautaire \u00e0 travers mes articles.","sameAs":["https:\/\/vieassociative.be\/"]}]}},"_links":{"self":[{"href":"https:\/\/vieassociative.be\/actualites\/wp-json\/wp\/v2\/posts\/11136"}],"collection":[{"href":"https:\/\/vieassociative.be\/actualites\/wp-json\/wp\/v2\/posts"}],"about":[{"href":"https:\/\/vieassociative.be\/actualites\/wp-json\/wp\/v2\/types\/post"}],"author":[{"embeddable":true,"href":"https:\/\/vieassociative.be\/actualites\/wp-json\/wp\/v2\/users\/1"}],"replies":[{"embeddable":true,"href":"https:\/\/vieassociative.be\/actualites\/wp-json\/wp\/v2\/comments?post=11136"}],"version-history":[{"count":0,"href":"https:\/\/vieassociative.be\/actualites\/wp-json\/wp\/v2\/posts\/11136\/revisions"}],"wp:featuredmedia":[{"embeddable":true,"href":"https:\/\/vieassociative.be\/actualites\/wp-json\/wp\/v2\/media\/11137"}],"wp:attachment":[{"href":"https:\/\/vieassociative.be\/actualites\/wp-json\/wp\/v2\/media?parent=11136"}],"wp:term":[{"taxonomy":"category","embeddable":true,"href":"https:\/\/vieassociative.be\/actualites\/wp-json\/wp\/v2\/categories?post=11136"},{"taxonomy":"post_tag","embeddable":true,"href":"https:\/\/vieassociative.be\/actualites\/wp-json\/wp\/v2\/tags?post=11136"}],"curies":[{"name":"wp","href":"https:\/\/api.w.org\/{rel}","templated":true}]}}