{"id":11134,"date":"2025-11-06T02:17:31","date_gmt":"2025-11-06T01:17:31","guid":{"rendered":"https:\/\/vieassociative.be\/actualites\/google-vient-de-bloquer-749-millions-durl-pour-les-archives-danna\/"},"modified":"2025-11-06T02:17:31","modified_gmt":"2025-11-06T01:17:31","slug":"google-vient-de-bloquer-749-millions-durl-pour-les-archives-danna","status":"publish","type":"post","link":"https:\/\/vieassociative.be\/actualites\/google-vient-de-bloquer-749-millions-durl-pour-les-archives-danna\/","title":{"rendered":"Google vient de bloquer 749 millions d&rsquo;URL pour les archives d&rsquo;Anna"},"content":{"rendered":"<div class=\"mt-4 leading-6 md:mb-8\">Qui diable est Anna ?<\/div>\n<p><\/p>\n<p>Anna&rsquo;s Archive, un site Web populaire pour le piratage de livres et d&rsquo;articles, semble \u00eatre dans le collimateur de Google, selon la publication TorrentFreak sur les droits d&rsquo;auteur et les droits num\u00e9riques. Le g\u00e9ant de la recherche aurait emp\u00each\u00e9 quelque 749 millions d&rsquo;URL d&rsquo;archives d&rsquo;Anna d&rsquo;appara\u00eetre dans les r\u00e9sultats de recherche, a d\u00e9couvert TorrentFreak, apr\u00e8s avoir examin\u00e9 un r\u00e9cent rapport de transparence.<\/p>\n<p>La suppression n&rsquo;\u00e9tait pas n\u00e9cessairement cibl\u00e9e, car Google supprime r\u00e9guli\u00e8rement du contenu \u00e0 la demande des d\u00e9tenteurs de droits d&rsquo;auteur. Au moment d&rsquo;\u00e9crire ces lignes, Google a supprim\u00e9 des liens vers 15 125 359 564 pages depuis 2011. Mais il s&rsquo;agit du dernier d&rsquo;une saga en cours, provoqu\u00e9e par l&rsquo;IA, qui voit les d\u00e9tenteurs de droits d&rsquo;auteur s\u00e9vir contre les soi-disant \u00ab biblioth\u00e8ques fant\u00f4mes \u00bb, et cela repr\u00e9sente d\u00e9j\u00e0 environ 5 % des retraits globaux de Google.<\/p>\n<h2 id=\"annas-archive-is-a-platform-for-pirated-e-books\">Anna&rsquo;s Archive est une plateforme de livres \u00e9lectroniques pirat\u00e9s<\/h2>\n<p>Personnellement, je n&rsquo;avais pas entendu parler d&rsquo;Anna&rsquo;s Archive, ce qui est logique : c&rsquo;est un acteur plus r\u00e9cent dans le domaine. La plateforme est apparue en 2022, peu de temps apr\u00e8s que son pr\u00e9d\u00e9cesseur, Z-Library, ait vu ses domaines saisis par le minist\u00e8re am\u00e9ricain de la Justice. Depuis lors, il fonctionne discr\u00e8tement sur son propre petit coin d&rsquo;Internet, servant de moteur de recherche open source d&rsquo;\u0153uvres litt\u00e9raires qui renvoie \u00e0 des sources gratuites accessibles au public lorsqu&rsquo;elles existent, et \u00e0 des t\u00e9l\u00e9chargements pirat\u00e9s lorsqu&rsquo;ils n&rsquo;existent pas. Comme Z-Library, elle a \u00e9t\u00e9 bloqu\u00e9e par les FAI allemands et poursuivie en justice aux \u00c9tats-Unis, mais reste op\u00e9rationnelle.<\/p>\n<p>On peut y penser un peu comme Pirate Bay, mais pour les \u0153uvres litt\u00e9raires, mais \u00e0 plus grande \u00e9chelle (impressionnant \u00e9tant donn\u00e9 sa nouveaut\u00e9). TorrentFreak note que seulement 4,2 millions d&rsquo;URL de Pirate Bay ont \u00e9t\u00e9 supprim\u00e9es de Google, ce qui est d\u00e9risoire compar\u00e9 aux chiffres d&rsquo;Anna&rsquo;s Archive.<\/p>\n<div class=\"mx-auto mb-12 mt-5 w-full max-w-3xl rounded-md border-2 border-gray-100 p-3 shadow-md md:px-7 md:pb-7 md:pt-5\" id=\"related-video\">\n<div class=\"mb-3 flex items-center md:mb-5\">\n        <img decoding=\"async\" class=\"mr-4 mt-0 h-10 w-10 md:mr-5 md:h-12 md:w-12\" src=\"https:\/\/vieassociative.be\/actualites\/wp-content\/uploads\/2025\/09\/1757726237_608_Meta-pourrait-devoiler-une-montre-intelligente-pour-controler-ses-lunettes.jpg\" alt=\"Logo du pirate de la vie\"><\/p><\/div>\n<div class=\"aspect-video w-full overflow-hidden rounded-md\">\n<div id=\"video-container-01K9BAWCWWKHVV6V7034V4VTNM\"><\/div>\n<\/p><\/div>\n<\/div>\n<h2 id=\"ai-scraping-could-be-a-factor\">Le scraping de l\u2019IA pourrait \u00eatre un facteur<\/h2>\n<p>Cet \u00e9cart pourrait \u00eatre d\u00fb \u00e0 des demandes de retrait plus agressives de la part des \u00e9diteurs et des auteurs, puisque plus de 1 000 utilisateurs distincts ont \u00e9mis des demandes de retrait \u00e0 ce jour, selon les donn\u00e9es de Google. Il s&rsquo;agit \u00e0 la fois d&rsquo;individus et de grands noms comme Penguin Random House, et leur diligence pourrait \u00eatre li\u00e9e \u00e0 la position d&rsquo;Anna&rsquo;s Archives sur l&rsquo;IA, car le site a admis avoir fourni gratuitement un acc\u00e8s \u00e0 30 d\u00e9veloppeurs LLM pour se former sur ses \u00ab archives ill\u00e9gales de livres \u00bb, et h\u00e9berge toujours ouvertement des pages librement accessibles aux autres.<\/p>\n<p>La direction que prendront les d\u00e9tenteurs de droits d\u2019auteur et les lecteurs \u00e0 partir d\u2019ici reste en suspens. Il est important de noter que, malgr\u00e9 toutes les apparences du contraire, Google n\u2019est pas propri\u00e9taire d\u2019Internet. Supprimer un site de son moteur de recherche n&#8217;emp\u00eache pas les utilisateurs de le visiter directement, et les trois domaines Anna&rsquo;s Archive (annas-archive.org, annas-archive.se et annas-archive.li) restent actifs. <\/p>\n<p>De plus, Anna&rsquo;s Archive n&rsquo;h\u00e9berge pas elle-m\u00eame de contenu pirat\u00e9, mais fournit simplement aux utilisateurs des liens o\u00f9 ils peuvent le trouver. Tout cela le place dans une zone grise juridique, ce qui, lorsqu&rsquo;il est soutenu par la nature open source du site et par son fort engagement en faveur de l&rsquo;id\u00e9al selon lequel \u00ab\u00a0la conservation et l&rsquo;h\u00e9bergement de ces fichiers sont moralement justes\u00a0\u00bb, signifie que cela est susceptible de continuer sous une forme ou une autre pendant des ann\u00e9es.<\/p>\n<p>N\u00e9anmoins, comme des entreprises comme Meta ont utilis\u00e9 du contenu pirat\u00e9 pour entra\u00eener leurs mod\u00e8les d&rsquo;IA, il est probable que les actions de Google deviendront plus courantes et que d&rsquo;autres sites, voire des entit\u00e9s juridiques, pourraient embo\u00eeter le pas. Planifiez en cons\u00e9quence. (Et si, comme moi, vous vous demandez \u00ab Qui diable est Anna ? \u00bb la FAQ de l&rsquo;archive a une r\u00e9ponse : \u00ab Vous \u00eates Anna. \u00bb C&rsquo;est un clin d&rsquo;\u0153il aux t\u00e9l\u00e9chargeurs anonymes qui lui fournissent une grande partie de son mat\u00e9riel.)<\/p>\n","protected":false},"excerpt":{"rendered":"<p>Qui diable est Anna ? Anna&rsquo;s Archive, un site Web populaire pour le piratage de livres et d&rsquo;articles, semble \u00eatre dans le collimateur de Google,<\/p>\n","protected":false},"author":1,"featured_media":11135,"comment_status":"","ping_status":"","sticky":false,"template":"","format":"standard","meta":{"footnotes":""},"categories":[13],"tags":[9157,2825,9158,9156,968,14,1751,81,1213],"class_list":["post-11134","post","type-post","status-publish","format-standard","has-post-thumbnail","hentry","category-technologie","tag-archives","tag-bloquer","tag-danna","tag-durl","tag-google","tag-les","tag-millions","tag-pour","tag-vient","generate-columns","tablet-grid-50","mobile-grid-100","grid-parent","grid-33"],"yoast_head":"<!-- This site is optimized with the Yoast SEO plugin v24.0 - https:\/\/yoast.com\/wordpress\/plugins\/seo\/ -->\n<title>Google vient de bloquer 749 millions d&#039;URL pour les archives d&#039;Anna | Vie Associative<\/title>\n<meta name=\"robots\" content=\"index, follow, max-snippet:-1, max-image-preview:large, max-video-preview:-1\" \/>\n<link rel=\"canonical\" href=\"https:\/\/vieassociative.be\/actualites\/google-vient-de-bloquer-749-millions-durl-pour-les-archives-danna\/\" \/>\n<meta property=\"og:locale\" content=\"fr_FR\" \/>\n<meta property=\"og:type\" content=\"article\" \/>\n<meta property=\"og:title\" content=\"Google vient de bloquer 749 millions d&#039;URL pour les archives d&#039;Anna | Vie Associative\" \/>\n<meta property=\"og:description\" content=\"Qui diable est Anna ? Anna&rsquo;s Archive, un site Web populaire pour le piratage de livres et d&rsquo;articles, semble \u00eatre dans le collimateur de Google,\" \/>\n<meta property=\"og:url\" content=\"https:\/\/vieassociative.be\/actualites\/google-vient-de-bloquer-749-millions-durl-pour-les-archives-danna\/\" \/>\n<meta property=\"og:site_name\" content=\"Vie Associative\" \/>\n<meta property=\"article:published_time\" content=\"2025-11-06T01:17:31+00:00\" \/>\n<meta property=\"og:image\" content=\"https:\/\/vieassociative.be\/actualites\/wp-content\/uploads\/2025\/09\/1757726237_608_Meta-pourrait-devoiler-une-montre-intelligente-pour-controler-ses-lunettes.jpg\" \/>\n<meta name=\"author\" content=\"Julien\" \/>\n<meta name=\"twitter:card\" content=\"summary_large_image\" \/>\n<meta name=\"twitter:label1\" content=\"\u00c9crit par\" \/>\n\t<meta name=\"twitter:data1\" content=\"Julien\" \/>\n\t<meta name=\"twitter:label2\" content=\"Dur\u00e9e de lecture est.\" \/>\n\t<meta name=\"twitter:data2\" content=\"3 minutes\" \/>\n<script type=\"application\/ld+json\" class=\"yoast-schema-graph\">{\"@context\":\"https:\/\/schema.org\",\"@graph\":[{\"@type\":\"Article\",\"@id\":\"https:\/\/vieassociative.be\/actualites\/google-vient-de-bloquer-749-millions-durl-pour-les-archives-danna\/#article\",\"isPartOf\":{\"@id\":\"https:\/\/vieassociative.be\/actualites\/google-vient-de-bloquer-749-millions-durl-pour-les-archives-danna\/\"},\"author\":{\"name\":\"Julien\",\"@id\":\"https:\/\/vieassociative.be\/actualites\/#\/schema\/person\/b87ac4f82f9d4e7b7cec7395b679edc4\"},\"headline\":\"Google vient de bloquer 749 millions d&rsquo;URL pour les archives d&rsquo;Anna\",\"datePublished\":\"2025-11-06T01:17:31+00:00\",\"dateModified\":\"2025-11-06T01:17:31+00:00\",\"mainEntityOfPage\":{\"@id\":\"https:\/\/vieassociative.be\/actualites\/google-vient-de-bloquer-749-millions-durl-pour-les-archives-danna\/\"},\"wordCount\":735,\"publisher\":{\"@id\":\"https:\/\/vieassociative.be\/actualites\/#organization\"},\"image\":{\"@id\":\"https:\/\/vieassociative.be\/actualites\/google-vient-de-bloquer-749-millions-durl-pour-les-archives-danna\/#primaryimage\"},\"thumbnailUrl\":\"https:\/\/vieassociative.be\/actualites\/wp-content\/uploads\/2025\/11\/Google-vient-de-bloquer-749-millions-dURL-pour-les-archives.png\",\"keywords\":[\"archives\",\"bloquer\",\"dAnna\",\"dURL\",\"Google\",\"Les\",\"millions\",\"pour\",\"vient\"],\"articleSection\":[\"Technologie\"],\"inLanguage\":\"fr-BE\"},{\"@type\":\"WebPage\",\"@id\":\"https:\/\/vieassociative.be\/actualites\/google-vient-de-bloquer-749-millions-durl-pour-les-archives-danna\/\",\"url\":\"https:\/\/vieassociative.be\/actualites\/google-vient-de-bloquer-749-millions-durl-pour-les-archives-danna\/\",\"name\":\"Google vient de bloquer 749 millions d'URL pour les archives d'Anna | Vie Associative\",\"isPartOf\":{\"@id\":\"https:\/\/vieassociative.be\/actualites\/#website\"},\"primaryImageOfPage\":{\"@id\":\"https:\/\/vieassociative.be\/actualites\/google-vient-de-bloquer-749-millions-durl-pour-les-archives-danna\/#primaryimage\"},\"image\":{\"@id\":\"https:\/\/vieassociative.be\/actualites\/google-vient-de-bloquer-749-millions-durl-pour-les-archives-danna\/#primaryimage\"},\"thumbnailUrl\":\"https:\/\/vieassociative.be\/actualites\/wp-content\/uploads\/2025\/11\/Google-vient-de-bloquer-749-millions-dURL-pour-les-archives.png\",\"datePublished\":\"2025-11-06T01:17:31+00:00\",\"dateModified\":\"2025-11-06T01:17:31+00:00\",\"breadcrumb\":{\"@id\":\"https:\/\/vieassociative.be\/actualites\/google-vient-de-bloquer-749-millions-durl-pour-les-archives-danna\/#breadcrumb\"},\"inLanguage\":\"fr-BE\",\"potentialAction\":[{\"@type\":\"ReadAction\",\"target\":[\"https:\/\/vieassociative.be\/actualites\/google-vient-de-bloquer-749-millions-durl-pour-les-archives-danna\/\"]}]},{\"@type\":\"ImageObject\",\"inLanguage\":\"fr-BE\",\"@id\":\"https:\/\/vieassociative.be\/actualites\/google-vient-de-bloquer-749-millions-durl-pour-les-archives-danna\/#primaryimage\",\"url\":\"https:\/\/vieassociative.be\/actualites\/wp-content\/uploads\/2025\/11\/Google-vient-de-bloquer-749-millions-dURL-pour-les-archives.png\",\"contentUrl\":\"https:\/\/vieassociative.be\/actualites\/wp-content\/uploads\/2025\/11\/Google-vient-de-bloquer-749-millions-dURL-pour-les-archives.png\",\"width\":1200,\"height\":675,\"caption\":\"Google vient de bloquer 749 millions d'URL pour les archives d'Anna\"},{\"@type\":\"BreadcrumbList\",\"@id\":\"https:\/\/vieassociative.be\/actualites\/google-vient-de-bloquer-749-millions-durl-pour-les-archives-danna\/#breadcrumb\",\"itemListElement\":[{\"@type\":\"ListItem\",\"position\":1,\"name\":\"Accueil\",\"item\":\"https:\/\/vieassociative.be\/actualites\/\"},{\"@type\":\"ListItem\",\"position\":2,\"name\":\"Google vient de bloquer 749 millions d&rsquo;URL pour les archives d&rsquo;Anna\"}]},{\"@type\":\"WebSite\",\"@id\":\"https:\/\/vieassociative.be\/actualites\/#website\",\"url\":\"https:\/\/vieassociative.be\/actualites\/\",\"name\":\"Vie Associative\",\"description\":\"\",\"publisher\":{\"@id\":\"https:\/\/vieassociative.be\/actualites\/#organization\"},\"potentialAction\":[{\"@type\":\"SearchAction\",\"target\":{\"@type\":\"EntryPoint\",\"urlTemplate\":\"https:\/\/vieassociative.be\/actualites\/?s={search_term_string}\"},\"query-input\":{\"@type\":\"PropertyValueSpecification\",\"valueRequired\":true,\"valueName\":\"search_term_string\"}}],\"inLanguage\":\"fr-BE\"},{\"@type\":\"Organization\",\"@id\":\"https:\/\/vieassociative.be\/actualites\/#organization\",\"name\":\"Vie Associative\",\"url\":\"https:\/\/vieassociative.be\/actualites\/\",\"logo\":{\"@type\":\"ImageObject\",\"inLanguage\":\"fr-BE\",\"@id\":\"https:\/\/vieassociative.be\/actualites\/#\/schema\/logo\/image\/\",\"url\":\"https:\/\/vieassociative.be\/actualites\/wp-content\/uploads\/2024\/09\/cropped-vieassociative_favicon.ico.png\",\"contentUrl\":\"https:\/\/vieassociative.be\/actualites\/wp-content\/uploads\/2024\/09\/cropped-vieassociative_favicon.ico.png\",\"width\":512,\"height\":512,\"caption\":\"Vie Associative\"},\"image\":{\"@id\":\"https:\/\/vieassociative.be\/actualites\/#\/schema\/logo\/image\/\"}},{\"@type\":\"Person\",\"@id\":\"https:\/\/vieassociative.be\/actualites\/#\/schema\/person\/b87ac4f82f9d4e7b7cec7395b679edc4\",\"name\":\"Julien\",\"image\":{\"@type\":\"ImageObject\",\"inLanguage\":\"fr-BE\",\"@id\":\"https:\/\/vieassociative.be\/actualites\/#\/schema\/person\/image\/\",\"url\":\"https:\/\/vieassociative.be\/actualites\/wp-content\/uploads\/2024\/09\/vie-associative-1-150x150.jpg\",\"contentUrl\":\"https:\/\/vieassociative.be\/actualites\/wp-content\/uploads\/2024\/09\/vie-associative-1-150x150.jpg\",\"caption\":\"Julien\"},\"description\":\"Je suis Julien, r\u00e9dacteur pour Vie Associative. Passionn\u00e9 par le monde associatif depuis plus de 10 ans, j'ai \u00e0 c\u0153ur de partager des histoires inspirantes et de mettre en lumi\u00e8re les initiatives locales. Mon objectif est de sensibiliser et d'encourager l'engagement communautaire \u00e0 travers mes articles.\",\"sameAs\":[\"https:\/\/vieassociative.be\/\"]}]}<\/script>\n<!-- \/ Yoast SEO plugin. -->","yoast_head_json":{"title":"Google vient de bloquer 749 millions d'URL pour les archives d'Anna | Vie Associative","robots":{"index":"index","follow":"follow","max-snippet":"max-snippet:-1","max-image-preview":"max-image-preview:large","max-video-preview":"max-video-preview:-1"},"canonical":"https:\/\/vieassociative.be\/actualites\/google-vient-de-bloquer-749-millions-durl-pour-les-archives-danna\/","og_locale":"fr_FR","og_type":"article","og_title":"Google vient de bloquer 749 millions d'URL pour les archives d'Anna | Vie Associative","og_description":"Qui diable est Anna ? Anna&rsquo;s Archive, un site Web populaire pour le piratage de livres et d&rsquo;articles, semble \u00eatre dans le collimateur de Google,","og_url":"https:\/\/vieassociative.be\/actualites\/google-vient-de-bloquer-749-millions-durl-pour-les-archives-danna\/","og_site_name":"Vie Associative","article_published_time":"2025-11-06T01:17:31+00:00","og_image":[{"url":"https:\/\/vieassociative.be\/actualites\/wp-content\/uploads\/2025\/09\/1757726237_608_Meta-pourrait-devoiler-une-montre-intelligente-pour-controler-ses-lunettes.jpg","type":"","width":"","height":""}],"author":"Julien","twitter_card":"summary_large_image","twitter_misc":{"\u00c9crit par":"Julien","Dur\u00e9e de lecture est.":"3 minutes"},"schema":{"@context":"https:\/\/schema.org","@graph":[{"@type":"Article","@id":"https:\/\/vieassociative.be\/actualites\/google-vient-de-bloquer-749-millions-durl-pour-les-archives-danna\/#article","isPartOf":{"@id":"https:\/\/vieassociative.be\/actualites\/google-vient-de-bloquer-749-millions-durl-pour-les-archives-danna\/"},"author":{"name":"Julien","@id":"https:\/\/vieassociative.be\/actualites\/#\/schema\/person\/b87ac4f82f9d4e7b7cec7395b679edc4"},"headline":"Google vient de bloquer 749 millions d&rsquo;URL pour les archives d&rsquo;Anna","datePublished":"2025-11-06T01:17:31+00:00","dateModified":"2025-11-06T01:17:31+00:00","mainEntityOfPage":{"@id":"https:\/\/vieassociative.be\/actualites\/google-vient-de-bloquer-749-millions-durl-pour-les-archives-danna\/"},"wordCount":735,"publisher":{"@id":"https:\/\/vieassociative.be\/actualites\/#organization"},"image":{"@id":"https:\/\/vieassociative.be\/actualites\/google-vient-de-bloquer-749-millions-durl-pour-les-archives-danna\/#primaryimage"},"thumbnailUrl":"https:\/\/vieassociative.be\/actualites\/wp-content\/uploads\/2025\/11\/Google-vient-de-bloquer-749-millions-dURL-pour-les-archives.png","keywords":["archives","bloquer","dAnna","dURL","Google","Les","millions","pour","vient"],"articleSection":["Technologie"],"inLanguage":"fr-BE"},{"@type":"WebPage","@id":"https:\/\/vieassociative.be\/actualites\/google-vient-de-bloquer-749-millions-durl-pour-les-archives-danna\/","url":"https:\/\/vieassociative.be\/actualites\/google-vient-de-bloquer-749-millions-durl-pour-les-archives-danna\/","name":"Google vient de bloquer 749 millions d'URL pour les archives d'Anna | Vie Associative","isPartOf":{"@id":"https:\/\/vieassociative.be\/actualites\/#website"},"primaryImageOfPage":{"@id":"https:\/\/vieassociative.be\/actualites\/google-vient-de-bloquer-749-millions-durl-pour-les-archives-danna\/#primaryimage"},"image":{"@id":"https:\/\/vieassociative.be\/actualites\/google-vient-de-bloquer-749-millions-durl-pour-les-archives-danna\/#primaryimage"},"thumbnailUrl":"https:\/\/vieassociative.be\/actualites\/wp-content\/uploads\/2025\/11\/Google-vient-de-bloquer-749-millions-dURL-pour-les-archives.png","datePublished":"2025-11-06T01:17:31+00:00","dateModified":"2025-11-06T01:17:31+00:00","breadcrumb":{"@id":"https:\/\/vieassociative.be\/actualites\/google-vient-de-bloquer-749-millions-durl-pour-les-archives-danna\/#breadcrumb"},"inLanguage":"fr-BE","potentialAction":[{"@type":"ReadAction","target":["https:\/\/vieassociative.be\/actualites\/google-vient-de-bloquer-749-millions-durl-pour-les-archives-danna\/"]}]},{"@type":"ImageObject","inLanguage":"fr-BE","@id":"https:\/\/vieassociative.be\/actualites\/google-vient-de-bloquer-749-millions-durl-pour-les-archives-danna\/#primaryimage","url":"https:\/\/vieassociative.be\/actualites\/wp-content\/uploads\/2025\/11\/Google-vient-de-bloquer-749-millions-dURL-pour-les-archives.png","contentUrl":"https:\/\/vieassociative.be\/actualites\/wp-content\/uploads\/2025\/11\/Google-vient-de-bloquer-749-millions-dURL-pour-les-archives.png","width":1200,"height":675,"caption":"Google vient de bloquer 749 millions d'URL pour les archives d'Anna"},{"@type":"BreadcrumbList","@id":"https:\/\/vieassociative.be\/actualites\/google-vient-de-bloquer-749-millions-durl-pour-les-archives-danna\/#breadcrumb","itemListElement":[{"@type":"ListItem","position":1,"name":"Accueil","item":"https:\/\/vieassociative.be\/actualites\/"},{"@type":"ListItem","position":2,"name":"Google vient de bloquer 749 millions d&rsquo;URL pour les archives d&rsquo;Anna"}]},{"@type":"WebSite","@id":"https:\/\/vieassociative.be\/actualites\/#website","url":"https:\/\/vieassociative.be\/actualites\/","name":"Vie Associative","description":"","publisher":{"@id":"https:\/\/vieassociative.be\/actualites\/#organization"},"potentialAction":[{"@type":"SearchAction","target":{"@type":"EntryPoint","urlTemplate":"https:\/\/vieassociative.be\/actualites\/?s={search_term_string}"},"query-input":{"@type":"PropertyValueSpecification","valueRequired":true,"valueName":"search_term_string"}}],"inLanguage":"fr-BE"},{"@type":"Organization","@id":"https:\/\/vieassociative.be\/actualites\/#organization","name":"Vie Associative","url":"https:\/\/vieassociative.be\/actualites\/","logo":{"@type":"ImageObject","inLanguage":"fr-BE","@id":"https:\/\/vieassociative.be\/actualites\/#\/schema\/logo\/image\/","url":"https:\/\/vieassociative.be\/actualites\/wp-content\/uploads\/2024\/09\/cropped-vieassociative_favicon.ico.png","contentUrl":"https:\/\/vieassociative.be\/actualites\/wp-content\/uploads\/2024\/09\/cropped-vieassociative_favicon.ico.png","width":512,"height":512,"caption":"Vie Associative"},"image":{"@id":"https:\/\/vieassociative.be\/actualites\/#\/schema\/logo\/image\/"}},{"@type":"Person","@id":"https:\/\/vieassociative.be\/actualites\/#\/schema\/person\/b87ac4f82f9d4e7b7cec7395b679edc4","name":"Julien","image":{"@type":"ImageObject","inLanguage":"fr-BE","@id":"https:\/\/vieassociative.be\/actualites\/#\/schema\/person\/image\/","url":"https:\/\/vieassociative.be\/actualites\/wp-content\/uploads\/2024\/09\/vie-associative-1-150x150.jpg","contentUrl":"https:\/\/vieassociative.be\/actualites\/wp-content\/uploads\/2024\/09\/vie-associative-1-150x150.jpg","caption":"Julien"},"description":"Je suis Julien, r\u00e9dacteur pour Vie Associative. Passionn\u00e9 par le monde associatif depuis plus de 10 ans, j'ai \u00e0 c\u0153ur de partager des histoires inspirantes et de mettre en lumi\u00e8re les initiatives locales. Mon objectif est de sensibiliser et d'encourager l'engagement communautaire \u00e0 travers mes articles.","sameAs":["https:\/\/vieassociative.be\/"]}]}},"_links":{"self":[{"href":"https:\/\/vieassociative.be\/actualites\/wp-json\/wp\/v2\/posts\/11134"}],"collection":[{"href":"https:\/\/vieassociative.be\/actualites\/wp-json\/wp\/v2\/posts"}],"about":[{"href":"https:\/\/vieassociative.be\/actualites\/wp-json\/wp\/v2\/types\/post"}],"author":[{"embeddable":true,"href":"https:\/\/vieassociative.be\/actualites\/wp-json\/wp\/v2\/users\/1"}],"replies":[{"embeddable":true,"href":"https:\/\/vieassociative.be\/actualites\/wp-json\/wp\/v2\/comments?post=11134"}],"version-history":[{"count":0,"href":"https:\/\/vieassociative.be\/actualites\/wp-json\/wp\/v2\/posts\/11134\/revisions"}],"wp:featuredmedia":[{"embeddable":true,"href":"https:\/\/vieassociative.be\/actualites\/wp-json\/wp\/v2\/media\/11135"}],"wp:attachment":[{"href":"https:\/\/vieassociative.be\/actualites\/wp-json\/wp\/v2\/media?parent=11134"}],"wp:term":[{"taxonomy":"category","embeddable":true,"href":"https:\/\/vieassociative.be\/actualites\/wp-json\/wp\/v2\/categories?post=11134"},{"taxonomy":"post_tag","embeddable":true,"href":"https:\/\/vieassociative.be\/actualites\/wp-json\/wp\/v2\/tags?post=11134"}],"curies":[{"name":"wp","href":"https:\/\/api.w.org\/{rel}","templated":true}]}}