{"id":11130,"date":"2025-11-05T21:17:32","date_gmt":"2025-11-05T20:17:32","guid":{"rendered":"https:\/\/vieassociative.be\/actualites\/le-nouveau-maillot-domicile-des-diables-rouges-a-ete-officiellement-devoile\/"},"modified":"2025-11-05T21:17:32","modified_gmt":"2025-11-05T20:17:32","slug":"le-nouveau-maillot-domicile-des-diables-rouges-a-ete-officiellement-devoile","status":"publish","type":"post","link":"https:\/\/vieassociative.be\/actualites\/le-nouveau-maillot-domicile-des-diables-rouges-a-ete-officiellement-devoile\/","title":{"rendered":"Le nouveau maillot domicile des Diables Rouges a \u00e9t\u00e9 officiellement d\u00e9voil\u00e9"},"content":{"rendered":"<p><strong>Le secret est d\u00e9voil\u00e9, le nouveau maillot domicile des \u00e9quipes nationales belges de football, des Diables Rouges aux Flames Rouges en passant par toutes les s\u00e9lections de jeunes, a \u00e9t\u00e9 pr\u00e9sent\u00e9. Le design a d\u00e9j\u00e0 fuit\u00e9 sur les r\u00e9seaux sociaux il y a quelques semaines, et il y a maintenant une confirmation officielle.<\/strong><\/p>\n<p><span id=\"more-429007\"><\/span>Les Diables Rouges porteront le nouveau maillot lors de la Coupe du Monde 2026 aux USA, au Mexique et au Canada, \u00e0 condition bien s\u00fbr de se qualifier, ce que l&rsquo;on peut supposer. Il ne manquera plus qu&rsquo;une victoire contre le Kazakhstan (samedi 15\/11 \u00e0 15h) ou le Liechtenstein (mardi 18\/11 \u00e0 20h45 \u00e0 Li\u00e8ge) pour d\u00e9crocher le billet tant attendu pour la phase finale en juin prochain.<\/p>\n<p>Comme rumeur pr\u00e9c\u00e9dente, le nouveau maillot revient \u00e0 sa couleur rouge embl\u00e9matique, qui est une teinte plus audacieuse qu&rsquo;auparavant. Des accents jaunes et noirs mettent en valeur les manches et le col, tandis que les trois bandes jaunes d&rsquo;Adidas ornent les \u00e9paules. Le logo de la marque sur la poitrine droite est \u00e9galement en jaune.<\/p>\n<p>En arri\u00e8re-plan, on peut voir des flammes et des tridents, symboles historiques des Diables Rouges. L&rsquo;association explique dans un communiqu\u00e9 que le maillot est \u00e9galement un hommage au Manneken Pis, symbole bruxellois, repr\u00e9sent\u00e9 avec des crocs, une queue de diable, un trident \u00e0 la main et des flammes en guise de cheveux.<\/p>\n<p>Jusqu&rsquo;\u00e0 pr\u00e9sent, seul le maillot domicile a \u00e9t\u00e9 officiellement pr\u00e9sent\u00e9. Les supporters des Diables Rouges devront attendre encore un peu avant de voir les autres maillots. Des \u00e9bauches ont d\u00e9j\u00e0 \u00e9t\u00e9 publi\u00e9es sur les r\u00e9seaux sociaux, mais elles n\u2019ont pas encore \u00e9t\u00e9 officiellement confirm\u00e9es. (cr\u00e9er)<\/p>\n<p><u>https:\/\/x.com\/BelRedDevils\/status\/1986086106564374708<\/u><\/p><\/p>\n","protected":false},"excerpt":{"rendered":"<p>Le secret est d\u00e9voil\u00e9, le nouveau maillot domicile des \u00e9quipes nationales belges de football, des Diables Rouges aux Flames Rouges en passant par toutes les<\/p>\n","protected":false},"author":1,"featured_media":11131,"comment_status":"","ping_status":"","sticky":false,"template":"","format":"standard","meta":{"footnotes":""},"categories":[298],"tags":[29,8612,2389,2351,217,2694,553,4739,2366],"class_list":["post-11130","post","type-post","status-publish","format-standard","has-post-thumbnail","hentry","category-belgique","tag-des","tag-devoile","tag-diables","tag-domicile","tag-ete","tag-maillot","tag-nouveau","tag-officiellement","tag-rouges","generate-columns","tablet-grid-50","mobile-grid-100","grid-parent","grid-33"],"yoast_head":"<!-- This site is optimized with the Yoast SEO plugin v24.0 - https:\/\/yoast.com\/wordpress\/plugins\/seo\/ -->\n<title>Le nouveau maillot domicile des Diables Rouges a \u00e9t\u00e9 officiellement d\u00e9voil\u00e9 | Vie Associative<\/title>\n<meta name=\"robots\" content=\"index, follow, max-snippet:-1, max-image-preview:large, max-video-preview:-1\" \/>\n<link rel=\"canonical\" href=\"https:\/\/vieassociative.be\/actualites\/le-nouveau-maillot-domicile-des-diables-rouges-a-ete-officiellement-devoile\/\" \/>\n<meta property=\"og:locale\" content=\"fr_FR\" \/>\n<meta property=\"og:type\" content=\"article\" \/>\n<meta property=\"og:title\" content=\"Le nouveau maillot domicile des Diables Rouges a \u00e9t\u00e9 officiellement d\u00e9voil\u00e9 | Vie Associative\" \/>\n<meta property=\"og:description\" content=\"Le secret est d\u00e9voil\u00e9, le nouveau maillot domicile des \u00e9quipes nationales belges de football, des Diables Rouges aux Flames Rouges en passant par toutes les\" \/>\n<meta property=\"og:url\" content=\"https:\/\/vieassociative.be\/actualites\/le-nouveau-maillot-domicile-des-diables-rouges-a-ete-officiellement-devoile\/\" \/>\n<meta property=\"og:site_name\" content=\"Vie Associative\" \/>\n<meta property=\"article:published_time\" content=\"2025-11-05T20:17:32+00:00\" \/>\n<meta property=\"og:image\" content=\"https:\/\/vieassociative.be\/actualites\/wp-content\/uploads\/2024\/09\/header_backgroundk-01-e1726694325946.png\" \/>\n\t<meta property=\"og:image:width\" content=\"279\" \/>\n\t<meta property=\"og:image:height\" content=\"92\" \/>\n\t<meta property=\"og:image:type\" content=\"image\/png\" \/>\n<meta name=\"author\" content=\"Julien\" \/>\n<meta name=\"twitter:card\" content=\"summary_large_image\" \/>\n<meta name=\"twitter:label1\" content=\"\u00c9crit par\" \/>\n\t<meta name=\"twitter:data1\" content=\"Julien\" \/>\n\t<meta name=\"twitter:label2\" content=\"Dur\u00e9e de lecture est.\" \/>\n\t<meta name=\"twitter:data2\" content=\"1 minute\" \/>\n<script type=\"application\/ld+json\" class=\"yoast-schema-graph\">{\"@context\":\"https:\/\/schema.org\",\"@graph\":[{\"@type\":\"Article\",\"@id\":\"https:\/\/vieassociative.be\/actualites\/le-nouveau-maillot-domicile-des-diables-rouges-a-ete-officiellement-devoile\/#article\",\"isPartOf\":{\"@id\":\"https:\/\/vieassociative.be\/actualites\/le-nouveau-maillot-domicile-des-diables-rouges-a-ete-officiellement-devoile\/\"},\"author\":{\"name\":\"Julien\",\"@id\":\"https:\/\/vieassociative.be\/actualites\/#\/schema\/person\/b87ac4f82f9d4e7b7cec7395b679edc4\"},\"headline\":\"Le nouveau maillot domicile des Diables Rouges a \u00e9t\u00e9 officiellement d\u00e9voil\u00e9\",\"datePublished\":\"2025-11-05T20:17:32+00:00\",\"dateModified\":\"2025-11-05T20:17:32+00:00\",\"mainEntityOfPage\":{\"@id\":\"https:\/\/vieassociative.be\/actualites\/le-nouveau-maillot-domicile-des-diables-rouges-a-ete-officiellement-devoile\/\"},\"wordCount\":307,\"publisher\":{\"@id\":\"https:\/\/vieassociative.be\/actualites\/#organization\"},\"image\":{\"@id\":\"https:\/\/vieassociative.be\/actualites\/le-nouveau-maillot-domicile-des-diables-rouges-a-ete-officiellement-devoile\/#primaryimage\"},\"thumbnailUrl\":\"https:\/\/vieassociative.be\/actualites\/wp-content\/uploads\/2025\/11\/Le-nouveau-maillot-domicile-des-Diables-Rouges-a-ete-officiellement.jpg\",\"keywords\":[\"Des\",\"d\u00e9voil\u00e9\",\"Diables\",\"domicile\",\"\u00e9t\u00e9\",\"maillot\",\"nouveau\",\"officiellement\",\"rouges\"],\"articleSection\":[\"Belgique\"],\"inLanguage\":\"fr-BE\"},{\"@type\":\"WebPage\",\"@id\":\"https:\/\/vieassociative.be\/actualites\/le-nouveau-maillot-domicile-des-diables-rouges-a-ete-officiellement-devoile\/\",\"url\":\"https:\/\/vieassociative.be\/actualites\/le-nouveau-maillot-domicile-des-diables-rouges-a-ete-officiellement-devoile\/\",\"name\":\"Le nouveau maillot domicile des Diables Rouges a \u00e9t\u00e9 officiellement d\u00e9voil\u00e9 | Vie Associative\",\"isPartOf\":{\"@id\":\"https:\/\/vieassociative.be\/actualites\/#website\"},\"primaryImageOfPage\":{\"@id\":\"https:\/\/vieassociative.be\/actualites\/le-nouveau-maillot-domicile-des-diables-rouges-a-ete-officiellement-devoile\/#primaryimage\"},\"image\":{\"@id\":\"https:\/\/vieassociative.be\/actualites\/le-nouveau-maillot-domicile-des-diables-rouges-a-ete-officiellement-devoile\/#primaryimage\"},\"thumbnailUrl\":\"https:\/\/vieassociative.be\/actualites\/wp-content\/uploads\/2025\/11\/Le-nouveau-maillot-domicile-des-Diables-Rouges-a-ete-officiellement.jpg\",\"datePublished\":\"2025-11-05T20:17:32+00:00\",\"dateModified\":\"2025-11-05T20:17:32+00:00\",\"breadcrumb\":{\"@id\":\"https:\/\/vieassociative.be\/actualites\/le-nouveau-maillot-domicile-des-diables-rouges-a-ete-officiellement-devoile\/#breadcrumb\"},\"inLanguage\":\"fr-BE\",\"potentialAction\":[{\"@type\":\"ReadAction\",\"target\":[\"https:\/\/vieassociative.be\/actualites\/le-nouveau-maillot-domicile-des-diables-rouges-a-ete-officiellement-devoile\/\"]}]},{\"@type\":\"ImageObject\",\"inLanguage\":\"fr-BE\",\"@id\":\"https:\/\/vieassociative.be\/actualites\/le-nouveau-maillot-domicile-des-diables-rouges-a-ete-officiellement-devoile\/#primaryimage\",\"url\":\"https:\/\/vieassociative.be\/actualites\/wp-content\/uploads\/2025\/11\/Le-nouveau-maillot-domicile-des-Diables-Rouges-a-ete-officiellement.jpg\",\"contentUrl\":\"https:\/\/vieassociative.be\/actualites\/wp-content\/uploads\/2025\/11\/Le-nouveau-maillot-domicile-des-Diables-Rouges-a-ete-officiellement.jpg\",\"width\":1406,\"height\":937,\"caption\":\"Le nouveau maillot domicile des Diables Rouges a \u00e9t\u00e9 officiellement d\u00e9voil\u00e9\"},{\"@type\":\"BreadcrumbList\",\"@id\":\"https:\/\/vieassociative.be\/actualites\/le-nouveau-maillot-domicile-des-diables-rouges-a-ete-officiellement-devoile\/#breadcrumb\",\"itemListElement\":[{\"@type\":\"ListItem\",\"position\":1,\"name\":\"Accueil\",\"item\":\"https:\/\/vieassociative.be\/actualites\/\"},{\"@type\":\"ListItem\",\"position\":2,\"name\":\"Le nouveau maillot domicile des Diables Rouges a \u00e9t\u00e9 officiellement d\u00e9voil\u00e9\"}]},{\"@type\":\"WebSite\",\"@id\":\"https:\/\/vieassociative.be\/actualites\/#website\",\"url\":\"https:\/\/vieassociative.be\/actualites\/\",\"name\":\"Vie Associative\",\"description\":\"\",\"publisher\":{\"@id\":\"https:\/\/vieassociative.be\/actualites\/#organization\"},\"potentialAction\":[{\"@type\":\"SearchAction\",\"target\":{\"@type\":\"EntryPoint\",\"urlTemplate\":\"https:\/\/vieassociative.be\/actualites\/?s={search_term_string}\"},\"query-input\":{\"@type\":\"PropertyValueSpecification\",\"valueRequired\":true,\"valueName\":\"search_term_string\"}}],\"inLanguage\":\"fr-BE\"},{\"@type\":\"Organization\",\"@id\":\"https:\/\/vieassociative.be\/actualites\/#organization\",\"name\":\"Vie Associative\",\"url\":\"https:\/\/vieassociative.be\/actualites\/\",\"logo\":{\"@type\":\"ImageObject\",\"inLanguage\":\"fr-BE\",\"@id\":\"https:\/\/vieassociative.be\/actualites\/#\/schema\/logo\/image\/\",\"url\":\"https:\/\/vieassociative.be\/actualites\/wp-content\/uploads\/2024\/09\/cropped-vieassociative_favicon.ico.png\",\"contentUrl\":\"https:\/\/vieassociative.be\/actualites\/wp-content\/uploads\/2024\/09\/cropped-vieassociative_favicon.ico.png\",\"width\":512,\"height\":512,\"caption\":\"Vie Associative\"},\"image\":{\"@id\":\"https:\/\/vieassociative.be\/actualites\/#\/schema\/logo\/image\/\"}},{\"@type\":\"Person\",\"@id\":\"https:\/\/vieassociative.be\/actualites\/#\/schema\/person\/b87ac4f82f9d4e7b7cec7395b679edc4\",\"name\":\"Julien\",\"image\":{\"@type\":\"ImageObject\",\"inLanguage\":\"fr-BE\",\"@id\":\"https:\/\/vieassociative.be\/actualites\/#\/schema\/person\/image\/\",\"url\":\"https:\/\/vieassociative.be\/actualites\/wp-content\/uploads\/2024\/09\/vie-associative-1-150x150.jpg\",\"contentUrl\":\"https:\/\/vieassociative.be\/actualites\/wp-content\/uploads\/2024\/09\/vie-associative-1-150x150.jpg\",\"caption\":\"Julien\"},\"description\":\"Je suis Julien, r\u00e9dacteur pour Vie Associative. Passionn\u00e9 par le monde associatif depuis plus de 10 ans, j'ai \u00e0 c\u0153ur de partager des histoires inspirantes et de mettre en lumi\u00e8re les initiatives locales. Mon objectif est de sensibiliser et d'encourager l'engagement communautaire \u00e0 travers mes articles.\",\"sameAs\":[\"https:\/\/vieassociative.be\/\"]}]}<\/script>\n<!-- \/ Yoast SEO plugin. -->","yoast_head_json":{"title":"Le nouveau maillot domicile des Diables Rouges a \u00e9t\u00e9 officiellement d\u00e9voil\u00e9 | Vie Associative","robots":{"index":"index","follow":"follow","max-snippet":"max-snippet:-1","max-image-preview":"max-image-preview:large","max-video-preview":"max-video-preview:-1"},"canonical":"https:\/\/vieassociative.be\/actualites\/le-nouveau-maillot-domicile-des-diables-rouges-a-ete-officiellement-devoile\/","og_locale":"fr_FR","og_type":"article","og_title":"Le nouveau maillot domicile des Diables Rouges a \u00e9t\u00e9 officiellement d\u00e9voil\u00e9 | Vie Associative","og_description":"Le secret est d\u00e9voil\u00e9, le nouveau maillot domicile des \u00e9quipes nationales belges de football, des Diables Rouges aux Flames Rouges en passant par toutes les","og_url":"https:\/\/vieassociative.be\/actualites\/le-nouveau-maillot-domicile-des-diables-rouges-a-ete-officiellement-devoile\/","og_site_name":"Vie Associative","article_published_time":"2025-11-05T20:17:32+00:00","og_image":[{"width":279,"height":92,"url":"https:\/\/vieassociative.be\/actualites\/wp-content\/uploads\/2024\/09\/header_backgroundk-01-e1726694325946.png","type":"image\/png"}],"author":"Julien","twitter_card":"summary_large_image","twitter_misc":{"\u00c9crit par":"Julien","Dur\u00e9e de lecture est.":"1 minute"},"schema":{"@context":"https:\/\/schema.org","@graph":[{"@type":"Article","@id":"https:\/\/vieassociative.be\/actualites\/le-nouveau-maillot-domicile-des-diables-rouges-a-ete-officiellement-devoile\/#article","isPartOf":{"@id":"https:\/\/vieassociative.be\/actualites\/le-nouveau-maillot-domicile-des-diables-rouges-a-ete-officiellement-devoile\/"},"author":{"name":"Julien","@id":"https:\/\/vieassociative.be\/actualites\/#\/schema\/person\/b87ac4f82f9d4e7b7cec7395b679edc4"},"headline":"Le nouveau maillot domicile des Diables Rouges a \u00e9t\u00e9 officiellement d\u00e9voil\u00e9","datePublished":"2025-11-05T20:17:32+00:00","dateModified":"2025-11-05T20:17:32+00:00","mainEntityOfPage":{"@id":"https:\/\/vieassociative.be\/actualites\/le-nouveau-maillot-domicile-des-diables-rouges-a-ete-officiellement-devoile\/"},"wordCount":307,"publisher":{"@id":"https:\/\/vieassociative.be\/actualites\/#organization"},"image":{"@id":"https:\/\/vieassociative.be\/actualites\/le-nouveau-maillot-domicile-des-diables-rouges-a-ete-officiellement-devoile\/#primaryimage"},"thumbnailUrl":"https:\/\/vieassociative.be\/actualites\/wp-content\/uploads\/2025\/11\/Le-nouveau-maillot-domicile-des-Diables-Rouges-a-ete-officiellement.jpg","keywords":["Des","d\u00e9voil\u00e9","Diables","domicile","\u00e9t\u00e9","maillot","nouveau","officiellement","rouges"],"articleSection":["Belgique"],"inLanguage":"fr-BE"},{"@type":"WebPage","@id":"https:\/\/vieassociative.be\/actualites\/le-nouveau-maillot-domicile-des-diables-rouges-a-ete-officiellement-devoile\/","url":"https:\/\/vieassociative.be\/actualites\/le-nouveau-maillot-domicile-des-diables-rouges-a-ete-officiellement-devoile\/","name":"Le nouveau maillot domicile des Diables Rouges a \u00e9t\u00e9 officiellement d\u00e9voil\u00e9 | Vie Associative","isPartOf":{"@id":"https:\/\/vieassociative.be\/actualites\/#website"},"primaryImageOfPage":{"@id":"https:\/\/vieassociative.be\/actualites\/le-nouveau-maillot-domicile-des-diables-rouges-a-ete-officiellement-devoile\/#primaryimage"},"image":{"@id":"https:\/\/vieassociative.be\/actualites\/le-nouveau-maillot-domicile-des-diables-rouges-a-ete-officiellement-devoile\/#primaryimage"},"thumbnailUrl":"https:\/\/vieassociative.be\/actualites\/wp-content\/uploads\/2025\/11\/Le-nouveau-maillot-domicile-des-Diables-Rouges-a-ete-officiellement.jpg","datePublished":"2025-11-05T20:17:32+00:00","dateModified":"2025-11-05T20:17:32+00:00","breadcrumb":{"@id":"https:\/\/vieassociative.be\/actualites\/le-nouveau-maillot-domicile-des-diables-rouges-a-ete-officiellement-devoile\/#breadcrumb"},"inLanguage":"fr-BE","potentialAction":[{"@type":"ReadAction","target":["https:\/\/vieassociative.be\/actualites\/le-nouveau-maillot-domicile-des-diables-rouges-a-ete-officiellement-devoile\/"]}]},{"@type":"ImageObject","inLanguage":"fr-BE","@id":"https:\/\/vieassociative.be\/actualites\/le-nouveau-maillot-domicile-des-diables-rouges-a-ete-officiellement-devoile\/#primaryimage","url":"https:\/\/vieassociative.be\/actualites\/wp-content\/uploads\/2025\/11\/Le-nouveau-maillot-domicile-des-Diables-Rouges-a-ete-officiellement.jpg","contentUrl":"https:\/\/vieassociative.be\/actualites\/wp-content\/uploads\/2025\/11\/Le-nouveau-maillot-domicile-des-Diables-Rouges-a-ete-officiellement.jpg","width":1406,"height":937,"caption":"Le nouveau maillot domicile des Diables Rouges a \u00e9t\u00e9 officiellement d\u00e9voil\u00e9"},{"@type":"BreadcrumbList","@id":"https:\/\/vieassociative.be\/actualites\/le-nouveau-maillot-domicile-des-diables-rouges-a-ete-officiellement-devoile\/#breadcrumb","itemListElement":[{"@type":"ListItem","position":1,"name":"Accueil","item":"https:\/\/vieassociative.be\/actualites\/"},{"@type":"ListItem","position":2,"name":"Le nouveau maillot domicile des Diables Rouges a \u00e9t\u00e9 officiellement d\u00e9voil\u00e9"}]},{"@type":"WebSite","@id":"https:\/\/vieassociative.be\/actualites\/#website","url":"https:\/\/vieassociative.be\/actualites\/","name":"Vie Associative","description":"","publisher":{"@id":"https:\/\/vieassociative.be\/actualites\/#organization"},"potentialAction":[{"@type":"SearchAction","target":{"@type":"EntryPoint","urlTemplate":"https:\/\/vieassociative.be\/actualites\/?s={search_term_string}"},"query-input":{"@type":"PropertyValueSpecification","valueRequired":true,"valueName":"search_term_string"}}],"inLanguage":"fr-BE"},{"@type":"Organization","@id":"https:\/\/vieassociative.be\/actualites\/#organization","name":"Vie Associative","url":"https:\/\/vieassociative.be\/actualites\/","logo":{"@type":"ImageObject","inLanguage":"fr-BE","@id":"https:\/\/vieassociative.be\/actualites\/#\/schema\/logo\/image\/","url":"https:\/\/vieassociative.be\/actualites\/wp-content\/uploads\/2024\/09\/cropped-vieassociative_favicon.ico.png","contentUrl":"https:\/\/vieassociative.be\/actualites\/wp-content\/uploads\/2024\/09\/cropped-vieassociative_favicon.ico.png","width":512,"height":512,"caption":"Vie Associative"},"image":{"@id":"https:\/\/vieassociative.be\/actualites\/#\/schema\/logo\/image\/"}},{"@type":"Person","@id":"https:\/\/vieassociative.be\/actualites\/#\/schema\/person\/b87ac4f82f9d4e7b7cec7395b679edc4","name":"Julien","image":{"@type":"ImageObject","inLanguage":"fr-BE","@id":"https:\/\/vieassociative.be\/actualites\/#\/schema\/person\/image\/","url":"https:\/\/vieassociative.be\/actualites\/wp-content\/uploads\/2024\/09\/vie-associative-1-150x150.jpg","contentUrl":"https:\/\/vieassociative.be\/actualites\/wp-content\/uploads\/2024\/09\/vie-associative-1-150x150.jpg","caption":"Julien"},"description":"Je suis Julien, r\u00e9dacteur pour Vie Associative. Passionn\u00e9 par le monde associatif depuis plus de 10 ans, j'ai \u00e0 c\u0153ur de partager des histoires inspirantes et de mettre en lumi\u00e8re les initiatives locales. Mon objectif est de sensibiliser et d'encourager l'engagement communautaire \u00e0 travers mes articles.","sameAs":["https:\/\/vieassociative.be\/"]}]}},"_links":{"self":[{"href":"https:\/\/vieassociative.be\/actualites\/wp-json\/wp\/v2\/posts\/11130"}],"collection":[{"href":"https:\/\/vieassociative.be\/actualites\/wp-json\/wp\/v2\/posts"}],"about":[{"href":"https:\/\/vieassociative.be\/actualites\/wp-json\/wp\/v2\/types\/post"}],"author":[{"embeddable":true,"href":"https:\/\/vieassociative.be\/actualites\/wp-json\/wp\/v2\/users\/1"}],"replies":[{"embeddable":true,"href":"https:\/\/vieassociative.be\/actualites\/wp-json\/wp\/v2\/comments?post=11130"}],"version-history":[{"count":0,"href":"https:\/\/vieassociative.be\/actualites\/wp-json\/wp\/v2\/posts\/11130\/revisions"}],"wp:featuredmedia":[{"embeddable":true,"href":"https:\/\/vieassociative.be\/actualites\/wp-json\/wp\/v2\/media\/11131"}],"wp:attachment":[{"href":"https:\/\/vieassociative.be\/actualites\/wp-json\/wp\/v2\/media?parent=11130"}],"wp:term":[{"taxonomy":"category","embeddable":true,"href":"https:\/\/vieassociative.be\/actualites\/wp-json\/wp\/v2\/categories?post=11130"},{"taxonomy":"post_tag","embeddable":true,"href":"https:\/\/vieassociative.be\/actualites\/wp-json\/wp\/v2\/tags?post=11130"}],"curies":[{"name":"wp","href":"https:\/\/api.w.org\/{rel}","templated":true}]}}