{"id":1113,"date":"2024-10-11T21:17:24","date_gmt":"2024-10-11T19:17:24","guid":{"rendered":"https:\/\/vieassociative.be\/actualites\/que-faire-lorsque-votre-tout-petit-agit-de-maniere-agressive\/"},"modified":"2024-10-11T21:17:24","modified_gmt":"2024-10-11T19:17:24","slug":"que-faire-lorsque-votre-tout-petit-agit-de-maniere-agressive","status":"publish","type":"post","link":"https:\/\/vieassociative.be\/actualites\/que-faire-lorsque-votre-tout-petit-agit-de-maniere-agressive\/","title":{"rendered":"Que faire lorsque votre tout-petit agit de mani\u00e8re agressive"},"content":{"rendered":"<div class=\"mt-4 leading-6 md:mb-8\">Donnez \u00e0 votre enfant de l\u2019espace pour exprimer ses grands sentiments.<\/div>\n<p><\/p>\n<p>La col\u00e8re est un sentiment intense, surtout lorsqu&rsquo;un enfant en fait l&rsquo;exp\u00e9rience. Qu&rsquo;il se dispute \u00e0 propos d&rsquo;un jouet avec un fr\u00e8re ou une s\u0153ur ou qu&rsquo;il n&rsquo;obtienne pas quelque chose qu&rsquo;il voulait, un enfant furieux peut devenir incontr\u00f4lable n&rsquo;importe o\u00f9\u00a0: au parc, lors d&rsquo;une course Target ou pendant la r\u00e9cr\u00e9ation \u00e0 l&rsquo;\u00e9cole. Et entendre que votre fils ou votre fille a frapp\u00e9, pouss\u00e9 ou mordu quelqu&rsquo;un d&rsquo;autre peut vous laisser embarrass\u00e9 et m\u00eame un peu effray\u00e9.<\/p>\n<p>\u00ab\u00a0Lorsqu&rsquo;un enfant est agressif, il n&rsquo;est g\u00e9n\u00e9ralement pas en mesure de vraiment \u00e9couter, traiter ou raisonner\u00a0\u00bb, explique le p\u00e9diatre Dr Kelly Fradin, auteur de <em>Parentalit\u00e9 avanc\u00e9e\u00a0: conseils pour aider les enfants \u00e0 travers les diagnostics, les diff\u00e9rences et les d\u00e9fis de sant\u00e9 mentale. <\/em>\u00ab\u00a0Ils sont tr\u00e8s contrari\u00e9s et concentr\u00e9s sur ce qu&rsquo;ils veulent.\u00a0\u00bb<\/p>\n<p>Comment un parent peut-il amener son enfant \u00e0 changer d\u2019orientation et \u00e0 se calmer ? Nous examinerons ce que les parents peuvent faire pour d\u00e9samorcer une situation difficile sur le moment et comment les explosions d&rsquo;agressivit\u00e9 peuvent \u00eatre temp\u00e9r\u00e9es au fil du temps. <\/p>\n<h2 id=\"get-to-the-root-of-the-behavior\"><strong>Aller \u00e0 la racine du comportement<\/strong><\/h2>\n<p>Pour d\u00e9couvrir ce qui pousse un enfant \u00e0 \u00eatre agressif, Fradin recommande d&rsquo;utiliser l&rsquo;acronyme HALT. La prochaine fois que votre enfant passe \u00e0 l&rsquo;acte, demandez-vous s&rsquo;il\u00a0:<\/p>\n<ul>\n<li>\n<p><strong>Affam\u00e9: <\/strong>Votre enfant a peut-\u00eatre soif ou a besoin d\u2019une collation.<\/p>\n<\/li>\n<li>\n<p><strong>En col\u00e8re: <\/strong>Anticipez tout comportement qui pourrait amener votre enfant \u00e0 se d\u00e9cha\u00eener.<\/p>\n<\/li>\n<li>\n<p><strong>Solitaire: <\/strong>Votre enfant a peut-\u00eatre besoin d\u2019une attention suppl\u00e9mentaire.<\/p>\n<\/li>\n<li>\n<p><strong>Fatigu\u00e9: <\/strong>Assurez-vous qu\u2019ils dorment suffisamment.<\/p>\n<\/li>\n<\/ul>\n<p>\u00abM\u00eame si un enfant n&rsquo;est pas vraiment seul, il peut avoir besoin de plus d&rsquo;attention individuelle de la part de ses parents et parfois se comporter mal pour attirer cette attention\u00bb, explique Fradin. \u00ab\u00a0Un moment de qualit\u00e9 pendant lequel vous pr\u00eatez attention \u00e0 votre enfant et n&rsquo;est pas distrait par la pr\u00e9paration des repas ou par un t\u00e9l\u00e9phone peut vous aider.\u00a0\u00bb<\/p>\n<h2 id=\"give-them-the-time-and-space-they-need-but-dont-call-it-a-timeout\">Donnez-leur le temps et l&rsquo;espace dont ils ont besoin, mais n&rsquo;appelez pas cela un temps mort<\/h2>\n<p>Lorsqu\u2019un enfant agit de mani\u00e8re agressive, il peut se faire du mal ou faire du mal \u00e0 autrui. Ils ont besoin de temps et d\u2019espace pour r\u00e9guler leurs sentiments. Bien que l&rsquo;on puisse \u00eatre prompt \u00e0 appeler cela un temps mort, parfois mettre cette \u00e9tiquette dessus ou en parler peut faire plus de mal que de bien, car cela peut attirer davantage d&rsquo;attention (positive et n\u00e9gative) sur le comportement agressif, qu&rsquo;ils auraient pu vouloir tous. le long de. Parler des choses peut \u00e9galement \u00eatre plus que ce qu&rsquo;ils peuvent g\u00e9rer pour le moment.<\/p>\n<p>\u00ab\u00a0Parfois, les enfants se comportent mal parce qu&rsquo;ils sont trop stimul\u00e9s, alors parler d&rsquo;eux, leur parler, \u00eatre avec eux et interagir avec eux peut \u00eatre plus que ce qu&rsquo;ils peuvent g\u00e9rer \u00e0 ce moment-l\u00e0\u00a0\u00bb, explique Fradin. \u00ab Vous devez donc conna\u00eetre votre enfant et ce dont il a besoin.<\/p>\n<p>Une fa\u00e7on de calmer votre enfant est de donner l\u2019exemple et de vous calmer. J&rsquo;ai d\u00e9couvert que demander calmement \u00e0 mon enfant de prendre une profonde inspiration avec moi nous aide \u00e0 nous mettre tous les deux dans le bon espace libre pour \u00e9couter et travailler ensemble. Ensuite, pendant qu&rsquo;ils se d\u00e9tendent, prenez un moment pour v\u00e9rifier si quelqu&rsquo;un d&rsquo;autre aurait pu \u00eatre la cible de la crise de col\u00e8re. Non seulement c\u2019est la bonne chose \u00e0 faire, mais cela montre \u00e0 votre enfant comment faire preuve de bienveillance et d\u2019empathie. <\/p>\n<h2 id=\"go-over-the-moment-with-your-child\">Revivez le moment avec votre enfant<\/h2>\n<p>Comme indiqu\u00e9 ci-dessus, il n\u2019est peut-\u00eatre pas productif pour un parent de parler \u00e0 son enfant lors d\u2019une crise d\u2019agressivit\u00e9. Si votre enfant est assez vieux pour comprendre ses actions et a eu l&rsquo;occasion de se calmer, c&rsquo;est une bonne id\u00e9e de revenir sur l&rsquo;incident et de discuter des raisons pour lesquelles son comportement \u00e9tait probl\u00e9matique. Cela aide le parent et l\u2019enfant \u00e0 travailler ensemble pour cr\u00e9er un plan de match.<\/p>\n<p>\u00ab Posez des questions telles que : \u00ab Que pouvons-nous faire diff\u00e9remment la prochaine fois ? Comment puis-je vous aider la prochaine fois que vous serez boulevers\u00e9\u00a0? Quelle meilleure strat\u00e9gie pouvons-nous adopter ? \u00bb, d\u00e9clare Fradin.<\/p>\n<h2 id=\"dont-reinforce-the-behavior\">Ne renforcez pas le comportement<\/h2>\n<p>Lorsqu\u2019un enfant agit de mani\u00e8re agressive, un parent peut involontairement renforcer ce comportement. Par exemple\u00a0: un enfant frappe ou mord quelqu&rsquo;un d&rsquo;autre parce qu&rsquo;il veut un jouet, et vous donnez le jouet \u00e0 l&rsquo;enfant qui passe \u00e0 l&rsquo;acte pour l&rsquo;apaiser. Ils se souviendront qu\u2019\u00eatre agressif \u00e9tait une strat\u00e9gie efficace, ce qui leur donne une raison de r\u00e9essayer. <\/p>\n<p>\u00ab\u00a0Vous voulez \u00e9viter de fournir des commentaires positifs apr\u00e8s avoir affich\u00e9 un comportement que vous n&rsquo;aimez pas\u00a0\u00bb, explique Fradin. \u00abDes parents ont mis le jouet en pause. Ils diront : \u00ab Si vous ne parvenez pas tous les deux \u00e0 comprendre comment bien jouer avec \u00e7a, nous le rangerons simplement. \u00bb<\/p>\n<h2 id=\"its-ok-to-talk-to-someone\">C&rsquo;est bien de parler \u00e0 quelqu&rsquo;un<\/h2>\n<p>Les parents recherchent souvent l&rsquo;aide d&rsquo;un professionnel en dernier recours, mais Fradin encourage les parents \u00e0 obtenir de l&rsquo;aide le plus t\u00f4t possible. Cela peut aider \u00e0 apporter une perspective diff\u00e9rente et \u00e0 apporter un soutien \u00e9motionnel et un r\u00e9confort aux parents. <\/p>\n<p>\u00ab Prendre le temps de faire une \u00e9valuation est un outil important \u00bb, explique Fradin. \u00ab Un enfant peut avoir une neurodiversit\u00e9 sous-jacente, un TDAH sous-jacent ou une d\u00e9ficience d\u00e9veloppementale sous-jacente. Diff\u00e9rentes strat\u00e9gies pourraient \u00eatre les meilleures pour un enfant individuel.<\/p>\n","protected":false},"excerpt":{"rendered":"<p>Donnez \u00e0 votre enfant de l\u2019espace pour exprimer ses grands sentiments. La col\u00e8re est un sentiment intense, surtout lorsqu&rsquo;un enfant en fait l&rsquo;exp\u00e9rience. Qu&rsquo;il se<\/p>\n","protected":false},"author":1,"featured_media":1114,"comment_status":"","ping_status":"","sticky":false,"template":"","format":"standard","meta":{"footnotes":""},"categories":[37],"tags":[1679,1680,127,559,327,1678,8],"class_list":["post-1113","post","type-post","status-publish","format-standard","has-post-thumbnail","hentry","category-famille","tag-agit","tag-agressive","tag-faire","tag-lorsque","tag-maniere","tag-toutpetit","tag-votre","generate-columns","tablet-grid-50","mobile-grid-100","grid-parent","grid-33"],"yoast_head":"<!-- This site is optimized with the Yoast SEO plugin v24.0 - https:\/\/yoast.com\/wordpress\/plugins\/seo\/ -->\n<title>Que faire lorsque votre tout-petit agit de mani\u00e8re agressive | Vie Associative<\/title>\n<meta name=\"robots\" content=\"index, follow, max-snippet:-1, max-image-preview:large, max-video-preview:-1\" \/>\n<link rel=\"canonical\" href=\"https:\/\/vieassociative.be\/actualites\/que-faire-lorsque-votre-tout-petit-agit-de-maniere-agressive\/\" \/>\n<meta property=\"og:locale\" content=\"fr_FR\" \/>\n<meta property=\"og:type\" content=\"article\" \/>\n<meta property=\"og:title\" content=\"Que faire lorsque votre tout-petit agit de mani\u00e8re agressive | Vie Associative\" \/>\n<meta property=\"og:description\" content=\"Donnez \u00e0 votre enfant de l\u2019espace pour exprimer ses grands sentiments. La col\u00e8re est un sentiment intense, surtout lorsqu&rsquo;un enfant en fait l&rsquo;exp\u00e9rience. Qu&rsquo;il se\" \/>\n<meta property=\"og:url\" content=\"https:\/\/vieassociative.be\/actualites\/que-faire-lorsque-votre-tout-petit-agit-de-maniere-agressive\/\" \/>\n<meta property=\"og:site_name\" content=\"Vie Associative\" \/>\n<meta property=\"article:published_time\" content=\"2024-10-11T19:17:24+00:00\" \/>\n<meta property=\"og:image\" content=\"https:\/\/vieassociative.be\/actualites\/wp-content\/uploads\/2024\/09\/header_backgroundk-01-e1726694325946.png\" \/>\n\t<meta property=\"og:image:width\" content=\"279\" \/>\n\t<meta property=\"og:image:height\" content=\"92\" \/>\n\t<meta property=\"og:image:type\" content=\"image\/png\" \/>\n<meta name=\"author\" content=\"Julien\" \/>\n<meta name=\"twitter:card\" content=\"summary_large_image\" \/>\n<meta name=\"twitter:label1\" content=\"\u00c9crit par\" \/>\n\t<meta name=\"twitter:data1\" content=\"Julien\" \/>\n\t<meta name=\"twitter:label2\" content=\"Dur\u00e9e de lecture est.\" \/>\n\t<meta name=\"twitter:data2\" content=\"5 minutes\" \/>\n<script type=\"application\/ld+json\" class=\"yoast-schema-graph\">{\"@context\":\"https:\/\/schema.org\",\"@graph\":[{\"@type\":\"Article\",\"@id\":\"https:\/\/vieassociative.be\/actualites\/que-faire-lorsque-votre-tout-petit-agit-de-maniere-agressive\/#article\",\"isPartOf\":{\"@id\":\"https:\/\/vieassociative.be\/actualites\/que-faire-lorsque-votre-tout-petit-agit-de-maniere-agressive\/\"},\"author\":{\"name\":\"Julien\",\"@id\":\"https:\/\/vieassociative.be\/actualites\/#\/schema\/person\/b87ac4f82f9d4e7b7cec7395b679edc4\"},\"headline\":\"Que faire lorsque votre tout-petit agit de mani\u00e8re agressive\",\"datePublished\":\"2024-10-11T19:17:24+00:00\",\"dateModified\":\"2024-10-11T19:17:24+00:00\",\"mainEntityOfPage\":{\"@id\":\"https:\/\/vieassociative.be\/actualites\/que-faire-lorsque-votre-tout-petit-agit-de-maniere-agressive\/\"},\"wordCount\":977,\"publisher\":{\"@id\":\"https:\/\/vieassociative.be\/actualites\/#organization\"},\"image\":{\"@id\":\"https:\/\/vieassociative.be\/actualites\/que-faire-lorsque-votre-tout-petit-agit-de-maniere-agressive\/#primaryimage\"},\"thumbnailUrl\":\"https:\/\/vieassociative.be\/actualites\/wp-content\/uploads\/2024\/10\/Que-faire-lorsque-votre-tout-petit-agit-de-maniere-agressive.jpg\",\"keywords\":[\"agit\",\"agressive\",\"faire\",\"lorsque\",\"mani\u00e8re\",\"toutpetit\",\"votre\"],\"articleSection\":[\"Famille\"],\"inLanguage\":\"fr-BE\"},{\"@type\":\"WebPage\",\"@id\":\"https:\/\/vieassociative.be\/actualites\/que-faire-lorsque-votre-tout-petit-agit-de-maniere-agressive\/\",\"url\":\"https:\/\/vieassociative.be\/actualites\/que-faire-lorsque-votre-tout-petit-agit-de-maniere-agressive\/\",\"name\":\"Que faire lorsque votre tout-petit agit de mani\u00e8re agressive | Vie Associative\",\"isPartOf\":{\"@id\":\"https:\/\/vieassociative.be\/actualites\/#website\"},\"primaryImageOfPage\":{\"@id\":\"https:\/\/vieassociative.be\/actualites\/que-faire-lorsque-votre-tout-petit-agit-de-maniere-agressive\/#primaryimage\"},\"image\":{\"@id\":\"https:\/\/vieassociative.be\/actualites\/que-faire-lorsque-votre-tout-petit-agit-de-maniere-agressive\/#primaryimage\"},\"thumbnailUrl\":\"https:\/\/vieassociative.be\/actualites\/wp-content\/uploads\/2024\/10\/Que-faire-lorsque-votre-tout-petit-agit-de-maniere-agressive.jpg\",\"datePublished\":\"2024-10-11T19:17:24+00:00\",\"dateModified\":\"2024-10-11T19:17:24+00:00\",\"breadcrumb\":{\"@id\":\"https:\/\/vieassociative.be\/actualites\/que-faire-lorsque-votre-tout-petit-agit-de-maniere-agressive\/#breadcrumb\"},\"inLanguage\":\"fr-BE\",\"potentialAction\":[{\"@type\":\"ReadAction\",\"target\":[\"https:\/\/vieassociative.be\/actualites\/que-faire-lorsque-votre-tout-petit-agit-de-maniere-agressive\/\"]}]},{\"@type\":\"ImageObject\",\"inLanguage\":\"fr-BE\",\"@id\":\"https:\/\/vieassociative.be\/actualites\/que-faire-lorsque-votre-tout-petit-agit-de-maniere-agressive\/#primaryimage\",\"url\":\"https:\/\/vieassociative.be\/actualites\/wp-content\/uploads\/2024\/10\/Que-faire-lorsque-votre-tout-petit-agit-de-maniere-agressive.jpg\",\"contentUrl\":\"https:\/\/vieassociative.be\/actualites\/wp-content\/uploads\/2024\/10\/Que-faire-lorsque-votre-tout-petit-agit-de-maniere-agressive.jpg\",\"width\":1200,\"height\":675,\"caption\":\"Que faire lorsque votre tout-petit agit de mani\u00e8re agressive\"},{\"@type\":\"BreadcrumbList\",\"@id\":\"https:\/\/vieassociative.be\/actualites\/que-faire-lorsque-votre-tout-petit-agit-de-maniere-agressive\/#breadcrumb\",\"itemListElement\":[{\"@type\":\"ListItem\",\"position\":1,\"name\":\"Accueil\",\"item\":\"https:\/\/vieassociative.be\/actualites\/\"},{\"@type\":\"ListItem\",\"position\":2,\"name\":\"Que faire lorsque votre tout-petit agit de mani\u00e8re agressive\"}]},{\"@type\":\"WebSite\",\"@id\":\"https:\/\/vieassociative.be\/actualites\/#website\",\"url\":\"https:\/\/vieassociative.be\/actualites\/\",\"name\":\"Vie Associative\",\"description\":\"\",\"publisher\":{\"@id\":\"https:\/\/vieassociative.be\/actualites\/#organization\"},\"potentialAction\":[{\"@type\":\"SearchAction\",\"target\":{\"@type\":\"EntryPoint\",\"urlTemplate\":\"https:\/\/vieassociative.be\/actualites\/?s={search_term_string}\"},\"query-input\":{\"@type\":\"PropertyValueSpecification\",\"valueRequired\":true,\"valueName\":\"search_term_string\"}}],\"inLanguage\":\"fr-BE\"},{\"@type\":\"Organization\",\"@id\":\"https:\/\/vieassociative.be\/actualites\/#organization\",\"name\":\"Vie Associative\",\"url\":\"https:\/\/vieassociative.be\/actualites\/\",\"logo\":{\"@type\":\"ImageObject\",\"inLanguage\":\"fr-BE\",\"@id\":\"https:\/\/vieassociative.be\/actualites\/#\/schema\/logo\/image\/\",\"url\":\"https:\/\/vieassociative.be\/actualites\/wp-content\/uploads\/2024\/09\/cropped-vieassociative_favicon.ico.png\",\"contentUrl\":\"https:\/\/vieassociative.be\/actualites\/wp-content\/uploads\/2024\/09\/cropped-vieassociative_favicon.ico.png\",\"width\":512,\"height\":512,\"caption\":\"Vie Associative\"},\"image\":{\"@id\":\"https:\/\/vieassociative.be\/actualites\/#\/schema\/logo\/image\/\"}},{\"@type\":\"Person\",\"@id\":\"https:\/\/vieassociative.be\/actualites\/#\/schema\/person\/b87ac4f82f9d4e7b7cec7395b679edc4\",\"name\":\"Julien\",\"image\":{\"@type\":\"ImageObject\",\"inLanguage\":\"fr-BE\",\"@id\":\"https:\/\/vieassociative.be\/actualites\/#\/schema\/person\/image\/\",\"url\":\"https:\/\/vieassociative.be\/actualites\/wp-content\/uploads\/2024\/09\/vie-associative-1-150x150.jpg\",\"contentUrl\":\"https:\/\/vieassociative.be\/actualites\/wp-content\/uploads\/2024\/09\/vie-associative-1-150x150.jpg\",\"caption\":\"Julien\"},\"description\":\"Je suis Julien, r\u00e9dacteur pour Vie Associative. Passionn\u00e9 par le monde associatif depuis plus de 10 ans, j'ai \u00e0 c\u0153ur de partager des histoires inspirantes et de mettre en lumi\u00e8re les initiatives locales. Mon objectif est de sensibiliser et d'encourager l'engagement communautaire \u00e0 travers mes articles.\",\"sameAs\":[\"https:\/\/vieassociative.be\/\"]}]}<\/script>\n<!-- \/ Yoast SEO plugin. -->","yoast_head_json":{"title":"Que faire lorsque votre tout-petit agit de mani\u00e8re agressive | Vie Associative","robots":{"index":"index","follow":"follow","max-snippet":"max-snippet:-1","max-image-preview":"max-image-preview:large","max-video-preview":"max-video-preview:-1"},"canonical":"https:\/\/vieassociative.be\/actualites\/que-faire-lorsque-votre-tout-petit-agit-de-maniere-agressive\/","og_locale":"fr_FR","og_type":"article","og_title":"Que faire lorsque votre tout-petit agit de mani\u00e8re agressive | Vie Associative","og_description":"Donnez \u00e0 votre enfant de l\u2019espace pour exprimer ses grands sentiments. La col\u00e8re est un sentiment intense, surtout lorsqu&rsquo;un enfant en fait l&rsquo;exp\u00e9rience. Qu&rsquo;il se","og_url":"https:\/\/vieassociative.be\/actualites\/que-faire-lorsque-votre-tout-petit-agit-de-maniere-agressive\/","og_site_name":"Vie Associative","article_published_time":"2024-10-11T19:17:24+00:00","og_image":[{"width":279,"height":92,"url":"https:\/\/vieassociative.be\/actualites\/wp-content\/uploads\/2024\/09\/header_backgroundk-01-e1726694325946.png","type":"image\/png"}],"author":"Julien","twitter_card":"summary_large_image","twitter_misc":{"\u00c9crit par":"Julien","Dur\u00e9e de lecture est.":"5 minutes"},"schema":{"@context":"https:\/\/schema.org","@graph":[{"@type":"Article","@id":"https:\/\/vieassociative.be\/actualites\/que-faire-lorsque-votre-tout-petit-agit-de-maniere-agressive\/#article","isPartOf":{"@id":"https:\/\/vieassociative.be\/actualites\/que-faire-lorsque-votre-tout-petit-agit-de-maniere-agressive\/"},"author":{"name":"Julien","@id":"https:\/\/vieassociative.be\/actualites\/#\/schema\/person\/b87ac4f82f9d4e7b7cec7395b679edc4"},"headline":"Que faire lorsque votre tout-petit agit de mani\u00e8re agressive","datePublished":"2024-10-11T19:17:24+00:00","dateModified":"2024-10-11T19:17:24+00:00","mainEntityOfPage":{"@id":"https:\/\/vieassociative.be\/actualites\/que-faire-lorsque-votre-tout-petit-agit-de-maniere-agressive\/"},"wordCount":977,"publisher":{"@id":"https:\/\/vieassociative.be\/actualites\/#organization"},"image":{"@id":"https:\/\/vieassociative.be\/actualites\/que-faire-lorsque-votre-tout-petit-agit-de-maniere-agressive\/#primaryimage"},"thumbnailUrl":"https:\/\/vieassociative.be\/actualites\/wp-content\/uploads\/2024\/10\/Que-faire-lorsque-votre-tout-petit-agit-de-maniere-agressive.jpg","keywords":["agit","agressive","faire","lorsque","mani\u00e8re","toutpetit","votre"],"articleSection":["Famille"],"inLanguage":"fr-BE"},{"@type":"WebPage","@id":"https:\/\/vieassociative.be\/actualites\/que-faire-lorsque-votre-tout-petit-agit-de-maniere-agressive\/","url":"https:\/\/vieassociative.be\/actualites\/que-faire-lorsque-votre-tout-petit-agit-de-maniere-agressive\/","name":"Que faire lorsque votre tout-petit agit de mani\u00e8re agressive | Vie Associative","isPartOf":{"@id":"https:\/\/vieassociative.be\/actualites\/#website"},"primaryImageOfPage":{"@id":"https:\/\/vieassociative.be\/actualites\/que-faire-lorsque-votre-tout-petit-agit-de-maniere-agressive\/#primaryimage"},"image":{"@id":"https:\/\/vieassociative.be\/actualites\/que-faire-lorsque-votre-tout-petit-agit-de-maniere-agressive\/#primaryimage"},"thumbnailUrl":"https:\/\/vieassociative.be\/actualites\/wp-content\/uploads\/2024\/10\/Que-faire-lorsque-votre-tout-petit-agit-de-maniere-agressive.jpg","datePublished":"2024-10-11T19:17:24+00:00","dateModified":"2024-10-11T19:17:24+00:00","breadcrumb":{"@id":"https:\/\/vieassociative.be\/actualites\/que-faire-lorsque-votre-tout-petit-agit-de-maniere-agressive\/#breadcrumb"},"inLanguage":"fr-BE","potentialAction":[{"@type":"ReadAction","target":["https:\/\/vieassociative.be\/actualites\/que-faire-lorsque-votre-tout-petit-agit-de-maniere-agressive\/"]}]},{"@type":"ImageObject","inLanguage":"fr-BE","@id":"https:\/\/vieassociative.be\/actualites\/que-faire-lorsque-votre-tout-petit-agit-de-maniere-agressive\/#primaryimage","url":"https:\/\/vieassociative.be\/actualites\/wp-content\/uploads\/2024\/10\/Que-faire-lorsque-votre-tout-petit-agit-de-maniere-agressive.jpg","contentUrl":"https:\/\/vieassociative.be\/actualites\/wp-content\/uploads\/2024\/10\/Que-faire-lorsque-votre-tout-petit-agit-de-maniere-agressive.jpg","width":1200,"height":675,"caption":"Que faire lorsque votre tout-petit agit de mani\u00e8re agressive"},{"@type":"BreadcrumbList","@id":"https:\/\/vieassociative.be\/actualites\/que-faire-lorsque-votre-tout-petit-agit-de-maniere-agressive\/#breadcrumb","itemListElement":[{"@type":"ListItem","position":1,"name":"Accueil","item":"https:\/\/vieassociative.be\/actualites\/"},{"@type":"ListItem","position":2,"name":"Que faire lorsque votre tout-petit agit de mani\u00e8re agressive"}]},{"@type":"WebSite","@id":"https:\/\/vieassociative.be\/actualites\/#website","url":"https:\/\/vieassociative.be\/actualites\/","name":"Vie Associative","description":"","publisher":{"@id":"https:\/\/vieassociative.be\/actualites\/#organization"},"potentialAction":[{"@type":"SearchAction","target":{"@type":"EntryPoint","urlTemplate":"https:\/\/vieassociative.be\/actualites\/?s={search_term_string}"},"query-input":{"@type":"PropertyValueSpecification","valueRequired":true,"valueName":"search_term_string"}}],"inLanguage":"fr-BE"},{"@type":"Organization","@id":"https:\/\/vieassociative.be\/actualites\/#organization","name":"Vie Associative","url":"https:\/\/vieassociative.be\/actualites\/","logo":{"@type":"ImageObject","inLanguage":"fr-BE","@id":"https:\/\/vieassociative.be\/actualites\/#\/schema\/logo\/image\/","url":"https:\/\/vieassociative.be\/actualites\/wp-content\/uploads\/2024\/09\/cropped-vieassociative_favicon.ico.png","contentUrl":"https:\/\/vieassociative.be\/actualites\/wp-content\/uploads\/2024\/09\/cropped-vieassociative_favicon.ico.png","width":512,"height":512,"caption":"Vie Associative"},"image":{"@id":"https:\/\/vieassociative.be\/actualites\/#\/schema\/logo\/image\/"}},{"@type":"Person","@id":"https:\/\/vieassociative.be\/actualites\/#\/schema\/person\/b87ac4f82f9d4e7b7cec7395b679edc4","name":"Julien","image":{"@type":"ImageObject","inLanguage":"fr-BE","@id":"https:\/\/vieassociative.be\/actualites\/#\/schema\/person\/image\/","url":"https:\/\/vieassociative.be\/actualites\/wp-content\/uploads\/2024\/09\/vie-associative-1-150x150.jpg","contentUrl":"https:\/\/vieassociative.be\/actualites\/wp-content\/uploads\/2024\/09\/vie-associative-1-150x150.jpg","caption":"Julien"},"description":"Je suis Julien, r\u00e9dacteur pour Vie Associative. Passionn\u00e9 par le monde associatif depuis plus de 10 ans, j'ai \u00e0 c\u0153ur de partager des histoires inspirantes et de mettre en lumi\u00e8re les initiatives locales. Mon objectif est de sensibiliser et d'encourager l'engagement communautaire \u00e0 travers mes articles.","sameAs":["https:\/\/vieassociative.be\/"]}]}},"_links":{"self":[{"href":"https:\/\/vieassociative.be\/actualites\/wp-json\/wp\/v2\/posts\/1113"}],"collection":[{"href":"https:\/\/vieassociative.be\/actualites\/wp-json\/wp\/v2\/posts"}],"about":[{"href":"https:\/\/vieassociative.be\/actualites\/wp-json\/wp\/v2\/types\/post"}],"author":[{"embeddable":true,"href":"https:\/\/vieassociative.be\/actualites\/wp-json\/wp\/v2\/users\/1"}],"replies":[{"embeddable":true,"href":"https:\/\/vieassociative.be\/actualites\/wp-json\/wp\/v2\/comments?post=1113"}],"version-history":[{"count":0,"href":"https:\/\/vieassociative.be\/actualites\/wp-json\/wp\/v2\/posts\/1113\/revisions"}],"wp:featuredmedia":[{"embeddable":true,"href":"https:\/\/vieassociative.be\/actualites\/wp-json\/wp\/v2\/media\/1114"}],"wp:attachment":[{"href":"https:\/\/vieassociative.be\/actualites\/wp-json\/wp\/v2\/media?parent=1113"}],"wp:term":[{"taxonomy":"category","embeddable":true,"href":"https:\/\/vieassociative.be\/actualites\/wp-json\/wp\/v2\/categories?post=1113"},{"taxonomy":"post_tag","embeddable":true,"href":"https:\/\/vieassociative.be\/actualites\/wp-json\/wp\/v2\/tags?post=1113"}],"curies":[{"name":"wp","href":"https:\/\/api.w.org\/{rel}","templated":true}]}}