{"id":11124,"date":"2025-11-05T15:19:47","date_gmt":"2025-11-05T14:19:47","guid":{"rendered":"https:\/\/vieassociative.be\/actualites\/condamnation-a-perpetuite-contre-une-ancienne-infirmiere-dune-clinique-de-wurselen-pour-avoir-assassine-dix-fois-des-patients\/"},"modified":"2025-11-05T15:19:47","modified_gmt":"2025-11-05T14:19:47","slug":"condamnation-a-perpetuite-contre-une-ancienne-infirmiere-dune-clinique-de-wurselen-pour-avoir-assassine-dix-fois-des-patients","status":"publish","type":"post","link":"https:\/\/vieassociative.be\/actualites\/condamnation-a-perpetuite-contre-une-ancienne-infirmiere-dune-clinique-de-wurselen-pour-avoir-assassine-dix-fois-des-patients\/","title":{"rendered":"Condamnation \u00e0 perp\u00e9tuit\u00e9 contre une ancienne infirmi\u00e8re d&rsquo;une clinique de W\u00fcrselen pour avoir assassin\u00e9 dix fois des patients"},"content":{"rendered":"<p><strong>Un tribunal d&rsquo;Aix-la-Chapelle a condamn\u00e9 une infirmi\u00e8re \u00e0 la prison \u00e0 vie pour dix chefs de meurtre et 27 chefs de tentative de meurtre. Le tribunal r\u00e9gional d&rsquo;Aix-la-Chapelle \u00e9tait convaincu qu&rsquo;il avait administr\u00e9 des injections mortelles \u00e0 des patients d&rsquo;un service de soins palliatifs.<\/strong><\/p>\n<p><span id=\"more-428981\"><\/span>Le tribunal a soulign\u00e9 la gravit\u00e9 particuli\u00e8re de la culpabilit\u00e9. Cela signifie que la lib\u00e9ration apr\u00e8s 15 ans est g\u00e9n\u00e9ralement impossible. En rendant son verdict, le tribunal a suivi la demande du procureur.<\/p>\n<p>L&rsquo;infirmi\u00e8re avait initialement \u00e9t\u00e9 accus\u00e9e de neuf meurtres et de 34 tentatives, mais le tribunal a d\u00e9sormais consid\u00e9r\u00e9 un autre crime comme un homicide complet.<\/p>\n<p>L&rsquo;accus\u00e9 a commis les crimes entre d\u00e9cembre 2023 et mai 2024 \u00e0 la clinique Rhein-Maas \u00e0 W\u00fcrselen, pr\u00e8s d&rsquo;Aix-la-Chapelle. En cons\u00e9quence, il administrait de sa propre initiative des m\u00e9dicaments s\u00e9datifs \u00e0 des patients gravement malades, parfois en association avec des analg\u00e9siques.<\/p>\n<div id=\"attachment_428988\" class=\"wp-caption alignleft\" style=\"max-width: 300px\"><img fetchpriority=\"high\" decoding=\"async\" class=\"wp-image-428988 size-medium\" src=\"https:\/\/vieassociative.be\/actualites\/wp-content\/uploads\/2025\/11\/Condamnation-a-perpetuite-contre-une-ancienne-infirmiere-dune-clinique-de.jpg\" alt=\"\" width=\"300\" height=\"200\"><\/div>\n<p>Selon l&rsquo;accusation, le motif \u00e9tait qu&rsquo;il voulait endormir les patients afin d&rsquo;avoir le moins de travail possible pendant ses quarts de nuit. L&rsquo;Allemand de 44 ans a ni\u00e9 ces all\u00e9gations. Il a d\u00e9clar\u00e9 lors du proc\u00e8s en cours depuis mars qu&rsquo;il n&rsquo;avait administr\u00e9 aucun m\u00e9dicament dans le but de raccourcir la vie. Ses avocats avaient demand\u00e9 son acquittement.<\/p>\n<p>L&rsquo;infirmi\u00e8re a peut-\u00eatre commis davantage de crimes. Les enqu\u00eateurs examinent actuellement un certain nombre d&rsquo;autres cas suspects datant de ses premi\u00e8res ann\u00e9es d&#8217;emploi. Le parquet d&rsquo;Aix-la-Chapelle a d\u00e9j\u00e0 annonc\u00e9 qu&rsquo;il allait probablement engager de nouvelles poursuites contre l&rsquo;homme.<\/p>\n<p>Apr\u00e8s l&rsquo;audition des preuves, le procureur a suppos\u00e9 dans son plaidoyer que 13 meurtres avaient \u00e9t\u00e9 commis.<\/p>\n<p>Le cas de l\u2019ex-infirmier Niels H\u00f6gel est consid\u00e9r\u00e9 \u00e0 ce jour comme la plus grande s\u00e9rie de meurtres de l\u2019histoire allemande d\u2019apr\u00e8s-guerre. Il a \u00e9t\u00e9 condamn\u00e9 \u00e0 la prison \u00e0 vie en 2019 pour 85 meurtres. Ses motivations pour ces crimes restaient floues. (dpa\/cr\u00e9)<\/p>\n","protected":false},"excerpt":{"rendered":"<p>Un tribunal d&rsquo;Aix-la-Chapelle a condamn\u00e9 une infirmi\u00e8re \u00e0 la prison \u00e0 vie pour dix chefs de meurtre et 27 chefs de tentative de meurtre. Le<\/p>\n","protected":false},"author":1,"featured_media":11125,"comment_status":"","ping_status":"","sticky":false,"template":"","format":"standard","meta":{"footnotes":""},"categories":[298],"tags":[5668,5367,224,5365,9152,796,29,117,698,774,5364,780,9153,81,110,5366],"class_list":["post-11124","post","type-post","status-publish","format-standard","has-post-thumbnail","hentry","category-belgique","tag-ancienne","tag-assassine","tag-avoir","tag-clinique","tag-condamnation","tag-contre","tag-des","tag-dix","tag-dune","tag-fois","tag-infirmiere","tag-patients","tag-perpetuite","tag-pour","tag-une","tag-wurselen","generate-columns","tablet-grid-50","mobile-grid-100","grid-parent","grid-33"],"yoast_head":"<!-- This site is optimized with the Yoast SEO plugin v24.0 - https:\/\/yoast.com\/wordpress\/plugins\/seo\/ -->\n<title>Condamnation \u00e0 perp\u00e9tuit\u00e9 contre une ancienne infirmi\u00e8re d&#039;une clinique de W\u00fcrselen pour avoir assassin\u00e9 dix fois des patients | Vie Associative<\/title>\n<meta name=\"robots\" content=\"index, follow, max-snippet:-1, max-image-preview:large, max-video-preview:-1\" \/>\n<link rel=\"canonical\" href=\"https:\/\/vieassociative.be\/actualites\/condamnation-a-perpetuite-contre-une-ancienne-infirmiere-dune-clinique-de-wurselen-pour-avoir-assassine-dix-fois-des-patients\/\" \/>\n<meta property=\"og:locale\" content=\"fr_FR\" \/>\n<meta property=\"og:type\" content=\"article\" \/>\n<meta property=\"og:title\" content=\"Condamnation \u00e0 perp\u00e9tuit\u00e9 contre une ancienne infirmi\u00e8re d&#039;une clinique de W\u00fcrselen pour avoir assassin\u00e9 dix fois des patients | Vie Associative\" \/>\n<meta property=\"og:description\" content=\"Un tribunal d&rsquo;Aix-la-Chapelle a condamn\u00e9 une infirmi\u00e8re \u00e0 la prison \u00e0 vie pour dix chefs de meurtre et 27 chefs de tentative de meurtre. Le\" \/>\n<meta property=\"og:url\" content=\"https:\/\/vieassociative.be\/actualites\/condamnation-a-perpetuite-contre-une-ancienne-infirmiere-dune-clinique-de-wurselen-pour-avoir-assassine-dix-fois-des-patients\/\" \/>\n<meta property=\"og:site_name\" content=\"Vie Associative\" \/>\n<meta property=\"article:published_time\" content=\"2025-11-05T14:19:47+00:00\" \/>\n<meta property=\"og:image\" content=\"https:\/\/vieassociative.be\/actualites\/wp-content\/uploads\/2024\/09\/header_backgroundk-01-e1726694325946.png\" \/>\n\t<meta property=\"og:image:width\" content=\"279\" \/>\n\t<meta property=\"og:image:height\" content=\"92\" \/>\n\t<meta property=\"og:image:type\" content=\"image\/png\" \/>\n<meta name=\"author\" content=\"Julien\" \/>\n<meta name=\"twitter:card\" content=\"summary_large_image\" \/>\n<meta name=\"twitter:label1\" content=\"\u00c9crit par\" \/>\n\t<meta name=\"twitter:data1\" content=\"Julien\" \/>\n\t<meta name=\"twitter:label2\" content=\"Dur\u00e9e de lecture est.\" \/>\n\t<meta name=\"twitter:data2\" content=\"2 minutes\" \/>\n<script type=\"application\/ld+json\" class=\"yoast-schema-graph\">{\"@context\":\"https:\/\/schema.org\",\"@graph\":[{\"@type\":\"Article\",\"@id\":\"https:\/\/vieassociative.be\/actualites\/condamnation-a-perpetuite-contre-une-ancienne-infirmiere-dune-clinique-de-wurselen-pour-avoir-assassine-dix-fois-des-patients\/#article\",\"isPartOf\":{\"@id\":\"https:\/\/vieassociative.be\/actualites\/condamnation-a-perpetuite-contre-une-ancienne-infirmiere-dune-clinique-de-wurselen-pour-avoir-assassine-dix-fois-des-patients\/\"},\"author\":{\"name\":\"Julien\",\"@id\":\"https:\/\/vieassociative.be\/actualites\/#\/schema\/person\/b87ac4f82f9d4e7b7cec7395b679edc4\"},\"headline\":\"Condamnation \u00e0 perp\u00e9tuit\u00e9 contre une ancienne infirmi\u00e8re d&rsquo;une clinique de W\u00fcrselen pour avoir assassin\u00e9 dix fois des patients\",\"datePublished\":\"2025-11-05T14:19:47+00:00\",\"dateModified\":\"2025-11-05T14:19:47+00:00\",\"mainEntityOfPage\":{\"@id\":\"https:\/\/vieassociative.be\/actualites\/condamnation-a-perpetuite-contre-une-ancienne-infirmiere-dune-clinique-de-wurselen-pour-avoir-assassine-dix-fois-des-patients\/\"},\"wordCount\":360,\"publisher\":{\"@id\":\"https:\/\/vieassociative.be\/actualites\/#organization\"},\"image\":{\"@id\":\"https:\/\/vieassociative.be\/actualites\/condamnation-a-perpetuite-contre-une-ancienne-infirmiere-dune-clinique-de-wurselen-pour-avoir-assassine-dix-fois-des-patients\/#primaryimage\"},\"thumbnailUrl\":\"https:\/\/vieassociative.be\/actualites\/wp-content\/uploads\/2025\/11\/1762352389_Condamnation-a-perpetuite-contre-une-ancienne-infirmiere-dune-clinique-de.jpg\",\"keywords\":[\"ancienne\",\"assassin\u00e9\",\"avoir\",\"clinique\",\"Condamnation\",\"contre\",\"Des\",\"Dix\",\"dune\",\"fois\",\"infirmi\u00e8re\",\"patients\",\"perp\u00e9tuit\u00e9\",\"pour\",\"une\",\"W\u00fcrselen\"],\"articleSection\":[\"Belgique\"],\"inLanguage\":\"fr-BE\"},{\"@type\":\"WebPage\",\"@id\":\"https:\/\/vieassociative.be\/actualites\/condamnation-a-perpetuite-contre-une-ancienne-infirmiere-dune-clinique-de-wurselen-pour-avoir-assassine-dix-fois-des-patients\/\",\"url\":\"https:\/\/vieassociative.be\/actualites\/condamnation-a-perpetuite-contre-une-ancienne-infirmiere-dune-clinique-de-wurselen-pour-avoir-assassine-dix-fois-des-patients\/\",\"name\":\"Condamnation \u00e0 perp\u00e9tuit\u00e9 contre une ancienne infirmi\u00e8re d'une clinique de W\u00fcrselen pour avoir assassin\u00e9 dix fois des patients | Vie Associative\",\"isPartOf\":{\"@id\":\"https:\/\/vieassociative.be\/actualites\/#website\"},\"primaryImageOfPage\":{\"@id\":\"https:\/\/vieassociative.be\/actualites\/condamnation-a-perpetuite-contre-une-ancienne-infirmiere-dune-clinique-de-wurselen-pour-avoir-assassine-dix-fois-des-patients\/#primaryimage\"},\"image\":{\"@id\":\"https:\/\/vieassociative.be\/actualites\/condamnation-a-perpetuite-contre-une-ancienne-infirmiere-dune-clinique-de-wurselen-pour-avoir-assassine-dix-fois-des-patients\/#primaryimage\"},\"thumbnailUrl\":\"https:\/\/vieassociative.be\/actualites\/wp-content\/uploads\/2025\/11\/1762352389_Condamnation-a-perpetuite-contre-une-ancienne-infirmiere-dune-clinique-de.jpg\",\"datePublished\":\"2025-11-05T14:19:47+00:00\",\"dateModified\":\"2025-11-05T14:19:47+00:00\",\"breadcrumb\":{\"@id\":\"https:\/\/vieassociative.be\/actualites\/condamnation-a-perpetuite-contre-une-ancienne-infirmiere-dune-clinique-de-wurselen-pour-avoir-assassine-dix-fois-des-patients\/#breadcrumb\"},\"inLanguage\":\"fr-BE\",\"potentialAction\":[{\"@type\":\"ReadAction\",\"target\":[\"https:\/\/vieassociative.be\/actualites\/condamnation-a-perpetuite-contre-une-ancienne-infirmiere-dune-clinique-de-wurselen-pour-avoir-assassine-dix-fois-des-patients\/\"]}]},{\"@type\":\"ImageObject\",\"inLanguage\":\"fr-BE\",\"@id\":\"https:\/\/vieassociative.be\/actualites\/condamnation-a-perpetuite-contre-une-ancienne-infirmiere-dune-clinique-de-wurselen-pour-avoir-assassine-dix-fois-des-patients\/#primaryimage\",\"url\":\"https:\/\/vieassociative.be\/actualites\/wp-content\/uploads\/2025\/11\/1762352389_Condamnation-a-perpetuite-contre-une-ancienne-infirmiere-dune-clinique-de.jpg\",\"contentUrl\":\"https:\/\/vieassociative.be\/actualites\/wp-content\/uploads\/2025\/11\/1762352389_Condamnation-a-perpetuite-contre-une-ancienne-infirmiere-dune-clinique-de.jpg\",\"width\":1200,\"height\":803,\"caption\":\"Condamnation \u00e0 perp\u00e9tuit\u00e9 contre une ancienne infirmi\u00e8re d'une clinique de W\u00fcrselen pour avoir assassin\u00e9 dix fois des patients\"},{\"@type\":\"BreadcrumbList\",\"@id\":\"https:\/\/vieassociative.be\/actualites\/condamnation-a-perpetuite-contre-une-ancienne-infirmiere-dune-clinique-de-wurselen-pour-avoir-assassine-dix-fois-des-patients\/#breadcrumb\",\"itemListElement\":[{\"@type\":\"ListItem\",\"position\":1,\"name\":\"Accueil\",\"item\":\"https:\/\/vieassociative.be\/actualites\/\"},{\"@type\":\"ListItem\",\"position\":2,\"name\":\"Condamnation \u00e0 perp\u00e9tuit\u00e9 contre une ancienne infirmi\u00e8re d&rsquo;une clinique de W\u00fcrselen pour avoir assassin\u00e9 dix fois des patients\"}]},{\"@type\":\"WebSite\",\"@id\":\"https:\/\/vieassociative.be\/actualites\/#website\",\"url\":\"https:\/\/vieassociative.be\/actualites\/\",\"name\":\"Vie Associative\",\"description\":\"\",\"publisher\":{\"@id\":\"https:\/\/vieassociative.be\/actualites\/#organization\"},\"potentialAction\":[{\"@type\":\"SearchAction\",\"target\":{\"@type\":\"EntryPoint\",\"urlTemplate\":\"https:\/\/vieassociative.be\/actualites\/?s={search_term_string}\"},\"query-input\":{\"@type\":\"PropertyValueSpecification\",\"valueRequired\":true,\"valueName\":\"search_term_string\"}}],\"inLanguage\":\"fr-BE\"},{\"@type\":\"Organization\",\"@id\":\"https:\/\/vieassociative.be\/actualites\/#organization\",\"name\":\"Vie Associative\",\"url\":\"https:\/\/vieassociative.be\/actualites\/\",\"logo\":{\"@type\":\"ImageObject\",\"inLanguage\":\"fr-BE\",\"@id\":\"https:\/\/vieassociative.be\/actualites\/#\/schema\/logo\/image\/\",\"url\":\"https:\/\/vieassociative.be\/actualites\/wp-content\/uploads\/2024\/09\/cropped-vieassociative_favicon.ico.png\",\"contentUrl\":\"https:\/\/vieassociative.be\/actualites\/wp-content\/uploads\/2024\/09\/cropped-vieassociative_favicon.ico.png\",\"width\":512,\"height\":512,\"caption\":\"Vie Associative\"},\"image\":{\"@id\":\"https:\/\/vieassociative.be\/actualites\/#\/schema\/logo\/image\/\"}},{\"@type\":\"Person\",\"@id\":\"https:\/\/vieassociative.be\/actualites\/#\/schema\/person\/b87ac4f82f9d4e7b7cec7395b679edc4\",\"name\":\"Julien\",\"image\":{\"@type\":\"ImageObject\",\"inLanguage\":\"fr-BE\",\"@id\":\"https:\/\/vieassociative.be\/actualites\/#\/schema\/person\/image\/\",\"url\":\"https:\/\/vieassociative.be\/actualites\/wp-content\/uploads\/2024\/09\/vie-associative-1-150x150.jpg\",\"contentUrl\":\"https:\/\/vieassociative.be\/actualites\/wp-content\/uploads\/2024\/09\/vie-associative-1-150x150.jpg\",\"caption\":\"Julien\"},\"description\":\"Je suis Julien, r\u00e9dacteur pour Vie Associative. Passionn\u00e9 par le monde associatif depuis plus de 10 ans, j'ai \u00e0 c\u0153ur de partager des histoires inspirantes et de mettre en lumi\u00e8re les initiatives locales. Mon objectif est de sensibiliser et d'encourager l'engagement communautaire \u00e0 travers mes articles.\",\"sameAs\":[\"https:\/\/vieassociative.be\/\"]}]}<\/script>\n<!-- \/ Yoast SEO plugin. -->","yoast_head_json":{"title":"Condamnation \u00e0 perp\u00e9tuit\u00e9 contre une ancienne infirmi\u00e8re d'une clinique de W\u00fcrselen pour avoir assassin\u00e9 dix fois des patients | Vie Associative","robots":{"index":"index","follow":"follow","max-snippet":"max-snippet:-1","max-image-preview":"max-image-preview:large","max-video-preview":"max-video-preview:-1"},"canonical":"https:\/\/vieassociative.be\/actualites\/condamnation-a-perpetuite-contre-une-ancienne-infirmiere-dune-clinique-de-wurselen-pour-avoir-assassine-dix-fois-des-patients\/","og_locale":"fr_FR","og_type":"article","og_title":"Condamnation \u00e0 perp\u00e9tuit\u00e9 contre une ancienne infirmi\u00e8re d'une clinique de W\u00fcrselen pour avoir assassin\u00e9 dix fois des patients | Vie Associative","og_description":"Un tribunal d&rsquo;Aix-la-Chapelle a condamn\u00e9 une infirmi\u00e8re \u00e0 la prison \u00e0 vie pour dix chefs de meurtre et 27 chefs de tentative de meurtre. Le","og_url":"https:\/\/vieassociative.be\/actualites\/condamnation-a-perpetuite-contre-une-ancienne-infirmiere-dune-clinique-de-wurselen-pour-avoir-assassine-dix-fois-des-patients\/","og_site_name":"Vie Associative","article_published_time":"2025-11-05T14:19:47+00:00","og_image":[{"width":279,"height":92,"url":"https:\/\/vieassociative.be\/actualites\/wp-content\/uploads\/2024\/09\/header_backgroundk-01-e1726694325946.png","type":"image\/png"}],"author":"Julien","twitter_card":"summary_large_image","twitter_misc":{"\u00c9crit par":"Julien","Dur\u00e9e de lecture est.":"2 minutes"},"schema":{"@context":"https:\/\/schema.org","@graph":[{"@type":"Article","@id":"https:\/\/vieassociative.be\/actualites\/condamnation-a-perpetuite-contre-une-ancienne-infirmiere-dune-clinique-de-wurselen-pour-avoir-assassine-dix-fois-des-patients\/#article","isPartOf":{"@id":"https:\/\/vieassociative.be\/actualites\/condamnation-a-perpetuite-contre-une-ancienne-infirmiere-dune-clinique-de-wurselen-pour-avoir-assassine-dix-fois-des-patients\/"},"author":{"name":"Julien","@id":"https:\/\/vieassociative.be\/actualites\/#\/schema\/person\/b87ac4f82f9d4e7b7cec7395b679edc4"},"headline":"Condamnation \u00e0 perp\u00e9tuit\u00e9 contre une ancienne infirmi\u00e8re d&rsquo;une clinique de W\u00fcrselen pour avoir assassin\u00e9 dix fois des patients","datePublished":"2025-11-05T14:19:47+00:00","dateModified":"2025-11-05T14:19:47+00:00","mainEntityOfPage":{"@id":"https:\/\/vieassociative.be\/actualites\/condamnation-a-perpetuite-contre-une-ancienne-infirmiere-dune-clinique-de-wurselen-pour-avoir-assassine-dix-fois-des-patients\/"},"wordCount":360,"publisher":{"@id":"https:\/\/vieassociative.be\/actualites\/#organization"},"image":{"@id":"https:\/\/vieassociative.be\/actualites\/condamnation-a-perpetuite-contre-une-ancienne-infirmiere-dune-clinique-de-wurselen-pour-avoir-assassine-dix-fois-des-patients\/#primaryimage"},"thumbnailUrl":"https:\/\/vieassociative.be\/actualites\/wp-content\/uploads\/2025\/11\/1762352389_Condamnation-a-perpetuite-contre-une-ancienne-infirmiere-dune-clinique-de.jpg","keywords":["ancienne","assassin\u00e9","avoir","clinique","Condamnation","contre","Des","Dix","dune","fois","infirmi\u00e8re","patients","perp\u00e9tuit\u00e9","pour","une","W\u00fcrselen"],"articleSection":["Belgique"],"inLanguage":"fr-BE"},{"@type":"WebPage","@id":"https:\/\/vieassociative.be\/actualites\/condamnation-a-perpetuite-contre-une-ancienne-infirmiere-dune-clinique-de-wurselen-pour-avoir-assassine-dix-fois-des-patients\/","url":"https:\/\/vieassociative.be\/actualites\/condamnation-a-perpetuite-contre-une-ancienne-infirmiere-dune-clinique-de-wurselen-pour-avoir-assassine-dix-fois-des-patients\/","name":"Condamnation \u00e0 perp\u00e9tuit\u00e9 contre une ancienne infirmi\u00e8re d'une clinique de W\u00fcrselen pour avoir assassin\u00e9 dix fois des patients | Vie Associative","isPartOf":{"@id":"https:\/\/vieassociative.be\/actualites\/#website"},"primaryImageOfPage":{"@id":"https:\/\/vieassociative.be\/actualites\/condamnation-a-perpetuite-contre-une-ancienne-infirmiere-dune-clinique-de-wurselen-pour-avoir-assassine-dix-fois-des-patients\/#primaryimage"},"image":{"@id":"https:\/\/vieassociative.be\/actualites\/condamnation-a-perpetuite-contre-une-ancienne-infirmiere-dune-clinique-de-wurselen-pour-avoir-assassine-dix-fois-des-patients\/#primaryimage"},"thumbnailUrl":"https:\/\/vieassociative.be\/actualites\/wp-content\/uploads\/2025\/11\/1762352389_Condamnation-a-perpetuite-contre-une-ancienne-infirmiere-dune-clinique-de.jpg","datePublished":"2025-11-05T14:19:47+00:00","dateModified":"2025-11-05T14:19:47+00:00","breadcrumb":{"@id":"https:\/\/vieassociative.be\/actualites\/condamnation-a-perpetuite-contre-une-ancienne-infirmiere-dune-clinique-de-wurselen-pour-avoir-assassine-dix-fois-des-patients\/#breadcrumb"},"inLanguage":"fr-BE","potentialAction":[{"@type":"ReadAction","target":["https:\/\/vieassociative.be\/actualites\/condamnation-a-perpetuite-contre-une-ancienne-infirmiere-dune-clinique-de-wurselen-pour-avoir-assassine-dix-fois-des-patients\/"]}]},{"@type":"ImageObject","inLanguage":"fr-BE","@id":"https:\/\/vieassociative.be\/actualites\/condamnation-a-perpetuite-contre-une-ancienne-infirmiere-dune-clinique-de-wurselen-pour-avoir-assassine-dix-fois-des-patients\/#primaryimage","url":"https:\/\/vieassociative.be\/actualites\/wp-content\/uploads\/2025\/11\/1762352389_Condamnation-a-perpetuite-contre-une-ancienne-infirmiere-dune-clinique-de.jpg","contentUrl":"https:\/\/vieassociative.be\/actualites\/wp-content\/uploads\/2025\/11\/1762352389_Condamnation-a-perpetuite-contre-une-ancienne-infirmiere-dune-clinique-de.jpg","width":1200,"height":803,"caption":"Condamnation \u00e0 perp\u00e9tuit\u00e9 contre une ancienne infirmi\u00e8re d'une clinique de W\u00fcrselen pour avoir assassin\u00e9 dix fois des patients"},{"@type":"BreadcrumbList","@id":"https:\/\/vieassociative.be\/actualites\/condamnation-a-perpetuite-contre-une-ancienne-infirmiere-dune-clinique-de-wurselen-pour-avoir-assassine-dix-fois-des-patients\/#breadcrumb","itemListElement":[{"@type":"ListItem","position":1,"name":"Accueil","item":"https:\/\/vieassociative.be\/actualites\/"},{"@type":"ListItem","position":2,"name":"Condamnation \u00e0 perp\u00e9tuit\u00e9 contre une ancienne infirmi\u00e8re d&rsquo;une clinique de W\u00fcrselen pour avoir assassin\u00e9 dix fois des patients"}]},{"@type":"WebSite","@id":"https:\/\/vieassociative.be\/actualites\/#website","url":"https:\/\/vieassociative.be\/actualites\/","name":"Vie Associative","description":"","publisher":{"@id":"https:\/\/vieassociative.be\/actualites\/#organization"},"potentialAction":[{"@type":"SearchAction","target":{"@type":"EntryPoint","urlTemplate":"https:\/\/vieassociative.be\/actualites\/?s={search_term_string}"},"query-input":{"@type":"PropertyValueSpecification","valueRequired":true,"valueName":"search_term_string"}}],"inLanguage":"fr-BE"},{"@type":"Organization","@id":"https:\/\/vieassociative.be\/actualites\/#organization","name":"Vie Associative","url":"https:\/\/vieassociative.be\/actualites\/","logo":{"@type":"ImageObject","inLanguage":"fr-BE","@id":"https:\/\/vieassociative.be\/actualites\/#\/schema\/logo\/image\/","url":"https:\/\/vieassociative.be\/actualites\/wp-content\/uploads\/2024\/09\/cropped-vieassociative_favicon.ico.png","contentUrl":"https:\/\/vieassociative.be\/actualites\/wp-content\/uploads\/2024\/09\/cropped-vieassociative_favicon.ico.png","width":512,"height":512,"caption":"Vie Associative"},"image":{"@id":"https:\/\/vieassociative.be\/actualites\/#\/schema\/logo\/image\/"}},{"@type":"Person","@id":"https:\/\/vieassociative.be\/actualites\/#\/schema\/person\/b87ac4f82f9d4e7b7cec7395b679edc4","name":"Julien","image":{"@type":"ImageObject","inLanguage":"fr-BE","@id":"https:\/\/vieassociative.be\/actualites\/#\/schema\/person\/image\/","url":"https:\/\/vieassociative.be\/actualites\/wp-content\/uploads\/2024\/09\/vie-associative-1-150x150.jpg","contentUrl":"https:\/\/vieassociative.be\/actualites\/wp-content\/uploads\/2024\/09\/vie-associative-1-150x150.jpg","caption":"Julien"},"description":"Je suis Julien, r\u00e9dacteur pour Vie Associative. Passionn\u00e9 par le monde associatif depuis plus de 10 ans, j'ai \u00e0 c\u0153ur de partager des histoires inspirantes et de mettre en lumi\u00e8re les initiatives locales. Mon objectif est de sensibiliser et d'encourager l'engagement communautaire \u00e0 travers mes articles.","sameAs":["https:\/\/vieassociative.be\/"]}]}},"_links":{"self":[{"href":"https:\/\/vieassociative.be\/actualites\/wp-json\/wp\/v2\/posts\/11124"}],"collection":[{"href":"https:\/\/vieassociative.be\/actualites\/wp-json\/wp\/v2\/posts"}],"about":[{"href":"https:\/\/vieassociative.be\/actualites\/wp-json\/wp\/v2\/types\/post"}],"author":[{"embeddable":true,"href":"https:\/\/vieassociative.be\/actualites\/wp-json\/wp\/v2\/users\/1"}],"replies":[{"embeddable":true,"href":"https:\/\/vieassociative.be\/actualites\/wp-json\/wp\/v2\/comments?post=11124"}],"version-history":[{"count":0,"href":"https:\/\/vieassociative.be\/actualites\/wp-json\/wp\/v2\/posts\/11124\/revisions"}],"wp:featuredmedia":[{"embeddable":true,"href":"https:\/\/vieassociative.be\/actualites\/wp-json\/wp\/v2\/media\/11125"}],"wp:attachment":[{"href":"https:\/\/vieassociative.be\/actualites\/wp-json\/wp\/v2\/media?parent=11124"}],"wp:term":[{"taxonomy":"category","embeddable":true,"href":"https:\/\/vieassociative.be\/actualites\/wp-json\/wp\/v2\/categories?post=11124"},{"taxonomy":"post_tag","embeddable":true,"href":"https:\/\/vieassociative.be\/actualites\/wp-json\/wp\/v2\/tags?post=11124"}],"curies":[{"name":"wp","href":"https:\/\/api.w.org\/{rel}","templated":true}]}}