{"id":11120,"date":"2025-11-05T09:17:09","date_gmt":"2025-11-05T08:17:09","guid":{"rendered":"https:\/\/vieassociative.be\/actualites\/selon-lonu-la-terre-se-dirige-vers-un-rechauffement-de-28-degres\/"},"modified":"2025-11-05T09:17:09","modified_gmt":"2025-11-05T08:17:09","slug":"selon-lonu-la-terre-se-dirige-vers-un-rechauffement-de-28-degres","status":"publish","type":"post","link":"https:\/\/vieassociative.be\/actualites\/selon-lonu-la-terre-se-dirige-vers-un-rechauffement-de-28-degres\/","title":{"rendered":"Selon l&rsquo;ONU, la Terre se dirige vers un r\u00e9chauffement de 2,8 degr\u00e9s"},"content":{"rendered":"<p><strong>Malgr\u00e9 de modestes progr\u00e8s, la protection du climat mondial ne suffit pas \u00e0 ralentir de mani\u00e8re significative le r\u00e9chauffement climatique, selon les Nations Unies. De nombreux pays n\u2019ont pas fait leurs devoirs.<\/strong><\/p>\n<p><span id=\"more-428906\"><\/span>Selon les Nations Unies, avec la politique climatique mondiale actuelle, la Terre se dirige vers un r\u00e9chauffement de 2,8 degr\u00e9s d\u2019ici la fin du si\u00e8cle par rapport \u00e0 l\u2019\u00e9poque pr\u00e9industrielle. Le Programme des Nations Unies pour l&rsquo;environnement (PNUE), bas\u00e9 \u00e0 Nairobi, a d\u00e9clar\u00e9 qu&rsquo;il \u00e9tait tr\u00e8s probable que l&rsquo;objectif de 1,5 degr\u00e9 convenu au niveau international soit d\u00e9pass\u00e9 au cours de la prochaine d\u00e9cennie.<\/p>\n<p>La communaut\u00e9 mondiale souhaite en r\u00e9alit\u00e9 limiter le r\u00e9chauffement climatique \u00e0 1,5 degr\u00e9 afin d\u2019\u00e9viter les pires cons\u00e9quences du changement climatique.<\/p>\n<div id=\"attachment_197889\" class=\"wp-caption alignleft\" style=\"max-width: 300px\"><img fetchpriority=\"high\" decoding=\"async\" class=\"wp-image-197889 size-medium\" src=\"https:\/\/vieassociative.be\/actualites\/wp-content\/uploads\/2025\/11\/Selon-lONU-la-Terre-se-dirige-vers-un-rechauffement-de.jpeg\" alt=\"\" width=\"300\" height=\"185\"  ><\/div>\n<p>Par rapport aux 3,1 degr\u00e9s pr\u00e9vus l&rsquo;ann\u00e9e derni\u00e8re, le calcul du rapport de l&rsquo;ONU de cette ann\u00e9e est l\u00e9g\u00e8rement meilleur. Si l\u2019on suppose que les \u00c9tats mettent en \u0153uvre tout ce qu\u2019ils ont pr\u00e9vu dans leurs plans nationaux de protection du climat, le calcul sugg\u00e8re qu\u2019un r\u00e9chauffement de 2,3 \u00e0 2,5 degr\u00e9s serait attendu d\u2019ici la fin du si\u00e8cle. L&rsquo;ann\u00e9e derni\u00e8re, cette pr\u00e9vision \u00e9tait de 2,6 \u00e0 2,8 degr\u00e9s.<\/p>\n<p>Cependant, les changements m\u00e9thodologiques sont responsables d&rsquo;un degr\u00e9 d&rsquo;am\u00e9lioration de 0,1, explique le PNUE. Le retrait des \u00c9tats-Unis de l\u2019Accord de Paris sur le climat aura un impact n\u00e9gatif de 0,1 degr\u00e9.<\/p>\n<div id=\"attachment_428909\" class=\"wp-caption alignleft\" style=\"max-width: 300px\"><img decoding=\"async\" class=\"wp-image-428909 size-medium\" src=\"https:\/\/vieassociative.be\/actualites\/wp-content\/uploads\/2025\/11\/Selon-lONU-la-Terre-se-dirige-vers-un-rechauffement-de.jpg\" alt=\"\" width=\"300\" height=\"200\"><\/div>\n<p><strong>\u2013 \u00ab Les progr\u00e8s sont loin d\u2019\u00eatre assez rapides \u00bb :<\/strong> \u00ab C\u2019est un progr\u00e8s \u2013 mais pas suffisant \u00bb, critique le secr\u00e9taire g\u00e9n\u00e9ral de l\u2019ONU, Ant\u00f3nio Guterres. Avec les plans actuels, les signes indiqueraient toujours un \u00ab effondrement climatique \u00bb.<\/p>\n<p>Pour maintenir la barre des 1,5 degr\u00e9s, il faudrait r\u00e9duire les \u00e9missions de 55 pour cent au cours des dix prochaines ann\u00e9es par rapport \u00e0 2019 &#8211; pour au moins rester de 35 pour cent en dessous de deux degr\u00e9s. En fait, la mise en \u0153uvre compl\u00e8te de tous les plans nationaux sur le climat annonc\u00e9s pour 2035 n\u2019entra\u00eenerait qu\u2019une r\u00e9duction d\u2019environ 15 pour cent. Et m\u00eame ce chiffre est sujet \u00e0 r\u00e9serves en raison du retrait am\u00e9ricain.<\/p>\n<p><strong>\u2013 1,5 degr\u00e9 presque certainement d\u00e9pass\u00e9 :<\/strong> L&rsquo;ann\u00e9e la plus chaude \u00e0 ce jour, 2024, a d\u00e9j\u00e0 d\u00e9pass\u00e9 la barre des 1,5 degr\u00e9s \u2013 l&rsquo;objectif n&rsquo;est officiellement manqu\u00e9 qu&rsquo;en moyenne sur plusieurs ann\u00e9es. Toutefois, les Nations Unies consid\u00e8rent que ce d\u00e9passement est difficilement \u00e9vitable. \u00ab Des r\u00e9ductions d\u00e9cisives et opportunes des \u00e9missions peuvent retarder l\u2019apparition d\u2019un d\u00e9passement, mais pas l\u2019emp\u00eacher compl\u00e8tement \u00bb, \u00e9crivent les auteurs. \u00ab\u00a0La grande t\u00e2che qui nous attend est de maintenir ce d\u00e9passement temporaire et minimal\u00a0\u00bb, afin qu&rsquo;un retour \u00e0 1,5 degr\u00e9 reste dans le domaine du possible.<\/p>\n<div id=\"attachment_201517\" class=\"wp-caption alignleft\" style=\"max-width: 300px\"><img decoding=\"async\" class=\"wp-image-201517 size-medium\" src=\"https:\/\/vieassociative.be\/actualites\/wp-content\/uploads\/2025\/11\/1762330629_534_Selon-lONU-la-Terre-se-dirige-vers-un-rechauffement-de.jpeg\" alt=\"\" width=\"300\" height=\"201\"  ><\/div>\n<p>Guterres pr\u00e9vient : \u00ab Toute phase au cours de laquelle les objectifs sont d\u00e9pass\u00e9s aura in\u00e9vitablement des cons\u00e9quences dramatiques \u2013 avec des pertes en vies humaines, le d\u00e9racinement des communaut\u00e9s et des reculs dans le d\u00e9veloppement. \u00bb<\/p>\n<p>Mais il y a aussi une lueur d\u2019espoir : depuis le d\u00e9but de l\u2019Accord de Paris sur le climat il y a dix ans, les pr\u00e9visions annuelles de r\u00e9chauffement ont diminu\u00e9 ; \u00e0 cette \u00e9poque, on supposait qu&rsquo;elle se situait entre 3 et 3,5 degr\u00e9s.<\/p>\n<p><strong>\u2013 La technologie est l\u00e0, il faut une volont\u00e9 politique :<\/strong> Les auteurs soulignent que les technologies permettant de r\u00e9duire rapidement les \u00e9missions sont disponibles. \u00ab Le d\u00e9veloppement de l&rsquo;\u00e9nergie \u00e9olienne et solaire est en plein essor, ce qui r\u00e9duit les co\u00fbts. Cela signifie que la communaut\u00e9 internationale peut acc\u00e9l\u00e9rer son action climatique \u2013 si elle le souhaite.<\/p>\n<p>L\u2019ONU consid\u00e8re que les pays \u00e9conomiquement forts du G20 ont une responsabilit\u00e9 particuli\u00e8re : ces pays, responsables de la majorit\u00e9 des \u00e9missions, ne sont pas en bonne voie pour atteindre leurs objectifs pour 2030. Au lieu de cela, leurs \u00e9missions ont augment\u00e9 de 0,7 % en 2024.<\/p>\n<p><strong>\u2013 Moyens de subsistance menac\u00e9s\u00a0:<\/strong> En raison du r\u00e9chauffement climatique, les ph\u00e9nom\u00e8nes m\u00e9t\u00e9orologiques extr\u00eames, tels que les vagues de chaleur et les s\u00e9cheresses, les temp\u00eates et les inondations, se produisent plus fr\u00e9quemment dans de nombreuses r\u00e9gions. Cela peut rendre des r\u00e9gions enti\u00e8res inhabitables, d\u00e9truire les r\u00e9coltes et ainsi aggraver les crises alimentaires. Le niveau de la mer augmente \u00e9galement, mena\u00e7ant les r\u00e9gions c\u00f4ti\u00e8res et les petits \u00c9tats insulaires. Plus le r\u00e9chauffement s\u2019accentue, plus les cons\u00e9quences sont extr\u00eames \u2013 et le risque de d\u00e9passement de points de bascule irr\u00e9versibles avec des cons\u00e9quences impr\u00e9visibles augmente. (dpa)<\/p>\n<p><em><strong>Sur le sujet, voir aussi l&rsquo;article suivant sur l&rsquo;OD :<\/strong><\/em><\/p>\n<div class=\"responsive-embed widescreen\">\n<blockquote class=\"wp-embedded-content\" data-secret=\"V0bTCFrVMj\">\n<p>La surprenante volte-face du milliardaire Bill Gates : \u00ab\u00a0Le changement climatique n&rsquo;est plus notre plus gros probl\u00e8me\u00a0\u00bb<\/p>\n<\/blockquote>\n<p><iframe loading=\"lazy\" class=\"wp-embedded-content\" sandbox=\"allow-scripts\" security=\"restricted\" style=\"position: absolute; visibility: hidden;\" title=\"\u201e\u00dcberraschende Kehrtwende von Milliard\u00e4r Bill Gates: \u201eKlimawandel ist nicht mehr unser gr\u00f6\u00dftes Problem\u201c\u201c \u2014 Ostbelgien Direkt\" src=\"https:\/\/ostbelgiendirekt.be\/about:blank\" data-secret=\"V0bTCFrVMj\" width=\"500\" height=\"282\" frameborder=\"0\" marginwidth=\"0\" marginheight=\"0\" scrolling=\"no\" data-rocket-lazyload=\"fitvidscompatible\" data-lazy-src=\"https:\/\/ostbelgiendirekt.be\/bill-gates-zum-thema-klima-428365\/embed#?secret=ZAyD5GW9nJ#?secret=V0bTCFrVMj\"><\/iframe><noscript><iframe class=\"wp-embedded-content\" sandbox=\"allow-scripts\" security=\"restricted\" style=\"position: absolute; visibility: hidden;\" title=\"\u201e\u00dcberraschende Kehrtwende von Milliard\u00e4r Bill Gates: \u201eKlimawandel ist nicht mehr unser gr\u00f6\u00dftes Problem\u201c\u201c \u2014 Ostbelgien Direkt\" src=\"https:\/\/ostbelgiendirekt.be\/bill-gates-zum-thema-klima-428365\/embed#?secret=ZAyD5GW9nJ#?secret=V0bTCFrVMj\" data-secret=\"V0bTCFrVMj\" width=\"500\" height=\"282\" frameborder=\"0\" marginwidth=\"0\" marginheight=\"0\" scrolling=\"no\"><\/iframe><\/noscript><\/p>\n<\/div>\n","protected":false},"excerpt":{"rendered":"<p>Malgr\u00e9 de modestes progr\u00e8s, la protection du climat mondial ne suffit pas \u00e0 ralentir de mani\u00e8re significative le r\u00e9chauffement climatique, selon les Nations Unies. De<\/p>\n","protected":false},"author":1,"featured_media":11121,"comment_status":"","ping_status":"","sticky":false,"template":"","format":"standard","meta":{"footnotes":""},"categories":[298],"tags":[1739,5087,9150,9151,507,1166,2778],"class_list":["post-11120","post","type-post","status-publish","format-standard","has-post-thumbnail","hentry","category-belgique","tag-degres","tag-dirige","tag-lonu","tag-rechauffement","tag-selon","tag-terre","tag-vers","generate-columns","tablet-grid-50","mobile-grid-100","grid-parent","grid-33"],"yoast_head":"<!-- This site is optimized with the Yoast SEO plugin v24.0 - https:\/\/yoast.com\/wordpress\/plugins\/seo\/ -->\n<title>Selon l&#039;ONU, la Terre se dirige vers un r\u00e9chauffement de 2,8 degr\u00e9s | Vie Associative<\/title>\n<meta name=\"robots\" content=\"index, follow, max-snippet:-1, max-image-preview:large, max-video-preview:-1\" \/>\n<link rel=\"canonical\" href=\"https:\/\/vieassociative.be\/actualites\/selon-lonu-la-terre-se-dirige-vers-un-rechauffement-de-28-degres\/\" \/>\n<meta property=\"og:locale\" content=\"fr_FR\" \/>\n<meta property=\"og:type\" content=\"article\" \/>\n<meta property=\"og:title\" content=\"Selon l&#039;ONU, la Terre se dirige vers un r\u00e9chauffement de 2,8 degr\u00e9s | Vie Associative\" \/>\n<meta property=\"og:description\" content=\"Malgr\u00e9 de modestes progr\u00e8s, la protection du climat mondial ne suffit pas \u00e0 ralentir de mani\u00e8re significative le r\u00e9chauffement climatique, selon les Nations Unies. De\" \/>\n<meta property=\"og:url\" content=\"https:\/\/vieassociative.be\/actualites\/selon-lonu-la-terre-se-dirige-vers-un-rechauffement-de-28-degres\/\" \/>\n<meta property=\"og:site_name\" content=\"Vie Associative\" \/>\n<meta property=\"article:published_time\" content=\"2025-11-05T08:17:09+00:00\" \/>\n<meta property=\"og:image\" content=\"https:\/\/vieassociative.be\/actualites\/wp-content\/uploads\/2024\/09\/header_backgroundk-01-e1726694325946.png\" \/>\n\t<meta property=\"og:image:width\" content=\"279\" \/>\n\t<meta property=\"og:image:height\" content=\"92\" \/>\n\t<meta property=\"og:image:type\" content=\"image\/png\" \/>\n<meta name=\"author\" content=\"Julien\" \/>\n<meta name=\"twitter:card\" content=\"summary_large_image\" \/>\n<meta name=\"twitter:label1\" content=\"\u00c9crit par\" \/>\n\t<meta name=\"twitter:data1\" content=\"Julien\" \/>\n\t<meta name=\"twitter:label2\" content=\"Dur\u00e9e de lecture est.\" \/>\n\t<meta name=\"twitter:data2\" content=\"4 minutes\" \/>\n<script type=\"application\/ld+json\" class=\"yoast-schema-graph\">{\"@context\":\"https:\/\/schema.org\",\"@graph\":[{\"@type\":\"Article\",\"@id\":\"https:\/\/vieassociative.be\/actualites\/selon-lonu-la-terre-se-dirige-vers-un-rechauffement-de-28-degres\/#article\",\"isPartOf\":{\"@id\":\"https:\/\/vieassociative.be\/actualites\/selon-lonu-la-terre-se-dirige-vers-un-rechauffement-de-28-degres\/\"},\"author\":{\"name\":\"Julien\",\"@id\":\"https:\/\/vieassociative.be\/actualites\/#\/schema\/person\/b87ac4f82f9d4e7b7cec7395b679edc4\"},\"headline\":\"Selon l&rsquo;ONU, la Terre se dirige vers un r\u00e9chauffement de 2,8 degr\u00e9s\",\"datePublished\":\"2025-11-05T08:17:09+00:00\",\"dateModified\":\"2025-11-05T08:17:09+00:00\",\"mainEntityOfPage\":{\"@id\":\"https:\/\/vieassociative.be\/actualites\/selon-lonu-la-terre-se-dirige-vers-un-rechauffement-de-28-degres\/\"},\"wordCount\":836,\"publisher\":{\"@id\":\"https:\/\/vieassociative.be\/actualites\/#organization\"},\"image\":{\"@id\":\"https:\/\/vieassociative.be\/actualites\/selon-lonu-la-terre-se-dirige-vers-un-rechauffement-de-28-degres\/#primaryimage\"},\"thumbnailUrl\":\"https:\/\/vieassociative.be\/actualites\/wp-content\/uploads\/2025\/11\/1762330630_Selon-lONU-la-Terre-se-dirige-vers-un-rechauffement-de.jpeg\",\"keywords\":[\"degr\u00e9s\",\"dirig\u00e9\",\"lONU\",\"r\u00e9chauffement\",\"selon\",\"terre\",\"vers\"],\"articleSection\":[\"Belgique\"],\"inLanguage\":\"fr-BE\"},{\"@type\":\"WebPage\",\"@id\":\"https:\/\/vieassociative.be\/actualites\/selon-lonu-la-terre-se-dirige-vers-un-rechauffement-de-28-degres\/\",\"url\":\"https:\/\/vieassociative.be\/actualites\/selon-lonu-la-terre-se-dirige-vers-un-rechauffement-de-28-degres\/\",\"name\":\"Selon l'ONU, la Terre se dirige vers un r\u00e9chauffement de 2,8 degr\u00e9s | Vie Associative\",\"isPartOf\":{\"@id\":\"https:\/\/vieassociative.be\/actualites\/#website\"},\"primaryImageOfPage\":{\"@id\":\"https:\/\/vieassociative.be\/actualites\/selon-lonu-la-terre-se-dirige-vers-un-rechauffement-de-28-degres\/#primaryimage\"},\"image\":{\"@id\":\"https:\/\/vieassociative.be\/actualites\/selon-lonu-la-terre-se-dirige-vers-un-rechauffement-de-28-degres\/#primaryimage\"},\"thumbnailUrl\":\"https:\/\/vieassociative.be\/actualites\/wp-content\/uploads\/2025\/11\/1762330630_Selon-lONU-la-Terre-se-dirige-vers-un-rechauffement-de.jpeg\",\"datePublished\":\"2025-11-05T08:17:09+00:00\",\"dateModified\":\"2025-11-05T08:17:09+00:00\",\"breadcrumb\":{\"@id\":\"https:\/\/vieassociative.be\/actualites\/selon-lonu-la-terre-se-dirige-vers-un-rechauffement-de-28-degres\/#breadcrumb\"},\"inLanguage\":\"fr-BE\",\"potentialAction\":[{\"@type\":\"ReadAction\",\"target\":[\"https:\/\/vieassociative.be\/actualites\/selon-lonu-la-terre-se-dirige-vers-un-rechauffement-de-28-degres\/\"]}]},{\"@type\":\"ImageObject\",\"inLanguage\":\"fr-BE\",\"@id\":\"https:\/\/vieassociative.be\/actualites\/selon-lonu-la-terre-se-dirige-vers-un-rechauffement-de-28-degres\/#primaryimage\",\"url\":\"https:\/\/vieassociative.be\/actualites\/wp-content\/uploads\/2025\/11\/1762330630_Selon-lONU-la-Terre-se-dirige-vers-un-rechauffement-de.jpeg\",\"contentUrl\":\"https:\/\/vieassociative.be\/actualites\/wp-content\/uploads\/2025\/11\/1762330630_Selon-lONU-la-Terre-se-dirige-vers-un-rechauffement-de.jpeg\",\"width\":1200,\"height\":900,\"caption\":\"Selon l'ONU, la Terre se dirige vers un r\u00e9chauffement de 2,8 degr\u00e9s\"},{\"@type\":\"BreadcrumbList\",\"@id\":\"https:\/\/vieassociative.be\/actualites\/selon-lonu-la-terre-se-dirige-vers-un-rechauffement-de-28-degres\/#breadcrumb\",\"itemListElement\":[{\"@type\":\"ListItem\",\"position\":1,\"name\":\"Accueil\",\"item\":\"https:\/\/vieassociative.be\/actualites\/\"},{\"@type\":\"ListItem\",\"position\":2,\"name\":\"Selon l&rsquo;ONU, la Terre se dirige vers un r\u00e9chauffement de 2,8 degr\u00e9s\"}]},{\"@type\":\"WebSite\",\"@id\":\"https:\/\/vieassociative.be\/actualites\/#website\",\"url\":\"https:\/\/vieassociative.be\/actualites\/\",\"name\":\"Vie Associative\",\"description\":\"\",\"publisher\":{\"@id\":\"https:\/\/vieassociative.be\/actualites\/#organization\"},\"potentialAction\":[{\"@type\":\"SearchAction\",\"target\":{\"@type\":\"EntryPoint\",\"urlTemplate\":\"https:\/\/vieassociative.be\/actualites\/?s={search_term_string}\"},\"query-input\":{\"@type\":\"PropertyValueSpecification\",\"valueRequired\":true,\"valueName\":\"search_term_string\"}}],\"inLanguage\":\"fr-BE\"},{\"@type\":\"Organization\",\"@id\":\"https:\/\/vieassociative.be\/actualites\/#organization\",\"name\":\"Vie Associative\",\"url\":\"https:\/\/vieassociative.be\/actualites\/\",\"logo\":{\"@type\":\"ImageObject\",\"inLanguage\":\"fr-BE\",\"@id\":\"https:\/\/vieassociative.be\/actualites\/#\/schema\/logo\/image\/\",\"url\":\"https:\/\/vieassociative.be\/actualites\/wp-content\/uploads\/2024\/09\/cropped-vieassociative_favicon.ico.png\",\"contentUrl\":\"https:\/\/vieassociative.be\/actualites\/wp-content\/uploads\/2024\/09\/cropped-vieassociative_favicon.ico.png\",\"width\":512,\"height\":512,\"caption\":\"Vie Associative\"},\"image\":{\"@id\":\"https:\/\/vieassociative.be\/actualites\/#\/schema\/logo\/image\/\"}},{\"@type\":\"Person\",\"@id\":\"https:\/\/vieassociative.be\/actualites\/#\/schema\/person\/b87ac4f82f9d4e7b7cec7395b679edc4\",\"name\":\"Julien\",\"image\":{\"@type\":\"ImageObject\",\"inLanguage\":\"fr-BE\",\"@id\":\"https:\/\/vieassociative.be\/actualites\/#\/schema\/person\/image\/\",\"url\":\"https:\/\/vieassociative.be\/actualites\/wp-content\/uploads\/2024\/09\/vie-associative-1-150x150.jpg\",\"contentUrl\":\"https:\/\/vieassociative.be\/actualites\/wp-content\/uploads\/2024\/09\/vie-associative-1-150x150.jpg\",\"caption\":\"Julien\"},\"description\":\"Je suis Julien, r\u00e9dacteur pour Vie Associative. Passionn\u00e9 par le monde associatif depuis plus de 10 ans, j'ai \u00e0 c\u0153ur de partager des histoires inspirantes et de mettre en lumi\u00e8re les initiatives locales. Mon objectif est de sensibiliser et d'encourager l'engagement communautaire \u00e0 travers mes articles.\",\"sameAs\":[\"https:\/\/vieassociative.be\/\"]}]}<\/script>\n<!-- \/ Yoast SEO plugin. -->","yoast_head_json":{"title":"Selon l'ONU, la Terre se dirige vers un r\u00e9chauffement de 2,8 degr\u00e9s | Vie Associative","robots":{"index":"index","follow":"follow","max-snippet":"max-snippet:-1","max-image-preview":"max-image-preview:large","max-video-preview":"max-video-preview:-1"},"canonical":"https:\/\/vieassociative.be\/actualites\/selon-lonu-la-terre-se-dirige-vers-un-rechauffement-de-28-degres\/","og_locale":"fr_FR","og_type":"article","og_title":"Selon l'ONU, la Terre se dirige vers un r\u00e9chauffement de 2,8 degr\u00e9s | Vie Associative","og_description":"Malgr\u00e9 de modestes progr\u00e8s, la protection du climat mondial ne suffit pas \u00e0 ralentir de mani\u00e8re significative le r\u00e9chauffement climatique, selon les Nations Unies. De","og_url":"https:\/\/vieassociative.be\/actualites\/selon-lonu-la-terre-se-dirige-vers-un-rechauffement-de-28-degres\/","og_site_name":"Vie Associative","article_published_time":"2025-11-05T08:17:09+00:00","og_image":[{"width":279,"height":92,"url":"https:\/\/vieassociative.be\/actualites\/wp-content\/uploads\/2024\/09\/header_backgroundk-01-e1726694325946.png","type":"image\/png"}],"author":"Julien","twitter_card":"summary_large_image","twitter_misc":{"\u00c9crit par":"Julien","Dur\u00e9e de lecture est.":"4 minutes"},"schema":{"@context":"https:\/\/schema.org","@graph":[{"@type":"Article","@id":"https:\/\/vieassociative.be\/actualites\/selon-lonu-la-terre-se-dirige-vers-un-rechauffement-de-28-degres\/#article","isPartOf":{"@id":"https:\/\/vieassociative.be\/actualites\/selon-lonu-la-terre-se-dirige-vers-un-rechauffement-de-28-degres\/"},"author":{"name":"Julien","@id":"https:\/\/vieassociative.be\/actualites\/#\/schema\/person\/b87ac4f82f9d4e7b7cec7395b679edc4"},"headline":"Selon l&rsquo;ONU, la Terre se dirige vers un r\u00e9chauffement de 2,8 degr\u00e9s","datePublished":"2025-11-05T08:17:09+00:00","dateModified":"2025-11-05T08:17:09+00:00","mainEntityOfPage":{"@id":"https:\/\/vieassociative.be\/actualites\/selon-lonu-la-terre-se-dirige-vers-un-rechauffement-de-28-degres\/"},"wordCount":836,"publisher":{"@id":"https:\/\/vieassociative.be\/actualites\/#organization"},"image":{"@id":"https:\/\/vieassociative.be\/actualites\/selon-lonu-la-terre-se-dirige-vers-un-rechauffement-de-28-degres\/#primaryimage"},"thumbnailUrl":"https:\/\/vieassociative.be\/actualites\/wp-content\/uploads\/2025\/11\/1762330630_Selon-lONU-la-Terre-se-dirige-vers-un-rechauffement-de.jpeg","keywords":["degr\u00e9s","dirig\u00e9","lONU","r\u00e9chauffement","selon","terre","vers"],"articleSection":["Belgique"],"inLanguage":"fr-BE"},{"@type":"WebPage","@id":"https:\/\/vieassociative.be\/actualites\/selon-lonu-la-terre-se-dirige-vers-un-rechauffement-de-28-degres\/","url":"https:\/\/vieassociative.be\/actualites\/selon-lonu-la-terre-se-dirige-vers-un-rechauffement-de-28-degres\/","name":"Selon l'ONU, la Terre se dirige vers un r\u00e9chauffement de 2,8 degr\u00e9s | Vie Associative","isPartOf":{"@id":"https:\/\/vieassociative.be\/actualites\/#website"},"primaryImageOfPage":{"@id":"https:\/\/vieassociative.be\/actualites\/selon-lonu-la-terre-se-dirige-vers-un-rechauffement-de-28-degres\/#primaryimage"},"image":{"@id":"https:\/\/vieassociative.be\/actualites\/selon-lonu-la-terre-se-dirige-vers-un-rechauffement-de-28-degres\/#primaryimage"},"thumbnailUrl":"https:\/\/vieassociative.be\/actualites\/wp-content\/uploads\/2025\/11\/1762330630_Selon-lONU-la-Terre-se-dirige-vers-un-rechauffement-de.jpeg","datePublished":"2025-11-05T08:17:09+00:00","dateModified":"2025-11-05T08:17:09+00:00","breadcrumb":{"@id":"https:\/\/vieassociative.be\/actualites\/selon-lonu-la-terre-se-dirige-vers-un-rechauffement-de-28-degres\/#breadcrumb"},"inLanguage":"fr-BE","potentialAction":[{"@type":"ReadAction","target":["https:\/\/vieassociative.be\/actualites\/selon-lonu-la-terre-se-dirige-vers-un-rechauffement-de-28-degres\/"]}]},{"@type":"ImageObject","inLanguage":"fr-BE","@id":"https:\/\/vieassociative.be\/actualites\/selon-lonu-la-terre-se-dirige-vers-un-rechauffement-de-28-degres\/#primaryimage","url":"https:\/\/vieassociative.be\/actualites\/wp-content\/uploads\/2025\/11\/1762330630_Selon-lONU-la-Terre-se-dirige-vers-un-rechauffement-de.jpeg","contentUrl":"https:\/\/vieassociative.be\/actualites\/wp-content\/uploads\/2025\/11\/1762330630_Selon-lONU-la-Terre-se-dirige-vers-un-rechauffement-de.jpeg","width":1200,"height":900,"caption":"Selon l'ONU, la Terre se dirige vers un r\u00e9chauffement de 2,8 degr\u00e9s"},{"@type":"BreadcrumbList","@id":"https:\/\/vieassociative.be\/actualites\/selon-lonu-la-terre-se-dirige-vers-un-rechauffement-de-28-degres\/#breadcrumb","itemListElement":[{"@type":"ListItem","position":1,"name":"Accueil","item":"https:\/\/vieassociative.be\/actualites\/"},{"@type":"ListItem","position":2,"name":"Selon l&rsquo;ONU, la Terre se dirige vers un r\u00e9chauffement de 2,8 degr\u00e9s"}]},{"@type":"WebSite","@id":"https:\/\/vieassociative.be\/actualites\/#website","url":"https:\/\/vieassociative.be\/actualites\/","name":"Vie Associative","description":"","publisher":{"@id":"https:\/\/vieassociative.be\/actualites\/#organization"},"potentialAction":[{"@type":"SearchAction","target":{"@type":"EntryPoint","urlTemplate":"https:\/\/vieassociative.be\/actualites\/?s={search_term_string}"},"query-input":{"@type":"PropertyValueSpecification","valueRequired":true,"valueName":"search_term_string"}}],"inLanguage":"fr-BE"},{"@type":"Organization","@id":"https:\/\/vieassociative.be\/actualites\/#organization","name":"Vie Associative","url":"https:\/\/vieassociative.be\/actualites\/","logo":{"@type":"ImageObject","inLanguage":"fr-BE","@id":"https:\/\/vieassociative.be\/actualites\/#\/schema\/logo\/image\/","url":"https:\/\/vieassociative.be\/actualites\/wp-content\/uploads\/2024\/09\/cropped-vieassociative_favicon.ico.png","contentUrl":"https:\/\/vieassociative.be\/actualites\/wp-content\/uploads\/2024\/09\/cropped-vieassociative_favicon.ico.png","width":512,"height":512,"caption":"Vie Associative"},"image":{"@id":"https:\/\/vieassociative.be\/actualites\/#\/schema\/logo\/image\/"}},{"@type":"Person","@id":"https:\/\/vieassociative.be\/actualites\/#\/schema\/person\/b87ac4f82f9d4e7b7cec7395b679edc4","name":"Julien","image":{"@type":"ImageObject","inLanguage":"fr-BE","@id":"https:\/\/vieassociative.be\/actualites\/#\/schema\/person\/image\/","url":"https:\/\/vieassociative.be\/actualites\/wp-content\/uploads\/2024\/09\/vie-associative-1-150x150.jpg","contentUrl":"https:\/\/vieassociative.be\/actualites\/wp-content\/uploads\/2024\/09\/vie-associative-1-150x150.jpg","caption":"Julien"},"description":"Je suis Julien, r\u00e9dacteur pour Vie Associative. Passionn\u00e9 par le monde associatif depuis plus de 10 ans, j'ai \u00e0 c\u0153ur de partager des histoires inspirantes et de mettre en lumi\u00e8re les initiatives locales. Mon objectif est de sensibiliser et d'encourager l'engagement communautaire \u00e0 travers mes articles.","sameAs":["https:\/\/vieassociative.be\/"]}]}},"_links":{"self":[{"href":"https:\/\/vieassociative.be\/actualites\/wp-json\/wp\/v2\/posts\/11120"}],"collection":[{"href":"https:\/\/vieassociative.be\/actualites\/wp-json\/wp\/v2\/posts"}],"about":[{"href":"https:\/\/vieassociative.be\/actualites\/wp-json\/wp\/v2\/types\/post"}],"author":[{"embeddable":true,"href":"https:\/\/vieassociative.be\/actualites\/wp-json\/wp\/v2\/users\/1"}],"replies":[{"embeddable":true,"href":"https:\/\/vieassociative.be\/actualites\/wp-json\/wp\/v2\/comments?post=11120"}],"version-history":[{"count":0,"href":"https:\/\/vieassociative.be\/actualites\/wp-json\/wp\/v2\/posts\/11120\/revisions"}],"wp:featuredmedia":[{"embeddable":true,"href":"https:\/\/vieassociative.be\/actualites\/wp-json\/wp\/v2\/media\/11121"}],"wp:attachment":[{"href":"https:\/\/vieassociative.be\/actualites\/wp-json\/wp\/v2\/media?parent=11120"}],"wp:term":[{"taxonomy":"category","embeddable":true,"href":"https:\/\/vieassociative.be\/actualites\/wp-json\/wp\/v2\/categories?post=11120"},{"taxonomy":"post_tag","embeddable":true,"href":"https:\/\/vieassociative.be\/actualites\/wp-json\/wp\/v2\/tags?post=11120"}],"curies":[{"name":"wp","href":"https:\/\/api.w.org\/{rel}","templated":true}]}}