{"id":11113,"date":"2025-11-05T03:16:59","date_gmt":"2025-11-05T02:16:59","guid":{"rendered":"https:\/\/vieassociative.be\/actualites\/malgre-le-rouge-pour-diaz-le-fc-bayern-sest-impose-2-1-au-paris-sg-lunion-saint-gilloise-a-perdu-honorablement-1-3-a-madrid\/"},"modified":"2025-11-05T03:16:59","modified_gmt":"2025-11-05T02:16:59","slug":"malgre-le-rouge-pour-diaz-le-fc-bayern-sest-impose-2-1-au-paris-sg-lunion-saint-gilloise-a-perdu-honorablement-1-3-a-madrid","status":"publish","type":"post","link":"https:\/\/vieassociative.be\/actualites\/malgre-le-rouge-pour-diaz-le-fc-bayern-sest-impose-2-1-au-paris-sg-lunion-saint-gilloise-a-perdu-honorablement-1-3-a-madrid\/","title":{"rendered":"Malgr\u00e9 le rouge pour Diaz, le FC Bayern s&rsquo;est impos\u00e9 2-1 au Paris SG \u2013 l&rsquo;Union Saint-Gilloise a perdu honorablement 1-3 \u00e0 Madrid"},"content":{"rendered":"<p><strong>M\u00eame en inf\u00e9riorit\u00e9 num\u00e9rique, le Bayern Munich a r\u00e9sist\u00e9 \u00e0 la pression du PSG et s&rsquo;est impos\u00e9 2-1 face aux champions en titre. La 16\u00e8me victoire cons\u00e9cutive pour l&rsquo;entra\u00eeneur Vincent Kompany et son \u00e9quipe. Pendant ce temps, l&rsquo;Union Saint-Gilloise, championne de Belgique, a perdu 3-1 \u00e0 l&rsquo;Atl\u00e9tico Madrid.<\/strong><\/p>\n<p><span id=\"more-428938\"><\/span>Malgr\u00e9 une inf\u00e9riorit\u00e9 num\u00e9rique pendant 45 minutes, le FC Bayern a \u00e9galement remport\u00e9 le choc de la Ligue des Champions au Paris Saint-Germain. Gr\u00e2ce \u00e0 deux buts de Luis D\u00edaz, Munich s&rsquo;est impos\u00e9 2-1 au Prinzenpark et a c\u00e9l\u00e9br\u00e9 sa 16e victoire lors de son 16e match de comp\u00e9tition.<\/p>\n<div id=\"attachment_428948\" class=\"wp-caption alignleft\" style=\"max-width: 300px\"><img fetchpriority=\"high\" decoding=\"async\" class=\"wp-image-428948 size-medium\" src=\"https:\/\/vieassociative.be\/actualites\/wp-content\/uploads\/2025\/11\/Malgre-le-rouge-pour-Diaz-le-FC-Bayern-sest-impose.jpg\" alt=\"\" width=\"300\" height=\"213\"><\/div>\n<p>Cependant, la seconde mi-temps s&rsquo;est transform\u00e9e en une bataille d\u00e9fensive apr\u00e8s que le double buteur D\u00edaz ait re\u00e7u un carton rouge juste avant la mi-temps apr\u00e8s un tacle violent.<\/p>\n<p>D\u00edaz a pris l&rsquo;avantage d\u00e8s la quatri\u00e8me minute. Les champions d&rsquo;Allemagne ont ensuite eu d&rsquo;autres opportunit\u00e9s de premier ordre. La victoire 2-0 du Colombien est amplement m\u00e9rit\u00e9e, m\u00eame si le d\u00e9fenseur du PSG Marquinhos commet une grave erreur (32e).<\/p>\n<p>Lorsqu&rsquo;ils \u00e9taient en inf\u00e9riorit\u00e9 num\u00e9rique, les comp\u00e9tences d\u00e9fensives du Bayern ont \u00e9t\u00e9 sollicit\u00e9es. Mais le champion de France n&rsquo;a pu faire plus que d&rsquo;inscrire un but de Joao Neves (74e).<\/p>\n<div id=\"attachment_428936\" class=\"wp-caption alignleft\" style=\"max-width: 300px\"><img decoding=\"async\" class=\"wp-image-428936 size-medium\" src=\"https:\/\/vieassociative.be\/actualites\/wp-content\/uploads\/2025\/11\/1762309019_48_Malgre-le-rouge-pour-Diaz-le-FC-Bayern-sest-impose.jpg\" alt=\"\" width=\"300\" height=\"200\"><\/div>\n<p>Apr\u00e8s deux d\u00e9faites 4-0 au Lotto Park contre Newcastle et l&rsquo;Inter Milan, l&rsquo;Union Saint-Gilloise a \u00e9vit\u00e9 une nouvelle d\u00e9faite en Ligue des Champions et a m\u00eame pu esp\u00e9rer une \u00e9galisation jusqu&rsquo;\u00e0 la derni\u00e8re minute face \u00e0 l&rsquo;Atl\u00e9tico Madrid.<\/p>\n<p>Les Madril\u00e8nes, peu inspir\u00e9s, ont laiss\u00e9 jusqu&rsquo;au bout des Bruxellois courageux et bien organis\u00e9s croire en leur victoire. Finalement, il y eut une nouvelle d\u00e9faite, mais cette fois avec honneur.<\/p>\n<p>Avant le match, l&rsquo;Union esp\u00e9rait voler un point \u00e0 Madrid et \u00e0 la 95e minute, cela est presque devenu r\u00e9alit\u00e9. Patris a eu la chance de porter le score \u00e0 2-2 \u00e0 bout portant, mais il a dirig\u00e9 le ballon trop loin. Le gardien madril\u00e8ne Oblak n&rsquo;a donc pas \u00e9t\u00e9 vraiment test\u00e9 car il a re\u00e7u le ballon directement dans sa direction.<\/p>\n<p>En fin de compte, la situation est devenue encore plus am\u00e8re pour l&rsquo;Union puisque Llorente a marqu\u00e9 3-1 apr\u00e8s un rebond. L&rsquo;Union a donc rat\u00e9 l&rsquo;occasion d&rsquo;un point en or, car il y avait d\u00e9finitivement quelque chose \u00e0 gagner contre l&rsquo;Atl\u00e9tico. (dpa\/cr\u00e9)<\/p>\n","protected":false},"excerpt":{"rendered":"<p>M\u00eame en inf\u00e9riorit\u00e9 num\u00e9rique, le Bayern Munich a r\u00e9sist\u00e9 \u00e0 la pression du PSG et s&rsquo;est impos\u00e9 2-1 face aux champions en titre. La 16\u00e8me<\/p>\n","protected":false},"author":1,"featured_media":11114,"comment_status":"","ping_status":"","sticky":false,"template":"","format":"standard","meta":{"footnotes":""},"categories":[298],"tags":[2298,9149,6097,7620,1143,2301,4205,2447,2207,81,2556,2502,3119],"class_list":["post-11113","post","type-post","status-publish","format-standard","has-post-thumbnail","hentry","category-belgique","tag-bayern","tag-diaz","tag-honorablement","tag-impose","tag-lunion","tag-madrid","tag-malgre","tag-paris","tag-perdu","tag-pour","tag-rouge","tag-saintgilloise","tag-sest","generate-columns","tablet-grid-50","mobile-grid-100","grid-parent","grid-33"],"yoast_head":"<!-- This site is optimized with the Yoast SEO plugin v24.0 - https:\/\/yoast.com\/wordpress\/plugins\/seo\/ -->\n<title>Malgr\u00e9 le rouge pour Diaz, le FC Bayern s&#039;est impos\u00e9 2-1 au Paris SG \u2013 l&#039;Union Saint-Gilloise a perdu honorablement 1-3 \u00e0 Madrid | Vie Associative<\/title>\n<meta name=\"robots\" content=\"index, follow, max-snippet:-1, max-image-preview:large, max-video-preview:-1\" \/>\n<link rel=\"canonical\" href=\"https:\/\/vieassociative.be\/actualites\/malgre-le-rouge-pour-diaz-le-fc-bayern-sest-impose-2-1-au-paris-sg-lunion-saint-gilloise-a-perdu-honorablement-1-3-a-madrid\/\" \/>\n<meta property=\"og:locale\" content=\"fr_FR\" \/>\n<meta property=\"og:type\" content=\"article\" \/>\n<meta property=\"og:title\" content=\"Malgr\u00e9 le rouge pour Diaz, le FC Bayern s&#039;est impos\u00e9 2-1 au Paris SG \u2013 l&#039;Union Saint-Gilloise a perdu honorablement 1-3 \u00e0 Madrid | Vie Associative\" \/>\n<meta property=\"og:description\" content=\"M\u00eame en inf\u00e9riorit\u00e9 num\u00e9rique, le Bayern Munich a r\u00e9sist\u00e9 \u00e0 la pression du PSG et s&rsquo;est impos\u00e9 2-1 face aux champions en titre. La 16\u00e8me\" \/>\n<meta property=\"og:url\" content=\"https:\/\/vieassociative.be\/actualites\/malgre-le-rouge-pour-diaz-le-fc-bayern-sest-impose-2-1-au-paris-sg-lunion-saint-gilloise-a-perdu-honorablement-1-3-a-madrid\/\" \/>\n<meta property=\"og:site_name\" content=\"Vie Associative\" \/>\n<meta property=\"article:published_time\" content=\"2025-11-05T02:16:59+00:00\" \/>\n<meta property=\"og:image\" content=\"https:\/\/vieassociative.be\/actualites\/wp-content\/uploads\/2024\/09\/header_backgroundk-01-e1726694325946.png\" \/>\n\t<meta property=\"og:image:width\" content=\"279\" \/>\n\t<meta property=\"og:image:height\" content=\"92\" \/>\n\t<meta property=\"og:image:type\" content=\"image\/png\" \/>\n<meta name=\"author\" content=\"Julien\" \/>\n<meta name=\"twitter:card\" content=\"summary_large_image\" \/>\n<meta name=\"twitter:label1\" content=\"\u00c9crit par\" \/>\n\t<meta name=\"twitter:data1\" content=\"Julien\" \/>\n\t<meta name=\"twitter:label2\" content=\"Dur\u00e9e de lecture est.\" \/>\n\t<meta name=\"twitter:data2\" content=\"2 minutes\" \/>\n<script type=\"application\/ld+json\" class=\"yoast-schema-graph\">{\"@context\":\"https:\/\/schema.org\",\"@graph\":[{\"@type\":\"Article\",\"@id\":\"https:\/\/vieassociative.be\/actualites\/malgre-le-rouge-pour-diaz-le-fc-bayern-sest-impose-2-1-au-paris-sg-lunion-saint-gilloise-a-perdu-honorablement-1-3-a-madrid\/#article\",\"isPartOf\":{\"@id\":\"https:\/\/vieassociative.be\/actualites\/malgre-le-rouge-pour-diaz-le-fc-bayern-sest-impose-2-1-au-paris-sg-lunion-saint-gilloise-a-perdu-honorablement-1-3-a-madrid\/\"},\"author\":{\"name\":\"Julien\",\"@id\":\"https:\/\/vieassociative.be\/actualites\/#\/schema\/person\/b87ac4f82f9d4e7b7cec7395b679edc4\"},\"headline\":\"Malgr\u00e9 le rouge pour Diaz, le FC Bayern s&rsquo;est impos\u00e9 2-1 au Paris SG \u2013 l&rsquo;Union Saint-Gilloise a perdu honorablement 1-3 \u00e0 Madrid\",\"datePublished\":\"2025-11-05T02:16:59+00:00\",\"dateModified\":\"2025-11-05T02:16:59+00:00\",\"mainEntityOfPage\":{\"@id\":\"https:\/\/vieassociative.be\/actualites\/malgre-le-rouge-pour-diaz-le-fc-bayern-sest-impose-2-1-au-paris-sg-lunion-saint-gilloise-a-perdu-honorablement-1-3-a-madrid\/\"},\"wordCount\":456,\"publisher\":{\"@id\":\"https:\/\/vieassociative.be\/actualites\/#organization\"},\"image\":{\"@id\":\"https:\/\/vieassociative.be\/actualites\/malgre-le-rouge-pour-diaz-le-fc-bayern-sest-impose-2-1-au-paris-sg-lunion-saint-gilloise-a-perdu-honorablement-1-3-a-madrid\/#primaryimage\"},\"thumbnailUrl\":\"https:\/\/vieassociative.be\/actualites\/wp-content\/uploads\/2025\/11\/1762309019_Malgre-le-rouge-pour-Diaz-le-FC-Bayern-sest-impose.jpg\",\"keywords\":[\"Bayern\",\"Diaz\",\"honorablement\",\"impose\",\"lUnion\",\"Madrid\",\"malgr\u00e9\",\"Paris\",\"perdu\",\"pour\",\"rouge\",\"SaintGilloise\",\"sest\"],\"articleSection\":[\"Belgique\"],\"inLanguage\":\"fr-BE\"},{\"@type\":\"WebPage\",\"@id\":\"https:\/\/vieassociative.be\/actualites\/malgre-le-rouge-pour-diaz-le-fc-bayern-sest-impose-2-1-au-paris-sg-lunion-saint-gilloise-a-perdu-honorablement-1-3-a-madrid\/\",\"url\":\"https:\/\/vieassociative.be\/actualites\/malgre-le-rouge-pour-diaz-le-fc-bayern-sest-impose-2-1-au-paris-sg-lunion-saint-gilloise-a-perdu-honorablement-1-3-a-madrid\/\",\"name\":\"Malgr\u00e9 le rouge pour Diaz, le FC Bayern s'est impos\u00e9 2-1 au Paris SG \u2013 l'Union Saint-Gilloise a perdu honorablement 1-3 \u00e0 Madrid | Vie Associative\",\"isPartOf\":{\"@id\":\"https:\/\/vieassociative.be\/actualites\/#website\"},\"primaryImageOfPage\":{\"@id\":\"https:\/\/vieassociative.be\/actualites\/malgre-le-rouge-pour-diaz-le-fc-bayern-sest-impose-2-1-au-paris-sg-lunion-saint-gilloise-a-perdu-honorablement-1-3-a-madrid\/#primaryimage\"},\"image\":{\"@id\":\"https:\/\/vieassociative.be\/actualites\/malgre-le-rouge-pour-diaz-le-fc-bayern-sest-impose-2-1-au-paris-sg-lunion-saint-gilloise-a-perdu-honorablement-1-3-a-madrid\/#primaryimage\"},\"thumbnailUrl\":\"https:\/\/vieassociative.be\/actualites\/wp-content\/uploads\/2025\/11\/1762309019_Malgre-le-rouge-pour-Diaz-le-FC-Bayern-sest-impose.jpg\",\"datePublished\":\"2025-11-05T02:16:59+00:00\",\"dateModified\":\"2025-11-05T02:16:59+00:00\",\"breadcrumb\":{\"@id\":\"https:\/\/vieassociative.be\/actualites\/malgre-le-rouge-pour-diaz-le-fc-bayern-sest-impose-2-1-au-paris-sg-lunion-saint-gilloise-a-perdu-honorablement-1-3-a-madrid\/#breadcrumb\"},\"inLanguage\":\"fr-BE\",\"potentialAction\":[{\"@type\":\"ReadAction\",\"target\":[\"https:\/\/vieassociative.be\/actualites\/malgre-le-rouge-pour-diaz-le-fc-bayern-sest-impose-2-1-au-paris-sg-lunion-saint-gilloise-a-perdu-honorablement-1-3-a-madrid\/\"]}]},{\"@type\":\"ImageObject\",\"inLanguage\":\"fr-BE\",\"@id\":\"https:\/\/vieassociative.be\/actualites\/malgre-le-rouge-pour-diaz-le-fc-bayern-sest-impose-2-1-au-paris-sg-lunion-saint-gilloise-a-perdu-honorablement-1-3-a-madrid\/#primaryimage\",\"url\":\"https:\/\/vieassociative.be\/actualites\/wp-content\/uploads\/2025\/11\/1762309019_Malgre-le-rouge-pour-Diaz-le-FC-Bayern-sest-impose.jpg\",\"contentUrl\":\"https:\/\/vieassociative.be\/actualites\/wp-content\/uploads\/2025\/11\/1762309019_Malgre-le-rouge-pour-Diaz-le-FC-Bayern-sest-impose.jpg\",\"width\":1200,\"height\":691,\"caption\":\"Malgr\u00e9 le rouge pour Diaz, le FC Bayern s'est impos\u00e9 2-1 au Paris SG \u2013 l'Union Saint-Gilloise a perdu honorablement 1-3 \u00e0 Madrid\"},{\"@type\":\"BreadcrumbList\",\"@id\":\"https:\/\/vieassociative.be\/actualites\/malgre-le-rouge-pour-diaz-le-fc-bayern-sest-impose-2-1-au-paris-sg-lunion-saint-gilloise-a-perdu-honorablement-1-3-a-madrid\/#breadcrumb\",\"itemListElement\":[{\"@type\":\"ListItem\",\"position\":1,\"name\":\"Accueil\",\"item\":\"https:\/\/vieassociative.be\/actualites\/\"},{\"@type\":\"ListItem\",\"position\":2,\"name\":\"Malgr\u00e9 le rouge pour Diaz, le FC Bayern s&rsquo;est impos\u00e9 2-1 au Paris SG \u2013 l&rsquo;Union Saint-Gilloise a perdu honorablement 1-3 \u00e0 Madrid\"}]},{\"@type\":\"WebSite\",\"@id\":\"https:\/\/vieassociative.be\/actualites\/#website\",\"url\":\"https:\/\/vieassociative.be\/actualites\/\",\"name\":\"Vie Associative\",\"description\":\"\",\"publisher\":{\"@id\":\"https:\/\/vieassociative.be\/actualites\/#organization\"},\"potentialAction\":[{\"@type\":\"SearchAction\",\"target\":{\"@type\":\"EntryPoint\",\"urlTemplate\":\"https:\/\/vieassociative.be\/actualites\/?s={search_term_string}\"},\"query-input\":{\"@type\":\"PropertyValueSpecification\",\"valueRequired\":true,\"valueName\":\"search_term_string\"}}],\"inLanguage\":\"fr-BE\"},{\"@type\":\"Organization\",\"@id\":\"https:\/\/vieassociative.be\/actualites\/#organization\",\"name\":\"Vie Associative\",\"url\":\"https:\/\/vieassociative.be\/actualites\/\",\"logo\":{\"@type\":\"ImageObject\",\"inLanguage\":\"fr-BE\",\"@id\":\"https:\/\/vieassociative.be\/actualites\/#\/schema\/logo\/image\/\",\"url\":\"https:\/\/vieassociative.be\/actualites\/wp-content\/uploads\/2024\/09\/cropped-vieassociative_favicon.ico.png\",\"contentUrl\":\"https:\/\/vieassociative.be\/actualites\/wp-content\/uploads\/2024\/09\/cropped-vieassociative_favicon.ico.png\",\"width\":512,\"height\":512,\"caption\":\"Vie Associative\"},\"image\":{\"@id\":\"https:\/\/vieassociative.be\/actualites\/#\/schema\/logo\/image\/\"}},{\"@type\":\"Person\",\"@id\":\"https:\/\/vieassociative.be\/actualites\/#\/schema\/person\/b87ac4f82f9d4e7b7cec7395b679edc4\",\"name\":\"Julien\",\"image\":{\"@type\":\"ImageObject\",\"inLanguage\":\"fr-BE\",\"@id\":\"https:\/\/vieassociative.be\/actualites\/#\/schema\/person\/image\/\",\"url\":\"https:\/\/vieassociative.be\/actualites\/wp-content\/uploads\/2024\/09\/vie-associative-1-150x150.jpg\",\"contentUrl\":\"https:\/\/vieassociative.be\/actualites\/wp-content\/uploads\/2024\/09\/vie-associative-1-150x150.jpg\",\"caption\":\"Julien\"},\"description\":\"Je suis Julien, r\u00e9dacteur pour Vie Associative. Passionn\u00e9 par le monde associatif depuis plus de 10 ans, j'ai \u00e0 c\u0153ur de partager des histoires inspirantes et de mettre en lumi\u00e8re les initiatives locales. Mon objectif est de sensibiliser et d'encourager l'engagement communautaire \u00e0 travers mes articles.\",\"sameAs\":[\"https:\/\/vieassociative.be\/\"]}]}<\/script>\n<!-- \/ Yoast SEO plugin. -->","yoast_head_json":{"title":"Malgr\u00e9 le rouge pour Diaz, le FC Bayern s'est impos\u00e9 2-1 au Paris SG \u2013 l'Union Saint-Gilloise a perdu honorablement 1-3 \u00e0 Madrid | Vie Associative","robots":{"index":"index","follow":"follow","max-snippet":"max-snippet:-1","max-image-preview":"max-image-preview:large","max-video-preview":"max-video-preview:-1"},"canonical":"https:\/\/vieassociative.be\/actualites\/malgre-le-rouge-pour-diaz-le-fc-bayern-sest-impose-2-1-au-paris-sg-lunion-saint-gilloise-a-perdu-honorablement-1-3-a-madrid\/","og_locale":"fr_FR","og_type":"article","og_title":"Malgr\u00e9 le rouge pour Diaz, le FC Bayern s'est impos\u00e9 2-1 au Paris SG \u2013 l'Union Saint-Gilloise a perdu honorablement 1-3 \u00e0 Madrid | Vie Associative","og_description":"M\u00eame en inf\u00e9riorit\u00e9 num\u00e9rique, le Bayern Munich a r\u00e9sist\u00e9 \u00e0 la pression du PSG et s&rsquo;est impos\u00e9 2-1 face aux champions en titre. La 16\u00e8me","og_url":"https:\/\/vieassociative.be\/actualites\/malgre-le-rouge-pour-diaz-le-fc-bayern-sest-impose-2-1-au-paris-sg-lunion-saint-gilloise-a-perdu-honorablement-1-3-a-madrid\/","og_site_name":"Vie Associative","article_published_time":"2025-11-05T02:16:59+00:00","og_image":[{"width":279,"height":92,"url":"https:\/\/vieassociative.be\/actualites\/wp-content\/uploads\/2024\/09\/header_backgroundk-01-e1726694325946.png","type":"image\/png"}],"author":"Julien","twitter_card":"summary_large_image","twitter_misc":{"\u00c9crit par":"Julien","Dur\u00e9e de lecture est.":"2 minutes"},"schema":{"@context":"https:\/\/schema.org","@graph":[{"@type":"Article","@id":"https:\/\/vieassociative.be\/actualites\/malgre-le-rouge-pour-diaz-le-fc-bayern-sest-impose-2-1-au-paris-sg-lunion-saint-gilloise-a-perdu-honorablement-1-3-a-madrid\/#article","isPartOf":{"@id":"https:\/\/vieassociative.be\/actualites\/malgre-le-rouge-pour-diaz-le-fc-bayern-sest-impose-2-1-au-paris-sg-lunion-saint-gilloise-a-perdu-honorablement-1-3-a-madrid\/"},"author":{"name":"Julien","@id":"https:\/\/vieassociative.be\/actualites\/#\/schema\/person\/b87ac4f82f9d4e7b7cec7395b679edc4"},"headline":"Malgr\u00e9 le rouge pour Diaz, le FC Bayern s&rsquo;est impos\u00e9 2-1 au Paris SG \u2013 l&rsquo;Union Saint-Gilloise a perdu honorablement 1-3 \u00e0 Madrid","datePublished":"2025-11-05T02:16:59+00:00","dateModified":"2025-11-05T02:16:59+00:00","mainEntityOfPage":{"@id":"https:\/\/vieassociative.be\/actualites\/malgre-le-rouge-pour-diaz-le-fc-bayern-sest-impose-2-1-au-paris-sg-lunion-saint-gilloise-a-perdu-honorablement-1-3-a-madrid\/"},"wordCount":456,"publisher":{"@id":"https:\/\/vieassociative.be\/actualites\/#organization"},"image":{"@id":"https:\/\/vieassociative.be\/actualites\/malgre-le-rouge-pour-diaz-le-fc-bayern-sest-impose-2-1-au-paris-sg-lunion-saint-gilloise-a-perdu-honorablement-1-3-a-madrid\/#primaryimage"},"thumbnailUrl":"https:\/\/vieassociative.be\/actualites\/wp-content\/uploads\/2025\/11\/1762309019_Malgre-le-rouge-pour-Diaz-le-FC-Bayern-sest-impose.jpg","keywords":["Bayern","Diaz","honorablement","impose","lUnion","Madrid","malgr\u00e9","Paris","perdu","pour","rouge","SaintGilloise","sest"],"articleSection":["Belgique"],"inLanguage":"fr-BE"},{"@type":"WebPage","@id":"https:\/\/vieassociative.be\/actualites\/malgre-le-rouge-pour-diaz-le-fc-bayern-sest-impose-2-1-au-paris-sg-lunion-saint-gilloise-a-perdu-honorablement-1-3-a-madrid\/","url":"https:\/\/vieassociative.be\/actualites\/malgre-le-rouge-pour-diaz-le-fc-bayern-sest-impose-2-1-au-paris-sg-lunion-saint-gilloise-a-perdu-honorablement-1-3-a-madrid\/","name":"Malgr\u00e9 le rouge pour Diaz, le FC Bayern s'est impos\u00e9 2-1 au Paris SG \u2013 l'Union Saint-Gilloise a perdu honorablement 1-3 \u00e0 Madrid | Vie Associative","isPartOf":{"@id":"https:\/\/vieassociative.be\/actualites\/#website"},"primaryImageOfPage":{"@id":"https:\/\/vieassociative.be\/actualites\/malgre-le-rouge-pour-diaz-le-fc-bayern-sest-impose-2-1-au-paris-sg-lunion-saint-gilloise-a-perdu-honorablement-1-3-a-madrid\/#primaryimage"},"image":{"@id":"https:\/\/vieassociative.be\/actualites\/malgre-le-rouge-pour-diaz-le-fc-bayern-sest-impose-2-1-au-paris-sg-lunion-saint-gilloise-a-perdu-honorablement-1-3-a-madrid\/#primaryimage"},"thumbnailUrl":"https:\/\/vieassociative.be\/actualites\/wp-content\/uploads\/2025\/11\/1762309019_Malgre-le-rouge-pour-Diaz-le-FC-Bayern-sest-impose.jpg","datePublished":"2025-11-05T02:16:59+00:00","dateModified":"2025-11-05T02:16:59+00:00","breadcrumb":{"@id":"https:\/\/vieassociative.be\/actualites\/malgre-le-rouge-pour-diaz-le-fc-bayern-sest-impose-2-1-au-paris-sg-lunion-saint-gilloise-a-perdu-honorablement-1-3-a-madrid\/#breadcrumb"},"inLanguage":"fr-BE","potentialAction":[{"@type":"ReadAction","target":["https:\/\/vieassociative.be\/actualites\/malgre-le-rouge-pour-diaz-le-fc-bayern-sest-impose-2-1-au-paris-sg-lunion-saint-gilloise-a-perdu-honorablement-1-3-a-madrid\/"]}]},{"@type":"ImageObject","inLanguage":"fr-BE","@id":"https:\/\/vieassociative.be\/actualites\/malgre-le-rouge-pour-diaz-le-fc-bayern-sest-impose-2-1-au-paris-sg-lunion-saint-gilloise-a-perdu-honorablement-1-3-a-madrid\/#primaryimage","url":"https:\/\/vieassociative.be\/actualites\/wp-content\/uploads\/2025\/11\/1762309019_Malgre-le-rouge-pour-Diaz-le-FC-Bayern-sest-impose.jpg","contentUrl":"https:\/\/vieassociative.be\/actualites\/wp-content\/uploads\/2025\/11\/1762309019_Malgre-le-rouge-pour-Diaz-le-FC-Bayern-sest-impose.jpg","width":1200,"height":691,"caption":"Malgr\u00e9 le rouge pour Diaz, le FC Bayern s'est impos\u00e9 2-1 au Paris SG \u2013 l'Union Saint-Gilloise a perdu honorablement 1-3 \u00e0 Madrid"},{"@type":"BreadcrumbList","@id":"https:\/\/vieassociative.be\/actualites\/malgre-le-rouge-pour-diaz-le-fc-bayern-sest-impose-2-1-au-paris-sg-lunion-saint-gilloise-a-perdu-honorablement-1-3-a-madrid\/#breadcrumb","itemListElement":[{"@type":"ListItem","position":1,"name":"Accueil","item":"https:\/\/vieassociative.be\/actualites\/"},{"@type":"ListItem","position":2,"name":"Malgr\u00e9 le rouge pour Diaz, le FC Bayern s&rsquo;est impos\u00e9 2-1 au Paris SG \u2013 l&rsquo;Union Saint-Gilloise a perdu honorablement 1-3 \u00e0 Madrid"}]},{"@type":"WebSite","@id":"https:\/\/vieassociative.be\/actualites\/#website","url":"https:\/\/vieassociative.be\/actualites\/","name":"Vie Associative","description":"","publisher":{"@id":"https:\/\/vieassociative.be\/actualites\/#organization"},"potentialAction":[{"@type":"SearchAction","target":{"@type":"EntryPoint","urlTemplate":"https:\/\/vieassociative.be\/actualites\/?s={search_term_string}"},"query-input":{"@type":"PropertyValueSpecification","valueRequired":true,"valueName":"search_term_string"}}],"inLanguage":"fr-BE"},{"@type":"Organization","@id":"https:\/\/vieassociative.be\/actualites\/#organization","name":"Vie Associative","url":"https:\/\/vieassociative.be\/actualites\/","logo":{"@type":"ImageObject","inLanguage":"fr-BE","@id":"https:\/\/vieassociative.be\/actualites\/#\/schema\/logo\/image\/","url":"https:\/\/vieassociative.be\/actualites\/wp-content\/uploads\/2024\/09\/cropped-vieassociative_favicon.ico.png","contentUrl":"https:\/\/vieassociative.be\/actualites\/wp-content\/uploads\/2024\/09\/cropped-vieassociative_favicon.ico.png","width":512,"height":512,"caption":"Vie Associative"},"image":{"@id":"https:\/\/vieassociative.be\/actualites\/#\/schema\/logo\/image\/"}},{"@type":"Person","@id":"https:\/\/vieassociative.be\/actualites\/#\/schema\/person\/b87ac4f82f9d4e7b7cec7395b679edc4","name":"Julien","image":{"@type":"ImageObject","inLanguage":"fr-BE","@id":"https:\/\/vieassociative.be\/actualites\/#\/schema\/person\/image\/","url":"https:\/\/vieassociative.be\/actualites\/wp-content\/uploads\/2024\/09\/vie-associative-1-150x150.jpg","contentUrl":"https:\/\/vieassociative.be\/actualites\/wp-content\/uploads\/2024\/09\/vie-associative-1-150x150.jpg","caption":"Julien"},"description":"Je suis Julien, r\u00e9dacteur pour Vie Associative. Passionn\u00e9 par le monde associatif depuis plus de 10 ans, j'ai \u00e0 c\u0153ur de partager des histoires inspirantes et de mettre en lumi\u00e8re les initiatives locales. Mon objectif est de sensibiliser et d'encourager l'engagement communautaire \u00e0 travers mes articles.","sameAs":["https:\/\/vieassociative.be\/"]}]}},"_links":{"self":[{"href":"https:\/\/vieassociative.be\/actualites\/wp-json\/wp\/v2\/posts\/11113"}],"collection":[{"href":"https:\/\/vieassociative.be\/actualites\/wp-json\/wp\/v2\/posts"}],"about":[{"href":"https:\/\/vieassociative.be\/actualites\/wp-json\/wp\/v2\/types\/post"}],"author":[{"embeddable":true,"href":"https:\/\/vieassociative.be\/actualites\/wp-json\/wp\/v2\/users\/1"}],"replies":[{"embeddable":true,"href":"https:\/\/vieassociative.be\/actualites\/wp-json\/wp\/v2\/comments?post=11113"}],"version-history":[{"count":0,"href":"https:\/\/vieassociative.be\/actualites\/wp-json\/wp\/v2\/posts\/11113\/revisions"}],"wp:featuredmedia":[{"embeddable":true,"href":"https:\/\/vieassociative.be\/actualites\/wp-json\/wp\/v2\/media\/11114"}],"wp:attachment":[{"href":"https:\/\/vieassociative.be\/actualites\/wp-json\/wp\/v2\/media?parent=11113"}],"wp:term":[{"taxonomy":"category","embeddable":true,"href":"https:\/\/vieassociative.be\/actualites\/wp-json\/wp\/v2\/categories?post=11113"},{"taxonomy":"post_tag","embeddable":true,"href":"https:\/\/vieassociative.be\/actualites\/wp-json\/wp\/v2\/tags?post=11113"}],"curies":[{"name":"wp","href":"https:\/\/api.w.org\/{rel}","templated":true}]}}